{"id":7566,"date":"2024-08-06T18:16:37","date_gmt":"2024-08-06T15:16:37","guid":{"rendered":"https:\/\/kuzeyinsesi.org\/index.php\/2024\/08\/06\/lefkosa-genclik-gunleri-kapsaminda-iki-toplumlu-konser-ve-halk-danslari-gosterisi-yapildi\/"},"modified":"2024-08-06T18:16:37","modified_gmt":"2024-08-06T15:16:37","slug":"lefkosa-genclik-gunleri-kapsaminda-iki-toplumlu-konser-ve-halk-danslari-gosterisi-yapildi","status":"publish","type":"post","link":"https:\/\/kuzeyinsesi.org\/index.php\/2024\/08\/06\/lefkosa-genclik-gunleri-kapsaminda-iki-toplumlu-konser-ve-halk-danslari-gosterisi-yapildi\/","title":{"rendered":"Lefko\u015fa Gen\u00e7lik G\u00fcnleri kapsam\u0131nda \u201c\u0130ki Toplumlu Konser ve Halk Danslar\u0131 G\u00f6sterisi\u201d yap\u0131ld\u0131"},"content":{"rendered":"<div>\n<div class=\"mariselle-image-container none\">\n                                            <\/div>\n<p style=\"font-weight: 300;\">\u00a0Lefko\u015fa Zahra Sokak\u2019ta, d\u00fcn ak\u015fam, \u201c\u0130ki Toplumlu Konser ve Halk Danslar\u0131 G\u00f6sterisi\u201d yap\u0131ld\u0131. Etkinlik, hem K\u0131br\u0131sl\u0131 T\u00fcrk hem de K\u0131br\u0131sl\u0131 Rum\u00a0 sanat\u00e7\u0131lar\u0131n \u015fark\u0131lar\u0131na ve danslar\u0131na ev sahipli\u011fi yapt\u0131.<\/p>\n<p style=\"font-weight: 300;\">AB Bilgi Merkezi\u2019nden yap\u0131lan a\u00e7\u0131klamaya g\u00f6re, etkinlik, Uluslararas\u0131 Gen\u00e7lik G\u00fcn\u00fc\u2019n\u00fc kutlamak ve gen\u00e7lerin topluma olan hayati katk\u0131lar\u0131n\u0131 vurgulamak amac\u0131yla AB Bilgi Merkezi ve Halk Sanatlar\u0131 Derne\u011fi (HASDER) i\u015fbirli\u011fiyle Lefko\u015fa Gen\u00e7lik G\u00fcnleri kapsam\u0131nda ger\u00e7ekle\u015ftirildi.<\/p>\n<p style=\"font-weight: 300;\">Avrupa Komisyonu Program Destek Ofisi\u2019nden Program M\u00fcd\u00fcr\u00fc Deniz Birinci, HASDER Gen\u00e7lik Kul\u00fcb\u00fc E\u015f Ba\u015fkan\u0131 Seden Selen Beyit ve LTB ba\u015fkan\u0131 Mehmet Harmanc\u0131\u2019n\u0131n a\u00e7\u0131l\u0131\u015f konu\u015fmalar\u0131yla ba\u015flayan etkinlikte, Uluslararas\u0131 Gen\u00e7lik G\u00fcn\u00fc\u2019n\u00fcn \u00f6nemi ve gen\u00e7lerin K\u0131br\u0131s\u2019\u0131n gelece\u011fini \u015fekillendirmedeki rollerinin vurguland\u0131\u011f\u0131 belirtildi.<\/p>\n<p style=\"font-weight: 300;\">A\u00e7\u0131klamada konu\u015fmac\u0131lar, gen\u00e7lerin g\u00fc\u00e7l\u00fc y\u00f6nlerini ve ba\u015far\u0131lar\u0131n\u0131 takdir ederken, ayn\u0131 zamanda g\u00fcn\u00fcm\u00fczde kar\u015f\u0131la\u015ft\u0131klar\u0131 zorluklara dikkat \u00e7ekerek gen\u00e7 ku\u015faklar\u0131n daha fazla kat\u0131l\u0131m\u0131n\u0131n sa\u011flanmas\u0131 ve ba\u015far\u0131lar\u0131n\u0131n kutlanmas\u0131n\u0131n gerekti\u011fini vurgulad\u0131klar\u0131 kaydedildi.<\/p>\n<p style=\"font-weight: 300;\">Etkinlikte, her iki toplumdan gen\u00e7 yetenekleri bir araya getiren \u201cLet\u2019s Sing Together\u201d \u0130ki Toplumlu M\u00fczik Grubu\u2019nun performanslar\u0131 yer ald\u0131.<\/p>\n<p style=\"font-weight: 300;\">Ayr\u0131ca, HASDER ve Klirou K\u00fclt\u00fcr ve Spor Derne\u011fi (PAOK) taraf\u0131ndan oynanan halk danslar\u0131 g\u00f6sterileri de izleyicilerle bulu\u015ftu.<\/p>\n<p style=\"font-weight: 300;\">\u2013 Halka a\u00e7\u0131k bir belgesel film g\u00f6sterimi ve s\u00f6yle\u015fi d\u00fczenlenecek<\/p>\n<p style=\"font-weight: 300;\">Lefko\u015fa Gen\u00e7lik G\u00fcnleri kapsam\u0131nda etkinliklerin devam etti\u011finin kaydedildi\u011fi a\u00e7\u0131klamada, 8 A\u011fustos Per\u015fembe g\u00fcn\u00fc saat 20.00\u2019de AB Bilgi Merkezi\u2019nde halka a\u00e7\u0131k bir belgesel film g\u00f6sterimi ve s\u00f6yle\u015fi d\u00fczenlenecek.<\/p>\n<p style=\"font-weight: 300;\">Y\u00f6netmen Cemal Y\u0131ld\u0131r\u0131m\u2019\u0131n \u201cS\u00fct Babam\u201d adl\u0131 belgeselinin T\u00fcrk\u00e7e dilinde olaca\u011f\u0131, \u0130ngilizce ve Yunanca altyaz\u0131n\u0131n da yer alaca\u011f\u0131n\u0131n belirtildi\u011fi a\u00e7\u0131klamada, g\u00f6sterimin ard\u0131ndan y\u00f6netmen ve belgeselde yer alan ki\u015filerle mini bir s\u00f6yle\u015fi de ger\u00e7ekle\u015ftirilecek.<\/p>\n<p style=\"font-weight: 300;\">A\u00e7\u0131klamada, ayr\u0131ca 12 A\u011fustos Pazartesi g\u00fcn\u00fc saat 19.30\u2019da ise HASDER Gen\u00e7lik Kul\u00fcb\u00fc organizasyonunda AB Bilgi Merkezi\u2019nde gen\u00e7lik sivil toplum \u00f6rg\u00fctleri i\u00e7in bir \u201cYuvarlak Masa\u201d toplant\u0131s\u0131n\u0131n d\u00fczenlenece\u011fini belirtildi.<\/p>\n<p>\u00a0<\/p>\n<p>\u00a0<\/p>\n<\/p><\/div>\n<p><script async\n                    defer\n                    crossorigin=\"anonymous\"\n                    src=\"https:\/\/connect.facebook.net\/tr_TR\/sdk.js#xfbml=1&#038;version=v3.3\"\n            ><\/script><\/p>\n","protected":false},"excerpt":{"rendered":"<p>\u00a0Lefko\u015fa Zahra Sokak\u2019ta, d\u00fcn ak\u015fam, \u201c\u0130ki Toplumlu Konser ve Halk Danslar\u0131 G\u00f6sterisi\u201d yap\u0131ld\u0131. Etkinlik, hem K\u0131br\u0131sl\u0131 T\u00fcrk hem de K\u0131br\u0131sl\u0131 Rum\u00a0 sanat\u00e7\u0131lar\u0131n \u015fark\u0131lar\u0131na ve danslar\u0131na ev sahipli\u011fi yapt\u0131. AB Bilgi Merkezi\u2019nden yap\u0131lan a\u00e7\u0131klamaya g\u00f6re, etkinlik, Uluslararas\u0131 Gen\u00e7lik G\u00fcn\u00fc\u2019n\u00fc kutlamak ve gen\u00e7lerin topluma olan hayati katk\u0131lar\u0131n\u0131 vurgulamak amac\u0131yla AB Bilgi Merkezi ve Halk Sanatlar\u0131 Derne\u011fi (HASDER) [&hellip;]<\/p>\n","protected":false},"author":1,"featured_media":7567,"comment_status":"open","ping_status":"open","sticky":false,"template":"","format":"standard","meta":{"jnews-multi-image_gallery":[],"jnews_single_post":[],"jnews_primary_category":[],"jnews_social_meta":[],"jnews_override_counter":[],"footnotes":""},"categories":[6],"tags":[],"class_list":["post-7566","post","type-post","status-publish","format-standard","has-post-thumbnail","hentry","category-yasam"],"yoast_head":"<!-- This site is optimized with the Yoast SEO plugin v27.5 - https:\/\/yoast.com\/product\/yoast-seo-wordpress\/ -->\n<title>Lefko\u015fa Gen\u00e7lik G\u00fcnleri kapsam\u0131nda \u201c\u0130ki Toplumlu Konser ve Halk Danslar\u0131 G\u00f6sterisi\u201d yap\u0131ld\u0131 - Kuzeyin Sesi<\/title>\n<meta name=\"robots\" content=\"index, follow, max-snippet:-1, max-image-preview:large, max-video-preview:-1\" \/>\n<link rel=\"canonical\" href=\"https:\/\/kuzeyinsesi.org\/index.php\/2024\/08\/06\/lefkosa-genclik-gunleri-kapsaminda-iki-toplumlu-konser-ve-halk-danslari-gosterisi-yapildi\/\" \/>\n<meta property=\"og:locale\" content=\"tr_TR\" \/>\n<meta property=\"og:type\" content=\"article\" \/>\n<meta property=\"og:title\" content=\"Lefko\u015fa Gen\u00e7lik G\u00fcnleri kapsam\u0131nda \u201c\u0130ki Toplumlu Konser ve Halk Danslar\u0131 G\u00f6sterisi\u201d yap\u0131ld\u0131 - Kuzeyin Sesi\" \/>\n<meta property=\"og:description\" content=\"\u00a0Lefko\u015fa Zahra Sokak\u2019ta, d\u00fcn ak\u015fam, \u201c\u0130ki Toplumlu Konser ve Halk Danslar\u0131 G\u00f6sterisi\u201d yap\u0131ld\u0131. Etkinlik, hem K\u0131br\u0131sl\u0131 T\u00fcrk hem de K\u0131br\u0131sl\u0131 Rum\u00a0 sanat\u00e7\u0131lar\u0131n \u015fark\u0131lar\u0131na ve danslar\u0131na ev sahipli\u011fi yapt\u0131. AB Bilgi Merkezi\u2019nden yap\u0131lan a\u00e7\u0131klamaya g\u00f6re, etkinlik, Uluslararas\u0131 Gen\u00e7lik G\u00fcn\u00fc\u2019n\u00fc kutlamak ve gen\u00e7lerin topluma olan hayati katk\u0131lar\u0131n\u0131 vurgulamak amac\u0131yla AB Bilgi Merkezi ve Halk Sanatlar\u0131 Derne\u011fi (HASDER) [&hellip;]\" \/>\n<meta property=\"og:url\" content=\"https:\/\/kuzeyinsesi.org\/index.php\/2024\/08\/06\/lefkosa-genclik-gunleri-kapsaminda-iki-toplumlu-konser-ve-halk-danslari-gosterisi-yapildi\/\" \/>\n<meta property=\"og:site_name\" content=\"Kuzeyin Sesi\" \/>\n<meta property=\"article:publisher\" content=\"https:\/\/www.facebook.com\/kuzeyinsesii\" \/>\n<meta property=\"article:published_time\" content=\"2024-08-06T15:16:37+00:00\" \/>\n<meta property=\"og:image\" content=\"https:\/\/brtk.net\/wp-content\/uploads\/2024\/08\/06\/iki-toplumlu-konser-1-.jpg?ver=28bd14ddfe111ab2816430871b2b021f\" \/>\n<meta name=\"author\" content=\"Kuzeyin Sesi\" \/>\n<meta name=\"twitter:card\" content=\"summary_large_image\" \/>\n<meta name=\"twitter:creator\" content=\"@kuzeyinsesii\" \/>\n<meta name=\"twitter:site\" content=\"@kuzeyinsesii\" \/>\n<meta name=\"twitter:label1\" content=\"Yazan:\" \/>\n\t<meta name=\"twitter:data1\" content=\"Kuzeyin Sesi\" \/>\n\t<meta name=\"twitter:label2\" content=\"Tahmini okuma s\u00fcresi\" \/>\n\t<meta name=\"twitter:data2\" content=\"2 dakika\" \/>\n<script type=\"application\/ld+json\" class=\"yoast-schema-graph\">{\"@context\":\"https:\\\/\\\/schema.org\",\"@graph\":[{\"@type\":\"Article\",\"@id\":\"https:\\\/\\\/kuzeyinsesi.org\\\/index.php\\\/2024\\\/08\\\/06\\\/lefkosa-genclik-gunleri-kapsaminda-iki-toplumlu-konser-ve-halk-danslari-gosterisi-yapildi\\\/#article\",\"isPartOf\":{\"@id\":\"https:\\\/\\\/kuzeyinsesi.org\\\/index.php\\\/2024\\\/08\\\/06\\\/lefkosa-genclik-gunleri-kapsaminda-iki-toplumlu-konser-ve-halk-danslari-gosterisi-yapildi\\\/\"},\"author\":{\"name\":\"Kuzeyin Sesi\",\"@id\":\"https:\\\/\\\/kuzeyinsesi.org\\\/#\\\/schema\\\/person\\\/9f859689cdf01485597712386e37f5aa\"},\"headline\":\"Lefko\u015fa Gen\u00e7lik G\u00fcnleri kapsam\u0131nda \u201c\u0130ki Toplumlu Konser ve Halk Danslar\u0131 G\u00f6sterisi\u201d yap\u0131ld\u0131\",\"datePublished\":\"2024-08-06T15:16:37+00:00\",\"mainEntityOfPage\":{\"@id\":\"https:\\\/\\\/kuzeyinsesi.org\\\/index.php\\\/2024\\\/08\\\/06\\\/lefkosa-genclik-gunleri-kapsaminda-iki-toplumlu-konser-ve-halk-danslari-gosterisi-yapildi\\\/\"},\"wordCount\":431,\"commentCount\":0,\"image\":{\"@id\":\"https:\\\/\\\/kuzeyinsesi.org\\\/index.php\\\/2024\\\/08\\\/06\\\/lefkosa-genclik-gunleri-kapsaminda-iki-toplumlu-konser-ve-halk-danslari-gosterisi-yapildi\\\/#primaryimage\"},\"thumbnailUrl\":\"https:\\\/\\\/kuzeyinsesi.org\\\/wp-content\\\/uploads\\\/2024\\\/08\\\/iki-toplumlu-konser-1-.jpg\",\"articleSection\":[\"Ya\u015fam\"],\"inLanguage\":\"tr\",\"potentialAction\":[{\"@type\":\"CommentAction\",\"name\":\"Comment\",\"target\":[\"https:\\\/\\\/kuzeyinsesi.org\\\/index.php\\\/2024\\\/08\\\/06\\\/lefkosa-genclik-gunleri-kapsaminda-iki-toplumlu-konser-ve-halk-danslari-gosterisi-yapildi\\\/#respond\"]}]},{\"@type\":\"WebPage\",\"@id\":\"https:\\\/\\\/kuzeyinsesi.org\\\/index.php\\\/2024\\\/08\\\/06\\\/lefkosa-genclik-gunleri-kapsaminda-iki-toplumlu-konser-ve-halk-danslari-gosterisi-yapildi\\\/\",\"url\":\"https:\\\/\\\/kuzeyinsesi.org\\\/index.php\\\/2024\\\/08\\\/06\\\/lefkosa-genclik-gunleri-kapsaminda-iki-toplumlu-konser-ve-halk-danslari-gosterisi-yapildi\\\/\",\"name\":\"Lefko\u015fa Gen\u00e7lik G\u00fcnleri kapsam\u0131nda \u201c\u0130ki Toplumlu Konser ve Halk Danslar\u0131 G\u00f6sterisi\u201d yap\u0131ld\u0131 - Kuzeyin Sesi\",\"isPartOf\":{\"@id\":\"https:\\\/\\\/kuzeyinsesi.org\\\/#website\"},\"primaryImageOfPage\":{\"@id\":\"https:\\\/\\\/kuzeyinsesi.org\\\/index.php\\\/2024\\\/08\\\/06\\\/lefkosa-genclik-gunleri-kapsaminda-iki-toplumlu-konser-ve-halk-danslari-gosterisi-yapildi\\\/#primaryimage\"},\"image\":{\"@id\":\"https:\\\/\\\/kuzeyinsesi.org\\\/index.php\\\/2024\\\/08\\\/06\\\/lefkosa-genclik-gunleri-kapsaminda-iki-toplumlu-konser-ve-halk-danslari-gosterisi-yapildi\\\/#primaryimage\"},\"thumbnailUrl\":\"https:\\\/\\\/kuzeyinsesi.org\\\/wp-content\\\/uploads\\\/2024\\\/08\\\/iki-toplumlu-konser-1-.jpg\",\"datePublished\":\"2024-08-06T15:16:37+00:00\",\"author\":{\"@id\":\"https:\\\/\\\/kuzeyinsesi.org\\\/#\\\/schema\\\/person\\\/9f859689cdf01485597712386e37f5aa\"},\"breadcrumb\":{\"@id\":\"https:\\\/\\\/kuzeyinsesi.org\\\/index.php\\\/2024\\\/08\\\/06\\\/lefkosa-genclik-gunleri-kapsaminda-iki-toplumlu-konser-ve-halk-danslari-gosterisi-yapildi\\\/#breadcrumb\"},\"inLanguage\":\"tr\",\"potentialAction\":[{\"@type\":\"ReadAction\",\"target\":[\"https:\\\/\\\/kuzeyinsesi.org\\\/index.php\\\/2024\\\/08\\\/06\\\/lefkosa-genclik-gunleri-kapsaminda-iki-toplumlu-konser-ve-halk-danslari-gosterisi-yapildi\\\/\"]}]},{\"@type\":\"ImageObject\",\"inLanguage\":\"tr\",\"@id\":\"https:\\\/\\\/kuzeyinsesi.org\\\/index.php\\\/2024\\\/08\\\/06\\\/lefkosa-genclik-gunleri-kapsaminda-iki-toplumlu-konser-ve-halk-danslari-gosterisi-yapildi\\\/#primaryimage\",\"url\":\"https:\\\/\\\/kuzeyinsesi.org\\\/wp-content\\\/uploads\\\/2024\\\/08\\\/iki-toplumlu-konser-1-.jpg\",\"contentUrl\":\"https:\\\/\\\/kuzeyinsesi.org\\\/wp-content\\\/uploads\\\/2024\\\/08\\\/iki-toplumlu-konser-1-.jpg\",\"width\":928,\"height\":493},{\"@type\":\"BreadcrumbList\",\"@id\":\"https:\\\/\\\/kuzeyinsesi.org\\\/index.php\\\/2024\\\/08\\\/06\\\/lefkosa-genclik-gunleri-kapsaminda-iki-toplumlu-konser-ve-halk-danslari-gosterisi-yapildi\\\/#breadcrumb\",\"itemListElement\":[{\"@type\":\"ListItem\",\"position\":1,\"name\":\"Anasayfa\",\"item\":\"https:\\\/\\\/kuzeyinsesi.org\\\/\"},{\"@type\":\"ListItem\",\"position\":2,\"name\":\"Lefko\u015fa Gen\u00e7lik G\u00fcnleri kapsam\u0131nda \u201c\u0130ki Toplumlu Konser ve Halk Danslar\u0131 G\u00f6sterisi\u201d yap\u0131ld\u0131\"}]},{\"@type\":\"WebSite\",\"@id\":\"https:\\\/\\\/kuzeyinsesi.org\\\/#website\",\"url\":\"https:\\\/\\\/kuzeyinsesi.org\\\/\",\"name\":\"Kuzeyin Sesi\",\"description\":\"Do\u011fru Haberin Adresi\",\"potentialAction\":[{\"@type\":\"SearchAction\",\"target\":{\"@type\":\"EntryPoint\",\"urlTemplate\":\"https:\\\/\\\/kuzeyinsesi.org\\\/?s={search_term_string}\"},\"query-input\":{\"@type\":\"PropertyValueSpecification\",\"valueRequired\":true,\"valueName\":\"search_term_string\"}}],\"inLanguage\":\"tr\"},{\"@type\":\"Person\",\"@id\":\"https:\\\/\\\/kuzeyinsesi.org\\\/#\\\/schema\\\/person\\\/9f859689cdf01485597712386e37f5aa\",\"name\":\"Kuzeyin Sesi\",\"image\":{\"@type\":\"ImageObject\",\"inLanguage\":\"tr\",\"@id\":\"https:\\\/\\\/secure.gravatar.com\\\/avatar\\\/bab33852abfd8b282518d6ed81826833d77c3c882d9ab608add591ccace47a44?s=96&d=mm&r=g\",\"url\":\"https:\\\/\\\/secure.gravatar.com\\\/avatar\\\/bab33852abfd8b282518d6ed81826833d77c3c882d9ab608add591ccace47a44?s=96&d=mm&r=g\",\"contentUrl\":\"https:\\\/\\\/secure.gravatar.com\\\/avatar\\\/bab33852abfd8b282518d6ed81826833d77c3c882d9ab608add591ccace47a44?s=96&d=mm&r=g\",\"caption\":\"Kuzeyin Sesi\"},\"sameAs\":[\"https:\\\/\\\/kuzeyinsesi.org\"],\"url\":\"https:\\\/\\\/kuzeyinsesi.org\\\/index.php\\\/author\\\/guven\\\/\"}]}<\/script>\n<!-- \/ Yoast SEO plugin. -->","yoast_head_json":{"title":"Lefko\u015fa Gen\u00e7lik G\u00fcnleri kapsam\u0131nda \u201c\u0130ki Toplumlu Konser ve Halk Danslar\u0131 G\u00f6sterisi\u201d yap\u0131ld\u0131 - Kuzeyin Sesi","robots":{"index":"index","follow":"follow","max-snippet":"max-snippet:-1","max-image-preview":"max-image-preview:large","max-video-preview":"max-video-preview:-1"},"canonical":"https:\/\/kuzeyinsesi.org\/index.php\/2024\/08\/06\/lefkosa-genclik-gunleri-kapsaminda-iki-toplumlu-konser-ve-halk-danslari-gosterisi-yapildi\/","og_locale":"tr_TR","og_type":"article","og_title":"Lefko\u015fa Gen\u00e7lik G\u00fcnleri kapsam\u0131nda \u201c\u0130ki Toplumlu Konser ve Halk Danslar\u0131 G\u00f6sterisi\u201d yap\u0131ld\u0131 - Kuzeyin Sesi","og_description":"\u00a0Lefko\u015fa Zahra Sokak\u2019ta, d\u00fcn ak\u015fam, \u201c\u0130ki Toplumlu Konser ve Halk Danslar\u0131 G\u00f6sterisi\u201d yap\u0131ld\u0131. Etkinlik, hem K\u0131br\u0131sl\u0131 T\u00fcrk hem de K\u0131br\u0131sl\u0131 Rum\u00a0 sanat\u00e7\u0131lar\u0131n \u015fark\u0131lar\u0131na ve danslar\u0131na ev sahipli\u011fi yapt\u0131. AB Bilgi Merkezi\u2019nden yap\u0131lan a\u00e7\u0131klamaya g\u00f6re, etkinlik, Uluslararas\u0131 Gen\u00e7lik G\u00fcn\u00fc\u2019n\u00fc kutlamak ve gen\u00e7lerin topluma olan hayati katk\u0131lar\u0131n\u0131 vurgulamak amac\u0131yla AB Bilgi Merkezi ve Halk Sanatlar\u0131 Derne\u011fi (HASDER) [&hellip;]","og_url":"https:\/\/kuzeyinsesi.org\/index.php\/2024\/08\/06\/lefkosa-genclik-gunleri-kapsaminda-iki-toplumlu-konser-ve-halk-danslari-gosterisi-yapildi\/","og_site_name":"Kuzeyin Sesi","article_publisher":"https:\/\/www.facebook.com\/kuzeyinsesii","article_published_time":"2024-08-06T15:16:37+00:00","og_image":[{"url":"https:\/\/brtk.net\/wp-content\/uploads\/2024\/08\/06\/iki-toplumlu-konser-1-.jpg?ver=28bd14ddfe111ab2816430871b2b021f","type":"","width":"","height":""}],"author":"Kuzeyin Sesi","twitter_card":"summary_large_image","twitter_creator":"@kuzeyinsesii","twitter_site":"@kuzeyinsesii","twitter_misc":{"Yazan:":"Kuzeyin Sesi","Tahmini okuma s\u00fcresi":"2 dakika"},"schema":{"@context":"https:\/\/schema.org","@graph":[{"@type":"Article","@id":"https:\/\/kuzeyinsesi.org\/index.php\/2024\/08\/06\/lefkosa-genclik-gunleri-kapsaminda-iki-toplumlu-konser-ve-halk-danslari-gosterisi-yapildi\/#article","isPartOf":{"@id":"https:\/\/kuzeyinsesi.org\/index.php\/2024\/08\/06\/lefkosa-genclik-gunleri-kapsaminda-iki-toplumlu-konser-ve-halk-danslari-gosterisi-yapildi\/"},"author":{"name":"Kuzeyin Sesi","@id":"https:\/\/kuzeyinsesi.org\/#\/schema\/person\/9f859689cdf01485597712386e37f5aa"},"headline":"Lefko\u015fa Gen\u00e7lik G\u00fcnleri kapsam\u0131nda \u201c\u0130ki Toplumlu Konser ve Halk Danslar\u0131 G\u00f6sterisi\u201d yap\u0131ld\u0131","datePublished":"2024-08-06T15:16:37+00:00","mainEntityOfPage":{"@id":"https:\/\/kuzeyinsesi.org\/index.php\/2024\/08\/06\/lefkosa-genclik-gunleri-kapsaminda-iki-toplumlu-konser-ve-halk-danslari-gosterisi-yapildi\/"},"wordCount":431,"commentCount":0,"image":{"@id":"https:\/\/kuzeyinsesi.org\/index.php\/2024\/08\/06\/lefkosa-genclik-gunleri-kapsaminda-iki-toplumlu-konser-ve-halk-danslari-gosterisi-yapildi\/#primaryimage"},"thumbnailUrl":"https:\/\/kuzeyinsesi.org\/wp-content\/uploads\/2024\/08\/iki-toplumlu-konser-1-.jpg","articleSection":["Ya\u015fam"],"inLanguage":"tr","potentialAction":[{"@type":"CommentAction","name":"Comment","target":["https:\/\/kuzeyinsesi.org\/index.php\/2024\/08\/06\/lefkosa-genclik-gunleri-kapsaminda-iki-toplumlu-konser-ve-halk-danslari-gosterisi-yapildi\/#respond"]}]},{"@type":"WebPage","@id":"https:\/\/kuzeyinsesi.org\/index.php\/2024\/08\/06\/lefkosa-genclik-gunleri-kapsaminda-iki-toplumlu-konser-ve-halk-danslari-gosterisi-yapildi\/","url":"https:\/\/kuzeyinsesi.org\/index.php\/2024\/08\/06\/lefkosa-genclik-gunleri-kapsaminda-iki-toplumlu-konser-ve-halk-danslari-gosterisi-yapildi\/","name":"Lefko\u015fa Gen\u00e7lik G\u00fcnleri kapsam\u0131nda \u201c\u0130ki Toplumlu Konser ve Halk Danslar\u0131 G\u00f6sterisi\u201d yap\u0131ld\u0131 - Kuzeyin Sesi","isPartOf":{"@id":"https:\/\/kuzeyinsesi.org\/#website"},"primaryImageOfPage":{"@id":"https:\/\/kuzeyinsesi.org\/index.php\/2024\/08\/06\/lefkosa-genclik-gunleri-kapsaminda-iki-toplumlu-konser-ve-halk-danslari-gosterisi-yapildi\/#primaryimage"},"image":{"@id":"https:\/\/kuzeyinsesi.org\/index.php\/2024\/08\/06\/lefkosa-genclik-gunleri-kapsaminda-iki-toplumlu-konser-ve-halk-danslari-gosterisi-yapildi\/#primaryimage"},"thumbnailUrl":"https:\/\/kuzeyinsesi.org\/wp-content\/uploads\/2024\/08\/iki-toplumlu-konser-1-.jpg","datePublished":"2024-08-06T15:16:37+00:00","author":{"@id":"https:\/\/kuzeyinsesi.org\/#\/schema\/person\/9f859689cdf01485597712386e37f5aa"},"breadcrumb":{"@id":"https:\/\/kuzeyinsesi.org\/index.php\/2024\/08\/06\/lefkosa-genclik-gunleri-kapsaminda-iki-toplumlu-konser-ve-halk-danslari-gosterisi-yapildi\/#breadcrumb"},"inLanguage":"tr","potentialAction":[{"@type":"ReadAction","target":["https:\/\/kuzeyinsesi.org\/index.php\/2024\/08\/06\/lefkosa-genclik-gunleri-kapsaminda-iki-toplumlu-konser-ve-halk-danslari-gosterisi-yapildi\/"]}]},{"@type":"ImageObject","inLanguage":"tr","@id":"https:\/\/kuzeyinsesi.org\/index.php\/2024\/08\/06\/lefkosa-genclik-gunleri-kapsaminda-iki-toplumlu-konser-ve-halk-danslari-gosterisi-yapildi\/#primaryimage","url":"https:\/\/kuzeyinsesi.org\/wp-content\/uploads\/2024\/08\/iki-toplumlu-konser-1-.jpg","contentUrl":"https:\/\/kuzeyinsesi.org\/wp-content\/uploads\/2024\/08\/iki-toplumlu-konser-1-.jpg","width":928,"height":493},{"@type":"BreadcrumbList","@id":"https:\/\/kuzeyinsesi.org\/index.php\/2024\/08\/06\/lefkosa-genclik-gunleri-kapsaminda-iki-toplumlu-konser-ve-halk-danslari-gosterisi-yapildi\/#breadcrumb","itemListElement":[{"@type":"ListItem","position":1,"name":"Anasayfa","item":"https:\/\/kuzeyinsesi.org\/"},{"@type":"ListItem","position":2,"name":"Lefko\u015fa Gen\u00e7lik G\u00fcnleri kapsam\u0131nda \u201c\u0130ki Toplumlu Konser ve Halk Danslar\u0131 G\u00f6sterisi\u201d yap\u0131ld\u0131"}]},{"@type":"WebSite","@id":"https:\/\/kuzeyinsesi.org\/#website","url":"https:\/\/kuzeyinsesi.org\/","name":"Kuzeyin Sesi","description":"Do\u011fru Haberin Adresi","potentialAction":[{"@type":"SearchAction","target":{"@type":"EntryPoint","urlTemplate":"https:\/\/kuzeyinsesi.org\/?s={search_term_string}"},"query-input":{"@type":"PropertyValueSpecification","valueRequired":true,"valueName":"search_term_string"}}],"inLanguage":"tr"},{"@type":"Person","@id":"https:\/\/kuzeyinsesi.org\/#\/schema\/person\/9f859689cdf01485597712386e37f5aa","name":"Kuzeyin Sesi","image":{"@type":"ImageObject","inLanguage":"tr","@id":"https:\/\/secure.gravatar.com\/avatar\/bab33852abfd8b282518d6ed81826833d77c3c882d9ab608add591ccace47a44?s=96&d=mm&r=g","url":"https:\/\/secure.gravatar.com\/avatar\/bab33852abfd8b282518d6ed81826833d77c3c882d9ab608add591ccace47a44?s=96&d=mm&r=g","contentUrl":"https:\/\/secure.gravatar.com\/avatar\/bab33852abfd8b282518d6ed81826833d77c3c882d9ab608add591ccace47a44?s=96&d=mm&r=g","caption":"Kuzeyin Sesi"},"sameAs":["https:\/\/kuzeyinsesi.org"],"url":"https:\/\/kuzeyinsesi.org\/index.php\/author\/guven\/"}]}},"_links":{"self":[{"href":"https:\/\/kuzeyinsesi.org\/index.php\/wp-json\/wp\/v2\/posts\/7566","targetHints":{"allow":["GET"]}}],"collection":[{"href":"https:\/\/kuzeyinsesi.org\/index.php\/wp-json\/wp\/v2\/posts"}],"about":[{"href":"https:\/\/kuzeyinsesi.org\/index.php\/wp-json\/wp\/v2\/types\/post"}],"author":[{"embeddable":true,"href":"https:\/\/kuzeyinsesi.org\/index.php\/wp-json\/wp\/v2\/users\/1"}],"replies":[{"embeddable":true,"href":"https:\/\/kuzeyinsesi.org\/index.php\/wp-json\/wp\/v2\/comments?post=7566"}],"version-history":[{"count":0,"href":"https:\/\/kuzeyinsesi.org\/index.php\/wp-json\/wp\/v2\/posts\/7566\/revisions"}],"wp:featuredmedia":[{"embeddable":true,"href":"https:\/\/kuzeyinsesi.org\/index.php\/wp-json\/wp\/v2\/media\/7567"}],"wp:attachment":[{"href":"https:\/\/kuzeyinsesi.org\/index.php\/wp-json\/wp\/v2\/media?parent=7566"}],"wp:term":[{"taxonomy":"category","embeddable":true,"href":"https:\/\/kuzeyinsesi.org\/index.php\/wp-json\/wp\/v2\/categories?post=7566"},{"taxonomy":"post_tag","embeddable":true,"href":"https:\/\/kuzeyinsesi.org\/index.php\/wp-json\/wp\/v2\/tags?post=7566"}],"curies":[{"name":"wp","href":"https:\/\/api.w.org\/{rel}","templated":true}]}}