{"id":7556,"date":"2024-08-06T16:11:30","date_gmt":"2024-08-06T13:11:30","guid":{"rendered":"https:\/\/kuzeyinsesi.org\/index.php\/2024\/08\/06\/kibris-turk-spor-yazarlari-derneginin-41inci-yili-nedeniyle-ozel-tarih-damgasi-kullanildi\/"},"modified":"2024-08-06T16:11:30","modified_gmt":"2024-08-06T13:11:30","slug":"kibris-turk-spor-yazarlari-derneginin-41inci-yili-nedeniyle-ozel-tarih-damgasi-kullanildi","status":"publish","type":"post","link":"https:\/\/kuzeyinsesi.org\/index.php\/2024\/08\/06\/kibris-turk-spor-yazarlari-derneginin-41inci-yili-nedeniyle-ozel-tarih-damgasi-kullanildi\/","title":{"rendered":"K\u0131br\u0131s T\u00fcrk Spor Yazarlar\u0131 Derne\u011fi\u2019nin 41\u2019inci y\u0131l\u0131 nedeniyle \u00f6zel tarih damgas\u0131 kullan\u0131ld\u0131"},"content":{"rendered":"<div>\n<div class=\"mariselle-image-container none\">\n                                            <\/div>\n<p style=\"font-weight: 300;\">K\u0131br\u0131s T\u00fcrk Spor Yazarlar\u0131 Derne\u011fi\u2019nin (KTSYD) 41\u2019inci y\u0131l\u0131 an\u0131s\u0131na posta g\u00f6nderilerinde \u00f6zel tarih damgas\u0131 kullan\u0131ld\u0131.<\/p>\n<p style=\"font-weight: 300;\"><span style=\"font-weight: 300 !important;\">\u00a0<\/span>Lefko\u015fa, Gazima\u011fusa, Girne, G\u00fczelyurt, \u0130skele ve Lefke Posta merkezlerinde, giden posta g\u00f6nderilerinde pulun \u00fczerine, gelen posta g\u00f6nderilerinin ise \u00f6n y\u00fcz\u00fcne \u201dK\u0131br\u0131s T\u00fcrk Spor Yazarlar\u0131 Derne\u011fi 41 Ya\u015f\u0131nda\u201d yaz\u0131l\u0131 tarih damgas\u0131 uyguland\u0131.<\/p>\n<p style=\"font-weight: 300;\">K\u0131br\u0131s T\u00fcrk Spor Yazarlar\u0131 Derne\u011fi Ba\u015fkan\u0131 Necati \u00d6zsoy yapt\u0131\u011f\u0131 yaz\u0131l\u0131 a\u00e7\u0131klamada, bu \u00f6zel tarih damgas\u0131 uygulamas\u0131n\u0131n, derne\u011fin spor medyas\u0131na katk\u0131lar\u0131n\u0131 ve 41 y\u0131ll\u0131k ge\u00e7mi\u015fini kutlamak amac\u0131yla yap\u0131ld\u0131\u011f\u0131n\u0131 ifade belirtti.<\/p>\n<p style=\"font-weight: 300;\">\u00d6zsoy, 6 A\u011fustos 1983\u2019te KTSYD\u2019nin ilk genel kurulunun yap\u0131ld\u0131\u011f\u0131na i\u015faret ederek, \u00f6zel damga pulunun kullan\u0131lmas\u0131n\u0131 m\u00fcmk\u00fcn k\u0131lan Posta Dairesi M\u00fcd\u00fcr\u00fc Yakup \u0130skender ba\u015fta olmak \u00fczere katk\u0131 koyanlara te\u015fekk\u00fcr etti.<\/p>\n<p style=\"font-weight: 300;\">Necati \u00d6zsoy, Posta g\u00f6nderilerinde yer alacak damga, derne\u011fin uzun y\u0131llara dayanan etkisini ve spor yazarl\u0131\u011f\u0131na olan katk\u0131s\u0131n\u0131 simgelerken, posta koleksiyoncular\u0131 ve tarih merakl\u0131lar\u0131 i\u00e7in de anlaml\u0131 bir hat\u0131ra olaca\u011f\u0131n\u0131 kaydetti.<\/p>\n<p>\u00a0<\/p>\n<\/p><\/div>\n<p><script async\n                    defer\n                    crossorigin=\"anonymous\"\n                    src=\"https:\/\/connect.facebook.net\/tr_TR\/sdk.js#xfbml=1&#038;version=v3.3\"\n            ><\/script><\/p>\n","protected":false},"excerpt":{"rendered":"<p>K\u0131br\u0131s T\u00fcrk Spor Yazarlar\u0131 Derne\u011fi\u2019nin (KTSYD) 41\u2019inci y\u0131l\u0131 an\u0131s\u0131na posta g\u00f6nderilerinde \u00f6zel tarih damgas\u0131 kullan\u0131ld\u0131. \u00a0Lefko\u015fa, Gazima\u011fusa, Girne, G\u00fczelyurt, \u0130skele ve Lefke Posta merkezlerinde, giden posta g\u00f6nderilerinde pulun \u00fczerine, gelen posta g\u00f6nderilerinin ise \u00f6n y\u00fcz\u00fcne \u201dK\u0131br\u0131s T\u00fcrk Spor Yazarlar\u0131 Derne\u011fi 41 Ya\u015f\u0131nda\u201d yaz\u0131l\u0131 tarih damgas\u0131 uyguland\u0131. K\u0131br\u0131s T\u00fcrk Spor Yazarlar\u0131 Derne\u011fi Ba\u015fkan\u0131 Necati \u00d6zsoy yapt\u0131\u011f\u0131 [&hellip;]<\/p>\n","protected":false},"author":1,"featured_media":7557,"comment_status":"open","ping_status":"open","sticky":false,"template":"","format":"standard","meta":{"jnews-multi-image_gallery":[],"jnews_single_post":[],"jnews_primary_category":[],"jnews_social_meta":[],"jnews_override_counter":[],"footnotes":""},"categories":[6],"tags":[],"class_list":["post-7556","post","type-post","status-publish","format-standard","has-post-thumbnail","hentry","category-yasam"],"yoast_head":"<!-- This site is optimized with the Yoast SEO plugin v27.5 - https:\/\/yoast.com\/product\/yoast-seo-wordpress\/ -->\n<title>K\u0131br\u0131s T\u00fcrk Spor Yazarlar\u0131 Derne\u011fi\u2019nin 41\u2019inci y\u0131l\u0131 nedeniyle \u00f6zel tarih damgas\u0131 kullan\u0131ld\u0131 - Kuzeyin Sesi<\/title>\n<meta name=\"robots\" content=\"index, follow, max-snippet:-1, max-image-preview:large, max-video-preview:-1\" \/>\n<link rel=\"canonical\" href=\"https:\/\/kuzeyinsesi.org\/index.php\/2024\/08\/06\/kibris-turk-spor-yazarlari-derneginin-41inci-yili-nedeniyle-ozel-tarih-damgasi-kullanildi\/\" \/>\n<meta property=\"og:locale\" content=\"tr_TR\" \/>\n<meta property=\"og:type\" content=\"article\" \/>\n<meta property=\"og:title\" content=\"K\u0131br\u0131s T\u00fcrk Spor Yazarlar\u0131 Derne\u011fi\u2019nin 41\u2019inci y\u0131l\u0131 nedeniyle \u00f6zel tarih damgas\u0131 kullan\u0131ld\u0131 - Kuzeyin Sesi\" \/>\n<meta property=\"og:description\" content=\"K\u0131br\u0131s T\u00fcrk Spor Yazarlar\u0131 Derne\u011fi\u2019nin (KTSYD) 41\u2019inci y\u0131l\u0131 an\u0131s\u0131na posta g\u00f6nderilerinde \u00f6zel tarih damgas\u0131 kullan\u0131ld\u0131. \u00a0Lefko\u015fa, Gazima\u011fusa, Girne, G\u00fczelyurt, \u0130skele ve Lefke Posta merkezlerinde, giden posta g\u00f6nderilerinde pulun \u00fczerine, gelen posta g\u00f6nderilerinin ise \u00f6n y\u00fcz\u00fcne \u201dK\u0131br\u0131s T\u00fcrk Spor Yazarlar\u0131 Derne\u011fi 41 Ya\u015f\u0131nda\u201d yaz\u0131l\u0131 tarih damgas\u0131 uyguland\u0131. K\u0131br\u0131s T\u00fcrk Spor Yazarlar\u0131 Derne\u011fi Ba\u015fkan\u0131 Necati \u00d6zsoy yapt\u0131\u011f\u0131 [&hellip;]\" \/>\n<meta property=\"og:url\" content=\"https:\/\/kuzeyinsesi.org\/index.php\/2024\/08\/06\/kibris-turk-spor-yazarlari-derneginin-41inci-yili-nedeniyle-ozel-tarih-damgasi-kullanildi\/\" \/>\n<meta property=\"og:site_name\" content=\"Kuzeyin Sesi\" \/>\n<meta property=\"article:publisher\" content=\"https:\/\/www.facebook.com\/kuzeyinsesii\" \/>\n<meta property=\"article:published_time\" content=\"2024-08-06T13:11:30+00:00\" \/>\n<meta property=\"og:image\" content=\"https:\/\/brtk.net\/wp-content\/uploads\/2024\/08\/06\/ktsyd-2-.jpeg?ver=231cd7550f7df649da2c30026e419338\" \/>\n<meta name=\"author\" content=\"Kuzeyin Sesi\" \/>\n<meta name=\"twitter:card\" content=\"summary_large_image\" \/>\n<meta name=\"twitter:creator\" content=\"@kuzeyinsesii\" \/>\n<meta name=\"twitter:site\" content=\"@kuzeyinsesii\" \/>\n<meta name=\"twitter:label1\" content=\"Yazan:\" \/>\n\t<meta name=\"twitter:data1\" content=\"Kuzeyin Sesi\" \/>\n\t<meta name=\"twitter:label2\" content=\"Tahmini okuma s\u00fcresi\" \/>\n\t<meta name=\"twitter:data2\" content=\"1 dakika\" \/>\n<script type=\"application\/ld+json\" class=\"yoast-schema-graph\">{\"@context\":\"https:\\\/\\\/schema.org\",\"@graph\":[{\"@type\":\"Article\",\"@id\":\"https:\\\/\\\/kuzeyinsesi.org\\\/index.php\\\/2024\\\/08\\\/06\\\/kibris-turk-spor-yazarlari-derneginin-41inci-yili-nedeniyle-ozel-tarih-damgasi-kullanildi\\\/#article\",\"isPartOf\":{\"@id\":\"https:\\\/\\\/kuzeyinsesi.org\\\/index.php\\\/2024\\\/08\\\/06\\\/kibris-turk-spor-yazarlari-derneginin-41inci-yili-nedeniyle-ozel-tarih-damgasi-kullanildi\\\/\"},\"author\":{\"name\":\"Kuzeyin Sesi\",\"@id\":\"https:\\\/\\\/kuzeyinsesi.org\\\/#\\\/schema\\\/person\\\/9f859689cdf01485597712386e37f5aa\"},\"headline\":\"K\u0131br\u0131s T\u00fcrk Spor Yazarlar\u0131 Derne\u011fi\u2019nin 41\u2019inci y\u0131l\u0131 nedeniyle \u00f6zel tarih damgas\u0131 kullan\u0131ld\u0131\",\"datePublished\":\"2024-08-06T13:11:30+00:00\",\"mainEntityOfPage\":{\"@id\":\"https:\\\/\\\/kuzeyinsesi.org\\\/index.php\\\/2024\\\/08\\\/06\\\/kibris-turk-spor-yazarlari-derneginin-41inci-yili-nedeniyle-ozel-tarih-damgasi-kullanildi\\\/\"},\"wordCount\":218,\"commentCount\":0,\"image\":{\"@id\":\"https:\\\/\\\/kuzeyinsesi.org\\\/index.php\\\/2024\\\/08\\\/06\\\/kibris-turk-spor-yazarlari-derneginin-41inci-yili-nedeniyle-ozel-tarih-damgasi-kullanildi\\\/#primaryimage\"},\"thumbnailUrl\":\"https:\\\/\\\/kuzeyinsesi.org\\\/wp-content\\\/uploads\\\/2024\\\/08\\\/ktsyd-2-.jpeg\",\"articleSection\":[\"Ya\u015fam\"],\"inLanguage\":\"tr\",\"potentialAction\":[{\"@type\":\"CommentAction\",\"name\":\"Comment\",\"target\":[\"https:\\\/\\\/kuzeyinsesi.org\\\/index.php\\\/2024\\\/08\\\/06\\\/kibris-turk-spor-yazarlari-derneginin-41inci-yili-nedeniyle-ozel-tarih-damgasi-kullanildi\\\/#respond\"]}]},{\"@type\":\"WebPage\",\"@id\":\"https:\\\/\\\/kuzeyinsesi.org\\\/index.php\\\/2024\\\/08\\\/06\\\/kibris-turk-spor-yazarlari-derneginin-41inci-yili-nedeniyle-ozel-tarih-damgasi-kullanildi\\\/\",\"url\":\"https:\\\/\\\/kuzeyinsesi.org\\\/index.php\\\/2024\\\/08\\\/06\\\/kibris-turk-spor-yazarlari-derneginin-41inci-yili-nedeniyle-ozel-tarih-damgasi-kullanildi\\\/\",\"name\":\"K\u0131br\u0131s T\u00fcrk Spor Yazarlar\u0131 Derne\u011fi\u2019nin 41\u2019inci y\u0131l\u0131 nedeniyle \u00f6zel tarih damgas\u0131 kullan\u0131ld\u0131 - Kuzeyin Sesi\",\"isPartOf\":{\"@id\":\"https:\\\/\\\/kuzeyinsesi.org\\\/#website\"},\"primaryImageOfPage\":{\"@id\":\"https:\\\/\\\/kuzeyinsesi.org\\\/index.php\\\/2024\\\/08\\\/06\\\/kibris-turk-spor-yazarlari-derneginin-41inci-yili-nedeniyle-ozel-tarih-damgasi-kullanildi\\\/#primaryimage\"},\"image\":{\"@id\":\"https:\\\/\\\/kuzeyinsesi.org\\\/index.php\\\/2024\\\/08\\\/06\\\/kibris-turk-spor-yazarlari-derneginin-41inci-yili-nedeniyle-ozel-tarih-damgasi-kullanildi\\\/#primaryimage\"},\"thumbnailUrl\":\"https:\\\/\\\/kuzeyinsesi.org\\\/wp-content\\\/uploads\\\/2024\\\/08\\\/ktsyd-2-.jpeg\",\"datePublished\":\"2024-08-06T13:11:30+00:00\",\"author\":{\"@id\":\"https:\\\/\\\/kuzeyinsesi.org\\\/#\\\/schema\\\/person\\\/9f859689cdf01485597712386e37f5aa\"},\"breadcrumb\":{\"@id\":\"https:\\\/\\\/kuzeyinsesi.org\\\/index.php\\\/2024\\\/08\\\/06\\\/kibris-turk-spor-yazarlari-derneginin-41inci-yili-nedeniyle-ozel-tarih-damgasi-kullanildi\\\/#breadcrumb\"},\"inLanguage\":\"tr\",\"potentialAction\":[{\"@type\":\"ReadAction\",\"target\":[\"https:\\\/\\\/kuzeyinsesi.org\\\/index.php\\\/2024\\\/08\\\/06\\\/kibris-turk-spor-yazarlari-derneginin-41inci-yili-nedeniyle-ozel-tarih-damgasi-kullanildi\\\/\"]}]},{\"@type\":\"ImageObject\",\"inLanguage\":\"tr\",\"@id\":\"https:\\\/\\\/kuzeyinsesi.org\\\/index.php\\\/2024\\\/08\\\/06\\\/kibris-turk-spor-yazarlari-derneginin-41inci-yili-nedeniyle-ozel-tarih-damgasi-kullanildi\\\/#primaryimage\",\"url\":\"https:\\\/\\\/kuzeyinsesi.org\\\/wp-content\\\/uploads\\\/2024\\\/08\\\/ktsyd-2-.jpeg\",\"contentUrl\":\"https:\\\/\\\/kuzeyinsesi.org\\\/wp-content\\\/uploads\\\/2024\\\/08\\\/ktsyd-2-.jpeg\",\"width\":1200,\"height\":526},{\"@type\":\"BreadcrumbList\",\"@id\":\"https:\\\/\\\/kuzeyinsesi.org\\\/index.php\\\/2024\\\/08\\\/06\\\/kibris-turk-spor-yazarlari-derneginin-41inci-yili-nedeniyle-ozel-tarih-damgasi-kullanildi\\\/#breadcrumb\",\"itemListElement\":[{\"@type\":\"ListItem\",\"position\":1,\"name\":\"Anasayfa\",\"item\":\"https:\\\/\\\/kuzeyinsesi.org\\\/\"},{\"@type\":\"ListItem\",\"position\":2,\"name\":\"K\u0131br\u0131s T\u00fcrk Spor Yazarlar\u0131 Derne\u011fi\u2019nin 41\u2019inci y\u0131l\u0131 nedeniyle \u00f6zel tarih damgas\u0131 kullan\u0131ld\u0131\"}]},{\"@type\":\"WebSite\",\"@id\":\"https:\\\/\\\/kuzeyinsesi.org\\\/#website\",\"url\":\"https:\\\/\\\/kuzeyinsesi.org\\\/\",\"name\":\"Kuzeyin Sesi\",\"description\":\"Do\u011fru Haberin Adresi\",\"potentialAction\":[{\"@type\":\"SearchAction\",\"target\":{\"@type\":\"EntryPoint\",\"urlTemplate\":\"https:\\\/\\\/kuzeyinsesi.org\\\/?s={search_term_string}\"},\"query-input\":{\"@type\":\"PropertyValueSpecification\",\"valueRequired\":true,\"valueName\":\"search_term_string\"}}],\"inLanguage\":\"tr\"},{\"@type\":\"Person\",\"@id\":\"https:\\\/\\\/kuzeyinsesi.org\\\/#\\\/schema\\\/person\\\/9f859689cdf01485597712386e37f5aa\",\"name\":\"Kuzeyin Sesi\",\"image\":{\"@type\":\"ImageObject\",\"inLanguage\":\"tr\",\"@id\":\"https:\\\/\\\/secure.gravatar.com\\\/avatar\\\/bab33852abfd8b282518d6ed81826833d77c3c882d9ab608add591ccace47a44?s=96&d=mm&r=g\",\"url\":\"https:\\\/\\\/secure.gravatar.com\\\/avatar\\\/bab33852abfd8b282518d6ed81826833d77c3c882d9ab608add591ccace47a44?s=96&d=mm&r=g\",\"contentUrl\":\"https:\\\/\\\/secure.gravatar.com\\\/avatar\\\/bab33852abfd8b282518d6ed81826833d77c3c882d9ab608add591ccace47a44?s=96&d=mm&r=g\",\"caption\":\"Kuzeyin Sesi\"},\"sameAs\":[\"https:\\\/\\\/kuzeyinsesi.org\"],\"url\":\"https:\\\/\\\/kuzeyinsesi.org\\\/index.php\\\/author\\\/guven\\\/\"}]}<\/script>\n<!-- \/ Yoast SEO plugin. -->","yoast_head_json":{"title":"K\u0131br\u0131s T\u00fcrk Spor Yazarlar\u0131 Derne\u011fi\u2019nin 41\u2019inci y\u0131l\u0131 nedeniyle \u00f6zel tarih damgas\u0131 kullan\u0131ld\u0131 - Kuzeyin Sesi","robots":{"index":"index","follow":"follow","max-snippet":"max-snippet:-1","max-image-preview":"max-image-preview:large","max-video-preview":"max-video-preview:-1"},"canonical":"https:\/\/kuzeyinsesi.org\/index.php\/2024\/08\/06\/kibris-turk-spor-yazarlari-derneginin-41inci-yili-nedeniyle-ozel-tarih-damgasi-kullanildi\/","og_locale":"tr_TR","og_type":"article","og_title":"K\u0131br\u0131s T\u00fcrk Spor Yazarlar\u0131 Derne\u011fi\u2019nin 41\u2019inci y\u0131l\u0131 nedeniyle \u00f6zel tarih damgas\u0131 kullan\u0131ld\u0131 - Kuzeyin Sesi","og_description":"K\u0131br\u0131s T\u00fcrk Spor Yazarlar\u0131 Derne\u011fi\u2019nin (KTSYD) 41\u2019inci y\u0131l\u0131 an\u0131s\u0131na posta g\u00f6nderilerinde \u00f6zel tarih damgas\u0131 kullan\u0131ld\u0131. \u00a0Lefko\u015fa, Gazima\u011fusa, Girne, G\u00fczelyurt, \u0130skele ve Lefke Posta merkezlerinde, giden posta g\u00f6nderilerinde pulun \u00fczerine, gelen posta g\u00f6nderilerinin ise \u00f6n y\u00fcz\u00fcne \u201dK\u0131br\u0131s T\u00fcrk Spor Yazarlar\u0131 Derne\u011fi 41 Ya\u015f\u0131nda\u201d yaz\u0131l\u0131 tarih damgas\u0131 uyguland\u0131. K\u0131br\u0131s T\u00fcrk Spor Yazarlar\u0131 Derne\u011fi Ba\u015fkan\u0131 Necati \u00d6zsoy yapt\u0131\u011f\u0131 [&hellip;]","og_url":"https:\/\/kuzeyinsesi.org\/index.php\/2024\/08\/06\/kibris-turk-spor-yazarlari-derneginin-41inci-yili-nedeniyle-ozel-tarih-damgasi-kullanildi\/","og_site_name":"Kuzeyin Sesi","article_publisher":"https:\/\/www.facebook.com\/kuzeyinsesii","article_published_time":"2024-08-06T13:11:30+00:00","og_image":[{"url":"https:\/\/brtk.net\/wp-content\/uploads\/2024\/08\/06\/ktsyd-2-.jpeg?ver=231cd7550f7df649da2c30026e419338","type":"","width":"","height":""}],"author":"Kuzeyin Sesi","twitter_card":"summary_large_image","twitter_creator":"@kuzeyinsesii","twitter_site":"@kuzeyinsesii","twitter_misc":{"Yazan:":"Kuzeyin Sesi","Tahmini okuma s\u00fcresi":"1 dakika"},"schema":{"@context":"https:\/\/schema.org","@graph":[{"@type":"Article","@id":"https:\/\/kuzeyinsesi.org\/index.php\/2024\/08\/06\/kibris-turk-spor-yazarlari-derneginin-41inci-yili-nedeniyle-ozel-tarih-damgasi-kullanildi\/#article","isPartOf":{"@id":"https:\/\/kuzeyinsesi.org\/index.php\/2024\/08\/06\/kibris-turk-spor-yazarlari-derneginin-41inci-yili-nedeniyle-ozel-tarih-damgasi-kullanildi\/"},"author":{"name":"Kuzeyin Sesi","@id":"https:\/\/kuzeyinsesi.org\/#\/schema\/person\/9f859689cdf01485597712386e37f5aa"},"headline":"K\u0131br\u0131s T\u00fcrk Spor Yazarlar\u0131 Derne\u011fi\u2019nin 41\u2019inci y\u0131l\u0131 nedeniyle \u00f6zel tarih damgas\u0131 kullan\u0131ld\u0131","datePublished":"2024-08-06T13:11:30+00:00","mainEntityOfPage":{"@id":"https:\/\/kuzeyinsesi.org\/index.php\/2024\/08\/06\/kibris-turk-spor-yazarlari-derneginin-41inci-yili-nedeniyle-ozel-tarih-damgasi-kullanildi\/"},"wordCount":218,"commentCount":0,"image":{"@id":"https:\/\/kuzeyinsesi.org\/index.php\/2024\/08\/06\/kibris-turk-spor-yazarlari-derneginin-41inci-yili-nedeniyle-ozel-tarih-damgasi-kullanildi\/#primaryimage"},"thumbnailUrl":"https:\/\/kuzeyinsesi.org\/wp-content\/uploads\/2024\/08\/ktsyd-2-.jpeg","articleSection":["Ya\u015fam"],"inLanguage":"tr","potentialAction":[{"@type":"CommentAction","name":"Comment","target":["https:\/\/kuzeyinsesi.org\/index.php\/2024\/08\/06\/kibris-turk-spor-yazarlari-derneginin-41inci-yili-nedeniyle-ozel-tarih-damgasi-kullanildi\/#respond"]}]},{"@type":"WebPage","@id":"https:\/\/kuzeyinsesi.org\/index.php\/2024\/08\/06\/kibris-turk-spor-yazarlari-derneginin-41inci-yili-nedeniyle-ozel-tarih-damgasi-kullanildi\/","url":"https:\/\/kuzeyinsesi.org\/index.php\/2024\/08\/06\/kibris-turk-spor-yazarlari-derneginin-41inci-yili-nedeniyle-ozel-tarih-damgasi-kullanildi\/","name":"K\u0131br\u0131s T\u00fcrk Spor Yazarlar\u0131 Derne\u011fi\u2019nin 41\u2019inci y\u0131l\u0131 nedeniyle \u00f6zel tarih damgas\u0131 kullan\u0131ld\u0131 - Kuzeyin Sesi","isPartOf":{"@id":"https:\/\/kuzeyinsesi.org\/#website"},"primaryImageOfPage":{"@id":"https:\/\/kuzeyinsesi.org\/index.php\/2024\/08\/06\/kibris-turk-spor-yazarlari-derneginin-41inci-yili-nedeniyle-ozel-tarih-damgasi-kullanildi\/#primaryimage"},"image":{"@id":"https:\/\/kuzeyinsesi.org\/index.php\/2024\/08\/06\/kibris-turk-spor-yazarlari-derneginin-41inci-yili-nedeniyle-ozel-tarih-damgasi-kullanildi\/#primaryimage"},"thumbnailUrl":"https:\/\/kuzeyinsesi.org\/wp-content\/uploads\/2024\/08\/ktsyd-2-.jpeg","datePublished":"2024-08-06T13:11:30+00:00","author":{"@id":"https:\/\/kuzeyinsesi.org\/#\/schema\/person\/9f859689cdf01485597712386e37f5aa"},"breadcrumb":{"@id":"https:\/\/kuzeyinsesi.org\/index.php\/2024\/08\/06\/kibris-turk-spor-yazarlari-derneginin-41inci-yili-nedeniyle-ozel-tarih-damgasi-kullanildi\/#breadcrumb"},"inLanguage":"tr","potentialAction":[{"@type":"ReadAction","target":["https:\/\/kuzeyinsesi.org\/index.php\/2024\/08\/06\/kibris-turk-spor-yazarlari-derneginin-41inci-yili-nedeniyle-ozel-tarih-damgasi-kullanildi\/"]}]},{"@type":"ImageObject","inLanguage":"tr","@id":"https:\/\/kuzeyinsesi.org\/index.php\/2024\/08\/06\/kibris-turk-spor-yazarlari-derneginin-41inci-yili-nedeniyle-ozel-tarih-damgasi-kullanildi\/#primaryimage","url":"https:\/\/kuzeyinsesi.org\/wp-content\/uploads\/2024\/08\/ktsyd-2-.jpeg","contentUrl":"https:\/\/kuzeyinsesi.org\/wp-content\/uploads\/2024\/08\/ktsyd-2-.jpeg","width":1200,"height":526},{"@type":"BreadcrumbList","@id":"https:\/\/kuzeyinsesi.org\/index.php\/2024\/08\/06\/kibris-turk-spor-yazarlari-derneginin-41inci-yili-nedeniyle-ozel-tarih-damgasi-kullanildi\/#breadcrumb","itemListElement":[{"@type":"ListItem","position":1,"name":"Anasayfa","item":"https:\/\/kuzeyinsesi.org\/"},{"@type":"ListItem","position":2,"name":"K\u0131br\u0131s T\u00fcrk Spor Yazarlar\u0131 Derne\u011fi\u2019nin 41\u2019inci y\u0131l\u0131 nedeniyle \u00f6zel tarih damgas\u0131 kullan\u0131ld\u0131"}]},{"@type":"WebSite","@id":"https:\/\/kuzeyinsesi.org\/#website","url":"https:\/\/kuzeyinsesi.org\/","name":"Kuzeyin Sesi","description":"Do\u011fru Haberin Adresi","potentialAction":[{"@type":"SearchAction","target":{"@type":"EntryPoint","urlTemplate":"https:\/\/kuzeyinsesi.org\/?s={search_term_string}"},"query-input":{"@type":"PropertyValueSpecification","valueRequired":true,"valueName":"search_term_string"}}],"inLanguage":"tr"},{"@type":"Person","@id":"https:\/\/kuzeyinsesi.org\/#\/schema\/person\/9f859689cdf01485597712386e37f5aa","name":"Kuzeyin Sesi","image":{"@type":"ImageObject","inLanguage":"tr","@id":"https:\/\/secure.gravatar.com\/avatar\/bab33852abfd8b282518d6ed81826833d77c3c882d9ab608add591ccace47a44?s=96&d=mm&r=g","url":"https:\/\/secure.gravatar.com\/avatar\/bab33852abfd8b282518d6ed81826833d77c3c882d9ab608add591ccace47a44?s=96&d=mm&r=g","contentUrl":"https:\/\/secure.gravatar.com\/avatar\/bab33852abfd8b282518d6ed81826833d77c3c882d9ab608add591ccace47a44?s=96&d=mm&r=g","caption":"Kuzeyin Sesi"},"sameAs":["https:\/\/kuzeyinsesi.org"],"url":"https:\/\/kuzeyinsesi.org\/index.php\/author\/guven\/"}]}},"_links":{"self":[{"href":"https:\/\/kuzeyinsesi.org\/index.php\/wp-json\/wp\/v2\/posts\/7556","targetHints":{"allow":["GET"]}}],"collection":[{"href":"https:\/\/kuzeyinsesi.org\/index.php\/wp-json\/wp\/v2\/posts"}],"about":[{"href":"https:\/\/kuzeyinsesi.org\/index.php\/wp-json\/wp\/v2\/types\/post"}],"author":[{"embeddable":true,"href":"https:\/\/kuzeyinsesi.org\/index.php\/wp-json\/wp\/v2\/users\/1"}],"replies":[{"embeddable":true,"href":"https:\/\/kuzeyinsesi.org\/index.php\/wp-json\/wp\/v2\/comments?post=7556"}],"version-history":[{"count":0,"href":"https:\/\/kuzeyinsesi.org\/index.php\/wp-json\/wp\/v2\/posts\/7556\/revisions"}],"wp:featuredmedia":[{"embeddable":true,"href":"https:\/\/kuzeyinsesi.org\/index.php\/wp-json\/wp\/v2\/media\/7557"}],"wp:attachment":[{"href":"https:\/\/kuzeyinsesi.org\/index.php\/wp-json\/wp\/v2\/media?parent=7556"}],"wp:term":[{"taxonomy":"category","embeddable":true,"href":"https:\/\/kuzeyinsesi.org\/index.php\/wp-json\/wp\/v2\/categories?post=7556"},{"taxonomy":"post_tag","embeddable":true,"href":"https:\/\/kuzeyinsesi.org\/index.php\/wp-json\/wp\/v2\/tags?post=7556"}],"curies":[{"name":"wp","href":"https:\/\/api.w.org\/{rel}","templated":true}]}}