{"id":7550,"date":"2024-08-06T12:59:10","date_gmt":"2024-08-06T09:59:10","guid":{"rendered":"https:\/\/kuzeyinsesi.org\/index.php\/2024\/08\/06\/doganci-karpuz-kultur-ve-sanat-festivali-8-agustos-persembe-gecesi-basliyor\/"},"modified":"2024-08-06T12:59:10","modified_gmt":"2024-08-06T09:59:10","slug":"doganci-karpuz-kultur-ve-sanat-festivali-8-agustos-persembe-gecesi-basliyor","status":"publish","type":"post","link":"https:\/\/kuzeyinsesi.org\/index.php\/2024\/08\/06\/doganci-karpuz-kultur-ve-sanat-festivali-8-agustos-persembe-gecesi-basliyor\/","title":{"rendered":"Do\u011fanc\u0131 Karpuz K\u00fclt\u00fcr ve Sanat Festivali 8 A\u011fustos Per\u015fembe gecesi ba\u015fl\u0131yor"},"content":{"rendered":"<div>\n<div class=\"mariselle-image-container center\">\n                                            <\/div>\n<p>Do\u011fanc\u0131 Karpuz K\u00fclt\u00fcr ve Sanat Festivali 8 A\u011fustos Per\u015fembe gecesi ba\u015fl\u0131yor.<\/p>\n<p>Dernek\u2019ten verilen bilgiye g\u00f6re, 7\u2019ncisi yap\u0131lacak festival, Do\u011fanc\u0131 Kalk\u0131nd\u0131rma Derne\u011fi (DOKAD) ev sahipli\u011finde, Lefke Belediyesi\u2019nin katk\u0131lar\u0131, Do\u011fanc\u0131 Kooperatif Kredi \u015eti\u2019nin destekleri ve Alpcans ana sponsorlunda 8-11 A\u011fustos tarihleri aras\u0131nda ger\u00e7ekle\u015ftirilecek.<\/p>\n<p>Saat 18.30\u2019da kortejle ba\u015flayacak festivalin a\u00e7\u0131l\u0131s\u0131nda s\u0131ras\u0131yla Lefke Belediye Ba\u015fkan\u0131 Aziz Kaya, Ba\u015fbakan Yard\u0131mc\u0131s\u0131, Turizm, K\u00fclt\u00fcr, Gen\u00e7lik ve \u00c7evre Bakan\u0131 Fikri Atao\u011flu ile Cumhurba\u015fkan\u0131 Ersin Tatar birer konu\u015fma yapacak.<\/p>\n<p>Festival boyunca misafirlere \u00fccretsiz tad\u0131ml\u0131k karpuz da\u011f\u0131t\u0131m\u0131 yap\u0131lacak, ayr\u0131ca \u201cpara ile de\u011fil doya doya \u00e7ocuklar\u0131m\u0131z e\u011flensin\u201d slogan\u0131 ile sponsorlar taraf\u0131ndan finanse edilen oyun alanlar\u0131 hizmet verecek.<\/p>\n<p>Kurulacak stantlarda b\u00f6lge ve \u00fclke k\u00fclt\u00fcr\u00fcn\u00fc temsil eden yiyecek, i\u00e7ecek, el i\u015fi, hediyelik e\u015fya gibi \u00fcr\u00fcnler sat\u0131lacak, ayr\u0131ca halk danslar\u0131, j\u00f6ngl\u00f6r g\u00f6sterisi, Kafkas dans\u0131, led \u0131\u015f\u0131kl\u0131 dans \u015fov, sihirbaz g\u00f6sterileri ve benzeri etkinlikler izleyicilerin be\u011fenisine sunulacak.<\/p>\n<\/p><\/div>\n<p><script async\n                    defer\n                    crossorigin=\"anonymous\"\n                    src=\"https:\/\/connect.facebook.net\/tr_TR\/sdk.js#xfbml=1&#038;version=v3.3\"\n            ><\/script><\/p>\n","protected":false},"excerpt":{"rendered":"<p>Do\u011fanc\u0131 Karpuz K\u00fclt\u00fcr ve Sanat Festivali 8 A\u011fustos Per\u015fembe gecesi ba\u015fl\u0131yor. Dernek\u2019ten verilen bilgiye g\u00f6re, 7\u2019ncisi yap\u0131lacak festival, Do\u011fanc\u0131 Kalk\u0131nd\u0131rma Derne\u011fi (DOKAD) ev sahipli\u011finde, Lefke Belediyesi\u2019nin katk\u0131lar\u0131, Do\u011fanc\u0131 Kooperatif Kredi \u015eti\u2019nin destekleri ve Alpcans ana sponsorlunda 8-11 A\u011fustos tarihleri aras\u0131nda ger\u00e7ekle\u015ftirilecek. Saat 18.30\u2019da kortejle ba\u015flayacak festivalin a\u00e7\u0131l\u0131s\u0131nda s\u0131ras\u0131yla Lefke Belediye Ba\u015fkan\u0131 Aziz Kaya, Ba\u015fbakan Yard\u0131mc\u0131s\u0131, [&hellip;]<\/p>\n","protected":false},"author":1,"featured_media":7551,"comment_status":"open","ping_status":"open","sticky":false,"template":"","format":"standard","meta":{"jnews-multi-image_gallery":[],"jnews_single_post":[],"jnews_primary_category":[],"jnews_social_meta":[],"jnews_override_counter":[],"footnotes":""},"categories":[6],"tags":[],"class_list":["post-7550","post","type-post","status-publish","format-standard","has-post-thumbnail","hentry","category-yasam"],"yoast_head":"<!-- This site is optimized with the Yoast SEO plugin v27.5 - https:\/\/yoast.com\/product\/yoast-seo-wordpress\/ -->\n<title>Do\u011fanc\u0131 Karpuz K\u00fclt\u00fcr ve Sanat Festivali 8 A\u011fustos Per\u015fembe gecesi ba\u015fl\u0131yor - Kuzeyin Sesi<\/title>\n<meta name=\"robots\" content=\"index, follow, max-snippet:-1, max-image-preview:large, max-video-preview:-1\" \/>\n<link rel=\"canonical\" href=\"https:\/\/kuzeyinsesi.org\/index.php\/2024\/08\/06\/doganci-karpuz-kultur-ve-sanat-festivali-8-agustos-persembe-gecesi-basliyor\/\" \/>\n<meta property=\"og:locale\" content=\"tr_TR\" \/>\n<meta property=\"og:type\" content=\"article\" \/>\n<meta property=\"og:title\" content=\"Do\u011fanc\u0131 Karpuz K\u00fclt\u00fcr ve Sanat Festivali 8 A\u011fustos Per\u015fembe gecesi ba\u015fl\u0131yor - Kuzeyin Sesi\" \/>\n<meta property=\"og:description\" content=\"Do\u011fanc\u0131 Karpuz K\u00fclt\u00fcr ve Sanat Festivali 8 A\u011fustos Per\u015fembe gecesi ba\u015fl\u0131yor. Dernek\u2019ten verilen bilgiye g\u00f6re, 7\u2019ncisi yap\u0131lacak festival, Do\u011fanc\u0131 Kalk\u0131nd\u0131rma Derne\u011fi (DOKAD) ev sahipli\u011finde, Lefke Belediyesi\u2019nin katk\u0131lar\u0131, Do\u011fanc\u0131 Kooperatif Kredi \u015eti\u2019nin destekleri ve Alpcans ana sponsorlunda 8-11 A\u011fustos tarihleri aras\u0131nda ger\u00e7ekle\u015ftirilecek. Saat 18.30\u2019da kortejle ba\u015flayacak festivalin a\u00e7\u0131l\u0131s\u0131nda s\u0131ras\u0131yla Lefke Belediye Ba\u015fkan\u0131 Aziz Kaya, Ba\u015fbakan Yard\u0131mc\u0131s\u0131, [&hellip;]\" \/>\n<meta property=\"og:url\" content=\"https:\/\/kuzeyinsesi.org\/index.php\/2024\/08\/06\/doganci-karpuz-kultur-ve-sanat-festivali-8-agustos-persembe-gecesi-basliyor\/\" \/>\n<meta property=\"og:site_name\" content=\"Kuzeyin Sesi\" \/>\n<meta property=\"article:publisher\" content=\"https:\/\/www.facebook.com\/kuzeyinsesii\" \/>\n<meta property=\"article:published_time\" content=\"2024-08-06T09:59:10+00:00\" \/>\n<meta property=\"og:image\" content=\"https:\/\/brtk.net\/wp-content\/uploads\/2024\/08\/05\/doganci-karpuz-festivali.jpeg?ver=2b345c8d3b9cf2c24bd6fd6023ff7f1f\" \/>\n<meta name=\"author\" content=\"Kuzeyin Sesi\" \/>\n<meta name=\"twitter:card\" content=\"summary_large_image\" \/>\n<meta name=\"twitter:creator\" content=\"@kuzeyinsesii\" \/>\n<meta name=\"twitter:site\" content=\"@kuzeyinsesii\" \/>\n<meta name=\"twitter:label1\" content=\"Yazan:\" \/>\n\t<meta name=\"twitter:data1\" content=\"Kuzeyin Sesi\" \/>\n\t<meta name=\"twitter:label2\" content=\"Tahmini okuma s\u00fcresi\" \/>\n\t<meta name=\"twitter:data2\" content=\"1 dakika\" \/>\n<script type=\"application\/ld+json\" class=\"yoast-schema-graph\">{\"@context\":\"https:\\\/\\\/schema.org\",\"@graph\":[{\"@type\":\"Article\",\"@id\":\"https:\\\/\\\/kuzeyinsesi.org\\\/index.php\\\/2024\\\/08\\\/06\\\/doganci-karpuz-kultur-ve-sanat-festivali-8-agustos-persembe-gecesi-basliyor\\\/#article\",\"isPartOf\":{\"@id\":\"https:\\\/\\\/kuzeyinsesi.org\\\/index.php\\\/2024\\\/08\\\/06\\\/doganci-karpuz-kultur-ve-sanat-festivali-8-agustos-persembe-gecesi-basliyor\\\/\"},\"author\":{\"name\":\"Kuzeyin Sesi\",\"@id\":\"https:\\\/\\\/kuzeyinsesi.org\\\/#\\\/schema\\\/person\\\/9f859689cdf01485597712386e37f5aa\"},\"headline\":\"Do\u011fanc\u0131 Karpuz K\u00fclt\u00fcr ve Sanat Festivali 8 A\u011fustos Per\u015fembe gecesi ba\u015fl\u0131yor\",\"datePublished\":\"2024-08-06T09:59:10+00:00\",\"mainEntityOfPage\":{\"@id\":\"https:\\\/\\\/kuzeyinsesi.org\\\/index.php\\\/2024\\\/08\\\/06\\\/doganci-karpuz-kultur-ve-sanat-festivali-8-agustos-persembe-gecesi-basliyor\\\/\"},\"wordCount\":213,\"commentCount\":0,\"image\":{\"@id\":\"https:\\\/\\\/kuzeyinsesi.org\\\/index.php\\\/2024\\\/08\\\/06\\\/doganci-karpuz-kultur-ve-sanat-festivali-8-agustos-persembe-gecesi-basliyor\\\/#primaryimage\"},\"thumbnailUrl\":\"https:\\\/\\\/kuzeyinsesi.org\\\/wp-content\\\/uploads\\\/2024\\\/08\\\/doganci-karpuz-festivali.jpeg\",\"articleSection\":[\"Ya\u015fam\"],\"inLanguage\":\"tr\",\"potentialAction\":[{\"@type\":\"CommentAction\",\"name\":\"Comment\",\"target\":[\"https:\\\/\\\/kuzeyinsesi.org\\\/index.php\\\/2024\\\/08\\\/06\\\/doganci-karpuz-kultur-ve-sanat-festivali-8-agustos-persembe-gecesi-basliyor\\\/#respond\"]}]},{\"@type\":\"WebPage\",\"@id\":\"https:\\\/\\\/kuzeyinsesi.org\\\/index.php\\\/2024\\\/08\\\/06\\\/doganci-karpuz-kultur-ve-sanat-festivali-8-agustos-persembe-gecesi-basliyor\\\/\",\"url\":\"https:\\\/\\\/kuzeyinsesi.org\\\/index.php\\\/2024\\\/08\\\/06\\\/doganci-karpuz-kultur-ve-sanat-festivali-8-agustos-persembe-gecesi-basliyor\\\/\",\"name\":\"Do\u011fanc\u0131 Karpuz K\u00fclt\u00fcr ve Sanat Festivali 8 A\u011fustos Per\u015fembe gecesi ba\u015fl\u0131yor - Kuzeyin Sesi\",\"isPartOf\":{\"@id\":\"https:\\\/\\\/kuzeyinsesi.org\\\/#website\"},\"primaryImageOfPage\":{\"@id\":\"https:\\\/\\\/kuzeyinsesi.org\\\/index.php\\\/2024\\\/08\\\/06\\\/doganci-karpuz-kultur-ve-sanat-festivali-8-agustos-persembe-gecesi-basliyor\\\/#primaryimage\"},\"image\":{\"@id\":\"https:\\\/\\\/kuzeyinsesi.org\\\/index.php\\\/2024\\\/08\\\/06\\\/doganci-karpuz-kultur-ve-sanat-festivali-8-agustos-persembe-gecesi-basliyor\\\/#primaryimage\"},\"thumbnailUrl\":\"https:\\\/\\\/kuzeyinsesi.org\\\/wp-content\\\/uploads\\\/2024\\\/08\\\/doganci-karpuz-festivali.jpeg\",\"datePublished\":\"2024-08-06T09:59:10+00:00\",\"author\":{\"@id\":\"https:\\\/\\\/kuzeyinsesi.org\\\/#\\\/schema\\\/person\\\/9f859689cdf01485597712386e37f5aa\"},\"breadcrumb\":{\"@id\":\"https:\\\/\\\/kuzeyinsesi.org\\\/index.php\\\/2024\\\/08\\\/06\\\/doganci-karpuz-kultur-ve-sanat-festivali-8-agustos-persembe-gecesi-basliyor\\\/#breadcrumb\"},\"inLanguage\":\"tr\",\"potentialAction\":[{\"@type\":\"ReadAction\",\"target\":[\"https:\\\/\\\/kuzeyinsesi.org\\\/index.php\\\/2024\\\/08\\\/06\\\/doganci-karpuz-kultur-ve-sanat-festivali-8-agustos-persembe-gecesi-basliyor\\\/\"]}]},{\"@type\":\"ImageObject\",\"inLanguage\":\"tr\",\"@id\":\"https:\\\/\\\/kuzeyinsesi.org\\\/index.php\\\/2024\\\/08\\\/06\\\/doganci-karpuz-kultur-ve-sanat-festivali-8-agustos-persembe-gecesi-basliyor\\\/#primaryimage\",\"url\":\"https:\\\/\\\/kuzeyinsesi.org\\\/wp-content\\\/uploads\\\/2024\\\/08\\\/doganci-karpuz-festivali.jpeg\",\"contentUrl\":\"https:\\\/\\\/kuzeyinsesi.org\\\/wp-content\\\/uploads\\\/2024\\\/08\\\/doganci-karpuz-festivali.jpeg\",\"width\":1600,\"height\":1600},{\"@type\":\"BreadcrumbList\",\"@id\":\"https:\\\/\\\/kuzeyinsesi.org\\\/index.php\\\/2024\\\/08\\\/06\\\/doganci-karpuz-kultur-ve-sanat-festivali-8-agustos-persembe-gecesi-basliyor\\\/#breadcrumb\",\"itemListElement\":[{\"@type\":\"ListItem\",\"position\":1,\"name\":\"Anasayfa\",\"item\":\"https:\\\/\\\/kuzeyinsesi.org\\\/\"},{\"@type\":\"ListItem\",\"position\":2,\"name\":\"Do\u011fanc\u0131 Karpuz K\u00fclt\u00fcr ve Sanat Festivali 8 A\u011fustos Per\u015fembe gecesi ba\u015fl\u0131yor\"}]},{\"@type\":\"WebSite\",\"@id\":\"https:\\\/\\\/kuzeyinsesi.org\\\/#website\",\"url\":\"https:\\\/\\\/kuzeyinsesi.org\\\/\",\"name\":\"Kuzeyin Sesi\",\"description\":\"Do\u011fru Haberin Adresi\",\"potentialAction\":[{\"@type\":\"SearchAction\",\"target\":{\"@type\":\"EntryPoint\",\"urlTemplate\":\"https:\\\/\\\/kuzeyinsesi.org\\\/?s={search_term_string}\"},\"query-input\":{\"@type\":\"PropertyValueSpecification\",\"valueRequired\":true,\"valueName\":\"search_term_string\"}}],\"inLanguage\":\"tr\"},{\"@type\":\"Person\",\"@id\":\"https:\\\/\\\/kuzeyinsesi.org\\\/#\\\/schema\\\/person\\\/9f859689cdf01485597712386e37f5aa\",\"name\":\"Kuzeyin Sesi\",\"image\":{\"@type\":\"ImageObject\",\"inLanguage\":\"tr\",\"@id\":\"https:\\\/\\\/secure.gravatar.com\\\/avatar\\\/bab33852abfd8b282518d6ed81826833d77c3c882d9ab608add591ccace47a44?s=96&d=mm&r=g\",\"url\":\"https:\\\/\\\/secure.gravatar.com\\\/avatar\\\/bab33852abfd8b282518d6ed81826833d77c3c882d9ab608add591ccace47a44?s=96&d=mm&r=g\",\"contentUrl\":\"https:\\\/\\\/secure.gravatar.com\\\/avatar\\\/bab33852abfd8b282518d6ed81826833d77c3c882d9ab608add591ccace47a44?s=96&d=mm&r=g\",\"caption\":\"Kuzeyin Sesi\"},\"sameAs\":[\"https:\\\/\\\/kuzeyinsesi.org\"],\"url\":\"https:\\\/\\\/kuzeyinsesi.org\\\/index.php\\\/author\\\/guven\\\/\"}]}<\/script>\n<!-- \/ Yoast SEO plugin. -->","yoast_head_json":{"title":"Do\u011fanc\u0131 Karpuz K\u00fclt\u00fcr ve Sanat Festivali 8 A\u011fustos Per\u015fembe gecesi ba\u015fl\u0131yor - Kuzeyin Sesi","robots":{"index":"index","follow":"follow","max-snippet":"max-snippet:-1","max-image-preview":"max-image-preview:large","max-video-preview":"max-video-preview:-1"},"canonical":"https:\/\/kuzeyinsesi.org\/index.php\/2024\/08\/06\/doganci-karpuz-kultur-ve-sanat-festivali-8-agustos-persembe-gecesi-basliyor\/","og_locale":"tr_TR","og_type":"article","og_title":"Do\u011fanc\u0131 Karpuz K\u00fclt\u00fcr ve Sanat Festivali 8 A\u011fustos Per\u015fembe gecesi ba\u015fl\u0131yor - Kuzeyin Sesi","og_description":"Do\u011fanc\u0131 Karpuz K\u00fclt\u00fcr ve Sanat Festivali 8 A\u011fustos Per\u015fembe gecesi ba\u015fl\u0131yor. Dernek\u2019ten verilen bilgiye g\u00f6re, 7\u2019ncisi yap\u0131lacak festival, Do\u011fanc\u0131 Kalk\u0131nd\u0131rma Derne\u011fi (DOKAD) ev sahipli\u011finde, Lefke Belediyesi\u2019nin katk\u0131lar\u0131, Do\u011fanc\u0131 Kooperatif Kredi \u015eti\u2019nin destekleri ve Alpcans ana sponsorlunda 8-11 A\u011fustos tarihleri aras\u0131nda ger\u00e7ekle\u015ftirilecek. Saat 18.30\u2019da kortejle ba\u015flayacak festivalin a\u00e7\u0131l\u0131s\u0131nda s\u0131ras\u0131yla Lefke Belediye Ba\u015fkan\u0131 Aziz Kaya, Ba\u015fbakan Yard\u0131mc\u0131s\u0131, [&hellip;]","og_url":"https:\/\/kuzeyinsesi.org\/index.php\/2024\/08\/06\/doganci-karpuz-kultur-ve-sanat-festivali-8-agustos-persembe-gecesi-basliyor\/","og_site_name":"Kuzeyin Sesi","article_publisher":"https:\/\/www.facebook.com\/kuzeyinsesii","article_published_time":"2024-08-06T09:59:10+00:00","og_image":[{"url":"https:\/\/brtk.net\/wp-content\/uploads\/2024\/08\/05\/doganci-karpuz-festivali.jpeg?ver=2b345c8d3b9cf2c24bd6fd6023ff7f1f","type":"","width":"","height":""}],"author":"Kuzeyin Sesi","twitter_card":"summary_large_image","twitter_creator":"@kuzeyinsesii","twitter_site":"@kuzeyinsesii","twitter_misc":{"Yazan:":"Kuzeyin Sesi","Tahmini okuma s\u00fcresi":"1 dakika"},"schema":{"@context":"https:\/\/schema.org","@graph":[{"@type":"Article","@id":"https:\/\/kuzeyinsesi.org\/index.php\/2024\/08\/06\/doganci-karpuz-kultur-ve-sanat-festivali-8-agustos-persembe-gecesi-basliyor\/#article","isPartOf":{"@id":"https:\/\/kuzeyinsesi.org\/index.php\/2024\/08\/06\/doganci-karpuz-kultur-ve-sanat-festivali-8-agustos-persembe-gecesi-basliyor\/"},"author":{"name":"Kuzeyin Sesi","@id":"https:\/\/kuzeyinsesi.org\/#\/schema\/person\/9f859689cdf01485597712386e37f5aa"},"headline":"Do\u011fanc\u0131 Karpuz K\u00fclt\u00fcr ve Sanat Festivali 8 A\u011fustos Per\u015fembe gecesi ba\u015fl\u0131yor","datePublished":"2024-08-06T09:59:10+00:00","mainEntityOfPage":{"@id":"https:\/\/kuzeyinsesi.org\/index.php\/2024\/08\/06\/doganci-karpuz-kultur-ve-sanat-festivali-8-agustos-persembe-gecesi-basliyor\/"},"wordCount":213,"commentCount":0,"image":{"@id":"https:\/\/kuzeyinsesi.org\/index.php\/2024\/08\/06\/doganci-karpuz-kultur-ve-sanat-festivali-8-agustos-persembe-gecesi-basliyor\/#primaryimage"},"thumbnailUrl":"https:\/\/kuzeyinsesi.org\/wp-content\/uploads\/2024\/08\/doganci-karpuz-festivali.jpeg","articleSection":["Ya\u015fam"],"inLanguage":"tr","potentialAction":[{"@type":"CommentAction","name":"Comment","target":["https:\/\/kuzeyinsesi.org\/index.php\/2024\/08\/06\/doganci-karpuz-kultur-ve-sanat-festivali-8-agustos-persembe-gecesi-basliyor\/#respond"]}]},{"@type":"WebPage","@id":"https:\/\/kuzeyinsesi.org\/index.php\/2024\/08\/06\/doganci-karpuz-kultur-ve-sanat-festivali-8-agustos-persembe-gecesi-basliyor\/","url":"https:\/\/kuzeyinsesi.org\/index.php\/2024\/08\/06\/doganci-karpuz-kultur-ve-sanat-festivali-8-agustos-persembe-gecesi-basliyor\/","name":"Do\u011fanc\u0131 Karpuz K\u00fclt\u00fcr ve Sanat Festivali 8 A\u011fustos Per\u015fembe gecesi ba\u015fl\u0131yor - Kuzeyin Sesi","isPartOf":{"@id":"https:\/\/kuzeyinsesi.org\/#website"},"primaryImageOfPage":{"@id":"https:\/\/kuzeyinsesi.org\/index.php\/2024\/08\/06\/doganci-karpuz-kultur-ve-sanat-festivali-8-agustos-persembe-gecesi-basliyor\/#primaryimage"},"image":{"@id":"https:\/\/kuzeyinsesi.org\/index.php\/2024\/08\/06\/doganci-karpuz-kultur-ve-sanat-festivali-8-agustos-persembe-gecesi-basliyor\/#primaryimage"},"thumbnailUrl":"https:\/\/kuzeyinsesi.org\/wp-content\/uploads\/2024\/08\/doganci-karpuz-festivali.jpeg","datePublished":"2024-08-06T09:59:10+00:00","author":{"@id":"https:\/\/kuzeyinsesi.org\/#\/schema\/person\/9f859689cdf01485597712386e37f5aa"},"breadcrumb":{"@id":"https:\/\/kuzeyinsesi.org\/index.php\/2024\/08\/06\/doganci-karpuz-kultur-ve-sanat-festivali-8-agustos-persembe-gecesi-basliyor\/#breadcrumb"},"inLanguage":"tr","potentialAction":[{"@type":"ReadAction","target":["https:\/\/kuzeyinsesi.org\/index.php\/2024\/08\/06\/doganci-karpuz-kultur-ve-sanat-festivali-8-agustos-persembe-gecesi-basliyor\/"]}]},{"@type":"ImageObject","inLanguage":"tr","@id":"https:\/\/kuzeyinsesi.org\/index.php\/2024\/08\/06\/doganci-karpuz-kultur-ve-sanat-festivali-8-agustos-persembe-gecesi-basliyor\/#primaryimage","url":"https:\/\/kuzeyinsesi.org\/wp-content\/uploads\/2024\/08\/doganci-karpuz-festivali.jpeg","contentUrl":"https:\/\/kuzeyinsesi.org\/wp-content\/uploads\/2024\/08\/doganci-karpuz-festivali.jpeg","width":1600,"height":1600},{"@type":"BreadcrumbList","@id":"https:\/\/kuzeyinsesi.org\/index.php\/2024\/08\/06\/doganci-karpuz-kultur-ve-sanat-festivali-8-agustos-persembe-gecesi-basliyor\/#breadcrumb","itemListElement":[{"@type":"ListItem","position":1,"name":"Anasayfa","item":"https:\/\/kuzeyinsesi.org\/"},{"@type":"ListItem","position":2,"name":"Do\u011fanc\u0131 Karpuz K\u00fclt\u00fcr ve Sanat Festivali 8 A\u011fustos Per\u015fembe gecesi ba\u015fl\u0131yor"}]},{"@type":"WebSite","@id":"https:\/\/kuzeyinsesi.org\/#website","url":"https:\/\/kuzeyinsesi.org\/","name":"Kuzeyin Sesi","description":"Do\u011fru Haberin Adresi","potentialAction":[{"@type":"SearchAction","target":{"@type":"EntryPoint","urlTemplate":"https:\/\/kuzeyinsesi.org\/?s={search_term_string}"},"query-input":{"@type":"PropertyValueSpecification","valueRequired":true,"valueName":"search_term_string"}}],"inLanguage":"tr"},{"@type":"Person","@id":"https:\/\/kuzeyinsesi.org\/#\/schema\/person\/9f859689cdf01485597712386e37f5aa","name":"Kuzeyin Sesi","image":{"@type":"ImageObject","inLanguage":"tr","@id":"https:\/\/secure.gravatar.com\/avatar\/bab33852abfd8b282518d6ed81826833d77c3c882d9ab608add591ccace47a44?s=96&d=mm&r=g","url":"https:\/\/secure.gravatar.com\/avatar\/bab33852abfd8b282518d6ed81826833d77c3c882d9ab608add591ccace47a44?s=96&d=mm&r=g","contentUrl":"https:\/\/secure.gravatar.com\/avatar\/bab33852abfd8b282518d6ed81826833d77c3c882d9ab608add591ccace47a44?s=96&d=mm&r=g","caption":"Kuzeyin Sesi"},"sameAs":["https:\/\/kuzeyinsesi.org"],"url":"https:\/\/kuzeyinsesi.org\/index.php\/author\/guven\/"}]}},"_links":{"self":[{"href":"https:\/\/kuzeyinsesi.org\/index.php\/wp-json\/wp\/v2\/posts\/7550","targetHints":{"allow":["GET"]}}],"collection":[{"href":"https:\/\/kuzeyinsesi.org\/index.php\/wp-json\/wp\/v2\/posts"}],"about":[{"href":"https:\/\/kuzeyinsesi.org\/index.php\/wp-json\/wp\/v2\/types\/post"}],"author":[{"embeddable":true,"href":"https:\/\/kuzeyinsesi.org\/index.php\/wp-json\/wp\/v2\/users\/1"}],"replies":[{"embeddable":true,"href":"https:\/\/kuzeyinsesi.org\/index.php\/wp-json\/wp\/v2\/comments?post=7550"}],"version-history":[{"count":0,"href":"https:\/\/kuzeyinsesi.org\/index.php\/wp-json\/wp\/v2\/posts\/7550\/revisions"}],"wp:featuredmedia":[{"embeddable":true,"href":"https:\/\/kuzeyinsesi.org\/index.php\/wp-json\/wp\/v2\/media\/7551"}],"wp:attachment":[{"href":"https:\/\/kuzeyinsesi.org\/index.php\/wp-json\/wp\/v2\/media?parent=7550"}],"wp:term":[{"taxonomy":"category","embeddable":true,"href":"https:\/\/kuzeyinsesi.org\/index.php\/wp-json\/wp\/v2\/categories?post=7550"},{"taxonomy":"post_tag","embeddable":true,"href":"https:\/\/kuzeyinsesi.org\/index.php\/wp-json\/wp\/v2\/tags?post=7550"}],"curies":[{"name":"wp","href":"https:\/\/api.w.org\/{rel}","templated":true}]}}