{"id":7532,"date":"2024-08-06T10:49:45","date_gmt":"2024-08-06T07:49:45","guid":{"rendered":"https:\/\/kuzeyinsesi.org\/index.php\/2024\/08\/06\/baraka-kultur-merkezi-kizilbas-parkinda-yaz-soleni-duzenledi\/"},"modified":"2024-08-06T10:49:45","modified_gmt":"2024-08-06T07:49:45","slug":"baraka-kultur-merkezi-kizilbas-parkinda-yaz-soleni-duzenledi","status":"publish","type":"post","link":"https:\/\/kuzeyinsesi.org\/index.php\/2024\/08\/06\/baraka-kultur-merkezi-kizilbas-parkinda-yaz-soleni-duzenledi\/","title":{"rendered":"Baraka K\u00fclt\u00fcr Merkezi K\u0131z\u0131lba\u015f Park\u0131\u2019nda yaz \u015f\u00f6leni d\u00fczenledi"},"content":{"rendered":"<div>\n<p style=\"font-weight: 300;\"><span style=\"font-weight: 300 !important;\"><\/p>\n<div class=\"mariselle-image-container none\">\n                                            <\/div>\n<p><\/span><\/p>\n<p style=\"font-weight: 300;\"><span style=\"font-weight: 300 !important;\">Baraka K\u00fclt\u00fcr Merkezi, Lefko\u015fa K\u0131z\u0131lba\u015f Park\u0131\u2019nda k\u00fclt\u00fcr sanat i\u00e7erikli yaz \u015f\u00f6leni d\u00fczenledi.<\/span><\/p>\n<p style=\"font-weight: 300;\"><span style=\"font-weight: 300 !important;\">Merkezden yap\u0131lan a\u00e7\u0131klamaya g\u00f6re, pazar ak\u015fam\u0131 yap\u0131lan yaz \u015f\u00f6leninde halk danslar\u0131, tiyatro, m\u00fczik, sunum ve video g\u00f6sterileri, K\u0131br\u0131s manileri gibi i\u00e7erikler yer ald\u0131.<\/span><\/p>\n<p style=\"font-weight: 300;\"><span style=\"font-weight: 300 !important;\">K\u00fclt\u00fcr Dairesi\u2019nin maddi katk\u0131lar\u0131yla d\u00fczenlenen \u015f\u00f6lende, stantlarda Baraka \u00fcretimleri olan kitaplar, Argasdi dergileri, m\u00fczik ve belgesel cd\u2019leri ve \u201cba\u015fka bir k\u00fclt\u00fcr m\u00fcmk\u00fcn\u201d sloganl\u0131 hat\u0131ra anahtarl\u0131klar sat\u0131\u015fa sunuldu.<\/span><\/p>\n<p style=\"font-weight: 300;\"><span style=\"font-weight: 300 !important;\">Y\u00f6netim Kurulu \u00fcyesi P\u0131nar Piro\u2019nun K\u0131br\u0131s manileriyle ve Naz\u0131m \u015fiirleriyle s\u00fcsledi\u011fi sunu\u015fla ba\u015flayan gecede, dernek Ba\u015fkan\u0131 Mustafa Batak konu\u015fma yaparak, birlikte \u00fcretmenin, k\u00fclt\u00fcr-sanatla direnmenin \u00f6nemine i\u015faret etti.<\/span><\/p>\n<p style=\"font-weight: 300;\"><span style=\"font-weight: 300 !important;\">Konuk olarak davet edilen G\u00f6\u00e7-Ta\u015f halk danslar\u0131 \u00e7ocuk ve gen\u00e7 ekiplerinin g\u00f6steri sundu\u011fu etkinlikte, Baraka Tiyatro Ekibi\u2019nin \u201cVarsa Bir Durum Yapal\u0131m A\u00e7\u0131k Oturum\u201d isimli interaktif oyununda; asgari \u00fccret, servet vergisi, pahal\u0131l\u0131k ve gelir da\u011f\u0131l\u0131m\u0131ndaki adaletsizlik gibi g\u00fcncel konular mizahla i\u015flendi.<\/span><\/p>\n<p style=\"font-weight: 300;\"><span style=\"font-weight: 300 !important;\">M\u00fczik \u00f6\u011fretmeni ve Baraka \u00fcyesi Saadet \u00c7aluda\u2019n\u0131n e\u011fitmenli\u011fini \u00fcstlendi\u011fi ve Sol Anahtar\u0131 elemanlar\u0131 taraf\u0131ndan desteklenen Baraka Gen\u00e7lik Orkestras\u0131 ilk kez 4 A\u011fustos gecesi K\u0131z\u0131lba\u015f Park\u0131\u2019nda sahne ald\u0131. Gen\u00e7lerin, yerli ve yabanc\u0131 par\u00e7alardan olu\u015fturduklar\u0131 repertuara seyirciler de e\u015flik etti. Gecenin sonunda Sol Anahtar\u0131 m\u00fczik grubu sahne alarak, devrimci par\u00e7alar, K\u0131br\u0131s ezgileri ve grubun kendi bestelerinden olu\u015fan bir dinleti sundu.<\/span><\/p>\n<p style=\"font-weight: 300;\"><span style=\"font-weight: 300 !important;\">Hediye \u00e7ekili\u015finde kat\u0131l\u0131mc\u0131lara kitaplar, dergiler, m\u00fczik ve belgesel cd\u2019leri arma\u011fan edildi.<\/span><\/p>\n<p>\u00a0<\/p>\n<\/p><\/div>\n<p><script async\n                    defer\n                    crossorigin=\"anonymous\"\n                    src=\"https:\/\/connect.facebook.net\/tr_TR\/sdk.js#xfbml=1&#038;version=v3.3\"\n            ><\/script><\/p>\n","protected":false},"excerpt":{"rendered":"<p>Baraka K\u00fclt\u00fcr Merkezi, Lefko\u015fa K\u0131z\u0131lba\u015f Park\u0131\u2019nda k\u00fclt\u00fcr sanat i\u00e7erikli yaz \u015f\u00f6leni d\u00fczenledi. Merkezden yap\u0131lan a\u00e7\u0131klamaya g\u00f6re, pazar ak\u015fam\u0131 yap\u0131lan yaz \u015f\u00f6leninde halk danslar\u0131, tiyatro, m\u00fczik, sunum ve video g\u00f6sterileri, K\u0131br\u0131s manileri gibi i\u00e7erikler yer ald\u0131. K\u00fclt\u00fcr Dairesi\u2019nin maddi katk\u0131lar\u0131yla d\u00fczenlenen \u015f\u00f6lende, stantlarda Baraka \u00fcretimleri olan kitaplar, Argasdi dergileri, m\u00fczik ve belgesel cd\u2019leri ve \u201cba\u015fka bir [&hellip;]<\/p>\n","protected":false},"author":1,"featured_media":7533,"comment_status":"open","ping_status":"open","sticky":false,"template":"","format":"standard","meta":{"jnews-multi-image_gallery":[],"jnews_single_post":[],"jnews_primary_category":[],"jnews_social_meta":[],"jnews_override_counter":[],"footnotes":""},"categories":[6],"tags":[],"class_list":["post-7532","post","type-post","status-publish","format-standard","has-post-thumbnail","hentry","category-yasam"],"yoast_head":"<!-- This site is optimized with the Yoast SEO plugin v27.5 - https:\/\/yoast.com\/product\/yoast-seo-wordpress\/ -->\n<title>Baraka K\u00fclt\u00fcr Merkezi K\u0131z\u0131lba\u015f Park\u0131\u2019nda yaz \u015f\u00f6leni d\u00fczenledi - Kuzeyin Sesi<\/title>\n<meta name=\"robots\" content=\"index, follow, max-snippet:-1, max-image-preview:large, max-video-preview:-1\" \/>\n<link rel=\"canonical\" href=\"https:\/\/kuzeyinsesi.org\/index.php\/2024\/08\/06\/baraka-kultur-merkezi-kizilbas-parkinda-yaz-soleni-duzenledi\/\" \/>\n<meta property=\"og:locale\" content=\"tr_TR\" \/>\n<meta property=\"og:type\" content=\"article\" \/>\n<meta property=\"og:title\" content=\"Baraka K\u00fclt\u00fcr Merkezi K\u0131z\u0131lba\u015f Park\u0131\u2019nda yaz \u015f\u00f6leni d\u00fczenledi - Kuzeyin Sesi\" \/>\n<meta property=\"og:description\" content=\"Baraka K\u00fclt\u00fcr Merkezi, Lefko\u015fa K\u0131z\u0131lba\u015f Park\u0131\u2019nda k\u00fclt\u00fcr sanat i\u00e7erikli yaz \u015f\u00f6leni d\u00fczenledi. Merkezden yap\u0131lan a\u00e7\u0131klamaya g\u00f6re, pazar ak\u015fam\u0131 yap\u0131lan yaz \u015f\u00f6leninde halk danslar\u0131, tiyatro, m\u00fczik, sunum ve video g\u00f6sterileri, K\u0131br\u0131s manileri gibi i\u00e7erikler yer ald\u0131. K\u00fclt\u00fcr Dairesi\u2019nin maddi katk\u0131lar\u0131yla d\u00fczenlenen \u015f\u00f6lende, stantlarda Baraka \u00fcretimleri olan kitaplar, Argasdi dergileri, m\u00fczik ve belgesel cd\u2019leri ve \u201cba\u015fka bir [&hellip;]\" \/>\n<meta property=\"og:url\" content=\"https:\/\/kuzeyinsesi.org\/index.php\/2024\/08\/06\/baraka-kultur-merkezi-kizilbas-parkinda-yaz-soleni-duzenledi\/\" \/>\n<meta property=\"og:site_name\" content=\"Kuzeyin Sesi\" \/>\n<meta property=\"article:publisher\" content=\"https:\/\/www.facebook.com\/kuzeyinsesii\" \/>\n<meta property=\"article:published_time\" content=\"2024-08-06T07:49:45+00:00\" \/>\n<meta property=\"og:image\" content=\"https:\/\/brtk.net\/wp-content\/uploads\/2024\/08\/06\/baraka-yaz-soleni-1-.jpg?ver=0364985fdfc8c511a1838a9c1aa89fc9\" \/>\n<meta name=\"author\" content=\"Kuzeyin Sesi\" \/>\n<meta name=\"twitter:card\" content=\"summary_large_image\" \/>\n<meta name=\"twitter:creator\" content=\"@kuzeyinsesii\" \/>\n<meta name=\"twitter:site\" content=\"@kuzeyinsesii\" \/>\n<meta name=\"twitter:label1\" content=\"Yazan:\" \/>\n\t<meta name=\"twitter:data1\" content=\"Kuzeyin Sesi\" \/>\n\t<meta name=\"twitter:label2\" content=\"Tahmini okuma s\u00fcresi\" \/>\n\t<meta name=\"twitter:data2\" content=\"1 dakika\" \/>\n<script type=\"application\/ld+json\" class=\"yoast-schema-graph\">{\"@context\":\"https:\\\/\\\/schema.org\",\"@graph\":[{\"@type\":\"Article\",\"@id\":\"https:\\\/\\\/kuzeyinsesi.org\\\/index.php\\\/2024\\\/08\\\/06\\\/baraka-kultur-merkezi-kizilbas-parkinda-yaz-soleni-duzenledi\\\/#article\",\"isPartOf\":{\"@id\":\"https:\\\/\\\/kuzeyinsesi.org\\\/index.php\\\/2024\\\/08\\\/06\\\/baraka-kultur-merkezi-kizilbas-parkinda-yaz-soleni-duzenledi\\\/\"},\"author\":{\"name\":\"Kuzeyin Sesi\",\"@id\":\"https:\\\/\\\/kuzeyinsesi.org\\\/#\\\/schema\\\/person\\\/9f859689cdf01485597712386e37f5aa\"},\"headline\":\"Baraka K\u00fclt\u00fcr Merkezi K\u0131z\u0131lba\u015f Park\u0131\u2019nda yaz \u015f\u00f6leni d\u00fczenledi\",\"datePublished\":\"2024-08-06T07:49:45+00:00\",\"mainEntityOfPage\":{\"@id\":\"https:\\\/\\\/kuzeyinsesi.org\\\/index.php\\\/2024\\\/08\\\/06\\\/baraka-kultur-merkezi-kizilbas-parkinda-yaz-soleni-duzenledi\\\/\"},\"wordCount\":303,\"commentCount\":0,\"image\":{\"@id\":\"https:\\\/\\\/kuzeyinsesi.org\\\/index.php\\\/2024\\\/08\\\/06\\\/baraka-kultur-merkezi-kizilbas-parkinda-yaz-soleni-duzenledi\\\/#primaryimage\"},\"thumbnailUrl\":\"https:\\\/\\\/kuzeyinsesi.org\\\/wp-content\\\/uploads\\\/2024\\\/08\\\/baraka-yaz-soleni-1-.jpg\",\"articleSection\":[\"Ya\u015fam\"],\"inLanguage\":\"tr\",\"potentialAction\":[{\"@type\":\"CommentAction\",\"name\":\"Comment\",\"target\":[\"https:\\\/\\\/kuzeyinsesi.org\\\/index.php\\\/2024\\\/08\\\/06\\\/baraka-kultur-merkezi-kizilbas-parkinda-yaz-soleni-duzenledi\\\/#respond\"]}]},{\"@type\":\"WebPage\",\"@id\":\"https:\\\/\\\/kuzeyinsesi.org\\\/index.php\\\/2024\\\/08\\\/06\\\/baraka-kultur-merkezi-kizilbas-parkinda-yaz-soleni-duzenledi\\\/\",\"url\":\"https:\\\/\\\/kuzeyinsesi.org\\\/index.php\\\/2024\\\/08\\\/06\\\/baraka-kultur-merkezi-kizilbas-parkinda-yaz-soleni-duzenledi\\\/\",\"name\":\"Baraka K\u00fclt\u00fcr Merkezi K\u0131z\u0131lba\u015f Park\u0131\u2019nda yaz \u015f\u00f6leni d\u00fczenledi - Kuzeyin Sesi\",\"isPartOf\":{\"@id\":\"https:\\\/\\\/kuzeyinsesi.org\\\/#website\"},\"primaryImageOfPage\":{\"@id\":\"https:\\\/\\\/kuzeyinsesi.org\\\/index.php\\\/2024\\\/08\\\/06\\\/baraka-kultur-merkezi-kizilbas-parkinda-yaz-soleni-duzenledi\\\/#primaryimage\"},\"image\":{\"@id\":\"https:\\\/\\\/kuzeyinsesi.org\\\/index.php\\\/2024\\\/08\\\/06\\\/baraka-kultur-merkezi-kizilbas-parkinda-yaz-soleni-duzenledi\\\/#primaryimage\"},\"thumbnailUrl\":\"https:\\\/\\\/kuzeyinsesi.org\\\/wp-content\\\/uploads\\\/2024\\\/08\\\/baraka-yaz-soleni-1-.jpg\",\"datePublished\":\"2024-08-06T07:49:45+00:00\",\"author\":{\"@id\":\"https:\\\/\\\/kuzeyinsesi.org\\\/#\\\/schema\\\/person\\\/9f859689cdf01485597712386e37f5aa\"},\"breadcrumb\":{\"@id\":\"https:\\\/\\\/kuzeyinsesi.org\\\/index.php\\\/2024\\\/08\\\/06\\\/baraka-kultur-merkezi-kizilbas-parkinda-yaz-soleni-duzenledi\\\/#breadcrumb\"},\"inLanguage\":\"tr\",\"potentialAction\":[{\"@type\":\"ReadAction\",\"target\":[\"https:\\\/\\\/kuzeyinsesi.org\\\/index.php\\\/2024\\\/08\\\/06\\\/baraka-kultur-merkezi-kizilbas-parkinda-yaz-soleni-duzenledi\\\/\"]}]},{\"@type\":\"ImageObject\",\"inLanguage\":\"tr\",\"@id\":\"https:\\\/\\\/kuzeyinsesi.org\\\/index.php\\\/2024\\\/08\\\/06\\\/baraka-kultur-merkezi-kizilbas-parkinda-yaz-soleni-duzenledi\\\/#primaryimage\",\"url\":\"https:\\\/\\\/kuzeyinsesi.org\\\/wp-content\\\/uploads\\\/2024\\\/08\\\/baraka-yaz-soleni-1-.jpg\",\"contentUrl\":\"https:\\\/\\\/kuzeyinsesi.org\\\/wp-content\\\/uploads\\\/2024\\\/08\\\/baraka-yaz-soleni-1-.jpg\",\"width\":2048,\"height\":1365},{\"@type\":\"BreadcrumbList\",\"@id\":\"https:\\\/\\\/kuzeyinsesi.org\\\/index.php\\\/2024\\\/08\\\/06\\\/baraka-kultur-merkezi-kizilbas-parkinda-yaz-soleni-duzenledi\\\/#breadcrumb\",\"itemListElement\":[{\"@type\":\"ListItem\",\"position\":1,\"name\":\"Anasayfa\",\"item\":\"https:\\\/\\\/kuzeyinsesi.org\\\/\"},{\"@type\":\"ListItem\",\"position\":2,\"name\":\"Baraka K\u00fclt\u00fcr Merkezi K\u0131z\u0131lba\u015f Park\u0131\u2019nda yaz \u015f\u00f6leni d\u00fczenledi\"}]},{\"@type\":\"WebSite\",\"@id\":\"https:\\\/\\\/kuzeyinsesi.org\\\/#website\",\"url\":\"https:\\\/\\\/kuzeyinsesi.org\\\/\",\"name\":\"Kuzeyin Sesi\",\"description\":\"Do\u011fru Haberin Adresi\",\"potentialAction\":[{\"@type\":\"SearchAction\",\"target\":{\"@type\":\"EntryPoint\",\"urlTemplate\":\"https:\\\/\\\/kuzeyinsesi.org\\\/?s={search_term_string}\"},\"query-input\":{\"@type\":\"PropertyValueSpecification\",\"valueRequired\":true,\"valueName\":\"search_term_string\"}}],\"inLanguage\":\"tr\"},{\"@type\":\"Person\",\"@id\":\"https:\\\/\\\/kuzeyinsesi.org\\\/#\\\/schema\\\/person\\\/9f859689cdf01485597712386e37f5aa\",\"name\":\"Kuzeyin Sesi\",\"image\":{\"@type\":\"ImageObject\",\"inLanguage\":\"tr\",\"@id\":\"https:\\\/\\\/secure.gravatar.com\\\/avatar\\\/bab33852abfd8b282518d6ed81826833d77c3c882d9ab608add591ccace47a44?s=96&d=mm&r=g\",\"url\":\"https:\\\/\\\/secure.gravatar.com\\\/avatar\\\/bab33852abfd8b282518d6ed81826833d77c3c882d9ab608add591ccace47a44?s=96&d=mm&r=g\",\"contentUrl\":\"https:\\\/\\\/secure.gravatar.com\\\/avatar\\\/bab33852abfd8b282518d6ed81826833d77c3c882d9ab608add591ccace47a44?s=96&d=mm&r=g\",\"caption\":\"Kuzeyin Sesi\"},\"sameAs\":[\"https:\\\/\\\/kuzeyinsesi.org\"],\"url\":\"https:\\\/\\\/kuzeyinsesi.org\\\/index.php\\\/author\\\/guven\\\/\"}]}<\/script>\n<!-- \/ Yoast SEO plugin. -->","yoast_head_json":{"title":"Baraka K\u00fclt\u00fcr Merkezi K\u0131z\u0131lba\u015f Park\u0131\u2019nda yaz \u015f\u00f6leni d\u00fczenledi - Kuzeyin Sesi","robots":{"index":"index","follow":"follow","max-snippet":"max-snippet:-1","max-image-preview":"max-image-preview:large","max-video-preview":"max-video-preview:-1"},"canonical":"https:\/\/kuzeyinsesi.org\/index.php\/2024\/08\/06\/baraka-kultur-merkezi-kizilbas-parkinda-yaz-soleni-duzenledi\/","og_locale":"tr_TR","og_type":"article","og_title":"Baraka K\u00fclt\u00fcr Merkezi K\u0131z\u0131lba\u015f Park\u0131\u2019nda yaz \u015f\u00f6leni d\u00fczenledi - Kuzeyin Sesi","og_description":"Baraka K\u00fclt\u00fcr Merkezi, Lefko\u015fa K\u0131z\u0131lba\u015f Park\u0131\u2019nda k\u00fclt\u00fcr sanat i\u00e7erikli yaz \u015f\u00f6leni d\u00fczenledi. Merkezden yap\u0131lan a\u00e7\u0131klamaya g\u00f6re, pazar ak\u015fam\u0131 yap\u0131lan yaz \u015f\u00f6leninde halk danslar\u0131, tiyatro, m\u00fczik, sunum ve video g\u00f6sterileri, K\u0131br\u0131s manileri gibi i\u00e7erikler yer ald\u0131. K\u00fclt\u00fcr Dairesi\u2019nin maddi katk\u0131lar\u0131yla d\u00fczenlenen \u015f\u00f6lende, stantlarda Baraka \u00fcretimleri olan kitaplar, Argasdi dergileri, m\u00fczik ve belgesel cd\u2019leri ve \u201cba\u015fka bir [&hellip;]","og_url":"https:\/\/kuzeyinsesi.org\/index.php\/2024\/08\/06\/baraka-kultur-merkezi-kizilbas-parkinda-yaz-soleni-duzenledi\/","og_site_name":"Kuzeyin Sesi","article_publisher":"https:\/\/www.facebook.com\/kuzeyinsesii","article_published_time":"2024-08-06T07:49:45+00:00","og_image":[{"url":"https:\/\/brtk.net\/wp-content\/uploads\/2024\/08\/06\/baraka-yaz-soleni-1-.jpg?ver=0364985fdfc8c511a1838a9c1aa89fc9","type":"","width":"","height":""}],"author":"Kuzeyin Sesi","twitter_card":"summary_large_image","twitter_creator":"@kuzeyinsesii","twitter_site":"@kuzeyinsesii","twitter_misc":{"Yazan:":"Kuzeyin Sesi","Tahmini okuma s\u00fcresi":"1 dakika"},"schema":{"@context":"https:\/\/schema.org","@graph":[{"@type":"Article","@id":"https:\/\/kuzeyinsesi.org\/index.php\/2024\/08\/06\/baraka-kultur-merkezi-kizilbas-parkinda-yaz-soleni-duzenledi\/#article","isPartOf":{"@id":"https:\/\/kuzeyinsesi.org\/index.php\/2024\/08\/06\/baraka-kultur-merkezi-kizilbas-parkinda-yaz-soleni-duzenledi\/"},"author":{"name":"Kuzeyin Sesi","@id":"https:\/\/kuzeyinsesi.org\/#\/schema\/person\/9f859689cdf01485597712386e37f5aa"},"headline":"Baraka K\u00fclt\u00fcr Merkezi K\u0131z\u0131lba\u015f Park\u0131\u2019nda yaz \u015f\u00f6leni d\u00fczenledi","datePublished":"2024-08-06T07:49:45+00:00","mainEntityOfPage":{"@id":"https:\/\/kuzeyinsesi.org\/index.php\/2024\/08\/06\/baraka-kultur-merkezi-kizilbas-parkinda-yaz-soleni-duzenledi\/"},"wordCount":303,"commentCount":0,"image":{"@id":"https:\/\/kuzeyinsesi.org\/index.php\/2024\/08\/06\/baraka-kultur-merkezi-kizilbas-parkinda-yaz-soleni-duzenledi\/#primaryimage"},"thumbnailUrl":"https:\/\/kuzeyinsesi.org\/wp-content\/uploads\/2024\/08\/baraka-yaz-soleni-1-.jpg","articleSection":["Ya\u015fam"],"inLanguage":"tr","potentialAction":[{"@type":"CommentAction","name":"Comment","target":["https:\/\/kuzeyinsesi.org\/index.php\/2024\/08\/06\/baraka-kultur-merkezi-kizilbas-parkinda-yaz-soleni-duzenledi\/#respond"]}]},{"@type":"WebPage","@id":"https:\/\/kuzeyinsesi.org\/index.php\/2024\/08\/06\/baraka-kultur-merkezi-kizilbas-parkinda-yaz-soleni-duzenledi\/","url":"https:\/\/kuzeyinsesi.org\/index.php\/2024\/08\/06\/baraka-kultur-merkezi-kizilbas-parkinda-yaz-soleni-duzenledi\/","name":"Baraka K\u00fclt\u00fcr Merkezi K\u0131z\u0131lba\u015f Park\u0131\u2019nda yaz \u015f\u00f6leni d\u00fczenledi - Kuzeyin Sesi","isPartOf":{"@id":"https:\/\/kuzeyinsesi.org\/#website"},"primaryImageOfPage":{"@id":"https:\/\/kuzeyinsesi.org\/index.php\/2024\/08\/06\/baraka-kultur-merkezi-kizilbas-parkinda-yaz-soleni-duzenledi\/#primaryimage"},"image":{"@id":"https:\/\/kuzeyinsesi.org\/index.php\/2024\/08\/06\/baraka-kultur-merkezi-kizilbas-parkinda-yaz-soleni-duzenledi\/#primaryimage"},"thumbnailUrl":"https:\/\/kuzeyinsesi.org\/wp-content\/uploads\/2024\/08\/baraka-yaz-soleni-1-.jpg","datePublished":"2024-08-06T07:49:45+00:00","author":{"@id":"https:\/\/kuzeyinsesi.org\/#\/schema\/person\/9f859689cdf01485597712386e37f5aa"},"breadcrumb":{"@id":"https:\/\/kuzeyinsesi.org\/index.php\/2024\/08\/06\/baraka-kultur-merkezi-kizilbas-parkinda-yaz-soleni-duzenledi\/#breadcrumb"},"inLanguage":"tr","potentialAction":[{"@type":"ReadAction","target":["https:\/\/kuzeyinsesi.org\/index.php\/2024\/08\/06\/baraka-kultur-merkezi-kizilbas-parkinda-yaz-soleni-duzenledi\/"]}]},{"@type":"ImageObject","inLanguage":"tr","@id":"https:\/\/kuzeyinsesi.org\/index.php\/2024\/08\/06\/baraka-kultur-merkezi-kizilbas-parkinda-yaz-soleni-duzenledi\/#primaryimage","url":"https:\/\/kuzeyinsesi.org\/wp-content\/uploads\/2024\/08\/baraka-yaz-soleni-1-.jpg","contentUrl":"https:\/\/kuzeyinsesi.org\/wp-content\/uploads\/2024\/08\/baraka-yaz-soleni-1-.jpg","width":2048,"height":1365},{"@type":"BreadcrumbList","@id":"https:\/\/kuzeyinsesi.org\/index.php\/2024\/08\/06\/baraka-kultur-merkezi-kizilbas-parkinda-yaz-soleni-duzenledi\/#breadcrumb","itemListElement":[{"@type":"ListItem","position":1,"name":"Anasayfa","item":"https:\/\/kuzeyinsesi.org\/"},{"@type":"ListItem","position":2,"name":"Baraka K\u00fclt\u00fcr Merkezi K\u0131z\u0131lba\u015f Park\u0131\u2019nda yaz \u015f\u00f6leni d\u00fczenledi"}]},{"@type":"WebSite","@id":"https:\/\/kuzeyinsesi.org\/#website","url":"https:\/\/kuzeyinsesi.org\/","name":"Kuzeyin Sesi","description":"Do\u011fru Haberin Adresi","potentialAction":[{"@type":"SearchAction","target":{"@type":"EntryPoint","urlTemplate":"https:\/\/kuzeyinsesi.org\/?s={search_term_string}"},"query-input":{"@type":"PropertyValueSpecification","valueRequired":true,"valueName":"search_term_string"}}],"inLanguage":"tr"},{"@type":"Person","@id":"https:\/\/kuzeyinsesi.org\/#\/schema\/person\/9f859689cdf01485597712386e37f5aa","name":"Kuzeyin Sesi","image":{"@type":"ImageObject","inLanguage":"tr","@id":"https:\/\/secure.gravatar.com\/avatar\/bab33852abfd8b282518d6ed81826833d77c3c882d9ab608add591ccace47a44?s=96&d=mm&r=g","url":"https:\/\/secure.gravatar.com\/avatar\/bab33852abfd8b282518d6ed81826833d77c3c882d9ab608add591ccace47a44?s=96&d=mm&r=g","contentUrl":"https:\/\/secure.gravatar.com\/avatar\/bab33852abfd8b282518d6ed81826833d77c3c882d9ab608add591ccace47a44?s=96&d=mm&r=g","caption":"Kuzeyin Sesi"},"sameAs":["https:\/\/kuzeyinsesi.org"],"url":"https:\/\/kuzeyinsesi.org\/index.php\/author\/guven\/"}]}},"_links":{"self":[{"href":"https:\/\/kuzeyinsesi.org\/index.php\/wp-json\/wp\/v2\/posts\/7532","targetHints":{"allow":["GET"]}}],"collection":[{"href":"https:\/\/kuzeyinsesi.org\/index.php\/wp-json\/wp\/v2\/posts"}],"about":[{"href":"https:\/\/kuzeyinsesi.org\/index.php\/wp-json\/wp\/v2\/types\/post"}],"author":[{"embeddable":true,"href":"https:\/\/kuzeyinsesi.org\/index.php\/wp-json\/wp\/v2\/users\/1"}],"replies":[{"embeddable":true,"href":"https:\/\/kuzeyinsesi.org\/index.php\/wp-json\/wp\/v2\/comments?post=7532"}],"version-history":[{"count":0,"href":"https:\/\/kuzeyinsesi.org\/index.php\/wp-json\/wp\/v2\/posts\/7532\/revisions"}],"wp:featuredmedia":[{"embeddable":true,"href":"https:\/\/kuzeyinsesi.org\/index.php\/wp-json\/wp\/v2\/media\/7533"}],"wp:attachment":[{"href":"https:\/\/kuzeyinsesi.org\/index.php\/wp-json\/wp\/v2\/media?parent=7532"}],"wp:term":[{"taxonomy":"category","embeddable":true,"href":"https:\/\/kuzeyinsesi.org\/index.php\/wp-json\/wp\/v2\/categories?post=7532"},{"taxonomy":"post_tag","embeddable":true,"href":"https:\/\/kuzeyinsesi.org\/index.php\/wp-json\/wp\/v2\/tags?post=7532"}],"curies":[{"name":"wp","href":"https:\/\/api.w.org\/{rel}","templated":true}]}}