{"id":7504,"date":"2024-08-05T15:04:13","date_gmt":"2024-08-05T12:04:13","guid":{"rendered":"https:\/\/kuzeyinsesi.org\/index.php\/2024\/08\/05\/girne-belediyesinin-duzenledigi-yaz-etkinlik-programi-devam-ediyor\/"},"modified":"2024-08-05T15:04:13","modified_gmt":"2024-08-05T12:04:13","slug":"girne-belediyesinin-duzenledigi-yaz-etkinlik-programi-devam-ediyor","status":"publish","type":"post","link":"https:\/\/kuzeyinsesi.org\/index.php\/2024\/08\/05\/girne-belediyesinin-duzenledigi-yaz-etkinlik-programi-devam-ediyor\/","title":{"rendered":"Girne Belediyesi\u2019nin d\u00fczenledi\u011fi yaz etkinlik program\u0131 devam ediyor"},"content":{"rendered":"<div>\n<p>\u00a0<\/p>\n<p>\u00a0<\/p>\n<div class=\"mariselle-image-container center\">\n                                            <\/div>\n<p style=\"font-weight: 300;\"><span style=\"font-weight: 300 !important;\">Girne Belediyesi Sosyal \u0130\u015fler \u015eubesi\u2019ne ba\u011fl\u0131 Hayat Boyu \u00d6\u011frenme ve Sosyal Ya\u015fam Merkezi\u2019nin, 8-13 ya\u015f \u00e7ocuklar i\u00e7in d\u00fczenledi\u011fi yaz tatili etkinlik program\u0131 A\u011fustos ay\u0131nda da devam ediyor.<\/span><\/p>\n<p style=\"font-weight: 300;\"><span style=\"font-weight: 300 !important;\">\u00a0<\/span><\/p>\n<p style=\"font-weight: 300;\"><span style=\"font-weight: 300 !important;\">Girne Belediyesi\u2019nden yap\u0131lan yaz\u0131l\u0131 a\u00e7\u0131klamaya g\u00f6re, e\u011fitmenler Deniz Poyrazo\u011flu, Nevin Halis ve Sosyal \u0130\u015fler Personeli e\u015fli\u011finde hayat bulan etkinlikler, eski Girne Belediye binas\u0131ndaki Hayat Boyu \u00d6\u011frenme ve Sosyal Ya\u015fam Merkez\u2019inde \u00fccretsiz olarak ger\u00e7ekle\u015ftiriliyor.<\/span><\/p>\n<p style=\"font-weight: 300;\"><span style=\"font-weight: 300 !important;\">\u00a0<\/span><\/p>\n<p style=\"font-weight: 300;\"><span style=\"font-weight: 300 !important;\">\u00d6nceden kay\u0131t yapt\u0131rmak gerekti\u011fi a\u00e7\u0131klanan etkinlikler i\u00e7in 0392 815 16 08 ve 0539 112 63 63 numaral\u0131 telefonlara ba\u015fvuru yap\u0131labilecek.\u00a0<\/span><\/p>\n<p style=\"font-weight: 300;\"><span style=\"font-weight: 300 !important;\">Etkinlik programlar\u0131 \u015f\u00f6yle:<br \/><\/span><\/p>\n<p style=\"font-weight: 300;\"><span style=\"font-weight: 300 !important;\">\u00a0<\/span><\/p>\n<p style=\"font-weight: 300;\"><span style=\"font-weight: 300 !important;\">\u201c10 A\u011fustos Cumartesi g\u00fcn\u00fc saat\u00a0<\/span><span style=\"font-weight: 300 !important;\">11.00-12.00 \u201cKendi Maskeni Tasarla\u201d, saat 12.00-13.00 \u201cToka At\u00f6lyesi\u201d, saat 13.00 \u2013 14.30\u201cYarat\u0131c\u0131 Sanat At\u00f6lyesi\u201d, 11 A\u011fustos Pazar g\u00fcn\u00fc saat 9.30-11.30 \u201cAntik Liman ve Girne Kalesi Gezisi\u201d, 17 A\u011fustos Cumartesi g\u00fcn\u00fc saat 11.00-12.00 \u201cMagnet At\u00f6lyesi\u201d, saat 12.00-13.00 \u201cTatl\u0131 At\u00f6lyesi\u201d, saat 13.00-14.30 \u201cYarat\u0131c\u0131 Sanat At\u00f6lyesi\u201d; 18 A\u011fustos Pazar g\u00fcn\u00fc saat 9.30-11.30 \u201cAntik Liman ve Girne Kalesi Gezisi\u201d; 24 A\u011fustos Cumartesi g\u00fcn\u00fc saat 11.00-12.00 \u201c\u00c7er\u00e7eveni Yarat At\u00f6lyesi\u201d, saat 12.00-13.00 \u201cYarat\u0131c\u0131 Sanat At\u00f6lyesi\u201d, saat 13.00-14.30 \u201cTak\u0131 Tasar\u0131m At\u00f6lyesi\u201d; 25 A\u011fustos Pazar g\u00fcn\u00fc saat 10.00-12.00 \u201c5-8 Ya\u015f Survivor Yar\u0131\u015fmas\u0131\u201d ve saat 13.00-15.00 \u201c9-13 Ya\u015f Survivor Yar\u0131\u015fmas\u0131.\u201d<\/span><\/p>\n<\/p><\/div>\n<p><script async\n                    defer\n                    crossorigin=\"anonymous\"\n                    src=\"https:\/\/connect.facebook.net\/tr_TR\/sdk.js#xfbml=1&#038;version=v3.3\"\n            ><\/script><\/p>\n","protected":false},"excerpt":{"rendered":"<p>\u00a0 \u00a0 Girne Belediyesi Sosyal \u0130\u015fler \u015eubesi\u2019ne ba\u011fl\u0131 Hayat Boyu \u00d6\u011frenme ve Sosyal Ya\u015fam Merkezi\u2019nin, 8-13 ya\u015f \u00e7ocuklar i\u00e7in d\u00fczenledi\u011fi yaz tatili etkinlik program\u0131 A\u011fustos ay\u0131nda da devam ediyor. \u00a0 Girne Belediyesi\u2019nden yap\u0131lan yaz\u0131l\u0131 a\u00e7\u0131klamaya g\u00f6re, e\u011fitmenler Deniz Poyrazo\u011flu, Nevin Halis ve Sosyal \u0130\u015fler Personeli e\u015fli\u011finde hayat bulan etkinlikler, eski Girne Belediye binas\u0131ndaki Hayat Boyu [&hellip;]<\/p>\n","protected":false},"author":1,"featured_media":7505,"comment_status":"open","ping_status":"open","sticky":false,"template":"","format":"standard","meta":{"jnews-multi-image_gallery":[],"jnews_single_post":[],"jnews_primary_category":[],"jnews_social_meta":[],"jnews_override_counter":[],"footnotes":""},"categories":[6],"tags":[],"class_list":["post-7504","post","type-post","status-publish","format-standard","has-post-thumbnail","hentry","category-yasam"],"yoast_head":"<!-- This site is optimized with the Yoast SEO plugin v27.5 - https:\/\/yoast.com\/product\/yoast-seo-wordpress\/ -->\n<title>Girne Belediyesi\u2019nin d\u00fczenledi\u011fi yaz etkinlik program\u0131 devam ediyor - Kuzeyin Sesi<\/title>\n<meta name=\"robots\" content=\"index, follow, max-snippet:-1, max-image-preview:large, max-video-preview:-1\" \/>\n<link rel=\"canonical\" href=\"https:\/\/kuzeyinsesi.org\/index.php\/2024\/08\/05\/girne-belediyesinin-duzenledigi-yaz-etkinlik-programi-devam-ediyor\/\" \/>\n<meta property=\"og:locale\" content=\"tr_TR\" \/>\n<meta property=\"og:type\" content=\"article\" \/>\n<meta property=\"og:title\" content=\"Girne Belediyesi\u2019nin d\u00fczenledi\u011fi yaz etkinlik program\u0131 devam ediyor - Kuzeyin Sesi\" \/>\n<meta property=\"og:description\" content=\"\u00a0 \u00a0 Girne Belediyesi Sosyal \u0130\u015fler \u015eubesi\u2019ne ba\u011fl\u0131 Hayat Boyu \u00d6\u011frenme ve Sosyal Ya\u015fam Merkezi\u2019nin, 8-13 ya\u015f \u00e7ocuklar i\u00e7in d\u00fczenledi\u011fi yaz tatili etkinlik program\u0131 A\u011fustos ay\u0131nda da devam ediyor. \u00a0 Girne Belediyesi\u2019nden yap\u0131lan yaz\u0131l\u0131 a\u00e7\u0131klamaya g\u00f6re, e\u011fitmenler Deniz Poyrazo\u011flu, Nevin Halis ve Sosyal \u0130\u015fler Personeli e\u015fli\u011finde hayat bulan etkinlikler, eski Girne Belediye binas\u0131ndaki Hayat Boyu [&hellip;]\" \/>\n<meta property=\"og:url\" content=\"https:\/\/kuzeyinsesi.org\/index.php\/2024\/08\/05\/girne-belediyesinin-duzenledigi-yaz-etkinlik-programi-devam-ediyor\/\" \/>\n<meta property=\"og:site_name\" content=\"Kuzeyin Sesi\" \/>\n<meta property=\"article:publisher\" content=\"https:\/\/www.facebook.com\/kuzeyinsesii\" \/>\n<meta property=\"article:published_time\" content=\"2024-08-05T12:04:13+00:00\" \/>\n<meta property=\"og:image\" content=\"https:\/\/brtk.net\/wp-content\/uploads\/2024\/08\/05\/gqwepogq.jpeg?ver=fc9bd3af5e30a4495704dd2d8a3bbfcb\" \/>\n<meta name=\"author\" content=\"Kuzeyin Sesi\" \/>\n<meta name=\"twitter:card\" content=\"summary_large_image\" \/>\n<meta name=\"twitter:creator\" content=\"@kuzeyinsesii\" \/>\n<meta name=\"twitter:site\" content=\"@kuzeyinsesii\" \/>\n<meta name=\"twitter:label1\" content=\"Yazan:\" \/>\n\t<meta name=\"twitter:data1\" content=\"Kuzeyin Sesi\" \/>\n\t<meta name=\"twitter:label2\" content=\"Tahmini okuma s\u00fcresi\" \/>\n\t<meta name=\"twitter:data2\" content=\"1 dakika\" \/>\n<script type=\"application\/ld+json\" class=\"yoast-schema-graph\">{\"@context\":\"https:\\\/\\\/schema.org\",\"@graph\":[{\"@type\":\"Article\",\"@id\":\"https:\\\/\\\/kuzeyinsesi.org\\\/index.php\\\/2024\\\/08\\\/05\\\/girne-belediyesinin-duzenledigi-yaz-etkinlik-programi-devam-ediyor\\\/#article\",\"isPartOf\":{\"@id\":\"https:\\\/\\\/kuzeyinsesi.org\\\/index.php\\\/2024\\\/08\\\/05\\\/girne-belediyesinin-duzenledigi-yaz-etkinlik-programi-devam-ediyor\\\/\"},\"author\":{\"name\":\"Kuzeyin Sesi\",\"@id\":\"https:\\\/\\\/kuzeyinsesi.org\\\/#\\\/schema\\\/person\\\/9f859689cdf01485597712386e37f5aa\"},\"headline\":\"Girne Belediyesi\u2019nin d\u00fczenledi\u011fi yaz etkinlik program\u0131 devam ediyor\",\"datePublished\":\"2024-08-05T12:04:13+00:00\",\"mainEntityOfPage\":{\"@id\":\"https:\\\/\\\/kuzeyinsesi.org\\\/index.php\\\/2024\\\/08\\\/05\\\/girne-belediyesinin-duzenledigi-yaz-etkinlik-programi-devam-ediyor\\\/\"},\"wordCount\":231,\"commentCount\":0,\"image\":{\"@id\":\"https:\\\/\\\/kuzeyinsesi.org\\\/index.php\\\/2024\\\/08\\\/05\\\/girne-belediyesinin-duzenledigi-yaz-etkinlik-programi-devam-ediyor\\\/#primaryimage\"},\"thumbnailUrl\":\"https:\\\/\\\/kuzeyinsesi.org\\\/wp-content\\\/uploads\\\/2024\\\/08\\\/gqwepogq.jpeg\",\"articleSection\":[\"Ya\u015fam\"],\"inLanguage\":\"tr\",\"potentialAction\":[{\"@type\":\"CommentAction\",\"name\":\"Comment\",\"target\":[\"https:\\\/\\\/kuzeyinsesi.org\\\/index.php\\\/2024\\\/08\\\/05\\\/girne-belediyesinin-duzenledigi-yaz-etkinlik-programi-devam-ediyor\\\/#respond\"]}]},{\"@type\":\"WebPage\",\"@id\":\"https:\\\/\\\/kuzeyinsesi.org\\\/index.php\\\/2024\\\/08\\\/05\\\/girne-belediyesinin-duzenledigi-yaz-etkinlik-programi-devam-ediyor\\\/\",\"url\":\"https:\\\/\\\/kuzeyinsesi.org\\\/index.php\\\/2024\\\/08\\\/05\\\/girne-belediyesinin-duzenledigi-yaz-etkinlik-programi-devam-ediyor\\\/\",\"name\":\"Girne Belediyesi\u2019nin d\u00fczenledi\u011fi yaz etkinlik program\u0131 devam ediyor - Kuzeyin Sesi\",\"isPartOf\":{\"@id\":\"https:\\\/\\\/kuzeyinsesi.org\\\/#website\"},\"primaryImageOfPage\":{\"@id\":\"https:\\\/\\\/kuzeyinsesi.org\\\/index.php\\\/2024\\\/08\\\/05\\\/girne-belediyesinin-duzenledigi-yaz-etkinlik-programi-devam-ediyor\\\/#primaryimage\"},\"image\":{\"@id\":\"https:\\\/\\\/kuzeyinsesi.org\\\/index.php\\\/2024\\\/08\\\/05\\\/girne-belediyesinin-duzenledigi-yaz-etkinlik-programi-devam-ediyor\\\/#primaryimage\"},\"thumbnailUrl\":\"https:\\\/\\\/kuzeyinsesi.org\\\/wp-content\\\/uploads\\\/2024\\\/08\\\/gqwepogq.jpeg\",\"datePublished\":\"2024-08-05T12:04:13+00:00\",\"author\":{\"@id\":\"https:\\\/\\\/kuzeyinsesi.org\\\/#\\\/schema\\\/person\\\/9f859689cdf01485597712386e37f5aa\"},\"breadcrumb\":{\"@id\":\"https:\\\/\\\/kuzeyinsesi.org\\\/index.php\\\/2024\\\/08\\\/05\\\/girne-belediyesinin-duzenledigi-yaz-etkinlik-programi-devam-ediyor\\\/#breadcrumb\"},\"inLanguage\":\"tr\",\"potentialAction\":[{\"@type\":\"ReadAction\",\"target\":[\"https:\\\/\\\/kuzeyinsesi.org\\\/index.php\\\/2024\\\/08\\\/05\\\/girne-belediyesinin-duzenledigi-yaz-etkinlik-programi-devam-ediyor\\\/\"]}]},{\"@type\":\"ImageObject\",\"inLanguage\":\"tr\",\"@id\":\"https:\\\/\\\/kuzeyinsesi.org\\\/index.php\\\/2024\\\/08\\\/05\\\/girne-belediyesinin-duzenledigi-yaz-etkinlik-programi-devam-ediyor\\\/#primaryimage\",\"url\":\"https:\\\/\\\/kuzeyinsesi.org\\\/wp-content\\\/uploads\\\/2024\\\/08\\\/gqwepogq.jpeg\",\"contentUrl\":\"https:\\\/\\\/kuzeyinsesi.org\\\/wp-content\\\/uploads\\\/2024\\\/08\\\/gqwepogq.jpeg\",\"width\":1600,\"height\":1200},{\"@type\":\"BreadcrumbList\",\"@id\":\"https:\\\/\\\/kuzeyinsesi.org\\\/index.php\\\/2024\\\/08\\\/05\\\/girne-belediyesinin-duzenledigi-yaz-etkinlik-programi-devam-ediyor\\\/#breadcrumb\",\"itemListElement\":[{\"@type\":\"ListItem\",\"position\":1,\"name\":\"Anasayfa\",\"item\":\"https:\\\/\\\/kuzeyinsesi.org\\\/\"},{\"@type\":\"ListItem\",\"position\":2,\"name\":\"Girne Belediyesi\u2019nin d\u00fczenledi\u011fi yaz etkinlik program\u0131 devam ediyor\"}]},{\"@type\":\"WebSite\",\"@id\":\"https:\\\/\\\/kuzeyinsesi.org\\\/#website\",\"url\":\"https:\\\/\\\/kuzeyinsesi.org\\\/\",\"name\":\"Kuzeyin Sesi\",\"description\":\"Do\u011fru Haberin Adresi\",\"potentialAction\":[{\"@type\":\"SearchAction\",\"target\":{\"@type\":\"EntryPoint\",\"urlTemplate\":\"https:\\\/\\\/kuzeyinsesi.org\\\/?s={search_term_string}\"},\"query-input\":{\"@type\":\"PropertyValueSpecification\",\"valueRequired\":true,\"valueName\":\"search_term_string\"}}],\"inLanguage\":\"tr\"},{\"@type\":\"Person\",\"@id\":\"https:\\\/\\\/kuzeyinsesi.org\\\/#\\\/schema\\\/person\\\/9f859689cdf01485597712386e37f5aa\",\"name\":\"Kuzeyin Sesi\",\"image\":{\"@type\":\"ImageObject\",\"inLanguage\":\"tr\",\"@id\":\"https:\\\/\\\/secure.gravatar.com\\\/avatar\\\/bab33852abfd8b282518d6ed81826833d77c3c882d9ab608add591ccace47a44?s=96&d=mm&r=g\",\"url\":\"https:\\\/\\\/secure.gravatar.com\\\/avatar\\\/bab33852abfd8b282518d6ed81826833d77c3c882d9ab608add591ccace47a44?s=96&d=mm&r=g\",\"contentUrl\":\"https:\\\/\\\/secure.gravatar.com\\\/avatar\\\/bab33852abfd8b282518d6ed81826833d77c3c882d9ab608add591ccace47a44?s=96&d=mm&r=g\",\"caption\":\"Kuzeyin Sesi\"},\"sameAs\":[\"https:\\\/\\\/kuzeyinsesi.org\"],\"url\":\"https:\\\/\\\/kuzeyinsesi.org\\\/index.php\\\/author\\\/guven\\\/\"}]}<\/script>\n<!-- \/ Yoast SEO plugin. -->","yoast_head_json":{"title":"Girne Belediyesi\u2019nin d\u00fczenledi\u011fi yaz etkinlik program\u0131 devam ediyor - Kuzeyin Sesi","robots":{"index":"index","follow":"follow","max-snippet":"max-snippet:-1","max-image-preview":"max-image-preview:large","max-video-preview":"max-video-preview:-1"},"canonical":"https:\/\/kuzeyinsesi.org\/index.php\/2024\/08\/05\/girne-belediyesinin-duzenledigi-yaz-etkinlik-programi-devam-ediyor\/","og_locale":"tr_TR","og_type":"article","og_title":"Girne Belediyesi\u2019nin d\u00fczenledi\u011fi yaz etkinlik program\u0131 devam ediyor - Kuzeyin Sesi","og_description":"\u00a0 \u00a0 Girne Belediyesi Sosyal \u0130\u015fler \u015eubesi\u2019ne ba\u011fl\u0131 Hayat Boyu \u00d6\u011frenme ve Sosyal Ya\u015fam Merkezi\u2019nin, 8-13 ya\u015f \u00e7ocuklar i\u00e7in d\u00fczenledi\u011fi yaz tatili etkinlik program\u0131 A\u011fustos ay\u0131nda da devam ediyor. \u00a0 Girne Belediyesi\u2019nden yap\u0131lan yaz\u0131l\u0131 a\u00e7\u0131klamaya g\u00f6re, e\u011fitmenler Deniz Poyrazo\u011flu, Nevin Halis ve Sosyal \u0130\u015fler Personeli e\u015fli\u011finde hayat bulan etkinlikler, eski Girne Belediye binas\u0131ndaki Hayat Boyu [&hellip;]","og_url":"https:\/\/kuzeyinsesi.org\/index.php\/2024\/08\/05\/girne-belediyesinin-duzenledigi-yaz-etkinlik-programi-devam-ediyor\/","og_site_name":"Kuzeyin Sesi","article_publisher":"https:\/\/www.facebook.com\/kuzeyinsesii","article_published_time":"2024-08-05T12:04:13+00:00","og_image":[{"url":"https:\/\/brtk.net\/wp-content\/uploads\/2024\/08\/05\/gqwepogq.jpeg?ver=fc9bd3af5e30a4495704dd2d8a3bbfcb","type":"","width":"","height":""}],"author":"Kuzeyin Sesi","twitter_card":"summary_large_image","twitter_creator":"@kuzeyinsesii","twitter_site":"@kuzeyinsesii","twitter_misc":{"Yazan:":"Kuzeyin Sesi","Tahmini okuma s\u00fcresi":"1 dakika"},"schema":{"@context":"https:\/\/schema.org","@graph":[{"@type":"Article","@id":"https:\/\/kuzeyinsesi.org\/index.php\/2024\/08\/05\/girne-belediyesinin-duzenledigi-yaz-etkinlik-programi-devam-ediyor\/#article","isPartOf":{"@id":"https:\/\/kuzeyinsesi.org\/index.php\/2024\/08\/05\/girne-belediyesinin-duzenledigi-yaz-etkinlik-programi-devam-ediyor\/"},"author":{"name":"Kuzeyin Sesi","@id":"https:\/\/kuzeyinsesi.org\/#\/schema\/person\/9f859689cdf01485597712386e37f5aa"},"headline":"Girne Belediyesi\u2019nin d\u00fczenledi\u011fi yaz etkinlik program\u0131 devam ediyor","datePublished":"2024-08-05T12:04:13+00:00","mainEntityOfPage":{"@id":"https:\/\/kuzeyinsesi.org\/index.php\/2024\/08\/05\/girne-belediyesinin-duzenledigi-yaz-etkinlik-programi-devam-ediyor\/"},"wordCount":231,"commentCount":0,"image":{"@id":"https:\/\/kuzeyinsesi.org\/index.php\/2024\/08\/05\/girne-belediyesinin-duzenledigi-yaz-etkinlik-programi-devam-ediyor\/#primaryimage"},"thumbnailUrl":"https:\/\/kuzeyinsesi.org\/wp-content\/uploads\/2024\/08\/gqwepogq.jpeg","articleSection":["Ya\u015fam"],"inLanguage":"tr","potentialAction":[{"@type":"CommentAction","name":"Comment","target":["https:\/\/kuzeyinsesi.org\/index.php\/2024\/08\/05\/girne-belediyesinin-duzenledigi-yaz-etkinlik-programi-devam-ediyor\/#respond"]}]},{"@type":"WebPage","@id":"https:\/\/kuzeyinsesi.org\/index.php\/2024\/08\/05\/girne-belediyesinin-duzenledigi-yaz-etkinlik-programi-devam-ediyor\/","url":"https:\/\/kuzeyinsesi.org\/index.php\/2024\/08\/05\/girne-belediyesinin-duzenledigi-yaz-etkinlik-programi-devam-ediyor\/","name":"Girne Belediyesi\u2019nin d\u00fczenledi\u011fi yaz etkinlik program\u0131 devam ediyor - Kuzeyin Sesi","isPartOf":{"@id":"https:\/\/kuzeyinsesi.org\/#website"},"primaryImageOfPage":{"@id":"https:\/\/kuzeyinsesi.org\/index.php\/2024\/08\/05\/girne-belediyesinin-duzenledigi-yaz-etkinlik-programi-devam-ediyor\/#primaryimage"},"image":{"@id":"https:\/\/kuzeyinsesi.org\/index.php\/2024\/08\/05\/girne-belediyesinin-duzenledigi-yaz-etkinlik-programi-devam-ediyor\/#primaryimage"},"thumbnailUrl":"https:\/\/kuzeyinsesi.org\/wp-content\/uploads\/2024\/08\/gqwepogq.jpeg","datePublished":"2024-08-05T12:04:13+00:00","author":{"@id":"https:\/\/kuzeyinsesi.org\/#\/schema\/person\/9f859689cdf01485597712386e37f5aa"},"breadcrumb":{"@id":"https:\/\/kuzeyinsesi.org\/index.php\/2024\/08\/05\/girne-belediyesinin-duzenledigi-yaz-etkinlik-programi-devam-ediyor\/#breadcrumb"},"inLanguage":"tr","potentialAction":[{"@type":"ReadAction","target":["https:\/\/kuzeyinsesi.org\/index.php\/2024\/08\/05\/girne-belediyesinin-duzenledigi-yaz-etkinlik-programi-devam-ediyor\/"]}]},{"@type":"ImageObject","inLanguage":"tr","@id":"https:\/\/kuzeyinsesi.org\/index.php\/2024\/08\/05\/girne-belediyesinin-duzenledigi-yaz-etkinlik-programi-devam-ediyor\/#primaryimage","url":"https:\/\/kuzeyinsesi.org\/wp-content\/uploads\/2024\/08\/gqwepogq.jpeg","contentUrl":"https:\/\/kuzeyinsesi.org\/wp-content\/uploads\/2024\/08\/gqwepogq.jpeg","width":1600,"height":1200},{"@type":"BreadcrumbList","@id":"https:\/\/kuzeyinsesi.org\/index.php\/2024\/08\/05\/girne-belediyesinin-duzenledigi-yaz-etkinlik-programi-devam-ediyor\/#breadcrumb","itemListElement":[{"@type":"ListItem","position":1,"name":"Anasayfa","item":"https:\/\/kuzeyinsesi.org\/"},{"@type":"ListItem","position":2,"name":"Girne Belediyesi\u2019nin d\u00fczenledi\u011fi yaz etkinlik program\u0131 devam ediyor"}]},{"@type":"WebSite","@id":"https:\/\/kuzeyinsesi.org\/#website","url":"https:\/\/kuzeyinsesi.org\/","name":"Kuzeyin Sesi","description":"Do\u011fru Haberin Adresi","potentialAction":[{"@type":"SearchAction","target":{"@type":"EntryPoint","urlTemplate":"https:\/\/kuzeyinsesi.org\/?s={search_term_string}"},"query-input":{"@type":"PropertyValueSpecification","valueRequired":true,"valueName":"search_term_string"}}],"inLanguage":"tr"},{"@type":"Person","@id":"https:\/\/kuzeyinsesi.org\/#\/schema\/person\/9f859689cdf01485597712386e37f5aa","name":"Kuzeyin Sesi","image":{"@type":"ImageObject","inLanguage":"tr","@id":"https:\/\/secure.gravatar.com\/avatar\/bab33852abfd8b282518d6ed81826833d77c3c882d9ab608add591ccace47a44?s=96&d=mm&r=g","url":"https:\/\/secure.gravatar.com\/avatar\/bab33852abfd8b282518d6ed81826833d77c3c882d9ab608add591ccace47a44?s=96&d=mm&r=g","contentUrl":"https:\/\/secure.gravatar.com\/avatar\/bab33852abfd8b282518d6ed81826833d77c3c882d9ab608add591ccace47a44?s=96&d=mm&r=g","caption":"Kuzeyin Sesi"},"sameAs":["https:\/\/kuzeyinsesi.org"],"url":"https:\/\/kuzeyinsesi.org\/index.php\/author\/guven\/"}]}},"_links":{"self":[{"href":"https:\/\/kuzeyinsesi.org\/index.php\/wp-json\/wp\/v2\/posts\/7504","targetHints":{"allow":["GET"]}}],"collection":[{"href":"https:\/\/kuzeyinsesi.org\/index.php\/wp-json\/wp\/v2\/posts"}],"about":[{"href":"https:\/\/kuzeyinsesi.org\/index.php\/wp-json\/wp\/v2\/types\/post"}],"author":[{"embeddable":true,"href":"https:\/\/kuzeyinsesi.org\/index.php\/wp-json\/wp\/v2\/users\/1"}],"replies":[{"embeddable":true,"href":"https:\/\/kuzeyinsesi.org\/index.php\/wp-json\/wp\/v2\/comments?post=7504"}],"version-history":[{"count":0,"href":"https:\/\/kuzeyinsesi.org\/index.php\/wp-json\/wp\/v2\/posts\/7504\/revisions"}],"wp:featuredmedia":[{"embeddable":true,"href":"https:\/\/kuzeyinsesi.org\/index.php\/wp-json\/wp\/v2\/media\/7505"}],"wp:attachment":[{"href":"https:\/\/kuzeyinsesi.org\/index.php\/wp-json\/wp\/v2\/media?parent=7504"}],"wp:term":[{"taxonomy":"category","embeddable":true,"href":"https:\/\/kuzeyinsesi.org\/index.php\/wp-json\/wp\/v2\/categories?post=7504"},{"taxonomy":"post_tag","embeddable":true,"href":"https:\/\/kuzeyinsesi.org\/index.php\/wp-json\/wp\/v2\/tags?post=7504"}],"curies":[{"name":"wp","href":"https:\/\/api.w.org\/{rel}","templated":true}]}}