{"id":7499,"date":"2024-08-05T14:01:11","date_gmt":"2024-08-05T11:01:11","guid":{"rendered":"https:\/\/kuzeyinsesi.org\/index.php\/2024\/08\/05\/uzum-festivalinde-uzum-bagindan-sofraya-yemek-yarismasi-etkinligi-duzenledi\/"},"modified":"2024-08-05T14:01:11","modified_gmt":"2024-08-05T11:01:11","slug":"uzum-festivalinde-uzum-bagindan-sofraya-yemek-yarismasi-etkinligi-duzenledi","status":"publish","type":"post","link":"https:\/\/kuzeyinsesi.org\/index.php\/2024\/08\/05\/uzum-festivalinde-uzum-bagindan-sofraya-yemek-yarismasi-etkinligi-duzenledi\/","title":{"rendered":"\u00dcz\u00fcm Festivali\u2019nde \u201c\u00dcz\u00fcm Ba\u011f\u0131ndan Sofraya Yemek Yar\u0131\u015fmas\u0131\u201d etkinli\u011fi d\u00fczenledi"},"content":{"rendered":"<div>\n<div class=\"mariselle-image-container center\">\n                                            <\/div>\n<p> 62. Mehmet\u00e7ik \u00dcz\u00fcm Festivali kapsam\u0131nda d\u00fcn, \u201c\u00dcz\u00fcm Ba\u011f\u0131ndan Sofraya Yemek Yar\u0131\u015fmas\u0131\u201d etkinli\u011fi d\u00fczenlendi.<\/p>\n<p>Mehmet\u00e7ik B\u00fcy\u00fckkonuk Belediyesi\u2019nden yap\u0131lan yaz\u0131l\u0131 a\u00e7\u0131klamaya g\u00f6re, etkinlikte 20 \u00e7e\u015fit yemek yar\u0131\u015ft\u0131 ve kat\u0131l\u0131mc\u0131lar\u0131n yarat\u0131c\u0131l\u0131k ve yetenekleri sergilendi.<\/p>\n<p>Etkinli\u011fin j\u00fcri \u00fcyeleri, Karpaz Meslek Lisesi \u00f6\u011fretmeni Letife S\u00f6zalp \u00d6\u011fd\u00fc, Beng\u00fcl Pars ve Mustafa Demiry\u00fcrek oldu.<\/p>\n<p>Yar\u0131\u015fmada birincilik \u00f6d\u00fcl\u00fcn\u00fc Louis Cemal; ikincilik \u00f6d\u00fcl\u00fcn\u00fc \u015eenay Eri\u015fen ve \u00fc\u00e7\u00fcnc\u00fcl\u00fck \u00f6d\u00fcl\u00fcn\u00fc Nuray \u00c7\u0131nar\u2019\u0131n yemekleri kazand\u0131. <\/p>\n<p>Dereceye giren yar\u0131\u015fmac\u0131lara \u00f6d\u00fclleri Mehmet\u00e7ik B\u00fcy\u00fckkonuk Belediye Ba\u015fkan\u0131 Fatma \u00c7imen Tu\u011flu taraf\u0131ndan takdim edildi.<\/p>\n<\/p><\/div>\n<p><script async\n                    defer\n                    crossorigin=\"anonymous\"\n                    src=\"https:\/\/connect.facebook.net\/tr_TR\/sdk.js#xfbml=1&#038;version=v3.3\"\n            ><\/script><\/p>\n","protected":false},"excerpt":{"rendered":"<p>62. Mehmet\u00e7ik \u00dcz\u00fcm Festivali kapsam\u0131nda d\u00fcn, \u201c\u00dcz\u00fcm Ba\u011f\u0131ndan Sofraya Yemek Yar\u0131\u015fmas\u0131\u201d etkinli\u011fi d\u00fczenlendi. Mehmet\u00e7ik B\u00fcy\u00fckkonuk Belediyesi\u2019nden yap\u0131lan yaz\u0131l\u0131 a\u00e7\u0131klamaya g\u00f6re, etkinlikte 20 \u00e7e\u015fit yemek yar\u0131\u015ft\u0131 ve kat\u0131l\u0131mc\u0131lar\u0131n yarat\u0131c\u0131l\u0131k ve yetenekleri sergilendi. Etkinli\u011fin j\u00fcri \u00fcyeleri, Karpaz Meslek Lisesi \u00f6\u011fretmeni Letife S\u00f6zalp \u00d6\u011fd\u00fc, Beng\u00fcl Pars ve Mustafa Demiry\u00fcrek oldu. Yar\u0131\u015fmada birincilik \u00f6d\u00fcl\u00fcn\u00fc Louis Cemal; ikincilik \u00f6d\u00fcl\u00fcn\u00fc \u015eenay [&hellip;]<\/p>\n","protected":false},"author":1,"featured_media":7500,"comment_status":"open","ping_status":"open","sticky":false,"template":"","format":"standard","meta":{"jnews-multi-image_gallery":[],"jnews_single_post":[],"jnews_primary_category":[],"jnews_social_meta":[],"jnews_override_counter":[],"footnotes":""},"categories":[6],"tags":[],"class_list":["post-7499","post","type-post","status-publish","format-standard","has-post-thumbnail","hentry","category-yasam"],"yoast_head":"<!-- This site is optimized with the Yoast SEO plugin v27.5 - https:\/\/yoast.com\/product\/yoast-seo-wordpress\/ -->\n<title>\u00dcz\u00fcm Festivali\u2019nde \u201c\u00dcz\u00fcm Ba\u011f\u0131ndan Sofraya Yemek Yar\u0131\u015fmas\u0131\u201d etkinli\u011fi d\u00fczenledi - Kuzeyin Sesi<\/title>\n<meta name=\"robots\" content=\"index, follow, max-snippet:-1, max-image-preview:large, max-video-preview:-1\" \/>\n<link rel=\"canonical\" href=\"https:\/\/kuzeyinsesi.org\/index.php\/2024\/08\/05\/uzum-festivalinde-uzum-bagindan-sofraya-yemek-yarismasi-etkinligi-duzenledi\/\" \/>\n<meta property=\"og:locale\" content=\"tr_TR\" \/>\n<meta property=\"og:type\" content=\"article\" \/>\n<meta property=\"og:title\" content=\"\u00dcz\u00fcm Festivali\u2019nde \u201c\u00dcz\u00fcm Ba\u011f\u0131ndan Sofraya Yemek Yar\u0131\u015fmas\u0131\u201d etkinli\u011fi d\u00fczenledi - Kuzeyin Sesi\" \/>\n<meta property=\"og:description\" content=\"62. Mehmet\u00e7ik \u00dcz\u00fcm Festivali kapsam\u0131nda d\u00fcn, \u201c\u00dcz\u00fcm Ba\u011f\u0131ndan Sofraya Yemek Yar\u0131\u015fmas\u0131\u201d etkinli\u011fi d\u00fczenlendi. Mehmet\u00e7ik B\u00fcy\u00fckkonuk Belediyesi\u2019nden yap\u0131lan yaz\u0131l\u0131 a\u00e7\u0131klamaya g\u00f6re, etkinlikte 20 \u00e7e\u015fit yemek yar\u0131\u015ft\u0131 ve kat\u0131l\u0131mc\u0131lar\u0131n yarat\u0131c\u0131l\u0131k ve yetenekleri sergilendi. Etkinli\u011fin j\u00fcri \u00fcyeleri, Karpaz Meslek Lisesi \u00f6\u011fretmeni Letife S\u00f6zalp \u00d6\u011fd\u00fc, Beng\u00fcl Pars ve Mustafa Demiry\u00fcrek oldu. Yar\u0131\u015fmada birincilik \u00f6d\u00fcl\u00fcn\u00fc Louis Cemal; ikincilik \u00f6d\u00fcl\u00fcn\u00fc \u015eenay [&hellip;]\" \/>\n<meta property=\"og:url\" content=\"https:\/\/kuzeyinsesi.org\/index.php\/2024\/08\/05\/uzum-festivalinde-uzum-bagindan-sofraya-yemek-yarismasi-etkinligi-duzenledi\/\" \/>\n<meta property=\"og:site_name\" content=\"Kuzeyin Sesi\" \/>\n<meta property=\"article:publisher\" content=\"https:\/\/www.facebook.com\/kuzeyinsesii\" \/>\n<meta property=\"article:published_time\" content=\"2024-08-05T11:01:11+00:00\" \/>\n<meta property=\"og:image\" content=\"https:\/\/brtk.net\/wp-content\/uploads\/2024\/08\/05\/1pi1r-scaled.jpg?ver=91bb648c116d093ba9b082bfe8bb4cb8\" \/>\n<meta name=\"author\" content=\"Kuzeyin Sesi\" \/>\n<meta name=\"twitter:card\" content=\"summary_large_image\" \/>\n<meta name=\"twitter:creator\" content=\"@kuzeyinsesii\" \/>\n<meta name=\"twitter:site\" content=\"@kuzeyinsesii\" \/>\n<meta name=\"twitter:label1\" content=\"Yazan:\" \/>\n\t<meta name=\"twitter:data1\" content=\"Kuzeyin Sesi\" \/>\n\t<meta name=\"twitter:label2\" content=\"Tahmini okuma s\u00fcresi\" \/>\n\t<meta name=\"twitter:data2\" content=\"1 dakika\" \/>\n<script type=\"application\/ld+json\" class=\"yoast-schema-graph\">{\"@context\":\"https:\\\/\\\/schema.org\",\"@graph\":[{\"@type\":\"Article\",\"@id\":\"https:\\\/\\\/kuzeyinsesi.org\\\/index.php\\\/2024\\\/08\\\/05\\\/uzum-festivalinde-uzum-bagindan-sofraya-yemek-yarismasi-etkinligi-duzenledi\\\/#article\",\"isPartOf\":{\"@id\":\"https:\\\/\\\/kuzeyinsesi.org\\\/index.php\\\/2024\\\/08\\\/05\\\/uzum-festivalinde-uzum-bagindan-sofraya-yemek-yarismasi-etkinligi-duzenledi\\\/\"},\"author\":{\"name\":\"Kuzeyin Sesi\",\"@id\":\"https:\\\/\\\/kuzeyinsesi.org\\\/#\\\/schema\\\/person\\\/9f859689cdf01485597712386e37f5aa\"},\"headline\":\"\u00dcz\u00fcm Festivali\u2019nde \u201c\u00dcz\u00fcm Ba\u011f\u0131ndan Sofraya Yemek Yar\u0131\u015fmas\u0131\u201d etkinli\u011fi d\u00fczenledi\",\"datePublished\":\"2024-08-05T11:01:11+00:00\",\"mainEntityOfPage\":{\"@id\":\"https:\\\/\\\/kuzeyinsesi.org\\\/index.php\\\/2024\\\/08\\\/05\\\/uzum-festivalinde-uzum-bagindan-sofraya-yemek-yarismasi-etkinligi-duzenledi\\\/\"},\"wordCount\":142,\"commentCount\":0,\"image\":{\"@id\":\"https:\\\/\\\/kuzeyinsesi.org\\\/index.php\\\/2024\\\/08\\\/05\\\/uzum-festivalinde-uzum-bagindan-sofraya-yemek-yarismasi-etkinligi-duzenledi\\\/#primaryimage\"},\"thumbnailUrl\":\"https:\\\/\\\/kuzeyinsesi.org\\\/wp-content\\\/uploads\\\/2024\\\/08\\\/1pi1r-scaled.jpg\",\"articleSection\":[\"Ya\u015fam\"],\"inLanguage\":\"tr\",\"potentialAction\":[{\"@type\":\"CommentAction\",\"name\":\"Comment\",\"target\":[\"https:\\\/\\\/kuzeyinsesi.org\\\/index.php\\\/2024\\\/08\\\/05\\\/uzum-festivalinde-uzum-bagindan-sofraya-yemek-yarismasi-etkinligi-duzenledi\\\/#respond\"]}]},{\"@type\":\"WebPage\",\"@id\":\"https:\\\/\\\/kuzeyinsesi.org\\\/index.php\\\/2024\\\/08\\\/05\\\/uzum-festivalinde-uzum-bagindan-sofraya-yemek-yarismasi-etkinligi-duzenledi\\\/\",\"url\":\"https:\\\/\\\/kuzeyinsesi.org\\\/index.php\\\/2024\\\/08\\\/05\\\/uzum-festivalinde-uzum-bagindan-sofraya-yemek-yarismasi-etkinligi-duzenledi\\\/\",\"name\":\"\u00dcz\u00fcm Festivali\u2019nde \u201c\u00dcz\u00fcm Ba\u011f\u0131ndan Sofraya Yemek Yar\u0131\u015fmas\u0131\u201d etkinli\u011fi d\u00fczenledi - Kuzeyin Sesi\",\"isPartOf\":{\"@id\":\"https:\\\/\\\/kuzeyinsesi.org\\\/#website\"},\"primaryImageOfPage\":{\"@id\":\"https:\\\/\\\/kuzeyinsesi.org\\\/index.php\\\/2024\\\/08\\\/05\\\/uzum-festivalinde-uzum-bagindan-sofraya-yemek-yarismasi-etkinligi-duzenledi\\\/#primaryimage\"},\"image\":{\"@id\":\"https:\\\/\\\/kuzeyinsesi.org\\\/index.php\\\/2024\\\/08\\\/05\\\/uzum-festivalinde-uzum-bagindan-sofraya-yemek-yarismasi-etkinligi-duzenledi\\\/#primaryimage\"},\"thumbnailUrl\":\"https:\\\/\\\/kuzeyinsesi.org\\\/wp-content\\\/uploads\\\/2024\\\/08\\\/1pi1r-scaled.jpg\",\"datePublished\":\"2024-08-05T11:01:11+00:00\",\"author\":{\"@id\":\"https:\\\/\\\/kuzeyinsesi.org\\\/#\\\/schema\\\/person\\\/9f859689cdf01485597712386e37f5aa\"},\"breadcrumb\":{\"@id\":\"https:\\\/\\\/kuzeyinsesi.org\\\/index.php\\\/2024\\\/08\\\/05\\\/uzum-festivalinde-uzum-bagindan-sofraya-yemek-yarismasi-etkinligi-duzenledi\\\/#breadcrumb\"},\"inLanguage\":\"tr\",\"potentialAction\":[{\"@type\":\"ReadAction\",\"target\":[\"https:\\\/\\\/kuzeyinsesi.org\\\/index.php\\\/2024\\\/08\\\/05\\\/uzum-festivalinde-uzum-bagindan-sofraya-yemek-yarismasi-etkinligi-duzenledi\\\/\"]}]},{\"@type\":\"ImageObject\",\"inLanguage\":\"tr\",\"@id\":\"https:\\\/\\\/kuzeyinsesi.org\\\/index.php\\\/2024\\\/08\\\/05\\\/uzum-festivalinde-uzum-bagindan-sofraya-yemek-yarismasi-etkinligi-duzenledi\\\/#primaryimage\",\"url\":\"https:\\\/\\\/kuzeyinsesi.org\\\/wp-content\\\/uploads\\\/2024\\\/08\\\/1pi1r-scaled.jpg\",\"contentUrl\":\"https:\\\/\\\/kuzeyinsesi.org\\\/wp-content\\\/uploads\\\/2024\\\/08\\\/1pi1r-scaled.jpg\",\"width\":2560,\"height\":1702},{\"@type\":\"BreadcrumbList\",\"@id\":\"https:\\\/\\\/kuzeyinsesi.org\\\/index.php\\\/2024\\\/08\\\/05\\\/uzum-festivalinde-uzum-bagindan-sofraya-yemek-yarismasi-etkinligi-duzenledi\\\/#breadcrumb\",\"itemListElement\":[{\"@type\":\"ListItem\",\"position\":1,\"name\":\"Anasayfa\",\"item\":\"https:\\\/\\\/kuzeyinsesi.org\\\/\"},{\"@type\":\"ListItem\",\"position\":2,\"name\":\"\u00dcz\u00fcm Festivali\u2019nde \u201c\u00dcz\u00fcm Ba\u011f\u0131ndan Sofraya Yemek Yar\u0131\u015fmas\u0131\u201d etkinli\u011fi d\u00fczenledi\"}]},{\"@type\":\"WebSite\",\"@id\":\"https:\\\/\\\/kuzeyinsesi.org\\\/#website\",\"url\":\"https:\\\/\\\/kuzeyinsesi.org\\\/\",\"name\":\"Kuzeyin Sesi\",\"description\":\"Do\u011fru Haberin Adresi\",\"potentialAction\":[{\"@type\":\"SearchAction\",\"target\":{\"@type\":\"EntryPoint\",\"urlTemplate\":\"https:\\\/\\\/kuzeyinsesi.org\\\/?s={search_term_string}\"},\"query-input\":{\"@type\":\"PropertyValueSpecification\",\"valueRequired\":true,\"valueName\":\"search_term_string\"}}],\"inLanguage\":\"tr\"},{\"@type\":\"Person\",\"@id\":\"https:\\\/\\\/kuzeyinsesi.org\\\/#\\\/schema\\\/person\\\/9f859689cdf01485597712386e37f5aa\",\"name\":\"Kuzeyin Sesi\",\"image\":{\"@type\":\"ImageObject\",\"inLanguage\":\"tr\",\"@id\":\"https:\\\/\\\/secure.gravatar.com\\\/avatar\\\/bab33852abfd8b282518d6ed81826833d77c3c882d9ab608add591ccace47a44?s=96&d=mm&r=g\",\"url\":\"https:\\\/\\\/secure.gravatar.com\\\/avatar\\\/bab33852abfd8b282518d6ed81826833d77c3c882d9ab608add591ccace47a44?s=96&d=mm&r=g\",\"contentUrl\":\"https:\\\/\\\/secure.gravatar.com\\\/avatar\\\/bab33852abfd8b282518d6ed81826833d77c3c882d9ab608add591ccace47a44?s=96&d=mm&r=g\",\"caption\":\"Kuzeyin Sesi\"},\"sameAs\":[\"https:\\\/\\\/kuzeyinsesi.org\"],\"url\":\"https:\\\/\\\/kuzeyinsesi.org\\\/index.php\\\/author\\\/guven\\\/\"}]}<\/script>\n<!-- \/ Yoast SEO plugin. -->","yoast_head_json":{"title":"\u00dcz\u00fcm Festivali\u2019nde \u201c\u00dcz\u00fcm Ba\u011f\u0131ndan Sofraya Yemek Yar\u0131\u015fmas\u0131\u201d etkinli\u011fi d\u00fczenledi - Kuzeyin Sesi","robots":{"index":"index","follow":"follow","max-snippet":"max-snippet:-1","max-image-preview":"max-image-preview:large","max-video-preview":"max-video-preview:-1"},"canonical":"https:\/\/kuzeyinsesi.org\/index.php\/2024\/08\/05\/uzum-festivalinde-uzum-bagindan-sofraya-yemek-yarismasi-etkinligi-duzenledi\/","og_locale":"tr_TR","og_type":"article","og_title":"\u00dcz\u00fcm Festivali\u2019nde \u201c\u00dcz\u00fcm Ba\u011f\u0131ndan Sofraya Yemek Yar\u0131\u015fmas\u0131\u201d etkinli\u011fi d\u00fczenledi - Kuzeyin Sesi","og_description":"62. Mehmet\u00e7ik \u00dcz\u00fcm Festivali kapsam\u0131nda d\u00fcn, \u201c\u00dcz\u00fcm Ba\u011f\u0131ndan Sofraya Yemek Yar\u0131\u015fmas\u0131\u201d etkinli\u011fi d\u00fczenlendi. Mehmet\u00e7ik B\u00fcy\u00fckkonuk Belediyesi\u2019nden yap\u0131lan yaz\u0131l\u0131 a\u00e7\u0131klamaya g\u00f6re, etkinlikte 20 \u00e7e\u015fit yemek yar\u0131\u015ft\u0131 ve kat\u0131l\u0131mc\u0131lar\u0131n yarat\u0131c\u0131l\u0131k ve yetenekleri sergilendi. Etkinli\u011fin j\u00fcri \u00fcyeleri, Karpaz Meslek Lisesi \u00f6\u011fretmeni Letife S\u00f6zalp \u00d6\u011fd\u00fc, Beng\u00fcl Pars ve Mustafa Demiry\u00fcrek oldu. Yar\u0131\u015fmada birincilik \u00f6d\u00fcl\u00fcn\u00fc Louis Cemal; ikincilik \u00f6d\u00fcl\u00fcn\u00fc \u015eenay [&hellip;]","og_url":"https:\/\/kuzeyinsesi.org\/index.php\/2024\/08\/05\/uzum-festivalinde-uzum-bagindan-sofraya-yemek-yarismasi-etkinligi-duzenledi\/","og_site_name":"Kuzeyin Sesi","article_publisher":"https:\/\/www.facebook.com\/kuzeyinsesii","article_published_time":"2024-08-05T11:01:11+00:00","og_image":[{"url":"https:\/\/brtk.net\/wp-content\/uploads\/2024\/08\/05\/1pi1r-scaled.jpg?ver=91bb648c116d093ba9b082bfe8bb4cb8","type":"","width":"","height":""}],"author":"Kuzeyin Sesi","twitter_card":"summary_large_image","twitter_creator":"@kuzeyinsesii","twitter_site":"@kuzeyinsesii","twitter_misc":{"Yazan:":"Kuzeyin Sesi","Tahmini okuma s\u00fcresi":"1 dakika"},"schema":{"@context":"https:\/\/schema.org","@graph":[{"@type":"Article","@id":"https:\/\/kuzeyinsesi.org\/index.php\/2024\/08\/05\/uzum-festivalinde-uzum-bagindan-sofraya-yemek-yarismasi-etkinligi-duzenledi\/#article","isPartOf":{"@id":"https:\/\/kuzeyinsesi.org\/index.php\/2024\/08\/05\/uzum-festivalinde-uzum-bagindan-sofraya-yemek-yarismasi-etkinligi-duzenledi\/"},"author":{"name":"Kuzeyin Sesi","@id":"https:\/\/kuzeyinsesi.org\/#\/schema\/person\/9f859689cdf01485597712386e37f5aa"},"headline":"\u00dcz\u00fcm Festivali\u2019nde \u201c\u00dcz\u00fcm Ba\u011f\u0131ndan Sofraya Yemek Yar\u0131\u015fmas\u0131\u201d etkinli\u011fi d\u00fczenledi","datePublished":"2024-08-05T11:01:11+00:00","mainEntityOfPage":{"@id":"https:\/\/kuzeyinsesi.org\/index.php\/2024\/08\/05\/uzum-festivalinde-uzum-bagindan-sofraya-yemek-yarismasi-etkinligi-duzenledi\/"},"wordCount":142,"commentCount":0,"image":{"@id":"https:\/\/kuzeyinsesi.org\/index.php\/2024\/08\/05\/uzum-festivalinde-uzum-bagindan-sofraya-yemek-yarismasi-etkinligi-duzenledi\/#primaryimage"},"thumbnailUrl":"https:\/\/kuzeyinsesi.org\/wp-content\/uploads\/2024\/08\/1pi1r-scaled.jpg","articleSection":["Ya\u015fam"],"inLanguage":"tr","potentialAction":[{"@type":"CommentAction","name":"Comment","target":["https:\/\/kuzeyinsesi.org\/index.php\/2024\/08\/05\/uzum-festivalinde-uzum-bagindan-sofraya-yemek-yarismasi-etkinligi-duzenledi\/#respond"]}]},{"@type":"WebPage","@id":"https:\/\/kuzeyinsesi.org\/index.php\/2024\/08\/05\/uzum-festivalinde-uzum-bagindan-sofraya-yemek-yarismasi-etkinligi-duzenledi\/","url":"https:\/\/kuzeyinsesi.org\/index.php\/2024\/08\/05\/uzum-festivalinde-uzum-bagindan-sofraya-yemek-yarismasi-etkinligi-duzenledi\/","name":"\u00dcz\u00fcm Festivali\u2019nde \u201c\u00dcz\u00fcm Ba\u011f\u0131ndan Sofraya Yemek Yar\u0131\u015fmas\u0131\u201d etkinli\u011fi d\u00fczenledi - Kuzeyin Sesi","isPartOf":{"@id":"https:\/\/kuzeyinsesi.org\/#website"},"primaryImageOfPage":{"@id":"https:\/\/kuzeyinsesi.org\/index.php\/2024\/08\/05\/uzum-festivalinde-uzum-bagindan-sofraya-yemek-yarismasi-etkinligi-duzenledi\/#primaryimage"},"image":{"@id":"https:\/\/kuzeyinsesi.org\/index.php\/2024\/08\/05\/uzum-festivalinde-uzum-bagindan-sofraya-yemek-yarismasi-etkinligi-duzenledi\/#primaryimage"},"thumbnailUrl":"https:\/\/kuzeyinsesi.org\/wp-content\/uploads\/2024\/08\/1pi1r-scaled.jpg","datePublished":"2024-08-05T11:01:11+00:00","author":{"@id":"https:\/\/kuzeyinsesi.org\/#\/schema\/person\/9f859689cdf01485597712386e37f5aa"},"breadcrumb":{"@id":"https:\/\/kuzeyinsesi.org\/index.php\/2024\/08\/05\/uzum-festivalinde-uzum-bagindan-sofraya-yemek-yarismasi-etkinligi-duzenledi\/#breadcrumb"},"inLanguage":"tr","potentialAction":[{"@type":"ReadAction","target":["https:\/\/kuzeyinsesi.org\/index.php\/2024\/08\/05\/uzum-festivalinde-uzum-bagindan-sofraya-yemek-yarismasi-etkinligi-duzenledi\/"]}]},{"@type":"ImageObject","inLanguage":"tr","@id":"https:\/\/kuzeyinsesi.org\/index.php\/2024\/08\/05\/uzum-festivalinde-uzum-bagindan-sofraya-yemek-yarismasi-etkinligi-duzenledi\/#primaryimage","url":"https:\/\/kuzeyinsesi.org\/wp-content\/uploads\/2024\/08\/1pi1r-scaled.jpg","contentUrl":"https:\/\/kuzeyinsesi.org\/wp-content\/uploads\/2024\/08\/1pi1r-scaled.jpg","width":2560,"height":1702},{"@type":"BreadcrumbList","@id":"https:\/\/kuzeyinsesi.org\/index.php\/2024\/08\/05\/uzum-festivalinde-uzum-bagindan-sofraya-yemek-yarismasi-etkinligi-duzenledi\/#breadcrumb","itemListElement":[{"@type":"ListItem","position":1,"name":"Anasayfa","item":"https:\/\/kuzeyinsesi.org\/"},{"@type":"ListItem","position":2,"name":"\u00dcz\u00fcm Festivali\u2019nde \u201c\u00dcz\u00fcm Ba\u011f\u0131ndan Sofraya Yemek Yar\u0131\u015fmas\u0131\u201d etkinli\u011fi d\u00fczenledi"}]},{"@type":"WebSite","@id":"https:\/\/kuzeyinsesi.org\/#website","url":"https:\/\/kuzeyinsesi.org\/","name":"Kuzeyin Sesi","description":"Do\u011fru Haberin Adresi","potentialAction":[{"@type":"SearchAction","target":{"@type":"EntryPoint","urlTemplate":"https:\/\/kuzeyinsesi.org\/?s={search_term_string}"},"query-input":{"@type":"PropertyValueSpecification","valueRequired":true,"valueName":"search_term_string"}}],"inLanguage":"tr"},{"@type":"Person","@id":"https:\/\/kuzeyinsesi.org\/#\/schema\/person\/9f859689cdf01485597712386e37f5aa","name":"Kuzeyin Sesi","image":{"@type":"ImageObject","inLanguage":"tr","@id":"https:\/\/secure.gravatar.com\/avatar\/bab33852abfd8b282518d6ed81826833d77c3c882d9ab608add591ccace47a44?s=96&d=mm&r=g","url":"https:\/\/secure.gravatar.com\/avatar\/bab33852abfd8b282518d6ed81826833d77c3c882d9ab608add591ccace47a44?s=96&d=mm&r=g","contentUrl":"https:\/\/secure.gravatar.com\/avatar\/bab33852abfd8b282518d6ed81826833d77c3c882d9ab608add591ccace47a44?s=96&d=mm&r=g","caption":"Kuzeyin Sesi"},"sameAs":["https:\/\/kuzeyinsesi.org"],"url":"https:\/\/kuzeyinsesi.org\/index.php\/author\/guven\/"}]}},"_links":{"self":[{"href":"https:\/\/kuzeyinsesi.org\/index.php\/wp-json\/wp\/v2\/posts\/7499","targetHints":{"allow":["GET"]}}],"collection":[{"href":"https:\/\/kuzeyinsesi.org\/index.php\/wp-json\/wp\/v2\/posts"}],"about":[{"href":"https:\/\/kuzeyinsesi.org\/index.php\/wp-json\/wp\/v2\/types\/post"}],"author":[{"embeddable":true,"href":"https:\/\/kuzeyinsesi.org\/index.php\/wp-json\/wp\/v2\/users\/1"}],"replies":[{"embeddable":true,"href":"https:\/\/kuzeyinsesi.org\/index.php\/wp-json\/wp\/v2\/comments?post=7499"}],"version-history":[{"count":0,"href":"https:\/\/kuzeyinsesi.org\/index.php\/wp-json\/wp\/v2\/posts\/7499\/revisions"}],"wp:featuredmedia":[{"embeddable":true,"href":"https:\/\/kuzeyinsesi.org\/index.php\/wp-json\/wp\/v2\/media\/7500"}],"wp:attachment":[{"href":"https:\/\/kuzeyinsesi.org\/index.php\/wp-json\/wp\/v2\/media?parent=7499"}],"wp:term":[{"taxonomy":"category","embeddable":true,"href":"https:\/\/kuzeyinsesi.org\/index.php\/wp-json\/wp\/v2\/categories?post=7499"},{"taxonomy":"post_tag","embeddable":true,"href":"https:\/\/kuzeyinsesi.org\/index.php\/wp-json\/wp\/v2\/tags?post=7499"}],"curies":[{"name":"wp","href":"https:\/\/api.w.org\/{rel}","templated":true}]}}