{"id":749,"date":"2024-04-28T05:09:58","date_gmt":"2024-04-28T02:09:58","guid":{"rendered":"https:\/\/kuzeyinsesi.com\/index.php\/2024\/04\/28\/hizbullah-israil-yerlesim-yerini-fuzeyle-bombaladi\/"},"modified":"2024-04-28T05:09:58","modified_gmt":"2024-04-28T02:09:58","slug":"hizbullah-israil-yerlesim-yerini-fuzeyle-bombaladi","status":"publish","type":"post","link":"https:\/\/kuzeyinsesi.org\/index.php\/2024\/04\/28\/hizbullah-israil-yerlesim-yerini-fuzeyle-bombaladi\/","title":{"rendered":"Hizbullah, \u0130srail yerle\u015fim yerini f\u00fczeyle bombalad\u0131"},"content":{"rendered":"<p><\/p>\n<div>\n<p>&#13;<br \/>\n\tL\u00fcbnan&#8217;daki <a href=\"https:\/\/www.trthaber.com\/etiket\/iran\/\" target=\"_blank\" rel=\"noopener\">\u0130ran<\/a> destekli Hizbullah&#8217;tan yap\u0131lan a\u00e7\u0131klamada, s\u0131n\u0131r b\u00f6lgesinde bulunan yerle\u015fim birimi ve \u00e7evresinin hedef al\u0131nd\u0131\u011f\u0131 belirtildi.<\/p>\n<p>&#13;<br \/>\n\tA\u00e7\u0131klamada, \u0130srail&#8217;in s\u0131n\u0131r hatt\u0131 \u00fczerinde yer alan Meron yerle\u015fim birimine onlarca katyu\u015fa f\u00fczesi f\u0131rlat\u0131ld\u0131\u011f\u0131 ifade edildi.<\/p>\n<p>&#13;<br \/>\n\tBombalaman\u0131n &#8220;\u0130srail&#8217;in L\u00fcbnan&#8217;\u0131n g\u00fcneydeki k\u00f6ylere ve sivillerin evlerine, \u00f6zellikle de Kuzah, Merkebe ve Sr\u0131bbin kasabalar\u0131na y\u00f6nelik sald\u0131r\u0131lar\u0131na yan\u0131t olarak&#8221; yap\u0131ld\u0131\u011f\u0131 kaydedildi.<\/p>\n<p>&#13;<br \/>\n\t\u00d6te yandan <a href=\"https:\/\/www.trthaber.com\/etiket\/israil\/\" target=\"_blank\" rel=\"noopener\">\u0130srail<\/a> <a href=\"https:\/\/www.trthaber.com\/etiket\/ordu\/\" target=\"_blank\" rel=\"noopener\">Ordu<\/a> Radyosu&#8217;nun X hesab\u0131ndan yap\u0131lan a\u00e7\u0131klamada da, \u0130srail g\u00fc\u00e7lerinin, L\u00fcbnan&#8217;\u0131n g\u00fcneyinden Meron b\u00f6lgesine do\u011fru f\u0131rlat\u0131lan yakla\u015f\u0131k 25 roketi izledi\u011fi, bunlar\u0131n bir k\u0131sm\u0131n\u0131n durduruldu\u011fu bir k\u0131sm\u0131n\u0131n ise a\u00e7\u0131k alanlara d\u00fc\u015ft\u00fc\u011f\u00fc ifade edildi.<\/p>\n<p>&#13;<br \/>\n\tSald\u0131r\u0131 sonucu herhangi bir yaralanma ya da maddi hasar bildirilmedi.<\/p>\n<p>&#13;<br \/>\n\t\u0130srail\u2019in L\u00fcbnan\u2019\u0131n g\u00fcneyine d\u00fczenledi\u011fi hava sald\u0131r\u0131s\u0131nda 6 ki\u015finin yaraland\u0131\u011f\u0131 belirtilmi\u015fti<\/p>\n<p>&#13;<br \/>\n\t<a href=\"https:\/\/www.trthaber.com\/etiket\/hizbullah\/\" target=\"_blank\" rel=\"noopener\">Hizbullah<\/a> bug\u00fcn yapt\u0131\u011f\u0131 a\u00e7\u0131klamada, 2 mensubunun daha \u00e7at\u0131\u015fmalar s\u0131ras\u0131nda \u00f6ld\u00fcr\u00fcld\u00fc\u011f\u00fcn\u00fc duyurmu\u015ftu.<\/p>\n<p>&#13;<br \/>\n\tB\u00f6ylelikle \u0130srail ile 8 Ekim 2023\u2019ten beri ya\u015fanan \u00e7at\u0131\u015fmalarda \u00f6len Hizbullah mensubu say\u0131s\u0131 287\u2019ye y\u00fckselmi\u015fti.<\/p>\n<p>&#13;<br \/>\n\tAyr\u0131ca \u00e7at\u0131\u015fmalarda, 56 L\u00fcbnanl\u0131 sivil, 18 Emel Hareketi, 13 Hamas, 12 \u0130slami Cihad mensubu ile 7 \u0130srailli sivil ve 12 asker \u00f6ld\u00fc.<\/p>\n<\/p><\/div>\n","protected":false},"excerpt":{"rendered":"<p>&#13; L\u00fcbnan&#8217;daki \u0130ran destekli Hizbullah&#8217;tan yap\u0131lan a\u00e7\u0131klamada, s\u0131n\u0131r b\u00f6lgesinde bulunan yerle\u015fim birimi ve \u00e7evresinin hedef al\u0131nd\u0131\u011f\u0131 belirtildi. &#13; A\u00e7\u0131klamada, \u0130srail&#8217;in s\u0131n\u0131r hatt\u0131 \u00fczerinde yer alan Meron yerle\u015fim birimine onlarca katyu\u015fa f\u00fczesi f\u0131rlat\u0131ld\u0131\u011f\u0131 ifade edildi. &#13; Bombalaman\u0131n &#8220;\u0130srail&#8217;in L\u00fcbnan&#8217;\u0131n g\u00fcneydeki k\u00f6ylere ve sivillerin evlerine, \u00f6zellikle de Kuzah, Merkebe ve Sr\u0131bbin kasabalar\u0131na y\u00f6nelik sald\u0131r\u0131lar\u0131na yan\u0131t olarak&#8221; yap\u0131ld\u0131\u011f\u0131 [&hellip;]<\/p>\n","protected":false},"author":1,"featured_media":750,"comment_status":"open","ping_status":"open","sticky":false,"template":"","format":"standard","meta":{"jnews-multi-image_gallery":[],"jnews_single_post":[],"jnews_primary_category":[],"jnews_social_meta":[],"jnews_override_counter":[],"footnotes":""},"categories":[2],"tags":[],"class_list":["post-749","post","type-post","status-publish","format-standard","has-post-thumbnail","hentry","category-dunya"],"yoast_head":"<!-- This site is optimized with the Yoast SEO plugin v27.5 - https:\/\/yoast.com\/product\/yoast-seo-wordpress\/ -->\n<title>Hizbullah, \u0130srail yerle\u015fim yerini f\u00fczeyle bombalad\u0131 - Kuzeyin Sesi<\/title>\n<meta name=\"robots\" content=\"index, follow, max-snippet:-1, max-image-preview:large, max-video-preview:-1\" \/>\n<link rel=\"canonical\" href=\"https:\/\/kuzeyinsesi.org\/index.php\/2024\/04\/28\/hizbullah-israil-yerlesim-yerini-fuzeyle-bombaladi\/\" \/>\n<meta property=\"og:locale\" content=\"tr_TR\" \/>\n<meta property=\"og:type\" content=\"article\" \/>\n<meta property=\"og:title\" content=\"Hizbullah, \u0130srail yerle\u015fim yerini f\u00fczeyle bombalad\u0131 - Kuzeyin Sesi\" \/>\n<meta property=\"og:description\" content=\"&#013; L\u00fcbnan&#8217;daki \u0130ran destekli Hizbullah&#8217;tan yap\u0131lan a\u00e7\u0131klamada, s\u0131n\u0131r b\u00f6lgesinde bulunan yerle\u015fim birimi ve \u00e7evresinin hedef al\u0131nd\u0131\u011f\u0131 belirtildi. &#013; A\u00e7\u0131klamada, \u0130srail&#8217;in s\u0131n\u0131r hatt\u0131 \u00fczerinde yer alan Meron yerle\u015fim birimine onlarca katyu\u015fa f\u00fczesi f\u0131rlat\u0131ld\u0131\u011f\u0131 ifade edildi. &#013; Bombalaman\u0131n &#8220;\u0130srail&#8217;in L\u00fcbnan&#8217;\u0131n g\u00fcneydeki k\u00f6ylere ve sivillerin evlerine, \u00f6zellikle de Kuzah, Merkebe ve Sr\u0131bbin kasabalar\u0131na y\u00f6nelik sald\u0131r\u0131lar\u0131na yan\u0131t olarak&#8221; yap\u0131ld\u0131\u011f\u0131 [&hellip;]\" \/>\n<meta property=\"og:url\" content=\"https:\/\/kuzeyinsesi.org\/index.php\/2024\/04\/28\/hizbullah-israil-yerlesim-yerini-fuzeyle-bombaladi\/\" \/>\n<meta property=\"og:site_name\" content=\"Kuzeyin Sesi\" \/>\n<meta property=\"article:publisher\" content=\"https:\/\/www.facebook.com\/kuzeyinsesii\" \/>\n<meta property=\"article:published_time\" content=\"2024-04-28T02:09:58+00:00\" \/>\n<meta property=\"og:image\" content=\"https:\/\/kuzeyinsesi.org\/wp-content\/uploads\/2024\/04\/1714270199_fuze-saldirisi-aa-2171366.jpg\" \/>\n\t<meta property=\"og:image:width\" content=\"1280\" \/>\n\t<meta property=\"og:image:height\" content=\"720\" \/>\n\t<meta property=\"og:image:type\" content=\"image\/jpeg\" \/>\n<meta name=\"author\" content=\"Kuzeyin Sesi\" \/>\n<meta name=\"twitter:card\" content=\"summary_large_image\" \/>\n<meta name=\"twitter:creator\" content=\"@kuzeyinsesii\" \/>\n<meta name=\"twitter:site\" content=\"@kuzeyinsesii\" \/>\n<meta name=\"twitter:label1\" content=\"Yazan:\" \/>\n\t<meta name=\"twitter:data1\" content=\"Kuzeyin Sesi\" \/>\n\t<meta name=\"twitter:label2\" content=\"Tahmini okuma s\u00fcresi\" \/>\n\t<meta name=\"twitter:data2\" content=\"1 dakika\" \/>\n<script type=\"application\/ld+json\" class=\"yoast-schema-graph\">{\"@context\":\"https:\\\/\\\/schema.org\",\"@graph\":[{\"@type\":\"Article\",\"@id\":\"https:\\\/\\\/kuzeyinsesi.org\\\/index.php\\\/2024\\\/04\\\/28\\\/hizbullah-israil-yerlesim-yerini-fuzeyle-bombaladi\\\/#article\",\"isPartOf\":{\"@id\":\"https:\\\/\\\/kuzeyinsesi.org\\\/index.php\\\/2024\\\/04\\\/28\\\/hizbullah-israil-yerlesim-yerini-fuzeyle-bombaladi\\\/\"},\"author\":{\"name\":\"Kuzeyin Sesi\",\"@id\":\"https:\\\/\\\/kuzeyinsesi.org\\\/#\\\/schema\\\/person\\\/9f859689cdf01485597712386e37f5aa\"},\"headline\":\"Hizbullah, \u0130srail yerle\u015fim yerini f\u00fczeyle bombalad\u0131\",\"datePublished\":\"2024-04-28T02:09:58+00:00\",\"mainEntityOfPage\":{\"@id\":\"https:\\\/\\\/kuzeyinsesi.org\\\/index.php\\\/2024\\\/04\\\/28\\\/hizbullah-israil-yerlesim-yerini-fuzeyle-bombaladi\\\/\"},\"wordCount\":240,\"commentCount\":0,\"image\":{\"@id\":\"https:\\\/\\\/kuzeyinsesi.org\\\/index.php\\\/2024\\\/04\\\/28\\\/hizbullah-israil-yerlesim-yerini-fuzeyle-bombaladi\\\/#primaryimage\"},\"thumbnailUrl\":\"https:\\\/\\\/kuzeyinsesi.org\\\/wp-content\\\/uploads\\\/2024\\\/04\\\/1714270199_fuze-saldirisi-aa-2171366.jpg\",\"articleSection\":[\"D\u00fcnya\"],\"inLanguage\":\"tr\",\"potentialAction\":[{\"@type\":\"CommentAction\",\"name\":\"Comment\",\"target\":[\"https:\\\/\\\/kuzeyinsesi.org\\\/index.php\\\/2024\\\/04\\\/28\\\/hizbullah-israil-yerlesim-yerini-fuzeyle-bombaladi\\\/#respond\"]}]},{\"@type\":\"WebPage\",\"@id\":\"https:\\\/\\\/kuzeyinsesi.org\\\/index.php\\\/2024\\\/04\\\/28\\\/hizbullah-israil-yerlesim-yerini-fuzeyle-bombaladi\\\/\",\"url\":\"https:\\\/\\\/kuzeyinsesi.org\\\/index.php\\\/2024\\\/04\\\/28\\\/hizbullah-israil-yerlesim-yerini-fuzeyle-bombaladi\\\/\",\"name\":\"Hizbullah, \u0130srail yerle\u015fim yerini f\u00fczeyle bombalad\u0131 - Kuzeyin Sesi\",\"isPartOf\":{\"@id\":\"https:\\\/\\\/kuzeyinsesi.org\\\/#website\"},\"primaryImageOfPage\":{\"@id\":\"https:\\\/\\\/kuzeyinsesi.org\\\/index.php\\\/2024\\\/04\\\/28\\\/hizbullah-israil-yerlesim-yerini-fuzeyle-bombaladi\\\/#primaryimage\"},\"image\":{\"@id\":\"https:\\\/\\\/kuzeyinsesi.org\\\/index.php\\\/2024\\\/04\\\/28\\\/hizbullah-israil-yerlesim-yerini-fuzeyle-bombaladi\\\/#primaryimage\"},\"thumbnailUrl\":\"https:\\\/\\\/kuzeyinsesi.org\\\/wp-content\\\/uploads\\\/2024\\\/04\\\/1714270199_fuze-saldirisi-aa-2171366.jpg\",\"datePublished\":\"2024-04-28T02:09:58+00:00\",\"author\":{\"@id\":\"https:\\\/\\\/kuzeyinsesi.org\\\/#\\\/schema\\\/person\\\/9f859689cdf01485597712386e37f5aa\"},\"breadcrumb\":{\"@id\":\"https:\\\/\\\/kuzeyinsesi.org\\\/index.php\\\/2024\\\/04\\\/28\\\/hizbullah-israil-yerlesim-yerini-fuzeyle-bombaladi\\\/#breadcrumb\"},\"inLanguage\":\"tr\",\"potentialAction\":[{\"@type\":\"ReadAction\",\"target\":[\"https:\\\/\\\/kuzeyinsesi.org\\\/index.php\\\/2024\\\/04\\\/28\\\/hizbullah-israil-yerlesim-yerini-fuzeyle-bombaladi\\\/\"]}]},{\"@type\":\"ImageObject\",\"inLanguage\":\"tr\",\"@id\":\"https:\\\/\\\/kuzeyinsesi.org\\\/index.php\\\/2024\\\/04\\\/28\\\/hizbullah-israil-yerlesim-yerini-fuzeyle-bombaladi\\\/#primaryimage\",\"url\":\"https:\\\/\\\/kuzeyinsesi.org\\\/wp-content\\\/uploads\\\/2024\\\/04\\\/1714270199_fuze-saldirisi-aa-2171366.jpg\",\"contentUrl\":\"https:\\\/\\\/kuzeyinsesi.org\\\/wp-content\\\/uploads\\\/2024\\\/04\\\/1714270199_fuze-saldirisi-aa-2171366.jpg\",\"width\":1280,\"height\":720},{\"@type\":\"BreadcrumbList\",\"@id\":\"https:\\\/\\\/kuzeyinsesi.org\\\/index.php\\\/2024\\\/04\\\/28\\\/hizbullah-israil-yerlesim-yerini-fuzeyle-bombaladi\\\/#breadcrumb\",\"itemListElement\":[{\"@type\":\"ListItem\",\"position\":1,\"name\":\"Anasayfa\",\"item\":\"https:\\\/\\\/kuzeyinsesi.org\\\/\"},{\"@type\":\"ListItem\",\"position\":2,\"name\":\"Hizbullah, \u0130srail yerle\u015fim yerini f\u00fczeyle bombalad\u0131\"}]},{\"@type\":\"WebSite\",\"@id\":\"https:\\\/\\\/kuzeyinsesi.org\\\/#website\",\"url\":\"https:\\\/\\\/kuzeyinsesi.org\\\/\",\"name\":\"Kuzeyin Sesi\",\"description\":\"Do\u011fru Haberin Adresi\",\"potentialAction\":[{\"@type\":\"SearchAction\",\"target\":{\"@type\":\"EntryPoint\",\"urlTemplate\":\"https:\\\/\\\/kuzeyinsesi.org\\\/?s={search_term_string}\"},\"query-input\":{\"@type\":\"PropertyValueSpecification\",\"valueRequired\":true,\"valueName\":\"search_term_string\"}}],\"inLanguage\":\"tr\"},{\"@type\":\"Person\",\"@id\":\"https:\\\/\\\/kuzeyinsesi.org\\\/#\\\/schema\\\/person\\\/9f859689cdf01485597712386e37f5aa\",\"name\":\"Kuzeyin Sesi\",\"image\":{\"@type\":\"ImageObject\",\"inLanguage\":\"tr\",\"@id\":\"https:\\\/\\\/secure.gravatar.com\\\/avatar\\\/bab33852abfd8b282518d6ed81826833d77c3c882d9ab608add591ccace47a44?s=96&d=mm&r=g\",\"url\":\"https:\\\/\\\/secure.gravatar.com\\\/avatar\\\/bab33852abfd8b282518d6ed81826833d77c3c882d9ab608add591ccace47a44?s=96&d=mm&r=g\",\"contentUrl\":\"https:\\\/\\\/secure.gravatar.com\\\/avatar\\\/bab33852abfd8b282518d6ed81826833d77c3c882d9ab608add591ccace47a44?s=96&d=mm&r=g\",\"caption\":\"Kuzeyin Sesi\"},\"sameAs\":[\"https:\\\/\\\/kuzeyinsesi.org\"],\"url\":\"https:\\\/\\\/kuzeyinsesi.org\\\/index.php\\\/author\\\/guven\\\/\"}]}<\/script>\n<!-- \/ Yoast SEO plugin. -->","yoast_head_json":{"title":"Hizbullah, \u0130srail yerle\u015fim yerini f\u00fczeyle bombalad\u0131 - Kuzeyin Sesi","robots":{"index":"index","follow":"follow","max-snippet":"max-snippet:-1","max-image-preview":"max-image-preview:large","max-video-preview":"max-video-preview:-1"},"canonical":"https:\/\/kuzeyinsesi.org\/index.php\/2024\/04\/28\/hizbullah-israil-yerlesim-yerini-fuzeyle-bombaladi\/","og_locale":"tr_TR","og_type":"article","og_title":"Hizbullah, \u0130srail yerle\u015fim yerini f\u00fczeyle bombalad\u0131 - Kuzeyin Sesi","og_description":"&#13; L\u00fcbnan&#8217;daki \u0130ran destekli Hizbullah&#8217;tan yap\u0131lan a\u00e7\u0131klamada, s\u0131n\u0131r b\u00f6lgesinde bulunan yerle\u015fim birimi ve \u00e7evresinin hedef al\u0131nd\u0131\u011f\u0131 belirtildi. &#13; A\u00e7\u0131klamada, \u0130srail&#8217;in s\u0131n\u0131r hatt\u0131 \u00fczerinde yer alan Meron yerle\u015fim birimine onlarca katyu\u015fa f\u00fczesi f\u0131rlat\u0131ld\u0131\u011f\u0131 ifade edildi. &#13; Bombalaman\u0131n &#8220;\u0130srail&#8217;in L\u00fcbnan&#8217;\u0131n g\u00fcneydeki k\u00f6ylere ve sivillerin evlerine, \u00f6zellikle de Kuzah, Merkebe ve Sr\u0131bbin kasabalar\u0131na y\u00f6nelik sald\u0131r\u0131lar\u0131na yan\u0131t olarak&#8221; yap\u0131ld\u0131\u011f\u0131 [&hellip;]","og_url":"https:\/\/kuzeyinsesi.org\/index.php\/2024\/04\/28\/hizbullah-israil-yerlesim-yerini-fuzeyle-bombaladi\/","og_site_name":"Kuzeyin Sesi","article_publisher":"https:\/\/www.facebook.com\/kuzeyinsesii","article_published_time":"2024-04-28T02:09:58+00:00","og_image":[{"width":1280,"height":720,"url":"https:\/\/kuzeyinsesi.org\/wp-content\/uploads\/2024\/04\/1714270199_fuze-saldirisi-aa-2171366.jpg","type":"image\/jpeg"}],"author":"Kuzeyin Sesi","twitter_card":"summary_large_image","twitter_creator":"@kuzeyinsesii","twitter_site":"@kuzeyinsesii","twitter_misc":{"Yazan:":"Kuzeyin Sesi","Tahmini okuma s\u00fcresi":"1 dakika"},"schema":{"@context":"https:\/\/schema.org","@graph":[{"@type":"Article","@id":"https:\/\/kuzeyinsesi.org\/index.php\/2024\/04\/28\/hizbullah-israil-yerlesim-yerini-fuzeyle-bombaladi\/#article","isPartOf":{"@id":"https:\/\/kuzeyinsesi.org\/index.php\/2024\/04\/28\/hizbullah-israil-yerlesim-yerini-fuzeyle-bombaladi\/"},"author":{"name":"Kuzeyin Sesi","@id":"https:\/\/kuzeyinsesi.org\/#\/schema\/person\/9f859689cdf01485597712386e37f5aa"},"headline":"Hizbullah, \u0130srail yerle\u015fim yerini f\u00fczeyle bombalad\u0131","datePublished":"2024-04-28T02:09:58+00:00","mainEntityOfPage":{"@id":"https:\/\/kuzeyinsesi.org\/index.php\/2024\/04\/28\/hizbullah-israil-yerlesim-yerini-fuzeyle-bombaladi\/"},"wordCount":240,"commentCount":0,"image":{"@id":"https:\/\/kuzeyinsesi.org\/index.php\/2024\/04\/28\/hizbullah-israil-yerlesim-yerini-fuzeyle-bombaladi\/#primaryimage"},"thumbnailUrl":"https:\/\/kuzeyinsesi.org\/wp-content\/uploads\/2024\/04\/1714270199_fuze-saldirisi-aa-2171366.jpg","articleSection":["D\u00fcnya"],"inLanguage":"tr","potentialAction":[{"@type":"CommentAction","name":"Comment","target":["https:\/\/kuzeyinsesi.org\/index.php\/2024\/04\/28\/hizbullah-israil-yerlesim-yerini-fuzeyle-bombaladi\/#respond"]}]},{"@type":"WebPage","@id":"https:\/\/kuzeyinsesi.org\/index.php\/2024\/04\/28\/hizbullah-israil-yerlesim-yerini-fuzeyle-bombaladi\/","url":"https:\/\/kuzeyinsesi.org\/index.php\/2024\/04\/28\/hizbullah-israil-yerlesim-yerini-fuzeyle-bombaladi\/","name":"Hizbullah, \u0130srail yerle\u015fim yerini f\u00fczeyle bombalad\u0131 - Kuzeyin Sesi","isPartOf":{"@id":"https:\/\/kuzeyinsesi.org\/#website"},"primaryImageOfPage":{"@id":"https:\/\/kuzeyinsesi.org\/index.php\/2024\/04\/28\/hizbullah-israil-yerlesim-yerini-fuzeyle-bombaladi\/#primaryimage"},"image":{"@id":"https:\/\/kuzeyinsesi.org\/index.php\/2024\/04\/28\/hizbullah-israil-yerlesim-yerini-fuzeyle-bombaladi\/#primaryimage"},"thumbnailUrl":"https:\/\/kuzeyinsesi.org\/wp-content\/uploads\/2024\/04\/1714270199_fuze-saldirisi-aa-2171366.jpg","datePublished":"2024-04-28T02:09:58+00:00","author":{"@id":"https:\/\/kuzeyinsesi.org\/#\/schema\/person\/9f859689cdf01485597712386e37f5aa"},"breadcrumb":{"@id":"https:\/\/kuzeyinsesi.org\/index.php\/2024\/04\/28\/hizbullah-israil-yerlesim-yerini-fuzeyle-bombaladi\/#breadcrumb"},"inLanguage":"tr","potentialAction":[{"@type":"ReadAction","target":["https:\/\/kuzeyinsesi.org\/index.php\/2024\/04\/28\/hizbullah-israil-yerlesim-yerini-fuzeyle-bombaladi\/"]}]},{"@type":"ImageObject","inLanguage":"tr","@id":"https:\/\/kuzeyinsesi.org\/index.php\/2024\/04\/28\/hizbullah-israil-yerlesim-yerini-fuzeyle-bombaladi\/#primaryimage","url":"https:\/\/kuzeyinsesi.org\/wp-content\/uploads\/2024\/04\/1714270199_fuze-saldirisi-aa-2171366.jpg","contentUrl":"https:\/\/kuzeyinsesi.org\/wp-content\/uploads\/2024\/04\/1714270199_fuze-saldirisi-aa-2171366.jpg","width":1280,"height":720},{"@type":"BreadcrumbList","@id":"https:\/\/kuzeyinsesi.org\/index.php\/2024\/04\/28\/hizbullah-israil-yerlesim-yerini-fuzeyle-bombaladi\/#breadcrumb","itemListElement":[{"@type":"ListItem","position":1,"name":"Anasayfa","item":"https:\/\/kuzeyinsesi.org\/"},{"@type":"ListItem","position":2,"name":"Hizbullah, \u0130srail yerle\u015fim yerini f\u00fczeyle bombalad\u0131"}]},{"@type":"WebSite","@id":"https:\/\/kuzeyinsesi.org\/#website","url":"https:\/\/kuzeyinsesi.org\/","name":"Kuzeyin Sesi","description":"Do\u011fru Haberin Adresi","potentialAction":[{"@type":"SearchAction","target":{"@type":"EntryPoint","urlTemplate":"https:\/\/kuzeyinsesi.org\/?s={search_term_string}"},"query-input":{"@type":"PropertyValueSpecification","valueRequired":true,"valueName":"search_term_string"}}],"inLanguage":"tr"},{"@type":"Person","@id":"https:\/\/kuzeyinsesi.org\/#\/schema\/person\/9f859689cdf01485597712386e37f5aa","name":"Kuzeyin Sesi","image":{"@type":"ImageObject","inLanguage":"tr","@id":"https:\/\/secure.gravatar.com\/avatar\/bab33852abfd8b282518d6ed81826833d77c3c882d9ab608add591ccace47a44?s=96&d=mm&r=g","url":"https:\/\/secure.gravatar.com\/avatar\/bab33852abfd8b282518d6ed81826833d77c3c882d9ab608add591ccace47a44?s=96&d=mm&r=g","contentUrl":"https:\/\/secure.gravatar.com\/avatar\/bab33852abfd8b282518d6ed81826833d77c3c882d9ab608add591ccace47a44?s=96&d=mm&r=g","caption":"Kuzeyin Sesi"},"sameAs":["https:\/\/kuzeyinsesi.org"],"url":"https:\/\/kuzeyinsesi.org\/index.php\/author\/guven\/"}]}},"_links":{"self":[{"href":"https:\/\/kuzeyinsesi.org\/index.php\/wp-json\/wp\/v2\/posts\/749","targetHints":{"allow":["GET"]}}],"collection":[{"href":"https:\/\/kuzeyinsesi.org\/index.php\/wp-json\/wp\/v2\/posts"}],"about":[{"href":"https:\/\/kuzeyinsesi.org\/index.php\/wp-json\/wp\/v2\/types\/post"}],"author":[{"embeddable":true,"href":"https:\/\/kuzeyinsesi.org\/index.php\/wp-json\/wp\/v2\/users\/1"}],"replies":[{"embeddable":true,"href":"https:\/\/kuzeyinsesi.org\/index.php\/wp-json\/wp\/v2\/comments?post=749"}],"version-history":[{"count":0,"href":"https:\/\/kuzeyinsesi.org\/index.php\/wp-json\/wp\/v2\/posts\/749\/revisions"}],"wp:featuredmedia":[{"embeddable":true,"href":"https:\/\/kuzeyinsesi.org\/index.php\/wp-json\/wp\/v2\/media\/750"}],"wp:attachment":[{"href":"https:\/\/kuzeyinsesi.org\/index.php\/wp-json\/wp\/v2\/media?parent=749"}],"wp:term":[{"taxonomy":"category","embeddable":true,"href":"https:\/\/kuzeyinsesi.org\/index.php\/wp-json\/wp\/v2\/categories?post=749"},{"taxonomy":"post_tag","embeddable":true,"href":"https:\/\/kuzeyinsesi.org\/index.php\/wp-json\/wp\/v2\/tags?post=749"}],"curies":[{"name":"wp","href":"https:\/\/api.w.org\/{rel}","templated":true}]}}