{"id":7471,"date":"2024-08-04T20:20:29","date_gmt":"2024-08-04T17:20:29","guid":{"rendered":"https:\/\/kuzeyinsesi.org\/index.php\/2024\/08\/04\/koderin-yayinlarina-milli-egitim-bakanligindan-onay\/"},"modified":"2024-08-04T20:20:29","modified_gmt":"2024-08-04T17:20:29","slug":"koderin-yayinlarina-milli-egitim-bakanligindan-onay","status":"publish","type":"post","link":"https:\/\/kuzeyinsesi.org\/index.php\/2024\/08\/04\/koderin-yayinlarina-milli-egitim-bakanligindan-onay\/","title":{"rendered":"K\u00d6DER\u2019in yay\u0131nlar\u0131na Milli E\u011fitim Bakanl\u0131\u011f\u0131\u2019ndan onay"},"content":{"rendered":"<div>\n<div class=\"mariselle-image-container none\">\n                                            <\/div>\n<p style=\"font-weight: 300;\"><span style=\"font-weight: 300 !important;\">K\u0131br\u0131s Kad\u0131n \u00d6yk\u00fcleri Derne\u011fi\u2019nin (K\u00d6DER) iki kitab\u0131n\u0131n Milli E\u011fitim Bakanl\u0131\u011f\u0131\u2019na ba\u011fl\u0131 okullarda \u201ckaynak kitap\u201d , \u201cyard\u0131mc\u0131 kitap\u201d ve \u201c\u00f6\u011fretmen el kitab\u0131\u201d olarak kullan\u0131labilmesinin onayland\u0131\u011f\u0131 bildirildi.<\/span><\/p>\n<p style=\"font-weight: 300;\"><span style=\"font-weight: 300 !important;\">K\u00d6DER\u2019den verilen bilgiye g\u00f6re, K\u00d6DER taraf\u0131ndan yay\u0131nlanan \u201cHayat\u0131m\u0131za De\u011fer Katan Kad\u0131nlar\u0131m\u0131z 1\u201d ve \u201cHayat\u0131m\u0131za De\u011fer Katan Kad\u0131nlar\u0131m\u0131z 2\u201d ba\u015fl\u0131kl\u0131 kitaplar\u0131n, Bakanl\u0131\u011fa ba\u011fl\u0131 okullarda kullan\u0131labilmesine Milli E\u011fitim Bakanl\u0131\u011f\u0131, Talim ve Terbiye Dairesi taraf\u0131ndan onay verildi.<\/span><\/p>\n<p style=\"font-weight: 300;\"><span style=\"font-weight: 300 !important;\">K\u00d6DER\u2019e iletilirken onay yaz\u0131s\u0131nda kitaplar\u0131n, k\u00fclt\u00fcrel bellek a\u00e7\u0131s\u0131ndan ta\u015f\u0131d\u0131\u011f\u0131 \u00f6nemin dikkate al\u0131nd\u0131\u011f\u0131 vurgulan\u0131rken, \u201cinsani de\u011ferleri, vefa, sayg\u0131 ve sevgiyi temsil eden, topluma katk\u0131da bulunan kad\u0131nlara sadakat g\u00f6steren\u201d K\u00d6DER\u2019in, bu \u00e7al\u0131\u015fmalar\u0131n\u0131, sosyal sorumluluk projesi kapsam\u0131nda y\u00fcr\u00fctt\u00fc\u011f\u00fc ve her biri kahramanl\u0131k \u00f6zelli\u011fi ta\u015f\u0131yan kad\u0131n hik\u00e2yelerinin, foto\u011fraflar ve sergilerle zenginle\u015ftirildi\u011fi belirtildi.<\/span><\/p>\n<p>\u00a0<\/p>\n<\/p><\/div>\n<p><script async\n                    defer\n                    crossorigin=\"anonymous\"\n                    src=\"https:\/\/connect.facebook.net\/tr_TR\/sdk.js#xfbml=1&#038;version=v3.3\"\n            ><\/script><\/p>\n","protected":false},"excerpt":{"rendered":"<p>K\u0131br\u0131s Kad\u0131n \u00d6yk\u00fcleri Derne\u011fi\u2019nin (K\u00d6DER) iki kitab\u0131n\u0131n Milli E\u011fitim Bakanl\u0131\u011f\u0131\u2019na ba\u011fl\u0131 okullarda \u201ckaynak kitap\u201d , \u201cyard\u0131mc\u0131 kitap\u201d ve \u201c\u00f6\u011fretmen el kitab\u0131\u201d olarak kullan\u0131labilmesinin onayland\u0131\u011f\u0131 bildirildi. K\u00d6DER\u2019den verilen bilgiye g\u00f6re, K\u00d6DER taraf\u0131ndan yay\u0131nlanan \u201cHayat\u0131m\u0131za De\u011fer Katan Kad\u0131nlar\u0131m\u0131z 1\u201d ve \u201cHayat\u0131m\u0131za De\u011fer Katan Kad\u0131nlar\u0131m\u0131z 2\u201d ba\u015fl\u0131kl\u0131 kitaplar\u0131n, Bakanl\u0131\u011fa ba\u011fl\u0131 okullarda kullan\u0131labilmesine Milli E\u011fitim Bakanl\u0131\u011f\u0131, Talim ve Terbiye [&hellip;]<\/p>\n","protected":false},"author":1,"featured_media":7472,"comment_status":"open","ping_status":"open","sticky":false,"template":"","format":"standard","meta":{"jnews-multi-image_gallery":[],"jnews_single_post":[],"jnews_primary_category":[],"jnews_social_meta":[],"jnews_override_counter":[],"footnotes":""},"categories":[6],"tags":[],"class_list":["post-7471","post","type-post","status-publish","format-standard","has-post-thumbnail","hentry","category-yasam"],"yoast_head":"<!-- This site is optimized with the Yoast SEO plugin v27.5 - https:\/\/yoast.com\/product\/yoast-seo-wordpress\/ -->\n<title>K\u00d6DER\u2019in yay\u0131nlar\u0131na Milli E\u011fitim Bakanl\u0131\u011f\u0131\u2019ndan onay - Kuzeyin Sesi<\/title>\n<meta name=\"robots\" content=\"index, follow, max-snippet:-1, max-image-preview:large, max-video-preview:-1\" \/>\n<link rel=\"canonical\" href=\"https:\/\/kuzeyinsesi.org\/index.php\/2024\/08\/04\/koderin-yayinlarina-milli-egitim-bakanligindan-onay\/\" \/>\n<meta property=\"og:locale\" content=\"tr_TR\" \/>\n<meta property=\"og:type\" content=\"article\" \/>\n<meta property=\"og:title\" content=\"K\u00d6DER\u2019in yay\u0131nlar\u0131na Milli E\u011fitim Bakanl\u0131\u011f\u0131\u2019ndan onay - Kuzeyin Sesi\" \/>\n<meta property=\"og:description\" content=\"K\u0131br\u0131s Kad\u0131n \u00d6yk\u00fcleri Derne\u011fi\u2019nin (K\u00d6DER) iki kitab\u0131n\u0131n Milli E\u011fitim Bakanl\u0131\u011f\u0131\u2019na ba\u011fl\u0131 okullarda \u201ckaynak kitap\u201d , \u201cyard\u0131mc\u0131 kitap\u201d ve \u201c\u00f6\u011fretmen el kitab\u0131\u201d olarak kullan\u0131labilmesinin onayland\u0131\u011f\u0131 bildirildi. K\u00d6DER\u2019den verilen bilgiye g\u00f6re, K\u00d6DER taraf\u0131ndan yay\u0131nlanan \u201cHayat\u0131m\u0131za De\u011fer Katan Kad\u0131nlar\u0131m\u0131z 1\u201d ve \u201cHayat\u0131m\u0131za De\u011fer Katan Kad\u0131nlar\u0131m\u0131z 2\u201d ba\u015fl\u0131kl\u0131 kitaplar\u0131n, Bakanl\u0131\u011fa ba\u011fl\u0131 okullarda kullan\u0131labilmesine Milli E\u011fitim Bakanl\u0131\u011f\u0131, Talim ve Terbiye [&hellip;]\" \/>\n<meta property=\"og:url\" content=\"https:\/\/kuzeyinsesi.org\/index.php\/2024\/08\/04\/koderin-yayinlarina-milli-egitim-bakanligindan-onay\/\" \/>\n<meta property=\"og:site_name\" content=\"Kuzeyin Sesi\" \/>\n<meta property=\"article:publisher\" content=\"https:\/\/www.facebook.com\/kuzeyinsesii\" \/>\n<meta property=\"article:published_time\" content=\"2024-08-04T17:20:29+00:00\" \/>\n<meta property=\"og:image\" content=\"https:\/\/brtk.net\/wp-content\/uploads\/2024\/08\/04\/koder.jpeg?ver=deeffee04d0c7a1addef132256a6bf48\" \/>\n<meta name=\"author\" content=\"Kuzeyin Sesi\" \/>\n<meta name=\"twitter:card\" content=\"summary_large_image\" \/>\n<meta name=\"twitter:creator\" content=\"@kuzeyinsesii\" \/>\n<meta name=\"twitter:site\" content=\"@kuzeyinsesii\" \/>\n<meta name=\"twitter:label1\" content=\"Yazan:\" \/>\n\t<meta name=\"twitter:data1\" content=\"Kuzeyin Sesi\" \/>\n\t<meta name=\"twitter:label2\" content=\"Tahmini okuma s\u00fcresi\" \/>\n\t<meta name=\"twitter:data2\" content=\"1 dakika\" \/>\n<script type=\"application\/ld+json\" class=\"yoast-schema-graph\">{\"@context\":\"https:\\\/\\\/schema.org\",\"@graph\":[{\"@type\":\"Article\",\"@id\":\"https:\\\/\\\/kuzeyinsesi.org\\\/index.php\\\/2024\\\/08\\\/04\\\/koderin-yayinlarina-milli-egitim-bakanligindan-onay\\\/#article\",\"isPartOf\":{\"@id\":\"https:\\\/\\\/kuzeyinsesi.org\\\/index.php\\\/2024\\\/08\\\/04\\\/koderin-yayinlarina-milli-egitim-bakanligindan-onay\\\/\"},\"author\":{\"name\":\"Kuzeyin Sesi\",\"@id\":\"https:\\\/\\\/kuzeyinsesi.org\\\/#\\\/schema\\\/person\\\/9f859689cdf01485597712386e37f5aa\"},\"headline\":\"K\u00d6DER\u2019in yay\u0131nlar\u0131na Milli E\u011fitim Bakanl\u0131\u011f\u0131\u2019ndan onay\",\"datePublished\":\"2024-08-04T17:20:29+00:00\",\"mainEntityOfPage\":{\"@id\":\"https:\\\/\\\/kuzeyinsesi.org\\\/index.php\\\/2024\\\/08\\\/04\\\/koderin-yayinlarina-milli-egitim-bakanligindan-onay\\\/\"},\"wordCount\":187,\"commentCount\":0,\"image\":{\"@id\":\"https:\\\/\\\/kuzeyinsesi.org\\\/index.php\\\/2024\\\/08\\\/04\\\/koderin-yayinlarina-milli-egitim-bakanligindan-onay\\\/#primaryimage\"},\"thumbnailUrl\":\"https:\\\/\\\/kuzeyinsesi.org\\\/wp-content\\\/uploads\\\/2024\\\/08\\\/koder.jpeg\",\"articleSection\":[\"Ya\u015fam\"],\"inLanguage\":\"tr\",\"potentialAction\":[{\"@type\":\"CommentAction\",\"name\":\"Comment\",\"target\":[\"https:\\\/\\\/kuzeyinsesi.org\\\/index.php\\\/2024\\\/08\\\/04\\\/koderin-yayinlarina-milli-egitim-bakanligindan-onay\\\/#respond\"]}]},{\"@type\":\"WebPage\",\"@id\":\"https:\\\/\\\/kuzeyinsesi.org\\\/index.php\\\/2024\\\/08\\\/04\\\/koderin-yayinlarina-milli-egitim-bakanligindan-onay\\\/\",\"url\":\"https:\\\/\\\/kuzeyinsesi.org\\\/index.php\\\/2024\\\/08\\\/04\\\/koderin-yayinlarina-milli-egitim-bakanligindan-onay\\\/\",\"name\":\"K\u00d6DER\u2019in yay\u0131nlar\u0131na Milli E\u011fitim Bakanl\u0131\u011f\u0131\u2019ndan onay - Kuzeyin Sesi\",\"isPartOf\":{\"@id\":\"https:\\\/\\\/kuzeyinsesi.org\\\/#website\"},\"primaryImageOfPage\":{\"@id\":\"https:\\\/\\\/kuzeyinsesi.org\\\/index.php\\\/2024\\\/08\\\/04\\\/koderin-yayinlarina-milli-egitim-bakanligindan-onay\\\/#primaryimage\"},\"image\":{\"@id\":\"https:\\\/\\\/kuzeyinsesi.org\\\/index.php\\\/2024\\\/08\\\/04\\\/koderin-yayinlarina-milli-egitim-bakanligindan-onay\\\/#primaryimage\"},\"thumbnailUrl\":\"https:\\\/\\\/kuzeyinsesi.org\\\/wp-content\\\/uploads\\\/2024\\\/08\\\/koder.jpeg\",\"datePublished\":\"2024-08-04T17:20:29+00:00\",\"author\":{\"@id\":\"https:\\\/\\\/kuzeyinsesi.org\\\/#\\\/schema\\\/person\\\/9f859689cdf01485597712386e37f5aa\"},\"breadcrumb\":{\"@id\":\"https:\\\/\\\/kuzeyinsesi.org\\\/index.php\\\/2024\\\/08\\\/04\\\/koderin-yayinlarina-milli-egitim-bakanligindan-onay\\\/#breadcrumb\"},\"inLanguage\":\"tr\",\"potentialAction\":[{\"@type\":\"ReadAction\",\"target\":[\"https:\\\/\\\/kuzeyinsesi.org\\\/index.php\\\/2024\\\/08\\\/04\\\/koderin-yayinlarina-milli-egitim-bakanligindan-onay\\\/\"]}]},{\"@type\":\"ImageObject\",\"inLanguage\":\"tr\",\"@id\":\"https:\\\/\\\/kuzeyinsesi.org\\\/index.php\\\/2024\\\/08\\\/04\\\/koderin-yayinlarina-milli-egitim-bakanligindan-onay\\\/#primaryimage\",\"url\":\"https:\\\/\\\/kuzeyinsesi.org\\\/wp-content\\\/uploads\\\/2024\\\/08\\\/koder.jpeg\",\"contentUrl\":\"https:\\\/\\\/kuzeyinsesi.org\\\/wp-content\\\/uploads\\\/2024\\\/08\\\/koder.jpeg\",\"width\":929,\"height\":464},{\"@type\":\"BreadcrumbList\",\"@id\":\"https:\\\/\\\/kuzeyinsesi.org\\\/index.php\\\/2024\\\/08\\\/04\\\/koderin-yayinlarina-milli-egitim-bakanligindan-onay\\\/#breadcrumb\",\"itemListElement\":[{\"@type\":\"ListItem\",\"position\":1,\"name\":\"Anasayfa\",\"item\":\"https:\\\/\\\/kuzeyinsesi.org\\\/\"},{\"@type\":\"ListItem\",\"position\":2,\"name\":\"K\u00d6DER\u2019in yay\u0131nlar\u0131na Milli E\u011fitim Bakanl\u0131\u011f\u0131\u2019ndan onay\"}]},{\"@type\":\"WebSite\",\"@id\":\"https:\\\/\\\/kuzeyinsesi.org\\\/#website\",\"url\":\"https:\\\/\\\/kuzeyinsesi.org\\\/\",\"name\":\"Kuzeyin Sesi\",\"description\":\"Do\u011fru Haberin Adresi\",\"potentialAction\":[{\"@type\":\"SearchAction\",\"target\":{\"@type\":\"EntryPoint\",\"urlTemplate\":\"https:\\\/\\\/kuzeyinsesi.org\\\/?s={search_term_string}\"},\"query-input\":{\"@type\":\"PropertyValueSpecification\",\"valueRequired\":true,\"valueName\":\"search_term_string\"}}],\"inLanguage\":\"tr\"},{\"@type\":\"Person\",\"@id\":\"https:\\\/\\\/kuzeyinsesi.org\\\/#\\\/schema\\\/person\\\/9f859689cdf01485597712386e37f5aa\",\"name\":\"Kuzeyin Sesi\",\"image\":{\"@type\":\"ImageObject\",\"inLanguage\":\"tr\",\"@id\":\"https:\\\/\\\/secure.gravatar.com\\\/avatar\\\/bab33852abfd8b282518d6ed81826833d77c3c882d9ab608add591ccace47a44?s=96&d=mm&r=g\",\"url\":\"https:\\\/\\\/secure.gravatar.com\\\/avatar\\\/bab33852abfd8b282518d6ed81826833d77c3c882d9ab608add591ccace47a44?s=96&d=mm&r=g\",\"contentUrl\":\"https:\\\/\\\/secure.gravatar.com\\\/avatar\\\/bab33852abfd8b282518d6ed81826833d77c3c882d9ab608add591ccace47a44?s=96&d=mm&r=g\",\"caption\":\"Kuzeyin Sesi\"},\"sameAs\":[\"https:\\\/\\\/kuzeyinsesi.org\"],\"url\":\"https:\\\/\\\/kuzeyinsesi.org\\\/index.php\\\/author\\\/guven\\\/\"}]}<\/script>\n<!-- \/ Yoast SEO plugin. -->","yoast_head_json":{"title":"K\u00d6DER\u2019in yay\u0131nlar\u0131na Milli E\u011fitim Bakanl\u0131\u011f\u0131\u2019ndan onay - Kuzeyin Sesi","robots":{"index":"index","follow":"follow","max-snippet":"max-snippet:-1","max-image-preview":"max-image-preview:large","max-video-preview":"max-video-preview:-1"},"canonical":"https:\/\/kuzeyinsesi.org\/index.php\/2024\/08\/04\/koderin-yayinlarina-milli-egitim-bakanligindan-onay\/","og_locale":"tr_TR","og_type":"article","og_title":"K\u00d6DER\u2019in yay\u0131nlar\u0131na Milli E\u011fitim Bakanl\u0131\u011f\u0131\u2019ndan onay - Kuzeyin Sesi","og_description":"K\u0131br\u0131s Kad\u0131n \u00d6yk\u00fcleri Derne\u011fi\u2019nin (K\u00d6DER) iki kitab\u0131n\u0131n Milli E\u011fitim Bakanl\u0131\u011f\u0131\u2019na ba\u011fl\u0131 okullarda \u201ckaynak kitap\u201d , \u201cyard\u0131mc\u0131 kitap\u201d ve \u201c\u00f6\u011fretmen el kitab\u0131\u201d olarak kullan\u0131labilmesinin onayland\u0131\u011f\u0131 bildirildi. K\u00d6DER\u2019den verilen bilgiye g\u00f6re, K\u00d6DER taraf\u0131ndan yay\u0131nlanan \u201cHayat\u0131m\u0131za De\u011fer Katan Kad\u0131nlar\u0131m\u0131z 1\u201d ve \u201cHayat\u0131m\u0131za De\u011fer Katan Kad\u0131nlar\u0131m\u0131z 2\u201d ba\u015fl\u0131kl\u0131 kitaplar\u0131n, Bakanl\u0131\u011fa ba\u011fl\u0131 okullarda kullan\u0131labilmesine Milli E\u011fitim Bakanl\u0131\u011f\u0131, Talim ve Terbiye [&hellip;]","og_url":"https:\/\/kuzeyinsesi.org\/index.php\/2024\/08\/04\/koderin-yayinlarina-milli-egitim-bakanligindan-onay\/","og_site_name":"Kuzeyin Sesi","article_publisher":"https:\/\/www.facebook.com\/kuzeyinsesii","article_published_time":"2024-08-04T17:20:29+00:00","og_image":[{"url":"https:\/\/brtk.net\/wp-content\/uploads\/2024\/08\/04\/koder.jpeg?ver=deeffee04d0c7a1addef132256a6bf48","type":"","width":"","height":""}],"author":"Kuzeyin Sesi","twitter_card":"summary_large_image","twitter_creator":"@kuzeyinsesii","twitter_site":"@kuzeyinsesii","twitter_misc":{"Yazan:":"Kuzeyin Sesi","Tahmini okuma s\u00fcresi":"1 dakika"},"schema":{"@context":"https:\/\/schema.org","@graph":[{"@type":"Article","@id":"https:\/\/kuzeyinsesi.org\/index.php\/2024\/08\/04\/koderin-yayinlarina-milli-egitim-bakanligindan-onay\/#article","isPartOf":{"@id":"https:\/\/kuzeyinsesi.org\/index.php\/2024\/08\/04\/koderin-yayinlarina-milli-egitim-bakanligindan-onay\/"},"author":{"name":"Kuzeyin Sesi","@id":"https:\/\/kuzeyinsesi.org\/#\/schema\/person\/9f859689cdf01485597712386e37f5aa"},"headline":"K\u00d6DER\u2019in yay\u0131nlar\u0131na Milli E\u011fitim Bakanl\u0131\u011f\u0131\u2019ndan onay","datePublished":"2024-08-04T17:20:29+00:00","mainEntityOfPage":{"@id":"https:\/\/kuzeyinsesi.org\/index.php\/2024\/08\/04\/koderin-yayinlarina-milli-egitim-bakanligindan-onay\/"},"wordCount":187,"commentCount":0,"image":{"@id":"https:\/\/kuzeyinsesi.org\/index.php\/2024\/08\/04\/koderin-yayinlarina-milli-egitim-bakanligindan-onay\/#primaryimage"},"thumbnailUrl":"https:\/\/kuzeyinsesi.org\/wp-content\/uploads\/2024\/08\/koder.jpeg","articleSection":["Ya\u015fam"],"inLanguage":"tr","potentialAction":[{"@type":"CommentAction","name":"Comment","target":["https:\/\/kuzeyinsesi.org\/index.php\/2024\/08\/04\/koderin-yayinlarina-milli-egitim-bakanligindan-onay\/#respond"]}]},{"@type":"WebPage","@id":"https:\/\/kuzeyinsesi.org\/index.php\/2024\/08\/04\/koderin-yayinlarina-milli-egitim-bakanligindan-onay\/","url":"https:\/\/kuzeyinsesi.org\/index.php\/2024\/08\/04\/koderin-yayinlarina-milli-egitim-bakanligindan-onay\/","name":"K\u00d6DER\u2019in yay\u0131nlar\u0131na Milli E\u011fitim Bakanl\u0131\u011f\u0131\u2019ndan onay - Kuzeyin Sesi","isPartOf":{"@id":"https:\/\/kuzeyinsesi.org\/#website"},"primaryImageOfPage":{"@id":"https:\/\/kuzeyinsesi.org\/index.php\/2024\/08\/04\/koderin-yayinlarina-milli-egitim-bakanligindan-onay\/#primaryimage"},"image":{"@id":"https:\/\/kuzeyinsesi.org\/index.php\/2024\/08\/04\/koderin-yayinlarina-milli-egitim-bakanligindan-onay\/#primaryimage"},"thumbnailUrl":"https:\/\/kuzeyinsesi.org\/wp-content\/uploads\/2024\/08\/koder.jpeg","datePublished":"2024-08-04T17:20:29+00:00","author":{"@id":"https:\/\/kuzeyinsesi.org\/#\/schema\/person\/9f859689cdf01485597712386e37f5aa"},"breadcrumb":{"@id":"https:\/\/kuzeyinsesi.org\/index.php\/2024\/08\/04\/koderin-yayinlarina-milli-egitim-bakanligindan-onay\/#breadcrumb"},"inLanguage":"tr","potentialAction":[{"@type":"ReadAction","target":["https:\/\/kuzeyinsesi.org\/index.php\/2024\/08\/04\/koderin-yayinlarina-milli-egitim-bakanligindan-onay\/"]}]},{"@type":"ImageObject","inLanguage":"tr","@id":"https:\/\/kuzeyinsesi.org\/index.php\/2024\/08\/04\/koderin-yayinlarina-milli-egitim-bakanligindan-onay\/#primaryimage","url":"https:\/\/kuzeyinsesi.org\/wp-content\/uploads\/2024\/08\/koder.jpeg","contentUrl":"https:\/\/kuzeyinsesi.org\/wp-content\/uploads\/2024\/08\/koder.jpeg","width":929,"height":464},{"@type":"BreadcrumbList","@id":"https:\/\/kuzeyinsesi.org\/index.php\/2024\/08\/04\/koderin-yayinlarina-milli-egitim-bakanligindan-onay\/#breadcrumb","itemListElement":[{"@type":"ListItem","position":1,"name":"Anasayfa","item":"https:\/\/kuzeyinsesi.org\/"},{"@type":"ListItem","position":2,"name":"K\u00d6DER\u2019in yay\u0131nlar\u0131na Milli E\u011fitim Bakanl\u0131\u011f\u0131\u2019ndan onay"}]},{"@type":"WebSite","@id":"https:\/\/kuzeyinsesi.org\/#website","url":"https:\/\/kuzeyinsesi.org\/","name":"Kuzeyin Sesi","description":"Do\u011fru Haberin Adresi","potentialAction":[{"@type":"SearchAction","target":{"@type":"EntryPoint","urlTemplate":"https:\/\/kuzeyinsesi.org\/?s={search_term_string}"},"query-input":{"@type":"PropertyValueSpecification","valueRequired":true,"valueName":"search_term_string"}}],"inLanguage":"tr"},{"@type":"Person","@id":"https:\/\/kuzeyinsesi.org\/#\/schema\/person\/9f859689cdf01485597712386e37f5aa","name":"Kuzeyin Sesi","image":{"@type":"ImageObject","inLanguage":"tr","@id":"https:\/\/secure.gravatar.com\/avatar\/bab33852abfd8b282518d6ed81826833d77c3c882d9ab608add591ccace47a44?s=96&d=mm&r=g","url":"https:\/\/secure.gravatar.com\/avatar\/bab33852abfd8b282518d6ed81826833d77c3c882d9ab608add591ccace47a44?s=96&d=mm&r=g","contentUrl":"https:\/\/secure.gravatar.com\/avatar\/bab33852abfd8b282518d6ed81826833d77c3c882d9ab608add591ccace47a44?s=96&d=mm&r=g","caption":"Kuzeyin Sesi"},"sameAs":["https:\/\/kuzeyinsesi.org"],"url":"https:\/\/kuzeyinsesi.org\/index.php\/author\/guven\/"}]}},"_links":{"self":[{"href":"https:\/\/kuzeyinsesi.org\/index.php\/wp-json\/wp\/v2\/posts\/7471","targetHints":{"allow":["GET"]}}],"collection":[{"href":"https:\/\/kuzeyinsesi.org\/index.php\/wp-json\/wp\/v2\/posts"}],"about":[{"href":"https:\/\/kuzeyinsesi.org\/index.php\/wp-json\/wp\/v2\/types\/post"}],"author":[{"embeddable":true,"href":"https:\/\/kuzeyinsesi.org\/index.php\/wp-json\/wp\/v2\/users\/1"}],"replies":[{"embeddable":true,"href":"https:\/\/kuzeyinsesi.org\/index.php\/wp-json\/wp\/v2\/comments?post=7471"}],"version-history":[{"count":0,"href":"https:\/\/kuzeyinsesi.org\/index.php\/wp-json\/wp\/v2\/posts\/7471\/revisions"}],"wp:featuredmedia":[{"embeddable":true,"href":"https:\/\/kuzeyinsesi.org\/index.php\/wp-json\/wp\/v2\/media\/7472"}],"wp:attachment":[{"href":"https:\/\/kuzeyinsesi.org\/index.php\/wp-json\/wp\/v2\/media?parent=7471"}],"wp:term":[{"taxonomy":"category","embeddable":true,"href":"https:\/\/kuzeyinsesi.org\/index.php\/wp-json\/wp\/v2\/categories?post=7471"},{"taxonomy":"post_tag","embeddable":true,"href":"https:\/\/kuzeyinsesi.org\/index.php\/wp-json\/wp\/v2\/tags?post=7471"}],"curies":[{"name":"wp","href":"https:\/\/api.w.org\/{rel}","templated":true}]}}