{"id":743,"date":"2024-04-28T02:06:12","date_gmt":"2024-04-27T23:06:12","guid":{"rendered":"https:\/\/kuzeyinsesi.com\/index.php\/2024\/04\/28\/hollandada-15-kentte-islami-anlatmak-icin-kurani-kerim-dagitildi\/"},"modified":"2024-04-28T02:06:12","modified_gmt":"2024-04-27T23:06:12","slug":"hollandada-15-kentte-islami-anlatmak-icin-kurani-kerim-dagitildi","status":"publish","type":"post","link":"https:\/\/kuzeyinsesi.org\/index.php\/2024\/04\/28\/hollandada-15-kentte-islami-anlatmak-icin-kurani-kerim-dagitildi\/","title":{"rendered":"Hollanda&#039;da 15 kentte \u0130slam&#039;\u0131 anlatmak i\u00e7in Kur&#039;an\u0131 Kerim da\u011f\u0131t\u0131ld\u0131"},"content":{"rendered":"<p><\/p>\n<div>\n<p>&#13;<br \/>\n\tHollanda&#8217;da M\u00fcsl\u00fcman Perspektif Vakf\u0131na ba\u011fl\u0131 &#8220;Neden \u0130slam&#8221; adl\u0131 birimin y\u00f6neticileri ve g\u00f6n\u00fcll\u00fcler, 15 kentte &#8220;\u0130slam&#8217;a Davet&#8221; adl\u0131 bir etkinlik d\u00fczenledi.<\/p>\n<p>&#13;<br \/>\n\tEtkinlikte, Kral G\u00fcn\u00fc&#8217;n\u00fc kutlamak i\u00e7in \u015fehir merkezine gelenlere Hollandaca mealli Kur&#8217;an-\u0131 Kerim hediye edildi, \u0130slam&#8217;\u0131 konu alan bro\u015f\u00fcrler da\u011f\u0131t\u0131ld\u0131 ve \u0130slam anlat\u0131ld\u0131.<\/p>\n<p>&#13;<br \/>\n\tRotterdam kentinde Kur&#8217;an-\u0131 Kerim da\u011f\u0131tan &#8220;Neden \u0130slam&#8221; Birim Ba\u015fkan\u0131 Bekir Ekinci, ama\u00e7lar\u0131n\u0131n M\u00fcsl\u00fcman olmayan Hollandal\u0131lara Kur&#8217;an-\u0131 Kerim da\u011f\u0131tarak, \u0130slam&#8217;\u0131 anlatmak ve Kur&#8217;an ile tan\u0131\u015fmalar\u0131na vesile olmak oldu\u011funu s\u00f6yledi.<\/p>\n<p>&#13;<br \/>\n\tEkinci, &#8220;\u0130slam&#8217;a kar\u015f\u0131 ger\u00e7ekten samimilerse, bu vesileyle onlar\u0131 \u0130slam&#8217;a davet ediyoruz. Elhamd\u00fclillah bug\u00fcn en az 5 ki\u015finin \u0130slam&#8217;a girmesine vesile olduk. Bizim burada 5 ki\u015fi \u0130slam ile \u015fereflendi.&#8221; dedi.<\/p>\n<p>&#13;<br \/>\n\tHollanda&#8217;da son y\u0131llarda \u0130slam&#8217;a \u00e7ok b\u00fcy\u00fck ilgi oldu\u011funu belirten Ekinci, &#8220;Kur&#8217;an&#8217;a ra\u011fbet g\u00f6steriyorlar. Bir\u00e7o\u011fu muhakkak Kur&#8217;an okuyaca\u011f\u0131n\u0131 s\u00f6yl\u00fcyor. Bu \u015fekilde Allah&#8217;\u0131n izniyle bir\u00e7ok insan\u0131n \u0130slam ile tan\u0131\u015fmas\u0131na veya \u0130slam&#8217;a girmesine vesile oluyoruz.&#8221; ifadesini kulland\u0131.<\/p>\n<p>&#13;<br \/>\n\tEkinci, &#8220;Sadece Rotterdam&#8217;da de\u011fil, \u00f6zellikle bug\u00fcn Kral&#8217;\u0131n ya\u015f g\u00fcn\u00fc olmas\u0131 nedeniyle 15 \u015fehirde stant kurduk. Kral G\u00fcn\u00fc&#8217;nde bir\u00e7ok insan soka\u011fa \u00e7\u0131kt\u0131\u011f\u0131 i\u00e7in bizim i\u00e7in iyi bir f\u0131rsat oldu.&#8221; diye konu\u015ftu.<\/p>\n<p>&#13;<br \/>\n\tEtkinli\u011fe kat\u0131larak hediye edilen Kur&#8217;an-\u0131 Kerim&#8217;den alan Tara Mercera, etkinli\u011fin \u00e7ok g\u00fczel oldu\u011funu ifade ederek &#8220;\u0130nsanlara ilham vermek, \u0130slam&#8217;\u0131n ba\u015fkalar\u0131yla payla\u015f\u0131larak ihtiyac\u0131 olanlara ve dinden uzakla\u015fm\u0131\u015f olanlara \u0130slam&#8217;\u0131 anlatmak \u00e7ok iyi bir eylem.&#8221; de\u011ferlendirmesinde bulundu.<\/p>\n<p>&#13;<br \/>\n\tMercera, &#8220;Evet okuyaca\u011f\u0131m. \u00c7ok ilgin\u00e7 oldu\u011funu d\u00fc\u015f\u00fcn\u00fcyorum. \u0130ncil\u2019i okumu\u015ftum, \u015fimdi de Kur\u2019an\u2019\u0131 okuyaca\u011f\u0131m. Bana hangi bak\u0131\u015f a\u00e7\u0131s\u0131n\u0131 verece\u011fine ve onda hangi g\u00fczellikleri bulaca\u011f\u0131ma bakaca\u011f\u0131m.&#8221; dedi.<\/p>\n<p>&#13;<br \/>\n\tDaha \u00f6nce hi\u00e7bir dini kitab\u0131 okumad\u0131\u011f\u0131n\u0131 s\u00f6yleyen Silke Hofman da Kur&#8217;an-\u0131 Kerim&#8217;in da\u011f\u0131t\u0131lmas\u0131n\u0131n \u00e7ok g\u00fczel oldu\u011funu ve kesinlikle okuyaca\u011f\u0131n\u0131 dile getirdi.<\/p>\n<p>&#13;<br \/>\n\tAty Blaauboer da &#8220;Kesinlikle okuyaca\u011f\u0131m. Kur&#8217;an&#8217;dan alaca\u011f\u0131m g\u00fczellikleri torunlar\u0131ma aktaraca\u011f\u0131m.&#8221; diye konu\u015ftu.<\/p>\n<p>&#13;<br \/>\n\t<strong>Hollanda&#8217;da &#8220;Kral G\u00fcn\u00fc&#8221;<\/strong><\/p>\n<p>&#13;<br \/>\n\tHollanda&#8217;da Kral G\u00fcn\u00fc, \u00fclke genelinde \u00e7e\u015fitli etkinliklerle kutland\u0131.<\/p>\n<p>&#13;<br \/>\n\tG\u00fcnler \u00f6ncesinden kutlamalar i\u00e7in haz\u0131rlanan Emmen kentinde sabah\u0131n erken saatlerinden itibaren bekleyen halk taraf\u0131ndan b\u00fcy\u00fck bir co\u015fkuyla kar\u015f\u0131lanan Kral Willem Alexander ve e\u015fi Krali\u00e7e Maxima ile ailenin di\u011fer \u00fcyeleri, halk\u0131 selamlad\u0131ktan sonra d\u00fczenlenen \u015fenliklere ve etkinliklere kat\u0131ld\u0131.<\/p>\n<p>&#13;<br \/>\n\tTuruncu renklerle donat\u0131lan \u00fclkede, b\u00fcy\u00fck\u015fehirlerin yan\u0131 s\u0131ra di\u011fer kentlerde de etkinlikler d\u00fczenlendi. \u0130nsanlar\u0131n turuncu k\u0131yafetler giydi\u011fi ve sokaklarda geleneksel oyunlar\u0131 sahneledi\u011fi etkinliklere \u00f6zel geleneksel yiyecekler haz\u0131rland\u0131.<\/p>\n<p>&#13;<br \/>\n\tKral G\u00fcn\u00fc&#8217;nde halk, sokaklarda tezgah a\u00e7\u0131p istedi\u011fi \u00fcr\u00fcnleri satabiliyor. Kurulan tezgahlarda genellikle ikinci el e\u015fyalar sat\u0131l\u0131yor.<\/p>\n<p>&#13;<br \/>\n\tDaha \u00f6nce &#8220;Krali\u00e7e G\u00fcn\u00fc&#8221; olarak kutlanan g\u00fcn\u00fcn ad\u0131, Kral Willem Alexander&#8217;\u0131n tahta ge\u00e7mesiyle 11 sene \u00f6nce &#8220;Kral G\u00fcn\u00fc&#8221; olarak de\u011fi\u015ftirildi. Hollanda&#8217;n\u0131n milli bayramlar\u0131 aras\u0131nda yer alan kutlamalar, Krali\u00e7e Wilhelmina&#8217;n\u0131n do\u011fum g\u00fcn\u00fc olan 31 A\u011fustos 1885&#8217;te ba\u015flam\u0131\u015ft\u0131.<\/p>\n<\/p><\/div>\n","protected":false},"excerpt":{"rendered":"<p>&#13; Hollanda&#8217;da M\u00fcsl\u00fcman Perspektif Vakf\u0131na ba\u011fl\u0131 &#8220;Neden \u0130slam&#8221; adl\u0131 birimin y\u00f6neticileri ve g\u00f6n\u00fcll\u00fcler, 15 kentte &#8220;\u0130slam&#8217;a Davet&#8221; adl\u0131 bir etkinlik d\u00fczenledi. &#13; Etkinlikte, Kral G\u00fcn\u00fc&#8217;n\u00fc kutlamak i\u00e7in \u015fehir merkezine gelenlere Hollandaca mealli Kur&#8217;an-\u0131 Kerim hediye edildi, \u0130slam&#8217;\u0131 konu alan bro\u015f\u00fcrler da\u011f\u0131t\u0131ld\u0131 ve \u0130slam anlat\u0131ld\u0131. &#13; Rotterdam kentinde Kur&#8217;an-\u0131 Kerim da\u011f\u0131tan &#8220;Neden \u0130slam&#8221; Birim Ba\u015fkan\u0131 Bekir [&hellip;]<\/p>\n","protected":false},"author":1,"featured_media":744,"comment_status":"open","ping_status":"open","sticky":false,"template":"","format":"standard","meta":{"jnews-multi-image_gallery":[],"jnews_single_post":[],"jnews_primary_category":[],"jnews_social_meta":[],"jnews_override_counter":[],"footnotes":""},"categories":[2],"tags":[],"class_list":["post-743","post","type-post","status-publish","format-standard","has-post-thumbnail","hentry","category-dunya"],"yoast_head":"<!-- This site is optimized with the Yoast SEO plugin v27.5 - https:\/\/yoast.com\/product\/yoast-seo-wordpress\/ -->\n<title>Hollanda&#039;da 15 kentte \u0130slam&#039;\u0131 anlatmak i\u00e7in Kur&#039;an\u0131 Kerim da\u011f\u0131t\u0131ld\u0131 - Kuzeyin Sesi<\/title>\n<meta name=\"robots\" content=\"index, follow, max-snippet:-1, max-image-preview:large, max-video-preview:-1\" \/>\n<link rel=\"canonical\" href=\"https:\/\/kuzeyinsesi.org\/index.php\/2024\/04\/28\/hollandada-15-kentte-islami-anlatmak-icin-kurani-kerim-dagitildi\/\" \/>\n<meta property=\"og:locale\" content=\"tr_TR\" \/>\n<meta property=\"og:type\" content=\"article\" \/>\n<meta property=\"og:title\" content=\"Hollanda&#039;da 15 kentte \u0130slam&#039;\u0131 anlatmak i\u00e7in Kur&#039;an\u0131 Kerim da\u011f\u0131t\u0131ld\u0131 - Kuzeyin Sesi\" \/>\n<meta property=\"og:description\" content=\"&#013; Hollanda&#8217;da M\u00fcsl\u00fcman Perspektif Vakf\u0131na ba\u011fl\u0131 &#8220;Neden \u0130slam&#8221; adl\u0131 birimin y\u00f6neticileri ve g\u00f6n\u00fcll\u00fcler, 15 kentte &#8220;\u0130slam&#8217;a Davet&#8221; adl\u0131 bir etkinlik d\u00fczenledi. &#013; Etkinlikte, Kral G\u00fcn\u00fc&#8217;n\u00fc kutlamak i\u00e7in \u015fehir merkezine gelenlere Hollandaca mealli Kur&#8217;an-\u0131 Kerim hediye edildi, \u0130slam&#8217;\u0131 konu alan bro\u015f\u00fcrler da\u011f\u0131t\u0131ld\u0131 ve \u0130slam anlat\u0131ld\u0131. &#013; Rotterdam kentinde Kur&#8217;an-\u0131 Kerim da\u011f\u0131tan &#8220;Neden \u0130slam&#8221; Birim Ba\u015fkan\u0131 Bekir [&hellip;]\" \/>\n<meta property=\"og:url\" content=\"https:\/\/kuzeyinsesi.org\/index.php\/2024\/04\/28\/hollandada-15-kentte-islami-anlatmak-icin-kurani-kerim-dagitildi\/\" \/>\n<meta property=\"og:site_name\" content=\"Kuzeyin Sesi\" \/>\n<meta property=\"article:publisher\" content=\"https:\/\/www.facebook.com\/kuzeyinsesii\" \/>\n<meta property=\"article:published_time\" content=\"2024-04-27T23:06:12+00:00\" \/>\n<meta property=\"og:image\" content=\"https:\/\/kuzeyinsesi.org\/wp-content\/uploads\/2024\/04\/hollanda-kuran-i-kerim-aa-2220860.jpg\" \/>\n\t<meta property=\"og:image:width\" content=\"1280\" \/>\n\t<meta property=\"og:image:height\" content=\"720\" \/>\n\t<meta property=\"og:image:type\" content=\"image\/jpeg\" \/>\n<meta name=\"author\" content=\"Kuzeyin Sesi\" \/>\n<meta name=\"twitter:card\" content=\"summary_large_image\" \/>\n<meta name=\"twitter:creator\" content=\"@kuzeyinsesii\" \/>\n<meta name=\"twitter:site\" content=\"@kuzeyinsesii\" \/>\n<meta name=\"twitter:label1\" content=\"Yazan:\" \/>\n\t<meta name=\"twitter:data1\" content=\"Kuzeyin Sesi\" \/>\n\t<meta name=\"twitter:label2\" content=\"Tahmini okuma s\u00fcresi\" \/>\n\t<meta name=\"twitter:data2\" content=\"3 dakika\" \/>\n<script type=\"application\/ld+json\" class=\"yoast-schema-graph\">{\"@context\":\"https:\\\/\\\/schema.org\",\"@graph\":[{\"@type\":\"Article\",\"@id\":\"https:\\\/\\\/kuzeyinsesi.org\\\/index.php\\\/2024\\\/04\\\/28\\\/hollandada-15-kentte-islami-anlatmak-icin-kurani-kerim-dagitildi\\\/#article\",\"isPartOf\":{\"@id\":\"https:\\\/\\\/kuzeyinsesi.org\\\/index.php\\\/2024\\\/04\\\/28\\\/hollandada-15-kentte-islami-anlatmak-icin-kurani-kerim-dagitildi\\\/\"},\"author\":{\"name\":\"Kuzeyin Sesi\",\"@id\":\"https:\\\/\\\/kuzeyinsesi.org\\\/#\\\/schema\\\/person\\\/9f859689cdf01485597712386e37f5aa\"},\"headline\":\"Hollanda&#039;da 15 kentte \u0130slam&#039;\u0131 anlatmak i\u00e7in Kur&#039;an\u0131 Kerim da\u011f\u0131t\u0131ld\u0131\",\"datePublished\":\"2024-04-27T23:06:12+00:00\",\"mainEntityOfPage\":{\"@id\":\"https:\\\/\\\/kuzeyinsesi.org\\\/index.php\\\/2024\\\/04\\\/28\\\/hollandada-15-kentte-islami-anlatmak-icin-kurani-kerim-dagitildi\\\/\"},\"wordCount\":574,\"commentCount\":0,\"image\":{\"@id\":\"https:\\\/\\\/kuzeyinsesi.org\\\/index.php\\\/2024\\\/04\\\/28\\\/hollandada-15-kentte-islami-anlatmak-icin-kurani-kerim-dagitildi\\\/#primaryimage\"},\"thumbnailUrl\":\"https:\\\/\\\/kuzeyinsesi.org\\\/wp-content\\\/uploads\\\/2024\\\/04\\\/hollanda-kuran-i-kerim-aa-2220860.jpg\",\"articleSection\":[\"D\u00fcnya\"],\"inLanguage\":\"tr\",\"potentialAction\":[{\"@type\":\"CommentAction\",\"name\":\"Comment\",\"target\":[\"https:\\\/\\\/kuzeyinsesi.org\\\/index.php\\\/2024\\\/04\\\/28\\\/hollandada-15-kentte-islami-anlatmak-icin-kurani-kerim-dagitildi\\\/#respond\"]}]},{\"@type\":\"WebPage\",\"@id\":\"https:\\\/\\\/kuzeyinsesi.org\\\/index.php\\\/2024\\\/04\\\/28\\\/hollandada-15-kentte-islami-anlatmak-icin-kurani-kerim-dagitildi\\\/\",\"url\":\"https:\\\/\\\/kuzeyinsesi.org\\\/index.php\\\/2024\\\/04\\\/28\\\/hollandada-15-kentte-islami-anlatmak-icin-kurani-kerim-dagitildi\\\/\",\"name\":\"Hollanda&#039;da 15 kentte \u0130slam&#039;\u0131 anlatmak i\u00e7in Kur&#039;an\u0131 Kerim da\u011f\u0131t\u0131ld\u0131 - Kuzeyin Sesi\",\"isPartOf\":{\"@id\":\"https:\\\/\\\/kuzeyinsesi.org\\\/#website\"},\"primaryImageOfPage\":{\"@id\":\"https:\\\/\\\/kuzeyinsesi.org\\\/index.php\\\/2024\\\/04\\\/28\\\/hollandada-15-kentte-islami-anlatmak-icin-kurani-kerim-dagitildi\\\/#primaryimage\"},\"image\":{\"@id\":\"https:\\\/\\\/kuzeyinsesi.org\\\/index.php\\\/2024\\\/04\\\/28\\\/hollandada-15-kentte-islami-anlatmak-icin-kurani-kerim-dagitildi\\\/#primaryimage\"},\"thumbnailUrl\":\"https:\\\/\\\/kuzeyinsesi.org\\\/wp-content\\\/uploads\\\/2024\\\/04\\\/hollanda-kuran-i-kerim-aa-2220860.jpg\",\"datePublished\":\"2024-04-27T23:06:12+00:00\",\"author\":{\"@id\":\"https:\\\/\\\/kuzeyinsesi.org\\\/#\\\/schema\\\/person\\\/9f859689cdf01485597712386e37f5aa\"},\"breadcrumb\":{\"@id\":\"https:\\\/\\\/kuzeyinsesi.org\\\/index.php\\\/2024\\\/04\\\/28\\\/hollandada-15-kentte-islami-anlatmak-icin-kurani-kerim-dagitildi\\\/#breadcrumb\"},\"inLanguage\":\"tr\",\"potentialAction\":[{\"@type\":\"ReadAction\",\"target\":[\"https:\\\/\\\/kuzeyinsesi.org\\\/index.php\\\/2024\\\/04\\\/28\\\/hollandada-15-kentte-islami-anlatmak-icin-kurani-kerim-dagitildi\\\/\"]}]},{\"@type\":\"ImageObject\",\"inLanguage\":\"tr\",\"@id\":\"https:\\\/\\\/kuzeyinsesi.org\\\/index.php\\\/2024\\\/04\\\/28\\\/hollandada-15-kentte-islami-anlatmak-icin-kurani-kerim-dagitildi\\\/#primaryimage\",\"url\":\"https:\\\/\\\/kuzeyinsesi.org\\\/wp-content\\\/uploads\\\/2024\\\/04\\\/hollanda-kuran-i-kerim-aa-2220860.jpg\",\"contentUrl\":\"https:\\\/\\\/kuzeyinsesi.org\\\/wp-content\\\/uploads\\\/2024\\\/04\\\/hollanda-kuran-i-kerim-aa-2220860.jpg\",\"width\":1280,\"height\":720},{\"@type\":\"BreadcrumbList\",\"@id\":\"https:\\\/\\\/kuzeyinsesi.org\\\/index.php\\\/2024\\\/04\\\/28\\\/hollandada-15-kentte-islami-anlatmak-icin-kurani-kerim-dagitildi\\\/#breadcrumb\",\"itemListElement\":[{\"@type\":\"ListItem\",\"position\":1,\"name\":\"Anasayfa\",\"item\":\"https:\\\/\\\/kuzeyinsesi.org\\\/\"},{\"@type\":\"ListItem\",\"position\":2,\"name\":\"Hollanda&#039;da 15 kentte \u0130slam&#039;\u0131 anlatmak i\u00e7in Kur&#039;an\u0131 Kerim da\u011f\u0131t\u0131ld\u0131\"}]},{\"@type\":\"WebSite\",\"@id\":\"https:\\\/\\\/kuzeyinsesi.org\\\/#website\",\"url\":\"https:\\\/\\\/kuzeyinsesi.org\\\/\",\"name\":\"Kuzeyin Sesi\",\"description\":\"Do\u011fru Haberin Adresi\",\"potentialAction\":[{\"@type\":\"SearchAction\",\"target\":{\"@type\":\"EntryPoint\",\"urlTemplate\":\"https:\\\/\\\/kuzeyinsesi.org\\\/?s={search_term_string}\"},\"query-input\":{\"@type\":\"PropertyValueSpecification\",\"valueRequired\":true,\"valueName\":\"search_term_string\"}}],\"inLanguage\":\"tr\"},{\"@type\":\"Person\",\"@id\":\"https:\\\/\\\/kuzeyinsesi.org\\\/#\\\/schema\\\/person\\\/9f859689cdf01485597712386e37f5aa\",\"name\":\"Kuzeyin Sesi\",\"image\":{\"@type\":\"ImageObject\",\"inLanguage\":\"tr\",\"@id\":\"https:\\\/\\\/secure.gravatar.com\\\/avatar\\\/bab33852abfd8b282518d6ed81826833d77c3c882d9ab608add591ccace47a44?s=96&d=mm&r=g\",\"url\":\"https:\\\/\\\/secure.gravatar.com\\\/avatar\\\/bab33852abfd8b282518d6ed81826833d77c3c882d9ab608add591ccace47a44?s=96&d=mm&r=g\",\"contentUrl\":\"https:\\\/\\\/secure.gravatar.com\\\/avatar\\\/bab33852abfd8b282518d6ed81826833d77c3c882d9ab608add591ccace47a44?s=96&d=mm&r=g\",\"caption\":\"Kuzeyin Sesi\"},\"sameAs\":[\"https:\\\/\\\/kuzeyinsesi.org\"],\"url\":\"https:\\\/\\\/kuzeyinsesi.org\\\/index.php\\\/author\\\/guven\\\/\"}]}<\/script>\n<!-- \/ Yoast SEO plugin. -->","yoast_head_json":{"title":"Hollanda&#039;da 15 kentte \u0130slam&#039;\u0131 anlatmak i\u00e7in Kur&#039;an\u0131 Kerim da\u011f\u0131t\u0131ld\u0131 - Kuzeyin Sesi","robots":{"index":"index","follow":"follow","max-snippet":"max-snippet:-1","max-image-preview":"max-image-preview:large","max-video-preview":"max-video-preview:-1"},"canonical":"https:\/\/kuzeyinsesi.org\/index.php\/2024\/04\/28\/hollandada-15-kentte-islami-anlatmak-icin-kurani-kerim-dagitildi\/","og_locale":"tr_TR","og_type":"article","og_title":"Hollanda&#039;da 15 kentte \u0130slam&#039;\u0131 anlatmak i\u00e7in Kur&#039;an\u0131 Kerim da\u011f\u0131t\u0131ld\u0131 - Kuzeyin Sesi","og_description":"&#13; Hollanda&#8217;da M\u00fcsl\u00fcman Perspektif Vakf\u0131na ba\u011fl\u0131 &#8220;Neden \u0130slam&#8221; adl\u0131 birimin y\u00f6neticileri ve g\u00f6n\u00fcll\u00fcler, 15 kentte &#8220;\u0130slam&#8217;a Davet&#8221; adl\u0131 bir etkinlik d\u00fczenledi. &#13; Etkinlikte, Kral G\u00fcn\u00fc&#8217;n\u00fc kutlamak i\u00e7in \u015fehir merkezine gelenlere Hollandaca mealli Kur&#8217;an-\u0131 Kerim hediye edildi, \u0130slam&#8217;\u0131 konu alan bro\u015f\u00fcrler da\u011f\u0131t\u0131ld\u0131 ve \u0130slam anlat\u0131ld\u0131. &#13; Rotterdam kentinde Kur&#8217;an-\u0131 Kerim da\u011f\u0131tan &#8220;Neden \u0130slam&#8221; Birim Ba\u015fkan\u0131 Bekir [&hellip;]","og_url":"https:\/\/kuzeyinsesi.org\/index.php\/2024\/04\/28\/hollandada-15-kentte-islami-anlatmak-icin-kurani-kerim-dagitildi\/","og_site_name":"Kuzeyin Sesi","article_publisher":"https:\/\/www.facebook.com\/kuzeyinsesii","article_published_time":"2024-04-27T23:06:12+00:00","og_image":[{"width":1280,"height":720,"url":"https:\/\/kuzeyinsesi.org\/wp-content\/uploads\/2024\/04\/hollanda-kuran-i-kerim-aa-2220860.jpg","type":"image\/jpeg"}],"author":"Kuzeyin Sesi","twitter_card":"summary_large_image","twitter_creator":"@kuzeyinsesii","twitter_site":"@kuzeyinsesii","twitter_misc":{"Yazan:":"Kuzeyin Sesi","Tahmini okuma s\u00fcresi":"3 dakika"},"schema":{"@context":"https:\/\/schema.org","@graph":[{"@type":"Article","@id":"https:\/\/kuzeyinsesi.org\/index.php\/2024\/04\/28\/hollandada-15-kentte-islami-anlatmak-icin-kurani-kerim-dagitildi\/#article","isPartOf":{"@id":"https:\/\/kuzeyinsesi.org\/index.php\/2024\/04\/28\/hollandada-15-kentte-islami-anlatmak-icin-kurani-kerim-dagitildi\/"},"author":{"name":"Kuzeyin Sesi","@id":"https:\/\/kuzeyinsesi.org\/#\/schema\/person\/9f859689cdf01485597712386e37f5aa"},"headline":"Hollanda&#039;da 15 kentte \u0130slam&#039;\u0131 anlatmak i\u00e7in Kur&#039;an\u0131 Kerim da\u011f\u0131t\u0131ld\u0131","datePublished":"2024-04-27T23:06:12+00:00","mainEntityOfPage":{"@id":"https:\/\/kuzeyinsesi.org\/index.php\/2024\/04\/28\/hollandada-15-kentte-islami-anlatmak-icin-kurani-kerim-dagitildi\/"},"wordCount":574,"commentCount":0,"image":{"@id":"https:\/\/kuzeyinsesi.org\/index.php\/2024\/04\/28\/hollandada-15-kentte-islami-anlatmak-icin-kurani-kerim-dagitildi\/#primaryimage"},"thumbnailUrl":"https:\/\/kuzeyinsesi.org\/wp-content\/uploads\/2024\/04\/hollanda-kuran-i-kerim-aa-2220860.jpg","articleSection":["D\u00fcnya"],"inLanguage":"tr","potentialAction":[{"@type":"CommentAction","name":"Comment","target":["https:\/\/kuzeyinsesi.org\/index.php\/2024\/04\/28\/hollandada-15-kentte-islami-anlatmak-icin-kurani-kerim-dagitildi\/#respond"]}]},{"@type":"WebPage","@id":"https:\/\/kuzeyinsesi.org\/index.php\/2024\/04\/28\/hollandada-15-kentte-islami-anlatmak-icin-kurani-kerim-dagitildi\/","url":"https:\/\/kuzeyinsesi.org\/index.php\/2024\/04\/28\/hollandada-15-kentte-islami-anlatmak-icin-kurani-kerim-dagitildi\/","name":"Hollanda&#039;da 15 kentte \u0130slam&#039;\u0131 anlatmak i\u00e7in Kur&#039;an\u0131 Kerim da\u011f\u0131t\u0131ld\u0131 - Kuzeyin Sesi","isPartOf":{"@id":"https:\/\/kuzeyinsesi.org\/#website"},"primaryImageOfPage":{"@id":"https:\/\/kuzeyinsesi.org\/index.php\/2024\/04\/28\/hollandada-15-kentte-islami-anlatmak-icin-kurani-kerim-dagitildi\/#primaryimage"},"image":{"@id":"https:\/\/kuzeyinsesi.org\/index.php\/2024\/04\/28\/hollandada-15-kentte-islami-anlatmak-icin-kurani-kerim-dagitildi\/#primaryimage"},"thumbnailUrl":"https:\/\/kuzeyinsesi.org\/wp-content\/uploads\/2024\/04\/hollanda-kuran-i-kerim-aa-2220860.jpg","datePublished":"2024-04-27T23:06:12+00:00","author":{"@id":"https:\/\/kuzeyinsesi.org\/#\/schema\/person\/9f859689cdf01485597712386e37f5aa"},"breadcrumb":{"@id":"https:\/\/kuzeyinsesi.org\/index.php\/2024\/04\/28\/hollandada-15-kentte-islami-anlatmak-icin-kurani-kerim-dagitildi\/#breadcrumb"},"inLanguage":"tr","potentialAction":[{"@type":"ReadAction","target":["https:\/\/kuzeyinsesi.org\/index.php\/2024\/04\/28\/hollandada-15-kentte-islami-anlatmak-icin-kurani-kerim-dagitildi\/"]}]},{"@type":"ImageObject","inLanguage":"tr","@id":"https:\/\/kuzeyinsesi.org\/index.php\/2024\/04\/28\/hollandada-15-kentte-islami-anlatmak-icin-kurani-kerim-dagitildi\/#primaryimage","url":"https:\/\/kuzeyinsesi.org\/wp-content\/uploads\/2024\/04\/hollanda-kuran-i-kerim-aa-2220860.jpg","contentUrl":"https:\/\/kuzeyinsesi.org\/wp-content\/uploads\/2024\/04\/hollanda-kuran-i-kerim-aa-2220860.jpg","width":1280,"height":720},{"@type":"BreadcrumbList","@id":"https:\/\/kuzeyinsesi.org\/index.php\/2024\/04\/28\/hollandada-15-kentte-islami-anlatmak-icin-kurani-kerim-dagitildi\/#breadcrumb","itemListElement":[{"@type":"ListItem","position":1,"name":"Anasayfa","item":"https:\/\/kuzeyinsesi.org\/"},{"@type":"ListItem","position":2,"name":"Hollanda&#039;da 15 kentte \u0130slam&#039;\u0131 anlatmak i\u00e7in Kur&#039;an\u0131 Kerim da\u011f\u0131t\u0131ld\u0131"}]},{"@type":"WebSite","@id":"https:\/\/kuzeyinsesi.org\/#website","url":"https:\/\/kuzeyinsesi.org\/","name":"Kuzeyin Sesi","description":"Do\u011fru Haberin Adresi","potentialAction":[{"@type":"SearchAction","target":{"@type":"EntryPoint","urlTemplate":"https:\/\/kuzeyinsesi.org\/?s={search_term_string}"},"query-input":{"@type":"PropertyValueSpecification","valueRequired":true,"valueName":"search_term_string"}}],"inLanguage":"tr"},{"@type":"Person","@id":"https:\/\/kuzeyinsesi.org\/#\/schema\/person\/9f859689cdf01485597712386e37f5aa","name":"Kuzeyin Sesi","image":{"@type":"ImageObject","inLanguage":"tr","@id":"https:\/\/secure.gravatar.com\/avatar\/bab33852abfd8b282518d6ed81826833d77c3c882d9ab608add591ccace47a44?s=96&d=mm&r=g","url":"https:\/\/secure.gravatar.com\/avatar\/bab33852abfd8b282518d6ed81826833d77c3c882d9ab608add591ccace47a44?s=96&d=mm&r=g","contentUrl":"https:\/\/secure.gravatar.com\/avatar\/bab33852abfd8b282518d6ed81826833d77c3c882d9ab608add591ccace47a44?s=96&d=mm&r=g","caption":"Kuzeyin Sesi"},"sameAs":["https:\/\/kuzeyinsesi.org"],"url":"https:\/\/kuzeyinsesi.org\/index.php\/author\/guven\/"}]}},"_links":{"self":[{"href":"https:\/\/kuzeyinsesi.org\/index.php\/wp-json\/wp\/v2\/posts\/743","targetHints":{"allow":["GET"]}}],"collection":[{"href":"https:\/\/kuzeyinsesi.org\/index.php\/wp-json\/wp\/v2\/posts"}],"about":[{"href":"https:\/\/kuzeyinsesi.org\/index.php\/wp-json\/wp\/v2\/types\/post"}],"author":[{"embeddable":true,"href":"https:\/\/kuzeyinsesi.org\/index.php\/wp-json\/wp\/v2\/users\/1"}],"replies":[{"embeddable":true,"href":"https:\/\/kuzeyinsesi.org\/index.php\/wp-json\/wp\/v2\/comments?post=743"}],"version-history":[{"count":0,"href":"https:\/\/kuzeyinsesi.org\/index.php\/wp-json\/wp\/v2\/posts\/743\/revisions"}],"wp:featuredmedia":[{"embeddable":true,"href":"https:\/\/kuzeyinsesi.org\/index.php\/wp-json\/wp\/v2\/media\/744"}],"wp:attachment":[{"href":"https:\/\/kuzeyinsesi.org\/index.php\/wp-json\/wp\/v2\/media?parent=743"}],"wp:term":[{"taxonomy":"category","embeddable":true,"href":"https:\/\/kuzeyinsesi.org\/index.php\/wp-json\/wp\/v2\/categories?post=743"},{"taxonomy":"post_tag","embeddable":true,"href":"https:\/\/kuzeyinsesi.org\/index.php\/wp-json\/wp\/v2\/tags?post=743"}],"curies":[{"name":"wp","href":"https:\/\/api.w.org\/{rel}","templated":true}]}}