{"id":7409,"date":"2024-08-03T10:34:35","date_gmt":"2024-08-03T07:34:35","guid":{"rendered":"https:\/\/kuzeyinsesi.org\/index.php\/2024\/08\/03\/tarihin-tanikliginda-kuzey-kibris-turk-cumhuriyeti-adli-kitap-tanitildi\/"},"modified":"2024-08-03T10:34:35","modified_gmt":"2024-08-03T07:34:35","slug":"tarihin-tanikliginda-kuzey-kibris-turk-cumhuriyeti-adli-kitap-tanitildi","status":"publish","type":"post","link":"https:\/\/kuzeyinsesi.org\/index.php\/2024\/08\/03\/tarihin-tanikliginda-kuzey-kibris-turk-cumhuriyeti-adli-kitap-tanitildi\/","title":{"rendered":"\u201cTarihin Tan\u0131kl\u0131\u011f\u0131nda Kuzey K\u0131br\u0131s T\u00fcrk Cumhuriyeti\u201d adl\u0131 kitap tan\u0131t\u0131ld\u0131"},"content":{"rendered":"<div>\n<div class=\"mariselle-image-container center\">\n                                            <\/div>\n<p>\u00a0<\/p>\n<p>Do\u011fu Akdeniz \u00dcniversitesi (DA\u00dc) E\u011fitim Fak\u00fcltesi, T\u00fcrk\u00e7e ve Sosyal Bilimler E\u011fitimi B\u00f6l\u00fcm\u00fc \u00d6\u011fretim \u00dcyesi ve Kad\u0131n Ara\u015ft\u0131rmalar\u0131 ve E\u011fitim Merkezi (KAEM) Y\u00f6netim Kurulu Ba\u015fkan\u0131 Do\u00e7. Dr. S\u00fcheyla \u00dc\u00e7\u0131\u015f\u0131k Erbilen\u2019nin edit\u00f6rl\u00fc\u011f\u00fcn\u00fc yapt\u0131\u011f\u0131 \u201cTarihin Tan\u0131kl\u0131\u011f\u0131nda Kuzey K\u0131br\u0131s T\u00fcrk Cumhuriyeti\u201d isimli kitab\u0131n\u0131n tan\u0131t\u0131m\u0131 ger\u00e7ekle\u015ftirildi.<\/p>\n<p>DA\u00dc\u2019den verilen bilgiye g\u00f6re, \u0130stanbul Topkap\u0131 \u00dcniversitesi\u2019nde Cumhurba\u015fkan\u0131 Ersin Tatar ve e\u015fi Sibel Tatar\u2019\u0131n da kat\u0131l\u0131m\u0131 ile ger\u00e7ekle\u015fen t\u00f6ren, T\u00fcrk Kad\u0131n Akademisyenler Birli\u011fi (T\u00dcRKKAB) ve Umay Ana T\u00fcrk D\u00fcnyas\u0131 Kad\u0131nlar Birli\u011fi (Umay Ana TDKB) i\u015f birli\u011finde d\u00fczenlendi.<\/p>\n<div class=\"mariselle-image-container center\">\n                <img decoding=\"async\" width=\"1600\" height=\"900\" class=\"lazy-image\" alt=\"\" sizes=\"(max-width: 1600px) 100vw, 1600px\" src=\"https:\/\/brtk.net\/wp-content\/uploads\/2024\/08\/03\/dau-kitap-tanitim-1-.jpg?ver=2a768315b10d5e8a33c30d3e746dd41b\" srcset=\"https:\/\/brtk.net\/wp-content\/uploads\/2024\/08\/03\/dau-kitap-tanitim-1-.jpg?ver=2a768315b10d5e8a33c30d3e746dd41b 1600w, https:\/\/brtk.net\/wp-content\/uploads\/2024\/08\/03\/dau-kitap-tanitim-1--300x169.jpg?ver=b0e5d727174f2097817e277b2687efee 300w, https:\/\/brtk.net\/wp-content\/uploads\/2024\/08\/03\/dau-kitap-tanitim-1--1024x576.jpg?ver=b0e5d727174f2097817e277b2687efee 1024w, https:\/\/brtk.net\/wp-content\/uploads\/2024\/08\/03\/dau-kitap-tanitim-1--768x432.jpg?ver=b0e5d727174f2097817e277b2687efee 768w, https:\/\/brtk.net\/wp-content\/uploads\/2024\/08\/03\/dau-kitap-tanitim-1--1536x864.jpg?ver=3fe83b23c18960d04955cd42b76df3f1 1536w\"\/>                            <\/div>\n<p>K\u0131br\u0131s Bar\u0131\u015f Harekat\u0131\u2019n\u0131n 50. Y\u0131l\u0131\u2019na ithafen yaz\u0131lan kitap, T\u00fcrklerin adaya ilk yerle\u015ftikleri zamandan itibaren tarih boyunca ya\u015fad\u0131klar\u0131 var olma m\u00fccadelesi, sosyal dayan\u0131\u015fma ve sosyal ya\u015fam konular\u0131na dair b\u00f6l\u00fcmleri i\u00e7eriyor.<\/p>\n<p>Kitab\u0131n edit\u00f6rl\u00fc\u011f\u00fcn\u00fc; Do\u00e7. Dr. Erbilen ile birlikle \u0130stanbul \u00dcniversitesi Edebiyat Fak\u00fcltesi, Tarih B\u00f6l\u00fcm\u00fc Genel T\u00fcrk Tarihi Anabilim Dal\u0131 \u00d6\u011fretim \u00dcyesi ve T\u00fcrk Kad\u0131n Akademisyenler Birli\u011fi (T\u00dcRKKAB) Ba\u015fkan\u0131 Prof. Dr. Mualla Uydu Y\u00fccel yapt\u0131.<\/p>\n<\/p><\/div>\n<p><script async\n                    defer\n                    crossorigin=\"anonymous\"\n                    src=\"https:\/\/connect.facebook.net\/tr_TR\/sdk.js#xfbml=1&#038;version=v3.3\"\n            ><\/script><\/p>\n","protected":false},"excerpt":{"rendered":"<p>\u00a0 Do\u011fu Akdeniz \u00dcniversitesi (DA\u00dc) E\u011fitim Fak\u00fcltesi, T\u00fcrk\u00e7e ve Sosyal Bilimler E\u011fitimi B\u00f6l\u00fcm\u00fc \u00d6\u011fretim \u00dcyesi ve Kad\u0131n Ara\u015ft\u0131rmalar\u0131 ve E\u011fitim Merkezi (KAEM) Y\u00f6netim Kurulu Ba\u015fkan\u0131 Do\u00e7. Dr. S\u00fcheyla \u00dc\u00e7\u0131\u015f\u0131k Erbilen\u2019nin edit\u00f6rl\u00fc\u011f\u00fcn\u00fc yapt\u0131\u011f\u0131 \u201cTarihin Tan\u0131kl\u0131\u011f\u0131nda Kuzey K\u0131br\u0131s T\u00fcrk Cumhuriyeti\u201d isimli kitab\u0131n\u0131n tan\u0131t\u0131m\u0131 ger\u00e7ekle\u015ftirildi. DA\u00dc\u2019den verilen bilgiye g\u00f6re, \u0130stanbul Topkap\u0131 \u00dcniversitesi\u2019nde Cumhurba\u015fkan\u0131 Ersin Tatar ve e\u015fi Sibel [&hellip;]<\/p>\n","protected":false},"author":1,"featured_media":7410,"comment_status":"open","ping_status":"open","sticky":false,"template":"","format":"standard","meta":{"jnews-multi-image_gallery":[],"jnews_single_post":[],"jnews_primary_category":[],"jnews_social_meta":[],"jnews_override_counter":[],"footnotes":""},"categories":[6],"tags":[],"class_list":["post-7409","post","type-post","status-publish","format-standard","has-post-thumbnail","hentry","category-yasam"],"yoast_head":"<!-- This site is optimized with the Yoast SEO plugin v27.5 - https:\/\/yoast.com\/product\/yoast-seo-wordpress\/ -->\n<title>\u201cTarihin Tan\u0131kl\u0131\u011f\u0131nda Kuzey K\u0131br\u0131s T\u00fcrk Cumhuriyeti\u201d adl\u0131 kitap tan\u0131t\u0131ld\u0131 - Kuzeyin Sesi<\/title>\n<meta name=\"robots\" content=\"index, follow, max-snippet:-1, max-image-preview:large, max-video-preview:-1\" \/>\n<link rel=\"canonical\" href=\"https:\/\/kuzeyinsesi.org\/index.php\/2024\/08\/03\/tarihin-tanikliginda-kuzey-kibris-turk-cumhuriyeti-adli-kitap-tanitildi\/\" \/>\n<meta property=\"og:locale\" content=\"tr_TR\" \/>\n<meta property=\"og:type\" content=\"article\" \/>\n<meta property=\"og:title\" content=\"\u201cTarihin Tan\u0131kl\u0131\u011f\u0131nda Kuzey K\u0131br\u0131s T\u00fcrk Cumhuriyeti\u201d adl\u0131 kitap tan\u0131t\u0131ld\u0131 - Kuzeyin Sesi\" \/>\n<meta property=\"og:description\" content=\"\u00a0 Do\u011fu Akdeniz \u00dcniversitesi (DA\u00dc) E\u011fitim Fak\u00fcltesi, T\u00fcrk\u00e7e ve Sosyal Bilimler E\u011fitimi B\u00f6l\u00fcm\u00fc \u00d6\u011fretim \u00dcyesi ve Kad\u0131n Ara\u015ft\u0131rmalar\u0131 ve E\u011fitim Merkezi (KAEM) Y\u00f6netim Kurulu Ba\u015fkan\u0131 Do\u00e7. Dr. S\u00fcheyla \u00dc\u00e7\u0131\u015f\u0131k Erbilen\u2019nin edit\u00f6rl\u00fc\u011f\u00fcn\u00fc yapt\u0131\u011f\u0131 \u201cTarihin Tan\u0131kl\u0131\u011f\u0131nda Kuzey K\u0131br\u0131s T\u00fcrk Cumhuriyeti\u201d isimli kitab\u0131n\u0131n tan\u0131t\u0131m\u0131 ger\u00e7ekle\u015ftirildi. DA\u00dc\u2019den verilen bilgiye g\u00f6re, \u0130stanbul Topkap\u0131 \u00dcniversitesi\u2019nde Cumhurba\u015fkan\u0131 Ersin Tatar ve e\u015fi Sibel [&hellip;]\" \/>\n<meta property=\"og:url\" content=\"https:\/\/kuzeyinsesi.org\/index.php\/2024\/08\/03\/tarihin-tanikliginda-kuzey-kibris-turk-cumhuriyeti-adli-kitap-tanitildi\/\" \/>\n<meta property=\"og:site_name\" content=\"Kuzeyin Sesi\" \/>\n<meta property=\"article:publisher\" content=\"https:\/\/www.facebook.com\/kuzeyinsesii\" \/>\n<meta property=\"article:published_time\" content=\"2024-08-03T07:34:35+00:00\" \/>\n<meta property=\"og:image\" content=\"https:\/\/brtk.net\/wp-content\/uploads\/2024\/08\/03\/dau-kitap-tanitim-4-.jpg?ver=7af716a05c26eba525b1838e8038eb5a\" \/>\n<meta name=\"author\" content=\"Kuzeyin Sesi\" \/>\n<meta name=\"twitter:card\" content=\"summary_large_image\" \/>\n<meta name=\"twitter:creator\" content=\"@kuzeyinsesii\" \/>\n<meta name=\"twitter:site\" content=\"@kuzeyinsesii\" \/>\n<meta name=\"twitter:label1\" content=\"Yazan:\" \/>\n\t<meta name=\"twitter:data1\" content=\"Kuzeyin Sesi\" \/>\n\t<meta name=\"twitter:label2\" content=\"Tahmini okuma s\u00fcresi\" \/>\n\t<meta name=\"twitter:data2\" content=\"1 dakika\" \/>\n<script type=\"application\/ld+json\" class=\"yoast-schema-graph\">{\"@context\":\"https:\\\/\\\/schema.org\",\"@graph\":[{\"@type\":\"Article\",\"@id\":\"https:\\\/\\\/kuzeyinsesi.org\\\/index.php\\\/2024\\\/08\\\/03\\\/tarihin-tanikliginda-kuzey-kibris-turk-cumhuriyeti-adli-kitap-tanitildi\\\/#article\",\"isPartOf\":{\"@id\":\"https:\\\/\\\/kuzeyinsesi.org\\\/index.php\\\/2024\\\/08\\\/03\\\/tarihin-tanikliginda-kuzey-kibris-turk-cumhuriyeti-adli-kitap-tanitildi\\\/\"},\"author\":{\"name\":\"Kuzeyin Sesi\",\"@id\":\"https:\\\/\\\/kuzeyinsesi.org\\\/#\\\/schema\\\/person\\\/9f859689cdf01485597712386e37f5aa\"},\"headline\":\"\u201cTarihin Tan\u0131kl\u0131\u011f\u0131nda Kuzey K\u0131br\u0131s T\u00fcrk Cumhuriyeti\u201d adl\u0131 kitap tan\u0131t\u0131ld\u0131\",\"datePublished\":\"2024-08-03T07:34:35+00:00\",\"mainEntityOfPage\":{\"@id\":\"https:\\\/\\\/kuzeyinsesi.org\\\/index.php\\\/2024\\\/08\\\/03\\\/tarihin-tanikliginda-kuzey-kibris-turk-cumhuriyeti-adli-kitap-tanitildi\\\/\"},\"wordCount\":236,\"commentCount\":0,\"image\":{\"@id\":\"https:\\\/\\\/kuzeyinsesi.org\\\/index.php\\\/2024\\\/08\\\/03\\\/tarihin-tanikliginda-kuzey-kibris-turk-cumhuriyeti-adli-kitap-tanitildi\\\/#primaryimage\"},\"thumbnailUrl\":\"https:\\\/\\\/kuzeyinsesi.org\\\/wp-content\\\/uploads\\\/2024\\\/08\\\/dau-kitap-tanitim-4-.jpg\",\"articleSection\":[\"Ya\u015fam\"],\"inLanguage\":\"tr\",\"potentialAction\":[{\"@type\":\"CommentAction\",\"name\":\"Comment\",\"target\":[\"https:\\\/\\\/kuzeyinsesi.org\\\/index.php\\\/2024\\\/08\\\/03\\\/tarihin-tanikliginda-kuzey-kibris-turk-cumhuriyeti-adli-kitap-tanitildi\\\/#respond\"]}]},{\"@type\":\"WebPage\",\"@id\":\"https:\\\/\\\/kuzeyinsesi.org\\\/index.php\\\/2024\\\/08\\\/03\\\/tarihin-tanikliginda-kuzey-kibris-turk-cumhuriyeti-adli-kitap-tanitildi\\\/\",\"url\":\"https:\\\/\\\/kuzeyinsesi.org\\\/index.php\\\/2024\\\/08\\\/03\\\/tarihin-tanikliginda-kuzey-kibris-turk-cumhuriyeti-adli-kitap-tanitildi\\\/\",\"name\":\"\u201cTarihin Tan\u0131kl\u0131\u011f\u0131nda Kuzey K\u0131br\u0131s T\u00fcrk Cumhuriyeti\u201d adl\u0131 kitap tan\u0131t\u0131ld\u0131 - Kuzeyin Sesi\",\"isPartOf\":{\"@id\":\"https:\\\/\\\/kuzeyinsesi.org\\\/#website\"},\"primaryImageOfPage\":{\"@id\":\"https:\\\/\\\/kuzeyinsesi.org\\\/index.php\\\/2024\\\/08\\\/03\\\/tarihin-tanikliginda-kuzey-kibris-turk-cumhuriyeti-adli-kitap-tanitildi\\\/#primaryimage\"},\"image\":{\"@id\":\"https:\\\/\\\/kuzeyinsesi.org\\\/index.php\\\/2024\\\/08\\\/03\\\/tarihin-tanikliginda-kuzey-kibris-turk-cumhuriyeti-adli-kitap-tanitildi\\\/#primaryimage\"},\"thumbnailUrl\":\"https:\\\/\\\/kuzeyinsesi.org\\\/wp-content\\\/uploads\\\/2024\\\/08\\\/dau-kitap-tanitim-4-.jpg\",\"datePublished\":\"2024-08-03T07:34:35+00:00\",\"author\":{\"@id\":\"https:\\\/\\\/kuzeyinsesi.org\\\/#\\\/schema\\\/person\\\/9f859689cdf01485597712386e37f5aa\"},\"breadcrumb\":{\"@id\":\"https:\\\/\\\/kuzeyinsesi.org\\\/index.php\\\/2024\\\/08\\\/03\\\/tarihin-tanikliginda-kuzey-kibris-turk-cumhuriyeti-adli-kitap-tanitildi\\\/#breadcrumb\"},\"inLanguage\":\"tr\",\"potentialAction\":[{\"@type\":\"ReadAction\",\"target\":[\"https:\\\/\\\/kuzeyinsesi.org\\\/index.php\\\/2024\\\/08\\\/03\\\/tarihin-tanikliginda-kuzey-kibris-turk-cumhuriyeti-adli-kitap-tanitildi\\\/\"]}]},{\"@type\":\"ImageObject\",\"inLanguage\":\"tr\",\"@id\":\"https:\\\/\\\/kuzeyinsesi.org\\\/index.php\\\/2024\\\/08\\\/03\\\/tarihin-tanikliginda-kuzey-kibris-turk-cumhuriyeti-adli-kitap-tanitildi\\\/#primaryimage\",\"url\":\"https:\\\/\\\/kuzeyinsesi.org\\\/wp-content\\\/uploads\\\/2024\\\/08\\\/dau-kitap-tanitim-4-.jpg\",\"contentUrl\":\"https:\\\/\\\/kuzeyinsesi.org\\\/wp-content\\\/uploads\\\/2024\\\/08\\\/dau-kitap-tanitim-4-.jpg\",\"width\":961,\"height\":640},{\"@type\":\"BreadcrumbList\",\"@id\":\"https:\\\/\\\/kuzeyinsesi.org\\\/index.php\\\/2024\\\/08\\\/03\\\/tarihin-tanikliginda-kuzey-kibris-turk-cumhuriyeti-adli-kitap-tanitildi\\\/#breadcrumb\",\"itemListElement\":[{\"@type\":\"ListItem\",\"position\":1,\"name\":\"Anasayfa\",\"item\":\"https:\\\/\\\/kuzeyinsesi.org\\\/\"},{\"@type\":\"ListItem\",\"position\":2,\"name\":\"\u201cTarihin Tan\u0131kl\u0131\u011f\u0131nda Kuzey K\u0131br\u0131s T\u00fcrk Cumhuriyeti\u201d adl\u0131 kitap tan\u0131t\u0131ld\u0131\"}]},{\"@type\":\"WebSite\",\"@id\":\"https:\\\/\\\/kuzeyinsesi.org\\\/#website\",\"url\":\"https:\\\/\\\/kuzeyinsesi.org\\\/\",\"name\":\"Kuzeyin Sesi\",\"description\":\"Do\u011fru Haberin Adresi\",\"potentialAction\":[{\"@type\":\"SearchAction\",\"target\":{\"@type\":\"EntryPoint\",\"urlTemplate\":\"https:\\\/\\\/kuzeyinsesi.org\\\/?s={search_term_string}\"},\"query-input\":{\"@type\":\"PropertyValueSpecification\",\"valueRequired\":true,\"valueName\":\"search_term_string\"}}],\"inLanguage\":\"tr\"},{\"@type\":\"Person\",\"@id\":\"https:\\\/\\\/kuzeyinsesi.org\\\/#\\\/schema\\\/person\\\/9f859689cdf01485597712386e37f5aa\",\"name\":\"Kuzeyin Sesi\",\"image\":{\"@type\":\"ImageObject\",\"inLanguage\":\"tr\",\"@id\":\"https:\\\/\\\/secure.gravatar.com\\\/avatar\\\/bab33852abfd8b282518d6ed81826833d77c3c882d9ab608add591ccace47a44?s=96&d=mm&r=g\",\"url\":\"https:\\\/\\\/secure.gravatar.com\\\/avatar\\\/bab33852abfd8b282518d6ed81826833d77c3c882d9ab608add591ccace47a44?s=96&d=mm&r=g\",\"contentUrl\":\"https:\\\/\\\/secure.gravatar.com\\\/avatar\\\/bab33852abfd8b282518d6ed81826833d77c3c882d9ab608add591ccace47a44?s=96&d=mm&r=g\",\"caption\":\"Kuzeyin Sesi\"},\"sameAs\":[\"https:\\\/\\\/kuzeyinsesi.org\"],\"url\":\"https:\\\/\\\/kuzeyinsesi.org\\\/index.php\\\/author\\\/guven\\\/\"}]}<\/script>\n<!-- \/ Yoast SEO plugin. -->","yoast_head_json":{"title":"\u201cTarihin Tan\u0131kl\u0131\u011f\u0131nda Kuzey K\u0131br\u0131s T\u00fcrk Cumhuriyeti\u201d adl\u0131 kitap tan\u0131t\u0131ld\u0131 - Kuzeyin Sesi","robots":{"index":"index","follow":"follow","max-snippet":"max-snippet:-1","max-image-preview":"max-image-preview:large","max-video-preview":"max-video-preview:-1"},"canonical":"https:\/\/kuzeyinsesi.org\/index.php\/2024\/08\/03\/tarihin-tanikliginda-kuzey-kibris-turk-cumhuriyeti-adli-kitap-tanitildi\/","og_locale":"tr_TR","og_type":"article","og_title":"\u201cTarihin Tan\u0131kl\u0131\u011f\u0131nda Kuzey K\u0131br\u0131s T\u00fcrk Cumhuriyeti\u201d adl\u0131 kitap tan\u0131t\u0131ld\u0131 - Kuzeyin Sesi","og_description":"\u00a0 Do\u011fu Akdeniz \u00dcniversitesi (DA\u00dc) E\u011fitim Fak\u00fcltesi, T\u00fcrk\u00e7e ve Sosyal Bilimler E\u011fitimi B\u00f6l\u00fcm\u00fc \u00d6\u011fretim \u00dcyesi ve Kad\u0131n Ara\u015ft\u0131rmalar\u0131 ve E\u011fitim Merkezi (KAEM) Y\u00f6netim Kurulu Ba\u015fkan\u0131 Do\u00e7. Dr. S\u00fcheyla \u00dc\u00e7\u0131\u015f\u0131k Erbilen\u2019nin edit\u00f6rl\u00fc\u011f\u00fcn\u00fc yapt\u0131\u011f\u0131 \u201cTarihin Tan\u0131kl\u0131\u011f\u0131nda Kuzey K\u0131br\u0131s T\u00fcrk Cumhuriyeti\u201d isimli kitab\u0131n\u0131n tan\u0131t\u0131m\u0131 ger\u00e7ekle\u015ftirildi. DA\u00dc\u2019den verilen bilgiye g\u00f6re, \u0130stanbul Topkap\u0131 \u00dcniversitesi\u2019nde Cumhurba\u015fkan\u0131 Ersin Tatar ve e\u015fi Sibel [&hellip;]","og_url":"https:\/\/kuzeyinsesi.org\/index.php\/2024\/08\/03\/tarihin-tanikliginda-kuzey-kibris-turk-cumhuriyeti-adli-kitap-tanitildi\/","og_site_name":"Kuzeyin Sesi","article_publisher":"https:\/\/www.facebook.com\/kuzeyinsesii","article_published_time":"2024-08-03T07:34:35+00:00","og_image":[{"url":"https:\/\/brtk.net\/wp-content\/uploads\/2024\/08\/03\/dau-kitap-tanitim-4-.jpg?ver=7af716a05c26eba525b1838e8038eb5a","type":"","width":"","height":""}],"author":"Kuzeyin Sesi","twitter_card":"summary_large_image","twitter_creator":"@kuzeyinsesii","twitter_site":"@kuzeyinsesii","twitter_misc":{"Yazan:":"Kuzeyin Sesi","Tahmini okuma s\u00fcresi":"1 dakika"},"schema":{"@context":"https:\/\/schema.org","@graph":[{"@type":"Article","@id":"https:\/\/kuzeyinsesi.org\/index.php\/2024\/08\/03\/tarihin-tanikliginda-kuzey-kibris-turk-cumhuriyeti-adli-kitap-tanitildi\/#article","isPartOf":{"@id":"https:\/\/kuzeyinsesi.org\/index.php\/2024\/08\/03\/tarihin-tanikliginda-kuzey-kibris-turk-cumhuriyeti-adli-kitap-tanitildi\/"},"author":{"name":"Kuzeyin Sesi","@id":"https:\/\/kuzeyinsesi.org\/#\/schema\/person\/9f859689cdf01485597712386e37f5aa"},"headline":"\u201cTarihin Tan\u0131kl\u0131\u011f\u0131nda Kuzey K\u0131br\u0131s T\u00fcrk Cumhuriyeti\u201d adl\u0131 kitap tan\u0131t\u0131ld\u0131","datePublished":"2024-08-03T07:34:35+00:00","mainEntityOfPage":{"@id":"https:\/\/kuzeyinsesi.org\/index.php\/2024\/08\/03\/tarihin-tanikliginda-kuzey-kibris-turk-cumhuriyeti-adli-kitap-tanitildi\/"},"wordCount":236,"commentCount":0,"image":{"@id":"https:\/\/kuzeyinsesi.org\/index.php\/2024\/08\/03\/tarihin-tanikliginda-kuzey-kibris-turk-cumhuriyeti-adli-kitap-tanitildi\/#primaryimage"},"thumbnailUrl":"https:\/\/kuzeyinsesi.org\/wp-content\/uploads\/2024\/08\/dau-kitap-tanitim-4-.jpg","articleSection":["Ya\u015fam"],"inLanguage":"tr","potentialAction":[{"@type":"CommentAction","name":"Comment","target":["https:\/\/kuzeyinsesi.org\/index.php\/2024\/08\/03\/tarihin-tanikliginda-kuzey-kibris-turk-cumhuriyeti-adli-kitap-tanitildi\/#respond"]}]},{"@type":"WebPage","@id":"https:\/\/kuzeyinsesi.org\/index.php\/2024\/08\/03\/tarihin-tanikliginda-kuzey-kibris-turk-cumhuriyeti-adli-kitap-tanitildi\/","url":"https:\/\/kuzeyinsesi.org\/index.php\/2024\/08\/03\/tarihin-tanikliginda-kuzey-kibris-turk-cumhuriyeti-adli-kitap-tanitildi\/","name":"\u201cTarihin Tan\u0131kl\u0131\u011f\u0131nda Kuzey K\u0131br\u0131s T\u00fcrk Cumhuriyeti\u201d adl\u0131 kitap tan\u0131t\u0131ld\u0131 - Kuzeyin Sesi","isPartOf":{"@id":"https:\/\/kuzeyinsesi.org\/#website"},"primaryImageOfPage":{"@id":"https:\/\/kuzeyinsesi.org\/index.php\/2024\/08\/03\/tarihin-tanikliginda-kuzey-kibris-turk-cumhuriyeti-adli-kitap-tanitildi\/#primaryimage"},"image":{"@id":"https:\/\/kuzeyinsesi.org\/index.php\/2024\/08\/03\/tarihin-tanikliginda-kuzey-kibris-turk-cumhuriyeti-adli-kitap-tanitildi\/#primaryimage"},"thumbnailUrl":"https:\/\/kuzeyinsesi.org\/wp-content\/uploads\/2024\/08\/dau-kitap-tanitim-4-.jpg","datePublished":"2024-08-03T07:34:35+00:00","author":{"@id":"https:\/\/kuzeyinsesi.org\/#\/schema\/person\/9f859689cdf01485597712386e37f5aa"},"breadcrumb":{"@id":"https:\/\/kuzeyinsesi.org\/index.php\/2024\/08\/03\/tarihin-tanikliginda-kuzey-kibris-turk-cumhuriyeti-adli-kitap-tanitildi\/#breadcrumb"},"inLanguage":"tr","potentialAction":[{"@type":"ReadAction","target":["https:\/\/kuzeyinsesi.org\/index.php\/2024\/08\/03\/tarihin-tanikliginda-kuzey-kibris-turk-cumhuriyeti-adli-kitap-tanitildi\/"]}]},{"@type":"ImageObject","inLanguage":"tr","@id":"https:\/\/kuzeyinsesi.org\/index.php\/2024\/08\/03\/tarihin-tanikliginda-kuzey-kibris-turk-cumhuriyeti-adli-kitap-tanitildi\/#primaryimage","url":"https:\/\/kuzeyinsesi.org\/wp-content\/uploads\/2024\/08\/dau-kitap-tanitim-4-.jpg","contentUrl":"https:\/\/kuzeyinsesi.org\/wp-content\/uploads\/2024\/08\/dau-kitap-tanitim-4-.jpg","width":961,"height":640},{"@type":"BreadcrumbList","@id":"https:\/\/kuzeyinsesi.org\/index.php\/2024\/08\/03\/tarihin-tanikliginda-kuzey-kibris-turk-cumhuriyeti-adli-kitap-tanitildi\/#breadcrumb","itemListElement":[{"@type":"ListItem","position":1,"name":"Anasayfa","item":"https:\/\/kuzeyinsesi.org\/"},{"@type":"ListItem","position":2,"name":"\u201cTarihin Tan\u0131kl\u0131\u011f\u0131nda Kuzey K\u0131br\u0131s T\u00fcrk Cumhuriyeti\u201d adl\u0131 kitap tan\u0131t\u0131ld\u0131"}]},{"@type":"WebSite","@id":"https:\/\/kuzeyinsesi.org\/#website","url":"https:\/\/kuzeyinsesi.org\/","name":"Kuzeyin Sesi","description":"Do\u011fru Haberin Adresi","potentialAction":[{"@type":"SearchAction","target":{"@type":"EntryPoint","urlTemplate":"https:\/\/kuzeyinsesi.org\/?s={search_term_string}"},"query-input":{"@type":"PropertyValueSpecification","valueRequired":true,"valueName":"search_term_string"}}],"inLanguage":"tr"},{"@type":"Person","@id":"https:\/\/kuzeyinsesi.org\/#\/schema\/person\/9f859689cdf01485597712386e37f5aa","name":"Kuzeyin Sesi","image":{"@type":"ImageObject","inLanguage":"tr","@id":"https:\/\/secure.gravatar.com\/avatar\/bab33852abfd8b282518d6ed81826833d77c3c882d9ab608add591ccace47a44?s=96&d=mm&r=g","url":"https:\/\/secure.gravatar.com\/avatar\/bab33852abfd8b282518d6ed81826833d77c3c882d9ab608add591ccace47a44?s=96&d=mm&r=g","contentUrl":"https:\/\/secure.gravatar.com\/avatar\/bab33852abfd8b282518d6ed81826833d77c3c882d9ab608add591ccace47a44?s=96&d=mm&r=g","caption":"Kuzeyin Sesi"},"sameAs":["https:\/\/kuzeyinsesi.org"],"url":"https:\/\/kuzeyinsesi.org\/index.php\/author\/guven\/"}]}},"_links":{"self":[{"href":"https:\/\/kuzeyinsesi.org\/index.php\/wp-json\/wp\/v2\/posts\/7409","targetHints":{"allow":["GET"]}}],"collection":[{"href":"https:\/\/kuzeyinsesi.org\/index.php\/wp-json\/wp\/v2\/posts"}],"about":[{"href":"https:\/\/kuzeyinsesi.org\/index.php\/wp-json\/wp\/v2\/types\/post"}],"author":[{"embeddable":true,"href":"https:\/\/kuzeyinsesi.org\/index.php\/wp-json\/wp\/v2\/users\/1"}],"replies":[{"embeddable":true,"href":"https:\/\/kuzeyinsesi.org\/index.php\/wp-json\/wp\/v2\/comments?post=7409"}],"version-history":[{"count":0,"href":"https:\/\/kuzeyinsesi.org\/index.php\/wp-json\/wp\/v2\/posts\/7409\/revisions"}],"wp:featuredmedia":[{"embeddable":true,"href":"https:\/\/kuzeyinsesi.org\/index.php\/wp-json\/wp\/v2\/media\/7410"}],"wp:attachment":[{"href":"https:\/\/kuzeyinsesi.org\/index.php\/wp-json\/wp\/v2\/media?parent=7409"}],"wp:term":[{"taxonomy":"category","embeddable":true,"href":"https:\/\/kuzeyinsesi.org\/index.php\/wp-json\/wp\/v2\/categories?post=7409"},{"taxonomy":"post_tag","embeddable":true,"href":"https:\/\/kuzeyinsesi.org\/index.php\/wp-json\/wp\/v2\/tags?post=7409"}],"curies":[{"name":"wp","href":"https:\/\/api.w.org\/{rel}","templated":true}]}}