{"id":7391,"date":"2024-08-02T18:42:18","date_gmt":"2024-08-02T15:42:18","guid":{"rendered":"https:\/\/kuzeyinsesi.org\/index.php\/2024\/08\/02\/cumhurbaskani-tatar-sanatci-aysegul-zaimi-kabul-etti\/"},"modified":"2024-08-02T18:42:18","modified_gmt":"2024-08-02T15:42:18","slug":"cumhurbaskani-tatar-sanatci-aysegul-zaimi-kabul-etti","status":"publish","type":"post","link":"https:\/\/kuzeyinsesi.org\/index.php\/2024\/08\/02\/cumhurbaskani-tatar-sanatci-aysegul-zaimi-kabul-etti\/","title":{"rendered":"Cumhurba\u015fkan\u0131 Tatar sanat\u00e7\u0131 Ay\u015feg\u00fcl Zaim\u2019i kabul etti"},"content":{"rendered":"<div>\n<div class=\"mariselle-image-container center\">\n                                            <\/div>\n<p> Cumhurba\u015fkan\u0131 Ersin Tatar, sanat\u00e7\u0131 Ay\u015feg\u00fcl Zaim\u2019i kabul etti.<\/p>\n<p>Cumhurba\u015fkanl\u0131\u011f\u0131\u2019ndan yap\u0131lan a\u00e7\u0131klamaya g\u00f6re, Cumhurba\u015fkan\u0131 Tatar, sanat alan\u0131nda yeni \u00e7al\u0131\u015fmalara imza atan Ay\u015feg\u00fcl Zaim\u2019in ba\u015far\u0131lar\u0131n\u0131 yak\u0131ndan takip etti\u011fini ifade ederek, sanat alan\u0131nda yakalad\u0131\u011f\u0131 ba\u015far\u0131n\u0131n gurur verici oldu\u011funu belirtti. Bu t\u00fcr ba\u015far\u0131lar\u0131n, gelecek nesillere \u00f6rnek te\u015fkil etmesi temennisinde bulunan Cumhurba\u015fkan\u0131 Tatar, Ay\u015feg\u00fcl Zaim\u2019e ileriki \u00e7al\u0131\u015fmalar\u0131nda ba\u015far\u0131lar diledi.<\/p>\n<p>\u201cVarl\u0131\u011f\u0131m\u0131z\u0131n bir g\u00f6stergesi olan sanat da, Kuzey K\u0131br\u0131s T\u00fcrk halk\u0131na g\u00fc\u00e7 kat\u0131yor\u201d diyen Cumhurba\u015fkan\u0131 Ersin Tatar, bu kapsamdaki \u00e7al\u0131\u015fmalar\u0131n desteklenerek, artmas\u0131n\u0131 temenni etti. <\/p>\n<p>K\u0131br\u0131s T\u00fcrk halk\u0131 olarak, kendi kimlik ve k\u00fclt\u00fcr\u00fcm\u00fcz\u00fc sanat arac\u0131l\u0131\u011f\u0131yla ortaya koyman\u0131n \u00f6nemine i\u015faret eden Cumhurba\u015fkan\u0131 Tatar, sanat alan\u0131nda desteklerinin devam edece\u011fini s\u00f6zlerine ekledi.<\/p>\n<p>Ay\u015feg\u00fcl Zaim de kabulde yapt\u0131\u011f\u0131 konu\u015fmada, y\u00fcr\u00fctt\u00fc\u011f\u00fc \u00e7al\u0131\u015fmalardan bahsederek, Cumhurba\u015fkan\u0131 Tatar\u2019\u0131n sanata verdi\u011fi desteklerin alt\u0131n\u0131 \u00e7izerek, kendisine te\u015fekk\u00fcrlerini sundu.<\/p>\n<\/p><\/div>\n<p><script async\n                    defer\n                    crossorigin=\"anonymous\"\n                    src=\"https:\/\/connect.facebook.net\/tr_TR\/sdk.js#xfbml=1&#038;version=v3.3\"\n            ><\/script><\/p>\n","protected":false},"excerpt":{"rendered":"<p>Cumhurba\u015fkan\u0131 Ersin Tatar, sanat\u00e7\u0131 Ay\u015feg\u00fcl Zaim\u2019i kabul etti. Cumhurba\u015fkanl\u0131\u011f\u0131\u2019ndan yap\u0131lan a\u00e7\u0131klamaya g\u00f6re, Cumhurba\u015fkan\u0131 Tatar, sanat alan\u0131nda yeni \u00e7al\u0131\u015fmalara imza atan Ay\u015feg\u00fcl Zaim\u2019in ba\u015far\u0131lar\u0131n\u0131 yak\u0131ndan takip etti\u011fini ifade ederek, sanat alan\u0131nda yakalad\u0131\u011f\u0131 ba\u015far\u0131n\u0131n gurur verici oldu\u011funu belirtti. Bu t\u00fcr ba\u015far\u0131lar\u0131n, gelecek nesillere \u00f6rnek te\u015fkil etmesi temennisinde bulunan Cumhurba\u015fkan\u0131 Tatar, Ay\u015feg\u00fcl Zaim\u2019e ileriki \u00e7al\u0131\u015fmalar\u0131nda ba\u015far\u0131lar diledi. \u201cVarl\u0131\u011f\u0131m\u0131z\u0131n [&hellip;]<\/p>\n","protected":false},"author":1,"featured_media":7392,"comment_status":"open","ping_status":"open","sticky":false,"template":"","format":"standard","meta":{"jnews-multi-image_gallery":[],"jnews_single_post":[],"jnews_primary_category":[],"jnews_social_meta":[],"jnews_override_counter":[],"footnotes":""},"categories":[6],"tags":[],"class_list":["post-7391","post","type-post","status-publish","format-standard","has-post-thumbnail","hentry","category-yasam"],"yoast_head":"<!-- This site is optimized with the Yoast SEO plugin v27.5 - https:\/\/yoast.com\/product\/yoast-seo-wordpress\/ -->\n<title>Cumhurba\u015fkan\u0131 Tatar sanat\u00e7\u0131 Ay\u015feg\u00fcl Zaim\u2019i kabul etti - Kuzeyin Sesi<\/title>\n<meta name=\"robots\" content=\"index, follow, max-snippet:-1, max-image-preview:large, max-video-preview:-1\" \/>\n<link rel=\"canonical\" href=\"https:\/\/kuzeyinsesi.org\/index.php\/2024\/08\/02\/cumhurbaskani-tatar-sanatci-aysegul-zaimi-kabul-etti\/\" \/>\n<meta property=\"og:locale\" content=\"tr_TR\" \/>\n<meta property=\"og:type\" content=\"article\" \/>\n<meta property=\"og:title\" content=\"Cumhurba\u015fkan\u0131 Tatar sanat\u00e7\u0131 Ay\u015feg\u00fcl Zaim\u2019i kabul etti - Kuzeyin Sesi\" \/>\n<meta property=\"og:description\" content=\"Cumhurba\u015fkan\u0131 Ersin Tatar, sanat\u00e7\u0131 Ay\u015feg\u00fcl Zaim\u2019i kabul etti. Cumhurba\u015fkanl\u0131\u011f\u0131\u2019ndan yap\u0131lan a\u00e7\u0131klamaya g\u00f6re, Cumhurba\u015fkan\u0131 Tatar, sanat alan\u0131nda yeni \u00e7al\u0131\u015fmalara imza atan Ay\u015feg\u00fcl Zaim\u2019in ba\u015far\u0131lar\u0131n\u0131 yak\u0131ndan takip etti\u011fini ifade ederek, sanat alan\u0131nda yakalad\u0131\u011f\u0131 ba\u015far\u0131n\u0131n gurur verici oldu\u011funu belirtti. Bu t\u00fcr ba\u015far\u0131lar\u0131n, gelecek nesillere \u00f6rnek te\u015fkil etmesi temennisinde bulunan Cumhurba\u015fkan\u0131 Tatar, Ay\u015feg\u00fcl Zaim\u2019e ileriki \u00e7al\u0131\u015fmalar\u0131nda ba\u015far\u0131lar diledi. \u201cVarl\u0131\u011f\u0131m\u0131z\u0131n [&hellip;]\" \/>\n<meta property=\"og:url\" content=\"https:\/\/kuzeyinsesi.org\/index.php\/2024\/08\/02\/cumhurbaskani-tatar-sanatci-aysegul-zaimi-kabul-etti\/\" \/>\n<meta property=\"og:site_name\" content=\"Kuzeyin Sesi\" \/>\n<meta property=\"article:publisher\" content=\"https:\/\/www.facebook.com\/kuzeyinsesii\" \/>\n<meta property=\"article:published_time\" content=\"2024-08-02T15:42:18+00:00\" \/>\n<meta property=\"og:image\" content=\"https:\/\/brtk.net\/wp-content\/uploads\/2024\/08\/02\/az.jpg?ver=cb2ee742e9f0a342cb5878796993e500\" \/>\n<meta name=\"author\" content=\"Kuzeyin Sesi\" \/>\n<meta name=\"twitter:card\" content=\"summary_large_image\" \/>\n<meta name=\"twitter:creator\" content=\"@kuzeyinsesii\" \/>\n<meta name=\"twitter:site\" content=\"@kuzeyinsesii\" \/>\n<meta name=\"twitter:label1\" content=\"Yazan:\" \/>\n\t<meta name=\"twitter:data1\" content=\"Kuzeyin Sesi\" \/>\n\t<meta name=\"twitter:label2\" content=\"Tahmini okuma s\u00fcresi\" \/>\n\t<meta name=\"twitter:data2\" content=\"1 dakika\" \/>\n<script type=\"application\/ld+json\" class=\"yoast-schema-graph\">{\"@context\":\"https:\\\/\\\/schema.org\",\"@graph\":[{\"@type\":\"Article\",\"@id\":\"https:\\\/\\\/kuzeyinsesi.org\\\/index.php\\\/2024\\\/08\\\/02\\\/cumhurbaskani-tatar-sanatci-aysegul-zaimi-kabul-etti\\\/#article\",\"isPartOf\":{\"@id\":\"https:\\\/\\\/kuzeyinsesi.org\\\/index.php\\\/2024\\\/08\\\/02\\\/cumhurbaskani-tatar-sanatci-aysegul-zaimi-kabul-etti\\\/\"},\"author\":{\"name\":\"Kuzeyin Sesi\",\"@id\":\"https:\\\/\\\/kuzeyinsesi.org\\\/#\\\/schema\\\/person\\\/9f859689cdf01485597712386e37f5aa\"},\"headline\":\"Cumhurba\u015fkan\u0131 Tatar sanat\u00e7\u0131 Ay\u015feg\u00fcl Zaim\u2019i kabul etti\",\"datePublished\":\"2024-08-02T15:42:18+00:00\",\"mainEntityOfPage\":{\"@id\":\"https:\\\/\\\/kuzeyinsesi.org\\\/index.php\\\/2024\\\/08\\\/02\\\/cumhurbaskani-tatar-sanatci-aysegul-zaimi-kabul-etti\\\/\"},\"wordCount\":209,\"commentCount\":0,\"image\":{\"@id\":\"https:\\\/\\\/kuzeyinsesi.org\\\/index.php\\\/2024\\\/08\\\/02\\\/cumhurbaskani-tatar-sanatci-aysegul-zaimi-kabul-etti\\\/#primaryimage\"},\"thumbnailUrl\":\"https:\\\/\\\/kuzeyinsesi.org\\\/wp-content\\\/uploads\\\/2024\\\/08\\\/az.jpg\",\"articleSection\":[\"Ya\u015fam\"],\"inLanguage\":\"tr\",\"potentialAction\":[{\"@type\":\"CommentAction\",\"name\":\"Comment\",\"target\":[\"https:\\\/\\\/kuzeyinsesi.org\\\/index.php\\\/2024\\\/08\\\/02\\\/cumhurbaskani-tatar-sanatci-aysegul-zaimi-kabul-etti\\\/#respond\"]}]},{\"@type\":\"WebPage\",\"@id\":\"https:\\\/\\\/kuzeyinsesi.org\\\/index.php\\\/2024\\\/08\\\/02\\\/cumhurbaskani-tatar-sanatci-aysegul-zaimi-kabul-etti\\\/\",\"url\":\"https:\\\/\\\/kuzeyinsesi.org\\\/index.php\\\/2024\\\/08\\\/02\\\/cumhurbaskani-tatar-sanatci-aysegul-zaimi-kabul-etti\\\/\",\"name\":\"Cumhurba\u015fkan\u0131 Tatar sanat\u00e7\u0131 Ay\u015feg\u00fcl Zaim\u2019i kabul etti - Kuzeyin Sesi\",\"isPartOf\":{\"@id\":\"https:\\\/\\\/kuzeyinsesi.org\\\/#website\"},\"primaryImageOfPage\":{\"@id\":\"https:\\\/\\\/kuzeyinsesi.org\\\/index.php\\\/2024\\\/08\\\/02\\\/cumhurbaskani-tatar-sanatci-aysegul-zaimi-kabul-etti\\\/#primaryimage\"},\"image\":{\"@id\":\"https:\\\/\\\/kuzeyinsesi.org\\\/index.php\\\/2024\\\/08\\\/02\\\/cumhurbaskani-tatar-sanatci-aysegul-zaimi-kabul-etti\\\/#primaryimage\"},\"thumbnailUrl\":\"https:\\\/\\\/kuzeyinsesi.org\\\/wp-content\\\/uploads\\\/2024\\\/08\\\/az.jpg\",\"datePublished\":\"2024-08-02T15:42:18+00:00\",\"author\":{\"@id\":\"https:\\\/\\\/kuzeyinsesi.org\\\/#\\\/schema\\\/person\\\/9f859689cdf01485597712386e37f5aa\"},\"breadcrumb\":{\"@id\":\"https:\\\/\\\/kuzeyinsesi.org\\\/index.php\\\/2024\\\/08\\\/02\\\/cumhurbaskani-tatar-sanatci-aysegul-zaimi-kabul-etti\\\/#breadcrumb\"},\"inLanguage\":\"tr\",\"potentialAction\":[{\"@type\":\"ReadAction\",\"target\":[\"https:\\\/\\\/kuzeyinsesi.org\\\/index.php\\\/2024\\\/08\\\/02\\\/cumhurbaskani-tatar-sanatci-aysegul-zaimi-kabul-etti\\\/\"]}]},{\"@type\":\"ImageObject\",\"inLanguage\":\"tr\",\"@id\":\"https:\\\/\\\/kuzeyinsesi.org\\\/index.php\\\/2024\\\/08\\\/02\\\/cumhurbaskani-tatar-sanatci-aysegul-zaimi-kabul-etti\\\/#primaryimage\",\"url\":\"https:\\\/\\\/kuzeyinsesi.org\\\/wp-content\\\/uploads\\\/2024\\\/08\\\/az.jpg\",\"contentUrl\":\"https:\\\/\\\/kuzeyinsesi.org\\\/wp-content\\\/uploads\\\/2024\\\/08\\\/az.jpg\",\"width\":1486,\"height\":825},{\"@type\":\"BreadcrumbList\",\"@id\":\"https:\\\/\\\/kuzeyinsesi.org\\\/index.php\\\/2024\\\/08\\\/02\\\/cumhurbaskani-tatar-sanatci-aysegul-zaimi-kabul-etti\\\/#breadcrumb\",\"itemListElement\":[{\"@type\":\"ListItem\",\"position\":1,\"name\":\"Anasayfa\",\"item\":\"https:\\\/\\\/kuzeyinsesi.org\\\/\"},{\"@type\":\"ListItem\",\"position\":2,\"name\":\"Cumhurba\u015fkan\u0131 Tatar sanat\u00e7\u0131 Ay\u015feg\u00fcl Zaim\u2019i kabul etti\"}]},{\"@type\":\"WebSite\",\"@id\":\"https:\\\/\\\/kuzeyinsesi.org\\\/#website\",\"url\":\"https:\\\/\\\/kuzeyinsesi.org\\\/\",\"name\":\"Kuzeyin Sesi\",\"description\":\"Do\u011fru Haberin Adresi\",\"potentialAction\":[{\"@type\":\"SearchAction\",\"target\":{\"@type\":\"EntryPoint\",\"urlTemplate\":\"https:\\\/\\\/kuzeyinsesi.org\\\/?s={search_term_string}\"},\"query-input\":{\"@type\":\"PropertyValueSpecification\",\"valueRequired\":true,\"valueName\":\"search_term_string\"}}],\"inLanguage\":\"tr\"},{\"@type\":\"Person\",\"@id\":\"https:\\\/\\\/kuzeyinsesi.org\\\/#\\\/schema\\\/person\\\/9f859689cdf01485597712386e37f5aa\",\"name\":\"Kuzeyin Sesi\",\"image\":{\"@type\":\"ImageObject\",\"inLanguage\":\"tr\",\"@id\":\"https:\\\/\\\/secure.gravatar.com\\\/avatar\\\/bab33852abfd8b282518d6ed81826833d77c3c882d9ab608add591ccace47a44?s=96&d=mm&r=g\",\"url\":\"https:\\\/\\\/secure.gravatar.com\\\/avatar\\\/bab33852abfd8b282518d6ed81826833d77c3c882d9ab608add591ccace47a44?s=96&d=mm&r=g\",\"contentUrl\":\"https:\\\/\\\/secure.gravatar.com\\\/avatar\\\/bab33852abfd8b282518d6ed81826833d77c3c882d9ab608add591ccace47a44?s=96&d=mm&r=g\",\"caption\":\"Kuzeyin Sesi\"},\"sameAs\":[\"https:\\\/\\\/kuzeyinsesi.org\"],\"url\":\"https:\\\/\\\/kuzeyinsesi.org\\\/index.php\\\/author\\\/guven\\\/\"}]}<\/script>\n<!-- \/ Yoast SEO plugin. -->","yoast_head_json":{"title":"Cumhurba\u015fkan\u0131 Tatar sanat\u00e7\u0131 Ay\u015feg\u00fcl Zaim\u2019i kabul etti - Kuzeyin Sesi","robots":{"index":"index","follow":"follow","max-snippet":"max-snippet:-1","max-image-preview":"max-image-preview:large","max-video-preview":"max-video-preview:-1"},"canonical":"https:\/\/kuzeyinsesi.org\/index.php\/2024\/08\/02\/cumhurbaskani-tatar-sanatci-aysegul-zaimi-kabul-etti\/","og_locale":"tr_TR","og_type":"article","og_title":"Cumhurba\u015fkan\u0131 Tatar sanat\u00e7\u0131 Ay\u015feg\u00fcl Zaim\u2019i kabul etti - Kuzeyin Sesi","og_description":"Cumhurba\u015fkan\u0131 Ersin Tatar, sanat\u00e7\u0131 Ay\u015feg\u00fcl Zaim\u2019i kabul etti. Cumhurba\u015fkanl\u0131\u011f\u0131\u2019ndan yap\u0131lan a\u00e7\u0131klamaya g\u00f6re, Cumhurba\u015fkan\u0131 Tatar, sanat alan\u0131nda yeni \u00e7al\u0131\u015fmalara imza atan Ay\u015feg\u00fcl Zaim\u2019in ba\u015far\u0131lar\u0131n\u0131 yak\u0131ndan takip etti\u011fini ifade ederek, sanat alan\u0131nda yakalad\u0131\u011f\u0131 ba\u015far\u0131n\u0131n gurur verici oldu\u011funu belirtti. Bu t\u00fcr ba\u015far\u0131lar\u0131n, gelecek nesillere \u00f6rnek te\u015fkil etmesi temennisinde bulunan Cumhurba\u015fkan\u0131 Tatar, Ay\u015feg\u00fcl Zaim\u2019e ileriki \u00e7al\u0131\u015fmalar\u0131nda ba\u015far\u0131lar diledi. \u201cVarl\u0131\u011f\u0131m\u0131z\u0131n [&hellip;]","og_url":"https:\/\/kuzeyinsesi.org\/index.php\/2024\/08\/02\/cumhurbaskani-tatar-sanatci-aysegul-zaimi-kabul-etti\/","og_site_name":"Kuzeyin Sesi","article_publisher":"https:\/\/www.facebook.com\/kuzeyinsesii","article_published_time":"2024-08-02T15:42:18+00:00","og_image":[{"url":"https:\/\/brtk.net\/wp-content\/uploads\/2024\/08\/02\/az.jpg?ver=cb2ee742e9f0a342cb5878796993e500","type":"","width":"","height":""}],"author":"Kuzeyin Sesi","twitter_card":"summary_large_image","twitter_creator":"@kuzeyinsesii","twitter_site":"@kuzeyinsesii","twitter_misc":{"Yazan:":"Kuzeyin Sesi","Tahmini okuma s\u00fcresi":"1 dakika"},"schema":{"@context":"https:\/\/schema.org","@graph":[{"@type":"Article","@id":"https:\/\/kuzeyinsesi.org\/index.php\/2024\/08\/02\/cumhurbaskani-tatar-sanatci-aysegul-zaimi-kabul-etti\/#article","isPartOf":{"@id":"https:\/\/kuzeyinsesi.org\/index.php\/2024\/08\/02\/cumhurbaskani-tatar-sanatci-aysegul-zaimi-kabul-etti\/"},"author":{"name":"Kuzeyin Sesi","@id":"https:\/\/kuzeyinsesi.org\/#\/schema\/person\/9f859689cdf01485597712386e37f5aa"},"headline":"Cumhurba\u015fkan\u0131 Tatar sanat\u00e7\u0131 Ay\u015feg\u00fcl Zaim\u2019i kabul etti","datePublished":"2024-08-02T15:42:18+00:00","mainEntityOfPage":{"@id":"https:\/\/kuzeyinsesi.org\/index.php\/2024\/08\/02\/cumhurbaskani-tatar-sanatci-aysegul-zaimi-kabul-etti\/"},"wordCount":209,"commentCount":0,"image":{"@id":"https:\/\/kuzeyinsesi.org\/index.php\/2024\/08\/02\/cumhurbaskani-tatar-sanatci-aysegul-zaimi-kabul-etti\/#primaryimage"},"thumbnailUrl":"https:\/\/kuzeyinsesi.org\/wp-content\/uploads\/2024\/08\/az.jpg","articleSection":["Ya\u015fam"],"inLanguage":"tr","potentialAction":[{"@type":"CommentAction","name":"Comment","target":["https:\/\/kuzeyinsesi.org\/index.php\/2024\/08\/02\/cumhurbaskani-tatar-sanatci-aysegul-zaimi-kabul-etti\/#respond"]}]},{"@type":"WebPage","@id":"https:\/\/kuzeyinsesi.org\/index.php\/2024\/08\/02\/cumhurbaskani-tatar-sanatci-aysegul-zaimi-kabul-etti\/","url":"https:\/\/kuzeyinsesi.org\/index.php\/2024\/08\/02\/cumhurbaskani-tatar-sanatci-aysegul-zaimi-kabul-etti\/","name":"Cumhurba\u015fkan\u0131 Tatar sanat\u00e7\u0131 Ay\u015feg\u00fcl Zaim\u2019i kabul etti - Kuzeyin Sesi","isPartOf":{"@id":"https:\/\/kuzeyinsesi.org\/#website"},"primaryImageOfPage":{"@id":"https:\/\/kuzeyinsesi.org\/index.php\/2024\/08\/02\/cumhurbaskani-tatar-sanatci-aysegul-zaimi-kabul-etti\/#primaryimage"},"image":{"@id":"https:\/\/kuzeyinsesi.org\/index.php\/2024\/08\/02\/cumhurbaskani-tatar-sanatci-aysegul-zaimi-kabul-etti\/#primaryimage"},"thumbnailUrl":"https:\/\/kuzeyinsesi.org\/wp-content\/uploads\/2024\/08\/az.jpg","datePublished":"2024-08-02T15:42:18+00:00","author":{"@id":"https:\/\/kuzeyinsesi.org\/#\/schema\/person\/9f859689cdf01485597712386e37f5aa"},"breadcrumb":{"@id":"https:\/\/kuzeyinsesi.org\/index.php\/2024\/08\/02\/cumhurbaskani-tatar-sanatci-aysegul-zaimi-kabul-etti\/#breadcrumb"},"inLanguage":"tr","potentialAction":[{"@type":"ReadAction","target":["https:\/\/kuzeyinsesi.org\/index.php\/2024\/08\/02\/cumhurbaskani-tatar-sanatci-aysegul-zaimi-kabul-etti\/"]}]},{"@type":"ImageObject","inLanguage":"tr","@id":"https:\/\/kuzeyinsesi.org\/index.php\/2024\/08\/02\/cumhurbaskani-tatar-sanatci-aysegul-zaimi-kabul-etti\/#primaryimage","url":"https:\/\/kuzeyinsesi.org\/wp-content\/uploads\/2024\/08\/az.jpg","contentUrl":"https:\/\/kuzeyinsesi.org\/wp-content\/uploads\/2024\/08\/az.jpg","width":1486,"height":825},{"@type":"BreadcrumbList","@id":"https:\/\/kuzeyinsesi.org\/index.php\/2024\/08\/02\/cumhurbaskani-tatar-sanatci-aysegul-zaimi-kabul-etti\/#breadcrumb","itemListElement":[{"@type":"ListItem","position":1,"name":"Anasayfa","item":"https:\/\/kuzeyinsesi.org\/"},{"@type":"ListItem","position":2,"name":"Cumhurba\u015fkan\u0131 Tatar sanat\u00e7\u0131 Ay\u015feg\u00fcl Zaim\u2019i kabul etti"}]},{"@type":"WebSite","@id":"https:\/\/kuzeyinsesi.org\/#website","url":"https:\/\/kuzeyinsesi.org\/","name":"Kuzeyin Sesi","description":"Do\u011fru Haberin Adresi","potentialAction":[{"@type":"SearchAction","target":{"@type":"EntryPoint","urlTemplate":"https:\/\/kuzeyinsesi.org\/?s={search_term_string}"},"query-input":{"@type":"PropertyValueSpecification","valueRequired":true,"valueName":"search_term_string"}}],"inLanguage":"tr"},{"@type":"Person","@id":"https:\/\/kuzeyinsesi.org\/#\/schema\/person\/9f859689cdf01485597712386e37f5aa","name":"Kuzeyin Sesi","image":{"@type":"ImageObject","inLanguage":"tr","@id":"https:\/\/secure.gravatar.com\/avatar\/bab33852abfd8b282518d6ed81826833d77c3c882d9ab608add591ccace47a44?s=96&d=mm&r=g","url":"https:\/\/secure.gravatar.com\/avatar\/bab33852abfd8b282518d6ed81826833d77c3c882d9ab608add591ccace47a44?s=96&d=mm&r=g","contentUrl":"https:\/\/secure.gravatar.com\/avatar\/bab33852abfd8b282518d6ed81826833d77c3c882d9ab608add591ccace47a44?s=96&d=mm&r=g","caption":"Kuzeyin Sesi"},"sameAs":["https:\/\/kuzeyinsesi.org"],"url":"https:\/\/kuzeyinsesi.org\/index.php\/author\/guven\/"}]}},"_links":{"self":[{"href":"https:\/\/kuzeyinsesi.org\/index.php\/wp-json\/wp\/v2\/posts\/7391","targetHints":{"allow":["GET"]}}],"collection":[{"href":"https:\/\/kuzeyinsesi.org\/index.php\/wp-json\/wp\/v2\/posts"}],"about":[{"href":"https:\/\/kuzeyinsesi.org\/index.php\/wp-json\/wp\/v2\/types\/post"}],"author":[{"embeddable":true,"href":"https:\/\/kuzeyinsesi.org\/index.php\/wp-json\/wp\/v2\/users\/1"}],"replies":[{"embeddable":true,"href":"https:\/\/kuzeyinsesi.org\/index.php\/wp-json\/wp\/v2\/comments?post=7391"}],"version-history":[{"count":0,"href":"https:\/\/kuzeyinsesi.org\/index.php\/wp-json\/wp\/v2\/posts\/7391\/revisions"}],"wp:featuredmedia":[{"embeddable":true,"href":"https:\/\/kuzeyinsesi.org\/index.php\/wp-json\/wp\/v2\/media\/7392"}],"wp:attachment":[{"href":"https:\/\/kuzeyinsesi.org\/index.php\/wp-json\/wp\/v2\/media?parent=7391"}],"wp:term":[{"taxonomy":"category","embeddable":true,"href":"https:\/\/kuzeyinsesi.org\/index.php\/wp-json\/wp\/v2\/categories?post=7391"},{"taxonomy":"post_tag","embeddable":true,"href":"https:\/\/kuzeyinsesi.org\/index.php\/wp-json\/wp\/v2\/tags?post=7391"}],"curies":[{"name":"wp","href":"https:\/\/api.w.org\/{rel}","templated":true}]}}