{"id":7387,"date":"2024-08-02T17:38:37","date_gmt":"2024-08-02T14:38:37","guid":{"rendered":"https:\/\/kuzeyinsesi.org\/index.php\/2024\/08\/02\/9-aksa-fotofest-fotograf-yarismasi-arastirmaci-yazar-arkeolog-merhum-tuncer-huseyin-bagiskan-anisina-duzenleniyor\/"},"modified":"2024-08-02T17:38:37","modified_gmt":"2024-08-02T14:38:37","slug":"9-aksa-fotofest-fotograf-yarismasi-arastirmaci-yazar-arkeolog-merhum-tuncer-huseyin-bagiskan-anisina-duzenleniyor","status":"publish","type":"post","link":"https:\/\/kuzeyinsesi.org\/index.php\/2024\/08\/02\/9-aksa-fotofest-fotograf-yarismasi-arastirmaci-yazar-arkeolog-merhum-tuncer-huseyin-bagiskan-anisina-duzenleniyor\/","title":{"rendered":"\u201c9.AKSA FOTOFEST\u201d Foto\u011fraf yar\u0131\u015fmas\u0131 Ara\u015ft\u0131rmac\u0131 Yazar, Arkeolog merhum Tuncer H\u00fcseyin Ba\u011f\u0131\u015fkan an\u0131s\u0131na d\u00fczenleniyor"},"content":{"rendered":"<div>\n<div class=\"mariselle-image-container center\">\n                                            <\/div>\n<p>9. AKSA FOTOFEST Foto\u011fraf yar\u0131\u015fmas\u0131 \u201cLefko\u015fa\u201d temas\u0131yla Ara\u015ft\u0131rmac\u0131 Yazar, Arkeolog merhum Tuncer H\u00fcseyin Ba\u011f\u0131\u015fkan an\u0131s\u0131na d\u00fczenleniyor.<\/p>\n<p>Toplam 60 bin TL \u00f6d\u00fcl verilecek yar\u0131\u015fmaya son ba\u015fvuru tarihi 25 Ekim.<\/p>\n<p>Aksa\u2019dan verilen bilgiye g\u00f6re, Lefko\u015fa b\u00f6lgesinde \u00e7ekilen eserlerin kabul edilece\u011fi yar\u0131\u015fma iki kategoriden olu\u015facak.<\/p>\n<p>\u201cLefko\u015fa\u2019da Ya\u015fam\u201d olarak belirlenen ilk kategoride yar\u0131\u015fmac\u0131lar insan ve k\u00fclt\u00fcr temal\u0131, renkli veya siyah beyaz foto\u011fraflarla yar\u0131\u015fmaya ba\u015fvurabilecek. \u201cLefko\u015fa\u2019n\u0131n Tarihsel Dokusu ve An\u0131tlar\u0131\u201d kategorisinde ise yar\u0131\u015fmac\u0131lar; tarih ve an\u0131t temal\u0131, renkli veya siyah beyaz foto\u011fraflarla yar\u0131\u015fmaya kat\u0131labilecek.<br \/>Yar\u0131\u015fmaya ba\u015fvurular, Aksa Enerji K\u0131br\u0131s web sitesinden yap\u0131labilecek. Her kategoride ilk \u00fc\u00e7e giren eser sahiplerine 10\u2019ar bin TL \u00f6d\u00fcl verilecek.<\/p>\n<p><strong>-Bas\u0131n toplant\u0131s\u0131 d\u00fczenlendi<\/strong><\/p>\n<p>AKSA Enerji y\u00f6netimi, foto\u011fraf alan\u0131nda \u00e7al\u0131\u015fmalar yapan derneklerle bas\u0131n toplant\u0131s\u0131 d\u00fczenleyerek, yar\u0131\u015fman\u0131n temas\u0131, ba\u015fvuru takvimi ve verilecek \u00f6d\u00fclleri a\u00e7\u0131klad\u0131. <\/p>\n<p>Bas\u0131n toplant\u0131s\u0131nda ilk s\u00f6z\u00fc FOTOFEST Koordinat\u00f6r\u00fc Zekai Altan ald\u0131.<\/p>\n<p>Altan, yar\u0131\u015fman\u0131n Kuzey K\u0131br\u0131s T\u00fcrk Cumhuriyeti\u2019nin foto\u011fraf\u00e7\u0131l\u0131k k\u00fclt\u00fcr\u00fcne b\u00fcy\u00fck katk\u0131 sa\u011flad\u0131\u011f\u0131na i\u015faret ederek, Tuncer Ba\u011f\u0131\u015fkan\u2019\u0131 anma karar\u0131n\u0131n al\u0131nmas\u0131na destek veren herkese te\u015fekk\u00fcr etti.<\/p>\n<p>AKSA K\u0131br\u0131s Santral M\u00fcd\u00fcr\u00fc \u015eener \u015eent\u00fcrk ise, foto\u011fraf dernekleriyle i\u015f birli\u011fi yapmaktan ve yeni bir etkinlikte birlikte olmaktan duydu\u011fu memnuniyeti dile getirdi.<\/p>\n<p>Tuncer Ba\u011f\u0131\u015fkan\u2019\u0131n ablas\u0131 Selma Bolay\u0131r ise yapt\u0131\u011f\u0131 konu\u015fmada, \u201cKarde\u015fim g\u00fczel eserler verdi ve \u015fu an uzman ki\u015filer taraf\u0131ndan takdir ediliyor. Onu onurland\u0131ran herkese te\u015fekk\u00fcr ederim\u201d dedi.<\/p>\n<\/p><\/div>\n<p><script async\n                    defer\n                    crossorigin=\"anonymous\"\n                    src=\"https:\/\/connect.facebook.net\/tr_TR\/sdk.js#xfbml=1&#038;version=v3.3\"\n            ><\/script><\/p>\n","protected":false},"excerpt":{"rendered":"<p>9. AKSA FOTOFEST Foto\u011fraf yar\u0131\u015fmas\u0131 \u201cLefko\u015fa\u201d temas\u0131yla Ara\u015ft\u0131rmac\u0131 Yazar, Arkeolog merhum Tuncer H\u00fcseyin Ba\u011f\u0131\u015fkan an\u0131s\u0131na d\u00fczenleniyor. Toplam 60 bin TL \u00f6d\u00fcl verilecek yar\u0131\u015fmaya son ba\u015fvuru tarihi 25 Ekim. Aksa\u2019dan verilen bilgiye g\u00f6re, Lefko\u015fa b\u00f6lgesinde \u00e7ekilen eserlerin kabul edilece\u011fi yar\u0131\u015fma iki kategoriden olu\u015facak. \u201cLefko\u015fa\u2019da Ya\u015fam\u201d olarak belirlenen ilk kategoride yar\u0131\u015fmac\u0131lar insan ve k\u00fclt\u00fcr temal\u0131, renkli veya [&hellip;]<\/p>\n","protected":false},"author":1,"featured_media":7388,"comment_status":"open","ping_status":"open","sticky":false,"template":"","format":"standard","meta":{"jnews-multi-image_gallery":[],"jnews_single_post":[],"jnews_primary_category":[],"jnews_social_meta":[],"jnews_override_counter":[],"footnotes":""},"categories":[6],"tags":[],"class_list":["post-7387","post","type-post","status-publish","format-standard","has-post-thumbnail","hentry","category-yasam"],"yoast_head":"<!-- This site is optimized with the Yoast SEO plugin v27.5 - https:\/\/yoast.com\/product\/yoast-seo-wordpress\/ -->\n<title>\u201c9.AKSA FOTOFEST\u201d Foto\u011fraf yar\u0131\u015fmas\u0131 Ara\u015ft\u0131rmac\u0131 Yazar, Arkeolog merhum Tuncer H\u00fcseyin Ba\u011f\u0131\u015fkan an\u0131s\u0131na d\u00fczenleniyor - Kuzeyin Sesi<\/title>\n<meta name=\"robots\" content=\"index, follow, max-snippet:-1, max-image-preview:large, max-video-preview:-1\" \/>\n<link rel=\"canonical\" href=\"https:\/\/kuzeyinsesi.org\/index.php\/2024\/08\/02\/9-aksa-fotofest-fotograf-yarismasi-arastirmaci-yazar-arkeolog-merhum-tuncer-huseyin-bagiskan-anisina-duzenleniyor\/\" \/>\n<meta property=\"og:locale\" content=\"tr_TR\" \/>\n<meta property=\"og:type\" content=\"article\" \/>\n<meta property=\"og:title\" content=\"\u201c9.AKSA FOTOFEST\u201d Foto\u011fraf yar\u0131\u015fmas\u0131 Ara\u015ft\u0131rmac\u0131 Yazar, Arkeolog merhum Tuncer H\u00fcseyin Ba\u011f\u0131\u015fkan an\u0131s\u0131na d\u00fczenleniyor - Kuzeyin Sesi\" \/>\n<meta property=\"og:description\" content=\"9. AKSA FOTOFEST Foto\u011fraf yar\u0131\u015fmas\u0131 \u201cLefko\u015fa\u201d temas\u0131yla Ara\u015ft\u0131rmac\u0131 Yazar, Arkeolog merhum Tuncer H\u00fcseyin Ba\u011f\u0131\u015fkan an\u0131s\u0131na d\u00fczenleniyor. Toplam 60 bin TL \u00f6d\u00fcl verilecek yar\u0131\u015fmaya son ba\u015fvuru tarihi 25 Ekim. Aksa\u2019dan verilen bilgiye g\u00f6re, Lefko\u015fa b\u00f6lgesinde \u00e7ekilen eserlerin kabul edilece\u011fi yar\u0131\u015fma iki kategoriden olu\u015facak. \u201cLefko\u015fa\u2019da Ya\u015fam\u201d olarak belirlenen ilk kategoride yar\u0131\u015fmac\u0131lar insan ve k\u00fclt\u00fcr temal\u0131, renkli veya [&hellip;]\" \/>\n<meta property=\"og:url\" content=\"https:\/\/kuzeyinsesi.org\/index.php\/2024\/08\/02\/9-aksa-fotofest-fotograf-yarismasi-arastirmaci-yazar-arkeolog-merhum-tuncer-huseyin-bagiskan-anisina-duzenleniyor\/\" \/>\n<meta property=\"og:site_name\" content=\"Kuzeyin Sesi\" \/>\n<meta property=\"article:publisher\" content=\"https:\/\/www.facebook.com\/kuzeyinsesii\" \/>\n<meta property=\"article:published_time\" content=\"2024-08-02T14:38:37+00:00\" \/>\n<meta property=\"og:image\" content=\"https:\/\/brtk.net\/wp-content\/uploads\/2024\/08\/02\/fotofestaksa.jpg?ver=8f0795fe81854b0c55df423fd18b3d23\" \/>\n<meta name=\"author\" content=\"Kuzeyin Sesi\" \/>\n<meta name=\"twitter:card\" content=\"summary_large_image\" \/>\n<meta name=\"twitter:creator\" content=\"@kuzeyinsesii\" \/>\n<meta name=\"twitter:site\" content=\"@kuzeyinsesii\" \/>\n<meta name=\"twitter:label1\" content=\"Yazan:\" \/>\n\t<meta name=\"twitter:data1\" content=\"Kuzeyin Sesi\" \/>\n\t<meta name=\"twitter:label2\" content=\"Tahmini okuma s\u00fcresi\" \/>\n\t<meta name=\"twitter:data2\" content=\"2 dakika\" \/>\n<script type=\"application\/ld+json\" class=\"yoast-schema-graph\">{\"@context\":\"https:\\\/\\\/schema.org\",\"@graph\":[{\"@type\":\"Article\",\"@id\":\"https:\\\/\\\/kuzeyinsesi.org\\\/index.php\\\/2024\\\/08\\\/02\\\/9-aksa-fotofest-fotograf-yarismasi-arastirmaci-yazar-arkeolog-merhum-tuncer-huseyin-bagiskan-anisina-duzenleniyor\\\/#article\",\"isPartOf\":{\"@id\":\"https:\\\/\\\/kuzeyinsesi.org\\\/index.php\\\/2024\\\/08\\\/02\\\/9-aksa-fotofest-fotograf-yarismasi-arastirmaci-yazar-arkeolog-merhum-tuncer-huseyin-bagiskan-anisina-duzenleniyor\\\/\"},\"author\":{\"name\":\"Kuzeyin Sesi\",\"@id\":\"https:\\\/\\\/kuzeyinsesi.org\\\/#\\\/schema\\\/person\\\/9f859689cdf01485597712386e37f5aa\"},\"headline\":\"\u201c9.AKSA FOTOFEST\u201d Foto\u011fraf yar\u0131\u015fmas\u0131 Ara\u015ft\u0131rmac\u0131 Yazar, Arkeolog merhum Tuncer H\u00fcseyin Ba\u011f\u0131\u015fkan an\u0131s\u0131na d\u00fczenleniyor\",\"datePublished\":\"2024-08-02T14:38:37+00:00\",\"mainEntityOfPage\":{\"@id\":\"https:\\\/\\\/kuzeyinsesi.org\\\/index.php\\\/2024\\\/08\\\/02\\\/9-aksa-fotofest-fotograf-yarismasi-arastirmaci-yazar-arkeolog-merhum-tuncer-huseyin-bagiskan-anisina-duzenleniyor\\\/\"},\"wordCount\":330,\"commentCount\":0,\"image\":{\"@id\":\"https:\\\/\\\/kuzeyinsesi.org\\\/index.php\\\/2024\\\/08\\\/02\\\/9-aksa-fotofest-fotograf-yarismasi-arastirmaci-yazar-arkeolog-merhum-tuncer-huseyin-bagiskan-anisina-duzenleniyor\\\/#primaryimage\"},\"thumbnailUrl\":\"https:\\\/\\\/kuzeyinsesi.org\\\/wp-content\\\/uploads\\\/2024\\\/08\\\/fotofestaksa.jpg\",\"articleSection\":[\"Ya\u015fam\"],\"inLanguage\":\"tr\",\"potentialAction\":[{\"@type\":\"CommentAction\",\"name\":\"Comment\",\"target\":[\"https:\\\/\\\/kuzeyinsesi.org\\\/index.php\\\/2024\\\/08\\\/02\\\/9-aksa-fotofest-fotograf-yarismasi-arastirmaci-yazar-arkeolog-merhum-tuncer-huseyin-bagiskan-anisina-duzenleniyor\\\/#respond\"]}]},{\"@type\":\"WebPage\",\"@id\":\"https:\\\/\\\/kuzeyinsesi.org\\\/index.php\\\/2024\\\/08\\\/02\\\/9-aksa-fotofest-fotograf-yarismasi-arastirmaci-yazar-arkeolog-merhum-tuncer-huseyin-bagiskan-anisina-duzenleniyor\\\/\",\"url\":\"https:\\\/\\\/kuzeyinsesi.org\\\/index.php\\\/2024\\\/08\\\/02\\\/9-aksa-fotofest-fotograf-yarismasi-arastirmaci-yazar-arkeolog-merhum-tuncer-huseyin-bagiskan-anisina-duzenleniyor\\\/\",\"name\":\"\u201c9.AKSA FOTOFEST\u201d Foto\u011fraf yar\u0131\u015fmas\u0131 Ara\u015ft\u0131rmac\u0131 Yazar, Arkeolog merhum Tuncer H\u00fcseyin Ba\u011f\u0131\u015fkan an\u0131s\u0131na d\u00fczenleniyor - Kuzeyin Sesi\",\"isPartOf\":{\"@id\":\"https:\\\/\\\/kuzeyinsesi.org\\\/#website\"},\"primaryImageOfPage\":{\"@id\":\"https:\\\/\\\/kuzeyinsesi.org\\\/index.php\\\/2024\\\/08\\\/02\\\/9-aksa-fotofest-fotograf-yarismasi-arastirmaci-yazar-arkeolog-merhum-tuncer-huseyin-bagiskan-anisina-duzenleniyor\\\/#primaryimage\"},\"image\":{\"@id\":\"https:\\\/\\\/kuzeyinsesi.org\\\/index.php\\\/2024\\\/08\\\/02\\\/9-aksa-fotofest-fotograf-yarismasi-arastirmaci-yazar-arkeolog-merhum-tuncer-huseyin-bagiskan-anisina-duzenleniyor\\\/#primaryimage\"},\"thumbnailUrl\":\"https:\\\/\\\/kuzeyinsesi.org\\\/wp-content\\\/uploads\\\/2024\\\/08\\\/fotofestaksa.jpg\",\"datePublished\":\"2024-08-02T14:38:37+00:00\",\"author\":{\"@id\":\"https:\\\/\\\/kuzeyinsesi.org\\\/#\\\/schema\\\/person\\\/9f859689cdf01485597712386e37f5aa\"},\"breadcrumb\":{\"@id\":\"https:\\\/\\\/kuzeyinsesi.org\\\/index.php\\\/2024\\\/08\\\/02\\\/9-aksa-fotofest-fotograf-yarismasi-arastirmaci-yazar-arkeolog-merhum-tuncer-huseyin-bagiskan-anisina-duzenleniyor\\\/#breadcrumb\"},\"inLanguage\":\"tr\",\"potentialAction\":[{\"@type\":\"ReadAction\",\"target\":[\"https:\\\/\\\/kuzeyinsesi.org\\\/index.php\\\/2024\\\/08\\\/02\\\/9-aksa-fotofest-fotograf-yarismasi-arastirmaci-yazar-arkeolog-merhum-tuncer-huseyin-bagiskan-anisina-duzenleniyor\\\/\"]}]},{\"@type\":\"ImageObject\",\"inLanguage\":\"tr\",\"@id\":\"https:\\\/\\\/kuzeyinsesi.org\\\/index.php\\\/2024\\\/08\\\/02\\\/9-aksa-fotofest-fotograf-yarismasi-arastirmaci-yazar-arkeolog-merhum-tuncer-huseyin-bagiskan-anisina-duzenleniyor\\\/#primaryimage\",\"url\":\"https:\\\/\\\/kuzeyinsesi.org\\\/wp-content\\\/uploads\\\/2024\\\/08\\\/fotofestaksa.jpg\",\"contentUrl\":\"https:\\\/\\\/kuzeyinsesi.org\\\/wp-content\\\/uploads\\\/2024\\\/08\\\/fotofestaksa.jpg\",\"width\":1447,\"height\":805},{\"@type\":\"BreadcrumbList\",\"@id\":\"https:\\\/\\\/kuzeyinsesi.org\\\/index.php\\\/2024\\\/08\\\/02\\\/9-aksa-fotofest-fotograf-yarismasi-arastirmaci-yazar-arkeolog-merhum-tuncer-huseyin-bagiskan-anisina-duzenleniyor\\\/#breadcrumb\",\"itemListElement\":[{\"@type\":\"ListItem\",\"position\":1,\"name\":\"Anasayfa\",\"item\":\"https:\\\/\\\/kuzeyinsesi.org\\\/\"},{\"@type\":\"ListItem\",\"position\":2,\"name\":\"\u201c9.AKSA FOTOFEST\u201d Foto\u011fraf yar\u0131\u015fmas\u0131 Ara\u015ft\u0131rmac\u0131 Yazar, Arkeolog merhum Tuncer H\u00fcseyin Ba\u011f\u0131\u015fkan an\u0131s\u0131na d\u00fczenleniyor\"}]},{\"@type\":\"WebSite\",\"@id\":\"https:\\\/\\\/kuzeyinsesi.org\\\/#website\",\"url\":\"https:\\\/\\\/kuzeyinsesi.org\\\/\",\"name\":\"Kuzeyin Sesi\",\"description\":\"Do\u011fru Haberin Adresi\",\"potentialAction\":[{\"@type\":\"SearchAction\",\"target\":{\"@type\":\"EntryPoint\",\"urlTemplate\":\"https:\\\/\\\/kuzeyinsesi.org\\\/?s={search_term_string}\"},\"query-input\":{\"@type\":\"PropertyValueSpecification\",\"valueRequired\":true,\"valueName\":\"search_term_string\"}}],\"inLanguage\":\"tr\"},{\"@type\":\"Person\",\"@id\":\"https:\\\/\\\/kuzeyinsesi.org\\\/#\\\/schema\\\/person\\\/9f859689cdf01485597712386e37f5aa\",\"name\":\"Kuzeyin Sesi\",\"image\":{\"@type\":\"ImageObject\",\"inLanguage\":\"tr\",\"@id\":\"https:\\\/\\\/secure.gravatar.com\\\/avatar\\\/bab33852abfd8b282518d6ed81826833d77c3c882d9ab608add591ccace47a44?s=96&d=mm&r=g\",\"url\":\"https:\\\/\\\/secure.gravatar.com\\\/avatar\\\/bab33852abfd8b282518d6ed81826833d77c3c882d9ab608add591ccace47a44?s=96&d=mm&r=g\",\"contentUrl\":\"https:\\\/\\\/secure.gravatar.com\\\/avatar\\\/bab33852abfd8b282518d6ed81826833d77c3c882d9ab608add591ccace47a44?s=96&d=mm&r=g\",\"caption\":\"Kuzeyin Sesi\"},\"sameAs\":[\"https:\\\/\\\/kuzeyinsesi.org\"],\"url\":\"https:\\\/\\\/kuzeyinsesi.org\\\/index.php\\\/author\\\/guven\\\/\"}]}<\/script>\n<!-- \/ Yoast SEO plugin. -->","yoast_head_json":{"title":"\u201c9.AKSA FOTOFEST\u201d Foto\u011fraf yar\u0131\u015fmas\u0131 Ara\u015ft\u0131rmac\u0131 Yazar, Arkeolog merhum Tuncer H\u00fcseyin Ba\u011f\u0131\u015fkan an\u0131s\u0131na d\u00fczenleniyor - Kuzeyin Sesi","robots":{"index":"index","follow":"follow","max-snippet":"max-snippet:-1","max-image-preview":"max-image-preview:large","max-video-preview":"max-video-preview:-1"},"canonical":"https:\/\/kuzeyinsesi.org\/index.php\/2024\/08\/02\/9-aksa-fotofest-fotograf-yarismasi-arastirmaci-yazar-arkeolog-merhum-tuncer-huseyin-bagiskan-anisina-duzenleniyor\/","og_locale":"tr_TR","og_type":"article","og_title":"\u201c9.AKSA FOTOFEST\u201d Foto\u011fraf yar\u0131\u015fmas\u0131 Ara\u015ft\u0131rmac\u0131 Yazar, Arkeolog merhum Tuncer H\u00fcseyin Ba\u011f\u0131\u015fkan an\u0131s\u0131na d\u00fczenleniyor - Kuzeyin Sesi","og_description":"9. AKSA FOTOFEST Foto\u011fraf yar\u0131\u015fmas\u0131 \u201cLefko\u015fa\u201d temas\u0131yla Ara\u015ft\u0131rmac\u0131 Yazar, Arkeolog merhum Tuncer H\u00fcseyin Ba\u011f\u0131\u015fkan an\u0131s\u0131na d\u00fczenleniyor. Toplam 60 bin TL \u00f6d\u00fcl verilecek yar\u0131\u015fmaya son ba\u015fvuru tarihi 25 Ekim. Aksa\u2019dan verilen bilgiye g\u00f6re, Lefko\u015fa b\u00f6lgesinde \u00e7ekilen eserlerin kabul edilece\u011fi yar\u0131\u015fma iki kategoriden olu\u015facak. \u201cLefko\u015fa\u2019da Ya\u015fam\u201d olarak belirlenen ilk kategoride yar\u0131\u015fmac\u0131lar insan ve k\u00fclt\u00fcr temal\u0131, renkli veya [&hellip;]","og_url":"https:\/\/kuzeyinsesi.org\/index.php\/2024\/08\/02\/9-aksa-fotofest-fotograf-yarismasi-arastirmaci-yazar-arkeolog-merhum-tuncer-huseyin-bagiskan-anisina-duzenleniyor\/","og_site_name":"Kuzeyin Sesi","article_publisher":"https:\/\/www.facebook.com\/kuzeyinsesii","article_published_time":"2024-08-02T14:38:37+00:00","og_image":[{"url":"https:\/\/brtk.net\/wp-content\/uploads\/2024\/08\/02\/fotofestaksa.jpg?ver=8f0795fe81854b0c55df423fd18b3d23","type":"","width":"","height":""}],"author":"Kuzeyin Sesi","twitter_card":"summary_large_image","twitter_creator":"@kuzeyinsesii","twitter_site":"@kuzeyinsesii","twitter_misc":{"Yazan:":"Kuzeyin Sesi","Tahmini okuma s\u00fcresi":"2 dakika"},"schema":{"@context":"https:\/\/schema.org","@graph":[{"@type":"Article","@id":"https:\/\/kuzeyinsesi.org\/index.php\/2024\/08\/02\/9-aksa-fotofest-fotograf-yarismasi-arastirmaci-yazar-arkeolog-merhum-tuncer-huseyin-bagiskan-anisina-duzenleniyor\/#article","isPartOf":{"@id":"https:\/\/kuzeyinsesi.org\/index.php\/2024\/08\/02\/9-aksa-fotofest-fotograf-yarismasi-arastirmaci-yazar-arkeolog-merhum-tuncer-huseyin-bagiskan-anisina-duzenleniyor\/"},"author":{"name":"Kuzeyin Sesi","@id":"https:\/\/kuzeyinsesi.org\/#\/schema\/person\/9f859689cdf01485597712386e37f5aa"},"headline":"\u201c9.AKSA FOTOFEST\u201d Foto\u011fraf yar\u0131\u015fmas\u0131 Ara\u015ft\u0131rmac\u0131 Yazar, Arkeolog merhum Tuncer H\u00fcseyin Ba\u011f\u0131\u015fkan an\u0131s\u0131na d\u00fczenleniyor","datePublished":"2024-08-02T14:38:37+00:00","mainEntityOfPage":{"@id":"https:\/\/kuzeyinsesi.org\/index.php\/2024\/08\/02\/9-aksa-fotofest-fotograf-yarismasi-arastirmaci-yazar-arkeolog-merhum-tuncer-huseyin-bagiskan-anisina-duzenleniyor\/"},"wordCount":330,"commentCount":0,"image":{"@id":"https:\/\/kuzeyinsesi.org\/index.php\/2024\/08\/02\/9-aksa-fotofest-fotograf-yarismasi-arastirmaci-yazar-arkeolog-merhum-tuncer-huseyin-bagiskan-anisina-duzenleniyor\/#primaryimage"},"thumbnailUrl":"https:\/\/kuzeyinsesi.org\/wp-content\/uploads\/2024\/08\/fotofestaksa.jpg","articleSection":["Ya\u015fam"],"inLanguage":"tr","potentialAction":[{"@type":"CommentAction","name":"Comment","target":["https:\/\/kuzeyinsesi.org\/index.php\/2024\/08\/02\/9-aksa-fotofest-fotograf-yarismasi-arastirmaci-yazar-arkeolog-merhum-tuncer-huseyin-bagiskan-anisina-duzenleniyor\/#respond"]}]},{"@type":"WebPage","@id":"https:\/\/kuzeyinsesi.org\/index.php\/2024\/08\/02\/9-aksa-fotofest-fotograf-yarismasi-arastirmaci-yazar-arkeolog-merhum-tuncer-huseyin-bagiskan-anisina-duzenleniyor\/","url":"https:\/\/kuzeyinsesi.org\/index.php\/2024\/08\/02\/9-aksa-fotofest-fotograf-yarismasi-arastirmaci-yazar-arkeolog-merhum-tuncer-huseyin-bagiskan-anisina-duzenleniyor\/","name":"\u201c9.AKSA FOTOFEST\u201d Foto\u011fraf yar\u0131\u015fmas\u0131 Ara\u015ft\u0131rmac\u0131 Yazar, Arkeolog merhum Tuncer H\u00fcseyin Ba\u011f\u0131\u015fkan an\u0131s\u0131na d\u00fczenleniyor - Kuzeyin Sesi","isPartOf":{"@id":"https:\/\/kuzeyinsesi.org\/#website"},"primaryImageOfPage":{"@id":"https:\/\/kuzeyinsesi.org\/index.php\/2024\/08\/02\/9-aksa-fotofest-fotograf-yarismasi-arastirmaci-yazar-arkeolog-merhum-tuncer-huseyin-bagiskan-anisina-duzenleniyor\/#primaryimage"},"image":{"@id":"https:\/\/kuzeyinsesi.org\/index.php\/2024\/08\/02\/9-aksa-fotofest-fotograf-yarismasi-arastirmaci-yazar-arkeolog-merhum-tuncer-huseyin-bagiskan-anisina-duzenleniyor\/#primaryimage"},"thumbnailUrl":"https:\/\/kuzeyinsesi.org\/wp-content\/uploads\/2024\/08\/fotofestaksa.jpg","datePublished":"2024-08-02T14:38:37+00:00","author":{"@id":"https:\/\/kuzeyinsesi.org\/#\/schema\/person\/9f859689cdf01485597712386e37f5aa"},"breadcrumb":{"@id":"https:\/\/kuzeyinsesi.org\/index.php\/2024\/08\/02\/9-aksa-fotofest-fotograf-yarismasi-arastirmaci-yazar-arkeolog-merhum-tuncer-huseyin-bagiskan-anisina-duzenleniyor\/#breadcrumb"},"inLanguage":"tr","potentialAction":[{"@type":"ReadAction","target":["https:\/\/kuzeyinsesi.org\/index.php\/2024\/08\/02\/9-aksa-fotofest-fotograf-yarismasi-arastirmaci-yazar-arkeolog-merhum-tuncer-huseyin-bagiskan-anisina-duzenleniyor\/"]}]},{"@type":"ImageObject","inLanguage":"tr","@id":"https:\/\/kuzeyinsesi.org\/index.php\/2024\/08\/02\/9-aksa-fotofest-fotograf-yarismasi-arastirmaci-yazar-arkeolog-merhum-tuncer-huseyin-bagiskan-anisina-duzenleniyor\/#primaryimage","url":"https:\/\/kuzeyinsesi.org\/wp-content\/uploads\/2024\/08\/fotofestaksa.jpg","contentUrl":"https:\/\/kuzeyinsesi.org\/wp-content\/uploads\/2024\/08\/fotofestaksa.jpg","width":1447,"height":805},{"@type":"BreadcrumbList","@id":"https:\/\/kuzeyinsesi.org\/index.php\/2024\/08\/02\/9-aksa-fotofest-fotograf-yarismasi-arastirmaci-yazar-arkeolog-merhum-tuncer-huseyin-bagiskan-anisina-duzenleniyor\/#breadcrumb","itemListElement":[{"@type":"ListItem","position":1,"name":"Anasayfa","item":"https:\/\/kuzeyinsesi.org\/"},{"@type":"ListItem","position":2,"name":"\u201c9.AKSA FOTOFEST\u201d Foto\u011fraf yar\u0131\u015fmas\u0131 Ara\u015ft\u0131rmac\u0131 Yazar, Arkeolog merhum Tuncer H\u00fcseyin Ba\u011f\u0131\u015fkan an\u0131s\u0131na d\u00fczenleniyor"}]},{"@type":"WebSite","@id":"https:\/\/kuzeyinsesi.org\/#website","url":"https:\/\/kuzeyinsesi.org\/","name":"Kuzeyin Sesi","description":"Do\u011fru Haberin Adresi","potentialAction":[{"@type":"SearchAction","target":{"@type":"EntryPoint","urlTemplate":"https:\/\/kuzeyinsesi.org\/?s={search_term_string}"},"query-input":{"@type":"PropertyValueSpecification","valueRequired":true,"valueName":"search_term_string"}}],"inLanguage":"tr"},{"@type":"Person","@id":"https:\/\/kuzeyinsesi.org\/#\/schema\/person\/9f859689cdf01485597712386e37f5aa","name":"Kuzeyin Sesi","image":{"@type":"ImageObject","inLanguage":"tr","@id":"https:\/\/secure.gravatar.com\/avatar\/bab33852abfd8b282518d6ed81826833d77c3c882d9ab608add591ccace47a44?s=96&d=mm&r=g","url":"https:\/\/secure.gravatar.com\/avatar\/bab33852abfd8b282518d6ed81826833d77c3c882d9ab608add591ccace47a44?s=96&d=mm&r=g","contentUrl":"https:\/\/secure.gravatar.com\/avatar\/bab33852abfd8b282518d6ed81826833d77c3c882d9ab608add591ccace47a44?s=96&d=mm&r=g","caption":"Kuzeyin Sesi"},"sameAs":["https:\/\/kuzeyinsesi.org"],"url":"https:\/\/kuzeyinsesi.org\/index.php\/author\/guven\/"}]}},"_links":{"self":[{"href":"https:\/\/kuzeyinsesi.org\/index.php\/wp-json\/wp\/v2\/posts\/7387","targetHints":{"allow":["GET"]}}],"collection":[{"href":"https:\/\/kuzeyinsesi.org\/index.php\/wp-json\/wp\/v2\/posts"}],"about":[{"href":"https:\/\/kuzeyinsesi.org\/index.php\/wp-json\/wp\/v2\/types\/post"}],"author":[{"embeddable":true,"href":"https:\/\/kuzeyinsesi.org\/index.php\/wp-json\/wp\/v2\/users\/1"}],"replies":[{"embeddable":true,"href":"https:\/\/kuzeyinsesi.org\/index.php\/wp-json\/wp\/v2\/comments?post=7387"}],"version-history":[{"count":0,"href":"https:\/\/kuzeyinsesi.org\/index.php\/wp-json\/wp\/v2\/posts\/7387\/revisions"}],"wp:featuredmedia":[{"embeddable":true,"href":"https:\/\/kuzeyinsesi.org\/index.php\/wp-json\/wp\/v2\/media\/7388"}],"wp:attachment":[{"href":"https:\/\/kuzeyinsesi.org\/index.php\/wp-json\/wp\/v2\/media?parent=7387"}],"wp:term":[{"taxonomy":"category","embeddable":true,"href":"https:\/\/kuzeyinsesi.org\/index.php\/wp-json\/wp\/v2\/categories?post=7387"},{"taxonomy":"post_tag","embeddable":true,"href":"https:\/\/kuzeyinsesi.org\/index.php\/wp-json\/wp\/v2\/tags?post=7387"}],"curies":[{"name":"wp","href":"https:\/\/api.w.org\/{rel}","templated":true}]}}