{"id":7371,"date":"2024-08-02T15:35:44","date_gmt":"2024-08-02T12:35:44","guid":{"rendered":"https:\/\/kuzeyinsesi.org\/index.php\/2024\/08\/02\/15-lefkosa-genclik-gunleri-sokak-konseriyle-basladi\/"},"modified":"2024-08-02T15:35:44","modified_gmt":"2024-08-02T12:35:44","slug":"15-lefkosa-genclik-gunleri-sokak-konseriyle-basladi","status":"publish","type":"post","link":"https:\/\/kuzeyinsesi.org\/index.php\/2024\/08\/02\/15-lefkosa-genclik-gunleri-sokak-konseriyle-basladi\/","title":{"rendered":"15. Lefko\u015fa Gen\u00e7lik G\u00fcnleri Sokak konseriyle ba\u015flad\u0131"},"content":{"rendered":"<div>\n<div class=\"mariselle-image-container center\">\n                                            <\/div>\n<p>HASDER Gen\u00e7lik Kul\u00fcb\u00fc, \u201c12 A\u011fustos Uluslararas\u0131 Gen\u00e7lik G\u00fcn\u00fc\u201d nedeniyle etkinlikler d\u00fczenliyor.<\/p>\n<p>HASDER\u2019den yap\u0131lan yaz\u0131l\u0131 a\u00e7\u0131klamaya g\u00f6re BM taraf\u0131ndan bu y\u0131l temas\u0131<\/p>\n<p> \u201cS\u00fcrd\u00fcr\u00fclebilir Kalk\u0131nma \u0130\u00e7in Gen\u00e7lerin Dijital Yollar\u0131\u201d olarak belirlenen Gen\u00e7lik G\u00fcnleri d\u00fcn Zahra Sokak\u2019ta d\u00fczenlenen, gen\u00e7 m\u00fczisyenlerin sahne ald\u0131\u011f\u0131 \u201cSokak Konseri\u201d ile ba\u015flad\u0131.<\/p>\n<p>K\u00fclt\u00fcr Dairesi\u2019nin katk\u0131lar\u0131yla d\u00fczenlenen etkinlikler kapsam\u0131nda yar\u0131n saat 18.30\u2019da \u201cVelesbitnan Surlari\u00e7i K\u00fclt\u00fcr Turu\u201d yap\u0131lacak.<\/p>\n<p>Etkinlik AB Bilgi Merkezi katk\u0131lar\u0131yla 5 A\u011fustos Pazartesi g\u00fcn\u00fc saat 21.00\u2019de Zahra Sokak\u2019ta d\u00fczenlenecek K\u0131br\u0131sl\u0131 T\u00fcrk ve Rum halk danslar\u0131 ekiplerinin g\u00f6sterisi, \u201cLet\u2019s Sing Together Band\u201d konseri ve 8 A\u011fustos Per\u015fembe g\u00fcn\u00fc saat 20.00\u2019de AB Bilgi Merkezi bah\u00e7esinde yer alacak \u201cS\u00fct Babam\u201d belgesel film g\u00f6sterimiyle devam edecek.<\/p>\n<p>Gen\u00e7lik G\u00fcnleri 12 A\u011fustos Pazartesi g\u00fcn\u00fc saat 19.30\u2019da AB Bilgi Merkezi toplant\u0131 salonunda d\u00fczenlenecek, gen\u00e7lik \u00f6rg\u00fctleri temsilcilerinin kat\u0131laca\u011f\u0131 yuvarlak masa toplant\u0131s\u0131yla sona erecek<\/p>\n<\/p><\/div>\n<p><script async\n                    defer\n                    crossorigin=\"anonymous\"\n                    src=\"https:\/\/connect.facebook.net\/tr_TR\/sdk.js#xfbml=1&#038;version=v3.3\"\n            ><\/script><\/p>\n","protected":false},"excerpt":{"rendered":"<p>HASDER Gen\u00e7lik Kul\u00fcb\u00fc, \u201c12 A\u011fustos Uluslararas\u0131 Gen\u00e7lik G\u00fcn\u00fc\u201d nedeniyle etkinlikler d\u00fczenliyor. HASDER\u2019den yap\u0131lan yaz\u0131l\u0131 a\u00e7\u0131klamaya g\u00f6re BM taraf\u0131ndan bu y\u0131l temas\u0131 \u201cS\u00fcrd\u00fcr\u00fclebilir Kalk\u0131nma \u0130\u00e7in Gen\u00e7lerin Dijital Yollar\u0131\u201d olarak belirlenen Gen\u00e7lik G\u00fcnleri d\u00fcn Zahra Sokak\u2019ta d\u00fczenlenen, gen\u00e7 m\u00fczisyenlerin sahne ald\u0131\u011f\u0131 \u201cSokak Konseri\u201d ile ba\u015flad\u0131. K\u00fclt\u00fcr Dairesi\u2019nin katk\u0131lar\u0131yla d\u00fczenlenen etkinlikler kapsam\u0131nda yar\u0131n saat 18.30\u2019da \u201cVelesbitnan Surlari\u00e7i K\u00fclt\u00fcr [&hellip;]<\/p>\n","protected":false},"author":1,"featured_media":7372,"comment_status":"open","ping_status":"open","sticky":false,"template":"","format":"standard","meta":{"jnews-multi-image_gallery":[],"jnews_single_post":[],"jnews_primary_category":[],"jnews_social_meta":[],"jnews_override_counter":[],"footnotes":""},"categories":[6],"tags":[],"class_list":["post-7371","post","type-post","status-publish","format-standard","has-post-thumbnail","hentry","category-yasam"],"yoast_head":"<!-- This site is optimized with the Yoast SEO plugin v27.5 - https:\/\/yoast.com\/product\/yoast-seo-wordpress\/ -->\n<title>15. Lefko\u015fa Gen\u00e7lik G\u00fcnleri Sokak konseriyle ba\u015flad\u0131 - Kuzeyin Sesi<\/title>\n<meta name=\"robots\" content=\"index, follow, max-snippet:-1, max-image-preview:large, max-video-preview:-1\" \/>\n<link rel=\"canonical\" href=\"https:\/\/kuzeyinsesi.org\/index.php\/2024\/08\/02\/15-lefkosa-genclik-gunleri-sokak-konseriyle-basladi\/\" \/>\n<meta property=\"og:locale\" content=\"tr_TR\" \/>\n<meta property=\"og:type\" content=\"article\" \/>\n<meta property=\"og:title\" content=\"15. Lefko\u015fa Gen\u00e7lik G\u00fcnleri Sokak konseriyle ba\u015flad\u0131 - Kuzeyin Sesi\" \/>\n<meta property=\"og:description\" content=\"HASDER Gen\u00e7lik Kul\u00fcb\u00fc, \u201c12 A\u011fustos Uluslararas\u0131 Gen\u00e7lik G\u00fcn\u00fc\u201d nedeniyle etkinlikler d\u00fczenliyor. HASDER\u2019den yap\u0131lan yaz\u0131l\u0131 a\u00e7\u0131klamaya g\u00f6re BM taraf\u0131ndan bu y\u0131l temas\u0131 \u201cS\u00fcrd\u00fcr\u00fclebilir Kalk\u0131nma \u0130\u00e7in Gen\u00e7lerin Dijital Yollar\u0131\u201d olarak belirlenen Gen\u00e7lik G\u00fcnleri d\u00fcn Zahra Sokak\u2019ta d\u00fczenlenen, gen\u00e7 m\u00fczisyenlerin sahne ald\u0131\u011f\u0131 \u201cSokak Konseri\u201d ile ba\u015flad\u0131. K\u00fclt\u00fcr Dairesi\u2019nin katk\u0131lar\u0131yla d\u00fczenlenen etkinlikler kapsam\u0131nda yar\u0131n saat 18.30\u2019da \u201cVelesbitnan Surlari\u00e7i K\u00fclt\u00fcr [&hellip;]\" \/>\n<meta property=\"og:url\" content=\"https:\/\/kuzeyinsesi.org\/index.php\/2024\/08\/02\/15-lefkosa-genclik-gunleri-sokak-konseriyle-basladi\/\" \/>\n<meta property=\"og:site_name\" content=\"Kuzeyin Sesi\" \/>\n<meta property=\"article:publisher\" content=\"https:\/\/www.facebook.com\/kuzeyinsesii\" \/>\n<meta property=\"article:published_time\" content=\"2024-08-02T12:35:44+00:00\" \/>\n<meta property=\"og:image\" content=\"https:\/\/brtk.net\/wp-content\/uploads\/2024\/08\/02\/agwpodag.jpg?ver=b6bca3896950cdfc9b5b50c6eb72042a\" \/>\n<meta name=\"author\" content=\"Kuzeyin Sesi\" \/>\n<meta name=\"twitter:card\" content=\"summary_large_image\" \/>\n<meta name=\"twitter:creator\" content=\"@kuzeyinsesii\" \/>\n<meta name=\"twitter:site\" content=\"@kuzeyinsesii\" \/>\n<meta name=\"twitter:label1\" content=\"Yazan:\" \/>\n\t<meta name=\"twitter:data1\" content=\"Kuzeyin Sesi\" \/>\n\t<meta name=\"twitter:label2\" content=\"Tahmini okuma s\u00fcresi\" \/>\n\t<meta name=\"twitter:data2\" content=\"1 dakika\" \/>\n<script type=\"application\/ld+json\" class=\"yoast-schema-graph\">{\"@context\":\"https:\\\/\\\/schema.org\",\"@graph\":[{\"@type\":\"Article\",\"@id\":\"https:\\\/\\\/kuzeyinsesi.org\\\/index.php\\\/2024\\\/08\\\/02\\\/15-lefkosa-genclik-gunleri-sokak-konseriyle-basladi\\\/#article\",\"isPartOf\":{\"@id\":\"https:\\\/\\\/kuzeyinsesi.org\\\/index.php\\\/2024\\\/08\\\/02\\\/15-lefkosa-genclik-gunleri-sokak-konseriyle-basladi\\\/\"},\"author\":{\"name\":\"Kuzeyin Sesi\",\"@id\":\"https:\\\/\\\/kuzeyinsesi.org\\\/#\\\/schema\\\/person\\\/9f859689cdf01485597712386e37f5aa\"},\"headline\":\"15. Lefko\u015fa Gen\u00e7lik G\u00fcnleri Sokak konseriyle ba\u015flad\u0131\",\"datePublished\":\"2024-08-02T12:35:44+00:00\",\"mainEntityOfPage\":{\"@id\":\"https:\\\/\\\/kuzeyinsesi.org\\\/index.php\\\/2024\\\/08\\\/02\\\/15-lefkosa-genclik-gunleri-sokak-konseriyle-basladi\\\/\"},\"wordCount\":197,\"commentCount\":0,\"image\":{\"@id\":\"https:\\\/\\\/kuzeyinsesi.org\\\/index.php\\\/2024\\\/08\\\/02\\\/15-lefkosa-genclik-gunleri-sokak-konseriyle-basladi\\\/#primaryimage\"},\"thumbnailUrl\":\"https:\\\/\\\/kuzeyinsesi.org\\\/wp-content\\\/uploads\\\/2024\\\/08\\\/agwpodag.jpg\",\"articleSection\":[\"Ya\u015fam\"],\"inLanguage\":\"tr\",\"potentialAction\":[{\"@type\":\"CommentAction\",\"name\":\"Comment\",\"target\":[\"https:\\\/\\\/kuzeyinsesi.org\\\/index.php\\\/2024\\\/08\\\/02\\\/15-lefkosa-genclik-gunleri-sokak-konseriyle-basladi\\\/#respond\"]}]},{\"@type\":\"WebPage\",\"@id\":\"https:\\\/\\\/kuzeyinsesi.org\\\/index.php\\\/2024\\\/08\\\/02\\\/15-lefkosa-genclik-gunleri-sokak-konseriyle-basladi\\\/\",\"url\":\"https:\\\/\\\/kuzeyinsesi.org\\\/index.php\\\/2024\\\/08\\\/02\\\/15-lefkosa-genclik-gunleri-sokak-konseriyle-basladi\\\/\",\"name\":\"15. Lefko\u015fa Gen\u00e7lik G\u00fcnleri Sokak konseriyle ba\u015flad\u0131 - Kuzeyin Sesi\",\"isPartOf\":{\"@id\":\"https:\\\/\\\/kuzeyinsesi.org\\\/#website\"},\"primaryImageOfPage\":{\"@id\":\"https:\\\/\\\/kuzeyinsesi.org\\\/index.php\\\/2024\\\/08\\\/02\\\/15-lefkosa-genclik-gunleri-sokak-konseriyle-basladi\\\/#primaryimage\"},\"image\":{\"@id\":\"https:\\\/\\\/kuzeyinsesi.org\\\/index.php\\\/2024\\\/08\\\/02\\\/15-lefkosa-genclik-gunleri-sokak-konseriyle-basladi\\\/#primaryimage\"},\"thumbnailUrl\":\"https:\\\/\\\/kuzeyinsesi.org\\\/wp-content\\\/uploads\\\/2024\\\/08\\\/agwpodag.jpg\",\"datePublished\":\"2024-08-02T12:35:44+00:00\",\"author\":{\"@id\":\"https:\\\/\\\/kuzeyinsesi.org\\\/#\\\/schema\\\/person\\\/9f859689cdf01485597712386e37f5aa\"},\"breadcrumb\":{\"@id\":\"https:\\\/\\\/kuzeyinsesi.org\\\/index.php\\\/2024\\\/08\\\/02\\\/15-lefkosa-genclik-gunleri-sokak-konseriyle-basladi\\\/#breadcrumb\"},\"inLanguage\":\"tr\",\"potentialAction\":[{\"@type\":\"ReadAction\",\"target\":[\"https:\\\/\\\/kuzeyinsesi.org\\\/index.php\\\/2024\\\/08\\\/02\\\/15-lefkosa-genclik-gunleri-sokak-konseriyle-basladi\\\/\"]}]},{\"@type\":\"ImageObject\",\"inLanguage\":\"tr\",\"@id\":\"https:\\\/\\\/kuzeyinsesi.org\\\/index.php\\\/2024\\\/08\\\/02\\\/15-lefkosa-genclik-gunleri-sokak-konseriyle-basladi\\\/#primaryimage\",\"url\":\"https:\\\/\\\/kuzeyinsesi.org\\\/wp-content\\\/uploads\\\/2024\\\/08\\\/agwpodag.jpg\",\"contentUrl\":\"https:\\\/\\\/kuzeyinsesi.org\\\/wp-content\\\/uploads\\\/2024\\\/08\\\/agwpodag.jpg\",\"width\":1600,\"height\":806},{\"@type\":\"BreadcrumbList\",\"@id\":\"https:\\\/\\\/kuzeyinsesi.org\\\/index.php\\\/2024\\\/08\\\/02\\\/15-lefkosa-genclik-gunleri-sokak-konseriyle-basladi\\\/#breadcrumb\",\"itemListElement\":[{\"@type\":\"ListItem\",\"position\":1,\"name\":\"Anasayfa\",\"item\":\"https:\\\/\\\/kuzeyinsesi.org\\\/\"},{\"@type\":\"ListItem\",\"position\":2,\"name\":\"15. Lefko\u015fa Gen\u00e7lik G\u00fcnleri Sokak konseriyle ba\u015flad\u0131\"}]},{\"@type\":\"WebSite\",\"@id\":\"https:\\\/\\\/kuzeyinsesi.org\\\/#website\",\"url\":\"https:\\\/\\\/kuzeyinsesi.org\\\/\",\"name\":\"Kuzeyin Sesi\",\"description\":\"Do\u011fru Haberin Adresi\",\"potentialAction\":[{\"@type\":\"SearchAction\",\"target\":{\"@type\":\"EntryPoint\",\"urlTemplate\":\"https:\\\/\\\/kuzeyinsesi.org\\\/?s={search_term_string}\"},\"query-input\":{\"@type\":\"PropertyValueSpecification\",\"valueRequired\":true,\"valueName\":\"search_term_string\"}}],\"inLanguage\":\"tr\"},{\"@type\":\"Person\",\"@id\":\"https:\\\/\\\/kuzeyinsesi.org\\\/#\\\/schema\\\/person\\\/9f859689cdf01485597712386e37f5aa\",\"name\":\"Kuzeyin Sesi\",\"image\":{\"@type\":\"ImageObject\",\"inLanguage\":\"tr\",\"@id\":\"https:\\\/\\\/secure.gravatar.com\\\/avatar\\\/bab33852abfd8b282518d6ed81826833d77c3c882d9ab608add591ccace47a44?s=96&d=mm&r=g\",\"url\":\"https:\\\/\\\/secure.gravatar.com\\\/avatar\\\/bab33852abfd8b282518d6ed81826833d77c3c882d9ab608add591ccace47a44?s=96&d=mm&r=g\",\"contentUrl\":\"https:\\\/\\\/secure.gravatar.com\\\/avatar\\\/bab33852abfd8b282518d6ed81826833d77c3c882d9ab608add591ccace47a44?s=96&d=mm&r=g\",\"caption\":\"Kuzeyin Sesi\"},\"sameAs\":[\"https:\\\/\\\/kuzeyinsesi.org\"],\"url\":\"https:\\\/\\\/kuzeyinsesi.org\\\/index.php\\\/author\\\/guven\\\/\"}]}<\/script>\n<!-- \/ Yoast SEO plugin. -->","yoast_head_json":{"title":"15. Lefko\u015fa Gen\u00e7lik G\u00fcnleri Sokak konseriyle ba\u015flad\u0131 - Kuzeyin Sesi","robots":{"index":"index","follow":"follow","max-snippet":"max-snippet:-1","max-image-preview":"max-image-preview:large","max-video-preview":"max-video-preview:-1"},"canonical":"https:\/\/kuzeyinsesi.org\/index.php\/2024\/08\/02\/15-lefkosa-genclik-gunleri-sokak-konseriyle-basladi\/","og_locale":"tr_TR","og_type":"article","og_title":"15. Lefko\u015fa Gen\u00e7lik G\u00fcnleri Sokak konseriyle ba\u015flad\u0131 - Kuzeyin Sesi","og_description":"HASDER Gen\u00e7lik Kul\u00fcb\u00fc, \u201c12 A\u011fustos Uluslararas\u0131 Gen\u00e7lik G\u00fcn\u00fc\u201d nedeniyle etkinlikler d\u00fczenliyor. HASDER\u2019den yap\u0131lan yaz\u0131l\u0131 a\u00e7\u0131klamaya g\u00f6re BM taraf\u0131ndan bu y\u0131l temas\u0131 \u201cS\u00fcrd\u00fcr\u00fclebilir Kalk\u0131nma \u0130\u00e7in Gen\u00e7lerin Dijital Yollar\u0131\u201d olarak belirlenen Gen\u00e7lik G\u00fcnleri d\u00fcn Zahra Sokak\u2019ta d\u00fczenlenen, gen\u00e7 m\u00fczisyenlerin sahne ald\u0131\u011f\u0131 \u201cSokak Konseri\u201d ile ba\u015flad\u0131. K\u00fclt\u00fcr Dairesi\u2019nin katk\u0131lar\u0131yla d\u00fczenlenen etkinlikler kapsam\u0131nda yar\u0131n saat 18.30\u2019da \u201cVelesbitnan Surlari\u00e7i K\u00fclt\u00fcr [&hellip;]","og_url":"https:\/\/kuzeyinsesi.org\/index.php\/2024\/08\/02\/15-lefkosa-genclik-gunleri-sokak-konseriyle-basladi\/","og_site_name":"Kuzeyin Sesi","article_publisher":"https:\/\/www.facebook.com\/kuzeyinsesii","article_published_time":"2024-08-02T12:35:44+00:00","og_image":[{"url":"https:\/\/brtk.net\/wp-content\/uploads\/2024\/08\/02\/agwpodag.jpg?ver=b6bca3896950cdfc9b5b50c6eb72042a","type":"","width":"","height":""}],"author":"Kuzeyin Sesi","twitter_card":"summary_large_image","twitter_creator":"@kuzeyinsesii","twitter_site":"@kuzeyinsesii","twitter_misc":{"Yazan:":"Kuzeyin Sesi","Tahmini okuma s\u00fcresi":"1 dakika"},"schema":{"@context":"https:\/\/schema.org","@graph":[{"@type":"Article","@id":"https:\/\/kuzeyinsesi.org\/index.php\/2024\/08\/02\/15-lefkosa-genclik-gunleri-sokak-konseriyle-basladi\/#article","isPartOf":{"@id":"https:\/\/kuzeyinsesi.org\/index.php\/2024\/08\/02\/15-lefkosa-genclik-gunleri-sokak-konseriyle-basladi\/"},"author":{"name":"Kuzeyin Sesi","@id":"https:\/\/kuzeyinsesi.org\/#\/schema\/person\/9f859689cdf01485597712386e37f5aa"},"headline":"15. Lefko\u015fa Gen\u00e7lik G\u00fcnleri Sokak konseriyle ba\u015flad\u0131","datePublished":"2024-08-02T12:35:44+00:00","mainEntityOfPage":{"@id":"https:\/\/kuzeyinsesi.org\/index.php\/2024\/08\/02\/15-lefkosa-genclik-gunleri-sokak-konseriyle-basladi\/"},"wordCount":197,"commentCount":0,"image":{"@id":"https:\/\/kuzeyinsesi.org\/index.php\/2024\/08\/02\/15-lefkosa-genclik-gunleri-sokak-konseriyle-basladi\/#primaryimage"},"thumbnailUrl":"https:\/\/kuzeyinsesi.org\/wp-content\/uploads\/2024\/08\/agwpodag.jpg","articleSection":["Ya\u015fam"],"inLanguage":"tr","potentialAction":[{"@type":"CommentAction","name":"Comment","target":["https:\/\/kuzeyinsesi.org\/index.php\/2024\/08\/02\/15-lefkosa-genclik-gunleri-sokak-konseriyle-basladi\/#respond"]}]},{"@type":"WebPage","@id":"https:\/\/kuzeyinsesi.org\/index.php\/2024\/08\/02\/15-lefkosa-genclik-gunleri-sokak-konseriyle-basladi\/","url":"https:\/\/kuzeyinsesi.org\/index.php\/2024\/08\/02\/15-lefkosa-genclik-gunleri-sokak-konseriyle-basladi\/","name":"15. Lefko\u015fa Gen\u00e7lik G\u00fcnleri Sokak konseriyle ba\u015flad\u0131 - Kuzeyin Sesi","isPartOf":{"@id":"https:\/\/kuzeyinsesi.org\/#website"},"primaryImageOfPage":{"@id":"https:\/\/kuzeyinsesi.org\/index.php\/2024\/08\/02\/15-lefkosa-genclik-gunleri-sokak-konseriyle-basladi\/#primaryimage"},"image":{"@id":"https:\/\/kuzeyinsesi.org\/index.php\/2024\/08\/02\/15-lefkosa-genclik-gunleri-sokak-konseriyle-basladi\/#primaryimage"},"thumbnailUrl":"https:\/\/kuzeyinsesi.org\/wp-content\/uploads\/2024\/08\/agwpodag.jpg","datePublished":"2024-08-02T12:35:44+00:00","author":{"@id":"https:\/\/kuzeyinsesi.org\/#\/schema\/person\/9f859689cdf01485597712386e37f5aa"},"breadcrumb":{"@id":"https:\/\/kuzeyinsesi.org\/index.php\/2024\/08\/02\/15-lefkosa-genclik-gunleri-sokak-konseriyle-basladi\/#breadcrumb"},"inLanguage":"tr","potentialAction":[{"@type":"ReadAction","target":["https:\/\/kuzeyinsesi.org\/index.php\/2024\/08\/02\/15-lefkosa-genclik-gunleri-sokak-konseriyle-basladi\/"]}]},{"@type":"ImageObject","inLanguage":"tr","@id":"https:\/\/kuzeyinsesi.org\/index.php\/2024\/08\/02\/15-lefkosa-genclik-gunleri-sokak-konseriyle-basladi\/#primaryimage","url":"https:\/\/kuzeyinsesi.org\/wp-content\/uploads\/2024\/08\/agwpodag.jpg","contentUrl":"https:\/\/kuzeyinsesi.org\/wp-content\/uploads\/2024\/08\/agwpodag.jpg","width":1600,"height":806},{"@type":"BreadcrumbList","@id":"https:\/\/kuzeyinsesi.org\/index.php\/2024\/08\/02\/15-lefkosa-genclik-gunleri-sokak-konseriyle-basladi\/#breadcrumb","itemListElement":[{"@type":"ListItem","position":1,"name":"Anasayfa","item":"https:\/\/kuzeyinsesi.org\/"},{"@type":"ListItem","position":2,"name":"15. Lefko\u015fa Gen\u00e7lik G\u00fcnleri Sokak konseriyle ba\u015flad\u0131"}]},{"@type":"WebSite","@id":"https:\/\/kuzeyinsesi.org\/#website","url":"https:\/\/kuzeyinsesi.org\/","name":"Kuzeyin Sesi","description":"Do\u011fru Haberin Adresi","potentialAction":[{"@type":"SearchAction","target":{"@type":"EntryPoint","urlTemplate":"https:\/\/kuzeyinsesi.org\/?s={search_term_string}"},"query-input":{"@type":"PropertyValueSpecification","valueRequired":true,"valueName":"search_term_string"}}],"inLanguage":"tr"},{"@type":"Person","@id":"https:\/\/kuzeyinsesi.org\/#\/schema\/person\/9f859689cdf01485597712386e37f5aa","name":"Kuzeyin Sesi","image":{"@type":"ImageObject","inLanguage":"tr","@id":"https:\/\/secure.gravatar.com\/avatar\/bab33852abfd8b282518d6ed81826833d77c3c882d9ab608add591ccace47a44?s=96&d=mm&r=g","url":"https:\/\/secure.gravatar.com\/avatar\/bab33852abfd8b282518d6ed81826833d77c3c882d9ab608add591ccace47a44?s=96&d=mm&r=g","contentUrl":"https:\/\/secure.gravatar.com\/avatar\/bab33852abfd8b282518d6ed81826833d77c3c882d9ab608add591ccace47a44?s=96&d=mm&r=g","caption":"Kuzeyin Sesi"},"sameAs":["https:\/\/kuzeyinsesi.org"],"url":"https:\/\/kuzeyinsesi.org\/index.php\/author\/guven\/"}]}},"_links":{"self":[{"href":"https:\/\/kuzeyinsesi.org\/index.php\/wp-json\/wp\/v2\/posts\/7371","targetHints":{"allow":["GET"]}}],"collection":[{"href":"https:\/\/kuzeyinsesi.org\/index.php\/wp-json\/wp\/v2\/posts"}],"about":[{"href":"https:\/\/kuzeyinsesi.org\/index.php\/wp-json\/wp\/v2\/types\/post"}],"author":[{"embeddable":true,"href":"https:\/\/kuzeyinsesi.org\/index.php\/wp-json\/wp\/v2\/users\/1"}],"replies":[{"embeddable":true,"href":"https:\/\/kuzeyinsesi.org\/index.php\/wp-json\/wp\/v2\/comments?post=7371"}],"version-history":[{"count":0,"href":"https:\/\/kuzeyinsesi.org\/index.php\/wp-json\/wp\/v2\/posts\/7371\/revisions"}],"wp:featuredmedia":[{"embeddable":true,"href":"https:\/\/kuzeyinsesi.org\/index.php\/wp-json\/wp\/v2\/media\/7372"}],"wp:attachment":[{"href":"https:\/\/kuzeyinsesi.org\/index.php\/wp-json\/wp\/v2\/media?parent=7371"}],"wp:term":[{"taxonomy":"category","embeddable":true,"href":"https:\/\/kuzeyinsesi.org\/index.php\/wp-json\/wp\/v2\/categories?post=7371"},{"taxonomy":"post_tag","embeddable":true,"href":"https:\/\/kuzeyinsesi.org\/index.php\/wp-json\/wp\/v2\/tags?post=7371"}],"curies":[{"name":"wp","href":"https:\/\/api.w.org\/{rel}","templated":true}]}}