{"id":733,"date":"2024-04-27T21:21:51","date_gmt":"2024-04-27T18:21:51","guid":{"rendered":"https:\/\/kuzeyinsesi.com\/index.php\/2024\/04\/27\/isias-davasi-icin-adiyamana-giden-kktc-heyeti-adaya-dondu\/"},"modified":"2024-04-27T21:21:51","modified_gmt":"2024-04-27T18:21:51","slug":"isias-davasi-icin-adiyamana-giden-kktc-heyeti-adaya-dondu","status":"publish","type":"post","link":"https:\/\/kuzeyinsesi.org\/index.php\/2024\/04\/27\/isias-davasi-icin-adiyamana-giden-kktc-heyeti-adaya-dondu\/","title":{"rendered":"\u0130sias Davas\u0131 i\u00e7in Ad\u0131yaman\u2019a giden KKTC heyeti adaya d\u00f6nd\u00fc"},"content":{"rendered":"<div>\n<div class=\"mariselle-image-container center\">\n                                            <\/div>\n<p>\t\u0130sias Davas\u0131\u2019nda ara karar d\u00fcn a\u00e7\u0131kland\u0131\u2026<\/p>\n<p> Ad\u0131yaman\u2019da 3\u2019\u00fcnc\u00fc a\u011f\u0131r ceza mahkemesinde g\u00f6r\u00fclen davada mahkeme, otel sahipleri Ahmet bozkurt, Erdem Y\u0131ld\u0131z ve Mehmet Fatih Bozkurt\u2019un tutukluluk hallerinin devam\u0131na karar verdi. <\/p>\n<p>Mahkeme davac\u0131 taraf\u0131n yeni bir bilirki\u015fi raporu talebini de kabul etti. <\/p>\n<p>Mahkemenin karar\u0131n\u0131 \u00f6nemli bir ad\u0131m olarak niteleyen Ba\u015fbakan \u00dcnal \u00dcstel \u201c3\u2019\u00fcnc\u00fc duru\u015fmada hedefledi\u011fimiz karar\u0131n \u00e7\u0131kaca\u011f\u0131ndan eminim\u201d dedi.  <\/p>\n<p>Bir sonraki duru\u015fma 12 Haziran\u2019da yap\u0131lacak. \u0130sias Davas\u0131 i\u00e7in Ad\u0131yaman\u2019a giden KKTC heyeti  adaya d\u00f6nd\u00fc.<\/p>\n<\/p><\/div>\n<p><script async\n                    defer\n                    crossorigin=\"anonymous\"\n                    src=\"https:\/\/connect.facebook.net\/tr_TR\/sdk.js#xfbml=1&#038;version=v3.3\"\n            ><\/script><\/p>\n","protected":false},"excerpt":{"rendered":"<p>\u0130sias Davas\u0131\u2019nda ara karar d\u00fcn a\u00e7\u0131kland\u0131\u2026 Ad\u0131yaman\u2019da 3\u2019\u00fcnc\u00fc a\u011f\u0131r ceza mahkemesinde g\u00f6r\u00fclen davada mahkeme, otel sahipleri Ahmet bozkurt, Erdem Y\u0131ld\u0131z ve Mehmet Fatih Bozkurt\u2019un tutukluluk hallerinin devam\u0131na karar verdi. Mahkeme davac\u0131 taraf\u0131n yeni bir bilirki\u015fi raporu talebini de kabul etti. Mahkemenin karar\u0131n\u0131 \u00f6nemli bir ad\u0131m olarak niteleyen Ba\u015fbakan \u00dcnal \u00dcstel \u201c3\u2019\u00fcnc\u00fc duru\u015fmada hedefledi\u011fimiz karar\u0131n \u00e7\u0131kaca\u011f\u0131ndan [&hellip;]<\/p>\n","protected":false},"author":1,"featured_media":734,"comment_status":"open","ping_status":"open","sticky":false,"template":"","format":"standard","meta":{"jnews-multi-image_gallery":[],"jnews_single_post":[],"jnews_primary_category":[],"jnews_social_meta":[],"jnews_override_counter":[],"footnotes":""},"categories":[1],"tags":[],"class_list":["post-733","post","type-post","status-publish","format-standard","has-post-thumbnail","hentry","category-kibris"],"yoast_head":"<!-- This site is optimized with the Yoast SEO plugin v27.4 - https:\/\/yoast.com\/product\/yoast-seo-wordpress\/ -->\n<title>\u0130sias Davas\u0131 i\u00e7in Ad\u0131yaman\u2019a giden KKTC heyeti adaya d\u00f6nd\u00fc - Kuzeyin Sesi<\/title>\n<meta name=\"robots\" content=\"index, follow, max-snippet:-1, max-image-preview:large, max-video-preview:-1\" \/>\n<link rel=\"canonical\" href=\"https:\/\/kuzeyinsesi.org\/index.php\/2024\/04\/27\/isias-davasi-icin-adiyamana-giden-kktc-heyeti-adaya-dondu\/\" \/>\n<meta property=\"og:locale\" content=\"tr_TR\" \/>\n<meta property=\"og:type\" content=\"article\" \/>\n<meta property=\"og:title\" content=\"\u0130sias Davas\u0131 i\u00e7in Ad\u0131yaman\u2019a giden KKTC heyeti adaya d\u00f6nd\u00fc - Kuzeyin Sesi\" \/>\n<meta property=\"og:description\" content=\"\u0130sias Davas\u0131\u2019nda ara karar d\u00fcn a\u00e7\u0131kland\u0131\u2026 Ad\u0131yaman\u2019da 3\u2019\u00fcnc\u00fc a\u011f\u0131r ceza mahkemesinde g\u00f6r\u00fclen davada mahkeme, otel sahipleri Ahmet bozkurt, Erdem Y\u0131ld\u0131z ve Mehmet Fatih Bozkurt\u2019un tutukluluk hallerinin devam\u0131na karar verdi. Mahkeme davac\u0131 taraf\u0131n yeni bir bilirki\u015fi raporu talebini de kabul etti. Mahkemenin karar\u0131n\u0131 \u00f6nemli bir ad\u0131m olarak niteleyen Ba\u015fbakan \u00dcnal \u00dcstel \u201c3\u2019\u00fcnc\u00fc duru\u015fmada hedefledi\u011fimiz karar\u0131n \u00e7\u0131kaca\u011f\u0131ndan [&hellip;]\" \/>\n<meta property=\"og:url\" content=\"https:\/\/kuzeyinsesi.org\/index.php\/2024\/04\/27\/isias-davasi-icin-adiyamana-giden-kktc-heyeti-adaya-dondu\/\" \/>\n<meta property=\"og:site_name\" content=\"Kuzeyin Sesi\" \/>\n<meta property=\"article:publisher\" content=\"https:\/\/www.facebook.com\/kuzeyinsesii\" \/>\n<meta property=\"article:published_time\" content=\"2024-04-27T18:21:51+00:00\" \/>\n<meta property=\"og:image\" content=\"https:\/\/kuzeyinsesi.org\/wp-content\/uploads\/2024\/04\/92a881de-cdc0-4bd6-ac38-0184d599ce56.jpg\" \/>\n\t<meta property=\"og:image:width\" content=\"2045\" \/>\n\t<meta property=\"og:image:height\" content=\"942\" \/>\n\t<meta property=\"og:image:type\" content=\"image\/jpeg\" \/>\n<meta name=\"author\" content=\"Kuzeyin Sesi\" \/>\n<meta name=\"twitter:card\" content=\"summary_large_image\" \/>\n<meta name=\"twitter:creator\" content=\"@kuzeyinsesii\" \/>\n<meta name=\"twitter:site\" content=\"@kuzeyinsesii\" \/>\n<meta name=\"twitter:label1\" content=\"Yazan:\" \/>\n\t<meta name=\"twitter:data1\" content=\"Kuzeyin Sesi\" \/>\n<script type=\"application\/ld+json\" class=\"yoast-schema-graph\">{\"@context\":\"https:\\\/\\\/schema.org\",\"@graph\":[{\"@type\":\"Article\",\"@id\":\"https:\\\/\\\/kuzeyinsesi.org\\\/index.php\\\/2024\\\/04\\\/27\\\/isias-davasi-icin-adiyamana-giden-kktc-heyeti-adaya-dondu\\\/#article\",\"isPartOf\":{\"@id\":\"https:\\\/\\\/kuzeyinsesi.org\\\/index.php\\\/2024\\\/04\\\/27\\\/isias-davasi-icin-adiyamana-giden-kktc-heyeti-adaya-dondu\\\/\"},\"author\":{\"name\":\"Kuzeyin Sesi\",\"@id\":\"https:\\\/\\\/kuzeyinsesi.org\\\/#\\\/schema\\\/person\\\/9f859689cdf01485597712386e37f5aa\"},\"headline\":\"\u0130sias Davas\u0131 i\u00e7in Ad\u0131yaman\u2019a giden KKTC heyeti adaya d\u00f6nd\u00fc\",\"datePublished\":\"2024-04-27T18:21:51+00:00\",\"mainEntityOfPage\":{\"@id\":\"https:\\\/\\\/kuzeyinsesi.org\\\/index.php\\\/2024\\\/04\\\/27\\\/isias-davasi-icin-adiyamana-giden-kktc-heyeti-adaya-dondu\\\/\"},\"wordCount\":112,\"commentCount\":0,\"image\":{\"@id\":\"https:\\\/\\\/kuzeyinsesi.org\\\/index.php\\\/2024\\\/04\\\/27\\\/isias-davasi-icin-adiyamana-giden-kktc-heyeti-adaya-dondu\\\/#primaryimage\"},\"thumbnailUrl\":\"https:\\\/\\\/kuzeyinsesi.org\\\/wp-content\\\/uploads\\\/2024\\\/04\\\/92a881de-cdc0-4bd6-ac38-0184d599ce56.jpg\",\"articleSection\":[\"K\u0131br\u0131s\"],\"inLanguage\":\"tr\",\"potentialAction\":[{\"@type\":\"CommentAction\",\"name\":\"Comment\",\"target\":[\"https:\\\/\\\/kuzeyinsesi.org\\\/index.php\\\/2024\\\/04\\\/27\\\/isias-davasi-icin-adiyamana-giden-kktc-heyeti-adaya-dondu\\\/#respond\"]}]},{\"@type\":\"WebPage\",\"@id\":\"https:\\\/\\\/kuzeyinsesi.org\\\/index.php\\\/2024\\\/04\\\/27\\\/isias-davasi-icin-adiyamana-giden-kktc-heyeti-adaya-dondu\\\/\",\"url\":\"https:\\\/\\\/kuzeyinsesi.org\\\/index.php\\\/2024\\\/04\\\/27\\\/isias-davasi-icin-adiyamana-giden-kktc-heyeti-adaya-dondu\\\/\",\"name\":\"\u0130sias Davas\u0131 i\u00e7in Ad\u0131yaman\u2019a giden KKTC heyeti adaya d\u00f6nd\u00fc - Kuzeyin Sesi\",\"isPartOf\":{\"@id\":\"https:\\\/\\\/kuzeyinsesi.org\\\/#website\"},\"primaryImageOfPage\":{\"@id\":\"https:\\\/\\\/kuzeyinsesi.org\\\/index.php\\\/2024\\\/04\\\/27\\\/isias-davasi-icin-adiyamana-giden-kktc-heyeti-adaya-dondu\\\/#primaryimage\"},\"image\":{\"@id\":\"https:\\\/\\\/kuzeyinsesi.org\\\/index.php\\\/2024\\\/04\\\/27\\\/isias-davasi-icin-adiyamana-giden-kktc-heyeti-adaya-dondu\\\/#primaryimage\"},\"thumbnailUrl\":\"https:\\\/\\\/kuzeyinsesi.org\\\/wp-content\\\/uploads\\\/2024\\\/04\\\/92a881de-cdc0-4bd6-ac38-0184d599ce56.jpg\",\"datePublished\":\"2024-04-27T18:21:51+00:00\",\"author\":{\"@id\":\"https:\\\/\\\/kuzeyinsesi.org\\\/#\\\/schema\\\/person\\\/9f859689cdf01485597712386e37f5aa\"},\"breadcrumb\":{\"@id\":\"https:\\\/\\\/kuzeyinsesi.org\\\/index.php\\\/2024\\\/04\\\/27\\\/isias-davasi-icin-adiyamana-giden-kktc-heyeti-adaya-dondu\\\/#breadcrumb\"},\"inLanguage\":\"tr\",\"potentialAction\":[{\"@type\":\"ReadAction\",\"target\":[\"https:\\\/\\\/kuzeyinsesi.org\\\/index.php\\\/2024\\\/04\\\/27\\\/isias-davasi-icin-adiyamana-giden-kktc-heyeti-adaya-dondu\\\/\"]}]},{\"@type\":\"ImageObject\",\"inLanguage\":\"tr\",\"@id\":\"https:\\\/\\\/kuzeyinsesi.org\\\/index.php\\\/2024\\\/04\\\/27\\\/isias-davasi-icin-adiyamana-giden-kktc-heyeti-adaya-dondu\\\/#primaryimage\",\"url\":\"https:\\\/\\\/kuzeyinsesi.org\\\/wp-content\\\/uploads\\\/2024\\\/04\\\/92a881de-cdc0-4bd6-ac38-0184d599ce56.jpg\",\"contentUrl\":\"https:\\\/\\\/kuzeyinsesi.org\\\/wp-content\\\/uploads\\\/2024\\\/04\\\/92a881de-cdc0-4bd6-ac38-0184d599ce56.jpg\",\"width\":2045,\"height\":942},{\"@type\":\"BreadcrumbList\",\"@id\":\"https:\\\/\\\/kuzeyinsesi.org\\\/index.php\\\/2024\\\/04\\\/27\\\/isias-davasi-icin-adiyamana-giden-kktc-heyeti-adaya-dondu\\\/#breadcrumb\",\"itemListElement\":[{\"@type\":\"ListItem\",\"position\":1,\"name\":\"Anasayfa\",\"item\":\"https:\\\/\\\/kuzeyinsesi.org\\\/\"},{\"@type\":\"ListItem\",\"position\":2,\"name\":\"\u0130sias Davas\u0131 i\u00e7in Ad\u0131yaman\u2019a giden KKTC heyeti adaya d\u00f6nd\u00fc\"}]},{\"@type\":\"WebSite\",\"@id\":\"https:\\\/\\\/kuzeyinsesi.org\\\/#website\",\"url\":\"https:\\\/\\\/kuzeyinsesi.org\\\/\",\"name\":\"Kuzeyin Sesi\",\"description\":\"Do\u011fru Haberin Adresi\",\"potentialAction\":[{\"@type\":\"SearchAction\",\"target\":{\"@type\":\"EntryPoint\",\"urlTemplate\":\"https:\\\/\\\/kuzeyinsesi.org\\\/?s={search_term_string}\"},\"query-input\":{\"@type\":\"PropertyValueSpecification\",\"valueRequired\":true,\"valueName\":\"search_term_string\"}}],\"inLanguage\":\"tr\"},{\"@type\":\"Person\",\"@id\":\"https:\\\/\\\/kuzeyinsesi.org\\\/#\\\/schema\\\/person\\\/9f859689cdf01485597712386e37f5aa\",\"name\":\"Kuzeyin Sesi\",\"image\":{\"@type\":\"ImageObject\",\"inLanguage\":\"tr\",\"@id\":\"https:\\\/\\\/secure.gravatar.com\\\/avatar\\\/bab33852abfd8b282518d6ed81826833d77c3c882d9ab608add591ccace47a44?s=96&d=mm&r=g\",\"url\":\"https:\\\/\\\/secure.gravatar.com\\\/avatar\\\/bab33852abfd8b282518d6ed81826833d77c3c882d9ab608add591ccace47a44?s=96&d=mm&r=g\",\"contentUrl\":\"https:\\\/\\\/secure.gravatar.com\\\/avatar\\\/bab33852abfd8b282518d6ed81826833d77c3c882d9ab608add591ccace47a44?s=96&d=mm&r=g\",\"caption\":\"Kuzeyin Sesi\"},\"sameAs\":[\"https:\\\/\\\/kuzeyinsesi.org\"],\"url\":\"https:\\\/\\\/kuzeyinsesi.org\\\/index.php\\\/author\\\/guven\\\/\"}]}<\/script>\n<!-- \/ Yoast SEO plugin. -->","yoast_head_json":{"title":"\u0130sias Davas\u0131 i\u00e7in Ad\u0131yaman\u2019a giden KKTC heyeti adaya d\u00f6nd\u00fc - Kuzeyin Sesi","robots":{"index":"index","follow":"follow","max-snippet":"max-snippet:-1","max-image-preview":"max-image-preview:large","max-video-preview":"max-video-preview:-1"},"canonical":"https:\/\/kuzeyinsesi.org\/index.php\/2024\/04\/27\/isias-davasi-icin-adiyamana-giden-kktc-heyeti-adaya-dondu\/","og_locale":"tr_TR","og_type":"article","og_title":"\u0130sias Davas\u0131 i\u00e7in Ad\u0131yaman\u2019a giden KKTC heyeti adaya d\u00f6nd\u00fc - Kuzeyin Sesi","og_description":"\u0130sias Davas\u0131\u2019nda ara karar d\u00fcn a\u00e7\u0131kland\u0131\u2026 Ad\u0131yaman\u2019da 3\u2019\u00fcnc\u00fc a\u011f\u0131r ceza mahkemesinde g\u00f6r\u00fclen davada mahkeme, otel sahipleri Ahmet bozkurt, Erdem Y\u0131ld\u0131z ve Mehmet Fatih Bozkurt\u2019un tutukluluk hallerinin devam\u0131na karar verdi. Mahkeme davac\u0131 taraf\u0131n yeni bir bilirki\u015fi raporu talebini de kabul etti. Mahkemenin karar\u0131n\u0131 \u00f6nemli bir ad\u0131m olarak niteleyen Ba\u015fbakan \u00dcnal \u00dcstel \u201c3\u2019\u00fcnc\u00fc duru\u015fmada hedefledi\u011fimiz karar\u0131n \u00e7\u0131kaca\u011f\u0131ndan [&hellip;]","og_url":"https:\/\/kuzeyinsesi.org\/index.php\/2024\/04\/27\/isias-davasi-icin-adiyamana-giden-kktc-heyeti-adaya-dondu\/","og_site_name":"Kuzeyin Sesi","article_publisher":"https:\/\/www.facebook.com\/kuzeyinsesii","article_published_time":"2024-04-27T18:21:51+00:00","og_image":[{"width":2045,"height":942,"url":"https:\/\/kuzeyinsesi.org\/wp-content\/uploads\/2024\/04\/92a881de-cdc0-4bd6-ac38-0184d599ce56.jpg","type":"image\/jpeg"}],"author":"Kuzeyin Sesi","twitter_card":"summary_large_image","twitter_creator":"@kuzeyinsesii","twitter_site":"@kuzeyinsesii","twitter_misc":{"Yazan:":"Kuzeyin Sesi"},"schema":{"@context":"https:\/\/schema.org","@graph":[{"@type":"Article","@id":"https:\/\/kuzeyinsesi.org\/index.php\/2024\/04\/27\/isias-davasi-icin-adiyamana-giden-kktc-heyeti-adaya-dondu\/#article","isPartOf":{"@id":"https:\/\/kuzeyinsesi.org\/index.php\/2024\/04\/27\/isias-davasi-icin-adiyamana-giden-kktc-heyeti-adaya-dondu\/"},"author":{"name":"Kuzeyin Sesi","@id":"https:\/\/kuzeyinsesi.org\/#\/schema\/person\/9f859689cdf01485597712386e37f5aa"},"headline":"\u0130sias Davas\u0131 i\u00e7in Ad\u0131yaman\u2019a giden KKTC heyeti adaya d\u00f6nd\u00fc","datePublished":"2024-04-27T18:21:51+00:00","mainEntityOfPage":{"@id":"https:\/\/kuzeyinsesi.org\/index.php\/2024\/04\/27\/isias-davasi-icin-adiyamana-giden-kktc-heyeti-adaya-dondu\/"},"wordCount":112,"commentCount":0,"image":{"@id":"https:\/\/kuzeyinsesi.org\/index.php\/2024\/04\/27\/isias-davasi-icin-adiyamana-giden-kktc-heyeti-adaya-dondu\/#primaryimage"},"thumbnailUrl":"https:\/\/kuzeyinsesi.org\/wp-content\/uploads\/2024\/04\/92a881de-cdc0-4bd6-ac38-0184d599ce56.jpg","articleSection":["K\u0131br\u0131s"],"inLanguage":"tr","potentialAction":[{"@type":"CommentAction","name":"Comment","target":["https:\/\/kuzeyinsesi.org\/index.php\/2024\/04\/27\/isias-davasi-icin-adiyamana-giden-kktc-heyeti-adaya-dondu\/#respond"]}]},{"@type":"WebPage","@id":"https:\/\/kuzeyinsesi.org\/index.php\/2024\/04\/27\/isias-davasi-icin-adiyamana-giden-kktc-heyeti-adaya-dondu\/","url":"https:\/\/kuzeyinsesi.org\/index.php\/2024\/04\/27\/isias-davasi-icin-adiyamana-giden-kktc-heyeti-adaya-dondu\/","name":"\u0130sias Davas\u0131 i\u00e7in Ad\u0131yaman\u2019a giden KKTC heyeti adaya d\u00f6nd\u00fc - Kuzeyin Sesi","isPartOf":{"@id":"https:\/\/kuzeyinsesi.org\/#website"},"primaryImageOfPage":{"@id":"https:\/\/kuzeyinsesi.org\/index.php\/2024\/04\/27\/isias-davasi-icin-adiyamana-giden-kktc-heyeti-adaya-dondu\/#primaryimage"},"image":{"@id":"https:\/\/kuzeyinsesi.org\/index.php\/2024\/04\/27\/isias-davasi-icin-adiyamana-giden-kktc-heyeti-adaya-dondu\/#primaryimage"},"thumbnailUrl":"https:\/\/kuzeyinsesi.org\/wp-content\/uploads\/2024\/04\/92a881de-cdc0-4bd6-ac38-0184d599ce56.jpg","datePublished":"2024-04-27T18:21:51+00:00","author":{"@id":"https:\/\/kuzeyinsesi.org\/#\/schema\/person\/9f859689cdf01485597712386e37f5aa"},"breadcrumb":{"@id":"https:\/\/kuzeyinsesi.org\/index.php\/2024\/04\/27\/isias-davasi-icin-adiyamana-giden-kktc-heyeti-adaya-dondu\/#breadcrumb"},"inLanguage":"tr","potentialAction":[{"@type":"ReadAction","target":["https:\/\/kuzeyinsesi.org\/index.php\/2024\/04\/27\/isias-davasi-icin-adiyamana-giden-kktc-heyeti-adaya-dondu\/"]}]},{"@type":"ImageObject","inLanguage":"tr","@id":"https:\/\/kuzeyinsesi.org\/index.php\/2024\/04\/27\/isias-davasi-icin-adiyamana-giden-kktc-heyeti-adaya-dondu\/#primaryimage","url":"https:\/\/kuzeyinsesi.org\/wp-content\/uploads\/2024\/04\/92a881de-cdc0-4bd6-ac38-0184d599ce56.jpg","contentUrl":"https:\/\/kuzeyinsesi.org\/wp-content\/uploads\/2024\/04\/92a881de-cdc0-4bd6-ac38-0184d599ce56.jpg","width":2045,"height":942},{"@type":"BreadcrumbList","@id":"https:\/\/kuzeyinsesi.org\/index.php\/2024\/04\/27\/isias-davasi-icin-adiyamana-giden-kktc-heyeti-adaya-dondu\/#breadcrumb","itemListElement":[{"@type":"ListItem","position":1,"name":"Anasayfa","item":"https:\/\/kuzeyinsesi.org\/"},{"@type":"ListItem","position":2,"name":"\u0130sias Davas\u0131 i\u00e7in Ad\u0131yaman\u2019a giden KKTC heyeti adaya d\u00f6nd\u00fc"}]},{"@type":"WebSite","@id":"https:\/\/kuzeyinsesi.org\/#website","url":"https:\/\/kuzeyinsesi.org\/","name":"Kuzeyin Sesi","description":"Do\u011fru Haberin Adresi","potentialAction":[{"@type":"SearchAction","target":{"@type":"EntryPoint","urlTemplate":"https:\/\/kuzeyinsesi.org\/?s={search_term_string}"},"query-input":{"@type":"PropertyValueSpecification","valueRequired":true,"valueName":"search_term_string"}}],"inLanguage":"tr"},{"@type":"Person","@id":"https:\/\/kuzeyinsesi.org\/#\/schema\/person\/9f859689cdf01485597712386e37f5aa","name":"Kuzeyin Sesi","image":{"@type":"ImageObject","inLanguage":"tr","@id":"https:\/\/secure.gravatar.com\/avatar\/bab33852abfd8b282518d6ed81826833d77c3c882d9ab608add591ccace47a44?s=96&d=mm&r=g","url":"https:\/\/secure.gravatar.com\/avatar\/bab33852abfd8b282518d6ed81826833d77c3c882d9ab608add591ccace47a44?s=96&d=mm&r=g","contentUrl":"https:\/\/secure.gravatar.com\/avatar\/bab33852abfd8b282518d6ed81826833d77c3c882d9ab608add591ccace47a44?s=96&d=mm&r=g","caption":"Kuzeyin Sesi"},"sameAs":["https:\/\/kuzeyinsesi.org"],"url":"https:\/\/kuzeyinsesi.org\/index.php\/author\/guven\/"}]}},"_links":{"self":[{"href":"https:\/\/kuzeyinsesi.org\/index.php\/wp-json\/wp\/v2\/posts\/733","targetHints":{"allow":["GET"]}}],"collection":[{"href":"https:\/\/kuzeyinsesi.org\/index.php\/wp-json\/wp\/v2\/posts"}],"about":[{"href":"https:\/\/kuzeyinsesi.org\/index.php\/wp-json\/wp\/v2\/types\/post"}],"author":[{"embeddable":true,"href":"https:\/\/kuzeyinsesi.org\/index.php\/wp-json\/wp\/v2\/users\/1"}],"replies":[{"embeddable":true,"href":"https:\/\/kuzeyinsesi.org\/index.php\/wp-json\/wp\/v2\/comments?post=733"}],"version-history":[{"count":0,"href":"https:\/\/kuzeyinsesi.org\/index.php\/wp-json\/wp\/v2\/posts\/733\/revisions"}],"wp:featuredmedia":[{"embeddable":true,"href":"https:\/\/kuzeyinsesi.org\/index.php\/wp-json\/wp\/v2\/media\/734"}],"wp:attachment":[{"href":"https:\/\/kuzeyinsesi.org\/index.php\/wp-json\/wp\/v2\/media?parent=733"}],"wp:term":[{"taxonomy":"category","embeddable":true,"href":"https:\/\/kuzeyinsesi.org\/index.php\/wp-json\/wp\/v2\/categories?post=733"},{"taxonomy":"post_tag","embeddable":true,"href":"https:\/\/kuzeyinsesi.org\/index.php\/wp-json\/wp\/v2\/tags?post=733"}],"curies":[{"name":"wp","href":"https:\/\/api.w.org\/{rel}","templated":true}]}}