{"id":7322,"date":"2024-08-02T08:28:17","date_gmt":"2024-08-02T05:28:17","guid":{"rendered":"https:\/\/kuzeyinsesi.org\/index.php\/2024\/08\/02\/10-beyarmudu-belediyesi-patates-kultur-sanat-festivali-bu-aksam-basliyor\/"},"modified":"2024-08-02T08:28:17","modified_gmt":"2024-08-02T05:28:17","slug":"10-beyarmudu-belediyesi-patates-kultur-sanat-festivali-bu-aksam-basliyor","status":"publish","type":"post","link":"https:\/\/kuzeyinsesi.org\/index.php\/2024\/08\/02\/10-beyarmudu-belediyesi-patates-kultur-sanat-festivali-bu-aksam-basliyor\/","title":{"rendered":"10. Beyarmudu Belediyesi Patates K\u00fclt\u00fcr Sanat Festivali bu ak\u015fam ba\u015fl\u0131yor"},"content":{"rendered":"<div>\n<p style=\"font-weight: 300;\"><span style=\"font-weight: 300 !important;\"><\/p>\n<div class=\"mariselle-image-container none\">\n                                            <\/div>\n<p><\/span><\/p>\n<p style=\"font-weight: 300;\"><span style=\"font-weight: 300 !important;\">Beyarmudu Belediyesi\u2019nin be\u015f y\u0131l arada sonra 10\u2019uncusu d\u00fczenledi\u011fi \u201cPatates K\u00fclt\u00fcr Sanat Festivali\u201d bu ak\u015fam ba\u015fl\u0131yor.<\/span><\/p>\n<p style=\"font-weight: 300;\"><span style=\"font-weight: 300 !important;\">Festival, saat 19.00\u2019da kortej y\u00fcr\u00fcy\u00fc\u015f\u00fc ile ba\u015flayacak ve\u00a04 g\u00fcn s\u00fcrecek. Festival a\u00e7\u0131l\u0131\u015f t\u00f6reni ise saat 21.00\u2019de ger\u00e7ekle\u015fecek.<\/span><\/p>\n<p style=\"font-weight: 300;\"><span style=\"font-weight: 300 !important;\">Festivalde, bu ak\u015fam Grup Otantik, yar\u0131n Retro \u00c7alg\u0131c\u0131lar\u0131 ve Ayna, 3 A\u011fustos\u2019ta Cem Kafkas \u015fefli\u011finde Beyarmudu Belediyesi TSM Korosu ve Pera, 4 A\u011fustos\u2019ta ise Grup Frekans ve Murat Kekilli konserleri yer alacak.<\/span><\/p>\n<p style=\"font-weight: 300;\"><span style=\"font-weight: 300 !important;\">T\u00fcrkiye, S\u0131rbistan, Karakalpakistan, Polonya, Meksika ve H\u0131rvatistan olmak \u00fczere toplam alt\u0131 \u00fclkeden 190 dans\u00e7\u0131n\u0131n konuk edilece\u011fi 7\u2019nci Uluslararas\u0131 Beyarmudu Halk Danslar\u0131 Festivali ise, 29 Temmuz-2 A\u011fustos tarihleri aras\u0131nda yap\u0131lacak.<\/span><\/p>\n<p>\u00a0<\/p>\n<p>\u00a0<\/p>\n<\/p><\/div>\n<p><script async\n                    defer\n                    crossorigin=\"anonymous\"\n                    src=\"https:\/\/connect.facebook.net\/tr_TR\/sdk.js#xfbml=1&#038;version=v3.3\"\n            ><\/script><\/p>\n","protected":false},"excerpt":{"rendered":"<p>Beyarmudu Belediyesi\u2019nin be\u015f y\u0131l arada sonra 10\u2019uncusu d\u00fczenledi\u011fi \u201cPatates K\u00fclt\u00fcr Sanat Festivali\u201d bu ak\u015fam ba\u015fl\u0131yor. Festival, saat 19.00\u2019da kortej y\u00fcr\u00fcy\u00fc\u015f\u00fc ile ba\u015flayacak ve\u00a04 g\u00fcn s\u00fcrecek. Festival a\u00e7\u0131l\u0131\u015f t\u00f6reni ise saat 21.00\u2019de ger\u00e7ekle\u015fecek. Festivalde, bu ak\u015fam Grup Otantik, yar\u0131n Retro \u00c7alg\u0131c\u0131lar\u0131 ve Ayna, 3 A\u011fustos\u2019ta Cem Kafkas \u015fefli\u011finde Beyarmudu Belediyesi TSM Korosu ve Pera, 4 A\u011fustos\u2019ta [&hellip;]<\/p>\n","protected":false},"author":1,"featured_media":7323,"comment_status":"open","ping_status":"open","sticky":false,"template":"","format":"standard","meta":{"jnews-multi-image_gallery":[],"jnews_single_post":[],"jnews_primary_category":[],"jnews_social_meta":[],"jnews_override_counter":[],"footnotes":""},"categories":[6],"tags":[],"class_list":["post-7322","post","type-post","status-publish","format-standard","has-post-thumbnail","hentry","category-yasam"],"yoast_head":"<!-- This site is optimized with the Yoast SEO plugin v27.5 - https:\/\/yoast.com\/product\/yoast-seo-wordpress\/ -->\n<title>10. Beyarmudu Belediyesi Patates K\u00fclt\u00fcr Sanat Festivali bu ak\u015fam ba\u015fl\u0131yor - Kuzeyin Sesi<\/title>\n<meta name=\"robots\" content=\"index, follow, max-snippet:-1, max-image-preview:large, max-video-preview:-1\" \/>\n<link rel=\"canonical\" href=\"https:\/\/kuzeyinsesi.org\/index.php\/2024\/08\/02\/10-beyarmudu-belediyesi-patates-kultur-sanat-festivali-bu-aksam-basliyor\/\" \/>\n<meta property=\"og:locale\" content=\"tr_TR\" \/>\n<meta property=\"og:type\" content=\"article\" \/>\n<meta property=\"og:title\" content=\"10. Beyarmudu Belediyesi Patates K\u00fclt\u00fcr Sanat Festivali bu ak\u015fam ba\u015fl\u0131yor - Kuzeyin Sesi\" \/>\n<meta property=\"og:description\" content=\"Beyarmudu Belediyesi\u2019nin be\u015f y\u0131l arada sonra 10\u2019uncusu d\u00fczenledi\u011fi \u201cPatates K\u00fclt\u00fcr Sanat Festivali\u201d bu ak\u015fam ba\u015fl\u0131yor. Festival, saat 19.00\u2019da kortej y\u00fcr\u00fcy\u00fc\u015f\u00fc ile ba\u015flayacak ve\u00a04 g\u00fcn s\u00fcrecek. Festival a\u00e7\u0131l\u0131\u015f t\u00f6reni ise saat 21.00\u2019de ger\u00e7ekle\u015fecek. Festivalde, bu ak\u015fam Grup Otantik, yar\u0131n Retro \u00c7alg\u0131c\u0131lar\u0131 ve Ayna, 3 A\u011fustos\u2019ta Cem Kafkas \u015fefli\u011finde Beyarmudu Belediyesi TSM Korosu ve Pera, 4 A\u011fustos\u2019ta [&hellip;]\" \/>\n<meta property=\"og:url\" content=\"https:\/\/kuzeyinsesi.org\/index.php\/2024\/08\/02\/10-beyarmudu-belediyesi-patates-kultur-sanat-festivali-bu-aksam-basliyor\/\" \/>\n<meta property=\"og:site_name\" content=\"Kuzeyin Sesi\" \/>\n<meta property=\"article:publisher\" content=\"https:\/\/www.facebook.com\/kuzeyinsesii\" \/>\n<meta property=\"article:published_time\" content=\"2024-08-02T05:28:17+00:00\" \/>\n<meta property=\"og:image\" content=\"https:\/\/brtk.net\/wp-content\/uploads\/2024\/08\/01\/patates-fest.jpg?ver=b3c5b1d0fb7f234242c6b8e40d0e2a43\" \/>\n<meta name=\"author\" content=\"Kuzeyin Sesi\" \/>\n<meta name=\"twitter:card\" content=\"summary_large_image\" \/>\n<meta name=\"twitter:creator\" content=\"@kuzeyinsesii\" \/>\n<meta name=\"twitter:site\" content=\"@kuzeyinsesii\" \/>\n<meta name=\"twitter:label1\" content=\"Yazan:\" \/>\n\t<meta name=\"twitter:data1\" content=\"Kuzeyin Sesi\" \/>\n\t<meta name=\"twitter:label2\" content=\"Tahmini okuma s\u00fcresi\" \/>\n\t<meta name=\"twitter:data2\" content=\"1 dakika\" \/>\n<script type=\"application\/ld+json\" class=\"yoast-schema-graph\">{\"@context\":\"https:\\\/\\\/schema.org\",\"@graph\":[{\"@type\":\"Article\",\"@id\":\"https:\\\/\\\/kuzeyinsesi.org\\\/index.php\\\/2024\\\/08\\\/02\\\/10-beyarmudu-belediyesi-patates-kultur-sanat-festivali-bu-aksam-basliyor\\\/#article\",\"isPartOf\":{\"@id\":\"https:\\\/\\\/kuzeyinsesi.org\\\/index.php\\\/2024\\\/08\\\/02\\\/10-beyarmudu-belediyesi-patates-kultur-sanat-festivali-bu-aksam-basliyor\\\/\"},\"author\":{\"name\":\"Kuzeyin Sesi\",\"@id\":\"https:\\\/\\\/kuzeyinsesi.org\\\/#\\\/schema\\\/person\\\/9f859689cdf01485597712386e37f5aa\"},\"headline\":\"10. Beyarmudu Belediyesi Patates K\u00fclt\u00fcr Sanat Festivali bu ak\u015fam ba\u015fl\u0131yor\",\"datePublished\":\"2024-08-02T05:28:17+00:00\",\"mainEntityOfPage\":{\"@id\":\"https:\\\/\\\/kuzeyinsesi.org\\\/index.php\\\/2024\\\/08\\\/02\\\/10-beyarmudu-belediyesi-patates-kultur-sanat-festivali-bu-aksam-basliyor\\\/\"},\"wordCount\":139,\"commentCount\":0,\"image\":{\"@id\":\"https:\\\/\\\/kuzeyinsesi.org\\\/index.php\\\/2024\\\/08\\\/02\\\/10-beyarmudu-belediyesi-patates-kultur-sanat-festivali-bu-aksam-basliyor\\\/#primaryimage\"},\"thumbnailUrl\":\"https:\\\/\\\/kuzeyinsesi.org\\\/wp-content\\\/uploads\\\/2024\\\/08\\\/patates-fest.jpg\",\"articleSection\":[\"Ya\u015fam\"],\"inLanguage\":\"tr\",\"potentialAction\":[{\"@type\":\"CommentAction\",\"name\":\"Comment\",\"target\":[\"https:\\\/\\\/kuzeyinsesi.org\\\/index.php\\\/2024\\\/08\\\/02\\\/10-beyarmudu-belediyesi-patates-kultur-sanat-festivali-bu-aksam-basliyor\\\/#respond\"]}]},{\"@type\":\"WebPage\",\"@id\":\"https:\\\/\\\/kuzeyinsesi.org\\\/index.php\\\/2024\\\/08\\\/02\\\/10-beyarmudu-belediyesi-patates-kultur-sanat-festivali-bu-aksam-basliyor\\\/\",\"url\":\"https:\\\/\\\/kuzeyinsesi.org\\\/index.php\\\/2024\\\/08\\\/02\\\/10-beyarmudu-belediyesi-patates-kultur-sanat-festivali-bu-aksam-basliyor\\\/\",\"name\":\"10. Beyarmudu Belediyesi Patates K\u00fclt\u00fcr Sanat Festivali bu ak\u015fam ba\u015fl\u0131yor - Kuzeyin Sesi\",\"isPartOf\":{\"@id\":\"https:\\\/\\\/kuzeyinsesi.org\\\/#website\"},\"primaryImageOfPage\":{\"@id\":\"https:\\\/\\\/kuzeyinsesi.org\\\/index.php\\\/2024\\\/08\\\/02\\\/10-beyarmudu-belediyesi-patates-kultur-sanat-festivali-bu-aksam-basliyor\\\/#primaryimage\"},\"image\":{\"@id\":\"https:\\\/\\\/kuzeyinsesi.org\\\/index.php\\\/2024\\\/08\\\/02\\\/10-beyarmudu-belediyesi-patates-kultur-sanat-festivali-bu-aksam-basliyor\\\/#primaryimage\"},\"thumbnailUrl\":\"https:\\\/\\\/kuzeyinsesi.org\\\/wp-content\\\/uploads\\\/2024\\\/08\\\/patates-fest.jpg\",\"datePublished\":\"2024-08-02T05:28:17+00:00\",\"author\":{\"@id\":\"https:\\\/\\\/kuzeyinsesi.org\\\/#\\\/schema\\\/person\\\/9f859689cdf01485597712386e37f5aa\"},\"breadcrumb\":{\"@id\":\"https:\\\/\\\/kuzeyinsesi.org\\\/index.php\\\/2024\\\/08\\\/02\\\/10-beyarmudu-belediyesi-patates-kultur-sanat-festivali-bu-aksam-basliyor\\\/#breadcrumb\"},\"inLanguage\":\"tr\",\"potentialAction\":[{\"@type\":\"ReadAction\",\"target\":[\"https:\\\/\\\/kuzeyinsesi.org\\\/index.php\\\/2024\\\/08\\\/02\\\/10-beyarmudu-belediyesi-patates-kultur-sanat-festivali-bu-aksam-basliyor\\\/\"]}]},{\"@type\":\"ImageObject\",\"inLanguage\":\"tr\",\"@id\":\"https:\\\/\\\/kuzeyinsesi.org\\\/index.php\\\/2024\\\/08\\\/02\\\/10-beyarmudu-belediyesi-patates-kultur-sanat-festivali-bu-aksam-basliyor\\\/#primaryimage\",\"url\":\"https:\\\/\\\/kuzeyinsesi.org\\\/wp-content\\\/uploads\\\/2024\\\/08\\\/patates-fest.jpg\",\"contentUrl\":\"https:\\\/\\\/kuzeyinsesi.org\\\/wp-content\\\/uploads\\\/2024\\\/08\\\/patates-fest.jpg\",\"width\":1170,\"height\":1630},{\"@type\":\"BreadcrumbList\",\"@id\":\"https:\\\/\\\/kuzeyinsesi.org\\\/index.php\\\/2024\\\/08\\\/02\\\/10-beyarmudu-belediyesi-patates-kultur-sanat-festivali-bu-aksam-basliyor\\\/#breadcrumb\",\"itemListElement\":[{\"@type\":\"ListItem\",\"position\":1,\"name\":\"Anasayfa\",\"item\":\"https:\\\/\\\/kuzeyinsesi.org\\\/\"},{\"@type\":\"ListItem\",\"position\":2,\"name\":\"10. Beyarmudu Belediyesi Patates K\u00fclt\u00fcr Sanat Festivali bu ak\u015fam ba\u015fl\u0131yor\"}]},{\"@type\":\"WebSite\",\"@id\":\"https:\\\/\\\/kuzeyinsesi.org\\\/#website\",\"url\":\"https:\\\/\\\/kuzeyinsesi.org\\\/\",\"name\":\"Kuzeyin Sesi\",\"description\":\"Do\u011fru Haberin Adresi\",\"potentialAction\":[{\"@type\":\"SearchAction\",\"target\":{\"@type\":\"EntryPoint\",\"urlTemplate\":\"https:\\\/\\\/kuzeyinsesi.org\\\/?s={search_term_string}\"},\"query-input\":{\"@type\":\"PropertyValueSpecification\",\"valueRequired\":true,\"valueName\":\"search_term_string\"}}],\"inLanguage\":\"tr\"},{\"@type\":\"Person\",\"@id\":\"https:\\\/\\\/kuzeyinsesi.org\\\/#\\\/schema\\\/person\\\/9f859689cdf01485597712386e37f5aa\",\"name\":\"Kuzeyin Sesi\",\"image\":{\"@type\":\"ImageObject\",\"inLanguage\":\"tr\",\"@id\":\"https:\\\/\\\/secure.gravatar.com\\\/avatar\\\/bab33852abfd8b282518d6ed81826833d77c3c882d9ab608add591ccace47a44?s=96&d=mm&r=g\",\"url\":\"https:\\\/\\\/secure.gravatar.com\\\/avatar\\\/bab33852abfd8b282518d6ed81826833d77c3c882d9ab608add591ccace47a44?s=96&d=mm&r=g\",\"contentUrl\":\"https:\\\/\\\/secure.gravatar.com\\\/avatar\\\/bab33852abfd8b282518d6ed81826833d77c3c882d9ab608add591ccace47a44?s=96&d=mm&r=g\",\"caption\":\"Kuzeyin Sesi\"},\"sameAs\":[\"https:\\\/\\\/kuzeyinsesi.org\"],\"url\":\"https:\\\/\\\/kuzeyinsesi.org\\\/index.php\\\/author\\\/guven\\\/\"}]}<\/script>\n<!-- \/ Yoast SEO plugin. -->","yoast_head_json":{"title":"10. Beyarmudu Belediyesi Patates K\u00fclt\u00fcr Sanat Festivali bu ak\u015fam ba\u015fl\u0131yor - Kuzeyin Sesi","robots":{"index":"index","follow":"follow","max-snippet":"max-snippet:-1","max-image-preview":"max-image-preview:large","max-video-preview":"max-video-preview:-1"},"canonical":"https:\/\/kuzeyinsesi.org\/index.php\/2024\/08\/02\/10-beyarmudu-belediyesi-patates-kultur-sanat-festivali-bu-aksam-basliyor\/","og_locale":"tr_TR","og_type":"article","og_title":"10. Beyarmudu Belediyesi Patates K\u00fclt\u00fcr Sanat Festivali bu ak\u015fam ba\u015fl\u0131yor - Kuzeyin Sesi","og_description":"Beyarmudu Belediyesi\u2019nin be\u015f y\u0131l arada sonra 10\u2019uncusu d\u00fczenledi\u011fi \u201cPatates K\u00fclt\u00fcr Sanat Festivali\u201d bu ak\u015fam ba\u015fl\u0131yor. Festival, saat 19.00\u2019da kortej y\u00fcr\u00fcy\u00fc\u015f\u00fc ile ba\u015flayacak ve\u00a04 g\u00fcn s\u00fcrecek. Festival a\u00e7\u0131l\u0131\u015f t\u00f6reni ise saat 21.00\u2019de ger\u00e7ekle\u015fecek. Festivalde, bu ak\u015fam Grup Otantik, yar\u0131n Retro \u00c7alg\u0131c\u0131lar\u0131 ve Ayna, 3 A\u011fustos\u2019ta Cem Kafkas \u015fefli\u011finde Beyarmudu Belediyesi TSM Korosu ve Pera, 4 A\u011fustos\u2019ta [&hellip;]","og_url":"https:\/\/kuzeyinsesi.org\/index.php\/2024\/08\/02\/10-beyarmudu-belediyesi-patates-kultur-sanat-festivali-bu-aksam-basliyor\/","og_site_name":"Kuzeyin Sesi","article_publisher":"https:\/\/www.facebook.com\/kuzeyinsesii","article_published_time":"2024-08-02T05:28:17+00:00","og_image":[{"url":"https:\/\/brtk.net\/wp-content\/uploads\/2024\/08\/01\/patates-fest.jpg?ver=b3c5b1d0fb7f234242c6b8e40d0e2a43","type":"","width":"","height":""}],"author":"Kuzeyin Sesi","twitter_card":"summary_large_image","twitter_creator":"@kuzeyinsesii","twitter_site":"@kuzeyinsesii","twitter_misc":{"Yazan:":"Kuzeyin Sesi","Tahmini okuma s\u00fcresi":"1 dakika"},"schema":{"@context":"https:\/\/schema.org","@graph":[{"@type":"Article","@id":"https:\/\/kuzeyinsesi.org\/index.php\/2024\/08\/02\/10-beyarmudu-belediyesi-patates-kultur-sanat-festivali-bu-aksam-basliyor\/#article","isPartOf":{"@id":"https:\/\/kuzeyinsesi.org\/index.php\/2024\/08\/02\/10-beyarmudu-belediyesi-patates-kultur-sanat-festivali-bu-aksam-basliyor\/"},"author":{"name":"Kuzeyin Sesi","@id":"https:\/\/kuzeyinsesi.org\/#\/schema\/person\/9f859689cdf01485597712386e37f5aa"},"headline":"10. Beyarmudu Belediyesi Patates K\u00fclt\u00fcr Sanat Festivali bu ak\u015fam ba\u015fl\u0131yor","datePublished":"2024-08-02T05:28:17+00:00","mainEntityOfPage":{"@id":"https:\/\/kuzeyinsesi.org\/index.php\/2024\/08\/02\/10-beyarmudu-belediyesi-patates-kultur-sanat-festivali-bu-aksam-basliyor\/"},"wordCount":139,"commentCount":0,"image":{"@id":"https:\/\/kuzeyinsesi.org\/index.php\/2024\/08\/02\/10-beyarmudu-belediyesi-patates-kultur-sanat-festivali-bu-aksam-basliyor\/#primaryimage"},"thumbnailUrl":"https:\/\/kuzeyinsesi.org\/wp-content\/uploads\/2024\/08\/patates-fest.jpg","articleSection":["Ya\u015fam"],"inLanguage":"tr","potentialAction":[{"@type":"CommentAction","name":"Comment","target":["https:\/\/kuzeyinsesi.org\/index.php\/2024\/08\/02\/10-beyarmudu-belediyesi-patates-kultur-sanat-festivali-bu-aksam-basliyor\/#respond"]}]},{"@type":"WebPage","@id":"https:\/\/kuzeyinsesi.org\/index.php\/2024\/08\/02\/10-beyarmudu-belediyesi-patates-kultur-sanat-festivali-bu-aksam-basliyor\/","url":"https:\/\/kuzeyinsesi.org\/index.php\/2024\/08\/02\/10-beyarmudu-belediyesi-patates-kultur-sanat-festivali-bu-aksam-basliyor\/","name":"10. Beyarmudu Belediyesi Patates K\u00fclt\u00fcr Sanat Festivali bu ak\u015fam ba\u015fl\u0131yor - Kuzeyin Sesi","isPartOf":{"@id":"https:\/\/kuzeyinsesi.org\/#website"},"primaryImageOfPage":{"@id":"https:\/\/kuzeyinsesi.org\/index.php\/2024\/08\/02\/10-beyarmudu-belediyesi-patates-kultur-sanat-festivali-bu-aksam-basliyor\/#primaryimage"},"image":{"@id":"https:\/\/kuzeyinsesi.org\/index.php\/2024\/08\/02\/10-beyarmudu-belediyesi-patates-kultur-sanat-festivali-bu-aksam-basliyor\/#primaryimage"},"thumbnailUrl":"https:\/\/kuzeyinsesi.org\/wp-content\/uploads\/2024\/08\/patates-fest.jpg","datePublished":"2024-08-02T05:28:17+00:00","author":{"@id":"https:\/\/kuzeyinsesi.org\/#\/schema\/person\/9f859689cdf01485597712386e37f5aa"},"breadcrumb":{"@id":"https:\/\/kuzeyinsesi.org\/index.php\/2024\/08\/02\/10-beyarmudu-belediyesi-patates-kultur-sanat-festivali-bu-aksam-basliyor\/#breadcrumb"},"inLanguage":"tr","potentialAction":[{"@type":"ReadAction","target":["https:\/\/kuzeyinsesi.org\/index.php\/2024\/08\/02\/10-beyarmudu-belediyesi-patates-kultur-sanat-festivali-bu-aksam-basliyor\/"]}]},{"@type":"ImageObject","inLanguage":"tr","@id":"https:\/\/kuzeyinsesi.org\/index.php\/2024\/08\/02\/10-beyarmudu-belediyesi-patates-kultur-sanat-festivali-bu-aksam-basliyor\/#primaryimage","url":"https:\/\/kuzeyinsesi.org\/wp-content\/uploads\/2024\/08\/patates-fest.jpg","contentUrl":"https:\/\/kuzeyinsesi.org\/wp-content\/uploads\/2024\/08\/patates-fest.jpg","width":1170,"height":1630},{"@type":"BreadcrumbList","@id":"https:\/\/kuzeyinsesi.org\/index.php\/2024\/08\/02\/10-beyarmudu-belediyesi-patates-kultur-sanat-festivali-bu-aksam-basliyor\/#breadcrumb","itemListElement":[{"@type":"ListItem","position":1,"name":"Anasayfa","item":"https:\/\/kuzeyinsesi.org\/"},{"@type":"ListItem","position":2,"name":"10. Beyarmudu Belediyesi Patates K\u00fclt\u00fcr Sanat Festivali bu ak\u015fam ba\u015fl\u0131yor"}]},{"@type":"WebSite","@id":"https:\/\/kuzeyinsesi.org\/#website","url":"https:\/\/kuzeyinsesi.org\/","name":"Kuzeyin Sesi","description":"Do\u011fru Haberin Adresi","potentialAction":[{"@type":"SearchAction","target":{"@type":"EntryPoint","urlTemplate":"https:\/\/kuzeyinsesi.org\/?s={search_term_string}"},"query-input":{"@type":"PropertyValueSpecification","valueRequired":true,"valueName":"search_term_string"}}],"inLanguage":"tr"},{"@type":"Person","@id":"https:\/\/kuzeyinsesi.org\/#\/schema\/person\/9f859689cdf01485597712386e37f5aa","name":"Kuzeyin Sesi","image":{"@type":"ImageObject","inLanguage":"tr","@id":"https:\/\/secure.gravatar.com\/avatar\/bab33852abfd8b282518d6ed81826833d77c3c882d9ab608add591ccace47a44?s=96&d=mm&r=g","url":"https:\/\/secure.gravatar.com\/avatar\/bab33852abfd8b282518d6ed81826833d77c3c882d9ab608add591ccace47a44?s=96&d=mm&r=g","contentUrl":"https:\/\/secure.gravatar.com\/avatar\/bab33852abfd8b282518d6ed81826833d77c3c882d9ab608add591ccace47a44?s=96&d=mm&r=g","caption":"Kuzeyin Sesi"},"sameAs":["https:\/\/kuzeyinsesi.org"],"url":"https:\/\/kuzeyinsesi.org\/index.php\/author\/guven\/"}]}},"_links":{"self":[{"href":"https:\/\/kuzeyinsesi.org\/index.php\/wp-json\/wp\/v2\/posts\/7322","targetHints":{"allow":["GET"]}}],"collection":[{"href":"https:\/\/kuzeyinsesi.org\/index.php\/wp-json\/wp\/v2\/posts"}],"about":[{"href":"https:\/\/kuzeyinsesi.org\/index.php\/wp-json\/wp\/v2\/types\/post"}],"author":[{"embeddable":true,"href":"https:\/\/kuzeyinsesi.org\/index.php\/wp-json\/wp\/v2\/users\/1"}],"replies":[{"embeddable":true,"href":"https:\/\/kuzeyinsesi.org\/index.php\/wp-json\/wp\/v2\/comments?post=7322"}],"version-history":[{"count":0,"href":"https:\/\/kuzeyinsesi.org\/index.php\/wp-json\/wp\/v2\/posts\/7322\/revisions"}],"wp:featuredmedia":[{"embeddable":true,"href":"https:\/\/kuzeyinsesi.org\/index.php\/wp-json\/wp\/v2\/media\/7323"}],"wp:attachment":[{"href":"https:\/\/kuzeyinsesi.org\/index.php\/wp-json\/wp\/v2\/media?parent=7322"}],"wp:term":[{"taxonomy":"category","embeddable":true,"href":"https:\/\/kuzeyinsesi.org\/index.php\/wp-json\/wp\/v2\/categories?post=7322"},{"taxonomy":"post_tag","embeddable":true,"href":"https:\/\/kuzeyinsesi.org\/index.php\/wp-json\/wp\/v2\/tags?post=7322"}],"curies":[{"name":"wp","href":"https:\/\/api.w.org\/{rel}","templated":true}]}}