{"id":7288,"date":"2024-08-01T12:31:15","date_gmt":"2024-08-01T09:31:15","guid":{"rendered":"https:\/\/kuzeyinsesi.org\/index.php\/2024\/08\/01\/her-sey-bu-vatan-icin-adli-tiyatro-oyunu-gazimagusada-sahnelendi\/"},"modified":"2024-08-01T12:31:15","modified_gmt":"2024-08-01T09:31:15","slug":"her-sey-bu-vatan-icin-adli-tiyatro-oyunu-gazimagusada-sahnelendi","status":"publish","type":"post","link":"https:\/\/kuzeyinsesi.org\/index.php\/2024\/08\/01\/her-sey-bu-vatan-icin-adli-tiyatro-oyunu-gazimagusada-sahnelendi\/","title":{"rendered":"\u201cHer \u015eey Bu Vatan \u0130\u00e7in\u201d adl\u0131 tiyatro oyunu Gazima\u011fusa\u2019da sahnelendi"},"content":{"rendered":"<div>\n<div class=\"mariselle-image-container center\">\n                                            <\/div>\n<p>Merhum \u00dcner Ulutu\u011f taraf\u0131ndan yaz\u0131lan \u201cHer \u015eey Bu Vatan \u0130\u00e7in\u201d tiyatro oyunu, Gazima\u011fusa Rauf Raif Denkta\u015f K\u00fclt\u00fcr ve Kongre Saray\u0131\u2019nda sahnelendi. <\/p>\n<p>K\u0131br\u0131s Bar\u0131\u015f Harekat\u0131\u2019n\u0131n 50\u2019nci y\u0131l\u0131 dolay\u0131s\u0131yla, T\u00fcrkiye\u2019nin Lefko\u015fa B\u00fcy\u00fckel\u00e7ili\u011fi himayelerinde TC Gen\u00e7lik ve Spor Bakanl\u0131\u011f\u0131, Lefko\u015fa Yunus Emre Enstit\u00fcs\u00fc ve Damla Derne\u011fi i\u015f birliklerinde sahnelenen oyun b\u00fcy\u00fck be\u011feni toplad\u0131\u2026<\/p>\n<p>Oyunu Cumhurba\u015fkan\u0131 Ersin Tatar, Cumhuriyet Meclisi Ba\u015fkan\u0131 Zorlu T\u00f6re, \u00fcst d\u00fczey protokol ve halk izledi. <\/p>\n<p>Tiyatro sanat\u00e7\u0131s\u0131 \u0130lke Suzuslu, y\u00f6netmenli\u011fini yapt\u0131\u011f\u0131 oyun hakk\u0131nda k\u0131sa bir bilgi verdikten sonra oyun sahnelendi. <\/p>\n<p>Amat\u00f6r oyuncular\u0131n rol ald\u0131\u011f\u0131 oyunda; d\u00fc\u015fman taraf\u0131ndan esir al\u0131n\u0131p bir h\u00fccreye hapsedilerek \u00e7e\u015fitli i\u015fkencelere maruz kalan baz\u0131 K\u0131br\u0131s T\u00fcrklerinin ya\u015fad\u0131\u011f\u0131 ac\u0131lar ile \u00f6zg\u00fcrl\u00fck \u00e7abalar\u0131 ve o\u011flunu vatan u\u011fruna feda eden bir baban\u0131n hayat\u0131 anlat\u0131l\u0131yor.<\/p>\n<\/p><\/div>\n<p><script async\n                    defer\n                    crossorigin=\"anonymous\"\n                    src=\"https:\/\/connect.facebook.net\/tr_TR\/sdk.js#xfbml=1&#038;version=v3.3\"\n            ><\/script><\/p>\n","protected":false},"excerpt":{"rendered":"<p>Merhum \u00dcner Ulutu\u011f taraf\u0131ndan yaz\u0131lan \u201cHer \u015eey Bu Vatan \u0130\u00e7in\u201d tiyatro oyunu, Gazima\u011fusa Rauf Raif Denkta\u015f K\u00fclt\u00fcr ve Kongre Saray\u0131\u2019nda sahnelendi. K\u0131br\u0131s Bar\u0131\u015f Harekat\u0131\u2019n\u0131n 50\u2019nci y\u0131l\u0131 dolay\u0131s\u0131yla, T\u00fcrkiye\u2019nin Lefko\u015fa B\u00fcy\u00fckel\u00e7ili\u011fi himayelerinde TC Gen\u00e7lik ve Spor Bakanl\u0131\u011f\u0131, Lefko\u015fa Yunus Emre Enstit\u00fcs\u00fc ve Damla Derne\u011fi i\u015f birliklerinde sahnelenen oyun b\u00fcy\u00fck be\u011feni toplad\u0131\u2026 Oyunu Cumhurba\u015fkan\u0131 Ersin Tatar, Cumhuriyet [&hellip;]<\/p>\n","protected":false},"author":1,"featured_media":7289,"comment_status":"open","ping_status":"open","sticky":false,"template":"","format":"standard","meta":{"jnews-multi-image_gallery":[],"jnews_single_post":[],"jnews_primary_category":[],"jnews_social_meta":[],"jnews_override_counter":[],"footnotes":""},"categories":[6],"tags":[],"class_list":["post-7288","post","type-post","status-publish","format-standard","has-post-thumbnail","hentry","category-yasam"],"yoast_head":"<!-- This site is optimized with the Yoast SEO plugin v27.5 - https:\/\/yoast.com\/product\/yoast-seo-wordpress\/ -->\n<title>\u201cHer \u015eey Bu Vatan \u0130\u00e7in\u201d adl\u0131 tiyatro oyunu Gazima\u011fusa\u2019da sahnelendi - Kuzeyin Sesi<\/title>\n<meta name=\"robots\" content=\"index, follow, max-snippet:-1, max-image-preview:large, max-video-preview:-1\" \/>\n<link rel=\"canonical\" href=\"https:\/\/kuzeyinsesi.org\/index.php\/2024\/08\/01\/her-sey-bu-vatan-icin-adli-tiyatro-oyunu-gazimagusada-sahnelendi\/\" \/>\n<meta property=\"og:locale\" content=\"tr_TR\" \/>\n<meta property=\"og:type\" content=\"article\" \/>\n<meta property=\"og:title\" content=\"\u201cHer \u015eey Bu Vatan \u0130\u00e7in\u201d adl\u0131 tiyatro oyunu Gazima\u011fusa\u2019da sahnelendi - Kuzeyin Sesi\" \/>\n<meta property=\"og:description\" content=\"Merhum \u00dcner Ulutu\u011f taraf\u0131ndan yaz\u0131lan \u201cHer \u015eey Bu Vatan \u0130\u00e7in\u201d tiyatro oyunu, Gazima\u011fusa Rauf Raif Denkta\u015f K\u00fclt\u00fcr ve Kongre Saray\u0131\u2019nda sahnelendi. K\u0131br\u0131s Bar\u0131\u015f Harekat\u0131\u2019n\u0131n 50\u2019nci y\u0131l\u0131 dolay\u0131s\u0131yla, T\u00fcrkiye\u2019nin Lefko\u015fa B\u00fcy\u00fckel\u00e7ili\u011fi himayelerinde TC Gen\u00e7lik ve Spor Bakanl\u0131\u011f\u0131, Lefko\u015fa Yunus Emre Enstit\u00fcs\u00fc ve Damla Derne\u011fi i\u015f birliklerinde sahnelenen oyun b\u00fcy\u00fck be\u011feni toplad\u0131\u2026 Oyunu Cumhurba\u015fkan\u0131 Ersin Tatar, Cumhuriyet [&hellip;]\" \/>\n<meta property=\"og:url\" content=\"https:\/\/kuzeyinsesi.org\/index.php\/2024\/08\/01\/her-sey-bu-vatan-icin-adli-tiyatro-oyunu-gazimagusada-sahnelendi\/\" \/>\n<meta property=\"og:site_name\" content=\"Kuzeyin Sesi\" \/>\n<meta property=\"article:publisher\" content=\"https:\/\/www.facebook.com\/kuzeyinsesii\" \/>\n<meta property=\"article:published_time\" content=\"2024-08-01T09:31:15+00:00\" \/>\n<meta property=\"og:image\" content=\"https:\/\/brtk.net\/wp-content\/uploads\/2024\/08\/01\/ssalkdsa.jpg?ver=b9ed6a85c5c92a64c746ed05d487aea7\" \/>\n<meta name=\"author\" content=\"Kuzeyin Sesi\" \/>\n<meta name=\"twitter:card\" content=\"summary_large_image\" \/>\n<meta name=\"twitter:creator\" content=\"@kuzeyinsesii\" \/>\n<meta name=\"twitter:site\" content=\"@kuzeyinsesii\" \/>\n<meta name=\"twitter:label1\" content=\"Yazan:\" \/>\n\t<meta name=\"twitter:data1\" content=\"Kuzeyin Sesi\" \/>\n\t<meta name=\"twitter:label2\" content=\"Tahmini okuma s\u00fcresi\" \/>\n\t<meta name=\"twitter:data2\" content=\"1 dakika\" \/>\n<script type=\"application\/ld+json\" class=\"yoast-schema-graph\">{\"@context\":\"https:\\\/\\\/schema.org\",\"@graph\":[{\"@type\":\"Article\",\"@id\":\"https:\\\/\\\/kuzeyinsesi.org\\\/index.php\\\/2024\\\/08\\\/01\\\/her-sey-bu-vatan-icin-adli-tiyatro-oyunu-gazimagusada-sahnelendi\\\/#article\",\"isPartOf\":{\"@id\":\"https:\\\/\\\/kuzeyinsesi.org\\\/index.php\\\/2024\\\/08\\\/01\\\/her-sey-bu-vatan-icin-adli-tiyatro-oyunu-gazimagusada-sahnelendi\\\/\"},\"author\":{\"name\":\"Kuzeyin Sesi\",\"@id\":\"https:\\\/\\\/kuzeyinsesi.org\\\/#\\\/schema\\\/person\\\/9f859689cdf01485597712386e37f5aa\"},\"headline\":\"\u201cHer \u015eey Bu Vatan \u0130\u00e7in\u201d adl\u0131 tiyatro oyunu Gazima\u011fusa\u2019da sahnelendi\",\"datePublished\":\"2024-08-01T09:31:15+00:00\",\"mainEntityOfPage\":{\"@id\":\"https:\\\/\\\/kuzeyinsesi.org\\\/index.php\\\/2024\\\/08\\\/01\\\/her-sey-bu-vatan-icin-adli-tiyatro-oyunu-gazimagusada-sahnelendi\\\/\"},\"wordCount\":183,\"commentCount\":0,\"image\":{\"@id\":\"https:\\\/\\\/kuzeyinsesi.org\\\/index.php\\\/2024\\\/08\\\/01\\\/her-sey-bu-vatan-icin-adli-tiyatro-oyunu-gazimagusada-sahnelendi\\\/#primaryimage\"},\"thumbnailUrl\":\"https:\\\/\\\/kuzeyinsesi.org\\\/wp-content\\\/uploads\\\/2024\\\/08\\\/ssalkdsa.jpg\",\"articleSection\":[\"Ya\u015fam\"],\"inLanguage\":\"tr\",\"potentialAction\":[{\"@type\":\"CommentAction\",\"name\":\"Comment\",\"target\":[\"https:\\\/\\\/kuzeyinsesi.org\\\/index.php\\\/2024\\\/08\\\/01\\\/her-sey-bu-vatan-icin-adli-tiyatro-oyunu-gazimagusada-sahnelendi\\\/#respond\"]}]},{\"@type\":\"WebPage\",\"@id\":\"https:\\\/\\\/kuzeyinsesi.org\\\/index.php\\\/2024\\\/08\\\/01\\\/her-sey-bu-vatan-icin-adli-tiyatro-oyunu-gazimagusada-sahnelendi\\\/\",\"url\":\"https:\\\/\\\/kuzeyinsesi.org\\\/index.php\\\/2024\\\/08\\\/01\\\/her-sey-bu-vatan-icin-adli-tiyatro-oyunu-gazimagusada-sahnelendi\\\/\",\"name\":\"\u201cHer \u015eey Bu Vatan \u0130\u00e7in\u201d adl\u0131 tiyatro oyunu Gazima\u011fusa\u2019da sahnelendi - Kuzeyin Sesi\",\"isPartOf\":{\"@id\":\"https:\\\/\\\/kuzeyinsesi.org\\\/#website\"},\"primaryImageOfPage\":{\"@id\":\"https:\\\/\\\/kuzeyinsesi.org\\\/index.php\\\/2024\\\/08\\\/01\\\/her-sey-bu-vatan-icin-adli-tiyatro-oyunu-gazimagusada-sahnelendi\\\/#primaryimage\"},\"image\":{\"@id\":\"https:\\\/\\\/kuzeyinsesi.org\\\/index.php\\\/2024\\\/08\\\/01\\\/her-sey-bu-vatan-icin-adli-tiyatro-oyunu-gazimagusada-sahnelendi\\\/#primaryimage\"},\"thumbnailUrl\":\"https:\\\/\\\/kuzeyinsesi.org\\\/wp-content\\\/uploads\\\/2024\\\/08\\\/ssalkdsa.jpg\",\"datePublished\":\"2024-08-01T09:31:15+00:00\",\"author\":{\"@id\":\"https:\\\/\\\/kuzeyinsesi.org\\\/#\\\/schema\\\/person\\\/9f859689cdf01485597712386e37f5aa\"},\"breadcrumb\":{\"@id\":\"https:\\\/\\\/kuzeyinsesi.org\\\/index.php\\\/2024\\\/08\\\/01\\\/her-sey-bu-vatan-icin-adli-tiyatro-oyunu-gazimagusada-sahnelendi\\\/#breadcrumb\"},\"inLanguage\":\"tr\",\"potentialAction\":[{\"@type\":\"ReadAction\",\"target\":[\"https:\\\/\\\/kuzeyinsesi.org\\\/index.php\\\/2024\\\/08\\\/01\\\/her-sey-bu-vatan-icin-adli-tiyatro-oyunu-gazimagusada-sahnelendi\\\/\"]}]},{\"@type\":\"ImageObject\",\"inLanguage\":\"tr\",\"@id\":\"https:\\\/\\\/kuzeyinsesi.org\\\/index.php\\\/2024\\\/08\\\/01\\\/her-sey-bu-vatan-icin-adli-tiyatro-oyunu-gazimagusada-sahnelendi\\\/#primaryimage\",\"url\":\"https:\\\/\\\/kuzeyinsesi.org\\\/wp-content\\\/uploads\\\/2024\\\/08\\\/ssalkdsa.jpg\",\"contentUrl\":\"https:\\\/\\\/kuzeyinsesi.org\\\/wp-content\\\/uploads\\\/2024\\\/08\\\/ssalkdsa.jpg\",\"width\":1600,\"height\":1200},{\"@type\":\"BreadcrumbList\",\"@id\":\"https:\\\/\\\/kuzeyinsesi.org\\\/index.php\\\/2024\\\/08\\\/01\\\/her-sey-bu-vatan-icin-adli-tiyatro-oyunu-gazimagusada-sahnelendi\\\/#breadcrumb\",\"itemListElement\":[{\"@type\":\"ListItem\",\"position\":1,\"name\":\"Anasayfa\",\"item\":\"https:\\\/\\\/kuzeyinsesi.org\\\/\"},{\"@type\":\"ListItem\",\"position\":2,\"name\":\"\u201cHer \u015eey Bu Vatan \u0130\u00e7in\u201d adl\u0131 tiyatro oyunu Gazima\u011fusa\u2019da sahnelendi\"}]},{\"@type\":\"WebSite\",\"@id\":\"https:\\\/\\\/kuzeyinsesi.org\\\/#website\",\"url\":\"https:\\\/\\\/kuzeyinsesi.org\\\/\",\"name\":\"Kuzeyin Sesi\",\"description\":\"Do\u011fru Haberin Adresi\",\"potentialAction\":[{\"@type\":\"SearchAction\",\"target\":{\"@type\":\"EntryPoint\",\"urlTemplate\":\"https:\\\/\\\/kuzeyinsesi.org\\\/?s={search_term_string}\"},\"query-input\":{\"@type\":\"PropertyValueSpecification\",\"valueRequired\":true,\"valueName\":\"search_term_string\"}}],\"inLanguage\":\"tr\"},{\"@type\":\"Person\",\"@id\":\"https:\\\/\\\/kuzeyinsesi.org\\\/#\\\/schema\\\/person\\\/9f859689cdf01485597712386e37f5aa\",\"name\":\"Kuzeyin Sesi\",\"image\":{\"@type\":\"ImageObject\",\"inLanguage\":\"tr\",\"@id\":\"https:\\\/\\\/secure.gravatar.com\\\/avatar\\\/bab33852abfd8b282518d6ed81826833d77c3c882d9ab608add591ccace47a44?s=96&d=mm&r=g\",\"url\":\"https:\\\/\\\/secure.gravatar.com\\\/avatar\\\/bab33852abfd8b282518d6ed81826833d77c3c882d9ab608add591ccace47a44?s=96&d=mm&r=g\",\"contentUrl\":\"https:\\\/\\\/secure.gravatar.com\\\/avatar\\\/bab33852abfd8b282518d6ed81826833d77c3c882d9ab608add591ccace47a44?s=96&d=mm&r=g\",\"caption\":\"Kuzeyin Sesi\"},\"sameAs\":[\"https:\\\/\\\/kuzeyinsesi.org\"],\"url\":\"https:\\\/\\\/kuzeyinsesi.org\\\/index.php\\\/author\\\/guven\\\/\"}]}<\/script>\n<!-- \/ Yoast SEO plugin. -->","yoast_head_json":{"title":"\u201cHer \u015eey Bu Vatan \u0130\u00e7in\u201d adl\u0131 tiyatro oyunu Gazima\u011fusa\u2019da sahnelendi - Kuzeyin Sesi","robots":{"index":"index","follow":"follow","max-snippet":"max-snippet:-1","max-image-preview":"max-image-preview:large","max-video-preview":"max-video-preview:-1"},"canonical":"https:\/\/kuzeyinsesi.org\/index.php\/2024\/08\/01\/her-sey-bu-vatan-icin-adli-tiyatro-oyunu-gazimagusada-sahnelendi\/","og_locale":"tr_TR","og_type":"article","og_title":"\u201cHer \u015eey Bu Vatan \u0130\u00e7in\u201d adl\u0131 tiyatro oyunu Gazima\u011fusa\u2019da sahnelendi - Kuzeyin Sesi","og_description":"Merhum \u00dcner Ulutu\u011f taraf\u0131ndan yaz\u0131lan \u201cHer \u015eey Bu Vatan \u0130\u00e7in\u201d tiyatro oyunu, Gazima\u011fusa Rauf Raif Denkta\u015f K\u00fclt\u00fcr ve Kongre Saray\u0131\u2019nda sahnelendi. K\u0131br\u0131s Bar\u0131\u015f Harekat\u0131\u2019n\u0131n 50\u2019nci y\u0131l\u0131 dolay\u0131s\u0131yla, T\u00fcrkiye\u2019nin Lefko\u015fa B\u00fcy\u00fckel\u00e7ili\u011fi himayelerinde TC Gen\u00e7lik ve Spor Bakanl\u0131\u011f\u0131, Lefko\u015fa Yunus Emre Enstit\u00fcs\u00fc ve Damla Derne\u011fi i\u015f birliklerinde sahnelenen oyun b\u00fcy\u00fck be\u011feni toplad\u0131\u2026 Oyunu Cumhurba\u015fkan\u0131 Ersin Tatar, Cumhuriyet [&hellip;]","og_url":"https:\/\/kuzeyinsesi.org\/index.php\/2024\/08\/01\/her-sey-bu-vatan-icin-adli-tiyatro-oyunu-gazimagusada-sahnelendi\/","og_site_name":"Kuzeyin Sesi","article_publisher":"https:\/\/www.facebook.com\/kuzeyinsesii","article_published_time":"2024-08-01T09:31:15+00:00","og_image":[{"url":"https:\/\/brtk.net\/wp-content\/uploads\/2024\/08\/01\/ssalkdsa.jpg?ver=b9ed6a85c5c92a64c746ed05d487aea7","type":"","width":"","height":""}],"author":"Kuzeyin Sesi","twitter_card":"summary_large_image","twitter_creator":"@kuzeyinsesii","twitter_site":"@kuzeyinsesii","twitter_misc":{"Yazan:":"Kuzeyin Sesi","Tahmini okuma s\u00fcresi":"1 dakika"},"schema":{"@context":"https:\/\/schema.org","@graph":[{"@type":"Article","@id":"https:\/\/kuzeyinsesi.org\/index.php\/2024\/08\/01\/her-sey-bu-vatan-icin-adli-tiyatro-oyunu-gazimagusada-sahnelendi\/#article","isPartOf":{"@id":"https:\/\/kuzeyinsesi.org\/index.php\/2024\/08\/01\/her-sey-bu-vatan-icin-adli-tiyatro-oyunu-gazimagusada-sahnelendi\/"},"author":{"name":"Kuzeyin Sesi","@id":"https:\/\/kuzeyinsesi.org\/#\/schema\/person\/9f859689cdf01485597712386e37f5aa"},"headline":"\u201cHer \u015eey Bu Vatan \u0130\u00e7in\u201d adl\u0131 tiyatro oyunu Gazima\u011fusa\u2019da sahnelendi","datePublished":"2024-08-01T09:31:15+00:00","mainEntityOfPage":{"@id":"https:\/\/kuzeyinsesi.org\/index.php\/2024\/08\/01\/her-sey-bu-vatan-icin-adli-tiyatro-oyunu-gazimagusada-sahnelendi\/"},"wordCount":183,"commentCount":0,"image":{"@id":"https:\/\/kuzeyinsesi.org\/index.php\/2024\/08\/01\/her-sey-bu-vatan-icin-adli-tiyatro-oyunu-gazimagusada-sahnelendi\/#primaryimage"},"thumbnailUrl":"https:\/\/kuzeyinsesi.org\/wp-content\/uploads\/2024\/08\/ssalkdsa.jpg","articleSection":["Ya\u015fam"],"inLanguage":"tr","potentialAction":[{"@type":"CommentAction","name":"Comment","target":["https:\/\/kuzeyinsesi.org\/index.php\/2024\/08\/01\/her-sey-bu-vatan-icin-adli-tiyatro-oyunu-gazimagusada-sahnelendi\/#respond"]}]},{"@type":"WebPage","@id":"https:\/\/kuzeyinsesi.org\/index.php\/2024\/08\/01\/her-sey-bu-vatan-icin-adli-tiyatro-oyunu-gazimagusada-sahnelendi\/","url":"https:\/\/kuzeyinsesi.org\/index.php\/2024\/08\/01\/her-sey-bu-vatan-icin-adli-tiyatro-oyunu-gazimagusada-sahnelendi\/","name":"\u201cHer \u015eey Bu Vatan \u0130\u00e7in\u201d adl\u0131 tiyatro oyunu Gazima\u011fusa\u2019da sahnelendi - Kuzeyin Sesi","isPartOf":{"@id":"https:\/\/kuzeyinsesi.org\/#website"},"primaryImageOfPage":{"@id":"https:\/\/kuzeyinsesi.org\/index.php\/2024\/08\/01\/her-sey-bu-vatan-icin-adli-tiyatro-oyunu-gazimagusada-sahnelendi\/#primaryimage"},"image":{"@id":"https:\/\/kuzeyinsesi.org\/index.php\/2024\/08\/01\/her-sey-bu-vatan-icin-adli-tiyatro-oyunu-gazimagusada-sahnelendi\/#primaryimage"},"thumbnailUrl":"https:\/\/kuzeyinsesi.org\/wp-content\/uploads\/2024\/08\/ssalkdsa.jpg","datePublished":"2024-08-01T09:31:15+00:00","author":{"@id":"https:\/\/kuzeyinsesi.org\/#\/schema\/person\/9f859689cdf01485597712386e37f5aa"},"breadcrumb":{"@id":"https:\/\/kuzeyinsesi.org\/index.php\/2024\/08\/01\/her-sey-bu-vatan-icin-adli-tiyatro-oyunu-gazimagusada-sahnelendi\/#breadcrumb"},"inLanguage":"tr","potentialAction":[{"@type":"ReadAction","target":["https:\/\/kuzeyinsesi.org\/index.php\/2024\/08\/01\/her-sey-bu-vatan-icin-adli-tiyatro-oyunu-gazimagusada-sahnelendi\/"]}]},{"@type":"ImageObject","inLanguage":"tr","@id":"https:\/\/kuzeyinsesi.org\/index.php\/2024\/08\/01\/her-sey-bu-vatan-icin-adli-tiyatro-oyunu-gazimagusada-sahnelendi\/#primaryimage","url":"https:\/\/kuzeyinsesi.org\/wp-content\/uploads\/2024\/08\/ssalkdsa.jpg","contentUrl":"https:\/\/kuzeyinsesi.org\/wp-content\/uploads\/2024\/08\/ssalkdsa.jpg","width":1600,"height":1200},{"@type":"BreadcrumbList","@id":"https:\/\/kuzeyinsesi.org\/index.php\/2024\/08\/01\/her-sey-bu-vatan-icin-adli-tiyatro-oyunu-gazimagusada-sahnelendi\/#breadcrumb","itemListElement":[{"@type":"ListItem","position":1,"name":"Anasayfa","item":"https:\/\/kuzeyinsesi.org\/"},{"@type":"ListItem","position":2,"name":"\u201cHer \u015eey Bu Vatan \u0130\u00e7in\u201d adl\u0131 tiyatro oyunu Gazima\u011fusa\u2019da sahnelendi"}]},{"@type":"WebSite","@id":"https:\/\/kuzeyinsesi.org\/#website","url":"https:\/\/kuzeyinsesi.org\/","name":"Kuzeyin Sesi","description":"Do\u011fru Haberin Adresi","potentialAction":[{"@type":"SearchAction","target":{"@type":"EntryPoint","urlTemplate":"https:\/\/kuzeyinsesi.org\/?s={search_term_string}"},"query-input":{"@type":"PropertyValueSpecification","valueRequired":true,"valueName":"search_term_string"}}],"inLanguage":"tr"},{"@type":"Person","@id":"https:\/\/kuzeyinsesi.org\/#\/schema\/person\/9f859689cdf01485597712386e37f5aa","name":"Kuzeyin Sesi","image":{"@type":"ImageObject","inLanguage":"tr","@id":"https:\/\/secure.gravatar.com\/avatar\/bab33852abfd8b282518d6ed81826833d77c3c882d9ab608add591ccace47a44?s=96&d=mm&r=g","url":"https:\/\/secure.gravatar.com\/avatar\/bab33852abfd8b282518d6ed81826833d77c3c882d9ab608add591ccace47a44?s=96&d=mm&r=g","contentUrl":"https:\/\/secure.gravatar.com\/avatar\/bab33852abfd8b282518d6ed81826833d77c3c882d9ab608add591ccace47a44?s=96&d=mm&r=g","caption":"Kuzeyin Sesi"},"sameAs":["https:\/\/kuzeyinsesi.org"],"url":"https:\/\/kuzeyinsesi.org\/index.php\/author\/guven\/"}]}},"_links":{"self":[{"href":"https:\/\/kuzeyinsesi.org\/index.php\/wp-json\/wp\/v2\/posts\/7288","targetHints":{"allow":["GET"]}}],"collection":[{"href":"https:\/\/kuzeyinsesi.org\/index.php\/wp-json\/wp\/v2\/posts"}],"about":[{"href":"https:\/\/kuzeyinsesi.org\/index.php\/wp-json\/wp\/v2\/types\/post"}],"author":[{"embeddable":true,"href":"https:\/\/kuzeyinsesi.org\/index.php\/wp-json\/wp\/v2\/users\/1"}],"replies":[{"embeddable":true,"href":"https:\/\/kuzeyinsesi.org\/index.php\/wp-json\/wp\/v2\/comments?post=7288"}],"version-history":[{"count":0,"href":"https:\/\/kuzeyinsesi.org\/index.php\/wp-json\/wp\/v2\/posts\/7288\/revisions"}],"wp:featuredmedia":[{"embeddable":true,"href":"https:\/\/kuzeyinsesi.org\/index.php\/wp-json\/wp\/v2\/media\/7289"}],"wp:attachment":[{"href":"https:\/\/kuzeyinsesi.org\/index.php\/wp-json\/wp\/v2\/media?parent=7288"}],"wp:term":[{"taxonomy":"category","embeddable":true,"href":"https:\/\/kuzeyinsesi.org\/index.php\/wp-json\/wp\/v2\/categories?post=7288"},{"taxonomy":"post_tag","embeddable":true,"href":"https:\/\/kuzeyinsesi.org\/index.php\/wp-json\/wp\/v2\/tags?post=7288"}],"curies":[{"name":"wp","href":"https:\/\/api.w.org\/{rel}","templated":true}]}}