{"id":7280,"date":"2024-08-01T11:30:10","date_gmt":"2024-08-01T08:30:10","guid":{"rendered":"https:\/\/kuzeyinsesi.org\/index.php\/2024\/08\/01\/cumhurbaskani-ersin-tatar-her-sey-bu-vatan-icin-adli-tiyatro-oyununu-izledi\/"},"modified":"2024-08-01T11:30:10","modified_gmt":"2024-08-01T08:30:10","slug":"cumhurbaskani-ersin-tatar-her-sey-bu-vatan-icin-adli-tiyatro-oyununu-izledi","status":"publish","type":"post","link":"https:\/\/kuzeyinsesi.org\/index.php\/2024\/08\/01\/cumhurbaskani-ersin-tatar-her-sey-bu-vatan-icin-adli-tiyatro-oyununu-izledi\/","title":{"rendered":"Cumhurba\u015fkan\u0131 Ersin Tatar, \u201cHer \u015eey Bu Vatan \u0130\u00e7in\u201d adl\u0131 tiyatro oyununu izledi"},"content":{"rendered":"<div>\n<div class=\"mariselle-image-container none\">\n                                            <\/div>\n<p>Cumhurba\u015fkan\u0131 Ersin Tatar, K\u0131br\u0131s Bar\u0131\u015f Harekat\u0131\u2019n\u0131n 50\u2019nci y\u0131l\u0131 dolay\u0131s\u0131yla, TC Lefko\u015fa B\u00fcy\u00fckel\u00e7ili\u011fi himayelerinde TC Gen\u00e7lik ve Spor Bakanl\u0131\u011f\u0131, Lefko\u015fa Yunus Emre Enstit\u00fcs\u00fc ve Damla Derne\u011fi i\u015f birliklerinde sahnelenen \u201cHer \u015eey Bu Vatan \u0130\u00e7in\u201d adl\u0131 tiyatro oyununu izledi.<\/p>\n<p>Cumhurba\u015fkanl\u0131\u011f\u0131\u2019ndan yap\u0131lan a\u00e7\u0131klamaya g\u00f6re, Do\u011fu Akdeniz \u00dcniversitesi Rauf Raif Denkta\u015f K\u00fclt\u00fcr ve Kongre Saray\u0131\u2019nda yer alan oyunun sonunda Cumhurba\u015fkan\u0131 Tatar, tiyatro oyununu yazan merhum \u00dcner Ulutu\u011f\u2019un ailesini, y\u00f6netmen \u0130lke Susuzlu\u2019yu ve tiyatro oyuncular\u0131n\u0131 tebrik etti.<\/p>\n<p>Amat\u00f6r oyuncular\u0131n rol ald\u0131\u011f\u0131 oyunda\u00a0d\u00fc\u015fman taraf\u0131ndan esir al\u0131n\u0131p bir h\u00fccreye hapsedilerek \u00e7e\u015fitli i\u015fkencelere maruz kalan baz\u0131 K\u0131br\u0131s T\u00fcrklerinin ya\u015fad\u0131\u011f\u0131 ac\u0131lar ile \u00f6zg\u00fcrl\u00fck \u00e7abalar\u0131 ve o\u011flunu vatan u\u011fruna feda eden bir baban\u0131n hayat\u0131 anlat\u0131l\u0131yor.<\/p>\n<\/p><\/div>\n<p><script async\n                    defer\n                    crossorigin=\"anonymous\"\n                    src=\"https:\/\/connect.facebook.net\/tr_TR\/sdk.js#xfbml=1&#038;version=v3.3\"\n            ><\/script><\/p>\n","protected":false},"excerpt":{"rendered":"<p>Cumhurba\u015fkan\u0131 Ersin Tatar, K\u0131br\u0131s Bar\u0131\u015f Harekat\u0131\u2019n\u0131n 50\u2019nci y\u0131l\u0131 dolay\u0131s\u0131yla, TC Lefko\u015fa B\u00fcy\u00fckel\u00e7ili\u011fi himayelerinde TC Gen\u00e7lik ve Spor Bakanl\u0131\u011f\u0131, Lefko\u015fa Yunus Emre Enstit\u00fcs\u00fc ve Damla Derne\u011fi i\u015f birliklerinde sahnelenen \u201cHer \u015eey Bu Vatan \u0130\u00e7in\u201d adl\u0131 tiyatro oyununu izledi. Cumhurba\u015fkanl\u0131\u011f\u0131\u2019ndan yap\u0131lan a\u00e7\u0131klamaya g\u00f6re, Do\u011fu Akdeniz \u00dcniversitesi Rauf Raif Denkta\u015f K\u00fclt\u00fcr ve Kongre Saray\u0131\u2019nda yer alan oyunun sonunda [&hellip;]<\/p>\n","protected":false},"author":1,"featured_media":7282,"comment_status":"open","ping_status":"open","sticky":false,"template":"","format":"standard","meta":{"jnews-multi-image_gallery":[],"jnews_single_post":[],"jnews_primary_category":[],"jnews_social_meta":[],"jnews_override_counter":[],"footnotes":""},"categories":[6],"tags":[],"class_list":["post-7280","post","type-post","status-publish","format-standard","has-post-thumbnail","hentry","category-yasam"],"yoast_head":"<!-- This site is optimized with the Yoast SEO plugin v27.5 - https:\/\/yoast.com\/product\/yoast-seo-wordpress\/ -->\n<title>Cumhurba\u015fkan\u0131 Ersin Tatar, \u201cHer \u015eey Bu Vatan \u0130\u00e7in\u201d adl\u0131 tiyatro oyununu izledi - Kuzeyin Sesi<\/title>\n<meta name=\"robots\" content=\"index, follow, max-snippet:-1, max-image-preview:large, max-video-preview:-1\" \/>\n<link rel=\"canonical\" href=\"https:\/\/kuzeyinsesi.org\/index.php\/2024\/08\/01\/cumhurbaskani-ersin-tatar-her-sey-bu-vatan-icin-adli-tiyatro-oyununu-izledi\/\" \/>\n<meta property=\"og:locale\" content=\"tr_TR\" \/>\n<meta property=\"og:type\" content=\"article\" \/>\n<meta property=\"og:title\" content=\"Cumhurba\u015fkan\u0131 Ersin Tatar, \u201cHer \u015eey Bu Vatan \u0130\u00e7in\u201d adl\u0131 tiyatro oyununu izledi - Kuzeyin Sesi\" \/>\n<meta property=\"og:description\" content=\"Cumhurba\u015fkan\u0131 Ersin Tatar, K\u0131br\u0131s Bar\u0131\u015f Harekat\u0131\u2019n\u0131n 50\u2019nci y\u0131l\u0131 dolay\u0131s\u0131yla, TC Lefko\u015fa B\u00fcy\u00fckel\u00e7ili\u011fi himayelerinde TC Gen\u00e7lik ve Spor Bakanl\u0131\u011f\u0131, Lefko\u015fa Yunus Emre Enstit\u00fcs\u00fc ve Damla Derne\u011fi i\u015f birliklerinde sahnelenen \u201cHer \u015eey Bu Vatan \u0130\u00e7in\u201d adl\u0131 tiyatro oyununu izledi. Cumhurba\u015fkanl\u0131\u011f\u0131\u2019ndan yap\u0131lan a\u00e7\u0131klamaya g\u00f6re, Do\u011fu Akdeniz \u00dcniversitesi Rauf Raif Denkta\u015f K\u00fclt\u00fcr ve Kongre Saray\u0131\u2019nda yer alan oyunun sonunda [&hellip;]\" \/>\n<meta property=\"og:url\" content=\"https:\/\/kuzeyinsesi.org\/index.php\/2024\/08\/01\/cumhurbaskani-ersin-tatar-her-sey-bu-vatan-icin-adli-tiyatro-oyununu-izledi\/\" \/>\n<meta property=\"og:site_name\" content=\"Kuzeyin Sesi\" \/>\n<meta property=\"article:publisher\" content=\"https:\/\/www.facebook.com\/kuzeyinsesii\" \/>\n<meta property=\"article:published_time\" content=\"2024-08-01T08:30:10+00:00\" \/>\n<meta property=\"og:image\" content=\"https:\/\/brtk.net\/wp-content\/uploads\/2024\/08\/01\/tatar-her-sey-vatan-icin-oyununu-izledi-1-.jpg?ver=8dccf7bebd03973f3c6c1dbd10323f42\" \/>\n<meta name=\"author\" content=\"Kuzeyin Sesi\" \/>\n<meta name=\"twitter:card\" content=\"summary_large_image\" \/>\n<meta name=\"twitter:creator\" content=\"@kuzeyinsesii\" \/>\n<meta name=\"twitter:site\" content=\"@kuzeyinsesii\" \/>\n<meta name=\"twitter:label1\" content=\"Yazan:\" \/>\n\t<meta name=\"twitter:data1\" content=\"Kuzeyin Sesi\" \/>\n\t<meta name=\"twitter:label2\" content=\"Tahmini okuma s\u00fcresi\" \/>\n\t<meta name=\"twitter:data2\" content=\"1 dakika\" \/>\n<script type=\"application\/ld+json\" class=\"yoast-schema-graph\">{\"@context\":\"https:\\\/\\\/schema.org\",\"@graph\":[{\"@type\":\"Article\",\"@id\":\"https:\\\/\\\/kuzeyinsesi.org\\\/index.php\\\/2024\\\/08\\\/01\\\/cumhurbaskani-ersin-tatar-her-sey-bu-vatan-icin-adli-tiyatro-oyununu-izledi\\\/#article\",\"isPartOf\":{\"@id\":\"https:\\\/\\\/kuzeyinsesi.org\\\/index.php\\\/2024\\\/08\\\/01\\\/cumhurbaskani-ersin-tatar-her-sey-bu-vatan-icin-adli-tiyatro-oyununu-izledi\\\/\"},\"author\":{\"name\":\"Kuzeyin Sesi\",\"@id\":\"https:\\\/\\\/kuzeyinsesi.org\\\/#\\\/schema\\\/person\\\/9f859689cdf01485597712386e37f5aa\"},\"headline\":\"Cumhurba\u015fkan\u0131 Ersin Tatar, \u201cHer \u015eey Bu Vatan \u0130\u00e7in\u201d adl\u0131 tiyatro oyununu izledi\",\"datePublished\":\"2024-08-01T08:30:10+00:00\",\"mainEntityOfPage\":{\"@id\":\"https:\\\/\\\/kuzeyinsesi.org\\\/index.php\\\/2024\\\/08\\\/01\\\/cumhurbaskani-ersin-tatar-her-sey-bu-vatan-icin-adli-tiyatro-oyununu-izledi\\\/\"},\"wordCount\":171,\"commentCount\":0,\"image\":{\"@id\":\"https:\\\/\\\/kuzeyinsesi.org\\\/index.php\\\/2024\\\/08\\\/01\\\/cumhurbaskani-ersin-tatar-her-sey-bu-vatan-icin-adli-tiyatro-oyununu-izledi\\\/#primaryimage\"},\"thumbnailUrl\":\"https:\\\/\\\/kuzeyinsesi.org\\\/wp-content\\\/uploads\\\/2024\\\/08\\\/tatar-her-sey-vatan-icin-oyununu-izledi-1-.jpg\",\"articleSection\":[\"Ya\u015fam\"],\"inLanguage\":\"tr\",\"potentialAction\":[{\"@type\":\"CommentAction\",\"name\":\"Comment\",\"target\":[\"https:\\\/\\\/kuzeyinsesi.org\\\/index.php\\\/2024\\\/08\\\/01\\\/cumhurbaskani-ersin-tatar-her-sey-bu-vatan-icin-adli-tiyatro-oyununu-izledi\\\/#respond\"]}]},{\"@type\":\"WebPage\",\"@id\":\"https:\\\/\\\/kuzeyinsesi.org\\\/index.php\\\/2024\\\/08\\\/01\\\/cumhurbaskani-ersin-tatar-her-sey-bu-vatan-icin-adli-tiyatro-oyununu-izledi\\\/\",\"url\":\"https:\\\/\\\/kuzeyinsesi.org\\\/index.php\\\/2024\\\/08\\\/01\\\/cumhurbaskani-ersin-tatar-her-sey-bu-vatan-icin-adli-tiyatro-oyununu-izledi\\\/\",\"name\":\"Cumhurba\u015fkan\u0131 Ersin Tatar, \u201cHer \u015eey Bu Vatan \u0130\u00e7in\u201d adl\u0131 tiyatro oyununu izledi - Kuzeyin Sesi\",\"isPartOf\":{\"@id\":\"https:\\\/\\\/kuzeyinsesi.org\\\/#website\"},\"primaryImageOfPage\":{\"@id\":\"https:\\\/\\\/kuzeyinsesi.org\\\/index.php\\\/2024\\\/08\\\/01\\\/cumhurbaskani-ersin-tatar-her-sey-bu-vatan-icin-adli-tiyatro-oyununu-izledi\\\/#primaryimage\"},\"image\":{\"@id\":\"https:\\\/\\\/kuzeyinsesi.org\\\/index.php\\\/2024\\\/08\\\/01\\\/cumhurbaskani-ersin-tatar-her-sey-bu-vatan-icin-adli-tiyatro-oyununu-izledi\\\/#primaryimage\"},\"thumbnailUrl\":\"https:\\\/\\\/kuzeyinsesi.org\\\/wp-content\\\/uploads\\\/2024\\\/08\\\/tatar-her-sey-vatan-icin-oyununu-izledi-1-.jpg\",\"datePublished\":\"2024-08-01T08:30:10+00:00\",\"author\":{\"@id\":\"https:\\\/\\\/kuzeyinsesi.org\\\/#\\\/schema\\\/person\\\/9f859689cdf01485597712386e37f5aa\"},\"breadcrumb\":{\"@id\":\"https:\\\/\\\/kuzeyinsesi.org\\\/index.php\\\/2024\\\/08\\\/01\\\/cumhurbaskani-ersin-tatar-her-sey-bu-vatan-icin-adli-tiyatro-oyununu-izledi\\\/#breadcrumb\"},\"inLanguage\":\"tr\",\"potentialAction\":[{\"@type\":\"ReadAction\",\"target\":[\"https:\\\/\\\/kuzeyinsesi.org\\\/index.php\\\/2024\\\/08\\\/01\\\/cumhurbaskani-ersin-tatar-her-sey-bu-vatan-icin-adli-tiyatro-oyununu-izledi\\\/\"]}]},{\"@type\":\"ImageObject\",\"inLanguage\":\"tr\",\"@id\":\"https:\\\/\\\/kuzeyinsesi.org\\\/index.php\\\/2024\\\/08\\\/01\\\/cumhurbaskani-ersin-tatar-her-sey-bu-vatan-icin-adli-tiyatro-oyununu-izledi\\\/#primaryimage\",\"url\":\"https:\\\/\\\/kuzeyinsesi.org\\\/wp-content\\\/uploads\\\/2024\\\/08\\\/tatar-her-sey-vatan-icin-oyununu-izledi-1-.jpg\",\"contentUrl\":\"https:\\\/\\\/kuzeyinsesi.org\\\/wp-content\\\/uploads\\\/2024\\\/08\\\/tatar-her-sey-vatan-icin-oyununu-izledi-1-.jpg\",\"width\":930,\"height\":618},{\"@type\":\"BreadcrumbList\",\"@id\":\"https:\\\/\\\/kuzeyinsesi.org\\\/index.php\\\/2024\\\/08\\\/01\\\/cumhurbaskani-ersin-tatar-her-sey-bu-vatan-icin-adli-tiyatro-oyununu-izledi\\\/#breadcrumb\",\"itemListElement\":[{\"@type\":\"ListItem\",\"position\":1,\"name\":\"Anasayfa\",\"item\":\"https:\\\/\\\/kuzeyinsesi.org\\\/\"},{\"@type\":\"ListItem\",\"position\":2,\"name\":\"Cumhurba\u015fkan\u0131 Ersin Tatar, \u201cHer \u015eey Bu Vatan \u0130\u00e7in\u201d adl\u0131 tiyatro oyununu izledi\"}]},{\"@type\":\"WebSite\",\"@id\":\"https:\\\/\\\/kuzeyinsesi.org\\\/#website\",\"url\":\"https:\\\/\\\/kuzeyinsesi.org\\\/\",\"name\":\"Kuzeyin Sesi\",\"description\":\"Do\u011fru Haberin Adresi\",\"potentialAction\":[{\"@type\":\"SearchAction\",\"target\":{\"@type\":\"EntryPoint\",\"urlTemplate\":\"https:\\\/\\\/kuzeyinsesi.org\\\/?s={search_term_string}\"},\"query-input\":{\"@type\":\"PropertyValueSpecification\",\"valueRequired\":true,\"valueName\":\"search_term_string\"}}],\"inLanguage\":\"tr\"},{\"@type\":\"Person\",\"@id\":\"https:\\\/\\\/kuzeyinsesi.org\\\/#\\\/schema\\\/person\\\/9f859689cdf01485597712386e37f5aa\",\"name\":\"Kuzeyin Sesi\",\"image\":{\"@type\":\"ImageObject\",\"inLanguage\":\"tr\",\"@id\":\"https:\\\/\\\/secure.gravatar.com\\\/avatar\\\/bab33852abfd8b282518d6ed81826833d77c3c882d9ab608add591ccace47a44?s=96&d=mm&r=g\",\"url\":\"https:\\\/\\\/secure.gravatar.com\\\/avatar\\\/bab33852abfd8b282518d6ed81826833d77c3c882d9ab608add591ccace47a44?s=96&d=mm&r=g\",\"contentUrl\":\"https:\\\/\\\/secure.gravatar.com\\\/avatar\\\/bab33852abfd8b282518d6ed81826833d77c3c882d9ab608add591ccace47a44?s=96&d=mm&r=g\",\"caption\":\"Kuzeyin Sesi\"},\"sameAs\":[\"https:\\\/\\\/kuzeyinsesi.org\"],\"url\":\"https:\\\/\\\/kuzeyinsesi.org\\\/index.php\\\/author\\\/guven\\\/\"}]}<\/script>\n<!-- \/ Yoast SEO plugin. -->","yoast_head_json":{"title":"Cumhurba\u015fkan\u0131 Ersin Tatar, \u201cHer \u015eey Bu Vatan \u0130\u00e7in\u201d adl\u0131 tiyatro oyununu izledi - Kuzeyin Sesi","robots":{"index":"index","follow":"follow","max-snippet":"max-snippet:-1","max-image-preview":"max-image-preview:large","max-video-preview":"max-video-preview:-1"},"canonical":"https:\/\/kuzeyinsesi.org\/index.php\/2024\/08\/01\/cumhurbaskani-ersin-tatar-her-sey-bu-vatan-icin-adli-tiyatro-oyununu-izledi\/","og_locale":"tr_TR","og_type":"article","og_title":"Cumhurba\u015fkan\u0131 Ersin Tatar, \u201cHer \u015eey Bu Vatan \u0130\u00e7in\u201d adl\u0131 tiyatro oyununu izledi - Kuzeyin Sesi","og_description":"Cumhurba\u015fkan\u0131 Ersin Tatar, K\u0131br\u0131s Bar\u0131\u015f Harekat\u0131\u2019n\u0131n 50\u2019nci y\u0131l\u0131 dolay\u0131s\u0131yla, TC Lefko\u015fa B\u00fcy\u00fckel\u00e7ili\u011fi himayelerinde TC Gen\u00e7lik ve Spor Bakanl\u0131\u011f\u0131, Lefko\u015fa Yunus Emre Enstit\u00fcs\u00fc ve Damla Derne\u011fi i\u015f birliklerinde sahnelenen \u201cHer \u015eey Bu Vatan \u0130\u00e7in\u201d adl\u0131 tiyatro oyununu izledi. Cumhurba\u015fkanl\u0131\u011f\u0131\u2019ndan yap\u0131lan a\u00e7\u0131klamaya g\u00f6re, Do\u011fu Akdeniz \u00dcniversitesi Rauf Raif Denkta\u015f K\u00fclt\u00fcr ve Kongre Saray\u0131\u2019nda yer alan oyunun sonunda [&hellip;]","og_url":"https:\/\/kuzeyinsesi.org\/index.php\/2024\/08\/01\/cumhurbaskani-ersin-tatar-her-sey-bu-vatan-icin-adli-tiyatro-oyununu-izledi\/","og_site_name":"Kuzeyin Sesi","article_publisher":"https:\/\/www.facebook.com\/kuzeyinsesii","article_published_time":"2024-08-01T08:30:10+00:00","og_image":[{"url":"https:\/\/brtk.net\/wp-content\/uploads\/2024\/08\/01\/tatar-her-sey-vatan-icin-oyununu-izledi-1-.jpg?ver=8dccf7bebd03973f3c6c1dbd10323f42","type":"","width":"","height":""}],"author":"Kuzeyin Sesi","twitter_card":"summary_large_image","twitter_creator":"@kuzeyinsesii","twitter_site":"@kuzeyinsesii","twitter_misc":{"Yazan:":"Kuzeyin Sesi","Tahmini okuma s\u00fcresi":"1 dakika"},"schema":{"@context":"https:\/\/schema.org","@graph":[{"@type":"Article","@id":"https:\/\/kuzeyinsesi.org\/index.php\/2024\/08\/01\/cumhurbaskani-ersin-tatar-her-sey-bu-vatan-icin-adli-tiyatro-oyununu-izledi\/#article","isPartOf":{"@id":"https:\/\/kuzeyinsesi.org\/index.php\/2024\/08\/01\/cumhurbaskani-ersin-tatar-her-sey-bu-vatan-icin-adli-tiyatro-oyununu-izledi\/"},"author":{"name":"Kuzeyin Sesi","@id":"https:\/\/kuzeyinsesi.org\/#\/schema\/person\/9f859689cdf01485597712386e37f5aa"},"headline":"Cumhurba\u015fkan\u0131 Ersin Tatar, \u201cHer \u015eey Bu Vatan \u0130\u00e7in\u201d adl\u0131 tiyatro oyununu izledi","datePublished":"2024-08-01T08:30:10+00:00","mainEntityOfPage":{"@id":"https:\/\/kuzeyinsesi.org\/index.php\/2024\/08\/01\/cumhurbaskani-ersin-tatar-her-sey-bu-vatan-icin-adli-tiyatro-oyununu-izledi\/"},"wordCount":171,"commentCount":0,"image":{"@id":"https:\/\/kuzeyinsesi.org\/index.php\/2024\/08\/01\/cumhurbaskani-ersin-tatar-her-sey-bu-vatan-icin-adli-tiyatro-oyununu-izledi\/#primaryimage"},"thumbnailUrl":"https:\/\/kuzeyinsesi.org\/wp-content\/uploads\/2024\/08\/tatar-her-sey-vatan-icin-oyununu-izledi-1-.jpg","articleSection":["Ya\u015fam"],"inLanguage":"tr","potentialAction":[{"@type":"CommentAction","name":"Comment","target":["https:\/\/kuzeyinsesi.org\/index.php\/2024\/08\/01\/cumhurbaskani-ersin-tatar-her-sey-bu-vatan-icin-adli-tiyatro-oyununu-izledi\/#respond"]}]},{"@type":"WebPage","@id":"https:\/\/kuzeyinsesi.org\/index.php\/2024\/08\/01\/cumhurbaskani-ersin-tatar-her-sey-bu-vatan-icin-adli-tiyatro-oyununu-izledi\/","url":"https:\/\/kuzeyinsesi.org\/index.php\/2024\/08\/01\/cumhurbaskani-ersin-tatar-her-sey-bu-vatan-icin-adli-tiyatro-oyununu-izledi\/","name":"Cumhurba\u015fkan\u0131 Ersin Tatar, \u201cHer \u015eey Bu Vatan \u0130\u00e7in\u201d adl\u0131 tiyatro oyununu izledi - Kuzeyin Sesi","isPartOf":{"@id":"https:\/\/kuzeyinsesi.org\/#website"},"primaryImageOfPage":{"@id":"https:\/\/kuzeyinsesi.org\/index.php\/2024\/08\/01\/cumhurbaskani-ersin-tatar-her-sey-bu-vatan-icin-adli-tiyatro-oyununu-izledi\/#primaryimage"},"image":{"@id":"https:\/\/kuzeyinsesi.org\/index.php\/2024\/08\/01\/cumhurbaskani-ersin-tatar-her-sey-bu-vatan-icin-adli-tiyatro-oyununu-izledi\/#primaryimage"},"thumbnailUrl":"https:\/\/kuzeyinsesi.org\/wp-content\/uploads\/2024\/08\/tatar-her-sey-vatan-icin-oyununu-izledi-1-.jpg","datePublished":"2024-08-01T08:30:10+00:00","author":{"@id":"https:\/\/kuzeyinsesi.org\/#\/schema\/person\/9f859689cdf01485597712386e37f5aa"},"breadcrumb":{"@id":"https:\/\/kuzeyinsesi.org\/index.php\/2024\/08\/01\/cumhurbaskani-ersin-tatar-her-sey-bu-vatan-icin-adli-tiyatro-oyununu-izledi\/#breadcrumb"},"inLanguage":"tr","potentialAction":[{"@type":"ReadAction","target":["https:\/\/kuzeyinsesi.org\/index.php\/2024\/08\/01\/cumhurbaskani-ersin-tatar-her-sey-bu-vatan-icin-adli-tiyatro-oyununu-izledi\/"]}]},{"@type":"ImageObject","inLanguage":"tr","@id":"https:\/\/kuzeyinsesi.org\/index.php\/2024\/08\/01\/cumhurbaskani-ersin-tatar-her-sey-bu-vatan-icin-adli-tiyatro-oyununu-izledi\/#primaryimage","url":"https:\/\/kuzeyinsesi.org\/wp-content\/uploads\/2024\/08\/tatar-her-sey-vatan-icin-oyununu-izledi-1-.jpg","contentUrl":"https:\/\/kuzeyinsesi.org\/wp-content\/uploads\/2024\/08\/tatar-her-sey-vatan-icin-oyununu-izledi-1-.jpg","width":930,"height":618},{"@type":"BreadcrumbList","@id":"https:\/\/kuzeyinsesi.org\/index.php\/2024\/08\/01\/cumhurbaskani-ersin-tatar-her-sey-bu-vatan-icin-adli-tiyatro-oyununu-izledi\/#breadcrumb","itemListElement":[{"@type":"ListItem","position":1,"name":"Anasayfa","item":"https:\/\/kuzeyinsesi.org\/"},{"@type":"ListItem","position":2,"name":"Cumhurba\u015fkan\u0131 Ersin Tatar, \u201cHer \u015eey Bu Vatan \u0130\u00e7in\u201d adl\u0131 tiyatro oyununu izledi"}]},{"@type":"WebSite","@id":"https:\/\/kuzeyinsesi.org\/#website","url":"https:\/\/kuzeyinsesi.org\/","name":"Kuzeyin Sesi","description":"Do\u011fru Haberin Adresi","potentialAction":[{"@type":"SearchAction","target":{"@type":"EntryPoint","urlTemplate":"https:\/\/kuzeyinsesi.org\/?s={search_term_string}"},"query-input":{"@type":"PropertyValueSpecification","valueRequired":true,"valueName":"search_term_string"}}],"inLanguage":"tr"},{"@type":"Person","@id":"https:\/\/kuzeyinsesi.org\/#\/schema\/person\/9f859689cdf01485597712386e37f5aa","name":"Kuzeyin Sesi","image":{"@type":"ImageObject","inLanguage":"tr","@id":"https:\/\/secure.gravatar.com\/avatar\/bab33852abfd8b282518d6ed81826833d77c3c882d9ab608add591ccace47a44?s=96&d=mm&r=g","url":"https:\/\/secure.gravatar.com\/avatar\/bab33852abfd8b282518d6ed81826833d77c3c882d9ab608add591ccace47a44?s=96&d=mm&r=g","contentUrl":"https:\/\/secure.gravatar.com\/avatar\/bab33852abfd8b282518d6ed81826833d77c3c882d9ab608add591ccace47a44?s=96&d=mm&r=g","caption":"Kuzeyin Sesi"},"sameAs":["https:\/\/kuzeyinsesi.org"],"url":"https:\/\/kuzeyinsesi.org\/index.php\/author\/guven\/"}]}},"_links":{"self":[{"href":"https:\/\/kuzeyinsesi.org\/index.php\/wp-json\/wp\/v2\/posts\/7280","targetHints":{"allow":["GET"]}}],"collection":[{"href":"https:\/\/kuzeyinsesi.org\/index.php\/wp-json\/wp\/v2\/posts"}],"about":[{"href":"https:\/\/kuzeyinsesi.org\/index.php\/wp-json\/wp\/v2\/types\/post"}],"author":[{"embeddable":true,"href":"https:\/\/kuzeyinsesi.org\/index.php\/wp-json\/wp\/v2\/users\/1"}],"replies":[{"embeddable":true,"href":"https:\/\/kuzeyinsesi.org\/index.php\/wp-json\/wp\/v2\/comments?post=7280"}],"version-history":[{"count":0,"href":"https:\/\/kuzeyinsesi.org\/index.php\/wp-json\/wp\/v2\/posts\/7280\/revisions"}],"wp:featuredmedia":[{"embeddable":true,"href":"https:\/\/kuzeyinsesi.org\/index.php\/wp-json\/wp\/v2\/media\/7282"}],"wp:attachment":[{"href":"https:\/\/kuzeyinsesi.org\/index.php\/wp-json\/wp\/v2\/media?parent=7280"}],"wp:term":[{"taxonomy":"category","embeddable":true,"href":"https:\/\/kuzeyinsesi.org\/index.php\/wp-json\/wp\/v2\/categories?post=7280"},{"taxonomy":"post_tag","embeddable":true,"href":"https:\/\/kuzeyinsesi.org\/index.php\/wp-json\/wp\/v2\/tags?post=7280"}],"curies":[{"name":"wp","href":"https:\/\/api.w.org\/{rel}","templated":true}]}}