{"id":7266,"date":"2024-08-01T01:01:58","date_gmt":"2024-07-31T22:01:58","guid":{"rendered":"https:\/\/kuzeyinsesi.org\/index.php\/2024\/08\/01\/ercan-havalimaninda-dagdogan-sadrazamin-kibrisin-hurdalari-fotograf-sergisi-acildi\/"},"modified":"2024-08-01T01:01:58","modified_gmt":"2024-07-31T22:01:58","slug":"ercan-havalimaninda-dagdogan-sadrazamin-kibrisin-hurdalari-fotograf-sergisi-acildi","status":"publish","type":"post","link":"https:\/\/kuzeyinsesi.org\/index.php\/2024\/08\/01\/ercan-havalimaninda-dagdogan-sadrazamin-kibrisin-hurdalari-fotograf-sergisi-acildi\/","title":{"rendered":"Ercan Havaliman\u0131\u2019nda Da\u011fdo\u011fan Sadrazam\u2019\u0131n \u201cK\u0131br\u0131s\u2019\u0131n Hurdalar\u0131\u201d foto\u011fraf sergisi a\u00e7\u0131ld\u0131"},"content":{"rendered":"<div>\n<div class=\"mariselle-image-container center\">\n                                            <\/div>\n<p>Ercan Havaliman\u0131\u2019nda Da\u011fdo\u011fan Sadrazam\u2019\u0131n foto\u011fraflar\u0131ndan olu\u015fan sergi a\u00e7\u0131ld\u0131. <\/p>\n<p>T&amp;T Havaliman\u0131 \u0130\u015fletmecili\u011fi\u2019nden verilen bilgiye g\u00f6re, Da\u011fdo\u011fan Sadrazam taraf\u0131ndan \u00e7ekilen foto\u011fraflar\u0131n yer ald\u0131\u011f\u0131 \u201cK\u0131br\u0131s\u2019\u0131n Hurdalar\u0131\u201d isimli sergi, giden yolcu b\u00f6l\u00fcm\u00fcndeki sergi alan\u0131nda  kuruldu. <\/p>\n<p>Sergide, Sadrazam\u2019\u0131n K\u0131br\u0131s\u2019\u0131n farkl\u0131 yerlerinde \u00e7ekti\u011fi hurda araba, tar\u0131m aleti, u\u00e7ak ve otob\u00fcs foto\u011fraflar\u0131 yer al\u0131yor. <\/p>\n<p>Da\u011fdo\u011fan Sadrazam, sergi hakk\u0131nda \u015fu ifadeleri kulland\u0131<\/p>\n<p>\u201cBu sergi benim ikinci ki\u015fisel foto\u011fraf sergimdir. Y\u0131llar \u00f6nce lise y\u0131llar\u0131mda, 1988\u2019de abam\u0131n bana verdi\u011fi har\u00e7l\u0131klar\u0131 biriktirerek kendime Lefko\u015fa\u2019daki Girne Kap\u0131s\u0131\u2019nda bulunan bir foto\u011fraf makinesi sat\u0131c\u0131s\u0131ndan markas\u0131 Franka olan bir makine ald\u0131m ve g\u00f6rd\u00fc\u011f\u00fcm ilgin\u00e7 \u015feyleri foto\u011fraflamaya ba\u015flad\u0131m. Bu makine o y\u0131llarda filmli idi ve film t\u00fckenmesin diye \u00e7ok az foto\u011fraf \u00e7ekerdim. E\u011fer \u00e7ok foto\u011fraf \u00e7ekersem tekrar para bulup film almak zorunda kalacakt\u0131m ve her \u00e7ekilen filmi bana g\u00f6re maddi a\u00e7\u0131dan b\u00fcy\u00fck zorluklarla temizletmem gerekecekti\u201d <\/p>\n<p>K\u0131br\u0131s\u2019\u0131n foto\u011fraf \u00e7ekmek i\u00e7in zenginliklerle dolu oldu\u011funu kaydeden Sadrazam, \u201cKKTC tarihi ge\u00e7mi\u015fi, k\u00fclt\u00fcr\u00fc, insan\u0131, do\u011fa, bitki \u00f6rt\u00fcs\u00fc ve a\u011fa\u00e7lar\u0131yla \u00e7ok g\u00fczeldir\u201d dedi.<\/p>\n<p>T&amp;T Havaliman\u0131 \u0130\u015fletmecili\u011fi Genel M\u00fcd\u00fcr\u00fc M. Serhat \u00d6z\u00e7elik, Ercan Havaliman\u0131\u2019nda her ay farkl\u0131  konularda sergilere ev sahipli\u011fi yapmaya \u00e7al\u0131\u015ft\u0131klar\u0131n\u0131 kaydetti. <\/p>\n<p>\u00d6z\u00e7elik, \u201c\u00d6nceli\u011fimiz K\u0131br\u0131s k\u00fclt\u00fcr\u00fcn\u00fc ve K\u0131br\u0131s sanat\u00e7\u0131lar\u0131n\u0131n yapt\u0131klar\u0131n\u0131 havaliman\u0131ndan seyahat eden yolcular\u0131m\u0131za sunmakt\u0131r. K\u0131br\u0131sl\u0131 foto\u011fraf sanat\u00e7\u0131s\u0131 Da\u011fdo\u011fan Sadrazam\u2019\u0131n foto\u011faf sergisi K\u0131br\u0131s\u2019\u0131n \u00e7e\u015fitli b\u00f6lgelerindeki hurdalar\u0131n foto\u011fraflar\u0131yla bizi ve yolcular\u0131m\u0131z\u0131 tarihi bir yolculu\u011fa \u00e7\u0131kar\u0131yor. Her bir ara\u00e7ta K\u0131br\u0131sl\u0131 insanlar\u0131m\u0131z\u0131n hayatlar\u0131 ve ya\u015fanm\u0131\u015fl\u0131klar\u0131 sakl\u0131. Belki de havaliman\u0131m\u0131zdan ge\u00e7enler ge\u00e7mi\u015f zamanda bu ara\u00e7lar\u0131n i\u00e7erisinde yolculuk yapm\u0131\u015f veya bu ara\u00e7lar\u0131 g\u00f6rm\u00fc\u015f olabilirler\u201d dedi. <\/p>\n<p>\u00d6z\u00e7elik, havaliman\u0131ndaki iki sergi alan\u0131n\u0131n t\u00fcm sanat\u00e7\u0131lara a\u00e7\u0131k oldu\u011funu, sergi a\u00e7mak isteyenlerin Ercan Havaliman\u0131 yetkilileri ile temasa ge\u00e7melerinin yeterli oldu\u011funu belirtti.<\/p>\n<\/p><\/div>\n<p><script async\n                    defer\n                    crossorigin=\"anonymous\"\n                    src=\"https:\/\/connect.facebook.net\/tr_TR\/sdk.js#xfbml=1&#038;version=v3.3\"\n            ><\/script><\/p>\n","protected":false},"excerpt":{"rendered":"<p>Ercan Havaliman\u0131\u2019nda Da\u011fdo\u011fan Sadrazam\u2019\u0131n foto\u011fraflar\u0131ndan olu\u015fan sergi a\u00e7\u0131ld\u0131. T&amp;T Havaliman\u0131 \u0130\u015fletmecili\u011fi\u2019nden verilen bilgiye g\u00f6re, Da\u011fdo\u011fan Sadrazam taraf\u0131ndan \u00e7ekilen foto\u011fraflar\u0131n yer ald\u0131\u011f\u0131 \u201cK\u0131br\u0131s\u2019\u0131n Hurdalar\u0131\u201d isimli sergi, giden yolcu b\u00f6l\u00fcm\u00fcndeki sergi alan\u0131nda kuruldu. Sergide, Sadrazam\u2019\u0131n K\u0131br\u0131s\u2019\u0131n farkl\u0131 yerlerinde \u00e7ekti\u011fi hurda araba, tar\u0131m aleti, u\u00e7ak ve otob\u00fcs foto\u011fraflar\u0131 yer al\u0131yor. Da\u011fdo\u011fan Sadrazam, sergi hakk\u0131nda \u015fu ifadeleri kulland\u0131 \u201cBu [&hellip;]<\/p>\n","protected":false},"author":1,"featured_media":7267,"comment_status":"open","ping_status":"open","sticky":false,"template":"","format":"standard","meta":{"jnews-multi-image_gallery":[],"jnews_single_post":[],"jnews_primary_category":[],"jnews_social_meta":[],"jnews_override_counter":[],"footnotes":""},"categories":[6],"tags":[],"class_list":["post-7266","post","type-post","status-publish","format-standard","has-post-thumbnail","hentry","category-yasam"],"yoast_head":"<!-- This site is optimized with the Yoast SEO plugin v27.5 - https:\/\/yoast.com\/product\/yoast-seo-wordpress\/ -->\n<title>Ercan Havaliman\u0131\u2019nda Da\u011fdo\u011fan Sadrazam\u2019\u0131n \u201cK\u0131br\u0131s\u2019\u0131n Hurdalar\u0131\u201d foto\u011fraf sergisi a\u00e7\u0131ld\u0131 - Kuzeyin Sesi<\/title>\n<meta name=\"robots\" content=\"index, follow, max-snippet:-1, max-image-preview:large, max-video-preview:-1\" \/>\n<link rel=\"canonical\" href=\"https:\/\/kuzeyinsesi.org\/index.php\/2024\/08\/01\/ercan-havalimaninda-dagdogan-sadrazamin-kibrisin-hurdalari-fotograf-sergisi-acildi\/\" \/>\n<meta property=\"og:locale\" content=\"tr_TR\" \/>\n<meta property=\"og:type\" content=\"article\" \/>\n<meta property=\"og:title\" content=\"Ercan Havaliman\u0131\u2019nda Da\u011fdo\u011fan Sadrazam\u2019\u0131n \u201cK\u0131br\u0131s\u2019\u0131n Hurdalar\u0131\u201d foto\u011fraf sergisi a\u00e7\u0131ld\u0131 - Kuzeyin Sesi\" \/>\n<meta property=\"og:description\" content=\"Ercan Havaliman\u0131\u2019nda Da\u011fdo\u011fan Sadrazam\u2019\u0131n foto\u011fraflar\u0131ndan olu\u015fan sergi a\u00e7\u0131ld\u0131. T&amp;T Havaliman\u0131 \u0130\u015fletmecili\u011fi\u2019nden verilen bilgiye g\u00f6re, Da\u011fdo\u011fan Sadrazam taraf\u0131ndan \u00e7ekilen foto\u011fraflar\u0131n yer ald\u0131\u011f\u0131 \u201cK\u0131br\u0131s\u2019\u0131n Hurdalar\u0131\u201d isimli sergi, giden yolcu b\u00f6l\u00fcm\u00fcndeki sergi alan\u0131nda kuruldu. Sergide, Sadrazam\u2019\u0131n K\u0131br\u0131s\u2019\u0131n farkl\u0131 yerlerinde \u00e7ekti\u011fi hurda araba, tar\u0131m aleti, u\u00e7ak ve otob\u00fcs foto\u011fraflar\u0131 yer al\u0131yor. Da\u011fdo\u011fan Sadrazam, sergi hakk\u0131nda \u015fu ifadeleri kulland\u0131 \u201cBu [&hellip;]\" \/>\n<meta property=\"og:url\" content=\"https:\/\/kuzeyinsesi.org\/index.php\/2024\/08\/01\/ercan-havalimaninda-dagdogan-sadrazamin-kibrisin-hurdalari-fotograf-sergisi-acildi\/\" \/>\n<meta property=\"og:site_name\" content=\"Kuzeyin Sesi\" \/>\n<meta property=\"article:publisher\" content=\"https:\/\/www.facebook.com\/kuzeyinsesii\" \/>\n<meta property=\"article:published_time\" content=\"2024-07-31T22:01:58+00:00\" \/>\n<meta property=\"og:image\" content=\"https:\/\/brtk.net\/wp-content\/uploads\/2024\/07\/31\/ercan-sergi-2-1-scaled.jpeg?ver=88890c2434aea67170767712c54e6e7d\" \/>\n<meta name=\"author\" content=\"Kuzeyin Sesi\" \/>\n<meta name=\"twitter:card\" content=\"summary_large_image\" \/>\n<meta name=\"twitter:creator\" content=\"@kuzeyinsesii\" \/>\n<meta name=\"twitter:site\" content=\"@kuzeyinsesii\" \/>\n<meta name=\"twitter:label1\" content=\"Yazan:\" \/>\n\t<meta name=\"twitter:data1\" content=\"Kuzeyin Sesi\" \/>\n\t<meta name=\"twitter:label2\" content=\"Tahmini okuma s\u00fcresi\" \/>\n\t<meta name=\"twitter:data2\" content=\"2 dakika\" \/>\n<script type=\"application\/ld+json\" class=\"yoast-schema-graph\">{\"@context\":\"https:\\\/\\\/schema.org\",\"@graph\":[{\"@type\":\"Article\",\"@id\":\"https:\\\/\\\/kuzeyinsesi.org\\\/index.php\\\/2024\\\/08\\\/01\\\/ercan-havalimaninda-dagdogan-sadrazamin-kibrisin-hurdalari-fotograf-sergisi-acildi\\\/#article\",\"isPartOf\":{\"@id\":\"https:\\\/\\\/kuzeyinsesi.org\\\/index.php\\\/2024\\\/08\\\/01\\\/ercan-havalimaninda-dagdogan-sadrazamin-kibrisin-hurdalari-fotograf-sergisi-acildi\\\/\"},\"author\":{\"name\":\"Kuzeyin Sesi\",\"@id\":\"https:\\\/\\\/kuzeyinsesi.org\\\/#\\\/schema\\\/person\\\/9f859689cdf01485597712386e37f5aa\"},\"headline\":\"Ercan Havaliman\u0131\u2019nda Da\u011fdo\u011fan Sadrazam\u2019\u0131n \u201cK\u0131br\u0131s\u2019\u0131n Hurdalar\u0131\u201d foto\u011fraf sergisi a\u00e7\u0131ld\u0131\",\"datePublished\":\"2024-07-31T22:01:58+00:00\",\"mainEntityOfPage\":{\"@id\":\"https:\\\/\\\/kuzeyinsesi.org\\\/index.php\\\/2024\\\/08\\\/01\\\/ercan-havalimaninda-dagdogan-sadrazamin-kibrisin-hurdalari-fotograf-sergisi-acildi\\\/\"},\"wordCount\":433,\"commentCount\":0,\"image\":{\"@id\":\"https:\\\/\\\/kuzeyinsesi.org\\\/index.php\\\/2024\\\/08\\\/01\\\/ercan-havalimaninda-dagdogan-sadrazamin-kibrisin-hurdalari-fotograf-sergisi-acildi\\\/#primaryimage\"},\"thumbnailUrl\":\"https:\\\/\\\/kuzeyinsesi.org\\\/wp-content\\\/uploads\\\/2024\\\/08\\\/ercan-sergi-1-1-scaled.jpeg\",\"articleSection\":[\"Ya\u015fam\"],\"inLanguage\":\"tr\",\"potentialAction\":[{\"@type\":\"CommentAction\",\"name\":\"Comment\",\"target\":[\"https:\\\/\\\/kuzeyinsesi.org\\\/index.php\\\/2024\\\/08\\\/01\\\/ercan-havalimaninda-dagdogan-sadrazamin-kibrisin-hurdalari-fotograf-sergisi-acildi\\\/#respond\"]}]},{\"@type\":\"WebPage\",\"@id\":\"https:\\\/\\\/kuzeyinsesi.org\\\/index.php\\\/2024\\\/08\\\/01\\\/ercan-havalimaninda-dagdogan-sadrazamin-kibrisin-hurdalari-fotograf-sergisi-acildi\\\/\",\"url\":\"https:\\\/\\\/kuzeyinsesi.org\\\/index.php\\\/2024\\\/08\\\/01\\\/ercan-havalimaninda-dagdogan-sadrazamin-kibrisin-hurdalari-fotograf-sergisi-acildi\\\/\",\"name\":\"Ercan Havaliman\u0131\u2019nda Da\u011fdo\u011fan Sadrazam\u2019\u0131n \u201cK\u0131br\u0131s\u2019\u0131n Hurdalar\u0131\u201d foto\u011fraf sergisi a\u00e7\u0131ld\u0131 - Kuzeyin Sesi\",\"isPartOf\":{\"@id\":\"https:\\\/\\\/kuzeyinsesi.org\\\/#website\"},\"primaryImageOfPage\":{\"@id\":\"https:\\\/\\\/kuzeyinsesi.org\\\/index.php\\\/2024\\\/08\\\/01\\\/ercan-havalimaninda-dagdogan-sadrazamin-kibrisin-hurdalari-fotograf-sergisi-acildi\\\/#primaryimage\"},\"image\":{\"@id\":\"https:\\\/\\\/kuzeyinsesi.org\\\/index.php\\\/2024\\\/08\\\/01\\\/ercan-havalimaninda-dagdogan-sadrazamin-kibrisin-hurdalari-fotograf-sergisi-acildi\\\/#primaryimage\"},\"thumbnailUrl\":\"https:\\\/\\\/kuzeyinsesi.org\\\/wp-content\\\/uploads\\\/2024\\\/08\\\/ercan-sergi-1-1-scaled.jpeg\",\"datePublished\":\"2024-07-31T22:01:58+00:00\",\"author\":{\"@id\":\"https:\\\/\\\/kuzeyinsesi.org\\\/#\\\/schema\\\/person\\\/9f859689cdf01485597712386e37f5aa\"},\"breadcrumb\":{\"@id\":\"https:\\\/\\\/kuzeyinsesi.org\\\/index.php\\\/2024\\\/08\\\/01\\\/ercan-havalimaninda-dagdogan-sadrazamin-kibrisin-hurdalari-fotograf-sergisi-acildi\\\/#breadcrumb\"},\"inLanguage\":\"tr\",\"potentialAction\":[{\"@type\":\"ReadAction\",\"target\":[\"https:\\\/\\\/kuzeyinsesi.org\\\/index.php\\\/2024\\\/08\\\/01\\\/ercan-havalimaninda-dagdogan-sadrazamin-kibrisin-hurdalari-fotograf-sergisi-acildi\\\/\"]}]},{\"@type\":\"ImageObject\",\"inLanguage\":\"tr\",\"@id\":\"https:\\\/\\\/kuzeyinsesi.org\\\/index.php\\\/2024\\\/08\\\/01\\\/ercan-havalimaninda-dagdogan-sadrazamin-kibrisin-hurdalari-fotograf-sergisi-acildi\\\/#primaryimage\",\"url\":\"https:\\\/\\\/kuzeyinsesi.org\\\/wp-content\\\/uploads\\\/2024\\\/08\\\/ercan-sergi-1-1-scaled.jpeg\",\"contentUrl\":\"https:\\\/\\\/kuzeyinsesi.org\\\/wp-content\\\/uploads\\\/2024\\\/08\\\/ercan-sergi-1-1-scaled.jpeg\",\"width\":2560,\"height\":1920},{\"@type\":\"BreadcrumbList\",\"@id\":\"https:\\\/\\\/kuzeyinsesi.org\\\/index.php\\\/2024\\\/08\\\/01\\\/ercan-havalimaninda-dagdogan-sadrazamin-kibrisin-hurdalari-fotograf-sergisi-acildi\\\/#breadcrumb\",\"itemListElement\":[{\"@type\":\"ListItem\",\"position\":1,\"name\":\"Anasayfa\",\"item\":\"https:\\\/\\\/kuzeyinsesi.org\\\/\"},{\"@type\":\"ListItem\",\"position\":2,\"name\":\"Ercan Havaliman\u0131\u2019nda Da\u011fdo\u011fan Sadrazam\u2019\u0131n \u201cK\u0131br\u0131s\u2019\u0131n Hurdalar\u0131\u201d foto\u011fraf sergisi a\u00e7\u0131ld\u0131\"}]},{\"@type\":\"WebSite\",\"@id\":\"https:\\\/\\\/kuzeyinsesi.org\\\/#website\",\"url\":\"https:\\\/\\\/kuzeyinsesi.org\\\/\",\"name\":\"Kuzeyin Sesi\",\"description\":\"Do\u011fru Haberin Adresi\",\"potentialAction\":[{\"@type\":\"SearchAction\",\"target\":{\"@type\":\"EntryPoint\",\"urlTemplate\":\"https:\\\/\\\/kuzeyinsesi.org\\\/?s={search_term_string}\"},\"query-input\":{\"@type\":\"PropertyValueSpecification\",\"valueRequired\":true,\"valueName\":\"search_term_string\"}}],\"inLanguage\":\"tr\"},{\"@type\":\"Person\",\"@id\":\"https:\\\/\\\/kuzeyinsesi.org\\\/#\\\/schema\\\/person\\\/9f859689cdf01485597712386e37f5aa\",\"name\":\"Kuzeyin Sesi\",\"image\":{\"@type\":\"ImageObject\",\"inLanguage\":\"tr\",\"@id\":\"https:\\\/\\\/secure.gravatar.com\\\/avatar\\\/bab33852abfd8b282518d6ed81826833d77c3c882d9ab608add591ccace47a44?s=96&d=mm&r=g\",\"url\":\"https:\\\/\\\/secure.gravatar.com\\\/avatar\\\/bab33852abfd8b282518d6ed81826833d77c3c882d9ab608add591ccace47a44?s=96&d=mm&r=g\",\"contentUrl\":\"https:\\\/\\\/secure.gravatar.com\\\/avatar\\\/bab33852abfd8b282518d6ed81826833d77c3c882d9ab608add591ccace47a44?s=96&d=mm&r=g\",\"caption\":\"Kuzeyin Sesi\"},\"sameAs\":[\"https:\\\/\\\/kuzeyinsesi.org\"],\"url\":\"https:\\\/\\\/kuzeyinsesi.org\\\/index.php\\\/author\\\/guven\\\/\"}]}<\/script>\n<!-- \/ Yoast SEO plugin. -->","yoast_head_json":{"title":"Ercan Havaliman\u0131\u2019nda Da\u011fdo\u011fan Sadrazam\u2019\u0131n \u201cK\u0131br\u0131s\u2019\u0131n Hurdalar\u0131\u201d foto\u011fraf sergisi a\u00e7\u0131ld\u0131 - Kuzeyin Sesi","robots":{"index":"index","follow":"follow","max-snippet":"max-snippet:-1","max-image-preview":"max-image-preview:large","max-video-preview":"max-video-preview:-1"},"canonical":"https:\/\/kuzeyinsesi.org\/index.php\/2024\/08\/01\/ercan-havalimaninda-dagdogan-sadrazamin-kibrisin-hurdalari-fotograf-sergisi-acildi\/","og_locale":"tr_TR","og_type":"article","og_title":"Ercan Havaliman\u0131\u2019nda Da\u011fdo\u011fan Sadrazam\u2019\u0131n \u201cK\u0131br\u0131s\u2019\u0131n Hurdalar\u0131\u201d foto\u011fraf sergisi a\u00e7\u0131ld\u0131 - Kuzeyin Sesi","og_description":"Ercan Havaliman\u0131\u2019nda Da\u011fdo\u011fan Sadrazam\u2019\u0131n foto\u011fraflar\u0131ndan olu\u015fan sergi a\u00e7\u0131ld\u0131. T&amp;T Havaliman\u0131 \u0130\u015fletmecili\u011fi\u2019nden verilen bilgiye g\u00f6re, Da\u011fdo\u011fan Sadrazam taraf\u0131ndan \u00e7ekilen foto\u011fraflar\u0131n yer ald\u0131\u011f\u0131 \u201cK\u0131br\u0131s\u2019\u0131n Hurdalar\u0131\u201d isimli sergi, giden yolcu b\u00f6l\u00fcm\u00fcndeki sergi alan\u0131nda kuruldu. Sergide, Sadrazam\u2019\u0131n K\u0131br\u0131s\u2019\u0131n farkl\u0131 yerlerinde \u00e7ekti\u011fi hurda araba, tar\u0131m aleti, u\u00e7ak ve otob\u00fcs foto\u011fraflar\u0131 yer al\u0131yor. Da\u011fdo\u011fan Sadrazam, sergi hakk\u0131nda \u015fu ifadeleri kulland\u0131 \u201cBu [&hellip;]","og_url":"https:\/\/kuzeyinsesi.org\/index.php\/2024\/08\/01\/ercan-havalimaninda-dagdogan-sadrazamin-kibrisin-hurdalari-fotograf-sergisi-acildi\/","og_site_name":"Kuzeyin Sesi","article_publisher":"https:\/\/www.facebook.com\/kuzeyinsesii","article_published_time":"2024-07-31T22:01:58+00:00","og_image":[{"url":"https:\/\/brtk.net\/wp-content\/uploads\/2024\/07\/31\/ercan-sergi-2-1-scaled.jpeg?ver=88890c2434aea67170767712c54e6e7d","type":"","width":"","height":""}],"author":"Kuzeyin Sesi","twitter_card":"summary_large_image","twitter_creator":"@kuzeyinsesii","twitter_site":"@kuzeyinsesii","twitter_misc":{"Yazan:":"Kuzeyin Sesi","Tahmini okuma s\u00fcresi":"2 dakika"},"schema":{"@context":"https:\/\/schema.org","@graph":[{"@type":"Article","@id":"https:\/\/kuzeyinsesi.org\/index.php\/2024\/08\/01\/ercan-havalimaninda-dagdogan-sadrazamin-kibrisin-hurdalari-fotograf-sergisi-acildi\/#article","isPartOf":{"@id":"https:\/\/kuzeyinsesi.org\/index.php\/2024\/08\/01\/ercan-havalimaninda-dagdogan-sadrazamin-kibrisin-hurdalari-fotograf-sergisi-acildi\/"},"author":{"name":"Kuzeyin Sesi","@id":"https:\/\/kuzeyinsesi.org\/#\/schema\/person\/9f859689cdf01485597712386e37f5aa"},"headline":"Ercan Havaliman\u0131\u2019nda Da\u011fdo\u011fan Sadrazam\u2019\u0131n \u201cK\u0131br\u0131s\u2019\u0131n Hurdalar\u0131\u201d foto\u011fraf sergisi a\u00e7\u0131ld\u0131","datePublished":"2024-07-31T22:01:58+00:00","mainEntityOfPage":{"@id":"https:\/\/kuzeyinsesi.org\/index.php\/2024\/08\/01\/ercan-havalimaninda-dagdogan-sadrazamin-kibrisin-hurdalari-fotograf-sergisi-acildi\/"},"wordCount":433,"commentCount":0,"image":{"@id":"https:\/\/kuzeyinsesi.org\/index.php\/2024\/08\/01\/ercan-havalimaninda-dagdogan-sadrazamin-kibrisin-hurdalari-fotograf-sergisi-acildi\/#primaryimage"},"thumbnailUrl":"https:\/\/kuzeyinsesi.org\/wp-content\/uploads\/2024\/08\/ercan-sergi-1-1-scaled.jpeg","articleSection":["Ya\u015fam"],"inLanguage":"tr","potentialAction":[{"@type":"CommentAction","name":"Comment","target":["https:\/\/kuzeyinsesi.org\/index.php\/2024\/08\/01\/ercan-havalimaninda-dagdogan-sadrazamin-kibrisin-hurdalari-fotograf-sergisi-acildi\/#respond"]}]},{"@type":"WebPage","@id":"https:\/\/kuzeyinsesi.org\/index.php\/2024\/08\/01\/ercan-havalimaninda-dagdogan-sadrazamin-kibrisin-hurdalari-fotograf-sergisi-acildi\/","url":"https:\/\/kuzeyinsesi.org\/index.php\/2024\/08\/01\/ercan-havalimaninda-dagdogan-sadrazamin-kibrisin-hurdalari-fotograf-sergisi-acildi\/","name":"Ercan Havaliman\u0131\u2019nda Da\u011fdo\u011fan Sadrazam\u2019\u0131n \u201cK\u0131br\u0131s\u2019\u0131n Hurdalar\u0131\u201d foto\u011fraf sergisi a\u00e7\u0131ld\u0131 - Kuzeyin Sesi","isPartOf":{"@id":"https:\/\/kuzeyinsesi.org\/#website"},"primaryImageOfPage":{"@id":"https:\/\/kuzeyinsesi.org\/index.php\/2024\/08\/01\/ercan-havalimaninda-dagdogan-sadrazamin-kibrisin-hurdalari-fotograf-sergisi-acildi\/#primaryimage"},"image":{"@id":"https:\/\/kuzeyinsesi.org\/index.php\/2024\/08\/01\/ercan-havalimaninda-dagdogan-sadrazamin-kibrisin-hurdalari-fotograf-sergisi-acildi\/#primaryimage"},"thumbnailUrl":"https:\/\/kuzeyinsesi.org\/wp-content\/uploads\/2024\/08\/ercan-sergi-1-1-scaled.jpeg","datePublished":"2024-07-31T22:01:58+00:00","author":{"@id":"https:\/\/kuzeyinsesi.org\/#\/schema\/person\/9f859689cdf01485597712386e37f5aa"},"breadcrumb":{"@id":"https:\/\/kuzeyinsesi.org\/index.php\/2024\/08\/01\/ercan-havalimaninda-dagdogan-sadrazamin-kibrisin-hurdalari-fotograf-sergisi-acildi\/#breadcrumb"},"inLanguage":"tr","potentialAction":[{"@type":"ReadAction","target":["https:\/\/kuzeyinsesi.org\/index.php\/2024\/08\/01\/ercan-havalimaninda-dagdogan-sadrazamin-kibrisin-hurdalari-fotograf-sergisi-acildi\/"]}]},{"@type":"ImageObject","inLanguage":"tr","@id":"https:\/\/kuzeyinsesi.org\/index.php\/2024\/08\/01\/ercan-havalimaninda-dagdogan-sadrazamin-kibrisin-hurdalari-fotograf-sergisi-acildi\/#primaryimage","url":"https:\/\/kuzeyinsesi.org\/wp-content\/uploads\/2024\/08\/ercan-sergi-1-1-scaled.jpeg","contentUrl":"https:\/\/kuzeyinsesi.org\/wp-content\/uploads\/2024\/08\/ercan-sergi-1-1-scaled.jpeg","width":2560,"height":1920},{"@type":"BreadcrumbList","@id":"https:\/\/kuzeyinsesi.org\/index.php\/2024\/08\/01\/ercan-havalimaninda-dagdogan-sadrazamin-kibrisin-hurdalari-fotograf-sergisi-acildi\/#breadcrumb","itemListElement":[{"@type":"ListItem","position":1,"name":"Anasayfa","item":"https:\/\/kuzeyinsesi.org\/"},{"@type":"ListItem","position":2,"name":"Ercan Havaliman\u0131\u2019nda Da\u011fdo\u011fan Sadrazam\u2019\u0131n \u201cK\u0131br\u0131s\u2019\u0131n Hurdalar\u0131\u201d foto\u011fraf sergisi a\u00e7\u0131ld\u0131"}]},{"@type":"WebSite","@id":"https:\/\/kuzeyinsesi.org\/#website","url":"https:\/\/kuzeyinsesi.org\/","name":"Kuzeyin Sesi","description":"Do\u011fru Haberin Adresi","potentialAction":[{"@type":"SearchAction","target":{"@type":"EntryPoint","urlTemplate":"https:\/\/kuzeyinsesi.org\/?s={search_term_string}"},"query-input":{"@type":"PropertyValueSpecification","valueRequired":true,"valueName":"search_term_string"}}],"inLanguage":"tr"},{"@type":"Person","@id":"https:\/\/kuzeyinsesi.org\/#\/schema\/person\/9f859689cdf01485597712386e37f5aa","name":"Kuzeyin Sesi","image":{"@type":"ImageObject","inLanguage":"tr","@id":"https:\/\/secure.gravatar.com\/avatar\/bab33852abfd8b282518d6ed81826833d77c3c882d9ab608add591ccace47a44?s=96&d=mm&r=g","url":"https:\/\/secure.gravatar.com\/avatar\/bab33852abfd8b282518d6ed81826833d77c3c882d9ab608add591ccace47a44?s=96&d=mm&r=g","contentUrl":"https:\/\/secure.gravatar.com\/avatar\/bab33852abfd8b282518d6ed81826833d77c3c882d9ab608add591ccace47a44?s=96&d=mm&r=g","caption":"Kuzeyin Sesi"},"sameAs":["https:\/\/kuzeyinsesi.org"],"url":"https:\/\/kuzeyinsesi.org\/index.php\/author\/guven\/"}]}},"_links":{"self":[{"href":"https:\/\/kuzeyinsesi.org\/index.php\/wp-json\/wp\/v2\/posts\/7266","targetHints":{"allow":["GET"]}}],"collection":[{"href":"https:\/\/kuzeyinsesi.org\/index.php\/wp-json\/wp\/v2\/posts"}],"about":[{"href":"https:\/\/kuzeyinsesi.org\/index.php\/wp-json\/wp\/v2\/types\/post"}],"author":[{"embeddable":true,"href":"https:\/\/kuzeyinsesi.org\/index.php\/wp-json\/wp\/v2\/users\/1"}],"replies":[{"embeddable":true,"href":"https:\/\/kuzeyinsesi.org\/index.php\/wp-json\/wp\/v2\/comments?post=7266"}],"version-history":[{"count":0,"href":"https:\/\/kuzeyinsesi.org\/index.php\/wp-json\/wp\/v2\/posts\/7266\/revisions"}],"wp:featuredmedia":[{"embeddable":true,"href":"https:\/\/kuzeyinsesi.org\/index.php\/wp-json\/wp\/v2\/media\/7267"}],"wp:attachment":[{"href":"https:\/\/kuzeyinsesi.org\/index.php\/wp-json\/wp\/v2\/media?parent=7266"}],"wp:term":[{"taxonomy":"category","embeddable":true,"href":"https:\/\/kuzeyinsesi.org\/index.php\/wp-json\/wp\/v2\/categories?post=7266"},{"taxonomy":"post_tag","embeddable":true,"href":"https:\/\/kuzeyinsesi.org\/index.php\/wp-json\/wp\/v2\/tags?post=7266"}],"curies":[{"name":"wp","href":"https:\/\/api.w.org\/{rel}","templated":true}]}}