{"id":719,"date":"2024-04-27T17:09:27","date_gmt":"2024-04-27T14:09:27","guid":{"rendered":"https:\/\/kuzeyinsesi.com\/index.php\/2024\/04\/27\/adiyamandaki-aileler-bugun-donuyorguclusoymahkeme-heyetinin-taleplerimizi-dikkate-alarak-yeni-bir-universiteden-yeni-bir-rapor-istemesi-karari-olumlu\/"},"modified":"2024-04-27T17:09:27","modified_gmt":"2024-04-27T14:09:27","slug":"adiyamandaki-aileler-bugun-donuyorguclusoymahkeme-heyetinin-taleplerimizi-dikkate-alarak-yeni-bir-universiteden-yeni-bir-rapor-istemesi-karari-olumlu","status":"publish","type":"post","link":"https:\/\/kuzeyinsesi.org\/index.php\/2024\/04\/27\/adiyamandaki-aileler-bugun-donuyorguclusoymahkeme-heyetinin-taleplerimizi-dikkate-alarak-yeni-bir-universiteden-yeni-bir-rapor-istemesi-karari-olumlu\/","title":{"rendered":"Ad\u0131yaman\u2019daki aileler bug\u00fcn d\u00f6n\u00fcyor\u2026G\u00fc\u00e7l\u00fcsoy:Mahkeme heyetinin taleplerimizi dikkate alarak yeni bir \u00fcniversiteden, yeni bir rapor istemesi karar\u0131 olumlu"},"content":{"rendered":"<div>\n<div class=\"mariselle-image-container center\">\n                                            <\/div>\n<p>Ad\u0131yaman 3. A\u011f\u0131r Ceza Mahkemesi\u2019nde d\u00fcn g\u00f6r\u00fc\u015f\u00fclen \u0130sias Otel davas\u0131 ard\u0131ndan \u015eampiyon Meleklerin aileleri bug\u00fcn yurda d\u00f6n\u00fcyor. <\/p>\n<p>Heyet \u0130stanbul \u00fczerinden bug\u00fcn ak\u015fam saatlerinde KKTC\u2019ye gelecek. <\/p>\n<p>\u0130sias Otel davas\u0131n\u0131n ikinci duru\u015fmas\u0131 d\u00fcn Ad\u0131yaman 3. A\u011f\u0131r Ceza Mahkemesi\u2019nde g\u00f6r\u00fc\u015f\u00fclm\u00fc\u015f ve mahkemede ara kararlar al\u0131nm\u0131\u015ft\u0131. <\/p>\n<p>Mahkemenin ald\u0131\u011f\u0131 ara karara g\u00f6re; tutuklu san\u0131klar Ahmet Bozkurt, Mehmet Fatih Bozkurt ve Erdem Y\u0131ld\u0131z\u2019\u0131n tutukluluk hallerinin devam\u0131na, 8 san\u0131\u011f\u0131n adli kontrol \u015fart\u0131yla tutuksuz yarg\u0131lanmas\u0131na ayr\u0131ca; Gazi \u00dcniversitesi d\u0131\u015f\u0131nda m\u00fcmk\u00fcnse teknik bir \u00fcniversiteden yeniden bilirki\u015fi raporu talep edilmesine karar verilmi\u015fti. Mahkeme, bir sonraki duru\u015fma tarihini de 12 Haziran saat 10.00 olarak belirledi. <\/p>\n<div class=\"mariselle-image-container center\">\n                <img decoding=\"async\" width=\"1080\" height=\"607\" class=\"lazy-image\" alt=\"\" sizes=\"(max-width: 1080px) 100vw, 1080px\" src=\"https:\/\/brtk.net\/wp-content\/uploads\/2024\/04\/27\/durali-guclusoy.jpg?ver=e991577c8a4987909e703cc5f0b8fc57\" srcset=\"https:\/\/brtk.net\/wp-content\/uploads\/2024\/04\/27\/durali-guclusoy.jpg?ver=e991577c8a4987909e703cc5f0b8fc57 1080w, https:\/\/brtk.net\/wp-content\/uploads\/2024\/04\/27\/durali-guclusoy-300x169.jpg?ver=72db6abc4af8e7d8854919818f520328 300w, https:\/\/brtk.net\/wp-content\/uploads\/2024\/04\/27\/durali-guclusoy-1024x576.jpg?ver=72db6abc4af8e7d8854919818f520328 1024w, https:\/\/brtk.net\/wp-content\/uploads\/2024\/04\/27\/durali-guclusoy-768x432.jpg?ver=72db6abc4af8e7d8854919818f520328 768w\"\/>                            <\/div>\n<p>Devlet Planlama \u00d6rg\u00fct\u00fc M\u00fcste\u015far\u0131 Durali G\u00fc\u00e7l\u00fcsoy, \u0130sias Davas\u0131 mahkeme s\u00fcrecinin uzun ve me\u015fakkatli olaca\u011f\u0131n\u0131, bunun bilincinde ve fark\u0131nda olduklar\u0131n\u0131 s\u00f6yledi. <\/p>\n<p>G\u00fc\u00e7l\u00fcsoy, \u201c\u0130lk g\u00fcnden s\u00f6yledi\u011fimiz gibi s\u00fcrecin ve davan\u0131n takip\u00e7isi olacak ve olmaya devam edece\u011fiz. Ailelerimiz ve t\u00fcm halk\u0131m\u0131z bilsin ki \u0130sias ortak davam\u0131z, davam\u0131z\u0131 sonuna kadar takip\u00e7isiyiz. T\u00fcm imkan ve olanaklar\u0131m\u0131zla ailelerimizin yan\u0131nday\u0131z.\u201d dedi. <\/p>\n<p>Durali G\u00fc\u00e7l\u00fcsoy, d\u00fcn g\u00f6r\u00fc\u015f\u00fclen \u0130sias Otel ikinci duru\u015fmas\u0131 sonras\u0131 TAK muhabirine de\u011ferlendirmelerde bulundu.<\/p>\n<p>G\u00fc\u00e7l\u00fcsoy, s\u00fcre\u00e7 hakk\u0131nda bilgi vererek, \u0130sias Otel davas\u0131n\u0131n birinci duru\u015fmas\u0131nda avukatlarla tan\u0131klar\u0131n s\u00f6ylem ve ifadelerini g\u00fc\u00e7lendirmek, kan\u0131tlamak, mahkeme heyetine sunmak i\u00e7in, T\u00fcrkiye Cumhuriyeti\u2019nde konusunda uzman ve otorite \u00fc\u00e7  ayr\u0131 bilirki\u015fi heyetinden 3 ayr\u0131 rapor haz\u0131rlamalar\u0131 konusunda gerekli giri\u015fimleri ba\u015flatt\u0131klar\u0131n\u0131 an\u0131msatt\u0131. <\/p>\n<p>Haz\u0131rlanan raporlar\u0131n d\u00fcn mahkemeye sunuldu\u011funu ifade eden G\u00fc\u00e7l\u00fcsoy, s\u00fcre\u00e7 i\u00e7inde duru\u015fmaya eksiksiz ve haz\u0131r gidilebilmesi amac\u0131yla uzmanlar ve avukatlarla isti\u015fare i\u00e7inde \u00e7al\u0131\u015ft\u0131klar\u0131n\u0131 s\u00f6yledi. <\/p>\n<p>G\u00fc\u00e7l\u00fcsoy, mahkemede raporlar\u0131 haz\u0131rlayan bilirki\u015fi heyeti temsilcilerinin de haz\u0131r bulundu\u011funu an\u0131msatarak, \u201cDaha \u00f6nce mahkeme heyeti taraf\u0131ndan istenen baz\u0131 raporlardaki tutars\u0131zl\u0131klar\u0131 ve g\u00f6z ard\u0131 edilen bir\u00e7ok unsuru bilirki\u015fi heyetlerimizin raporlar\u0131nda mahkeme heyetine sunduk.\u201d dedi. <\/p>\n<p>Davan\u0131n 12 Haziran\u2019a ertelendi\u011fini an\u0131msatan G\u00fc\u00e7l\u00fcsoy, mahkeme heyetinin taleplerini dikkate alarak yeni bir \u00fcniversiteden, yeni bir rapor istemesi karar\u0131n\u0131 olumlu bulduklar\u0131n\u0131 vurgulad\u0131. <\/p>\n<p>G\u00fc\u00e7l\u00fcsoy \u015f\u00f6yle devam etti:<br \/>\u201cBizim a\u00e7\u0131m\u0131zdan olumlu bir karar. Biz \u00fc\u00e7 ayr\u0131 uzman bilirki\u015fi heyetlerine haz\u0131rlatt\u0131\u011f\u0131m\u0131z raporlardaki eksik, tutars\u0131z ve g\u00f6z ard\u0131 edilen t\u00fcm unsur ve konular\u0131 bilimsel ger\u00e7eklerle belgeleyerek, mahkeme heyetine sunmu\u015ftuk. Al\u0131nan ara karar yapt\u0131\u011f\u0131m\u0131z t\u00fcm hamlelerin yerinde ve do\u011fru oldu\u011funun i\u015faretidir. 12 Haziran\u2019daki duru\u015fmada ayni inan\u00e7 ve kararl\u0131l\u0131kla haz\u0131r olaca\u011f\u0131z. Yine t\u00fcm bilimsel verileri ve kan\u0131t nitelikli t\u00fcm bilgi ve belgeleri avukatlar\u0131m\u0131zla g\u00fcncelleyip davaya haz\u0131r olaca\u011f\u0131z. 12 Haziran\u2019daki duru\u015fmada ortak davam\u0131z\u0131n inan\u00e7 birlikteli\u011fiyle ailelerimizle davada haz\u0131r olaca\u011f\u0131z. Meleklere verdi\u011fimiz s\u00f6z\u00fc yerine getirene kadar m\u00fccadelemiz s\u00fcrecek.\u201d<\/p>\n<p>-A\u00e7\u0131klamalar<br \/>K\u0131br\u0131s T\u00fcrk Barolar Birli\u011fi Ba\u015fkan\u0131 Hasan Esenda\u011fl\u0131 mahkeme ard\u0131ndan d\u00fcn al\u0131nan ara karar\u0131 de\u011ferlendirmi\u015f ve kararlar\u0131n \u00f6ng\u00f6r\u00fclerine uygun \u00e7\u0131kt\u0131\u011f\u0131n\u0131 belirtilmi\u015fti. Esenda\u011fl\u0131, Gazi \u00dcniversitesi haricinde m\u00fcmk\u00fcnse teknik bir \u00fcniversiteden yeni bilirki\u015fi raporu istenmesinin \u00f6nemli oldu\u011funu belirtmi\u015fti. <\/p>\n<p>\u015eampiyon Melekleri Ya\u015fatma Derne\u011fi Ba\u015fkan\u0131 Ru\u015fen Y\u00fccesoylu  Karakaya da ger\u00e7eklerin raporlarla ortada oldu\u011funu ifade ederek, m\u00fccadelelerinin bitmedi\u011fini s\u00f6ylemi\u015fti. <\/p>\n<p>Karakaya a\u00e7\u0131klamas\u0131nda, \u201cBizi y\u0131ld\u0131ramazlar, Cinayet i\u015flediler, cezas\u0131n\u0131 \u00e7ekecekler.\u201d demi\u015fti.<\/p>\n<\/p><\/div>\n<p><script async\n                    defer\n                    crossorigin=\"anonymous\"\n                    src=\"https:\/\/connect.facebook.net\/tr_TR\/sdk.js#xfbml=1&#038;version=v3.3\"\n            ><\/script><\/p>\n","protected":false},"excerpt":{"rendered":"<p>Ad\u0131yaman 3. A\u011f\u0131r Ceza Mahkemesi\u2019nde d\u00fcn g\u00f6r\u00fc\u015f\u00fclen \u0130sias Otel davas\u0131 ard\u0131ndan \u015eampiyon Meleklerin aileleri bug\u00fcn yurda d\u00f6n\u00fcyor. Heyet \u0130stanbul \u00fczerinden bug\u00fcn ak\u015fam saatlerinde KKTC\u2019ye gelecek. \u0130sias Otel davas\u0131n\u0131n ikinci duru\u015fmas\u0131 d\u00fcn Ad\u0131yaman 3. A\u011f\u0131r Ceza Mahkemesi\u2019nde g\u00f6r\u00fc\u015f\u00fclm\u00fc\u015f ve mahkemede ara kararlar al\u0131nm\u0131\u015ft\u0131. Mahkemenin ald\u0131\u011f\u0131 ara karara g\u00f6re; tutuklu san\u0131klar Ahmet Bozkurt, Mehmet Fatih Bozkurt ve [&hellip;]<\/p>\n","protected":false},"author":1,"featured_media":720,"comment_status":"open","ping_status":"open","sticky":false,"template":"","format":"standard","meta":{"jnews-multi-image_gallery":[],"jnews_single_post":[],"jnews_primary_category":[],"jnews_social_meta":[],"jnews_override_counter":[],"footnotes":""},"categories":[1],"tags":[],"class_list":["post-719","post","type-post","status-publish","format-standard","has-post-thumbnail","hentry","category-kibris"],"yoast_head":"<!-- This site is optimized with the Yoast SEO plugin v27.5 - https:\/\/yoast.com\/product\/yoast-seo-wordpress\/ -->\n<title>Ad\u0131yaman\u2019daki aileler bug\u00fcn d\u00f6n\u00fcyor\u2026G\u00fc\u00e7l\u00fcsoy:Mahkeme heyetinin taleplerimizi dikkate alarak yeni bir \u00fcniversiteden, yeni bir rapor istemesi karar\u0131 olumlu - Kuzeyin Sesi<\/title>\n<meta name=\"robots\" content=\"index, follow, max-snippet:-1, max-image-preview:large, max-video-preview:-1\" \/>\n<link rel=\"canonical\" href=\"https:\/\/kuzeyinsesi.org\/index.php\/2024\/04\/27\/adiyamandaki-aileler-bugun-donuyorguclusoymahkeme-heyetinin-taleplerimizi-dikkate-alarak-yeni-bir-universiteden-yeni-bir-rapor-istemesi-karari-olumlu\/\" \/>\n<meta property=\"og:locale\" content=\"tr_TR\" \/>\n<meta property=\"og:type\" content=\"article\" \/>\n<meta property=\"og:title\" content=\"Ad\u0131yaman\u2019daki aileler bug\u00fcn d\u00f6n\u00fcyor\u2026G\u00fc\u00e7l\u00fcsoy:Mahkeme heyetinin taleplerimizi dikkate alarak yeni bir \u00fcniversiteden, yeni bir rapor istemesi karar\u0131 olumlu - Kuzeyin Sesi\" \/>\n<meta property=\"og:description\" content=\"Ad\u0131yaman 3. A\u011f\u0131r Ceza Mahkemesi\u2019nde d\u00fcn g\u00f6r\u00fc\u015f\u00fclen \u0130sias Otel davas\u0131 ard\u0131ndan \u015eampiyon Meleklerin aileleri bug\u00fcn yurda d\u00f6n\u00fcyor. Heyet \u0130stanbul \u00fczerinden bug\u00fcn ak\u015fam saatlerinde KKTC\u2019ye gelecek. \u0130sias Otel davas\u0131n\u0131n ikinci duru\u015fmas\u0131 d\u00fcn Ad\u0131yaman 3. A\u011f\u0131r Ceza Mahkemesi\u2019nde g\u00f6r\u00fc\u015f\u00fclm\u00fc\u015f ve mahkemede ara kararlar al\u0131nm\u0131\u015ft\u0131. Mahkemenin ald\u0131\u011f\u0131 ara karara g\u00f6re; tutuklu san\u0131klar Ahmet Bozkurt, Mehmet Fatih Bozkurt ve [&hellip;]\" \/>\n<meta property=\"og:url\" content=\"https:\/\/kuzeyinsesi.org\/index.php\/2024\/04\/27\/adiyamandaki-aileler-bugun-donuyorguclusoymahkeme-heyetinin-taleplerimizi-dikkate-alarak-yeni-bir-universiteden-yeni-bir-rapor-istemesi-karari-olumlu\/\" \/>\n<meta property=\"og:site_name\" content=\"Kuzeyin Sesi\" \/>\n<meta property=\"article:publisher\" content=\"https:\/\/www.facebook.com\/kuzeyinsesii\" \/>\n<meta property=\"article:published_time\" content=\"2024-04-27T14:09:27+00:00\" \/>\n<meta property=\"og:image\" content=\"https:\/\/kuzeyinsesi.org\/wp-content\/uploads\/2024\/04\/ampiyon-melekler.jpeg\" \/>\n\t<meta property=\"og:image:width\" content=\"1600\" \/>\n\t<meta property=\"og:image:height\" content=\"1200\" \/>\n\t<meta property=\"og:image:type\" content=\"image\/jpeg\" \/>\n<meta name=\"author\" content=\"Kuzeyin Sesi\" \/>\n<meta name=\"twitter:card\" content=\"summary_large_image\" \/>\n<meta name=\"twitter:creator\" content=\"@kuzeyinsesii\" \/>\n<meta name=\"twitter:site\" content=\"@kuzeyinsesii\" \/>\n<meta name=\"twitter:label1\" content=\"Yazan:\" \/>\n\t<meta name=\"twitter:data1\" content=\"Kuzeyin Sesi\" \/>\n\t<meta name=\"twitter:label2\" content=\"Tahmini okuma s\u00fcresi\" \/>\n\t<meta name=\"twitter:data2\" content=\"3 dakika\" \/>\n<script type=\"application\/ld+json\" class=\"yoast-schema-graph\">{\"@context\":\"https:\\\/\\\/schema.org\",\"@graph\":[{\"@type\":\"Article\",\"@id\":\"https:\\\/\\\/kuzeyinsesi.org\\\/index.php\\\/2024\\\/04\\\/27\\\/adiyamandaki-aileler-bugun-donuyorguclusoymahkeme-heyetinin-taleplerimizi-dikkate-alarak-yeni-bir-universiteden-yeni-bir-rapor-istemesi-karari-olumlu\\\/#article\",\"isPartOf\":{\"@id\":\"https:\\\/\\\/kuzeyinsesi.org\\\/index.php\\\/2024\\\/04\\\/27\\\/adiyamandaki-aileler-bugun-donuyorguclusoymahkeme-heyetinin-taleplerimizi-dikkate-alarak-yeni-bir-universiteden-yeni-bir-rapor-istemesi-karari-olumlu\\\/\"},\"author\":{\"name\":\"Kuzeyin Sesi\",\"@id\":\"https:\\\/\\\/kuzeyinsesi.org\\\/#\\\/schema\\\/person\\\/9f859689cdf01485597712386e37f5aa\"},\"headline\":\"Ad\u0131yaman\u2019daki aileler bug\u00fcn d\u00f6n\u00fcyor\u2026G\u00fc\u00e7l\u00fcsoy:Mahkeme heyetinin taleplerimizi dikkate alarak yeni bir \u00fcniversiteden, yeni bir rapor istemesi karar\u0131 olumlu\",\"datePublished\":\"2024-04-27T14:09:27+00:00\",\"mainEntityOfPage\":{\"@id\":\"https:\\\/\\\/kuzeyinsesi.org\\\/index.php\\\/2024\\\/04\\\/27\\\/adiyamandaki-aileler-bugun-donuyorguclusoymahkeme-heyetinin-taleplerimizi-dikkate-alarak-yeni-bir-universiteden-yeni-bir-rapor-istemesi-karari-olumlu\\\/\"},\"wordCount\":670,\"commentCount\":0,\"image\":{\"@id\":\"https:\\\/\\\/kuzeyinsesi.org\\\/index.php\\\/2024\\\/04\\\/27\\\/adiyamandaki-aileler-bugun-donuyorguclusoymahkeme-heyetinin-taleplerimizi-dikkate-alarak-yeni-bir-universiteden-yeni-bir-rapor-istemesi-karari-olumlu\\\/#primaryimage\"},\"thumbnailUrl\":\"https:\\\/\\\/kuzeyinsesi.org\\\/wp-content\\\/uploads\\\/2024\\\/04\\\/ampiyon-melekler.jpeg\",\"articleSection\":[\"K\u0131br\u0131s\"],\"inLanguage\":\"tr\",\"potentialAction\":[{\"@type\":\"CommentAction\",\"name\":\"Comment\",\"target\":[\"https:\\\/\\\/kuzeyinsesi.org\\\/index.php\\\/2024\\\/04\\\/27\\\/adiyamandaki-aileler-bugun-donuyorguclusoymahkeme-heyetinin-taleplerimizi-dikkate-alarak-yeni-bir-universiteden-yeni-bir-rapor-istemesi-karari-olumlu\\\/#respond\"]}]},{\"@type\":\"WebPage\",\"@id\":\"https:\\\/\\\/kuzeyinsesi.org\\\/index.php\\\/2024\\\/04\\\/27\\\/adiyamandaki-aileler-bugun-donuyorguclusoymahkeme-heyetinin-taleplerimizi-dikkate-alarak-yeni-bir-universiteden-yeni-bir-rapor-istemesi-karari-olumlu\\\/\",\"url\":\"https:\\\/\\\/kuzeyinsesi.org\\\/index.php\\\/2024\\\/04\\\/27\\\/adiyamandaki-aileler-bugun-donuyorguclusoymahkeme-heyetinin-taleplerimizi-dikkate-alarak-yeni-bir-universiteden-yeni-bir-rapor-istemesi-karari-olumlu\\\/\",\"name\":\"Ad\u0131yaman\u2019daki aileler bug\u00fcn d\u00f6n\u00fcyor\u2026G\u00fc\u00e7l\u00fcsoy:Mahkeme heyetinin taleplerimizi dikkate alarak yeni bir \u00fcniversiteden, yeni bir rapor istemesi karar\u0131 olumlu - Kuzeyin Sesi\",\"isPartOf\":{\"@id\":\"https:\\\/\\\/kuzeyinsesi.org\\\/#website\"},\"primaryImageOfPage\":{\"@id\":\"https:\\\/\\\/kuzeyinsesi.org\\\/index.php\\\/2024\\\/04\\\/27\\\/adiyamandaki-aileler-bugun-donuyorguclusoymahkeme-heyetinin-taleplerimizi-dikkate-alarak-yeni-bir-universiteden-yeni-bir-rapor-istemesi-karari-olumlu\\\/#primaryimage\"},\"image\":{\"@id\":\"https:\\\/\\\/kuzeyinsesi.org\\\/index.php\\\/2024\\\/04\\\/27\\\/adiyamandaki-aileler-bugun-donuyorguclusoymahkeme-heyetinin-taleplerimizi-dikkate-alarak-yeni-bir-universiteden-yeni-bir-rapor-istemesi-karari-olumlu\\\/#primaryimage\"},\"thumbnailUrl\":\"https:\\\/\\\/kuzeyinsesi.org\\\/wp-content\\\/uploads\\\/2024\\\/04\\\/ampiyon-melekler.jpeg\",\"datePublished\":\"2024-04-27T14:09:27+00:00\",\"author\":{\"@id\":\"https:\\\/\\\/kuzeyinsesi.org\\\/#\\\/schema\\\/person\\\/9f859689cdf01485597712386e37f5aa\"},\"breadcrumb\":{\"@id\":\"https:\\\/\\\/kuzeyinsesi.org\\\/index.php\\\/2024\\\/04\\\/27\\\/adiyamandaki-aileler-bugun-donuyorguclusoymahkeme-heyetinin-taleplerimizi-dikkate-alarak-yeni-bir-universiteden-yeni-bir-rapor-istemesi-karari-olumlu\\\/#breadcrumb\"},\"inLanguage\":\"tr\",\"potentialAction\":[{\"@type\":\"ReadAction\",\"target\":[\"https:\\\/\\\/kuzeyinsesi.org\\\/index.php\\\/2024\\\/04\\\/27\\\/adiyamandaki-aileler-bugun-donuyorguclusoymahkeme-heyetinin-taleplerimizi-dikkate-alarak-yeni-bir-universiteden-yeni-bir-rapor-istemesi-karari-olumlu\\\/\"]}]},{\"@type\":\"ImageObject\",\"inLanguage\":\"tr\",\"@id\":\"https:\\\/\\\/kuzeyinsesi.org\\\/index.php\\\/2024\\\/04\\\/27\\\/adiyamandaki-aileler-bugun-donuyorguclusoymahkeme-heyetinin-taleplerimizi-dikkate-alarak-yeni-bir-universiteden-yeni-bir-rapor-istemesi-karari-olumlu\\\/#primaryimage\",\"url\":\"https:\\\/\\\/kuzeyinsesi.org\\\/wp-content\\\/uploads\\\/2024\\\/04\\\/ampiyon-melekler.jpeg\",\"contentUrl\":\"https:\\\/\\\/kuzeyinsesi.org\\\/wp-content\\\/uploads\\\/2024\\\/04\\\/ampiyon-melekler.jpeg\",\"width\":1600,\"height\":1200},{\"@type\":\"BreadcrumbList\",\"@id\":\"https:\\\/\\\/kuzeyinsesi.org\\\/index.php\\\/2024\\\/04\\\/27\\\/adiyamandaki-aileler-bugun-donuyorguclusoymahkeme-heyetinin-taleplerimizi-dikkate-alarak-yeni-bir-universiteden-yeni-bir-rapor-istemesi-karari-olumlu\\\/#breadcrumb\",\"itemListElement\":[{\"@type\":\"ListItem\",\"position\":1,\"name\":\"Anasayfa\",\"item\":\"https:\\\/\\\/kuzeyinsesi.org\\\/\"},{\"@type\":\"ListItem\",\"position\":2,\"name\":\"Ad\u0131yaman\u2019daki aileler bug\u00fcn d\u00f6n\u00fcyor\u2026G\u00fc\u00e7l\u00fcsoy:Mahkeme heyetinin taleplerimizi dikkate alarak yeni bir \u00fcniversiteden, yeni bir rapor istemesi karar\u0131 olumlu\"}]},{\"@type\":\"WebSite\",\"@id\":\"https:\\\/\\\/kuzeyinsesi.org\\\/#website\",\"url\":\"https:\\\/\\\/kuzeyinsesi.org\\\/\",\"name\":\"Kuzeyin Sesi\",\"description\":\"Do\u011fru Haberin Adresi\",\"potentialAction\":[{\"@type\":\"SearchAction\",\"target\":{\"@type\":\"EntryPoint\",\"urlTemplate\":\"https:\\\/\\\/kuzeyinsesi.org\\\/?s={search_term_string}\"},\"query-input\":{\"@type\":\"PropertyValueSpecification\",\"valueRequired\":true,\"valueName\":\"search_term_string\"}}],\"inLanguage\":\"tr\"},{\"@type\":\"Person\",\"@id\":\"https:\\\/\\\/kuzeyinsesi.org\\\/#\\\/schema\\\/person\\\/9f859689cdf01485597712386e37f5aa\",\"name\":\"Kuzeyin Sesi\",\"image\":{\"@type\":\"ImageObject\",\"inLanguage\":\"tr\",\"@id\":\"https:\\\/\\\/secure.gravatar.com\\\/avatar\\\/bab33852abfd8b282518d6ed81826833d77c3c882d9ab608add591ccace47a44?s=96&d=mm&r=g\",\"url\":\"https:\\\/\\\/secure.gravatar.com\\\/avatar\\\/bab33852abfd8b282518d6ed81826833d77c3c882d9ab608add591ccace47a44?s=96&d=mm&r=g\",\"contentUrl\":\"https:\\\/\\\/secure.gravatar.com\\\/avatar\\\/bab33852abfd8b282518d6ed81826833d77c3c882d9ab608add591ccace47a44?s=96&d=mm&r=g\",\"caption\":\"Kuzeyin Sesi\"},\"sameAs\":[\"https:\\\/\\\/kuzeyinsesi.org\"],\"url\":\"https:\\\/\\\/kuzeyinsesi.org\\\/index.php\\\/author\\\/guven\\\/\"}]}<\/script>\n<!-- \/ Yoast SEO plugin. -->","yoast_head_json":{"title":"Ad\u0131yaman\u2019daki aileler bug\u00fcn d\u00f6n\u00fcyor\u2026G\u00fc\u00e7l\u00fcsoy:Mahkeme heyetinin taleplerimizi dikkate alarak yeni bir \u00fcniversiteden, yeni bir rapor istemesi karar\u0131 olumlu - Kuzeyin Sesi","robots":{"index":"index","follow":"follow","max-snippet":"max-snippet:-1","max-image-preview":"max-image-preview:large","max-video-preview":"max-video-preview:-1"},"canonical":"https:\/\/kuzeyinsesi.org\/index.php\/2024\/04\/27\/adiyamandaki-aileler-bugun-donuyorguclusoymahkeme-heyetinin-taleplerimizi-dikkate-alarak-yeni-bir-universiteden-yeni-bir-rapor-istemesi-karari-olumlu\/","og_locale":"tr_TR","og_type":"article","og_title":"Ad\u0131yaman\u2019daki aileler bug\u00fcn d\u00f6n\u00fcyor\u2026G\u00fc\u00e7l\u00fcsoy:Mahkeme heyetinin taleplerimizi dikkate alarak yeni bir \u00fcniversiteden, yeni bir rapor istemesi karar\u0131 olumlu - Kuzeyin Sesi","og_description":"Ad\u0131yaman 3. A\u011f\u0131r Ceza Mahkemesi\u2019nde d\u00fcn g\u00f6r\u00fc\u015f\u00fclen \u0130sias Otel davas\u0131 ard\u0131ndan \u015eampiyon Meleklerin aileleri bug\u00fcn yurda d\u00f6n\u00fcyor. Heyet \u0130stanbul \u00fczerinden bug\u00fcn ak\u015fam saatlerinde KKTC\u2019ye gelecek. \u0130sias Otel davas\u0131n\u0131n ikinci duru\u015fmas\u0131 d\u00fcn Ad\u0131yaman 3. A\u011f\u0131r Ceza Mahkemesi\u2019nde g\u00f6r\u00fc\u015f\u00fclm\u00fc\u015f ve mahkemede ara kararlar al\u0131nm\u0131\u015ft\u0131. Mahkemenin ald\u0131\u011f\u0131 ara karara g\u00f6re; tutuklu san\u0131klar Ahmet Bozkurt, Mehmet Fatih Bozkurt ve [&hellip;]","og_url":"https:\/\/kuzeyinsesi.org\/index.php\/2024\/04\/27\/adiyamandaki-aileler-bugun-donuyorguclusoymahkeme-heyetinin-taleplerimizi-dikkate-alarak-yeni-bir-universiteden-yeni-bir-rapor-istemesi-karari-olumlu\/","og_site_name":"Kuzeyin Sesi","article_publisher":"https:\/\/www.facebook.com\/kuzeyinsesii","article_published_time":"2024-04-27T14:09:27+00:00","og_image":[{"width":1600,"height":1200,"url":"https:\/\/kuzeyinsesi.org\/wp-content\/uploads\/2024\/04\/ampiyon-melekler.jpeg","type":"image\/jpeg"}],"author":"Kuzeyin Sesi","twitter_card":"summary_large_image","twitter_creator":"@kuzeyinsesii","twitter_site":"@kuzeyinsesii","twitter_misc":{"Yazan:":"Kuzeyin Sesi","Tahmini okuma s\u00fcresi":"3 dakika"},"schema":{"@context":"https:\/\/schema.org","@graph":[{"@type":"Article","@id":"https:\/\/kuzeyinsesi.org\/index.php\/2024\/04\/27\/adiyamandaki-aileler-bugun-donuyorguclusoymahkeme-heyetinin-taleplerimizi-dikkate-alarak-yeni-bir-universiteden-yeni-bir-rapor-istemesi-karari-olumlu\/#article","isPartOf":{"@id":"https:\/\/kuzeyinsesi.org\/index.php\/2024\/04\/27\/adiyamandaki-aileler-bugun-donuyorguclusoymahkeme-heyetinin-taleplerimizi-dikkate-alarak-yeni-bir-universiteden-yeni-bir-rapor-istemesi-karari-olumlu\/"},"author":{"name":"Kuzeyin Sesi","@id":"https:\/\/kuzeyinsesi.org\/#\/schema\/person\/9f859689cdf01485597712386e37f5aa"},"headline":"Ad\u0131yaman\u2019daki aileler bug\u00fcn d\u00f6n\u00fcyor\u2026G\u00fc\u00e7l\u00fcsoy:Mahkeme heyetinin taleplerimizi dikkate alarak yeni bir \u00fcniversiteden, yeni bir rapor istemesi karar\u0131 olumlu","datePublished":"2024-04-27T14:09:27+00:00","mainEntityOfPage":{"@id":"https:\/\/kuzeyinsesi.org\/index.php\/2024\/04\/27\/adiyamandaki-aileler-bugun-donuyorguclusoymahkeme-heyetinin-taleplerimizi-dikkate-alarak-yeni-bir-universiteden-yeni-bir-rapor-istemesi-karari-olumlu\/"},"wordCount":670,"commentCount":0,"image":{"@id":"https:\/\/kuzeyinsesi.org\/index.php\/2024\/04\/27\/adiyamandaki-aileler-bugun-donuyorguclusoymahkeme-heyetinin-taleplerimizi-dikkate-alarak-yeni-bir-universiteden-yeni-bir-rapor-istemesi-karari-olumlu\/#primaryimage"},"thumbnailUrl":"https:\/\/kuzeyinsesi.org\/wp-content\/uploads\/2024\/04\/ampiyon-melekler.jpeg","articleSection":["K\u0131br\u0131s"],"inLanguage":"tr","potentialAction":[{"@type":"CommentAction","name":"Comment","target":["https:\/\/kuzeyinsesi.org\/index.php\/2024\/04\/27\/adiyamandaki-aileler-bugun-donuyorguclusoymahkeme-heyetinin-taleplerimizi-dikkate-alarak-yeni-bir-universiteden-yeni-bir-rapor-istemesi-karari-olumlu\/#respond"]}]},{"@type":"WebPage","@id":"https:\/\/kuzeyinsesi.org\/index.php\/2024\/04\/27\/adiyamandaki-aileler-bugun-donuyorguclusoymahkeme-heyetinin-taleplerimizi-dikkate-alarak-yeni-bir-universiteden-yeni-bir-rapor-istemesi-karari-olumlu\/","url":"https:\/\/kuzeyinsesi.org\/index.php\/2024\/04\/27\/adiyamandaki-aileler-bugun-donuyorguclusoymahkeme-heyetinin-taleplerimizi-dikkate-alarak-yeni-bir-universiteden-yeni-bir-rapor-istemesi-karari-olumlu\/","name":"Ad\u0131yaman\u2019daki aileler bug\u00fcn d\u00f6n\u00fcyor\u2026G\u00fc\u00e7l\u00fcsoy:Mahkeme heyetinin taleplerimizi dikkate alarak yeni bir \u00fcniversiteden, yeni bir rapor istemesi karar\u0131 olumlu - Kuzeyin Sesi","isPartOf":{"@id":"https:\/\/kuzeyinsesi.org\/#website"},"primaryImageOfPage":{"@id":"https:\/\/kuzeyinsesi.org\/index.php\/2024\/04\/27\/adiyamandaki-aileler-bugun-donuyorguclusoymahkeme-heyetinin-taleplerimizi-dikkate-alarak-yeni-bir-universiteden-yeni-bir-rapor-istemesi-karari-olumlu\/#primaryimage"},"image":{"@id":"https:\/\/kuzeyinsesi.org\/index.php\/2024\/04\/27\/adiyamandaki-aileler-bugun-donuyorguclusoymahkeme-heyetinin-taleplerimizi-dikkate-alarak-yeni-bir-universiteden-yeni-bir-rapor-istemesi-karari-olumlu\/#primaryimage"},"thumbnailUrl":"https:\/\/kuzeyinsesi.org\/wp-content\/uploads\/2024\/04\/ampiyon-melekler.jpeg","datePublished":"2024-04-27T14:09:27+00:00","author":{"@id":"https:\/\/kuzeyinsesi.org\/#\/schema\/person\/9f859689cdf01485597712386e37f5aa"},"breadcrumb":{"@id":"https:\/\/kuzeyinsesi.org\/index.php\/2024\/04\/27\/adiyamandaki-aileler-bugun-donuyorguclusoymahkeme-heyetinin-taleplerimizi-dikkate-alarak-yeni-bir-universiteden-yeni-bir-rapor-istemesi-karari-olumlu\/#breadcrumb"},"inLanguage":"tr","potentialAction":[{"@type":"ReadAction","target":["https:\/\/kuzeyinsesi.org\/index.php\/2024\/04\/27\/adiyamandaki-aileler-bugun-donuyorguclusoymahkeme-heyetinin-taleplerimizi-dikkate-alarak-yeni-bir-universiteden-yeni-bir-rapor-istemesi-karari-olumlu\/"]}]},{"@type":"ImageObject","inLanguage":"tr","@id":"https:\/\/kuzeyinsesi.org\/index.php\/2024\/04\/27\/adiyamandaki-aileler-bugun-donuyorguclusoymahkeme-heyetinin-taleplerimizi-dikkate-alarak-yeni-bir-universiteden-yeni-bir-rapor-istemesi-karari-olumlu\/#primaryimage","url":"https:\/\/kuzeyinsesi.org\/wp-content\/uploads\/2024\/04\/ampiyon-melekler.jpeg","contentUrl":"https:\/\/kuzeyinsesi.org\/wp-content\/uploads\/2024\/04\/ampiyon-melekler.jpeg","width":1600,"height":1200},{"@type":"BreadcrumbList","@id":"https:\/\/kuzeyinsesi.org\/index.php\/2024\/04\/27\/adiyamandaki-aileler-bugun-donuyorguclusoymahkeme-heyetinin-taleplerimizi-dikkate-alarak-yeni-bir-universiteden-yeni-bir-rapor-istemesi-karari-olumlu\/#breadcrumb","itemListElement":[{"@type":"ListItem","position":1,"name":"Anasayfa","item":"https:\/\/kuzeyinsesi.org\/"},{"@type":"ListItem","position":2,"name":"Ad\u0131yaman\u2019daki aileler bug\u00fcn d\u00f6n\u00fcyor\u2026G\u00fc\u00e7l\u00fcsoy:Mahkeme heyetinin taleplerimizi dikkate alarak yeni bir \u00fcniversiteden, yeni bir rapor istemesi karar\u0131 olumlu"}]},{"@type":"WebSite","@id":"https:\/\/kuzeyinsesi.org\/#website","url":"https:\/\/kuzeyinsesi.org\/","name":"Kuzeyin Sesi","description":"Do\u011fru Haberin Adresi","potentialAction":[{"@type":"SearchAction","target":{"@type":"EntryPoint","urlTemplate":"https:\/\/kuzeyinsesi.org\/?s={search_term_string}"},"query-input":{"@type":"PropertyValueSpecification","valueRequired":true,"valueName":"search_term_string"}}],"inLanguage":"tr"},{"@type":"Person","@id":"https:\/\/kuzeyinsesi.org\/#\/schema\/person\/9f859689cdf01485597712386e37f5aa","name":"Kuzeyin Sesi","image":{"@type":"ImageObject","inLanguage":"tr","@id":"https:\/\/secure.gravatar.com\/avatar\/bab33852abfd8b282518d6ed81826833d77c3c882d9ab608add591ccace47a44?s=96&d=mm&r=g","url":"https:\/\/secure.gravatar.com\/avatar\/bab33852abfd8b282518d6ed81826833d77c3c882d9ab608add591ccace47a44?s=96&d=mm&r=g","contentUrl":"https:\/\/secure.gravatar.com\/avatar\/bab33852abfd8b282518d6ed81826833d77c3c882d9ab608add591ccace47a44?s=96&d=mm&r=g","caption":"Kuzeyin Sesi"},"sameAs":["https:\/\/kuzeyinsesi.org"],"url":"https:\/\/kuzeyinsesi.org\/index.php\/author\/guven\/"}]}},"_links":{"self":[{"href":"https:\/\/kuzeyinsesi.org\/index.php\/wp-json\/wp\/v2\/posts\/719","targetHints":{"allow":["GET"]}}],"collection":[{"href":"https:\/\/kuzeyinsesi.org\/index.php\/wp-json\/wp\/v2\/posts"}],"about":[{"href":"https:\/\/kuzeyinsesi.org\/index.php\/wp-json\/wp\/v2\/types\/post"}],"author":[{"embeddable":true,"href":"https:\/\/kuzeyinsesi.org\/index.php\/wp-json\/wp\/v2\/users\/1"}],"replies":[{"embeddable":true,"href":"https:\/\/kuzeyinsesi.org\/index.php\/wp-json\/wp\/v2\/comments?post=719"}],"version-history":[{"count":0,"href":"https:\/\/kuzeyinsesi.org\/index.php\/wp-json\/wp\/v2\/posts\/719\/revisions"}],"wp:featuredmedia":[{"embeddable":true,"href":"https:\/\/kuzeyinsesi.org\/index.php\/wp-json\/wp\/v2\/media\/720"}],"wp:attachment":[{"href":"https:\/\/kuzeyinsesi.org\/index.php\/wp-json\/wp\/v2\/media?parent=719"}],"wp:term":[{"taxonomy":"category","embeddable":true,"href":"https:\/\/kuzeyinsesi.org\/index.php\/wp-json\/wp\/v2\/categories?post=719"},{"taxonomy":"post_tag","embeddable":true,"href":"https:\/\/kuzeyinsesi.org\/index.php\/wp-json\/wp\/v2\/tags?post=719"}],"curies":[{"name":"wp","href":"https:\/\/api.w.org\/{rel}","templated":true}]}}