{"id":7157,"date":"2024-07-30T13:51:02","date_gmt":"2024-07-30T10:51:02","guid":{"rendered":"https:\/\/kuzeyinsesi.org\/index.php\/2024\/07\/30\/iskele-belediyesi-cocuklara-yonelik-yaz-etkinligi-duzenliyor\/"},"modified":"2024-07-30T13:51:02","modified_gmt":"2024-07-30T10:51:02","slug":"iskele-belediyesi-cocuklara-yonelik-yaz-etkinligi-duzenliyor","status":"publish","type":"post","link":"https:\/\/kuzeyinsesi.org\/index.php\/2024\/07\/30\/iskele-belediyesi-cocuklara-yonelik-yaz-etkinligi-duzenliyor\/","title":{"rendered":"\u0130skele Belediyesi \u00e7ocuklara y\u00f6nelik yaz etkinli\u011fi d\u00fczenliyor"},"content":{"rendered":"<div>\n<div class=\"mariselle-image-container center\">\n                                            <\/div>\n<p>\u0130skele Belediyesi\u2019nin \u00e7ocuklara y\u00f6nelik d\u00fczenleyece\u011fi 2. yaz etkinlikleri 5 A\u011fustos\u2019ta ba\u015fl\u0131yor.<\/p>\n<p>\u0130skele Belediyesi\u2019nden yap\u0131lan yaz\u0131l\u0131 a\u00e7\u0131klamaya g\u00f6re, 10 Eyl\u00fcl\u2019e kadar devam edecek etkinliklerde 6-12 ya\u015f aras\u0131 \u00e7ocuklar, yaz tatilinde hem \u00f6\u011frenecek hem de e\u011flenecek.<\/p>\n<p>Modern dans, m\u00fczik, satran\u00e7, halk danslar\u0131, k\u00fc\u00e7\u00fck \u015fefler at\u00f6lyesi, workshop (seramik ve kil yap\u0131m\u0131), sanat at\u00f6lyeleri (resim, kara kalem, sulu boya, desen \u00e7al\u0131\u015fmas\u0131, el i\u015fi, ta\u015f boyama) gibi bir\u00e7ok aktivitenin yer ald\u0131\u011f\u0131 \u0130skele Belediyesi yaz etkinlikleri tamamland\u0131\u011f\u0131nda, \u00e7ocuklara, kat\u0131l\u0131m belgeleri takdim edilecek. <\/p>\n<p>\u00c7ocuklar kursun bitiminde k\u00fclt\u00fcrel gezi program\u0131nda Gazima\u011fusa Suri\u00e7i ile kapal\u0131 Mara\u015f\u2019\u0131 da gezme f\u0131rsat\u0131 bulacak.<\/p>\n<p>6-12 ya\u015f \u00e7ocuklar\u0131n kat\u0131labilece\u011fi ve kay\u0131t \u00fccretinin 100 TL oldu\u011fu yaz etkinlikleri, m\u00fczikte Ziya Ba\u015fkal, modern dansta Hasine Felek, workshopta Sude Gingi, satran\u00e7ta Ahmet T\u00fcreller, sanat at\u00f6lyelerinde Olcan G\u00fcll\u00fc ve H\u00fclya Plaka, halk danslar\u0131nda Damla Teber, \u00d6zen \u00d6zanlar, Nazmi Taran, Y\u00fccel \u00d6zdo\u011fdu, Hakan Tekkanat, K\u00fc\u00e7\u00fck \u015eefler At\u00f6lyesi\u2019nde ise Mahmut Taygun e\u011fitmenli\u011finde ger\u00e7ekle\u015fecek.<\/p>\n<\/p><\/div>\n<p><script async\n                    defer\n                    crossorigin=\"anonymous\"\n                    src=\"https:\/\/connect.facebook.net\/tr_TR\/sdk.js#xfbml=1&#038;version=v3.3\"\n            ><\/script><\/p>\n","protected":false},"excerpt":{"rendered":"<p>\u0130skele Belediyesi\u2019nin \u00e7ocuklara y\u00f6nelik d\u00fczenleyece\u011fi 2. yaz etkinlikleri 5 A\u011fustos\u2019ta ba\u015fl\u0131yor. \u0130skele Belediyesi\u2019nden yap\u0131lan yaz\u0131l\u0131 a\u00e7\u0131klamaya g\u00f6re, 10 Eyl\u00fcl\u2019e kadar devam edecek etkinliklerde 6-12 ya\u015f aras\u0131 \u00e7ocuklar, yaz tatilinde hem \u00f6\u011frenecek hem de e\u011flenecek. Modern dans, m\u00fczik, satran\u00e7, halk danslar\u0131, k\u00fc\u00e7\u00fck \u015fefler at\u00f6lyesi, workshop (seramik ve kil yap\u0131m\u0131), sanat at\u00f6lyeleri (resim, kara kalem, sulu boya, [&hellip;]<\/p>\n","protected":false},"author":1,"featured_media":7158,"comment_status":"open","ping_status":"open","sticky":false,"template":"","format":"standard","meta":{"jnews-multi-image_gallery":[],"jnews_single_post":[],"jnews_primary_category":[],"jnews_social_meta":[],"jnews_override_counter":[],"footnotes":""},"categories":[6],"tags":[],"class_list":["post-7157","post","type-post","status-publish","format-standard","has-post-thumbnail","hentry","category-yasam"],"yoast_head":"<!-- This site is optimized with the Yoast SEO plugin v27.5 - https:\/\/yoast.com\/product\/yoast-seo-wordpress\/ -->\n<title>\u0130skele Belediyesi \u00e7ocuklara y\u00f6nelik yaz etkinli\u011fi d\u00fczenliyor - Kuzeyin Sesi<\/title>\n<meta name=\"robots\" content=\"index, follow, max-snippet:-1, max-image-preview:large, max-video-preview:-1\" \/>\n<link rel=\"canonical\" href=\"https:\/\/kuzeyinsesi.org\/index.php\/2024\/07\/30\/iskele-belediyesi-cocuklara-yonelik-yaz-etkinligi-duzenliyor\/\" \/>\n<meta property=\"og:locale\" content=\"tr_TR\" \/>\n<meta property=\"og:type\" content=\"article\" \/>\n<meta property=\"og:title\" content=\"\u0130skele Belediyesi \u00e7ocuklara y\u00f6nelik yaz etkinli\u011fi d\u00fczenliyor - Kuzeyin Sesi\" \/>\n<meta property=\"og:description\" content=\"\u0130skele Belediyesi\u2019nin \u00e7ocuklara y\u00f6nelik d\u00fczenleyece\u011fi 2. yaz etkinlikleri 5 A\u011fustos\u2019ta ba\u015fl\u0131yor. \u0130skele Belediyesi\u2019nden yap\u0131lan yaz\u0131l\u0131 a\u00e7\u0131klamaya g\u00f6re, 10 Eyl\u00fcl\u2019e kadar devam edecek etkinliklerde 6-12 ya\u015f aras\u0131 \u00e7ocuklar, yaz tatilinde hem \u00f6\u011frenecek hem de e\u011flenecek. Modern dans, m\u00fczik, satran\u00e7, halk danslar\u0131, k\u00fc\u00e7\u00fck \u015fefler at\u00f6lyesi, workshop (seramik ve kil yap\u0131m\u0131), sanat at\u00f6lyeleri (resim, kara kalem, sulu boya, [&hellip;]\" \/>\n<meta property=\"og:url\" content=\"https:\/\/kuzeyinsesi.org\/index.php\/2024\/07\/30\/iskele-belediyesi-cocuklara-yonelik-yaz-etkinligi-duzenliyor\/\" \/>\n<meta property=\"og:site_name\" content=\"Kuzeyin Sesi\" \/>\n<meta property=\"article:publisher\" content=\"https:\/\/www.facebook.com\/kuzeyinsesii\" \/>\n<meta property=\"article:published_time\" content=\"2024-07-30T10:51:02+00:00\" \/>\n<meta property=\"og:image\" content=\"https:\/\/brtk.net\/wp-content\/uploads\/2024\/07\/30\/wqeqgo-scaled.jpg?ver=d448b0fcd0754768b47ff53dc9f66fba\" \/>\n<meta name=\"author\" content=\"Kuzeyin Sesi\" \/>\n<meta name=\"twitter:card\" content=\"summary_large_image\" \/>\n<meta name=\"twitter:creator\" content=\"@kuzeyinsesii\" \/>\n<meta name=\"twitter:site\" content=\"@kuzeyinsesii\" \/>\n<meta name=\"twitter:label1\" content=\"Yazan:\" \/>\n\t<meta name=\"twitter:data1\" content=\"Kuzeyin Sesi\" \/>\n\t<meta name=\"twitter:label2\" content=\"Tahmini okuma s\u00fcresi\" \/>\n\t<meta name=\"twitter:data2\" content=\"1 dakika\" \/>\n<script type=\"application\/ld+json\" class=\"yoast-schema-graph\">{\"@context\":\"https:\\\/\\\/schema.org\",\"@graph\":[{\"@type\":\"Article\",\"@id\":\"https:\\\/\\\/kuzeyinsesi.org\\\/index.php\\\/2024\\\/07\\\/30\\\/iskele-belediyesi-cocuklara-yonelik-yaz-etkinligi-duzenliyor\\\/#article\",\"isPartOf\":{\"@id\":\"https:\\\/\\\/kuzeyinsesi.org\\\/index.php\\\/2024\\\/07\\\/30\\\/iskele-belediyesi-cocuklara-yonelik-yaz-etkinligi-duzenliyor\\\/\"},\"author\":{\"name\":\"Kuzeyin Sesi\",\"@id\":\"https:\\\/\\\/kuzeyinsesi.org\\\/#\\\/schema\\\/person\\\/9f859689cdf01485597712386e37f5aa\"},\"headline\":\"\u0130skele Belediyesi \u00e7ocuklara y\u00f6nelik yaz etkinli\u011fi d\u00fczenliyor\",\"datePublished\":\"2024-07-30T10:51:02+00:00\",\"mainEntityOfPage\":{\"@id\":\"https:\\\/\\\/kuzeyinsesi.org\\\/index.php\\\/2024\\\/07\\\/30\\\/iskele-belediyesi-cocuklara-yonelik-yaz-etkinligi-duzenliyor\\\/\"},\"wordCount\":204,\"commentCount\":0,\"image\":{\"@id\":\"https:\\\/\\\/kuzeyinsesi.org\\\/index.php\\\/2024\\\/07\\\/30\\\/iskele-belediyesi-cocuklara-yonelik-yaz-etkinligi-duzenliyor\\\/#primaryimage\"},\"thumbnailUrl\":\"https:\\\/\\\/kuzeyinsesi.org\\\/wp-content\\\/uploads\\\/2024\\\/07\\\/wqeqgo-scaled.jpg\",\"articleSection\":[\"Ya\u015fam\"],\"inLanguage\":\"tr\",\"potentialAction\":[{\"@type\":\"CommentAction\",\"name\":\"Comment\",\"target\":[\"https:\\\/\\\/kuzeyinsesi.org\\\/index.php\\\/2024\\\/07\\\/30\\\/iskele-belediyesi-cocuklara-yonelik-yaz-etkinligi-duzenliyor\\\/#respond\"]}]},{\"@type\":\"WebPage\",\"@id\":\"https:\\\/\\\/kuzeyinsesi.org\\\/index.php\\\/2024\\\/07\\\/30\\\/iskele-belediyesi-cocuklara-yonelik-yaz-etkinligi-duzenliyor\\\/\",\"url\":\"https:\\\/\\\/kuzeyinsesi.org\\\/index.php\\\/2024\\\/07\\\/30\\\/iskele-belediyesi-cocuklara-yonelik-yaz-etkinligi-duzenliyor\\\/\",\"name\":\"\u0130skele Belediyesi \u00e7ocuklara y\u00f6nelik yaz etkinli\u011fi d\u00fczenliyor - Kuzeyin Sesi\",\"isPartOf\":{\"@id\":\"https:\\\/\\\/kuzeyinsesi.org\\\/#website\"},\"primaryImageOfPage\":{\"@id\":\"https:\\\/\\\/kuzeyinsesi.org\\\/index.php\\\/2024\\\/07\\\/30\\\/iskele-belediyesi-cocuklara-yonelik-yaz-etkinligi-duzenliyor\\\/#primaryimage\"},\"image\":{\"@id\":\"https:\\\/\\\/kuzeyinsesi.org\\\/index.php\\\/2024\\\/07\\\/30\\\/iskele-belediyesi-cocuklara-yonelik-yaz-etkinligi-duzenliyor\\\/#primaryimage\"},\"thumbnailUrl\":\"https:\\\/\\\/kuzeyinsesi.org\\\/wp-content\\\/uploads\\\/2024\\\/07\\\/wqeqgo-scaled.jpg\",\"datePublished\":\"2024-07-30T10:51:02+00:00\",\"author\":{\"@id\":\"https:\\\/\\\/kuzeyinsesi.org\\\/#\\\/schema\\\/person\\\/9f859689cdf01485597712386e37f5aa\"},\"breadcrumb\":{\"@id\":\"https:\\\/\\\/kuzeyinsesi.org\\\/index.php\\\/2024\\\/07\\\/30\\\/iskele-belediyesi-cocuklara-yonelik-yaz-etkinligi-duzenliyor\\\/#breadcrumb\"},\"inLanguage\":\"tr\",\"potentialAction\":[{\"@type\":\"ReadAction\",\"target\":[\"https:\\\/\\\/kuzeyinsesi.org\\\/index.php\\\/2024\\\/07\\\/30\\\/iskele-belediyesi-cocuklara-yonelik-yaz-etkinligi-duzenliyor\\\/\"]}]},{\"@type\":\"ImageObject\",\"inLanguage\":\"tr\",\"@id\":\"https:\\\/\\\/kuzeyinsesi.org\\\/index.php\\\/2024\\\/07\\\/30\\\/iskele-belediyesi-cocuklara-yonelik-yaz-etkinligi-duzenliyor\\\/#primaryimage\",\"url\":\"https:\\\/\\\/kuzeyinsesi.org\\\/wp-content\\\/uploads\\\/2024\\\/07\\\/wqeqgo-scaled.jpg\",\"contentUrl\":\"https:\\\/\\\/kuzeyinsesi.org\\\/wp-content\\\/uploads\\\/2024\\\/07\\\/wqeqgo-scaled.jpg\",\"width\":2560,\"height\":1903},{\"@type\":\"BreadcrumbList\",\"@id\":\"https:\\\/\\\/kuzeyinsesi.org\\\/index.php\\\/2024\\\/07\\\/30\\\/iskele-belediyesi-cocuklara-yonelik-yaz-etkinligi-duzenliyor\\\/#breadcrumb\",\"itemListElement\":[{\"@type\":\"ListItem\",\"position\":1,\"name\":\"Anasayfa\",\"item\":\"https:\\\/\\\/kuzeyinsesi.org\\\/\"},{\"@type\":\"ListItem\",\"position\":2,\"name\":\"\u0130skele Belediyesi \u00e7ocuklara y\u00f6nelik yaz etkinli\u011fi d\u00fczenliyor\"}]},{\"@type\":\"WebSite\",\"@id\":\"https:\\\/\\\/kuzeyinsesi.org\\\/#website\",\"url\":\"https:\\\/\\\/kuzeyinsesi.org\\\/\",\"name\":\"Kuzeyin Sesi\",\"description\":\"Do\u011fru Haberin Adresi\",\"potentialAction\":[{\"@type\":\"SearchAction\",\"target\":{\"@type\":\"EntryPoint\",\"urlTemplate\":\"https:\\\/\\\/kuzeyinsesi.org\\\/?s={search_term_string}\"},\"query-input\":{\"@type\":\"PropertyValueSpecification\",\"valueRequired\":true,\"valueName\":\"search_term_string\"}}],\"inLanguage\":\"tr\"},{\"@type\":\"Person\",\"@id\":\"https:\\\/\\\/kuzeyinsesi.org\\\/#\\\/schema\\\/person\\\/9f859689cdf01485597712386e37f5aa\",\"name\":\"Kuzeyin Sesi\",\"image\":{\"@type\":\"ImageObject\",\"inLanguage\":\"tr\",\"@id\":\"https:\\\/\\\/secure.gravatar.com\\\/avatar\\\/bab33852abfd8b282518d6ed81826833d77c3c882d9ab608add591ccace47a44?s=96&d=mm&r=g\",\"url\":\"https:\\\/\\\/secure.gravatar.com\\\/avatar\\\/bab33852abfd8b282518d6ed81826833d77c3c882d9ab608add591ccace47a44?s=96&d=mm&r=g\",\"contentUrl\":\"https:\\\/\\\/secure.gravatar.com\\\/avatar\\\/bab33852abfd8b282518d6ed81826833d77c3c882d9ab608add591ccace47a44?s=96&d=mm&r=g\",\"caption\":\"Kuzeyin Sesi\"},\"sameAs\":[\"https:\\\/\\\/kuzeyinsesi.org\"],\"url\":\"https:\\\/\\\/kuzeyinsesi.org\\\/index.php\\\/author\\\/guven\\\/\"}]}<\/script>\n<!-- \/ Yoast SEO plugin. -->","yoast_head_json":{"title":"\u0130skele Belediyesi \u00e7ocuklara y\u00f6nelik yaz etkinli\u011fi d\u00fczenliyor - Kuzeyin Sesi","robots":{"index":"index","follow":"follow","max-snippet":"max-snippet:-1","max-image-preview":"max-image-preview:large","max-video-preview":"max-video-preview:-1"},"canonical":"https:\/\/kuzeyinsesi.org\/index.php\/2024\/07\/30\/iskele-belediyesi-cocuklara-yonelik-yaz-etkinligi-duzenliyor\/","og_locale":"tr_TR","og_type":"article","og_title":"\u0130skele Belediyesi \u00e7ocuklara y\u00f6nelik yaz etkinli\u011fi d\u00fczenliyor - Kuzeyin Sesi","og_description":"\u0130skele Belediyesi\u2019nin \u00e7ocuklara y\u00f6nelik d\u00fczenleyece\u011fi 2. yaz etkinlikleri 5 A\u011fustos\u2019ta ba\u015fl\u0131yor. \u0130skele Belediyesi\u2019nden yap\u0131lan yaz\u0131l\u0131 a\u00e7\u0131klamaya g\u00f6re, 10 Eyl\u00fcl\u2019e kadar devam edecek etkinliklerde 6-12 ya\u015f aras\u0131 \u00e7ocuklar, yaz tatilinde hem \u00f6\u011frenecek hem de e\u011flenecek. Modern dans, m\u00fczik, satran\u00e7, halk danslar\u0131, k\u00fc\u00e7\u00fck \u015fefler at\u00f6lyesi, workshop (seramik ve kil yap\u0131m\u0131), sanat at\u00f6lyeleri (resim, kara kalem, sulu boya, [&hellip;]","og_url":"https:\/\/kuzeyinsesi.org\/index.php\/2024\/07\/30\/iskele-belediyesi-cocuklara-yonelik-yaz-etkinligi-duzenliyor\/","og_site_name":"Kuzeyin Sesi","article_publisher":"https:\/\/www.facebook.com\/kuzeyinsesii","article_published_time":"2024-07-30T10:51:02+00:00","og_image":[{"url":"https:\/\/brtk.net\/wp-content\/uploads\/2024\/07\/30\/wqeqgo-scaled.jpg?ver=d448b0fcd0754768b47ff53dc9f66fba","type":"","width":"","height":""}],"author":"Kuzeyin Sesi","twitter_card":"summary_large_image","twitter_creator":"@kuzeyinsesii","twitter_site":"@kuzeyinsesii","twitter_misc":{"Yazan:":"Kuzeyin Sesi","Tahmini okuma s\u00fcresi":"1 dakika"},"schema":{"@context":"https:\/\/schema.org","@graph":[{"@type":"Article","@id":"https:\/\/kuzeyinsesi.org\/index.php\/2024\/07\/30\/iskele-belediyesi-cocuklara-yonelik-yaz-etkinligi-duzenliyor\/#article","isPartOf":{"@id":"https:\/\/kuzeyinsesi.org\/index.php\/2024\/07\/30\/iskele-belediyesi-cocuklara-yonelik-yaz-etkinligi-duzenliyor\/"},"author":{"name":"Kuzeyin Sesi","@id":"https:\/\/kuzeyinsesi.org\/#\/schema\/person\/9f859689cdf01485597712386e37f5aa"},"headline":"\u0130skele Belediyesi \u00e7ocuklara y\u00f6nelik yaz etkinli\u011fi d\u00fczenliyor","datePublished":"2024-07-30T10:51:02+00:00","mainEntityOfPage":{"@id":"https:\/\/kuzeyinsesi.org\/index.php\/2024\/07\/30\/iskele-belediyesi-cocuklara-yonelik-yaz-etkinligi-duzenliyor\/"},"wordCount":204,"commentCount":0,"image":{"@id":"https:\/\/kuzeyinsesi.org\/index.php\/2024\/07\/30\/iskele-belediyesi-cocuklara-yonelik-yaz-etkinligi-duzenliyor\/#primaryimage"},"thumbnailUrl":"https:\/\/kuzeyinsesi.org\/wp-content\/uploads\/2024\/07\/wqeqgo-scaled.jpg","articleSection":["Ya\u015fam"],"inLanguage":"tr","potentialAction":[{"@type":"CommentAction","name":"Comment","target":["https:\/\/kuzeyinsesi.org\/index.php\/2024\/07\/30\/iskele-belediyesi-cocuklara-yonelik-yaz-etkinligi-duzenliyor\/#respond"]}]},{"@type":"WebPage","@id":"https:\/\/kuzeyinsesi.org\/index.php\/2024\/07\/30\/iskele-belediyesi-cocuklara-yonelik-yaz-etkinligi-duzenliyor\/","url":"https:\/\/kuzeyinsesi.org\/index.php\/2024\/07\/30\/iskele-belediyesi-cocuklara-yonelik-yaz-etkinligi-duzenliyor\/","name":"\u0130skele Belediyesi \u00e7ocuklara y\u00f6nelik yaz etkinli\u011fi d\u00fczenliyor - Kuzeyin Sesi","isPartOf":{"@id":"https:\/\/kuzeyinsesi.org\/#website"},"primaryImageOfPage":{"@id":"https:\/\/kuzeyinsesi.org\/index.php\/2024\/07\/30\/iskele-belediyesi-cocuklara-yonelik-yaz-etkinligi-duzenliyor\/#primaryimage"},"image":{"@id":"https:\/\/kuzeyinsesi.org\/index.php\/2024\/07\/30\/iskele-belediyesi-cocuklara-yonelik-yaz-etkinligi-duzenliyor\/#primaryimage"},"thumbnailUrl":"https:\/\/kuzeyinsesi.org\/wp-content\/uploads\/2024\/07\/wqeqgo-scaled.jpg","datePublished":"2024-07-30T10:51:02+00:00","author":{"@id":"https:\/\/kuzeyinsesi.org\/#\/schema\/person\/9f859689cdf01485597712386e37f5aa"},"breadcrumb":{"@id":"https:\/\/kuzeyinsesi.org\/index.php\/2024\/07\/30\/iskele-belediyesi-cocuklara-yonelik-yaz-etkinligi-duzenliyor\/#breadcrumb"},"inLanguage":"tr","potentialAction":[{"@type":"ReadAction","target":["https:\/\/kuzeyinsesi.org\/index.php\/2024\/07\/30\/iskele-belediyesi-cocuklara-yonelik-yaz-etkinligi-duzenliyor\/"]}]},{"@type":"ImageObject","inLanguage":"tr","@id":"https:\/\/kuzeyinsesi.org\/index.php\/2024\/07\/30\/iskele-belediyesi-cocuklara-yonelik-yaz-etkinligi-duzenliyor\/#primaryimage","url":"https:\/\/kuzeyinsesi.org\/wp-content\/uploads\/2024\/07\/wqeqgo-scaled.jpg","contentUrl":"https:\/\/kuzeyinsesi.org\/wp-content\/uploads\/2024\/07\/wqeqgo-scaled.jpg","width":2560,"height":1903},{"@type":"BreadcrumbList","@id":"https:\/\/kuzeyinsesi.org\/index.php\/2024\/07\/30\/iskele-belediyesi-cocuklara-yonelik-yaz-etkinligi-duzenliyor\/#breadcrumb","itemListElement":[{"@type":"ListItem","position":1,"name":"Anasayfa","item":"https:\/\/kuzeyinsesi.org\/"},{"@type":"ListItem","position":2,"name":"\u0130skele Belediyesi \u00e7ocuklara y\u00f6nelik yaz etkinli\u011fi d\u00fczenliyor"}]},{"@type":"WebSite","@id":"https:\/\/kuzeyinsesi.org\/#website","url":"https:\/\/kuzeyinsesi.org\/","name":"Kuzeyin Sesi","description":"Do\u011fru Haberin Adresi","potentialAction":[{"@type":"SearchAction","target":{"@type":"EntryPoint","urlTemplate":"https:\/\/kuzeyinsesi.org\/?s={search_term_string}"},"query-input":{"@type":"PropertyValueSpecification","valueRequired":true,"valueName":"search_term_string"}}],"inLanguage":"tr"},{"@type":"Person","@id":"https:\/\/kuzeyinsesi.org\/#\/schema\/person\/9f859689cdf01485597712386e37f5aa","name":"Kuzeyin Sesi","image":{"@type":"ImageObject","inLanguage":"tr","@id":"https:\/\/secure.gravatar.com\/avatar\/bab33852abfd8b282518d6ed81826833d77c3c882d9ab608add591ccace47a44?s=96&d=mm&r=g","url":"https:\/\/secure.gravatar.com\/avatar\/bab33852abfd8b282518d6ed81826833d77c3c882d9ab608add591ccace47a44?s=96&d=mm&r=g","contentUrl":"https:\/\/secure.gravatar.com\/avatar\/bab33852abfd8b282518d6ed81826833d77c3c882d9ab608add591ccace47a44?s=96&d=mm&r=g","caption":"Kuzeyin Sesi"},"sameAs":["https:\/\/kuzeyinsesi.org"],"url":"https:\/\/kuzeyinsesi.org\/index.php\/author\/guven\/"}]}},"_links":{"self":[{"href":"https:\/\/kuzeyinsesi.org\/index.php\/wp-json\/wp\/v2\/posts\/7157","targetHints":{"allow":["GET"]}}],"collection":[{"href":"https:\/\/kuzeyinsesi.org\/index.php\/wp-json\/wp\/v2\/posts"}],"about":[{"href":"https:\/\/kuzeyinsesi.org\/index.php\/wp-json\/wp\/v2\/types\/post"}],"author":[{"embeddable":true,"href":"https:\/\/kuzeyinsesi.org\/index.php\/wp-json\/wp\/v2\/users\/1"}],"replies":[{"embeddable":true,"href":"https:\/\/kuzeyinsesi.org\/index.php\/wp-json\/wp\/v2\/comments?post=7157"}],"version-history":[{"count":0,"href":"https:\/\/kuzeyinsesi.org\/index.php\/wp-json\/wp\/v2\/posts\/7157\/revisions"}],"wp:featuredmedia":[{"embeddable":true,"href":"https:\/\/kuzeyinsesi.org\/index.php\/wp-json\/wp\/v2\/media\/7158"}],"wp:attachment":[{"href":"https:\/\/kuzeyinsesi.org\/index.php\/wp-json\/wp\/v2\/media?parent=7157"}],"wp:term":[{"taxonomy":"category","embeddable":true,"href":"https:\/\/kuzeyinsesi.org\/index.php\/wp-json\/wp\/v2\/categories?post=7157"},{"taxonomy":"post_tag","embeddable":true,"href":"https:\/\/kuzeyinsesi.org\/index.php\/wp-json\/wp\/v2\/tags?post=7157"}],"curies":[{"name":"wp","href":"https:\/\/api.w.org\/{rel}","templated":true}]}}