{"id":7129,"date":"2024-07-29T20:04:54","date_gmt":"2024-07-29T17:04:54","guid":{"rendered":"https:\/\/kuzeyinsesi.org\/index.php\/2024\/07\/29\/4-cumhurbaskani-akincinin-yasandigi-gibi-kitabinin-2-cildi-yayimlandi\/"},"modified":"2024-07-29T20:04:54","modified_gmt":"2024-07-29T17:04:54","slug":"4-cumhurbaskani-akincinin-yasandigi-gibi-kitabinin-2-cildi-yayimlandi","status":"publish","type":"post","link":"https:\/\/kuzeyinsesi.org\/index.php\/2024\/07\/29\/4-cumhurbaskani-akincinin-yasandigi-gibi-kitabinin-2-cildi-yayimlandi\/","title":{"rendered":"4. Cumhurba\u015fkan\u0131 Ak\u0131nc\u0131\u2019n\u0131n \u201cYa\u015fand\u0131\u011f\u0131 Gibi\u201d kitab\u0131n\u0131n 2. cildi yay\u0131mland\u0131"},"content":{"rendered":"<div>\n<div class=\"mariselle-image-container none\">\n                                            <\/div>\n<ol start=\"4\">\n<li style=\"font-weight: 300;\"><span style=\"font-weight: 300 !important;\"> Cumhurba\u015fkan\u0131 Mustafa Ak\u0131nc\u0131\u2019n\u0131n an\u0131lar\u0131nda 1991-2000 d\u00f6nemini kaleme ald\u0131\u011f\u0131 \u201cYa\u015fand\u0131\u011f\u0131 Gibi II. Cilt (1991-2000)\u201d adl\u0131 kitap yay\u0131mland\u0131.<\/span><\/li>\n<\/ol>\n<p style=\"font-weight: 300;\"><span style=\"font-weight: 300 !important;\">\u0130lk cildi 1975-1990 aras\u0131ndaki d\u00f6nemi i\u00e7eren kitab\u0131n ikinci cildi, K\u0131br\u0131s siyasetinin \u00f6nemli d\u00f6neme\u00e7lerinden birini olu\u015fturan 1990\u2019l\u0131 y\u0131llara mercek tutuyor.<\/span><\/p>\n<p style=\"font-weight: 300;\"><span style=\"font-weight: 300 !important;\">S\u00f6ylem yay\u0131nlar\u0131ndan \u00e7\u0131kan 345 sayfal\u0131k kitap, \u201c1991 ara se\u00e7imi, Naci Talat\u2019\u0131n \u00f6l\u00fcm\u00fc-Denkta\u015f\u2019\u0131n mektubu, UBP\u2019den kopanlar\u0131n DP\u2019yi olu\u015fturmas\u0131, \u00d6zal\u2019\u0131n K\u0131br\u0131s\u2019ta \u00e7\u00f6z\u00fcm iste\u011fi, TKP kurultay\u0131, 1993 erken genel se\u00e7imi, federasyon karar\u0131n\u0131 kald\u0131ran Meclis karar\u0131, ABAD karar\u0131, Girne\u2019deki b\u00fcy\u00fck yang\u0131n, Ak\u0131nc\u0131\u2019n\u0131n ilk cumhurba\u015fkanl\u0131\u011f\u0131 adayl\u0131\u011f\u0131, St. Barnabas bask\u0131n\u0131, Kutlu Adal\u0131 cinayeti, s\u0131n\u0131r olaylar\u0131ndaki \u00f6l\u00fcmler, KTHY, AB\u2019nin L\u00fcksemburg karar\u0131, \u201cRum pasaportlu bakan ve milletvekilleri\u201d, UBP-TKP koalisyonu, Devlet Tiyatrosu yang\u0131n\u0131, batan bankalar, GKK Komutan\u0131 \u00d6zeyranl\u0131 ile ya\u015fanan kriz, \u2018\u015eener Levent\u2019e casusluk komplosu\u2019, Cumhurba\u015fkanl\u0131\u011f\u0131 se\u00e7imi\u201d gibi K\u0131br\u0131s T\u00fcrk siyasi, ekonomik ve toplumsal tarihindeki olaylar\u0131 i\u00e7eriyor.<\/span><\/p>\n<p style=\"font-weight: 300;\"><span style=\"font-weight: 300 !important;\">Arka kapak yaz\u0131s\u0131na g\u00f6re Ak\u0131nc\u0131\u2019n\u0131n 1991 ile 2000 y\u0131llar\u0131n\u0131 kapsayan Ya\u015fand\u0131\u011f\u0131 Gibi\u2019nin 2. cildinde, SSCB\u2019nin da\u011f\u0131lmas\u0131yla h\u00fck\u00fcm s\u00fcrmeye ba\u015flayan yeni d\u00fcnya d\u00fczeninde K\u0131br\u0131s\u2019\u0131n yeni bin y\u0131la hangi ko\u015fullarda girdi\u011fini anlamaya yard\u0131mc\u0131 oluyor.<\/span><\/p>\n<p style=\"font-weight: 300;\"><span style=\"font-weight: 300 !important;\">K\u00fcresel a\u00e7\u0131dan hareketli, toplumsal a\u00e7\u0131dan sanc\u0131l\u0131 ge\u00e7en 1990\u2019l\u0131 y\u0131llar, bu d\u00f6nemde K\u0131br\u0131s T\u00fcrk siyasetinde daha \u00e7ok muhalefet lideri olarak \u00f6ne \u00e7\u0131kan Mustafa Ak\u0131nc\u0131\u2019n\u0131n g\u00f6z\u00fcnden irdeleniyor. Ayr\u0131ca i\u00e7 siyasete dair pek \u00e7ok ayr\u0131nt\u0131ya yer veren kitapta Ak\u0131nc\u0131, k\u0131sa s\u00fcreli h\u00fck\u00fcmet ortakl\u0131\u011f\u0131 deneyimini \u00e7e\u015fitli y\u00f6nleri ve bilinmeyenleriyle anlat\u0131yor.<\/span><\/p>\n<p style=\"font-weight: 300;\"><span style=\"font-weight: 300 !important;\">Ak\u0131nc\u0131\u2019n\u0131n \u201cYa\u015fand\u0131\u011f\u0131 Gibi\u201d kitap dizisi, 2001-2009 d\u00f6nemini kapsayan \u00fc\u00e7\u00fcnc\u00fc ve son ciltle tamamlanacak.<\/span><\/p>\n<ol start=\"4\">\n<li style=\"font-weight: 300;\"><span style=\"font-weight: 300 !important;\"> Cumhurba\u015fkan\u0131 Ak\u0131nc\u0131\u2019n\u0131n yeni kitab\u0131, t\u00fcm kitabevlerinde sat\u0131\u015fa sunuldu.<\/span><\/li>\n<\/ol>\n<p>\u00a0<\/p>\n<\/p><\/div>\n<p><script async\n                    defer\n                    crossorigin=\"anonymous\"\n                    src=\"https:\/\/connect.facebook.net\/tr_TR\/sdk.js#xfbml=1&#038;version=v3.3\"\n            ><\/script><\/p>\n","protected":false},"excerpt":{"rendered":"<p>Cumhurba\u015fkan\u0131 Mustafa Ak\u0131nc\u0131\u2019n\u0131n an\u0131lar\u0131nda 1991-2000 d\u00f6nemini kaleme ald\u0131\u011f\u0131 \u201cYa\u015fand\u0131\u011f\u0131 Gibi II. Cilt (1991-2000)\u201d adl\u0131 kitap yay\u0131mland\u0131. \u0130lk cildi 1975-1990 aras\u0131ndaki d\u00f6nemi i\u00e7eren kitab\u0131n ikinci cildi, K\u0131br\u0131s siyasetinin \u00f6nemli d\u00f6neme\u00e7lerinden birini olu\u015fturan 1990\u2019l\u0131 y\u0131llara mercek tutuyor. S\u00f6ylem yay\u0131nlar\u0131ndan \u00e7\u0131kan 345 sayfal\u0131k kitap, \u201c1991 ara se\u00e7imi, Naci Talat\u2019\u0131n \u00f6l\u00fcm\u00fc-Denkta\u015f\u2019\u0131n mektubu, UBP\u2019den kopanlar\u0131n DP\u2019yi olu\u015fturmas\u0131, \u00d6zal\u2019\u0131n K\u0131br\u0131s\u2019ta \u00e7\u00f6z\u00fcm [&hellip;]<\/p>\n","protected":false},"author":1,"featured_media":7130,"comment_status":"open","ping_status":"open","sticky":false,"template":"","format":"standard","meta":{"jnews-multi-image_gallery":[],"jnews_single_post":[],"jnews_primary_category":[],"jnews_social_meta":[],"jnews_override_counter":[],"footnotes":""},"categories":[6],"tags":[],"class_list":["post-7129","post","type-post","status-publish","format-standard","has-post-thumbnail","hentry","category-yasam"],"yoast_head":"<!-- This site is optimized with the Yoast SEO plugin v27.5 - https:\/\/yoast.com\/product\/yoast-seo-wordpress\/ -->\n<title>4. Cumhurba\u015fkan\u0131 Ak\u0131nc\u0131\u2019n\u0131n \u201cYa\u015fand\u0131\u011f\u0131 Gibi\u201d kitab\u0131n\u0131n 2. cildi yay\u0131mland\u0131 - Kuzeyin Sesi<\/title>\n<meta name=\"robots\" content=\"index, follow, max-snippet:-1, max-image-preview:large, max-video-preview:-1\" \/>\n<link rel=\"canonical\" href=\"https:\/\/kuzeyinsesi.org\/index.php\/2024\/07\/29\/4-cumhurbaskani-akincinin-yasandigi-gibi-kitabinin-2-cildi-yayimlandi\/\" \/>\n<meta property=\"og:locale\" content=\"tr_TR\" \/>\n<meta property=\"og:type\" content=\"article\" \/>\n<meta property=\"og:title\" content=\"4. Cumhurba\u015fkan\u0131 Ak\u0131nc\u0131\u2019n\u0131n \u201cYa\u015fand\u0131\u011f\u0131 Gibi\u201d kitab\u0131n\u0131n 2. cildi yay\u0131mland\u0131 - Kuzeyin Sesi\" \/>\n<meta property=\"og:description\" content=\"Cumhurba\u015fkan\u0131 Mustafa Ak\u0131nc\u0131\u2019n\u0131n an\u0131lar\u0131nda 1991-2000 d\u00f6nemini kaleme ald\u0131\u011f\u0131 \u201cYa\u015fand\u0131\u011f\u0131 Gibi II. Cilt (1991-2000)\u201d adl\u0131 kitap yay\u0131mland\u0131. \u0130lk cildi 1975-1990 aras\u0131ndaki d\u00f6nemi i\u00e7eren kitab\u0131n ikinci cildi, K\u0131br\u0131s siyasetinin \u00f6nemli d\u00f6neme\u00e7lerinden birini olu\u015fturan 1990\u2019l\u0131 y\u0131llara mercek tutuyor. S\u00f6ylem yay\u0131nlar\u0131ndan \u00e7\u0131kan 345 sayfal\u0131k kitap, \u201c1991 ara se\u00e7imi, Naci Talat\u2019\u0131n \u00f6l\u00fcm\u00fc-Denkta\u015f\u2019\u0131n mektubu, UBP\u2019den kopanlar\u0131n DP\u2019yi olu\u015fturmas\u0131, \u00d6zal\u2019\u0131n K\u0131br\u0131s\u2019ta \u00e7\u00f6z\u00fcm [&hellip;]\" \/>\n<meta property=\"og:url\" content=\"https:\/\/kuzeyinsesi.org\/index.php\/2024\/07\/29\/4-cumhurbaskani-akincinin-yasandigi-gibi-kitabinin-2-cildi-yayimlandi\/\" \/>\n<meta property=\"og:site_name\" content=\"Kuzeyin Sesi\" \/>\n<meta property=\"article:publisher\" content=\"https:\/\/www.facebook.com\/kuzeyinsesii\" \/>\n<meta property=\"article:published_time\" content=\"2024-07-29T17:04:54+00:00\" \/>\n<meta property=\"og:image\" content=\"https:\/\/brtk.net\/wp-content\/uploads\/2024\/07\/29\/akinci-kitap-2-cilt-2-.jpg?ver=b0bacb08f629fecdf4aae980208f42df\" \/>\n<meta name=\"author\" content=\"Kuzeyin Sesi\" \/>\n<meta name=\"twitter:card\" content=\"summary_large_image\" \/>\n<meta name=\"twitter:creator\" content=\"@kuzeyinsesii\" \/>\n<meta name=\"twitter:site\" content=\"@kuzeyinsesii\" \/>\n<meta name=\"twitter:label1\" content=\"Yazan:\" \/>\n\t<meta name=\"twitter:data1\" content=\"Kuzeyin Sesi\" \/>\n\t<meta name=\"twitter:label2\" content=\"Tahmini okuma s\u00fcresi\" \/>\n\t<meta name=\"twitter:data2\" content=\"2 dakika\" \/>\n<script type=\"application\/ld+json\" class=\"yoast-schema-graph\">{\"@context\":\"https:\\\/\\\/schema.org\",\"@graph\":[{\"@type\":\"Article\",\"@id\":\"https:\\\/\\\/kuzeyinsesi.org\\\/index.php\\\/2024\\\/07\\\/29\\\/4-cumhurbaskani-akincinin-yasandigi-gibi-kitabinin-2-cildi-yayimlandi\\\/#article\",\"isPartOf\":{\"@id\":\"https:\\\/\\\/kuzeyinsesi.org\\\/index.php\\\/2024\\\/07\\\/29\\\/4-cumhurbaskani-akincinin-yasandigi-gibi-kitabinin-2-cildi-yayimlandi\\\/\"},\"author\":{\"name\":\"Kuzeyin Sesi\",\"@id\":\"https:\\\/\\\/kuzeyinsesi.org\\\/#\\\/schema\\\/person\\\/9f859689cdf01485597712386e37f5aa\"},\"headline\":\"4. Cumhurba\u015fkan\u0131 Ak\u0131nc\u0131\u2019n\u0131n \u201cYa\u015fand\u0131\u011f\u0131 Gibi\u201d kitab\u0131n\u0131n 2. cildi yay\u0131mland\u0131\",\"datePublished\":\"2024-07-29T17:04:54+00:00\",\"mainEntityOfPage\":{\"@id\":\"https:\\\/\\\/kuzeyinsesi.org\\\/index.php\\\/2024\\\/07\\\/29\\\/4-cumhurbaskani-akincinin-yasandigi-gibi-kitabinin-2-cildi-yayimlandi\\\/\"},\"wordCount\":359,\"commentCount\":0,\"image\":{\"@id\":\"https:\\\/\\\/kuzeyinsesi.org\\\/index.php\\\/2024\\\/07\\\/29\\\/4-cumhurbaskani-akincinin-yasandigi-gibi-kitabinin-2-cildi-yayimlandi\\\/#primaryimage\"},\"thumbnailUrl\":\"https:\\\/\\\/kuzeyinsesi.org\\\/wp-content\\\/uploads\\\/2024\\\/07\\\/akinci-kitap-2-cilt-2-.jpg\",\"articleSection\":[\"Ya\u015fam\"],\"inLanguage\":\"tr\",\"potentialAction\":[{\"@type\":\"CommentAction\",\"name\":\"Comment\",\"target\":[\"https:\\\/\\\/kuzeyinsesi.org\\\/index.php\\\/2024\\\/07\\\/29\\\/4-cumhurbaskani-akincinin-yasandigi-gibi-kitabinin-2-cildi-yayimlandi\\\/#respond\"]}]},{\"@type\":\"WebPage\",\"@id\":\"https:\\\/\\\/kuzeyinsesi.org\\\/index.php\\\/2024\\\/07\\\/29\\\/4-cumhurbaskani-akincinin-yasandigi-gibi-kitabinin-2-cildi-yayimlandi\\\/\",\"url\":\"https:\\\/\\\/kuzeyinsesi.org\\\/index.php\\\/2024\\\/07\\\/29\\\/4-cumhurbaskani-akincinin-yasandigi-gibi-kitabinin-2-cildi-yayimlandi\\\/\",\"name\":\"4. Cumhurba\u015fkan\u0131 Ak\u0131nc\u0131\u2019n\u0131n \u201cYa\u015fand\u0131\u011f\u0131 Gibi\u201d kitab\u0131n\u0131n 2. cildi yay\u0131mland\u0131 - Kuzeyin Sesi\",\"isPartOf\":{\"@id\":\"https:\\\/\\\/kuzeyinsesi.org\\\/#website\"},\"primaryImageOfPage\":{\"@id\":\"https:\\\/\\\/kuzeyinsesi.org\\\/index.php\\\/2024\\\/07\\\/29\\\/4-cumhurbaskani-akincinin-yasandigi-gibi-kitabinin-2-cildi-yayimlandi\\\/#primaryimage\"},\"image\":{\"@id\":\"https:\\\/\\\/kuzeyinsesi.org\\\/index.php\\\/2024\\\/07\\\/29\\\/4-cumhurbaskani-akincinin-yasandigi-gibi-kitabinin-2-cildi-yayimlandi\\\/#primaryimage\"},\"thumbnailUrl\":\"https:\\\/\\\/kuzeyinsesi.org\\\/wp-content\\\/uploads\\\/2024\\\/07\\\/akinci-kitap-2-cilt-2-.jpg\",\"datePublished\":\"2024-07-29T17:04:54+00:00\",\"author\":{\"@id\":\"https:\\\/\\\/kuzeyinsesi.org\\\/#\\\/schema\\\/person\\\/9f859689cdf01485597712386e37f5aa\"},\"breadcrumb\":{\"@id\":\"https:\\\/\\\/kuzeyinsesi.org\\\/index.php\\\/2024\\\/07\\\/29\\\/4-cumhurbaskani-akincinin-yasandigi-gibi-kitabinin-2-cildi-yayimlandi\\\/#breadcrumb\"},\"inLanguage\":\"tr\",\"potentialAction\":[{\"@type\":\"ReadAction\",\"target\":[\"https:\\\/\\\/kuzeyinsesi.org\\\/index.php\\\/2024\\\/07\\\/29\\\/4-cumhurbaskani-akincinin-yasandigi-gibi-kitabinin-2-cildi-yayimlandi\\\/\"]}]},{\"@type\":\"ImageObject\",\"inLanguage\":\"tr\",\"@id\":\"https:\\\/\\\/kuzeyinsesi.org\\\/index.php\\\/2024\\\/07\\\/29\\\/4-cumhurbaskani-akincinin-yasandigi-gibi-kitabinin-2-cildi-yayimlandi\\\/#primaryimage\",\"url\":\"https:\\\/\\\/kuzeyinsesi.org\\\/wp-content\\\/uploads\\\/2024\\\/07\\\/akinci-kitap-2-cilt-2-.jpg\",\"contentUrl\":\"https:\\\/\\\/kuzeyinsesi.org\\\/wp-content\\\/uploads\\\/2024\\\/07\\\/akinci-kitap-2-cilt-2-.jpg\",\"width\":930,\"height\":410},{\"@type\":\"BreadcrumbList\",\"@id\":\"https:\\\/\\\/kuzeyinsesi.org\\\/index.php\\\/2024\\\/07\\\/29\\\/4-cumhurbaskani-akincinin-yasandigi-gibi-kitabinin-2-cildi-yayimlandi\\\/#breadcrumb\",\"itemListElement\":[{\"@type\":\"ListItem\",\"position\":1,\"name\":\"Anasayfa\",\"item\":\"https:\\\/\\\/kuzeyinsesi.org\\\/\"},{\"@type\":\"ListItem\",\"position\":2,\"name\":\"4. Cumhurba\u015fkan\u0131 Ak\u0131nc\u0131\u2019n\u0131n \u201cYa\u015fand\u0131\u011f\u0131 Gibi\u201d kitab\u0131n\u0131n 2. cildi yay\u0131mland\u0131\"}]},{\"@type\":\"WebSite\",\"@id\":\"https:\\\/\\\/kuzeyinsesi.org\\\/#website\",\"url\":\"https:\\\/\\\/kuzeyinsesi.org\\\/\",\"name\":\"Kuzeyin Sesi\",\"description\":\"Do\u011fru Haberin Adresi\",\"potentialAction\":[{\"@type\":\"SearchAction\",\"target\":{\"@type\":\"EntryPoint\",\"urlTemplate\":\"https:\\\/\\\/kuzeyinsesi.org\\\/?s={search_term_string}\"},\"query-input\":{\"@type\":\"PropertyValueSpecification\",\"valueRequired\":true,\"valueName\":\"search_term_string\"}}],\"inLanguage\":\"tr\"},{\"@type\":\"Person\",\"@id\":\"https:\\\/\\\/kuzeyinsesi.org\\\/#\\\/schema\\\/person\\\/9f859689cdf01485597712386e37f5aa\",\"name\":\"Kuzeyin Sesi\",\"image\":{\"@type\":\"ImageObject\",\"inLanguage\":\"tr\",\"@id\":\"https:\\\/\\\/secure.gravatar.com\\\/avatar\\\/bab33852abfd8b282518d6ed81826833d77c3c882d9ab608add591ccace47a44?s=96&d=mm&r=g\",\"url\":\"https:\\\/\\\/secure.gravatar.com\\\/avatar\\\/bab33852abfd8b282518d6ed81826833d77c3c882d9ab608add591ccace47a44?s=96&d=mm&r=g\",\"contentUrl\":\"https:\\\/\\\/secure.gravatar.com\\\/avatar\\\/bab33852abfd8b282518d6ed81826833d77c3c882d9ab608add591ccace47a44?s=96&d=mm&r=g\",\"caption\":\"Kuzeyin Sesi\"},\"sameAs\":[\"https:\\\/\\\/kuzeyinsesi.org\"],\"url\":\"https:\\\/\\\/kuzeyinsesi.org\\\/index.php\\\/author\\\/guven\\\/\"}]}<\/script>\n<!-- \/ Yoast SEO plugin. -->","yoast_head_json":{"title":"4. Cumhurba\u015fkan\u0131 Ak\u0131nc\u0131\u2019n\u0131n \u201cYa\u015fand\u0131\u011f\u0131 Gibi\u201d kitab\u0131n\u0131n 2. cildi yay\u0131mland\u0131 - Kuzeyin Sesi","robots":{"index":"index","follow":"follow","max-snippet":"max-snippet:-1","max-image-preview":"max-image-preview:large","max-video-preview":"max-video-preview:-1"},"canonical":"https:\/\/kuzeyinsesi.org\/index.php\/2024\/07\/29\/4-cumhurbaskani-akincinin-yasandigi-gibi-kitabinin-2-cildi-yayimlandi\/","og_locale":"tr_TR","og_type":"article","og_title":"4. Cumhurba\u015fkan\u0131 Ak\u0131nc\u0131\u2019n\u0131n \u201cYa\u015fand\u0131\u011f\u0131 Gibi\u201d kitab\u0131n\u0131n 2. cildi yay\u0131mland\u0131 - Kuzeyin Sesi","og_description":"Cumhurba\u015fkan\u0131 Mustafa Ak\u0131nc\u0131\u2019n\u0131n an\u0131lar\u0131nda 1991-2000 d\u00f6nemini kaleme ald\u0131\u011f\u0131 \u201cYa\u015fand\u0131\u011f\u0131 Gibi II. Cilt (1991-2000)\u201d adl\u0131 kitap yay\u0131mland\u0131. \u0130lk cildi 1975-1990 aras\u0131ndaki d\u00f6nemi i\u00e7eren kitab\u0131n ikinci cildi, K\u0131br\u0131s siyasetinin \u00f6nemli d\u00f6neme\u00e7lerinden birini olu\u015fturan 1990\u2019l\u0131 y\u0131llara mercek tutuyor. S\u00f6ylem yay\u0131nlar\u0131ndan \u00e7\u0131kan 345 sayfal\u0131k kitap, \u201c1991 ara se\u00e7imi, Naci Talat\u2019\u0131n \u00f6l\u00fcm\u00fc-Denkta\u015f\u2019\u0131n mektubu, UBP\u2019den kopanlar\u0131n DP\u2019yi olu\u015fturmas\u0131, \u00d6zal\u2019\u0131n K\u0131br\u0131s\u2019ta \u00e7\u00f6z\u00fcm [&hellip;]","og_url":"https:\/\/kuzeyinsesi.org\/index.php\/2024\/07\/29\/4-cumhurbaskani-akincinin-yasandigi-gibi-kitabinin-2-cildi-yayimlandi\/","og_site_name":"Kuzeyin Sesi","article_publisher":"https:\/\/www.facebook.com\/kuzeyinsesii","article_published_time":"2024-07-29T17:04:54+00:00","og_image":[{"url":"https:\/\/brtk.net\/wp-content\/uploads\/2024\/07\/29\/akinci-kitap-2-cilt-2-.jpg?ver=b0bacb08f629fecdf4aae980208f42df","type":"","width":"","height":""}],"author":"Kuzeyin Sesi","twitter_card":"summary_large_image","twitter_creator":"@kuzeyinsesii","twitter_site":"@kuzeyinsesii","twitter_misc":{"Yazan:":"Kuzeyin Sesi","Tahmini okuma s\u00fcresi":"2 dakika"},"schema":{"@context":"https:\/\/schema.org","@graph":[{"@type":"Article","@id":"https:\/\/kuzeyinsesi.org\/index.php\/2024\/07\/29\/4-cumhurbaskani-akincinin-yasandigi-gibi-kitabinin-2-cildi-yayimlandi\/#article","isPartOf":{"@id":"https:\/\/kuzeyinsesi.org\/index.php\/2024\/07\/29\/4-cumhurbaskani-akincinin-yasandigi-gibi-kitabinin-2-cildi-yayimlandi\/"},"author":{"name":"Kuzeyin Sesi","@id":"https:\/\/kuzeyinsesi.org\/#\/schema\/person\/9f859689cdf01485597712386e37f5aa"},"headline":"4. Cumhurba\u015fkan\u0131 Ak\u0131nc\u0131\u2019n\u0131n \u201cYa\u015fand\u0131\u011f\u0131 Gibi\u201d kitab\u0131n\u0131n 2. cildi yay\u0131mland\u0131","datePublished":"2024-07-29T17:04:54+00:00","mainEntityOfPage":{"@id":"https:\/\/kuzeyinsesi.org\/index.php\/2024\/07\/29\/4-cumhurbaskani-akincinin-yasandigi-gibi-kitabinin-2-cildi-yayimlandi\/"},"wordCount":359,"commentCount":0,"image":{"@id":"https:\/\/kuzeyinsesi.org\/index.php\/2024\/07\/29\/4-cumhurbaskani-akincinin-yasandigi-gibi-kitabinin-2-cildi-yayimlandi\/#primaryimage"},"thumbnailUrl":"https:\/\/kuzeyinsesi.org\/wp-content\/uploads\/2024\/07\/akinci-kitap-2-cilt-2-.jpg","articleSection":["Ya\u015fam"],"inLanguage":"tr","potentialAction":[{"@type":"CommentAction","name":"Comment","target":["https:\/\/kuzeyinsesi.org\/index.php\/2024\/07\/29\/4-cumhurbaskani-akincinin-yasandigi-gibi-kitabinin-2-cildi-yayimlandi\/#respond"]}]},{"@type":"WebPage","@id":"https:\/\/kuzeyinsesi.org\/index.php\/2024\/07\/29\/4-cumhurbaskani-akincinin-yasandigi-gibi-kitabinin-2-cildi-yayimlandi\/","url":"https:\/\/kuzeyinsesi.org\/index.php\/2024\/07\/29\/4-cumhurbaskani-akincinin-yasandigi-gibi-kitabinin-2-cildi-yayimlandi\/","name":"4. Cumhurba\u015fkan\u0131 Ak\u0131nc\u0131\u2019n\u0131n \u201cYa\u015fand\u0131\u011f\u0131 Gibi\u201d kitab\u0131n\u0131n 2. cildi yay\u0131mland\u0131 - Kuzeyin Sesi","isPartOf":{"@id":"https:\/\/kuzeyinsesi.org\/#website"},"primaryImageOfPage":{"@id":"https:\/\/kuzeyinsesi.org\/index.php\/2024\/07\/29\/4-cumhurbaskani-akincinin-yasandigi-gibi-kitabinin-2-cildi-yayimlandi\/#primaryimage"},"image":{"@id":"https:\/\/kuzeyinsesi.org\/index.php\/2024\/07\/29\/4-cumhurbaskani-akincinin-yasandigi-gibi-kitabinin-2-cildi-yayimlandi\/#primaryimage"},"thumbnailUrl":"https:\/\/kuzeyinsesi.org\/wp-content\/uploads\/2024\/07\/akinci-kitap-2-cilt-2-.jpg","datePublished":"2024-07-29T17:04:54+00:00","author":{"@id":"https:\/\/kuzeyinsesi.org\/#\/schema\/person\/9f859689cdf01485597712386e37f5aa"},"breadcrumb":{"@id":"https:\/\/kuzeyinsesi.org\/index.php\/2024\/07\/29\/4-cumhurbaskani-akincinin-yasandigi-gibi-kitabinin-2-cildi-yayimlandi\/#breadcrumb"},"inLanguage":"tr","potentialAction":[{"@type":"ReadAction","target":["https:\/\/kuzeyinsesi.org\/index.php\/2024\/07\/29\/4-cumhurbaskani-akincinin-yasandigi-gibi-kitabinin-2-cildi-yayimlandi\/"]}]},{"@type":"ImageObject","inLanguage":"tr","@id":"https:\/\/kuzeyinsesi.org\/index.php\/2024\/07\/29\/4-cumhurbaskani-akincinin-yasandigi-gibi-kitabinin-2-cildi-yayimlandi\/#primaryimage","url":"https:\/\/kuzeyinsesi.org\/wp-content\/uploads\/2024\/07\/akinci-kitap-2-cilt-2-.jpg","contentUrl":"https:\/\/kuzeyinsesi.org\/wp-content\/uploads\/2024\/07\/akinci-kitap-2-cilt-2-.jpg","width":930,"height":410},{"@type":"BreadcrumbList","@id":"https:\/\/kuzeyinsesi.org\/index.php\/2024\/07\/29\/4-cumhurbaskani-akincinin-yasandigi-gibi-kitabinin-2-cildi-yayimlandi\/#breadcrumb","itemListElement":[{"@type":"ListItem","position":1,"name":"Anasayfa","item":"https:\/\/kuzeyinsesi.org\/"},{"@type":"ListItem","position":2,"name":"4. Cumhurba\u015fkan\u0131 Ak\u0131nc\u0131\u2019n\u0131n \u201cYa\u015fand\u0131\u011f\u0131 Gibi\u201d kitab\u0131n\u0131n 2. cildi yay\u0131mland\u0131"}]},{"@type":"WebSite","@id":"https:\/\/kuzeyinsesi.org\/#website","url":"https:\/\/kuzeyinsesi.org\/","name":"Kuzeyin Sesi","description":"Do\u011fru Haberin Adresi","potentialAction":[{"@type":"SearchAction","target":{"@type":"EntryPoint","urlTemplate":"https:\/\/kuzeyinsesi.org\/?s={search_term_string}"},"query-input":{"@type":"PropertyValueSpecification","valueRequired":true,"valueName":"search_term_string"}}],"inLanguage":"tr"},{"@type":"Person","@id":"https:\/\/kuzeyinsesi.org\/#\/schema\/person\/9f859689cdf01485597712386e37f5aa","name":"Kuzeyin Sesi","image":{"@type":"ImageObject","inLanguage":"tr","@id":"https:\/\/secure.gravatar.com\/avatar\/bab33852abfd8b282518d6ed81826833d77c3c882d9ab608add591ccace47a44?s=96&d=mm&r=g","url":"https:\/\/secure.gravatar.com\/avatar\/bab33852abfd8b282518d6ed81826833d77c3c882d9ab608add591ccace47a44?s=96&d=mm&r=g","contentUrl":"https:\/\/secure.gravatar.com\/avatar\/bab33852abfd8b282518d6ed81826833d77c3c882d9ab608add591ccace47a44?s=96&d=mm&r=g","caption":"Kuzeyin Sesi"},"sameAs":["https:\/\/kuzeyinsesi.org"],"url":"https:\/\/kuzeyinsesi.org\/index.php\/author\/guven\/"}]}},"_links":{"self":[{"href":"https:\/\/kuzeyinsesi.org\/index.php\/wp-json\/wp\/v2\/posts\/7129","targetHints":{"allow":["GET"]}}],"collection":[{"href":"https:\/\/kuzeyinsesi.org\/index.php\/wp-json\/wp\/v2\/posts"}],"about":[{"href":"https:\/\/kuzeyinsesi.org\/index.php\/wp-json\/wp\/v2\/types\/post"}],"author":[{"embeddable":true,"href":"https:\/\/kuzeyinsesi.org\/index.php\/wp-json\/wp\/v2\/users\/1"}],"replies":[{"embeddable":true,"href":"https:\/\/kuzeyinsesi.org\/index.php\/wp-json\/wp\/v2\/comments?post=7129"}],"version-history":[{"count":0,"href":"https:\/\/kuzeyinsesi.org\/index.php\/wp-json\/wp\/v2\/posts\/7129\/revisions"}],"wp:featuredmedia":[{"embeddable":true,"href":"https:\/\/kuzeyinsesi.org\/index.php\/wp-json\/wp\/v2\/media\/7130"}],"wp:attachment":[{"href":"https:\/\/kuzeyinsesi.org\/index.php\/wp-json\/wp\/v2\/media?parent=7129"}],"wp:term":[{"taxonomy":"category","embeddable":true,"href":"https:\/\/kuzeyinsesi.org\/index.php\/wp-json\/wp\/v2\/categories?post=7129"},{"taxonomy":"post_tag","embeddable":true,"href":"https:\/\/kuzeyinsesi.org\/index.php\/wp-json\/wp\/v2\/tags?post=7129"}],"curies":[{"name":"wp","href":"https:\/\/api.w.org\/{rel}","templated":true}]}}