{"id":711,"date":"2024-04-27T15:54:25","date_gmt":"2024-04-27T12:54:25","guid":{"rendered":"https:\/\/kuzeyinsesi.com\/index.php\/2024\/04\/27\/dincyurek-yardimlasma-konusunda-duyarli-olan-gencler-onumuzdeki-surecte-topluma-buyuk-katki-verecek\/"},"modified":"2024-04-27T15:54:25","modified_gmt":"2024-04-27T12:54:25","slug":"dincyurek-yardimlasma-konusunda-duyarli-olan-gencler-onumuzdeki-surecte-topluma-buyuk-katki-verecek","status":"publish","type":"post","link":"https:\/\/kuzeyinsesi.org\/index.php\/2024\/04\/27\/dincyurek-yardimlasma-konusunda-duyarli-olan-gencler-onumuzdeki-surecte-topluma-buyuk-katki-verecek\/","title":{"rendered":"Din\u00e7y\u00fcrek: Yard\u0131mla\u015fma konusunda duyarl\u0131 olan gen\u00e7ler \u00f6n\u00fcm\u00fczdeki s\u00fcre\u00e7te topluma b\u00fcy\u00fck katk\u0131 verecek"},"content":{"rendered":"<div>\n<div class=\"mariselle-image-container center\">\n                                            <\/div>\n<p>K\u0131br\u0131s Amerikan \u00dcniversitesi \u201cKA\u00dc \u00f6\u011frencileri ile bir dilek de sen tut Projesi kapsam\u0131nda B\u00fclent Ecevit Rehabilitasyon Merkezi\u2019ne ba\u011f\u0131\u015fta bulundu.<\/p>\n<p>Dayan\u0131\u015fma ve yard\u0131mla\u015fman\u0131n \u00f6nemine de\u011finen Bakan Din\u00e7y\u00fcrek, K\u0131br\u0131s Amerikan \u00dcniversitesi \u00f6\u011frencileri ve yetkilerinin duyarl\u0131 davran\u0131\u015flar\u0131n\u0131n bir\u00e7ok kurum ve sivil toplum \u00f6rg\u00fct\u00fc taraf\u0131ndan \u00f6rnek al\u0131nmas\u0131 gerekti\u011fini, bu t\u00fcr sosyal sorumluluk projelerinin geni\u015fletilmesi gerekti\u011fini vurgulad\u0131.<\/p>\n<p>Din\u00e7y\u00fcrek, yard\u0131mla\u015fma konusunda hassas ve sorumluluk sahibi gen\u00e7lerin \u00f6n\u00fcm\u00fczdeki s\u00fcre\u00e7te bu topluma \u00e7ok b\u00fcy\u00fck katk\u0131 verecek olan ba\u015far\u0131l\u0131  gen\u00e7ler olduklar\u0131n\u0131 belirterek katk\u0131 koyan herkese te\u015fekk\u00fcr etti. <\/p>\n<p>K\u0131br\u0131s Amerikan \u00dcniversitesi E\u011fitim Fak\u00fcltesi Topluma Hizmet Uygulamalar\u0131 dersi kapsam\u0131nda ger\u00e7ekle\u015ftirilen \u201cKA\u00dc \u00f6\u011frencileri ile bir dilek de sen tut Projesi\u201d ile toplam 60 ki\u015fiden olu\u015fan B\u00fclent Ecevit Rehabilitasyon Merkezi sakinlerinin dilekleri ka\u011f\u0131da yaz\u0131larak dilek a\u011fac\u0131na as\u0131ld\u0131. KA\u00dc \u00f6\u011frencileri dilek a\u011fac\u0131na as\u0131lan bu dilekleri yerine getirdi.<br \/>KA\u00dc G\u00f6rsel \u0130leti\u015fim Tasar\u0131m\u0131 B\u00f6l\u00fcm\u00fc \u00d6\u011fretim \u00dcyesi Dr. Emel Y\u0131lmaz\u2019\u0131n y\u00fcr\u00fctt\u00fc\u011f\u00fc Topluma Hizmet Uygulamalar\u0131 (THU) Dersi kapsam\u0131nda be\u015f hafta boyunca s\u00fcren \u201cKA\u00dc \u00f6\u011frencileri ile bir dilek de sen tut\u201d Projesi\u2019nde ilk olarak, 24 Nisan \u00c7ar\u015famba g\u00fcn\u00fc THU dersini alan KA\u00dc \u00f6\u011frencileri taraf\u0131ndan, Alayk\u00f6y\u2019de bulunan Kamp\u00fcste kermes d\u00fczenlendi.  <\/p>\n<p>Projenin devam\u0131nda, KA\u00dc \u00f6\u011frencileri taraf\u0131ndan B\u00fclent Ecevit Rehabilitasyon Merkezi\u2019ne ziyaret ger\u00e7ekle\u015ftirildi ve ziyaret kapsam\u0131nda kermesten elde edilen gelir ile KKTC Sa\u011fl\u0131k Bakanl\u0131\u011f\u0131\u2019na ba\u011fl\u0131 B\u00fclent Ecevit Rehabilitasyon Merkezi sakinlerinin \u201cg\u0131da ve k\u0131yafetten\u201d olu\u015fan dilekleri dersin \u00f6\u011frencileri taraf\u0131ndan haz\u0131rlanan dilek a\u011fac\u0131na as\u0131larak  yerine getirildi.   B\u00fclent Ecevit Rehabilitasyon Merkezi\u2019nde  ger\u00e7ekle\u015fen etkinlik s\u0131ras\u0131nda KKTC Sa\u011fl\u0131k Bakanl\u0131\u011f\u0131na ba\u011fl\u0131 B\u00fclent Ecevit Rehabilitasyon Merkezi Sorumlu Hekim YTKD. Ba\u015fhekimi Dr Nil Erg\u00fcn Eleda\u011f MD, PhD\u00a0  G\u00f6rsel \u0130leti\u015fim Tasar\u0131m\u0131 B\u00f6l\u00fcm\u00fc \u00d6\u011fretim \u00dcyesi Dr. Emel Y\u0131lmaz \u00f6\u011frenciler ile birlikte  haz\u0131r bulundu.<\/p>\n<\/p><\/div>\n<p><script async\n                    defer\n                    crossorigin=\"anonymous\"\n                    src=\"https:\/\/connect.facebook.net\/tr_TR\/sdk.js#xfbml=1&#038;version=v3.3\"\n            ><\/script><\/p>\n","protected":false},"excerpt":{"rendered":"<p>K\u0131br\u0131s Amerikan \u00dcniversitesi \u201cKA\u00dc \u00f6\u011frencileri ile bir dilek de sen tut Projesi kapsam\u0131nda B\u00fclent Ecevit Rehabilitasyon Merkezi\u2019ne ba\u011f\u0131\u015fta bulundu. Dayan\u0131\u015fma ve yard\u0131mla\u015fman\u0131n \u00f6nemine de\u011finen Bakan Din\u00e7y\u00fcrek, K\u0131br\u0131s Amerikan \u00dcniversitesi \u00f6\u011frencileri ve yetkilerinin duyarl\u0131 davran\u0131\u015flar\u0131n\u0131n bir\u00e7ok kurum ve sivil toplum \u00f6rg\u00fct\u00fc taraf\u0131ndan \u00f6rnek al\u0131nmas\u0131 gerekti\u011fini, bu t\u00fcr sosyal sorumluluk projelerinin geni\u015fletilmesi gerekti\u011fini vurgulad\u0131. Din\u00e7y\u00fcrek, yard\u0131mla\u015fma konusunda [&hellip;]<\/p>\n","protected":false},"author":1,"featured_media":712,"comment_status":"open","ping_status":"open","sticky":false,"template":"","format":"standard","meta":{"jnews-multi-image_gallery":[],"jnews_single_post":[],"jnews_primary_category":[],"jnews_social_meta":[],"jnews_override_counter":[],"footnotes":""},"categories":[1],"tags":[],"class_list":["post-711","post","type-post","status-publish","format-standard","has-post-thumbnail","hentry","category-kibris"],"yoast_head":"<!-- This site is optimized with the Yoast SEO plugin v27.4 - https:\/\/yoast.com\/product\/yoast-seo-wordpress\/ -->\n<title>Din\u00e7y\u00fcrek: Yard\u0131mla\u015fma konusunda duyarl\u0131 olan gen\u00e7ler \u00f6n\u00fcm\u00fczdeki s\u00fcre\u00e7te topluma b\u00fcy\u00fck katk\u0131 verecek - Kuzeyin Sesi<\/title>\n<meta name=\"robots\" content=\"index, follow, max-snippet:-1, max-image-preview:large, max-video-preview:-1\" \/>\n<link rel=\"canonical\" href=\"https:\/\/kuzeyinsesi.org\/index.php\/2024\/04\/27\/dincyurek-yardimlasma-konusunda-duyarli-olan-gencler-onumuzdeki-surecte-topluma-buyuk-katki-verecek\/\" \/>\n<meta property=\"og:locale\" content=\"tr_TR\" \/>\n<meta property=\"og:type\" content=\"article\" \/>\n<meta property=\"og:title\" content=\"Din\u00e7y\u00fcrek: Yard\u0131mla\u015fma konusunda duyarl\u0131 olan gen\u00e7ler \u00f6n\u00fcm\u00fczdeki s\u00fcre\u00e7te topluma b\u00fcy\u00fck katk\u0131 verecek - Kuzeyin Sesi\" \/>\n<meta property=\"og:description\" content=\"K\u0131br\u0131s Amerikan \u00dcniversitesi \u201cKA\u00dc \u00f6\u011frencileri ile bir dilek de sen tut Projesi kapsam\u0131nda B\u00fclent Ecevit Rehabilitasyon Merkezi\u2019ne ba\u011f\u0131\u015fta bulundu. Dayan\u0131\u015fma ve yard\u0131mla\u015fman\u0131n \u00f6nemine de\u011finen Bakan Din\u00e7y\u00fcrek, K\u0131br\u0131s Amerikan \u00dcniversitesi \u00f6\u011frencileri ve yetkilerinin duyarl\u0131 davran\u0131\u015flar\u0131n\u0131n bir\u00e7ok kurum ve sivil toplum \u00f6rg\u00fct\u00fc taraf\u0131ndan \u00f6rnek al\u0131nmas\u0131 gerekti\u011fini, bu t\u00fcr sosyal sorumluluk projelerinin geni\u015fletilmesi gerekti\u011fini vurgulad\u0131. Din\u00e7y\u00fcrek, yard\u0131mla\u015fma konusunda [&hellip;]\" \/>\n<meta property=\"og:url\" content=\"https:\/\/kuzeyinsesi.org\/index.php\/2024\/04\/27\/dincyurek-yardimlasma-konusunda-duyarli-olan-gencler-onumuzdeki-surecte-topluma-buyuk-katki-verecek\/\" \/>\n<meta property=\"og:site_name\" content=\"Kuzeyin Sesi\" \/>\n<meta property=\"article:publisher\" content=\"https:\/\/www.facebook.com\/kuzeyinsesii\" \/>\n<meta property=\"article:published_time\" content=\"2024-04-27T12:54:25+00:00\" \/>\n<meta property=\"og:image\" content=\"https:\/\/kuzeyinsesi.org\/wp-content\/uploads\/2024\/04\/68cfe370-2644-4cde-89fc-e509b602c69b.jpg\" \/>\n\t<meta property=\"og:image:width\" content=\"1600\" \/>\n\t<meta property=\"og:image:height\" content=\"720\" \/>\n\t<meta property=\"og:image:type\" content=\"image\/jpeg\" \/>\n<meta name=\"author\" content=\"Kuzeyin Sesi\" \/>\n<meta name=\"twitter:card\" content=\"summary_large_image\" \/>\n<meta name=\"twitter:creator\" content=\"@kuzeyinsesii\" \/>\n<meta name=\"twitter:site\" content=\"@kuzeyinsesii\" \/>\n<meta name=\"twitter:label1\" content=\"Yazan:\" \/>\n\t<meta name=\"twitter:data1\" content=\"Kuzeyin Sesi\" \/>\n\t<meta name=\"twitter:label2\" content=\"Tahmini okuma s\u00fcresi\" \/>\n\t<meta name=\"twitter:data2\" content=\"2 dakika\" \/>\n<script type=\"application\/ld+json\" class=\"yoast-schema-graph\">{\"@context\":\"https:\\\/\\\/schema.org\",\"@graph\":[{\"@type\":\"Article\",\"@id\":\"https:\\\/\\\/kuzeyinsesi.org\\\/index.php\\\/2024\\\/04\\\/27\\\/dincyurek-yardimlasma-konusunda-duyarli-olan-gencler-onumuzdeki-surecte-topluma-buyuk-katki-verecek\\\/#article\",\"isPartOf\":{\"@id\":\"https:\\\/\\\/kuzeyinsesi.org\\\/index.php\\\/2024\\\/04\\\/27\\\/dincyurek-yardimlasma-konusunda-duyarli-olan-gencler-onumuzdeki-surecte-topluma-buyuk-katki-verecek\\\/\"},\"author\":{\"name\":\"Kuzeyin Sesi\",\"@id\":\"https:\\\/\\\/kuzeyinsesi.org\\\/#\\\/schema\\\/person\\\/9f859689cdf01485597712386e37f5aa\"},\"headline\":\"Din\u00e7y\u00fcrek: Yard\u0131mla\u015fma konusunda duyarl\u0131 olan gen\u00e7ler \u00f6n\u00fcm\u00fczdeki s\u00fcre\u00e7te topluma b\u00fcy\u00fck katk\u0131 verecek\",\"datePublished\":\"2024-04-27T12:54:25+00:00\",\"mainEntityOfPage\":{\"@id\":\"https:\\\/\\\/kuzeyinsesi.org\\\/index.php\\\/2024\\\/04\\\/27\\\/dincyurek-yardimlasma-konusunda-duyarli-olan-gencler-onumuzdeki-surecte-topluma-buyuk-katki-verecek\\\/\"},\"wordCount\":392,\"commentCount\":0,\"image\":{\"@id\":\"https:\\\/\\\/kuzeyinsesi.org\\\/index.php\\\/2024\\\/04\\\/27\\\/dincyurek-yardimlasma-konusunda-duyarli-olan-gencler-onumuzdeki-surecte-topluma-buyuk-katki-verecek\\\/#primaryimage\"},\"thumbnailUrl\":\"https:\\\/\\\/kuzeyinsesi.org\\\/wp-content\\\/uploads\\\/2024\\\/04\\\/68cfe370-2644-4cde-89fc-e509b602c69b.jpg\",\"articleSection\":[\"K\u0131br\u0131s\"],\"inLanguage\":\"tr\",\"potentialAction\":[{\"@type\":\"CommentAction\",\"name\":\"Comment\",\"target\":[\"https:\\\/\\\/kuzeyinsesi.org\\\/index.php\\\/2024\\\/04\\\/27\\\/dincyurek-yardimlasma-konusunda-duyarli-olan-gencler-onumuzdeki-surecte-topluma-buyuk-katki-verecek\\\/#respond\"]}]},{\"@type\":\"WebPage\",\"@id\":\"https:\\\/\\\/kuzeyinsesi.org\\\/index.php\\\/2024\\\/04\\\/27\\\/dincyurek-yardimlasma-konusunda-duyarli-olan-gencler-onumuzdeki-surecte-topluma-buyuk-katki-verecek\\\/\",\"url\":\"https:\\\/\\\/kuzeyinsesi.org\\\/index.php\\\/2024\\\/04\\\/27\\\/dincyurek-yardimlasma-konusunda-duyarli-olan-gencler-onumuzdeki-surecte-topluma-buyuk-katki-verecek\\\/\",\"name\":\"Din\u00e7y\u00fcrek: Yard\u0131mla\u015fma konusunda duyarl\u0131 olan gen\u00e7ler \u00f6n\u00fcm\u00fczdeki s\u00fcre\u00e7te topluma b\u00fcy\u00fck katk\u0131 verecek - Kuzeyin Sesi\",\"isPartOf\":{\"@id\":\"https:\\\/\\\/kuzeyinsesi.org\\\/#website\"},\"primaryImageOfPage\":{\"@id\":\"https:\\\/\\\/kuzeyinsesi.org\\\/index.php\\\/2024\\\/04\\\/27\\\/dincyurek-yardimlasma-konusunda-duyarli-olan-gencler-onumuzdeki-surecte-topluma-buyuk-katki-verecek\\\/#primaryimage\"},\"image\":{\"@id\":\"https:\\\/\\\/kuzeyinsesi.org\\\/index.php\\\/2024\\\/04\\\/27\\\/dincyurek-yardimlasma-konusunda-duyarli-olan-gencler-onumuzdeki-surecte-topluma-buyuk-katki-verecek\\\/#primaryimage\"},\"thumbnailUrl\":\"https:\\\/\\\/kuzeyinsesi.org\\\/wp-content\\\/uploads\\\/2024\\\/04\\\/68cfe370-2644-4cde-89fc-e509b602c69b.jpg\",\"datePublished\":\"2024-04-27T12:54:25+00:00\",\"author\":{\"@id\":\"https:\\\/\\\/kuzeyinsesi.org\\\/#\\\/schema\\\/person\\\/9f859689cdf01485597712386e37f5aa\"},\"breadcrumb\":{\"@id\":\"https:\\\/\\\/kuzeyinsesi.org\\\/index.php\\\/2024\\\/04\\\/27\\\/dincyurek-yardimlasma-konusunda-duyarli-olan-gencler-onumuzdeki-surecte-topluma-buyuk-katki-verecek\\\/#breadcrumb\"},\"inLanguage\":\"tr\",\"potentialAction\":[{\"@type\":\"ReadAction\",\"target\":[\"https:\\\/\\\/kuzeyinsesi.org\\\/index.php\\\/2024\\\/04\\\/27\\\/dincyurek-yardimlasma-konusunda-duyarli-olan-gencler-onumuzdeki-surecte-topluma-buyuk-katki-verecek\\\/\"]}]},{\"@type\":\"ImageObject\",\"inLanguage\":\"tr\",\"@id\":\"https:\\\/\\\/kuzeyinsesi.org\\\/index.php\\\/2024\\\/04\\\/27\\\/dincyurek-yardimlasma-konusunda-duyarli-olan-gencler-onumuzdeki-surecte-topluma-buyuk-katki-verecek\\\/#primaryimage\",\"url\":\"https:\\\/\\\/kuzeyinsesi.org\\\/wp-content\\\/uploads\\\/2024\\\/04\\\/68cfe370-2644-4cde-89fc-e509b602c69b.jpg\",\"contentUrl\":\"https:\\\/\\\/kuzeyinsesi.org\\\/wp-content\\\/uploads\\\/2024\\\/04\\\/68cfe370-2644-4cde-89fc-e509b602c69b.jpg\",\"width\":1600,\"height\":720},{\"@type\":\"BreadcrumbList\",\"@id\":\"https:\\\/\\\/kuzeyinsesi.org\\\/index.php\\\/2024\\\/04\\\/27\\\/dincyurek-yardimlasma-konusunda-duyarli-olan-gencler-onumuzdeki-surecte-topluma-buyuk-katki-verecek\\\/#breadcrumb\",\"itemListElement\":[{\"@type\":\"ListItem\",\"position\":1,\"name\":\"Anasayfa\",\"item\":\"https:\\\/\\\/kuzeyinsesi.org\\\/\"},{\"@type\":\"ListItem\",\"position\":2,\"name\":\"Din\u00e7y\u00fcrek: Yard\u0131mla\u015fma konusunda duyarl\u0131 olan gen\u00e7ler \u00f6n\u00fcm\u00fczdeki s\u00fcre\u00e7te topluma b\u00fcy\u00fck katk\u0131 verecek\"}]},{\"@type\":\"WebSite\",\"@id\":\"https:\\\/\\\/kuzeyinsesi.org\\\/#website\",\"url\":\"https:\\\/\\\/kuzeyinsesi.org\\\/\",\"name\":\"Kuzeyin Sesi\",\"description\":\"Do\u011fru Haberin Adresi\",\"potentialAction\":[{\"@type\":\"SearchAction\",\"target\":{\"@type\":\"EntryPoint\",\"urlTemplate\":\"https:\\\/\\\/kuzeyinsesi.org\\\/?s={search_term_string}\"},\"query-input\":{\"@type\":\"PropertyValueSpecification\",\"valueRequired\":true,\"valueName\":\"search_term_string\"}}],\"inLanguage\":\"tr\"},{\"@type\":\"Person\",\"@id\":\"https:\\\/\\\/kuzeyinsesi.org\\\/#\\\/schema\\\/person\\\/9f859689cdf01485597712386e37f5aa\",\"name\":\"Kuzeyin Sesi\",\"image\":{\"@type\":\"ImageObject\",\"inLanguage\":\"tr\",\"@id\":\"https:\\\/\\\/secure.gravatar.com\\\/avatar\\\/bab33852abfd8b282518d6ed81826833d77c3c882d9ab608add591ccace47a44?s=96&d=mm&r=g\",\"url\":\"https:\\\/\\\/secure.gravatar.com\\\/avatar\\\/bab33852abfd8b282518d6ed81826833d77c3c882d9ab608add591ccace47a44?s=96&d=mm&r=g\",\"contentUrl\":\"https:\\\/\\\/secure.gravatar.com\\\/avatar\\\/bab33852abfd8b282518d6ed81826833d77c3c882d9ab608add591ccace47a44?s=96&d=mm&r=g\",\"caption\":\"Kuzeyin Sesi\"},\"sameAs\":[\"https:\\\/\\\/kuzeyinsesi.org\"],\"url\":\"https:\\\/\\\/kuzeyinsesi.org\\\/index.php\\\/author\\\/guven\\\/\"}]}<\/script>\n<!-- \/ Yoast SEO plugin. -->","yoast_head_json":{"title":"Din\u00e7y\u00fcrek: Yard\u0131mla\u015fma konusunda duyarl\u0131 olan gen\u00e7ler \u00f6n\u00fcm\u00fczdeki s\u00fcre\u00e7te topluma b\u00fcy\u00fck katk\u0131 verecek - Kuzeyin Sesi","robots":{"index":"index","follow":"follow","max-snippet":"max-snippet:-1","max-image-preview":"max-image-preview:large","max-video-preview":"max-video-preview:-1"},"canonical":"https:\/\/kuzeyinsesi.org\/index.php\/2024\/04\/27\/dincyurek-yardimlasma-konusunda-duyarli-olan-gencler-onumuzdeki-surecte-topluma-buyuk-katki-verecek\/","og_locale":"tr_TR","og_type":"article","og_title":"Din\u00e7y\u00fcrek: Yard\u0131mla\u015fma konusunda duyarl\u0131 olan gen\u00e7ler \u00f6n\u00fcm\u00fczdeki s\u00fcre\u00e7te topluma b\u00fcy\u00fck katk\u0131 verecek - Kuzeyin Sesi","og_description":"K\u0131br\u0131s Amerikan \u00dcniversitesi \u201cKA\u00dc \u00f6\u011frencileri ile bir dilek de sen tut Projesi kapsam\u0131nda B\u00fclent Ecevit Rehabilitasyon Merkezi\u2019ne ba\u011f\u0131\u015fta bulundu. Dayan\u0131\u015fma ve yard\u0131mla\u015fman\u0131n \u00f6nemine de\u011finen Bakan Din\u00e7y\u00fcrek, K\u0131br\u0131s Amerikan \u00dcniversitesi \u00f6\u011frencileri ve yetkilerinin duyarl\u0131 davran\u0131\u015flar\u0131n\u0131n bir\u00e7ok kurum ve sivil toplum \u00f6rg\u00fct\u00fc taraf\u0131ndan \u00f6rnek al\u0131nmas\u0131 gerekti\u011fini, bu t\u00fcr sosyal sorumluluk projelerinin geni\u015fletilmesi gerekti\u011fini vurgulad\u0131. Din\u00e7y\u00fcrek, yard\u0131mla\u015fma konusunda [&hellip;]","og_url":"https:\/\/kuzeyinsesi.org\/index.php\/2024\/04\/27\/dincyurek-yardimlasma-konusunda-duyarli-olan-gencler-onumuzdeki-surecte-topluma-buyuk-katki-verecek\/","og_site_name":"Kuzeyin Sesi","article_publisher":"https:\/\/www.facebook.com\/kuzeyinsesii","article_published_time":"2024-04-27T12:54:25+00:00","og_image":[{"width":1600,"height":720,"url":"https:\/\/kuzeyinsesi.org\/wp-content\/uploads\/2024\/04\/68cfe370-2644-4cde-89fc-e509b602c69b.jpg","type":"image\/jpeg"}],"author":"Kuzeyin Sesi","twitter_card":"summary_large_image","twitter_creator":"@kuzeyinsesii","twitter_site":"@kuzeyinsesii","twitter_misc":{"Yazan:":"Kuzeyin Sesi","Tahmini okuma s\u00fcresi":"2 dakika"},"schema":{"@context":"https:\/\/schema.org","@graph":[{"@type":"Article","@id":"https:\/\/kuzeyinsesi.org\/index.php\/2024\/04\/27\/dincyurek-yardimlasma-konusunda-duyarli-olan-gencler-onumuzdeki-surecte-topluma-buyuk-katki-verecek\/#article","isPartOf":{"@id":"https:\/\/kuzeyinsesi.org\/index.php\/2024\/04\/27\/dincyurek-yardimlasma-konusunda-duyarli-olan-gencler-onumuzdeki-surecte-topluma-buyuk-katki-verecek\/"},"author":{"name":"Kuzeyin Sesi","@id":"https:\/\/kuzeyinsesi.org\/#\/schema\/person\/9f859689cdf01485597712386e37f5aa"},"headline":"Din\u00e7y\u00fcrek: Yard\u0131mla\u015fma konusunda duyarl\u0131 olan gen\u00e7ler \u00f6n\u00fcm\u00fczdeki s\u00fcre\u00e7te topluma b\u00fcy\u00fck katk\u0131 verecek","datePublished":"2024-04-27T12:54:25+00:00","mainEntityOfPage":{"@id":"https:\/\/kuzeyinsesi.org\/index.php\/2024\/04\/27\/dincyurek-yardimlasma-konusunda-duyarli-olan-gencler-onumuzdeki-surecte-topluma-buyuk-katki-verecek\/"},"wordCount":392,"commentCount":0,"image":{"@id":"https:\/\/kuzeyinsesi.org\/index.php\/2024\/04\/27\/dincyurek-yardimlasma-konusunda-duyarli-olan-gencler-onumuzdeki-surecte-topluma-buyuk-katki-verecek\/#primaryimage"},"thumbnailUrl":"https:\/\/kuzeyinsesi.org\/wp-content\/uploads\/2024\/04\/68cfe370-2644-4cde-89fc-e509b602c69b.jpg","articleSection":["K\u0131br\u0131s"],"inLanguage":"tr","potentialAction":[{"@type":"CommentAction","name":"Comment","target":["https:\/\/kuzeyinsesi.org\/index.php\/2024\/04\/27\/dincyurek-yardimlasma-konusunda-duyarli-olan-gencler-onumuzdeki-surecte-topluma-buyuk-katki-verecek\/#respond"]}]},{"@type":"WebPage","@id":"https:\/\/kuzeyinsesi.org\/index.php\/2024\/04\/27\/dincyurek-yardimlasma-konusunda-duyarli-olan-gencler-onumuzdeki-surecte-topluma-buyuk-katki-verecek\/","url":"https:\/\/kuzeyinsesi.org\/index.php\/2024\/04\/27\/dincyurek-yardimlasma-konusunda-duyarli-olan-gencler-onumuzdeki-surecte-topluma-buyuk-katki-verecek\/","name":"Din\u00e7y\u00fcrek: Yard\u0131mla\u015fma konusunda duyarl\u0131 olan gen\u00e7ler \u00f6n\u00fcm\u00fczdeki s\u00fcre\u00e7te topluma b\u00fcy\u00fck katk\u0131 verecek - Kuzeyin Sesi","isPartOf":{"@id":"https:\/\/kuzeyinsesi.org\/#website"},"primaryImageOfPage":{"@id":"https:\/\/kuzeyinsesi.org\/index.php\/2024\/04\/27\/dincyurek-yardimlasma-konusunda-duyarli-olan-gencler-onumuzdeki-surecte-topluma-buyuk-katki-verecek\/#primaryimage"},"image":{"@id":"https:\/\/kuzeyinsesi.org\/index.php\/2024\/04\/27\/dincyurek-yardimlasma-konusunda-duyarli-olan-gencler-onumuzdeki-surecte-topluma-buyuk-katki-verecek\/#primaryimage"},"thumbnailUrl":"https:\/\/kuzeyinsesi.org\/wp-content\/uploads\/2024\/04\/68cfe370-2644-4cde-89fc-e509b602c69b.jpg","datePublished":"2024-04-27T12:54:25+00:00","author":{"@id":"https:\/\/kuzeyinsesi.org\/#\/schema\/person\/9f859689cdf01485597712386e37f5aa"},"breadcrumb":{"@id":"https:\/\/kuzeyinsesi.org\/index.php\/2024\/04\/27\/dincyurek-yardimlasma-konusunda-duyarli-olan-gencler-onumuzdeki-surecte-topluma-buyuk-katki-verecek\/#breadcrumb"},"inLanguage":"tr","potentialAction":[{"@type":"ReadAction","target":["https:\/\/kuzeyinsesi.org\/index.php\/2024\/04\/27\/dincyurek-yardimlasma-konusunda-duyarli-olan-gencler-onumuzdeki-surecte-topluma-buyuk-katki-verecek\/"]}]},{"@type":"ImageObject","inLanguage":"tr","@id":"https:\/\/kuzeyinsesi.org\/index.php\/2024\/04\/27\/dincyurek-yardimlasma-konusunda-duyarli-olan-gencler-onumuzdeki-surecte-topluma-buyuk-katki-verecek\/#primaryimage","url":"https:\/\/kuzeyinsesi.org\/wp-content\/uploads\/2024\/04\/68cfe370-2644-4cde-89fc-e509b602c69b.jpg","contentUrl":"https:\/\/kuzeyinsesi.org\/wp-content\/uploads\/2024\/04\/68cfe370-2644-4cde-89fc-e509b602c69b.jpg","width":1600,"height":720},{"@type":"BreadcrumbList","@id":"https:\/\/kuzeyinsesi.org\/index.php\/2024\/04\/27\/dincyurek-yardimlasma-konusunda-duyarli-olan-gencler-onumuzdeki-surecte-topluma-buyuk-katki-verecek\/#breadcrumb","itemListElement":[{"@type":"ListItem","position":1,"name":"Anasayfa","item":"https:\/\/kuzeyinsesi.org\/"},{"@type":"ListItem","position":2,"name":"Din\u00e7y\u00fcrek: Yard\u0131mla\u015fma konusunda duyarl\u0131 olan gen\u00e7ler \u00f6n\u00fcm\u00fczdeki s\u00fcre\u00e7te topluma b\u00fcy\u00fck katk\u0131 verecek"}]},{"@type":"WebSite","@id":"https:\/\/kuzeyinsesi.org\/#website","url":"https:\/\/kuzeyinsesi.org\/","name":"Kuzeyin Sesi","description":"Do\u011fru Haberin Adresi","potentialAction":[{"@type":"SearchAction","target":{"@type":"EntryPoint","urlTemplate":"https:\/\/kuzeyinsesi.org\/?s={search_term_string}"},"query-input":{"@type":"PropertyValueSpecification","valueRequired":true,"valueName":"search_term_string"}}],"inLanguage":"tr"},{"@type":"Person","@id":"https:\/\/kuzeyinsesi.org\/#\/schema\/person\/9f859689cdf01485597712386e37f5aa","name":"Kuzeyin Sesi","image":{"@type":"ImageObject","inLanguage":"tr","@id":"https:\/\/secure.gravatar.com\/avatar\/bab33852abfd8b282518d6ed81826833d77c3c882d9ab608add591ccace47a44?s=96&d=mm&r=g","url":"https:\/\/secure.gravatar.com\/avatar\/bab33852abfd8b282518d6ed81826833d77c3c882d9ab608add591ccace47a44?s=96&d=mm&r=g","contentUrl":"https:\/\/secure.gravatar.com\/avatar\/bab33852abfd8b282518d6ed81826833d77c3c882d9ab608add591ccace47a44?s=96&d=mm&r=g","caption":"Kuzeyin Sesi"},"sameAs":["https:\/\/kuzeyinsesi.org"],"url":"https:\/\/kuzeyinsesi.org\/index.php\/author\/guven\/"}]}},"_links":{"self":[{"href":"https:\/\/kuzeyinsesi.org\/index.php\/wp-json\/wp\/v2\/posts\/711","targetHints":{"allow":["GET"]}}],"collection":[{"href":"https:\/\/kuzeyinsesi.org\/index.php\/wp-json\/wp\/v2\/posts"}],"about":[{"href":"https:\/\/kuzeyinsesi.org\/index.php\/wp-json\/wp\/v2\/types\/post"}],"author":[{"embeddable":true,"href":"https:\/\/kuzeyinsesi.org\/index.php\/wp-json\/wp\/v2\/users\/1"}],"replies":[{"embeddable":true,"href":"https:\/\/kuzeyinsesi.org\/index.php\/wp-json\/wp\/v2\/comments?post=711"}],"version-history":[{"count":0,"href":"https:\/\/kuzeyinsesi.org\/index.php\/wp-json\/wp\/v2\/posts\/711\/revisions"}],"wp:featuredmedia":[{"embeddable":true,"href":"https:\/\/kuzeyinsesi.org\/index.php\/wp-json\/wp\/v2\/media\/712"}],"wp:attachment":[{"href":"https:\/\/kuzeyinsesi.org\/index.php\/wp-json\/wp\/v2\/media?parent=711"}],"wp:term":[{"taxonomy":"category","embeddable":true,"href":"https:\/\/kuzeyinsesi.org\/index.php\/wp-json\/wp\/v2\/categories?post=711"},{"taxonomy":"post_tag","embeddable":true,"href":"https:\/\/kuzeyinsesi.org\/index.php\/wp-json\/wp\/v2\/tags?post=711"}],"curies":[{"name":"wp","href":"https:\/\/api.w.org\/{rel}","templated":true}]}}