{"id":7105,"date":"2024-07-29T14:50:22","date_gmt":"2024-07-29T11:50:22","guid":{"rendered":"https:\/\/kuzeyinsesi.org\/index.php\/2024\/07\/29\/girne-belediyesi-yaz-tatili-programlari-8-13-yas-grubu-ile-devam-ediyor\/"},"modified":"2024-07-29T14:50:22","modified_gmt":"2024-07-29T11:50:22","slug":"girne-belediyesi-yaz-tatili-programlari-8-13-yas-grubu-ile-devam-ediyor","status":"publish","type":"post","link":"https:\/\/kuzeyinsesi.org\/index.php\/2024\/07\/29\/girne-belediyesi-yaz-tatili-programlari-8-13-yas-grubu-ile-devam-ediyor\/","title":{"rendered":"Girne Belediyesi yaz tatili programlar\u0131 8-13 ya\u015f grubu ile devam ediyor"},"content":{"rendered":"<div>\n<div class=\"mariselle-image-container none\">\n                                            <\/div>\n<p>Girne Belediyesi Sosyal \u0130\u015fler \u015eubesi\u2019ne ba\u011fl\u0131 Hayat Boyu \u00d6\u011frenme ve Sosyal Ya\u015fam Merkezi\u2019nin yaz tatili etkinlik programlar\u0131, a\u011fustos ay\u0131nda devam ediyor.<\/p>\n<p>Girne Belediyesi\u2019nden yap\u0131lan a\u00e7\u0131klamaya g\u00f6re, temmuz ay\u0131 boyunca her hafta sonu \u00e7e\u015fitli at\u00f6lyelerle yap\u0131lan 5-12 ya\u015f yaz tatili program\u0131 tamamland\u0131. Yaz tatili etkinlik program\u0131 8-13 ya\u015f grubu ile devam edecek.<\/p>\n<p>E\u011fitmenler Deniz Poyrazo\u011flu, Nevin Halis ve Sosyal \u0130\u015fler personeli e\u015fli\u011finde hayat bulan etkinlikler, eski Girne Belediye binas\u0131nda bulunan Hayat Boyu \u00d6\u011frenme ve Sosyal Ya\u015fam Merkez\u2019inde \u00fccretsiz olarak yap\u0131lacak.<\/p>\n<p>25 A\u011fustos Pazar g\u00fcn\u00fc ise hem 5-8 ya\u015f ve 9-13 ya\u015f gruplar\u0131 i\u00e7in Survivor Yar\u0131\u015fmas\u0131 d\u00fczenlenecek.<\/p>\n<p>Etkinlik program\u0131 \u015fu \u015fekilde:<\/p>\n<p>\u201c3 A\u011fustos Cumartesi:\u00a0 11.00 \u2013 12.00: El \u0130\u015fi At\u00f6lyesi, 12.00 \u2013 13.00: Tak\u0131 Tasar\u0131m At\u00f6lyesi, 13.00 \u2013 14.30 Rodin M\u00fczesi Gezisi (E\u011fitmen: Nevin Halis)<\/p>\n<p>4 A\u011fustos Pazar: 11.00 \u2013 12.30: 1 Resim 1 Ressam (Fikret Mualla) (E\u011fitmen: Nevin Halis), 12.30 \u2013 14.00: Yarat\u0131c\u0131 Sanat At\u00f6lyesi<\/p>\n<p>10 A\u011fustos Cumartesi: 11.00 \u2013 12.00: Kendi Maskeni Tasarla, 12.00 \u2013 13.00: Toka At\u00f6lyesi, 13.00 \u2013 14.30: Yarat\u0131c\u0131 Sanat At\u00f6lyesi<\/p>\n<p>11 A\u011fustos Pazar: 9.30 \u2013 11.30: Antik Liman ve Girne Kalesi Gezisi<\/p>\n<p>17 A\u011fustos Cumartesi: 11.00 \u2013 12.00: Magnet At\u00f6lyesi, 12.00 \u2013 13.00: Tatl\u0131 At\u00f6lyesi, 13.00 \u2013 14.30: Yarat\u0131c\u0131 Sanat At\u00f6lyesi<\/p>\n<p>18 A\u011fustos Pazar: 9.30 \u2013 11.30: Antik Liman ve Girne Kalesi Gezisi<\/p>\n<p>24 A\u011fustos Cumartesi: 11.00 \u2013 12.00: \u00c7er\u00e7eveni Yarat At\u00f6lyesi, 12.00 \u2013 13.00: Yarat\u0131c\u0131 Sanat At\u00f6lyesi, 13.00 14.30: Tak\u0131 Tasar\u0131m At\u00f6lyesi<\/p>\n<p>25 A\u011fustos Pazar: 10.00 \u2013 12.00: 5-8 Ya\u015f Survivor Yar\u0131\u015fmas\u0131, 13.00 \u2013 15.00: 9-13 Ya\u015f Survivor Yar\u0131\u015fmas\u0131<\/p>\n<p>Belediyeden yap\u0131lan a\u00e7\u0131klamada, etkinlikler i\u00e7in kay\u0131t yapt\u0131r\u0131lmas\u0131 gerekti\u011fi, kay\u0131tlar\u0131n 0392 815 16 08 ve 0539 112 63 63 numaral\u0131 telefonlar aranarak yap\u0131labilece\u011fi belirtildi.<\/p>\n<\/p><\/div>\n<p><script async\n                    defer\n                    crossorigin=\"anonymous\"\n                    src=\"https:\/\/connect.facebook.net\/tr_TR\/sdk.js#xfbml=1&#038;version=v3.3\"\n            ><\/script><\/p>\n","protected":false},"excerpt":{"rendered":"<p>Girne Belediyesi Sosyal \u0130\u015fler \u015eubesi\u2019ne ba\u011fl\u0131 Hayat Boyu \u00d6\u011frenme ve Sosyal Ya\u015fam Merkezi\u2019nin yaz tatili etkinlik programlar\u0131, a\u011fustos ay\u0131nda devam ediyor. Girne Belediyesi\u2019nden yap\u0131lan a\u00e7\u0131klamaya g\u00f6re, temmuz ay\u0131 boyunca her hafta sonu \u00e7e\u015fitli at\u00f6lyelerle yap\u0131lan 5-12 ya\u015f yaz tatili program\u0131 tamamland\u0131. Yaz tatili etkinlik program\u0131 8-13 ya\u015f grubu ile devam edecek. E\u011fitmenler Deniz Poyrazo\u011flu, Nevin [&hellip;]<\/p>\n","protected":false},"author":1,"featured_media":7106,"comment_status":"open","ping_status":"open","sticky":false,"template":"","format":"standard","meta":{"jnews-multi-image_gallery":[],"jnews_single_post":[],"jnews_primary_category":[],"jnews_social_meta":[],"jnews_override_counter":[],"footnotes":""},"categories":[6],"tags":[],"class_list":["post-7105","post","type-post","status-publish","format-standard","has-post-thumbnail","hentry","category-yasam"],"yoast_head":"<!-- This site is optimized with the Yoast SEO plugin v27.5 - https:\/\/yoast.com\/product\/yoast-seo-wordpress\/ -->\n<title>Girne Belediyesi yaz tatili programlar\u0131 8-13 ya\u015f grubu ile devam ediyor - Kuzeyin Sesi<\/title>\n<meta name=\"robots\" content=\"index, follow, max-snippet:-1, max-image-preview:large, max-video-preview:-1\" \/>\n<link rel=\"canonical\" href=\"https:\/\/kuzeyinsesi.org\/index.php\/2024\/07\/29\/girne-belediyesi-yaz-tatili-programlari-8-13-yas-grubu-ile-devam-ediyor\/\" \/>\n<meta property=\"og:locale\" content=\"tr_TR\" \/>\n<meta property=\"og:type\" content=\"article\" \/>\n<meta property=\"og:title\" content=\"Girne Belediyesi yaz tatili programlar\u0131 8-13 ya\u015f grubu ile devam ediyor - Kuzeyin Sesi\" \/>\n<meta property=\"og:description\" content=\"Girne Belediyesi Sosyal \u0130\u015fler \u015eubesi\u2019ne ba\u011fl\u0131 Hayat Boyu \u00d6\u011frenme ve Sosyal Ya\u015fam Merkezi\u2019nin yaz tatili etkinlik programlar\u0131, a\u011fustos ay\u0131nda devam ediyor. Girne Belediyesi\u2019nden yap\u0131lan a\u00e7\u0131klamaya g\u00f6re, temmuz ay\u0131 boyunca her hafta sonu \u00e7e\u015fitli at\u00f6lyelerle yap\u0131lan 5-12 ya\u015f yaz tatili program\u0131 tamamland\u0131. Yaz tatili etkinlik program\u0131 8-13 ya\u015f grubu ile devam edecek. E\u011fitmenler Deniz Poyrazo\u011flu, Nevin [&hellip;]\" \/>\n<meta property=\"og:url\" content=\"https:\/\/kuzeyinsesi.org\/index.php\/2024\/07\/29\/girne-belediyesi-yaz-tatili-programlari-8-13-yas-grubu-ile-devam-ediyor\/\" \/>\n<meta property=\"og:site_name\" content=\"Kuzeyin Sesi\" \/>\n<meta property=\"article:publisher\" content=\"https:\/\/www.facebook.com\/kuzeyinsesii\" \/>\n<meta property=\"article:published_time\" content=\"2024-07-29T11:50:22+00:00\" \/>\n<meta property=\"og:image\" content=\"https:\/\/brtk.net\/wp-content\/uploads\/2024\/07\/29\/girne-belediyesi-yaz-etkinlikleri2.jpg?ver=93cfafc61646487418d54da011d87baa\" \/>\n<meta name=\"author\" content=\"Kuzeyin Sesi\" \/>\n<meta name=\"twitter:card\" content=\"summary_large_image\" \/>\n<meta name=\"twitter:creator\" content=\"@kuzeyinsesii\" \/>\n<meta name=\"twitter:site\" content=\"@kuzeyinsesii\" \/>\n<meta name=\"twitter:label1\" content=\"Yazan:\" \/>\n\t<meta name=\"twitter:data1\" content=\"Kuzeyin Sesi\" \/>\n\t<meta name=\"twitter:label2\" content=\"Tahmini okuma s\u00fcresi\" \/>\n\t<meta name=\"twitter:data2\" content=\"1 dakika\" \/>\n<script type=\"application\/ld+json\" class=\"yoast-schema-graph\">{\"@context\":\"https:\\\/\\\/schema.org\",\"@graph\":[{\"@type\":\"Article\",\"@id\":\"https:\\\/\\\/kuzeyinsesi.org\\\/index.php\\\/2024\\\/07\\\/29\\\/girne-belediyesi-yaz-tatili-programlari-8-13-yas-grubu-ile-devam-ediyor\\\/#article\",\"isPartOf\":{\"@id\":\"https:\\\/\\\/kuzeyinsesi.org\\\/index.php\\\/2024\\\/07\\\/29\\\/girne-belediyesi-yaz-tatili-programlari-8-13-yas-grubu-ile-devam-ediyor\\\/\"},\"author\":{\"name\":\"Kuzeyin Sesi\",\"@id\":\"https:\\\/\\\/kuzeyinsesi.org\\\/#\\\/schema\\\/person\\\/9f859689cdf01485597712386e37f5aa\"},\"headline\":\"Girne Belediyesi yaz tatili programlar\u0131 8-13 ya\u015f grubu ile devam ediyor\",\"datePublished\":\"2024-07-29T11:50:22+00:00\",\"mainEntityOfPage\":{\"@id\":\"https:\\\/\\\/kuzeyinsesi.org\\\/index.php\\\/2024\\\/07\\\/29\\\/girne-belediyesi-yaz-tatili-programlari-8-13-yas-grubu-ile-devam-ediyor\\\/\"},\"wordCount\":274,\"commentCount\":0,\"image\":{\"@id\":\"https:\\\/\\\/kuzeyinsesi.org\\\/index.php\\\/2024\\\/07\\\/29\\\/girne-belediyesi-yaz-tatili-programlari-8-13-yas-grubu-ile-devam-ediyor\\\/#primaryimage\"},\"thumbnailUrl\":\"https:\\\/\\\/kuzeyinsesi.org\\\/wp-content\\\/uploads\\\/2024\\\/07\\\/girne-belediyesi-yaz-etkinlikleri2.jpg\",\"articleSection\":[\"Ya\u015fam\"],\"inLanguage\":\"tr\",\"potentialAction\":[{\"@type\":\"CommentAction\",\"name\":\"Comment\",\"target\":[\"https:\\\/\\\/kuzeyinsesi.org\\\/index.php\\\/2024\\\/07\\\/29\\\/girne-belediyesi-yaz-tatili-programlari-8-13-yas-grubu-ile-devam-ediyor\\\/#respond\"]}]},{\"@type\":\"WebPage\",\"@id\":\"https:\\\/\\\/kuzeyinsesi.org\\\/index.php\\\/2024\\\/07\\\/29\\\/girne-belediyesi-yaz-tatili-programlari-8-13-yas-grubu-ile-devam-ediyor\\\/\",\"url\":\"https:\\\/\\\/kuzeyinsesi.org\\\/index.php\\\/2024\\\/07\\\/29\\\/girne-belediyesi-yaz-tatili-programlari-8-13-yas-grubu-ile-devam-ediyor\\\/\",\"name\":\"Girne Belediyesi yaz tatili programlar\u0131 8-13 ya\u015f grubu ile devam ediyor - Kuzeyin Sesi\",\"isPartOf\":{\"@id\":\"https:\\\/\\\/kuzeyinsesi.org\\\/#website\"},\"primaryImageOfPage\":{\"@id\":\"https:\\\/\\\/kuzeyinsesi.org\\\/index.php\\\/2024\\\/07\\\/29\\\/girne-belediyesi-yaz-tatili-programlari-8-13-yas-grubu-ile-devam-ediyor\\\/#primaryimage\"},\"image\":{\"@id\":\"https:\\\/\\\/kuzeyinsesi.org\\\/index.php\\\/2024\\\/07\\\/29\\\/girne-belediyesi-yaz-tatili-programlari-8-13-yas-grubu-ile-devam-ediyor\\\/#primaryimage\"},\"thumbnailUrl\":\"https:\\\/\\\/kuzeyinsesi.org\\\/wp-content\\\/uploads\\\/2024\\\/07\\\/girne-belediyesi-yaz-etkinlikleri2.jpg\",\"datePublished\":\"2024-07-29T11:50:22+00:00\",\"author\":{\"@id\":\"https:\\\/\\\/kuzeyinsesi.org\\\/#\\\/schema\\\/person\\\/9f859689cdf01485597712386e37f5aa\"},\"breadcrumb\":{\"@id\":\"https:\\\/\\\/kuzeyinsesi.org\\\/index.php\\\/2024\\\/07\\\/29\\\/girne-belediyesi-yaz-tatili-programlari-8-13-yas-grubu-ile-devam-ediyor\\\/#breadcrumb\"},\"inLanguage\":\"tr\",\"potentialAction\":[{\"@type\":\"ReadAction\",\"target\":[\"https:\\\/\\\/kuzeyinsesi.org\\\/index.php\\\/2024\\\/07\\\/29\\\/girne-belediyesi-yaz-tatili-programlari-8-13-yas-grubu-ile-devam-ediyor\\\/\"]}]},{\"@type\":\"ImageObject\",\"inLanguage\":\"tr\",\"@id\":\"https:\\\/\\\/kuzeyinsesi.org\\\/index.php\\\/2024\\\/07\\\/29\\\/girne-belediyesi-yaz-tatili-programlari-8-13-yas-grubu-ile-devam-ediyor\\\/#primaryimage\",\"url\":\"https:\\\/\\\/kuzeyinsesi.org\\\/wp-content\\\/uploads\\\/2024\\\/07\\\/girne-belediyesi-yaz-etkinlikleri2.jpg\",\"contentUrl\":\"https:\\\/\\\/kuzeyinsesi.org\\\/wp-content\\\/uploads\\\/2024\\\/07\\\/girne-belediyesi-yaz-etkinlikleri2.jpg\",\"width\":930,\"height\":697},{\"@type\":\"BreadcrumbList\",\"@id\":\"https:\\\/\\\/kuzeyinsesi.org\\\/index.php\\\/2024\\\/07\\\/29\\\/girne-belediyesi-yaz-tatili-programlari-8-13-yas-grubu-ile-devam-ediyor\\\/#breadcrumb\",\"itemListElement\":[{\"@type\":\"ListItem\",\"position\":1,\"name\":\"Anasayfa\",\"item\":\"https:\\\/\\\/kuzeyinsesi.org\\\/\"},{\"@type\":\"ListItem\",\"position\":2,\"name\":\"Girne Belediyesi yaz tatili programlar\u0131 8-13 ya\u015f grubu ile devam ediyor\"}]},{\"@type\":\"WebSite\",\"@id\":\"https:\\\/\\\/kuzeyinsesi.org\\\/#website\",\"url\":\"https:\\\/\\\/kuzeyinsesi.org\\\/\",\"name\":\"Kuzeyin Sesi\",\"description\":\"Do\u011fru Haberin Adresi\",\"potentialAction\":[{\"@type\":\"SearchAction\",\"target\":{\"@type\":\"EntryPoint\",\"urlTemplate\":\"https:\\\/\\\/kuzeyinsesi.org\\\/?s={search_term_string}\"},\"query-input\":{\"@type\":\"PropertyValueSpecification\",\"valueRequired\":true,\"valueName\":\"search_term_string\"}}],\"inLanguage\":\"tr\"},{\"@type\":\"Person\",\"@id\":\"https:\\\/\\\/kuzeyinsesi.org\\\/#\\\/schema\\\/person\\\/9f859689cdf01485597712386e37f5aa\",\"name\":\"Kuzeyin Sesi\",\"image\":{\"@type\":\"ImageObject\",\"inLanguage\":\"tr\",\"@id\":\"https:\\\/\\\/secure.gravatar.com\\\/avatar\\\/bab33852abfd8b282518d6ed81826833d77c3c882d9ab608add591ccace47a44?s=96&d=mm&r=g\",\"url\":\"https:\\\/\\\/secure.gravatar.com\\\/avatar\\\/bab33852abfd8b282518d6ed81826833d77c3c882d9ab608add591ccace47a44?s=96&d=mm&r=g\",\"contentUrl\":\"https:\\\/\\\/secure.gravatar.com\\\/avatar\\\/bab33852abfd8b282518d6ed81826833d77c3c882d9ab608add591ccace47a44?s=96&d=mm&r=g\",\"caption\":\"Kuzeyin Sesi\"},\"sameAs\":[\"https:\\\/\\\/kuzeyinsesi.org\"],\"url\":\"https:\\\/\\\/kuzeyinsesi.org\\\/index.php\\\/author\\\/guven\\\/\"}]}<\/script>\n<!-- \/ Yoast SEO plugin. -->","yoast_head_json":{"title":"Girne Belediyesi yaz tatili programlar\u0131 8-13 ya\u015f grubu ile devam ediyor - Kuzeyin Sesi","robots":{"index":"index","follow":"follow","max-snippet":"max-snippet:-1","max-image-preview":"max-image-preview:large","max-video-preview":"max-video-preview:-1"},"canonical":"https:\/\/kuzeyinsesi.org\/index.php\/2024\/07\/29\/girne-belediyesi-yaz-tatili-programlari-8-13-yas-grubu-ile-devam-ediyor\/","og_locale":"tr_TR","og_type":"article","og_title":"Girne Belediyesi yaz tatili programlar\u0131 8-13 ya\u015f grubu ile devam ediyor - Kuzeyin Sesi","og_description":"Girne Belediyesi Sosyal \u0130\u015fler \u015eubesi\u2019ne ba\u011fl\u0131 Hayat Boyu \u00d6\u011frenme ve Sosyal Ya\u015fam Merkezi\u2019nin yaz tatili etkinlik programlar\u0131, a\u011fustos ay\u0131nda devam ediyor. Girne Belediyesi\u2019nden yap\u0131lan a\u00e7\u0131klamaya g\u00f6re, temmuz ay\u0131 boyunca her hafta sonu \u00e7e\u015fitli at\u00f6lyelerle yap\u0131lan 5-12 ya\u015f yaz tatili program\u0131 tamamland\u0131. Yaz tatili etkinlik program\u0131 8-13 ya\u015f grubu ile devam edecek. E\u011fitmenler Deniz Poyrazo\u011flu, Nevin [&hellip;]","og_url":"https:\/\/kuzeyinsesi.org\/index.php\/2024\/07\/29\/girne-belediyesi-yaz-tatili-programlari-8-13-yas-grubu-ile-devam-ediyor\/","og_site_name":"Kuzeyin Sesi","article_publisher":"https:\/\/www.facebook.com\/kuzeyinsesii","article_published_time":"2024-07-29T11:50:22+00:00","og_image":[{"url":"https:\/\/brtk.net\/wp-content\/uploads\/2024\/07\/29\/girne-belediyesi-yaz-etkinlikleri2.jpg?ver=93cfafc61646487418d54da011d87baa","type":"","width":"","height":""}],"author":"Kuzeyin Sesi","twitter_card":"summary_large_image","twitter_creator":"@kuzeyinsesii","twitter_site":"@kuzeyinsesii","twitter_misc":{"Yazan:":"Kuzeyin Sesi","Tahmini okuma s\u00fcresi":"1 dakika"},"schema":{"@context":"https:\/\/schema.org","@graph":[{"@type":"Article","@id":"https:\/\/kuzeyinsesi.org\/index.php\/2024\/07\/29\/girne-belediyesi-yaz-tatili-programlari-8-13-yas-grubu-ile-devam-ediyor\/#article","isPartOf":{"@id":"https:\/\/kuzeyinsesi.org\/index.php\/2024\/07\/29\/girne-belediyesi-yaz-tatili-programlari-8-13-yas-grubu-ile-devam-ediyor\/"},"author":{"name":"Kuzeyin Sesi","@id":"https:\/\/kuzeyinsesi.org\/#\/schema\/person\/9f859689cdf01485597712386e37f5aa"},"headline":"Girne Belediyesi yaz tatili programlar\u0131 8-13 ya\u015f grubu ile devam ediyor","datePublished":"2024-07-29T11:50:22+00:00","mainEntityOfPage":{"@id":"https:\/\/kuzeyinsesi.org\/index.php\/2024\/07\/29\/girne-belediyesi-yaz-tatili-programlari-8-13-yas-grubu-ile-devam-ediyor\/"},"wordCount":274,"commentCount":0,"image":{"@id":"https:\/\/kuzeyinsesi.org\/index.php\/2024\/07\/29\/girne-belediyesi-yaz-tatili-programlari-8-13-yas-grubu-ile-devam-ediyor\/#primaryimage"},"thumbnailUrl":"https:\/\/kuzeyinsesi.org\/wp-content\/uploads\/2024\/07\/girne-belediyesi-yaz-etkinlikleri2.jpg","articleSection":["Ya\u015fam"],"inLanguage":"tr","potentialAction":[{"@type":"CommentAction","name":"Comment","target":["https:\/\/kuzeyinsesi.org\/index.php\/2024\/07\/29\/girne-belediyesi-yaz-tatili-programlari-8-13-yas-grubu-ile-devam-ediyor\/#respond"]}]},{"@type":"WebPage","@id":"https:\/\/kuzeyinsesi.org\/index.php\/2024\/07\/29\/girne-belediyesi-yaz-tatili-programlari-8-13-yas-grubu-ile-devam-ediyor\/","url":"https:\/\/kuzeyinsesi.org\/index.php\/2024\/07\/29\/girne-belediyesi-yaz-tatili-programlari-8-13-yas-grubu-ile-devam-ediyor\/","name":"Girne Belediyesi yaz tatili programlar\u0131 8-13 ya\u015f grubu ile devam ediyor - Kuzeyin Sesi","isPartOf":{"@id":"https:\/\/kuzeyinsesi.org\/#website"},"primaryImageOfPage":{"@id":"https:\/\/kuzeyinsesi.org\/index.php\/2024\/07\/29\/girne-belediyesi-yaz-tatili-programlari-8-13-yas-grubu-ile-devam-ediyor\/#primaryimage"},"image":{"@id":"https:\/\/kuzeyinsesi.org\/index.php\/2024\/07\/29\/girne-belediyesi-yaz-tatili-programlari-8-13-yas-grubu-ile-devam-ediyor\/#primaryimage"},"thumbnailUrl":"https:\/\/kuzeyinsesi.org\/wp-content\/uploads\/2024\/07\/girne-belediyesi-yaz-etkinlikleri2.jpg","datePublished":"2024-07-29T11:50:22+00:00","author":{"@id":"https:\/\/kuzeyinsesi.org\/#\/schema\/person\/9f859689cdf01485597712386e37f5aa"},"breadcrumb":{"@id":"https:\/\/kuzeyinsesi.org\/index.php\/2024\/07\/29\/girne-belediyesi-yaz-tatili-programlari-8-13-yas-grubu-ile-devam-ediyor\/#breadcrumb"},"inLanguage":"tr","potentialAction":[{"@type":"ReadAction","target":["https:\/\/kuzeyinsesi.org\/index.php\/2024\/07\/29\/girne-belediyesi-yaz-tatili-programlari-8-13-yas-grubu-ile-devam-ediyor\/"]}]},{"@type":"ImageObject","inLanguage":"tr","@id":"https:\/\/kuzeyinsesi.org\/index.php\/2024\/07\/29\/girne-belediyesi-yaz-tatili-programlari-8-13-yas-grubu-ile-devam-ediyor\/#primaryimage","url":"https:\/\/kuzeyinsesi.org\/wp-content\/uploads\/2024\/07\/girne-belediyesi-yaz-etkinlikleri2.jpg","contentUrl":"https:\/\/kuzeyinsesi.org\/wp-content\/uploads\/2024\/07\/girne-belediyesi-yaz-etkinlikleri2.jpg","width":930,"height":697},{"@type":"BreadcrumbList","@id":"https:\/\/kuzeyinsesi.org\/index.php\/2024\/07\/29\/girne-belediyesi-yaz-tatili-programlari-8-13-yas-grubu-ile-devam-ediyor\/#breadcrumb","itemListElement":[{"@type":"ListItem","position":1,"name":"Anasayfa","item":"https:\/\/kuzeyinsesi.org\/"},{"@type":"ListItem","position":2,"name":"Girne Belediyesi yaz tatili programlar\u0131 8-13 ya\u015f grubu ile devam ediyor"}]},{"@type":"WebSite","@id":"https:\/\/kuzeyinsesi.org\/#website","url":"https:\/\/kuzeyinsesi.org\/","name":"Kuzeyin Sesi","description":"Do\u011fru Haberin Adresi","potentialAction":[{"@type":"SearchAction","target":{"@type":"EntryPoint","urlTemplate":"https:\/\/kuzeyinsesi.org\/?s={search_term_string}"},"query-input":{"@type":"PropertyValueSpecification","valueRequired":true,"valueName":"search_term_string"}}],"inLanguage":"tr"},{"@type":"Person","@id":"https:\/\/kuzeyinsesi.org\/#\/schema\/person\/9f859689cdf01485597712386e37f5aa","name":"Kuzeyin Sesi","image":{"@type":"ImageObject","inLanguage":"tr","@id":"https:\/\/secure.gravatar.com\/avatar\/bab33852abfd8b282518d6ed81826833d77c3c882d9ab608add591ccace47a44?s=96&d=mm&r=g","url":"https:\/\/secure.gravatar.com\/avatar\/bab33852abfd8b282518d6ed81826833d77c3c882d9ab608add591ccace47a44?s=96&d=mm&r=g","contentUrl":"https:\/\/secure.gravatar.com\/avatar\/bab33852abfd8b282518d6ed81826833d77c3c882d9ab608add591ccace47a44?s=96&d=mm&r=g","caption":"Kuzeyin Sesi"},"sameAs":["https:\/\/kuzeyinsesi.org"],"url":"https:\/\/kuzeyinsesi.org\/index.php\/author\/guven\/"}]}},"_links":{"self":[{"href":"https:\/\/kuzeyinsesi.org\/index.php\/wp-json\/wp\/v2\/posts\/7105","targetHints":{"allow":["GET"]}}],"collection":[{"href":"https:\/\/kuzeyinsesi.org\/index.php\/wp-json\/wp\/v2\/posts"}],"about":[{"href":"https:\/\/kuzeyinsesi.org\/index.php\/wp-json\/wp\/v2\/types\/post"}],"author":[{"embeddable":true,"href":"https:\/\/kuzeyinsesi.org\/index.php\/wp-json\/wp\/v2\/users\/1"}],"replies":[{"embeddable":true,"href":"https:\/\/kuzeyinsesi.org\/index.php\/wp-json\/wp\/v2\/comments?post=7105"}],"version-history":[{"count":0,"href":"https:\/\/kuzeyinsesi.org\/index.php\/wp-json\/wp\/v2\/posts\/7105\/revisions"}],"wp:featuredmedia":[{"embeddable":true,"href":"https:\/\/kuzeyinsesi.org\/index.php\/wp-json\/wp\/v2\/media\/7106"}],"wp:attachment":[{"href":"https:\/\/kuzeyinsesi.org\/index.php\/wp-json\/wp\/v2\/media?parent=7105"}],"wp:term":[{"taxonomy":"category","embeddable":true,"href":"https:\/\/kuzeyinsesi.org\/index.php\/wp-json\/wp\/v2\/categories?post=7105"},{"taxonomy":"post_tag","embeddable":true,"href":"https:\/\/kuzeyinsesi.org\/index.php\/wp-json\/wp\/v2\/tags?post=7105"}],"curies":[{"name":"wp","href":"https:\/\/api.w.org\/{rel}","templated":true}]}}