{"id":7093,"date":"2024-07-29T12:45:25","date_gmt":"2024-07-29T09:45:25","guid":{"rendered":"https:\/\/kuzeyinsesi.org\/index.php\/2024\/07\/29\/leymosunlular-bulusmasi-carsamba-gunu-girne-antik-limanda-yapiliyor\/"},"modified":"2024-07-29T12:45:25","modified_gmt":"2024-07-29T09:45:25","slug":"leymosunlular-bulusmasi-carsamba-gunu-girne-antik-limanda-yapiliyor","status":"publish","type":"post","link":"https:\/\/kuzeyinsesi.org\/index.php\/2024\/07\/29\/leymosunlular-bulusmasi-carsamba-gunu-girne-antik-limanda-yapiliyor\/","title":{"rendered":"Leymosunlular bulu\u015fmas\u0131 \u00e7ar\u015famba g\u00fcn\u00fc Girne Antik Liman\u2019da yap\u0131l\u0131yor"},"content":{"rendered":"<div>\n<div class=\"mariselle-image-container none\">\n                                            <\/div>\n<p>Leymosun K\u00fclt\u00fcr Vakf\u0131\u2019n\u0131n, Girne Belediyesi\u2019nin katk\u0131lar\u0131yla d\u00fczenledi\u011fi Leymosunlular bulu\u015fmas\u0131 bu y\u0131l Girne Antik Liman\u2019da \u015f\u00f6len \u015feklinde yap\u0131l\u0131yor.<\/p>\n<p>Leymosun K\u00fclt\u00fcr Vakf\u0131\u2019ndan verilen bilgiye g\u00f6re, Leymosunlular bulu\u015fmas\u0131n\u0131n 9\u2019uncusu, 31 Temmuz \u00c7ar\u015famba g\u00fcn\u00fc Girne Antik Liman\u0131nda yer alacak. Etkinlikler saat 18.00\u2019de ba\u015flayacak.<\/p>\n<p>Ge\u00e7mi\u015f y\u0131llarda Bo\u011faz Piknik alan\u0131nda piknik olarak d\u00fczenlenen bulu\u015fma bu y\u0131l \u201cLeymosunlular \u015e\u00f6leni\u201d olarak d\u00fczenleniyor.<\/p>\n<p>Geleneksel 9. Leymosunlular \u015e\u00f6leni\u2019nde Grup Otantik ile K\u0131br\u0131s Havalar\u0131, Folk \u2013 Der halk danslar\u0131 g\u00f6sterisi ile yeme\/i\u00e7me ve hediyelik e\u015fyalar\u0131n yer alaca\u011f\u0131 y\u00f6resel stantlar yer alacak.<\/p>\n<\/p><\/div>\n<p><script async\n                    defer\n                    crossorigin=\"anonymous\"\n                    src=\"https:\/\/connect.facebook.net\/tr_TR\/sdk.js#xfbml=1&#038;version=v3.3\"\n            ><\/script><\/p>\n","protected":false},"excerpt":{"rendered":"<p>Leymosun K\u00fclt\u00fcr Vakf\u0131\u2019n\u0131n, Girne Belediyesi\u2019nin katk\u0131lar\u0131yla d\u00fczenledi\u011fi Leymosunlular bulu\u015fmas\u0131 bu y\u0131l Girne Antik Liman\u2019da \u015f\u00f6len \u015feklinde yap\u0131l\u0131yor. Leymosun K\u00fclt\u00fcr Vakf\u0131\u2019ndan verilen bilgiye g\u00f6re, Leymosunlular bulu\u015fmas\u0131n\u0131n 9\u2019uncusu, 31 Temmuz \u00c7ar\u015famba g\u00fcn\u00fc Girne Antik Liman\u0131nda yer alacak. Etkinlikler saat 18.00\u2019de ba\u015flayacak. Ge\u00e7mi\u015f y\u0131llarda Bo\u011faz Piknik alan\u0131nda piknik olarak d\u00fczenlenen bulu\u015fma bu y\u0131l \u201cLeymosunlular \u015e\u00f6leni\u201d olarak d\u00fczenleniyor. Geleneksel [&hellip;]<\/p>\n","protected":false},"author":1,"featured_media":7094,"comment_status":"open","ping_status":"open","sticky":false,"template":"","format":"standard","meta":{"jnews-multi-image_gallery":[],"jnews_single_post":[],"jnews_primary_category":[],"jnews_social_meta":[],"jnews_override_counter":[],"footnotes":""},"categories":[6],"tags":[],"class_list":["post-7093","post","type-post","status-publish","format-standard","has-post-thumbnail","hentry","category-yasam"],"yoast_head":"<!-- This site is optimized with the Yoast SEO plugin v27.5 - https:\/\/yoast.com\/product\/yoast-seo-wordpress\/ -->\n<title>Leymosunlular bulu\u015fmas\u0131 \u00e7ar\u015famba g\u00fcn\u00fc Girne Antik Liman\u2019da yap\u0131l\u0131yor - Kuzeyin Sesi<\/title>\n<meta name=\"robots\" content=\"index, follow, max-snippet:-1, max-image-preview:large, max-video-preview:-1\" \/>\n<link rel=\"canonical\" href=\"https:\/\/kuzeyinsesi.org\/index.php\/2024\/07\/29\/leymosunlular-bulusmasi-carsamba-gunu-girne-antik-limanda-yapiliyor\/\" \/>\n<meta property=\"og:locale\" content=\"tr_TR\" \/>\n<meta property=\"og:type\" content=\"article\" \/>\n<meta property=\"og:title\" content=\"Leymosunlular bulu\u015fmas\u0131 \u00e7ar\u015famba g\u00fcn\u00fc Girne Antik Liman\u2019da yap\u0131l\u0131yor - Kuzeyin Sesi\" \/>\n<meta property=\"og:description\" content=\"Leymosun K\u00fclt\u00fcr Vakf\u0131\u2019n\u0131n, Girne Belediyesi\u2019nin katk\u0131lar\u0131yla d\u00fczenledi\u011fi Leymosunlular bulu\u015fmas\u0131 bu y\u0131l Girne Antik Liman\u2019da \u015f\u00f6len \u015feklinde yap\u0131l\u0131yor. Leymosun K\u00fclt\u00fcr Vakf\u0131\u2019ndan verilen bilgiye g\u00f6re, Leymosunlular bulu\u015fmas\u0131n\u0131n 9\u2019uncusu, 31 Temmuz \u00c7ar\u015famba g\u00fcn\u00fc Girne Antik Liman\u0131nda yer alacak. Etkinlikler saat 18.00\u2019de ba\u015flayacak. Ge\u00e7mi\u015f y\u0131llarda Bo\u011faz Piknik alan\u0131nda piknik olarak d\u00fczenlenen bulu\u015fma bu y\u0131l \u201cLeymosunlular \u015e\u00f6leni\u201d olarak d\u00fczenleniyor. Geleneksel [&hellip;]\" \/>\n<meta property=\"og:url\" content=\"https:\/\/kuzeyinsesi.org\/index.php\/2024\/07\/29\/leymosunlular-bulusmasi-carsamba-gunu-girne-antik-limanda-yapiliyor\/\" \/>\n<meta property=\"og:site_name\" content=\"Kuzeyin Sesi\" \/>\n<meta property=\"article:publisher\" content=\"https:\/\/www.facebook.com\/kuzeyinsesii\" \/>\n<meta property=\"article:published_time\" content=\"2024-07-29T09:45:25+00:00\" \/>\n<meta property=\"og:image\" content=\"https:\/\/brtk.net\/wp-content\/uploads\/2024\/07\/29\/9-leymosunlular-soleni.jpeg?ver=b478521b08d1b7a6eac67c61bca3f66b\" \/>\n<meta name=\"author\" content=\"Kuzeyin Sesi\" \/>\n<meta name=\"twitter:card\" content=\"summary_large_image\" \/>\n<meta name=\"twitter:creator\" content=\"@kuzeyinsesii\" \/>\n<meta name=\"twitter:site\" content=\"@kuzeyinsesii\" \/>\n<meta name=\"twitter:label1\" content=\"Yazan:\" \/>\n\t<meta name=\"twitter:data1\" content=\"Kuzeyin Sesi\" \/>\n\t<meta name=\"twitter:label2\" content=\"Tahmini okuma s\u00fcresi\" \/>\n\t<meta name=\"twitter:data2\" content=\"1 dakika\" \/>\n<script type=\"application\/ld+json\" class=\"yoast-schema-graph\">{\"@context\":\"https:\\\/\\\/schema.org\",\"@graph\":[{\"@type\":\"Article\",\"@id\":\"https:\\\/\\\/kuzeyinsesi.org\\\/index.php\\\/2024\\\/07\\\/29\\\/leymosunlular-bulusmasi-carsamba-gunu-girne-antik-limanda-yapiliyor\\\/#article\",\"isPartOf\":{\"@id\":\"https:\\\/\\\/kuzeyinsesi.org\\\/index.php\\\/2024\\\/07\\\/29\\\/leymosunlular-bulusmasi-carsamba-gunu-girne-antik-limanda-yapiliyor\\\/\"},\"author\":{\"name\":\"Kuzeyin Sesi\",\"@id\":\"https:\\\/\\\/kuzeyinsesi.org\\\/#\\\/schema\\\/person\\\/9f859689cdf01485597712386e37f5aa\"},\"headline\":\"Leymosunlular bulu\u015fmas\u0131 \u00e7ar\u015famba g\u00fcn\u00fc Girne Antik Liman\u2019da yap\u0131l\u0131yor\",\"datePublished\":\"2024-07-29T09:45:25+00:00\",\"mainEntityOfPage\":{\"@id\":\"https:\\\/\\\/kuzeyinsesi.org\\\/index.php\\\/2024\\\/07\\\/29\\\/leymosunlular-bulusmasi-carsamba-gunu-girne-antik-limanda-yapiliyor\\\/\"},\"wordCount\":133,\"commentCount\":0,\"image\":{\"@id\":\"https:\\\/\\\/kuzeyinsesi.org\\\/index.php\\\/2024\\\/07\\\/29\\\/leymosunlular-bulusmasi-carsamba-gunu-girne-antik-limanda-yapiliyor\\\/#primaryimage\"},\"thumbnailUrl\":\"https:\\\/\\\/kuzeyinsesi.org\\\/wp-content\\\/uploads\\\/2024\\\/07\\\/9-leymosunlular-soleni.jpeg\",\"articleSection\":[\"Ya\u015fam\"],\"inLanguage\":\"tr\",\"potentialAction\":[{\"@type\":\"CommentAction\",\"name\":\"Comment\",\"target\":[\"https:\\\/\\\/kuzeyinsesi.org\\\/index.php\\\/2024\\\/07\\\/29\\\/leymosunlular-bulusmasi-carsamba-gunu-girne-antik-limanda-yapiliyor\\\/#respond\"]}]},{\"@type\":\"WebPage\",\"@id\":\"https:\\\/\\\/kuzeyinsesi.org\\\/index.php\\\/2024\\\/07\\\/29\\\/leymosunlular-bulusmasi-carsamba-gunu-girne-antik-limanda-yapiliyor\\\/\",\"url\":\"https:\\\/\\\/kuzeyinsesi.org\\\/index.php\\\/2024\\\/07\\\/29\\\/leymosunlular-bulusmasi-carsamba-gunu-girne-antik-limanda-yapiliyor\\\/\",\"name\":\"Leymosunlular bulu\u015fmas\u0131 \u00e7ar\u015famba g\u00fcn\u00fc Girne Antik Liman\u2019da yap\u0131l\u0131yor - Kuzeyin Sesi\",\"isPartOf\":{\"@id\":\"https:\\\/\\\/kuzeyinsesi.org\\\/#website\"},\"primaryImageOfPage\":{\"@id\":\"https:\\\/\\\/kuzeyinsesi.org\\\/index.php\\\/2024\\\/07\\\/29\\\/leymosunlular-bulusmasi-carsamba-gunu-girne-antik-limanda-yapiliyor\\\/#primaryimage\"},\"image\":{\"@id\":\"https:\\\/\\\/kuzeyinsesi.org\\\/index.php\\\/2024\\\/07\\\/29\\\/leymosunlular-bulusmasi-carsamba-gunu-girne-antik-limanda-yapiliyor\\\/#primaryimage\"},\"thumbnailUrl\":\"https:\\\/\\\/kuzeyinsesi.org\\\/wp-content\\\/uploads\\\/2024\\\/07\\\/9-leymosunlular-soleni.jpeg\",\"datePublished\":\"2024-07-29T09:45:25+00:00\",\"author\":{\"@id\":\"https:\\\/\\\/kuzeyinsesi.org\\\/#\\\/schema\\\/person\\\/9f859689cdf01485597712386e37f5aa\"},\"breadcrumb\":{\"@id\":\"https:\\\/\\\/kuzeyinsesi.org\\\/index.php\\\/2024\\\/07\\\/29\\\/leymosunlular-bulusmasi-carsamba-gunu-girne-antik-limanda-yapiliyor\\\/#breadcrumb\"},\"inLanguage\":\"tr\",\"potentialAction\":[{\"@type\":\"ReadAction\",\"target\":[\"https:\\\/\\\/kuzeyinsesi.org\\\/index.php\\\/2024\\\/07\\\/29\\\/leymosunlular-bulusmasi-carsamba-gunu-girne-antik-limanda-yapiliyor\\\/\"]}]},{\"@type\":\"ImageObject\",\"inLanguage\":\"tr\",\"@id\":\"https:\\\/\\\/kuzeyinsesi.org\\\/index.php\\\/2024\\\/07\\\/29\\\/leymosunlular-bulusmasi-carsamba-gunu-girne-antik-limanda-yapiliyor\\\/#primaryimage\",\"url\":\"https:\\\/\\\/kuzeyinsesi.org\\\/wp-content\\\/uploads\\\/2024\\\/07\\\/9-leymosunlular-soleni.jpeg\",\"contentUrl\":\"https:\\\/\\\/kuzeyinsesi.org\\\/wp-content\\\/uploads\\\/2024\\\/07\\\/9-leymosunlular-soleni.jpeg\",\"width\":1600,\"height\":801},{\"@type\":\"BreadcrumbList\",\"@id\":\"https:\\\/\\\/kuzeyinsesi.org\\\/index.php\\\/2024\\\/07\\\/29\\\/leymosunlular-bulusmasi-carsamba-gunu-girne-antik-limanda-yapiliyor\\\/#breadcrumb\",\"itemListElement\":[{\"@type\":\"ListItem\",\"position\":1,\"name\":\"Anasayfa\",\"item\":\"https:\\\/\\\/kuzeyinsesi.org\\\/\"},{\"@type\":\"ListItem\",\"position\":2,\"name\":\"Leymosunlular bulu\u015fmas\u0131 \u00e7ar\u015famba g\u00fcn\u00fc Girne Antik Liman\u2019da yap\u0131l\u0131yor\"}]},{\"@type\":\"WebSite\",\"@id\":\"https:\\\/\\\/kuzeyinsesi.org\\\/#website\",\"url\":\"https:\\\/\\\/kuzeyinsesi.org\\\/\",\"name\":\"Kuzeyin Sesi\",\"description\":\"Do\u011fru Haberin Adresi\",\"potentialAction\":[{\"@type\":\"SearchAction\",\"target\":{\"@type\":\"EntryPoint\",\"urlTemplate\":\"https:\\\/\\\/kuzeyinsesi.org\\\/?s={search_term_string}\"},\"query-input\":{\"@type\":\"PropertyValueSpecification\",\"valueRequired\":true,\"valueName\":\"search_term_string\"}}],\"inLanguage\":\"tr\"},{\"@type\":\"Person\",\"@id\":\"https:\\\/\\\/kuzeyinsesi.org\\\/#\\\/schema\\\/person\\\/9f859689cdf01485597712386e37f5aa\",\"name\":\"Kuzeyin Sesi\",\"image\":{\"@type\":\"ImageObject\",\"inLanguage\":\"tr\",\"@id\":\"https:\\\/\\\/secure.gravatar.com\\\/avatar\\\/bab33852abfd8b282518d6ed81826833d77c3c882d9ab608add591ccace47a44?s=96&d=mm&r=g\",\"url\":\"https:\\\/\\\/secure.gravatar.com\\\/avatar\\\/bab33852abfd8b282518d6ed81826833d77c3c882d9ab608add591ccace47a44?s=96&d=mm&r=g\",\"contentUrl\":\"https:\\\/\\\/secure.gravatar.com\\\/avatar\\\/bab33852abfd8b282518d6ed81826833d77c3c882d9ab608add591ccace47a44?s=96&d=mm&r=g\",\"caption\":\"Kuzeyin Sesi\"},\"sameAs\":[\"https:\\\/\\\/kuzeyinsesi.org\"],\"url\":\"https:\\\/\\\/kuzeyinsesi.org\\\/index.php\\\/author\\\/guven\\\/\"}]}<\/script>\n<!-- \/ Yoast SEO plugin. -->","yoast_head_json":{"title":"Leymosunlular bulu\u015fmas\u0131 \u00e7ar\u015famba g\u00fcn\u00fc Girne Antik Liman\u2019da yap\u0131l\u0131yor - Kuzeyin Sesi","robots":{"index":"index","follow":"follow","max-snippet":"max-snippet:-1","max-image-preview":"max-image-preview:large","max-video-preview":"max-video-preview:-1"},"canonical":"https:\/\/kuzeyinsesi.org\/index.php\/2024\/07\/29\/leymosunlular-bulusmasi-carsamba-gunu-girne-antik-limanda-yapiliyor\/","og_locale":"tr_TR","og_type":"article","og_title":"Leymosunlular bulu\u015fmas\u0131 \u00e7ar\u015famba g\u00fcn\u00fc Girne Antik Liman\u2019da yap\u0131l\u0131yor - Kuzeyin Sesi","og_description":"Leymosun K\u00fclt\u00fcr Vakf\u0131\u2019n\u0131n, Girne Belediyesi\u2019nin katk\u0131lar\u0131yla d\u00fczenledi\u011fi Leymosunlular bulu\u015fmas\u0131 bu y\u0131l Girne Antik Liman\u2019da \u015f\u00f6len \u015feklinde yap\u0131l\u0131yor. Leymosun K\u00fclt\u00fcr Vakf\u0131\u2019ndan verilen bilgiye g\u00f6re, Leymosunlular bulu\u015fmas\u0131n\u0131n 9\u2019uncusu, 31 Temmuz \u00c7ar\u015famba g\u00fcn\u00fc Girne Antik Liman\u0131nda yer alacak. Etkinlikler saat 18.00\u2019de ba\u015flayacak. Ge\u00e7mi\u015f y\u0131llarda Bo\u011faz Piknik alan\u0131nda piknik olarak d\u00fczenlenen bulu\u015fma bu y\u0131l \u201cLeymosunlular \u015e\u00f6leni\u201d olarak d\u00fczenleniyor. Geleneksel [&hellip;]","og_url":"https:\/\/kuzeyinsesi.org\/index.php\/2024\/07\/29\/leymosunlular-bulusmasi-carsamba-gunu-girne-antik-limanda-yapiliyor\/","og_site_name":"Kuzeyin Sesi","article_publisher":"https:\/\/www.facebook.com\/kuzeyinsesii","article_published_time":"2024-07-29T09:45:25+00:00","og_image":[{"url":"https:\/\/brtk.net\/wp-content\/uploads\/2024\/07\/29\/9-leymosunlular-soleni.jpeg?ver=b478521b08d1b7a6eac67c61bca3f66b","type":"","width":"","height":""}],"author":"Kuzeyin Sesi","twitter_card":"summary_large_image","twitter_creator":"@kuzeyinsesii","twitter_site":"@kuzeyinsesii","twitter_misc":{"Yazan:":"Kuzeyin Sesi","Tahmini okuma s\u00fcresi":"1 dakika"},"schema":{"@context":"https:\/\/schema.org","@graph":[{"@type":"Article","@id":"https:\/\/kuzeyinsesi.org\/index.php\/2024\/07\/29\/leymosunlular-bulusmasi-carsamba-gunu-girne-antik-limanda-yapiliyor\/#article","isPartOf":{"@id":"https:\/\/kuzeyinsesi.org\/index.php\/2024\/07\/29\/leymosunlular-bulusmasi-carsamba-gunu-girne-antik-limanda-yapiliyor\/"},"author":{"name":"Kuzeyin Sesi","@id":"https:\/\/kuzeyinsesi.org\/#\/schema\/person\/9f859689cdf01485597712386e37f5aa"},"headline":"Leymosunlular bulu\u015fmas\u0131 \u00e7ar\u015famba g\u00fcn\u00fc Girne Antik Liman\u2019da yap\u0131l\u0131yor","datePublished":"2024-07-29T09:45:25+00:00","mainEntityOfPage":{"@id":"https:\/\/kuzeyinsesi.org\/index.php\/2024\/07\/29\/leymosunlular-bulusmasi-carsamba-gunu-girne-antik-limanda-yapiliyor\/"},"wordCount":133,"commentCount":0,"image":{"@id":"https:\/\/kuzeyinsesi.org\/index.php\/2024\/07\/29\/leymosunlular-bulusmasi-carsamba-gunu-girne-antik-limanda-yapiliyor\/#primaryimage"},"thumbnailUrl":"https:\/\/kuzeyinsesi.org\/wp-content\/uploads\/2024\/07\/9-leymosunlular-soleni.jpeg","articleSection":["Ya\u015fam"],"inLanguage":"tr","potentialAction":[{"@type":"CommentAction","name":"Comment","target":["https:\/\/kuzeyinsesi.org\/index.php\/2024\/07\/29\/leymosunlular-bulusmasi-carsamba-gunu-girne-antik-limanda-yapiliyor\/#respond"]}]},{"@type":"WebPage","@id":"https:\/\/kuzeyinsesi.org\/index.php\/2024\/07\/29\/leymosunlular-bulusmasi-carsamba-gunu-girne-antik-limanda-yapiliyor\/","url":"https:\/\/kuzeyinsesi.org\/index.php\/2024\/07\/29\/leymosunlular-bulusmasi-carsamba-gunu-girne-antik-limanda-yapiliyor\/","name":"Leymosunlular bulu\u015fmas\u0131 \u00e7ar\u015famba g\u00fcn\u00fc Girne Antik Liman\u2019da yap\u0131l\u0131yor - Kuzeyin Sesi","isPartOf":{"@id":"https:\/\/kuzeyinsesi.org\/#website"},"primaryImageOfPage":{"@id":"https:\/\/kuzeyinsesi.org\/index.php\/2024\/07\/29\/leymosunlular-bulusmasi-carsamba-gunu-girne-antik-limanda-yapiliyor\/#primaryimage"},"image":{"@id":"https:\/\/kuzeyinsesi.org\/index.php\/2024\/07\/29\/leymosunlular-bulusmasi-carsamba-gunu-girne-antik-limanda-yapiliyor\/#primaryimage"},"thumbnailUrl":"https:\/\/kuzeyinsesi.org\/wp-content\/uploads\/2024\/07\/9-leymosunlular-soleni.jpeg","datePublished":"2024-07-29T09:45:25+00:00","author":{"@id":"https:\/\/kuzeyinsesi.org\/#\/schema\/person\/9f859689cdf01485597712386e37f5aa"},"breadcrumb":{"@id":"https:\/\/kuzeyinsesi.org\/index.php\/2024\/07\/29\/leymosunlular-bulusmasi-carsamba-gunu-girne-antik-limanda-yapiliyor\/#breadcrumb"},"inLanguage":"tr","potentialAction":[{"@type":"ReadAction","target":["https:\/\/kuzeyinsesi.org\/index.php\/2024\/07\/29\/leymosunlular-bulusmasi-carsamba-gunu-girne-antik-limanda-yapiliyor\/"]}]},{"@type":"ImageObject","inLanguage":"tr","@id":"https:\/\/kuzeyinsesi.org\/index.php\/2024\/07\/29\/leymosunlular-bulusmasi-carsamba-gunu-girne-antik-limanda-yapiliyor\/#primaryimage","url":"https:\/\/kuzeyinsesi.org\/wp-content\/uploads\/2024\/07\/9-leymosunlular-soleni.jpeg","contentUrl":"https:\/\/kuzeyinsesi.org\/wp-content\/uploads\/2024\/07\/9-leymosunlular-soleni.jpeg","width":1600,"height":801},{"@type":"BreadcrumbList","@id":"https:\/\/kuzeyinsesi.org\/index.php\/2024\/07\/29\/leymosunlular-bulusmasi-carsamba-gunu-girne-antik-limanda-yapiliyor\/#breadcrumb","itemListElement":[{"@type":"ListItem","position":1,"name":"Anasayfa","item":"https:\/\/kuzeyinsesi.org\/"},{"@type":"ListItem","position":2,"name":"Leymosunlular bulu\u015fmas\u0131 \u00e7ar\u015famba g\u00fcn\u00fc Girne Antik Liman\u2019da yap\u0131l\u0131yor"}]},{"@type":"WebSite","@id":"https:\/\/kuzeyinsesi.org\/#website","url":"https:\/\/kuzeyinsesi.org\/","name":"Kuzeyin Sesi","description":"Do\u011fru Haberin Adresi","potentialAction":[{"@type":"SearchAction","target":{"@type":"EntryPoint","urlTemplate":"https:\/\/kuzeyinsesi.org\/?s={search_term_string}"},"query-input":{"@type":"PropertyValueSpecification","valueRequired":true,"valueName":"search_term_string"}}],"inLanguage":"tr"},{"@type":"Person","@id":"https:\/\/kuzeyinsesi.org\/#\/schema\/person\/9f859689cdf01485597712386e37f5aa","name":"Kuzeyin Sesi","image":{"@type":"ImageObject","inLanguage":"tr","@id":"https:\/\/secure.gravatar.com\/avatar\/bab33852abfd8b282518d6ed81826833d77c3c882d9ab608add591ccace47a44?s=96&d=mm&r=g","url":"https:\/\/secure.gravatar.com\/avatar\/bab33852abfd8b282518d6ed81826833d77c3c882d9ab608add591ccace47a44?s=96&d=mm&r=g","contentUrl":"https:\/\/secure.gravatar.com\/avatar\/bab33852abfd8b282518d6ed81826833d77c3c882d9ab608add591ccace47a44?s=96&d=mm&r=g","caption":"Kuzeyin Sesi"},"sameAs":["https:\/\/kuzeyinsesi.org"],"url":"https:\/\/kuzeyinsesi.org\/index.php\/author\/guven\/"}]}},"_links":{"self":[{"href":"https:\/\/kuzeyinsesi.org\/index.php\/wp-json\/wp\/v2\/posts\/7093","targetHints":{"allow":["GET"]}}],"collection":[{"href":"https:\/\/kuzeyinsesi.org\/index.php\/wp-json\/wp\/v2\/posts"}],"about":[{"href":"https:\/\/kuzeyinsesi.org\/index.php\/wp-json\/wp\/v2\/types\/post"}],"author":[{"embeddable":true,"href":"https:\/\/kuzeyinsesi.org\/index.php\/wp-json\/wp\/v2\/users\/1"}],"replies":[{"embeddable":true,"href":"https:\/\/kuzeyinsesi.org\/index.php\/wp-json\/wp\/v2\/comments?post=7093"}],"version-history":[{"count":0,"href":"https:\/\/kuzeyinsesi.org\/index.php\/wp-json\/wp\/v2\/posts\/7093\/revisions"}],"wp:featuredmedia":[{"embeddable":true,"href":"https:\/\/kuzeyinsesi.org\/index.php\/wp-json\/wp\/v2\/media\/7094"}],"wp:attachment":[{"href":"https:\/\/kuzeyinsesi.org\/index.php\/wp-json\/wp\/v2\/media?parent=7093"}],"wp:term":[{"taxonomy":"category","embeddable":true,"href":"https:\/\/kuzeyinsesi.org\/index.php\/wp-json\/wp\/v2\/categories?post=7093"},{"taxonomy":"post_tag","embeddable":true,"href":"https:\/\/kuzeyinsesi.org\/index.php\/wp-json\/wp\/v2\/tags?post=7093"}],"curies":[{"name":"wp","href":"https:\/\/api.w.org\/{rel}","templated":true}]}}