{"id":7081,"date":"2024-07-29T10:38:14","date_gmt":"2024-07-29T07:38:14","guid":{"rendered":"https:\/\/kuzeyinsesi.org\/index.php\/2024\/07\/29\/baraka-yaz-soleni-duzenliyor\/"},"modified":"2024-07-29T10:38:14","modified_gmt":"2024-07-29T07:38:14","slug":"baraka-yaz-soleni-duzenliyor","status":"publish","type":"post","link":"https:\/\/kuzeyinsesi.org\/index.php\/2024\/07\/29\/baraka-yaz-soleni-duzenliyor\/","title":{"rendered":"Baraka yaz \u015f\u00f6leni d\u00fczenliyor"},"content":{"rendered":"<div>\n<div class=\"mariselle-image-container none\">\n                                            <\/div>\n<p style=\"font-weight: 300;\">Baraka K\u00fclt\u00fcr Merkezi, pazar ak\u015fam\u0131 K\u0131z\u0131lba\u015f Park\u0131\u2019nda k\u00fclt\u00fcr-sanat \u015f\u00f6leni d\u00fczenliyor.<\/p>\n<p style=\"font-weight: 300;\">Baraka\u2019dan yap\u0131lan a\u00e7\u0131klamaya g\u00f6re, amfi tiyatroda yap\u0131lacak etkinlikte halk danslar\u0131 g\u00f6sterileri, m\u00fczik dinletileri, kat\u0131l\u0131ml\u0131 tiyatro ske\u00e7leri, video ve slayt g\u00f6sterimleri yer alacak.<\/p>\n<p style=\"font-weight: 300;\">K\u00fclt\u00fcr Dairesi\u2019nin katk\u0131lar\u0131yla 4 A\u011fustos Pazar g\u00fcn\u00fc 20.00-23.00 saatleri aras\u0131nda halka a\u00e7\u0131k ve \u00fccretsiz olarak ger\u00e7ekle\u015fecek \u015f\u00f6lende, G\u00f6\u00e7-Ta\u015f halk danslar\u0131 ekiplerinin g\u00f6sterilerinin yan\u0131 s\u0131ra, Baraka Tiyatro Ekibi\u2019nin \u201cVarsa Bir Durum Yapal\u0131m A\u00e7\u0131k Oturum\u201d adl\u0131 skeci, Baraka Gen\u00e7lik Orkestras\u0131\u2019n\u0131n ve Sol Anahtar\u0131\u2019n\u0131n konserleri izleyicilerle bulu\u015facak.<\/p>\n<p>\u00a0<\/p>\n<p>\u00a0<\/p>\n<\/p><\/div>\n<p><script async\n                    defer\n                    crossorigin=\"anonymous\"\n                    src=\"https:\/\/connect.facebook.net\/tr_TR\/sdk.js#xfbml=1&#038;version=v3.3\"\n            ><\/script><\/p>\n","protected":false},"excerpt":{"rendered":"<p>Baraka K\u00fclt\u00fcr Merkezi, pazar ak\u015fam\u0131 K\u0131z\u0131lba\u015f Park\u0131\u2019nda k\u00fclt\u00fcr-sanat \u015f\u00f6leni d\u00fczenliyor. Baraka\u2019dan yap\u0131lan a\u00e7\u0131klamaya g\u00f6re, amfi tiyatroda yap\u0131lacak etkinlikte halk danslar\u0131 g\u00f6sterileri, m\u00fczik dinletileri, kat\u0131l\u0131ml\u0131 tiyatro ske\u00e7leri, video ve slayt g\u00f6sterimleri yer alacak. K\u00fclt\u00fcr Dairesi\u2019nin katk\u0131lar\u0131yla 4 A\u011fustos Pazar g\u00fcn\u00fc 20.00-23.00 saatleri aras\u0131nda halka a\u00e7\u0131k ve \u00fccretsiz olarak ger\u00e7ekle\u015fecek \u015f\u00f6lende, G\u00f6\u00e7-Ta\u015f halk danslar\u0131 ekiplerinin g\u00f6sterilerinin yan\u0131 [&hellip;]<\/p>\n","protected":false},"author":1,"featured_media":7082,"comment_status":"open","ping_status":"open","sticky":false,"template":"","format":"standard","meta":{"jnews-multi-image_gallery":[],"jnews_single_post":[],"jnews_primary_category":[],"jnews_social_meta":[],"jnews_override_counter":[],"footnotes":""},"categories":[6],"tags":[],"class_list":["post-7081","post","type-post","status-publish","format-standard","has-post-thumbnail","hentry","category-yasam"],"yoast_head":"<!-- This site is optimized with the Yoast SEO plugin v27.5 - https:\/\/yoast.com\/product\/yoast-seo-wordpress\/ -->\n<title>Baraka yaz \u015f\u00f6leni d\u00fczenliyor - Kuzeyin Sesi<\/title>\n<meta name=\"robots\" content=\"index, follow, max-snippet:-1, max-image-preview:large, max-video-preview:-1\" \/>\n<link rel=\"canonical\" href=\"https:\/\/kuzeyinsesi.org\/index.php\/2024\/07\/29\/baraka-yaz-soleni-duzenliyor\/\" \/>\n<meta property=\"og:locale\" content=\"tr_TR\" \/>\n<meta property=\"og:type\" content=\"article\" \/>\n<meta property=\"og:title\" content=\"Baraka yaz \u015f\u00f6leni d\u00fczenliyor - Kuzeyin Sesi\" \/>\n<meta property=\"og:description\" content=\"Baraka K\u00fclt\u00fcr Merkezi, pazar ak\u015fam\u0131 K\u0131z\u0131lba\u015f Park\u0131\u2019nda k\u00fclt\u00fcr-sanat \u015f\u00f6leni d\u00fczenliyor. Baraka\u2019dan yap\u0131lan a\u00e7\u0131klamaya g\u00f6re, amfi tiyatroda yap\u0131lacak etkinlikte halk danslar\u0131 g\u00f6sterileri, m\u00fczik dinletileri, kat\u0131l\u0131ml\u0131 tiyatro ske\u00e7leri, video ve slayt g\u00f6sterimleri yer alacak. K\u00fclt\u00fcr Dairesi\u2019nin katk\u0131lar\u0131yla 4 A\u011fustos Pazar g\u00fcn\u00fc 20.00-23.00 saatleri aras\u0131nda halka a\u00e7\u0131k ve \u00fccretsiz olarak ger\u00e7ekle\u015fecek \u015f\u00f6lende, G\u00f6\u00e7-Ta\u015f halk danslar\u0131 ekiplerinin g\u00f6sterilerinin yan\u0131 [&hellip;]\" \/>\n<meta property=\"og:url\" content=\"https:\/\/kuzeyinsesi.org\/index.php\/2024\/07\/29\/baraka-yaz-soleni-duzenliyor\/\" \/>\n<meta property=\"og:site_name\" content=\"Kuzeyin Sesi\" \/>\n<meta property=\"article:publisher\" content=\"https:\/\/www.facebook.com\/kuzeyinsesii\" \/>\n<meta property=\"article:published_time\" content=\"2024-07-29T07:38:14+00:00\" \/>\n<meta property=\"og:image\" content=\"https:\/\/brtk.net\/wp-content\/uploads\/2024\/07\/29\/baraka-yaz-soleni11.jpeg?ver=8f5f7f9f4b67ca68cf310379fdbcc8d4\" \/>\n<meta name=\"author\" content=\"Kuzeyin Sesi\" \/>\n<meta name=\"twitter:card\" content=\"summary_large_image\" \/>\n<meta name=\"twitter:creator\" content=\"@kuzeyinsesii\" \/>\n<meta name=\"twitter:site\" content=\"@kuzeyinsesii\" \/>\n<meta name=\"twitter:label1\" content=\"Yazan:\" \/>\n\t<meta name=\"twitter:data1\" content=\"Kuzeyin Sesi\" \/>\n\t<meta name=\"twitter:label2\" content=\"Tahmini okuma s\u00fcresi\" \/>\n\t<meta name=\"twitter:data2\" content=\"1 dakika\" \/>\n<script type=\"application\/ld+json\" class=\"yoast-schema-graph\">{\"@context\":\"https:\\\/\\\/schema.org\",\"@graph\":[{\"@type\":\"Article\",\"@id\":\"https:\\\/\\\/kuzeyinsesi.org\\\/index.php\\\/2024\\\/07\\\/29\\\/baraka-yaz-soleni-duzenliyor\\\/#article\",\"isPartOf\":{\"@id\":\"https:\\\/\\\/kuzeyinsesi.org\\\/index.php\\\/2024\\\/07\\\/29\\\/baraka-yaz-soleni-duzenliyor\\\/\"},\"author\":{\"name\":\"Kuzeyin Sesi\",\"@id\":\"https:\\\/\\\/kuzeyinsesi.org\\\/#\\\/schema\\\/person\\\/9f859689cdf01485597712386e37f5aa\"},\"headline\":\"Baraka yaz \u015f\u00f6leni d\u00fczenliyor\",\"datePublished\":\"2024-07-29T07:38:14+00:00\",\"mainEntityOfPage\":{\"@id\":\"https:\\\/\\\/kuzeyinsesi.org\\\/index.php\\\/2024\\\/07\\\/29\\\/baraka-yaz-soleni-duzenliyor\\\/\"},\"wordCount\":123,\"commentCount\":0,\"image\":{\"@id\":\"https:\\\/\\\/kuzeyinsesi.org\\\/index.php\\\/2024\\\/07\\\/29\\\/baraka-yaz-soleni-duzenliyor\\\/#primaryimage\"},\"thumbnailUrl\":\"https:\\\/\\\/kuzeyinsesi.org\\\/wp-content\\\/uploads\\\/2024\\\/07\\\/yaz-soleni2.jpeg\",\"articleSection\":[\"Ya\u015fam\"],\"inLanguage\":\"tr\",\"potentialAction\":[{\"@type\":\"CommentAction\",\"name\":\"Comment\",\"target\":[\"https:\\\/\\\/kuzeyinsesi.org\\\/index.php\\\/2024\\\/07\\\/29\\\/baraka-yaz-soleni-duzenliyor\\\/#respond\"]}]},{\"@type\":\"WebPage\",\"@id\":\"https:\\\/\\\/kuzeyinsesi.org\\\/index.php\\\/2024\\\/07\\\/29\\\/baraka-yaz-soleni-duzenliyor\\\/\",\"url\":\"https:\\\/\\\/kuzeyinsesi.org\\\/index.php\\\/2024\\\/07\\\/29\\\/baraka-yaz-soleni-duzenliyor\\\/\",\"name\":\"Baraka yaz \u015f\u00f6leni d\u00fczenliyor - Kuzeyin Sesi\",\"isPartOf\":{\"@id\":\"https:\\\/\\\/kuzeyinsesi.org\\\/#website\"},\"primaryImageOfPage\":{\"@id\":\"https:\\\/\\\/kuzeyinsesi.org\\\/index.php\\\/2024\\\/07\\\/29\\\/baraka-yaz-soleni-duzenliyor\\\/#primaryimage\"},\"image\":{\"@id\":\"https:\\\/\\\/kuzeyinsesi.org\\\/index.php\\\/2024\\\/07\\\/29\\\/baraka-yaz-soleni-duzenliyor\\\/#primaryimage\"},\"thumbnailUrl\":\"https:\\\/\\\/kuzeyinsesi.org\\\/wp-content\\\/uploads\\\/2024\\\/07\\\/yaz-soleni2.jpeg\",\"datePublished\":\"2024-07-29T07:38:14+00:00\",\"author\":{\"@id\":\"https:\\\/\\\/kuzeyinsesi.org\\\/#\\\/schema\\\/person\\\/9f859689cdf01485597712386e37f5aa\"},\"breadcrumb\":{\"@id\":\"https:\\\/\\\/kuzeyinsesi.org\\\/index.php\\\/2024\\\/07\\\/29\\\/baraka-yaz-soleni-duzenliyor\\\/#breadcrumb\"},\"inLanguage\":\"tr\",\"potentialAction\":[{\"@type\":\"ReadAction\",\"target\":[\"https:\\\/\\\/kuzeyinsesi.org\\\/index.php\\\/2024\\\/07\\\/29\\\/baraka-yaz-soleni-duzenliyor\\\/\"]}]},{\"@type\":\"ImageObject\",\"inLanguage\":\"tr\",\"@id\":\"https:\\\/\\\/kuzeyinsesi.org\\\/index.php\\\/2024\\\/07\\\/29\\\/baraka-yaz-soleni-duzenliyor\\\/#primaryimage\",\"url\":\"https:\\\/\\\/kuzeyinsesi.org\\\/wp-content\\\/uploads\\\/2024\\\/07\\\/yaz-soleni2.jpeg\",\"contentUrl\":\"https:\\\/\\\/kuzeyinsesi.org\\\/wp-content\\\/uploads\\\/2024\\\/07\\\/yaz-soleni2.jpeg\",\"width\":1330,\"height\":492},{\"@type\":\"BreadcrumbList\",\"@id\":\"https:\\\/\\\/kuzeyinsesi.org\\\/index.php\\\/2024\\\/07\\\/29\\\/baraka-yaz-soleni-duzenliyor\\\/#breadcrumb\",\"itemListElement\":[{\"@type\":\"ListItem\",\"position\":1,\"name\":\"Anasayfa\",\"item\":\"https:\\\/\\\/kuzeyinsesi.org\\\/\"},{\"@type\":\"ListItem\",\"position\":2,\"name\":\"Baraka yaz \u015f\u00f6leni d\u00fczenliyor\"}]},{\"@type\":\"WebSite\",\"@id\":\"https:\\\/\\\/kuzeyinsesi.org\\\/#website\",\"url\":\"https:\\\/\\\/kuzeyinsesi.org\\\/\",\"name\":\"Kuzeyin Sesi\",\"description\":\"Do\u011fru Haberin Adresi\",\"potentialAction\":[{\"@type\":\"SearchAction\",\"target\":{\"@type\":\"EntryPoint\",\"urlTemplate\":\"https:\\\/\\\/kuzeyinsesi.org\\\/?s={search_term_string}\"},\"query-input\":{\"@type\":\"PropertyValueSpecification\",\"valueRequired\":true,\"valueName\":\"search_term_string\"}}],\"inLanguage\":\"tr\"},{\"@type\":\"Person\",\"@id\":\"https:\\\/\\\/kuzeyinsesi.org\\\/#\\\/schema\\\/person\\\/9f859689cdf01485597712386e37f5aa\",\"name\":\"Kuzeyin Sesi\",\"image\":{\"@type\":\"ImageObject\",\"inLanguage\":\"tr\",\"@id\":\"https:\\\/\\\/secure.gravatar.com\\\/avatar\\\/bab33852abfd8b282518d6ed81826833d77c3c882d9ab608add591ccace47a44?s=96&d=mm&r=g\",\"url\":\"https:\\\/\\\/secure.gravatar.com\\\/avatar\\\/bab33852abfd8b282518d6ed81826833d77c3c882d9ab608add591ccace47a44?s=96&d=mm&r=g\",\"contentUrl\":\"https:\\\/\\\/secure.gravatar.com\\\/avatar\\\/bab33852abfd8b282518d6ed81826833d77c3c882d9ab608add591ccace47a44?s=96&d=mm&r=g\",\"caption\":\"Kuzeyin Sesi\"},\"sameAs\":[\"https:\\\/\\\/kuzeyinsesi.org\"],\"url\":\"https:\\\/\\\/kuzeyinsesi.org\\\/index.php\\\/author\\\/guven\\\/\"}]}<\/script>\n<!-- \/ Yoast SEO plugin. -->","yoast_head_json":{"title":"Baraka yaz \u015f\u00f6leni d\u00fczenliyor - Kuzeyin Sesi","robots":{"index":"index","follow":"follow","max-snippet":"max-snippet:-1","max-image-preview":"max-image-preview:large","max-video-preview":"max-video-preview:-1"},"canonical":"https:\/\/kuzeyinsesi.org\/index.php\/2024\/07\/29\/baraka-yaz-soleni-duzenliyor\/","og_locale":"tr_TR","og_type":"article","og_title":"Baraka yaz \u015f\u00f6leni d\u00fczenliyor - Kuzeyin Sesi","og_description":"Baraka K\u00fclt\u00fcr Merkezi, pazar ak\u015fam\u0131 K\u0131z\u0131lba\u015f Park\u0131\u2019nda k\u00fclt\u00fcr-sanat \u015f\u00f6leni d\u00fczenliyor. Baraka\u2019dan yap\u0131lan a\u00e7\u0131klamaya g\u00f6re, amfi tiyatroda yap\u0131lacak etkinlikte halk danslar\u0131 g\u00f6sterileri, m\u00fczik dinletileri, kat\u0131l\u0131ml\u0131 tiyatro ske\u00e7leri, video ve slayt g\u00f6sterimleri yer alacak. K\u00fclt\u00fcr Dairesi\u2019nin katk\u0131lar\u0131yla 4 A\u011fustos Pazar g\u00fcn\u00fc 20.00-23.00 saatleri aras\u0131nda halka a\u00e7\u0131k ve \u00fccretsiz olarak ger\u00e7ekle\u015fecek \u015f\u00f6lende, G\u00f6\u00e7-Ta\u015f halk danslar\u0131 ekiplerinin g\u00f6sterilerinin yan\u0131 [&hellip;]","og_url":"https:\/\/kuzeyinsesi.org\/index.php\/2024\/07\/29\/baraka-yaz-soleni-duzenliyor\/","og_site_name":"Kuzeyin Sesi","article_publisher":"https:\/\/www.facebook.com\/kuzeyinsesii","article_published_time":"2024-07-29T07:38:14+00:00","og_image":[{"url":"https:\/\/brtk.net\/wp-content\/uploads\/2024\/07\/29\/baraka-yaz-soleni11.jpeg?ver=8f5f7f9f4b67ca68cf310379fdbcc8d4","type":"","width":"","height":""}],"author":"Kuzeyin Sesi","twitter_card":"summary_large_image","twitter_creator":"@kuzeyinsesii","twitter_site":"@kuzeyinsesii","twitter_misc":{"Yazan:":"Kuzeyin Sesi","Tahmini okuma s\u00fcresi":"1 dakika"},"schema":{"@context":"https:\/\/schema.org","@graph":[{"@type":"Article","@id":"https:\/\/kuzeyinsesi.org\/index.php\/2024\/07\/29\/baraka-yaz-soleni-duzenliyor\/#article","isPartOf":{"@id":"https:\/\/kuzeyinsesi.org\/index.php\/2024\/07\/29\/baraka-yaz-soleni-duzenliyor\/"},"author":{"name":"Kuzeyin Sesi","@id":"https:\/\/kuzeyinsesi.org\/#\/schema\/person\/9f859689cdf01485597712386e37f5aa"},"headline":"Baraka yaz \u015f\u00f6leni d\u00fczenliyor","datePublished":"2024-07-29T07:38:14+00:00","mainEntityOfPage":{"@id":"https:\/\/kuzeyinsesi.org\/index.php\/2024\/07\/29\/baraka-yaz-soleni-duzenliyor\/"},"wordCount":123,"commentCount":0,"image":{"@id":"https:\/\/kuzeyinsesi.org\/index.php\/2024\/07\/29\/baraka-yaz-soleni-duzenliyor\/#primaryimage"},"thumbnailUrl":"https:\/\/kuzeyinsesi.org\/wp-content\/uploads\/2024\/07\/yaz-soleni2.jpeg","articleSection":["Ya\u015fam"],"inLanguage":"tr","potentialAction":[{"@type":"CommentAction","name":"Comment","target":["https:\/\/kuzeyinsesi.org\/index.php\/2024\/07\/29\/baraka-yaz-soleni-duzenliyor\/#respond"]}]},{"@type":"WebPage","@id":"https:\/\/kuzeyinsesi.org\/index.php\/2024\/07\/29\/baraka-yaz-soleni-duzenliyor\/","url":"https:\/\/kuzeyinsesi.org\/index.php\/2024\/07\/29\/baraka-yaz-soleni-duzenliyor\/","name":"Baraka yaz \u015f\u00f6leni d\u00fczenliyor - Kuzeyin Sesi","isPartOf":{"@id":"https:\/\/kuzeyinsesi.org\/#website"},"primaryImageOfPage":{"@id":"https:\/\/kuzeyinsesi.org\/index.php\/2024\/07\/29\/baraka-yaz-soleni-duzenliyor\/#primaryimage"},"image":{"@id":"https:\/\/kuzeyinsesi.org\/index.php\/2024\/07\/29\/baraka-yaz-soleni-duzenliyor\/#primaryimage"},"thumbnailUrl":"https:\/\/kuzeyinsesi.org\/wp-content\/uploads\/2024\/07\/yaz-soleni2.jpeg","datePublished":"2024-07-29T07:38:14+00:00","author":{"@id":"https:\/\/kuzeyinsesi.org\/#\/schema\/person\/9f859689cdf01485597712386e37f5aa"},"breadcrumb":{"@id":"https:\/\/kuzeyinsesi.org\/index.php\/2024\/07\/29\/baraka-yaz-soleni-duzenliyor\/#breadcrumb"},"inLanguage":"tr","potentialAction":[{"@type":"ReadAction","target":["https:\/\/kuzeyinsesi.org\/index.php\/2024\/07\/29\/baraka-yaz-soleni-duzenliyor\/"]}]},{"@type":"ImageObject","inLanguage":"tr","@id":"https:\/\/kuzeyinsesi.org\/index.php\/2024\/07\/29\/baraka-yaz-soleni-duzenliyor\/#primaryimage","url":"https:\/\/kuzeyinsesi.org\/wp-content\/uploads\/2024\/07\/yaz-soleni2.jpeg","contentUrl":"https:\/\/kuzeyinsesi.org\/wp-content\/uploads\/2024\/07\/yaz-soleni2.jpeg","width":1330,"height":492},{"@type":"BreadcrumbList","@id":"https:\/\/kuzeyinsesi.org\/index.php\/2024\/07\/29\/baraka-yaz-soleni-duzenliyor\/#breadcrumb","itemListElement":[{"@type":"ListItem","position":1,"name":"Anasayfa","item":"https:\/\/kuzeyinsesi.org\/"},{"@type":"ListItem","position":2,"name":"Baraka yaz \u015f\u00f6leni d\u00fczenliyor"}]},{"@type":"WebSite","@id":"https:\/\/kuzeyinsesi.org\/#website","url":"https:\/\/kuzeyinsesi.org\/","name":"Kuzeyin Sesi","description":"Do\u011fru Haberin Adresi","potentialAction":[{"@type":"SearchAction","target":{"@type":"EntryPoint","urlTemplate":"https:\/\/kuzeyinsesi.org\/?s={search_term_string}"},"query-input":{"@type":"PropertyValueSpecification","valueRequired":true,"valueName":"search_term_string"}}],"inLanguage":"tr"},{"@type":"Person","@id":"https:\/\/kuzeyinsesi.org\/#\/schema\/person\/9f859689cdf01485597712386e37f5aa","name":"Kuzeyin Sesi","image":{"@type":"ImageObject","inLanguage":"tr","@id":"https:\/\/secure.gravatar.com\/avatar\/bab33852abfd8b282518d6ed81826833d77c3c882d9ab608add591ccace47a44?s=96&d=mm&r=g","url":"https:\/\/secure.gravatar.com\/avatar\/bab33852abfd8b282518d6ed81826833d77c3c882d9ab608add591ccace47a44?s=96&d=mm&r=g","contentUrl":"https:\/\/secure.gravatar.com\/avatar\/bab33852abfd8b282518d6ed81826833d77c3c882d9ab608add591ccace47a44?s=96&d=mm&r=g","caption":"Kuzeyin Sesi"},"sameAs":["https:\/\/kuzeyinsesi.org"],"url":"https:\/\/kuzeyinsesi.org\/index.php\/author\/guven\/"}]}},"_links":{"self":[{"href":"https:\/\/kuzeyinsesi.org\/index.php\/wp-json\/wp\/v2\/posts\/7081","targetHints":{"allow":["GET"]}}],"collection":[{"href":"https:\/\/kuzeyinsesi.org\/index.php\/wp-json\/wp\/v2\/posts"}],"about":[{"href":"https:\/\/kuzeyinsesi.org\/index.php\/wp-json\/wp\/v2\/types\/post"}],"author":[{"embeddable":true,"href":"https:\/\/kuzeyinsesi.org\/index.php\/wp-json\/wp\/v2\/users\/1"}],"replies":[{"embeddable":true,"href":"https:\/\/kuzeyinsesi.org\/index.php\/wp-json\/wp\/v2\/comments?post=7081"}],"version-history":[{"count":0,"href":"https:\/\/kuzeyinsesi.org\/index.php\/wp-json\/wp\/v2\/posts\/7081\/revisions"}],"wp:featuredmedia":[{"embeddable":true,"href":"https:\/\/kuzeyinsesi.org\/index.php\/wp-json\/wp\/v2\/media\/7082"}],"wp:attachment":[{"href":"https:\/\/kuzeyinsesi.org\/index.php\/wp-json\/wp\/v2\/media?parent=7081"}],"wp:term":[{"taxonomy":"category","embeddable":true,"href":"https:\/\/kuzeyinsesi.org\/index.php\/wp-json\/wp\/v2\/categories?post=7081"},{"taxonomy":"post_tag","embeddable":true,"href":"https:\/\/kuzeyinsesi.org\/index.php\/wp-json\/wp\/v2\/tags?post=7081"}],"curies":[{"name":"wp","href":"https:\/\/api.w.org\/{rel}","templated":true}]}}