{"id":7064,"date":"2024-07-28T14:47:43","date_gmt":"2024-07-28T11:47:43","guid":{"rendered":"https:\/\/kuzeyinsesi.org\/index.php\/2024\/07\/28\/hasder-halk-danslari-ekibi-arnavutlukta-festivale-katildi\/"},"modified":"2024-07-28T14:47:43","modified_gmt":"2024-07-28T11:47:43","slug":"hasder-halk-danslari-ekibi-arnavutlukta-festivale-katildi","status":"publish","type":"post","link":"https:\/\/kuzeyinsesi.org\/index.php\/2024\/07\/28\/hasder-halk-danslari-ekibi-arnavutlukta-festivale-katildi\/","title":{"rendered":"HASDER Halk Danslar\u0131 Ekibi Arnavutluk\u2019ta festivale kat\u0131ld\u0131"},"content":{"rendered":"<div>\n<div class=\"mariselle-image-container center\">\n                                            <\/div>\n<p>Halk Sanatlar\u0131 Derne\u011fi (HASDER) Halk Danslar\u0131 Ekibi, Arnavutluk\u2019un ba\u015fkenti Tiran\u2019da, Uluslararas\u0131 Dans Festivalleri Federasyonu (FIDAF) himayelerinde, Tiran Belediyesi K\u00fclt\u00fcr M\u00fcd\u00fcrl\u00fc\u011f\u00fc taraf\u0131ndan organize edilen \u201cInternational Folk Festival Tirana\u201d festivaline kat\u0131ld\u0131.<\/p>\n<p>HASDER\u2019den yap\u0131lan a\u00e7\u0131klamaya g\u00f6re, Arnavutluk ve di\u011fer \u00fclkelerden gelen halk danslar\u0131 ekipleriyle birlikte sahne alan HASDER\u2019li dans\u00e7\u0131lar, farkl\u0131 k\u00fclt\u00fcrleri tan\u0131ma f\u0131rsat\u0131 buldu ve yeni dostluklar kurdu.<\/p>\n<\/p><\/div>\n<p><script async\n                    defer\n                    crossorigin=\"anonymous\"\n                    src=\"https:\/\/connect.facebook.net\/tr_TR\/sdk.js#xfbml=1&#038;version=v3.3\"\n            ><\/script><\/p>\n","protected":false},"excerpt":{"rendered":"<p>Halk Sanatlar\u0131 Derne\u011fi (HASDER) Halk Danslar\u0131 Ekibi, Arnavutluk\u2019un ba\u015fkenti Tiran\u2019da, Uluslararas\u0131 Dans Festivalleri Federasyonu (FIDAF) himayelerinde, Tiran Belediyesi K\u00fclt\u00fcr M\u00fcd\u00fcrl\u00fc\u011f\u00fc taraf\u0131ndan organize edilen \u201cInternational Folk Festival Tirana\u201d festivaline kat\u0131ld\u0131. HASDER\u2019den yap\u0131lan a\u00e7\u0131klamaya g\u00f6re, Arnavutluk ve di\u011fer \u00fclkelerden gelen halk danslar\u0131 ekipleriyle birlikte sahne alan HASDER\u2019li dans\u00e7\u0131lar, farkl\u0131 k\u00fclt\u00fcrleri tan\u0131ma f\u0131rsat\u0131 buldu ve yeni dostluklar kurdu.<\/p>\n","protected":false},"author":1,"featured_media":7065,"comment_status":"open","ping_status":"open","sticky":false,"template":"","format":"standard","meta":{"jnews-multi-image_gallery":[],"jnews_single_post":[],"jnews_primary_category":[],"jnews_social_meta":[],"jnews_override_counter":[],"footnotes":""},"categories":[6],"tags":[],"class_list":["post-7064","post","type-post","status-publish","format-standard","has-post-thumbnail","hentry","category-yasam"],"yoast_head":"<!-- This site is optimized with the Yoast SEO plugin v27.5 - https:\/\/yoast.com\/product\/yoast-seo-wordpress\/ -->\n<title>HASDER Halk Danslar\u0131 Ekibi Arnavutluk\u2019ta festivale kat\u0131ld\u0131 - Kuzeyin Sesi<\/title>\n<meta name=\"robots\" content=\"index, follow, max-snippet:-1, max-image-preview:large, max-video-preview:-1\" \/>\n<link rel=\"canonical\" href=\"https:\/\/kuzeyinsesi.org\/index.php\/2024\/07\/28\/hasder-halk-danslari-ekibi-arnavutlukta-festivale-katildi\/\" \/>\n<meta property=\"og:locale\" content=\"tr_TR\" \/>\n<meta property=\"og:type\" content=\"article\" \/>\n<meta property=\"og:title\" content=\"HASDER Halk Danslar\u0131 Ekibi Arnavutluk\u2019ta festivale kat\u0131ld\u0131 - Kuzeyin Sesi\" \/>\n<meta property=\"og:description\" content=\"Halk Sanatlar\u0131 Derne\u011fi (HASDER) Halk Danslar\u0131 Ekibi, Arnavutluk\u2019un ba\u015fkenti Tiran\u2019da, Uluslararas\u0131 Dans Festivalleri Federasyonu (FIDAF) himayelerinde, Tiran Belediyesi K\u00fclt\u00fcr M\u00fcd\u00fcrl\u00fc\u011f\u00fc taraf\u0131ndan organize edilen \u201cInternational Folk Festival Tirana\u201d festivaline kat\u0131ld\u0131. HASDER\u2019den yap\u0131lan a\u00e7\u0131klamaya g\u00f6re, Arnavutluk ve di\u011fer \u00fclkelerden gelen halk danslar\u0131 ekipleriyle birlikte sahne alan HASDER\u2019li dans\u00e7\u0131lar, farkl\u0131 k\u00fclt\u00fcrleri tan\u0131ma f\u0131rsat\u0131 buldu ve yeni dostluklar kurdu.\" \/>\n<meta property=\"og:url\" content=\"https:\/\/kuzeyinsesi.org\/index.php\/2024\/07\/28\/hasder-halk-danslari-ekibi-arnavutlukta-festivale-katildi\/\" \/>\n<meta property=\"og:site_name\" content=\"Kuzeyin Sesi\" \/>\n<meta property=\"article:publisher\" content=\"https:\/\/www.facebook.com\/kuzeyinsesii\" \/>\n<meta property=\"article:published_time\" content=\"2024-07-28T11:47:43+00:00\" \/>\n<meta property=\"og:image\" content=\"https:\/\/brtk.net\/wp-content\/uploads\/2024\/07\/28\/hasder-1-2-scaled.jpg?ver=80b05a8ab2af5e18f1718264ca9984fa\" \/>\n<meta name=\"author\" content=\"Kuzeyin Sesi\" \/>\n<meta name=\"twitter:card\" content=\"summary_large_image\" \/>\n<meta name=\"twitter:creator\" content=\"@kuzeyinsesii\" \/>\n<meta name=\"twitter:site\" content=\"@kuzeyinsesii\" \/>\n<meta name=\"twitter:label1\" content=\"Yazan:\" \/>\n\t<meta name=\"twitter:data1\" content=\"Kuzeyin Sesi\" \/>\n<script type=\"application\/ld+json\" class=\"yoast-schema-graph\">{\"@context\":\"https:\\\/\\\/schema.org\",\"@graph\":[{\"@type\":\"Article\",\"@id\":\"https:\\\/\\\/kuzeyinsesi.org\\\/index.php\\\/2024\\\/07\\\/28\\\/hasder-halk-danslari-ekibi-arnavutlukta-festivale-katildi\\\/#article\",\"isPartOf\":{\"@id\":\"https:\\\/\\\/kuzeyinsesi.org\\\/index.php\\\/2024\\\/07\\\/28\\\/hasder-halk-danslari-ekibi-arnavutlukta-festivale-katildi\\\/\"},\"author\":{\"name\":\"Kuzeyin Sesi\",\"@id\":\"https:\\\/\\\/kuzeyinsesi.org\\\/#\\\/schema\\\/person\\\/9f859689cdf01485597712386e37f5aa\"},\"headline\":\"HASDER Halk Danslar\u0131 Ekibi Arnavutluk\u2019ta festivale kat\u0131ld\u0131\",\"datePublished\":\"2024-07-28T11:47:43+00:00\",\"mainEntityOfPage\":{\"@id\":\"https:\\\/\\\/kuzeyinsesi.org\\\/index.php\\\/2024\\\/07\\\/28\\\/hasder-halk-danslari-ekibi-arnavutlukta-festivale-katildi\\\/\"},\"wordCount\":85,\"commentCount\":0,\"image\":{\"@id\":\"https:\\\/\\\/kuzeyinsesi.org\\\/index.php\\\/2024\\\/07\\\/28\\\/hasder-halk-danslari-ekibi-arnavutlukta-festivale-katildi\\\/#primaryimage\"},\"thumbnailUrl\":\"https:\\\/\\\/kuzeyinsesi.org\\\/wp-content\\\/uploads\\\/2024\\\/07\\\/hasder-3-2.jpg\",\"articleSection\":[\"Ya\u015fam\"],\"inLanguage\":\"tr\",\"potentialAction\":[{\"@type\":\"CommentAction\",\"name\":\"Comment\",\"target\":[\"https:\\\/\\\/kuzeyinsesi.org\\\/index.php\\\/2024\\\/07\\\/28\\\/hasder-halk-danslari-ekibi-arnavutlukta-festivale-katildi\\\/#respond\"]}]},{\"@type\":\"WebPage\",\"@id\":\"https:\\\/\\\/kuzeyinsesi.org\\\/index.php\\\/2024\\\/07\\\/28\\\/hasder-halk-danslari-ekibi-arnavutlukta-festivale-katildi\\\/\",\"url\":\"https:\\\/\\\/kuzeyinsesi.org\\\/index.php\\\/2024\\\/07\\\/28\\\/hasder-halk-danslari-ekibi-arnavutlukta-festivale-katildi\\\/\",\"name\":\"HASDER Halk Danslar\u0131 Ekibi Arnavutluk\u2019ta festivale kat\u0131ld\u0131 - Kuzeyin Sesi\",\"isPartOf\":{\"@id\":\"https:\\\/\\\/kuzeyinsesi.org\\\/#website\"},\"primaryImageOfPage\":{\"@id\":\"https:\\\/\\\/kuzeyinsesi.org\\\/index.php\\\/2024\\\/07\\\/28\\\/hasder-halk-danslari-ekibi-arnavutlukta-festivale-katildi\\\/#primaryimage\"},\"image\":{\"@id\":\"https:\\\/\\\/kuzeyinsesi.org\\\/index.php\\\/2024\\\/07\\\/28\\\/hasder-halk-danslari-ekibi-arnavutlukta-festivale-katildi\\\/#primaryimage\"},\"thumbnailUrl\":\"https:\\\/\\\/kuzeyinsesi.org\\\/wp-content\\\/uploads\\\/2024\\\/07\\\/hasder-3-2.jpg\",\"datePublished\":\"2024-07-28T11:47:43+00:00\",\"author\":{\"@id\":\"https:\\\/\\\/kuzeyinsesi.org\\\/#\\\/schema\\\/person\\\/9f859689cdf01485597712386e37f5aa\"},\"breadcrumb\":{\"@id\":\"https:\\\/\\\/kuzeyinsesi.org\\\/index.php\\\/2024\\\/07\\\/28\\\/hasder-halk-danslari-ekibi-arnavutlukta-festivale-katildi\\\/#breadcrumb\"},\"inLanguage\":\"tr\",\"potentialAction\":[{\"@type\":\"ReadAction\",\"target\":[\"https:\\\/\\\/kuzeyinsesi.org\\\/index.php\\\/2024\\\/07\\\/28\\\/hasder-halk-danslari-ekibi-arnavutlukta-festivale-katildi\\\/\"]}]},{\"@type\":\"ImageObject\",\"inLanguage\":\"tr\",\"@id\":\"https:\\\/\\\/kuzeyinsesi.org\\\/index.php\\\/2024\\\/07\\\/28\\\/hasder-halk-danslari-ekibi-arnavutlukta-festivale-katildi\\\/#primaryimage\",\"url\":\"https:\\\/\\\/kuzeyinsesi.org\\\/wp-content\\\/uploads\\\/2024\\\/07\\\/hasder-3-2.jpg\",\"contentUrl\":\"https:\\\/\\\/kuzeyinsesi.org\\\/wp-content\\\/uploads\\\/2024\\\/07\\\/hasder-3-2.jpg\",\"width\":1600,\"height\":1200},{\"@type\":\"BreadcrumbList\",\"@id\":\"https:\\\/\\\/kuzeyinsesi.org\\\/index.php\\\/2024\\\/07\\\/28\\\/hasder-halk-danslari-ekibi-arnavutlukta-festivale-katildi\\\/#breadcrumb\",\"itemListElement\":[{\"@type\":\"ListItem\",\"position\":1,\"name\":\"Anasayfa\",\"item\":\"https:\\\/\\\/kuzeyinsesi.org\\\/\"},{\"@type\":\"ListItem\",\"position\":2,\"name\":\"HASDER Halk Danslar\u0131 Ekibi Arnavutluk\u2019ta festivale kat\u0131ld\u0131\"}]},{\"@type\":\"WebSite\",\"@id\":\"https:\\\/\\\/kuzeyinsesi.org\\\/#website\",\"url\":\"https:\\\/\\\/kuzeyinsesi.org\\\/\",\"name\":\"Kuzeyin Sesi\",\"description\":\"Do\u011fru Haberin Adresi\",\"potentialAction\":[{\"@type\":\"SearchAction\",\"target\":{\"@type\":\"EntryPoint\",\"urlTemplate\":\"https:\\\/\\\/kuzeyinsesi.org\\\/?s={search_term_string}\"},\"query-input\":{\"@type\":\"PropertyValueSpecification\",\"valueRequired\":true,\"valueName\":\"search_term_string\"}}],\"inLanguage\":\"tr\"},{\"@type\":\"Person\",\"@id\":\"https:\\\/\\\/kuzeyinsesi.org\\\/#\\\/schema\\\/person\\\/9f859689cdf01485597712386e37f5aa\",\"name\":\"Kuzeyin Sesi\",\"image\":{\"@type\":\"ImageObject\",\"inLanguage\":\"tr\",\"@id\":\"https:\\\/\\\/secure.gravatar.com\\\/avatar\\\/bab33852abfd8b282518d6ed81826833d77c3c882d9ab608add591ccace47a44?s=96&d=mm&r=g\",\"url\":\"https:\\\/\\\/secure.gravatar.com\\\/avatar\\\/bab33852abfd8b282518d6ed81826833d77c3c882d9ab608add591ccace47a44?s=96&d=mm&r=g\",\"contentUrl\":\"https:\\\/\\\/secure.gravatar.com\\\/avatar\\\/bab33852abfd8b282518d6ed81826833d77c3c882d9ab608add591ccace47a44?s=96&d=mm&r=g\",\"caption\":\"Kuzeyin Sesi\"},\"sameAs\":[\"https:\\\/\\\/kuzeyinsesi.org\"],\"url\":\"https:\\\/\\\/kuzeyinsesi.org\\\/index.php\\\/author\\\/guven\\\/\"}]}<\/script>\n<!-- \/ Yoast SEO plugin. -->","yoast_head_json":{"title":"HASDER Halk Danslar\u0131 Ekibi Arnavutluk\u2019ta festivale kat\u0131ld\u0131 - Kuzeyin Sesi","robots":{"index":"index","follow":"follow","max-snippet":"max-snippet:-1","max-image-preview":"max-image-preview:large","max-video-preview":"max-video-preview:-1"},"canonical":"https:\/\/kuzeyinsesi.org\/index.php\/2024\/07\/28\/hasder-halk-danslari-ekibi-arnavutlukta-festivale-katildi\/","og_locale":"tr_TR","og_type":"article","og_title":"HASDER Halk Danslar\u0131 Ekibi Arnavutluk\u2019ta festivale kat\u0131ld\u0131 - Kuzeyin Sesi","og_description":"Halk Sanatlar\u0131 Derne\u011fi (HASDER) Halk Danslar\u0131 Ekibi, Arnavutluk\u2019un ba\u015fkenti Tiran\u2019da, Uluslararas\u0131 Dans Festivalleri Federasyonu (FIDAF) himayelerinde, Tiran Belediyesi K\u00fclt\u00fcr M\u00fcd\u00fcrl\u00fc\u011f\u00fc taraf\u0131ndan organize edilen \u201cInternational Folk Festival Tirana\u201d festivaline kat\u0131ld\u0131. HASDER\u2019den yap\u0131lan a\u00e7\u0131klamaya g\u00f6re, Arnavutluk ve di\u011fer \u00fclkelerden gelen halk danslar\u0131 ekipleriyle birlikte sahne alan HASDER\u2019li dans\u00e7\u0131lar, farkl\u0131 k\u00fclt\u00fcrleri tan\u0131ma f\u0131rsat\u0131 buldu ve yeni dostluklar kurdu.","og_url":"https:\/\/kuzeyinsesi.org\/index.php\/2024\/07\/28\/hasder-halk-danslari-ekibi-arnavutlukta-festivale-katildi\/","og_site_name":"Kuzeyin Sesi","article_publisher":"https:\/\/www.facebook.com\/kuzeyinsesii","article_published_time":"2024-07-28T11:47:43+00:00","og_image":[{"url":"https:\/\/brtk.net\/wp-content\/uploads\/2024\/07\/28\/hasder-1-2-scaled.jpg?ver=80b05a8ab2af5e18f1718264ca9984fa","type":"","width":"","height":""}],"author":"Kuzeyin Sesi","twitter_card":"summary_large_image","twitter_creator":"@kuzeyinsesii","twitter_site":"@kuzeyinsesii","twitter_misc":{"Yazan:":"Kuzeyin Sesi"},"schema":{"@context":"https:\/\/schema.org","@graph":[{"@type":"Article","@id":"https:\/\/kuzeyinsesi.org\/index.php\/2024\/07\/28\/hasder-halk-danslari-ekibi-arnavutlukta-festivale-katildi\/#article","isPartOf":{"@id":"https:\/\/kuzeyinsesi.org\/index.php\/2024\/07\/28\/hasder-halk-danslari-ekibi-arnavutlukta-festivale-katildi\/"},"author":{"name":"Kuzeyin Sesi","@id":"https:\/\/kuzeyinsesi.org\/#\/schema\/person\/9f859689cdf01485597712386e37f5aa"},"headline":"HASDER Halk Danslar\u0131 Ekibi Arnavutluk\u2019ta festivale kat\u0131ld\u0131","datePublished":"2024-07-28T11:47:43+00:00","mainEntityOfPage":{"@id":"https:\/\/kuzeyinsesi.org\/index.php\/2024\/07\/28\/hasder-halk-danslari-ekibi-arnavutlukta-festivale-katildi\/"},"wordCount":85,"commentCount":0,"image":{"@id":"https:\/\/kuzeyinsesi.org\/index.php\/2024\/07\/28\/hasder-halk-danslari-ekibi-arnavutlukta-festivale-katildi\/#primaryimage"},"thumbnailUrl":"https:\/\/kuzeyinsesi.org\/wp-content\/uploads\/2024\/07\/hasder-3-2.jpg","articleSection":["Ya\u015fam"],"inLanguage":"tr","potentialAction":[{"@type":"CommentAction","name":"Comment","target":["https:\/\/kuzeyinsesi.org\/index.php\/2024\/07\/28\/hasder-halk-danslari-ekibi-arnavutlukta-festivale-katildi\/#respond"]}]},{"@type":"WebPage","@id":"https:\/\/kuzeyinsesi.org\/index.php\/2024\/07\/28\/hasder-halk-danslari-ekibi-arnavutlukta-festivale-katildi\/","url":"https:\/\/kuzeyinsesi.org\/index.php\/2024\/07\/28\/hasder-halk-danslari-ekibi-arnavutlukta-festivale-katildi\/","name":"HASDER Halk Danslar\u0131 Ekibi Arnavutluk\u2019ta festivale kat\u0131ld\u0131 - Kuzeyin Sesi","isPartOf":{"@id":"https:\/\/kuzeyinsesi.org\/#website"},"primaryImageOfPage":{"@id":"https:\/\/kuzeyinsesi.org\/index.php\/2024\/07\/28\/hasder-halk-danslari-ekibi-arnavutlukta-festivale-katildi\/#primaryimage"},"image":{"@id":"https:\/\/kuzeyinsesi.org\/index.php\/2024\/07\/28\/hasder-halk-danslari-ekibi-arnavutlukta-festivale-katildi\/#primaryimage"},"thumbnailUrl":"https:\/\/kuzeyinsesi.org\/wp-content\/uploads\/2024\/07\/hasder-3-2.jpg","datePublished":"2024-07-28T11:47:43+00:00","author":{"@id":"https:\/\/kuzeyinsesi.org\/#\/schema\/person\/9f859689cdf01485597712386e37f5aa"},"breadcrumb":{"@id":"https:\/\/kuzeyinsesi.org\/index.php\/2024\/07\/28\/hasder-halk-danslari-ekibi-arnavutlukta-festivale-katildi\/#breadcrumb"},"inLanguage":"tr","potentialAction":[{"@type":"ReadAction","target":["https:\/\/kuzeyinsesi.org\/index.php\/2024\/07\/28\/hasder-halk-danslari-ekibi-arnavutlukta-festivale-katildi\/"]}]},{"@type":"ImageObject","inLanguage":"tr","@id":"https:\/\/kuzeyinsesi.org\/index.php\/2024\/07\/28\/hasder-halk-danslari-ekibi-arnavutlukta-festivale-katildi\/#primaryimage","url":"https:\/\/kuzeyinsesi.org\/wp-content\/uploads\/2024\/07\/hasder-3-2.jpg","contentUrl":"https:\/\/kuzeyinsesi.org\/wp-content\/uploads\/2024\/07\/hasder-3-2.jpg","width":1600,"height":1200},{"@type":"BreadcrumbList","@id":"https:\/\/kuzeyinsesi.org\/index.php\/2024\/07\/28\/hasder-halk-danslari-ekibi-arnavutlukta-festivale-katildi\/#breadcrumb","itemListElement":[{"@type":"ListItem","position":1,"name":"Anasayfa","item":"https:\/\/kuzeyinsesi.org\/"},{"@type":"ListItem","position":2,"name":"HASDER Halk Danslar\u0131 Ekibi Arnavutluk\u2019ta festivale kat\u0131ld\u0131"}]},{"@type":"WebSite","@id":"https:\/\/kuzeyinsesi.org\/#website","url":"https:\/\/kuzeyinsesi.org\/","name":"Kuzeyin Sesi","description":"Do\u011fru Haberin Adresi","potentialAction":[{"@type":"SearchAction","target":{"@type":"EntryPoint","urlTemplate":"https:\/\/kuzeyinsesi.org\/?s={search_term_string}"},"query-input":{"@type":"PropertyValueSpecification","valueRequired":true,"valueName":"search_term_string"}}],"inLanguage":"tr"},{"@type":"Person","@id":"https:\/\/kuzeyinsesi.org\/#\/schema\/person\/9f859689cdf01485597712386e37f5aa","name":"Kuzeyin Sesi","image":{"@type":"ImageObject","inLanguage":"tr","@id":"https:\/\/secure.gravatar.com\/avatar\/bab33852abfd8b282518d6ed81826833d77c3c882d9ab608add591ccace47a44?s=96&d=mm&r=g","url":"https:\/\/secure.gravatar.com\/avatar\/bab33852abfd8b282518d6ed81826833d77c3c882d9ab608add591ccace47a44?s=96&d=mm&r=g","contentUrl":"https:\/\/secure.gravatar.com\/avatar\/bab33852abfd8b282518d6ed81826833d77c3c882d9ab608add591ccace47a44?s=96&d=mm&r=g","caption":"Kuzeyin Sesi"},"sameAs":["https:\/\/kuzeyinsesi.org"],"url":"https:\/\/kuzeyinsesi.org\/index.php\/author\/guven\/"}]}},"_links":{"self":[{"href":"https:\/\/kuzeyinsesi.org\/index.php\/wp-json\/wp\/v2\/posts\/7064","targetHints":{"allow":["GET"]}}],"collection":[{"href":"https:\/\/kuzeyinsesi.org\/index.php\/wp-json\/wp\/v2\/posts"}],"about":[{"href":"https:\/\/kuzeyinsesi.org\/index.php\/wp-json\/wp\/v2\/types\/post"}],"author":[{"embeddable":true,"href":"https:\/\/kuzeyinsesi.org\/index.php\/wp-json\/wp\/v2\/users\/1"}],"replies":[{"embeddable":true,"href":"https:\/\/kuzeyinsesi.org\/index.php\/wp-json\/wp\/v2\/comments?post=7064"}],"version-history":[{"count":0,"href":"https:\/\/kuzeyinsesi.org\/index.php\/wp-json\/wp\/v2\/posts\/7064\/revisions"}],"wp:featuredmedia":[{"embeddable":true,"href":"https:\/\/kuzeyinsesi.org\/index.php\/wp-json\/wp\/v2\/media\/7065"}],"wp:attachment":[{"href":"https:\/\/kuzeyinsesi.org\/index.php\/wp-json\/wp\/v2\/media?parent=7064"}],"wp:term":[{"taxonomy":"category","embeddable":true,"href":"https:\/\/kuzeyinsesi.org\/index.php\/wp-json\/wp\/v2\/categories?post=7064"},{"taxonomy":"post_tag","embeddable":true,"href":"https:\/\/kuzeyinsesi.org\/index.php\/wp-json\/wp\/v2\/tags?post=7064"}],"curies":[{"name":"wp","href":"https:\/\/api.w.org\/{rel}","templated":true}]}}