{"id":7052,"date":"2024-07-27T13:48:22","date_gmt":"2024-07-27T10:48:22","guid":{"rendered":"https:\/\/kuzeyinsesi.org\/index.php\/2024\/07\/27\/koder-kttb-is-birliginde-ilk-kadin-uzman-hekim-dr-selma-fehimin-belgeseli-hazirlanacak\/"},"modified":"2024-07-27T13:48:22","modified_gmt":"2024-07-27T10:48:22","slug":"koder-kttb-is-birliginde-ilk-kadin-uzman-hekim-dr-selma-fehimin-belgeseli-hazirlanacak","status":"publish","type":"post","link":"https:\/\/kuzeyinsesi.org\/index.php\/2024\/07\/27\/koder-kttb-is-birliginde-ilk-kadin-uzman-hekim-dr-selma-fehimin-belgeseli-hazirlanacak\/","title":{"rendered":"K\u00d6DER-KTTB i\u015f birli\u011finde ilk kad\u0131n uzman hekim Dr. Selma Fehim\u2019in belgeseli haz\u0131rlanacak"},"content":{"rendered":"<div>\n<div class=\"mariselle-image-container center\">\n                                            <\/div>\n<p>\nK\u0131br\u0131s Kad\u0131n \u00d6yk\u00fcleri Derne\u011fi (K\u00d6DER), \u201cHayat\u0131m\u0131za De\u011fer Katan Kad\u0131nlar\u0131m\u0131z\u201d belgesel serisini, Dr. Selma Fehim\u2019in hayat\u0131n\u0131 konu alacak belgeselle 25\u2019e \u00e7\u0131kar\u0131yor. <\/p>\n<p>Dernekten yap\u0131lan a\u00e7\u0131klamaya g\u00f6re, K\u0131br\u0131s T\u00fcrk Tabipleri Birli\u011fi ile imzalanan sponsorluk s\u00f6zle\u015fmesi \u00e7er\u00e7evesinde K\u0131br\u0131s T\u00fcrk toplumunun \u00fclkede hizmet veren ilk kad\u0131n uzman hekimi \u00fcnvan\u0131 sahibi Dr. Selma Fehim\u2019in belgeselinin haz\u0131rlanmas\u0131yla ilgili s\u00fcre\u00e7 ba\u015flad\u0131.<\/p>\n<p>K\u0131br\u0131sl\u0131 T\u00fcrklerin ilk kad\u0131n \u201c\u00e7ocuk sa\u011fl\u0131\u011f\u0131 ve hastal\u0131klar\u0131\u201d uzman hekimi de olan Fehim\u2019in meslekteki ba\u015far\u0131s\u0131 yan\u0131nda disiplinli ve titiz \u00e7al\u0131\u015fma tarz\u0131, \u00f6zg\u00fcr ki\u015fili\u011fi, m\u00fctevazi, sevecen ve yard\u0131msever yap\u0131s\u0131yla ger\u00e7ek bir sa\u011fl\u0131k g\u00f6n\u00fcll\u00fcs\u00fc olarak hem hastalar\u0131n\u0131n hem t\u0131p camias\u0131n\u0131n hem de toplumun g\u00f6z\u00fcnde \u00e7ok de\u011ferli bir yere sahip oldu\u011fu kaydedildi.<\/p>\n<p>A\u00e7\u0131klamada, Dr. Selma Fehim\u2019in \u00f6zge\u00e7mi\u015fiyle ilgili \u015fu bilgiler payla\u015f\u0131ld\u0131:<\/p>\n<p>\u201c1932 y\u0131l\u0131nda Mari(Tatl\u0131su) k\u00f6y\u00fcnde d\u00fcnyaya gelen Dr. Selma Fehim, \u00f6\u011fretmen olan babas\u0131n\u0131n mesle\u011finden dolay\u0131 bir\u00e7ok yerle\u015fim yerini dola\u015ft\u0131, Lefko\u015fa T\u00fcrk Lisesi\u2019nin ard\u0131ndan \u0130stanbul T\u0131p Fak\u00fcltesi\u2019nde t\u0131p e\u011fitimini ve ard\u0131ndan \u00e7ocuk hastal\u0131klar\u0131 ihtisas\u0131n\u0131 ba\u015far\u0131yla tamamlad\u0131.  1963 y\u0131l\u0131 sonunda K\u0131br\u0131s\u2019a d\u00f6nen ve Dr Naim Adilo\u011flu\u2019nun klini\u011fi, K\u0131z\u0131lay Hastanesi ve emekli oldu\u011fu 1992 y\u0131l\u0131na kadar Dr.Burhan Nalbanto\u011flu Devlet Hastanesi\u2019nde g\u00f6rev yapan Dr. Selma Fehim, burada uzman doktor ve klinik \u015fefi olarak g\u00f6rev yapt\u0131ktan sonra \u00fclkenin kamusal sa\u011fl\u0131k hizmetlerine Sa\u011fl\u0131k Kurulu \u00fcyeli\u011fi ve Ba\u015fhekim vekaleti yaparak da katk\u0131s\u0131n\u0131 s\u00fcrd\u00fcrd\u00fc.<\/p>\n<p>Kendini meslekte geli\u015ftirmek i\u00e7in yurt d\u0131\u015f\u0131ndaki pediatri kongrelerine de s\u0131k s\u0131k kat\u0131lan Dr. Selma Fehim, d\u00fcnyadaki mesleki geli\u015fmeleri de hep yak\u0131ndan takip eden bir hekim oldu.\u201d<\/p>\n<\/p><\/div>\n<p><script async\n                    defer\n                    crossorigin=\"anonymous\"\n                    src=\"https:\/\/connect.facebook.net\/tr_TR\/sdk.js#xfbml=1&#038;version=v3.3\"\n            ><\/script><\/p>\n","protected":false},"excerpt":{"rendered":"<p>K\u0131br\u0131s Kad\u0131n \u00d6yk\u00fcleri Derne\u011fi (K\u00d6DER), \u201cHayat\u0131m\u0131za De\u011fer Katan Kad\u0131nlar\u0131m\u0131z\u201d belgesel serisini, Dr. Selma Fehim\u2019in hayat\u0131n\u0131 konu alacak belgeselle 25\u2019e \u00e7\u0131kar\u0131yor. Dernekten yap\u0131lan a\u00e7\u0131klamaya g\u00f6re, K\u0131br\u0131s T\u00fcrk Tabipleri Birli\u011fi ile imzalanan sponsorluk s\u00f6zle\u015fmesi \u00e7er\u00e7evesinde K\u0131br\u0131s T\u00fcrk toplumunun \u00fclkede hizmet veren ilk kad\u0131n uzman hekimi \u00fcnvan\u0131 sahibi Dr. Selma Fehim\u2019in belgeselinin haz\u0131rlanmas\u0131yla ilgili s\u00fcre\u00e7 ba\u015flad\u0131. K\u0131br\u0131sl\u0131 T\u00fcrklerin [&hellip;]<\/p>\n","protected":false},"author":1,"featured_media":7053,"comment_status":"open","ping_status":"open","sticky":false,"template":"","format":"standard","meta":{"jnews-multi-image_gallery":[],"jnews_single_post":[],"jnews_primary_category":[],"jnews_social_meta":[],"jnews_override_counter":[],"footnotes":""},"categories":[6],"tags":[],"class_list":["post-7052","post","type-post","status-publish","format-standard","has-post-thumbnail","hentry","category-yasam"],"yoast_head":"<!-- This site is optimized with the Yoast SEO plugin v27.5 - https:\/\/yoast.com\/product\/yoast-seo-wordpress\/ -->\n<title>K\u00d6DER-KTTB i\u015f birli\u011finde ilk kad\u0131n uzman hekim Dr. Selma Fehim\u2019in belgeseli haz\u0131rlanacak - Kuzeyin Sesi<\/title>\n<meta name=\"robots\" content=\"index, follow, max-snippet:-1, max-image-preview:large, max-video-preview:-1\" \/>\n<link rel=\"canonical\" href=\"https:\/\/kuzeyinsesi.org\/index.php\/2024\/07\/27\/koder-kttb-is-birliginde-ilk-kadin-uzman-hekim-dr-selma-fehimin-belgeseli-hazirlanacak\/\" \/>\n<meta property=\"og:locale\" content=\"tr_TR\" \/>\n<meta property=\"og:type\" content=\"article\" \/>\n<meta property=\"og:title\" content=\"K\u00d6DER-KTTB i\u015f birli\u011finde ilk kad\u0131n uzman hekim Dr. Selma Fehim\u2019in belgeseli haz\u0131rlanacak - Kuzeyin Sesi\" \/>\n<meta property=\"og:description\" content=\"K\u0131br\u0131s Kad\u0131n \u00d6yk\u00fcleri Derne\u011fi (K\u00d6DER), \u201cHayat\u0131m\u0131za De\u011fer Katan Kad\u0131nlar\u0131m\u0131z\u201d belgesel serisini, Dr. Selma Fehim\u2019in hayat\u0131n\u0131 konu alacak belgeselle 25\u2019e \u00e7\u0131kar\u0131yor. Dernekten yap\u0131lan a\u00e7\u0131klamaya g\u00f6re, K\u0131br\u0131s T\u00fcrk Tabipleri Birli\u011fi ile imzalanan sponsorluk s\u00f6zle\u015fmesi \u00e7er\u00e7evesinde K\u0131br\u0131s T\u00fcrk toplumunun \u00fclkede hizmet veren ilk kad\u0131n uzman hekimi \u00fcnvan\u0131 sahibi Dr. Selma Fehim\u2019in belgeselinin haz\u0131rlanmas\u0131yla ilgili s\u00fcre\u00e7 ba\u015flad\u0131. K\u0131br\u0131sl\u0131 T\u00fcrklerin [&hellip;]\" \/>\n<meta property=\"og:url\" content=\"https:\/\/kuzeyinsesi.org\/index.php\/2024\/07\/27\/koder-kttb-is-birliginde-ilk-kadin-uzman-hekim-dr-selma-fehimin-belgeseli-hazirlanacak\/\" \/>\n<meta property=\"og:site_name\" content=\"Kuzeyin Sesi\" \/>\n<meta property=\"article:publisher\" content=\"https:\/\/www.facebook.com\/kuzeyinsesii\" \/>\n<meta property=\"article:published_time\" content=\"2024-07-27T10:48:22+00:00\" \/>\n<meta property=\"og:image\" content=\"https:\/\/brtk.net\/wp-content\/uploads\/2024\/07\/27\/koder-kttb-ortak-belgesel-foto.jpeg?ver=2f2506ae2439985d4bd7df6dcd7d83ca\" \/>\n<meta name=\"author\" content=\"Kuzeyin Sesi\" \/>\n<meta name=\"twitter:card\" content=\"summary_large_image\" \/>\n<meta name=\"twitter:creator\" content=\"@kuzeyinsesii\" \/>\n<meta name=\"twitter:site\" content=\"@kuzeyinsesii\" \/>\n<meta name=\"twitter:label1\" content=\"Yazan:\" \/>\n\t<meta name=\"twitter:data1\" content=\"Kuzeyin Sesi\" \/>\n\t<meta name=\"twitter:label2\" content=\"Tahmini okuma s\u00fcresi\" \/>\n\t<meta name=\"twitter:data2\" content=\"2 dakika\" \/>\n<script type=\"application\/ld+json\" class=\"yoast-schema-graph\">{\"@context\":\"https:\\\/\\\/schema.org\",\"@graph\":[{\"@type\":\"Article\",\"@id\":\"https:\\\/\\\/kuzeyinsesi.org\\\/index.php\\\/2024\\\/07\\\/27\\\/koder-kttb-is-birliginde-ilk-kadin-uzman-hekim-dr-selma-fehimin-belgeseli-hazirlanacak\\\/#article\",\"isPartOf\":{\"@id\":\"https:\\\/\\\/kuzeyinsesi.org\\\/index.php\\\/2024\\\/07\\\/27\\\/koder-kttb-is-birliginde-ilk-kadin-uzman-hekim-dr-selma-fehimin-belgeseli-hazirlanacak\\\/\"},\"author\":{\"name\":\"Kuzeyin Sesi\",\"@id\":\"https:\\\/\\\/kuzeyinsesi.org\\\/#\\\/schema\\\/person\\\/9f859689cdf01485597712386e37f5aa\"},\"headline\":\"K\u00d6DER-KTTB i\u015f birli\u011finde ilk kad\u0131n uzman hekim Dr. Selma Fehim\u2019in belgeseli haz\u0131rlanacak\",\"datePublished\":\"2024-07-27T10:48:22+00:00\",\"mainEntityOfPage\":{\"@id\":\"https:\\\/\\\/kuzeyinsesi.org\\\/index.php\\\/2024\\\/07\\\/27\\\/koder-kttb-is-birliginde-ilk-kadin-uzman-hekim-dr-selma-fehimin-belgeseli-hazirlanacak\\\/\"},\"wordCount\":373,\"commentCount\":0,\"image\":{\"@id\":\"https:\\\/\\\/kuzeyinsesi.org\\\/index.php\\\/2024\\\/07\\\/27\\\/koder-kttb-is-birliginde-ilk-kadin-uzman-hekim-dr-selma-fehimin-belgeseli-hazirlanacak\\\/#primaryimage\"},\"thumbnailUrl\":\"https:\\\/\\\/kuzeyinsesi.org\\\/wp-content\\\/uploads\\\/2024\\\/07\\\/koder-kttb-ortak-belgesel-foto.jpeg\",\"articleSection\":[\"Ya\u015fam\"],\"inLanguage\":\"tr\",\"potentialAction\":[{\"@type\":\"CommentAction\",\"name\":\"Comment\",\"target\":[\"https:\\\/\\\/kuzeyinsesi.org\\\/index.php\\\/2024\\\/07\\\/27\\\/koder-kttb-is-birliginde-ilk-kadin-uzman-hekim-dr-selma-fehimin-belgeseli-hazirlanacak\\\/#respond\"]}]},{\"@type\":\"WebPage\",\"@id\":\"https:\\\/\\\/kuzeyinsesi.org\\\/index.php\\\/2024\\\/07\\\/27\\\/koder-kttb-is-birliginde-ilk-kadin-uzman-hekim-dr-selma-fehimin-belgeseli-hazirlanacak\\\/\",\"url\":\"https:\\\/\\\/kuzeyinsesi.org\\\/index.php\\\/2024\\\/07\\\/27\\\/koder-kttb-is-birliginde-ilk-kadin-uzman-hekim-dr-selma-fehimin-belgeseli-hazirlanacak\\\/\",\"name\":\"K\u00d6DER-KTTB i\u015f birli\u011finde ilk kad\u0131n uzman hekim Dr. Selma Fehim\u2019in belgeseli haz\u0131rlanacak - Kuzeyin Sesi\",\"isPartOf\":{\"@id\":\"https:\\\/\\\/kuzeyinsesi.org\\\/#website\"},\"primaryImageOfPage\":{\"@id\":\"https:\\\/\\\/kuzeyinsesi.org\\\/index.php\\\/2024\\\/07\\\/27\\\/koder-kttb-is-birliginde-ilk-kadin-uzman-hekim-dr-selma-fehimin-belgeseli-hazirlanacak\\\/#primaryimage\"},\"image\":{\"@id\":\"https:\\\/\\\/kuzeyinsesi.org\\\/index.php\\\/2024\\\/07\\\/27\\\/koder-kttb-is-birliginde-ilk-kadin-uzman-hekim-dr-selma-fehimin-belgeseli-hazirlanacak\\\/#primaryimage\"},\"thumbnailUrl\":\"https:\\\/\\\/kuzeyinsesi.org\\\/wp-content\\\/uploads\\\/2024\\\/07\\\/koder-kttb-ortak-belgesel-foto.jpeg\",\"datePublished\":\"2024-07-27T10:48:22+00:00\",\"author\":{\"@id\":\"https:\\\/\\\/kuzeyinsesi.org\\\/#\\\/schema\\\/person\\\/9f859689cdf01485597712386e37f5aa\"},\"breadcrumb\":{\"@id\":\"https:\\\/\\\/kuzeyinsesi.org\\\/index.php\\\/2024\\\/07\\\/27\\\/koder-kttb-is-birliginde-ilk-kadin-uzman-hekim-dr-selma-fehimin-belgeseli-hazirlanacak\\\/#breadcrumb\"},\"inLanguage\":\"tr\",\"potentialAction\":[{\"@type\":\"ReadAction\",\"target\":[\"https:\\\/\\\/kuzeyinsesi.org\\\/index.php\\\/2024\\\/07\\\/27\\\/koder-kttb-is-birliginde-ilk-kadin-uzman-hekim-dr-selma-fehimin-belgeseli-hazirlanacak\\\/\"]}]},{\"@type\":\"ImageObject\",\"inLanguage\":\"tr\",\"@id\":\"https:\\\/\\\/kuzeyinsesi.org\\\/index.php\\\/2024\\\/07\\\/27\\\/koder-kttb-is-birliginde-ilk-kadin-uzman-hekim-dr-selma-fehimin-belgeseli-hazirlanacak\\\/#primaryimage\",\"url\":\"https:\\\/\\\/kuzeyinsesi.org\\\/wp-content\\\/uploads\\\/2024\\\/07\\\/koder-kttb-ortak-belgesel-foto.jpeg\",\"contentUrl\":\"https:\\\/\\\/kuzeyinsesi.org\\\/wp-content\\\/uploads\\\/2024\\\/07\\\/koder-kttb-ortak-belgesel-foto.jpeg\",\"width\":1170,\"height\":936},{\"@type\":\"BreadcrumbList\",\"@id\":\"https:\\\/\\\/kuzeyinsesi.org\\\/index.php\\\/2024\\\/07\\\/27\\\/koder-kttb-is-birliginde-ilk-kadin-uzman-hekim-dr-selma-fehimin-belgeseli-hazirlanacak\\\/#breadcrumb\",\"itemListElement\":[{\"@type\":\"ListItem\",\"position\":1,\"name\":\"Anasayfa\",\"item\":\"https:\\\/\\\/kuzeyinsesi.org\\\/\"},{\"@type\":\"ListItem\",\"position\":2,\"name\":\"K\u00d6DER-KTTB i\u015f birli\u011finde ilk kad\u0131n uzman hekim Dr. Selma Fehim\u2019in belgeseli haz\u0131rlanacak\"}]},{\"@type\":\"WebSite\",\"@id\":\"https:\\\/\\\/kuzeyinsesi.org\\\/#website\",\"url\":\"https:\\\/\\\/kuzeyinsesi.org\\\/\",\"name\":\"Kuzeyin Sesi\",\"description\":\"Do\u011fru Haberin Adresi\",\"potentialAction\":[{\"@type\":\"SearchAction\",\"target\":{\"@type\":\"EntryPoint\",\"urlTemplate\":\"https:\\\/\\\/kuzeyinsesi.org\\\/?s={search_term_string}\"},\"query-input\":{\"@type\":\"PropertyValueSpecification\",\"valueRequired\":true,\"valueName\":\"search_term_string\"}}],\"inLanguage\":\"tr\"},{\"@type\":\"Person\",\"@id\":\"https:\\\/\\\/kuzeyinsesi.org\\\/#\\\/schema\\\/person\\\/9f859689cdf01485597712386e37f5aa\",\"name\":\"Kuzeyin Sesi\",\"image\":{\"@type\":\"ImageObject\",\"inLanguage\":\"tr\",\"@id\":\"https:\\\/\\\/secure.gravatar.com\\\/avatar\\\/bab33852abfd8b282518d6ed81826833d77c3c882d9ab608add591ccace47a44?s=96&d=mm&r=g\",\"url\":\"https:\\\/\\\/secure.gravatar.com\\\/avatar\\\/bab33852abfd8b282518d6ed81826833d77c3c882d9ab608add591ccace47a44?s=96&d=mm&r=g\",\"contentUrl\":\"https:\\\/\\\/secure.gravatar.com\\\/avatar\\\/bab33852abfd8b282518d6ed81826833d77c3c882d9ab608add591ccace47a44?s=96&d=mm&r=g\",\"caption\":\"Kuzeyin Sesi\"},\"sameAs\":[\"https:\\\/\\\/kuzeyinsesi.org\"],\"url\":\"https:\\\/\\\/kuzeyinsesi.org\\\/index.php\\\/author\\\/guven\\\/\"}]}<\/script>\n<!-- \/ Yoast SEO plugin. -->","yoast_head_json":{"title":"K\u00d6DER-KTTB i\u015f birli\u011finde ilk kad\u0131n uzman hekim Dr. Selma Fehim\u2019in belgeseli haz\u0131rlanacak - Kuzeyin Sesi","robots":{"index":"index","follow":"follow","max-snippet":"max-snippet:-1","max-image-preview":"max-image-preview:large","max-video-preview":"max-video-preview:-1"},"canonical":"https:\/\/kuzeyinsesi.org\/index.php\/2024\/07\/27\/koder-kttb-is-birliginde-ilk-kadin-uzman-hekim-dr-selma-fehimin-belgeseli-hazirlanacak\/","og_locale":"tr_TR","og_type":"article","og_title":"K\u00d6DER-KTTB i\u015f birli\u011finde ilk kad\u0131n uzman hekim Dr. Selma Fehim\u2019in belgeseli haz\u0131rlanacak - Kuzeyin Sesi","og_description":"K\u0131br\u0131s Kad\u0131n \u00d6yk\u00fcleri Derne\u011fi (K\u00d6DER), \u201cHayat\u0131m\u0131za De\u011fer Katan Kad\u0131nlar\u0131m\u0131z\u201d belgesel serisini, Dr. Selma Fehim\u2019in hayat\u0131n\u0131 konu alacak belgeselle 25\u2019e \u00e7\u0131kar\u0131yor. Dernekten yap\u0131lan a\u00e7\u0131klamaya g\u00f6re, K\u0131br\u0131s T\u00fcrk Tabipleri Birli\u011fi ile imzalanan sponsorluk s\u00f6zle\u015fmesi \u00e7er\u00e7evesinde K\u0131br\u0131s T\u00fcrk toplumunun \u00fclkede hizmet veren ilk kad\u0131n uzman hekimi \u00fcnvan\u0131 sahibi Dr. Selma Fehim\u2019in belgeselinin haz\u0131rlanmas\u0131yla ilgili s\u00fcre\u00e7 ba\u015flad\u0131. K\u0131br\u0131sl\u0131 T\u00fcrklerin [&hellip;]","og_url":"https:\/\/kuzeyinsesi.org\/index.php\/2024\/07\/27\/koder-kttb-is-birliginde-ilk-kadin-uzman-hekim-dr-selma-fehimin-belgeseli-hazirlanacak\/","og_site_name":"Kuzeyin Sesi","article_publisher":"https:\/\/www.facebook.com\/kuzeyinsesii","article_published_time":"2024-07-27T10:48:22+00:00","og_image":[{"url":"https:\/\/brtk.net\/wp-content\/uploads\/2024\/07\/27\/koder-kttb-ortak-belgesel-foto.jpeg?ver=2f2506ae2439985d4bd7df6dcd7d83ca","type":"","width":"","height":""}],"author":"Kuzeyin Sesi","twitter_card":"summary_large_image","twitter_creator":"@kuzeyinsesii","twitter_site":"@kuzeyinsesii","twitter_misc":{"Yazan:":"Kuzeyin Sesi","Tahmini okuma s\u00fcresi":"2 dakika"},"schema":{"@context":"https:\/\/schema.org","@graph":[{"@type":"Article","@id":"https:\/\/kuzeyinsesi.org\/index.php\/2024\/07\/27\/koder-kttb-is-birliginde-ilk-kadin-uzman-hekim-dr-selma-fehimin-belgeseli-hazirlanacak\/#article","isPartOf":{"@id":"https:\/\/kuzeyinsesi.org\/index.php\/2024\/07\/27\/koder-kttb-is-birliginde-ilk-kadin-uzman-hekim-dr-selma-fehimin-belgeseli-hazirlanacak\/"},"author":{"name":"Kuzeyin Sesi","@id":"https:\/\/kuzeyinsesi.org\/#\/schema\/person\/9f859689cdf01485597712386e37f5aa"},"headline":"K\u00d6DER-KTTB i\u015f birli\u011finde ilk kad\u0131n uzman hekim Dr. Selma Fehim\u2019in belgeseli haz\u0131rlanacak","datePublished":"2024-07-27T10:48:22+00:00","mainEntityOfPage":{"@id":"https:\/\/kuzeyinsesi.org\/index.php\/2024\/07\/27\/koder-kttb-is-birliginde-ilk-kadin-uzman-hekim-dr-selma-fehimin-belgeseli-hazirlanacak\/"},"wordCount":373,"commentCount":0,"image":{"@id":"https:\/\/kuzeyinsesi.org\/index.php\/2024\/07\/27\/koder-kttb-is-birliginde-ilk-kadin-uzman-hekim-dr-selma-fehimin-belgeseli-hazirlanacak\/#primaryimage"},"thumbnailUrl":"https:\/\/kuzeyinsesi.org\/wp-content\/uploads\/2024\/07\/koder-kttb-ortak-belgesel-foto.jpeg","articleSection":["Ya\u015fam"],"inLanguage":"tr","potentialAction":[{"@type":"CommentAction","name":"Comment","target":["https:\/\/kuzeyinsesi.org\/index.php\/2024\/07\/27\/koder-kttb-is-birliginde-ilk-kadin-uzman-hekim-dr-selma-fehimin-belgeseli-hazirlanacak\/#respond"]}]},{"@type":"WebPage","@id":"https:\/\/kuzeyinsesi.org\/index.php\/2024\/07\/27\/koder-kttb-is-birliginde-ilk-kadin-uzman-hekim-dr-selma-fehimin-belgeseli-hazirlanacak\/","url":"https:\/\/kuzeyinsesi.org\/index.php\/2024\/07\/27\/koder-kttb-is-birliginde-ilk-kadin-uzman-hekim-dr-selma-fehimin-belgeseli-hazirlanacak\/","name":"K\u00d6DER-KTTB i\u015f birli\u011finde ilk kad\u0131n uzman hekim Dr. Selma Fehim\u2019in belgeseli haz\u0131rlanacak - Kuzeyin Sesi","isPartOf":{"@id":"https:\/\/kuzeyinsesi.org\/#website"},"primaryImageOfPage":{"@id":"https:\/\/kuzeyinsesi.org\/index.php\/2024\/07\/27\/koder-kttb-is-birliginde-ilk-kadin-uzman-hekim-dr-selma-fehimin-belgeseli-hazirlanacak\/#primaryimage"},"image":{"@id":"https:\/\/kuzeyinsesi.org\/index.php\/2024\/07\/27\/koder-kttb-is-birliginde-ilk-kadin-uzman-hekim-dr-selma-fehimin-belgeseli-hazirlanacak\/#primaryimage"},"thumbnailUrl":"https:\/\/kuzeyinsesi.org\/wp-content\/uploads\/2024\/07\/koder-kttb-ortak-belgesel-foto.jpeg","datePublished":"2024-07-27T10:48:22+00:00","author":{"@id":"https:\/\/kuzeyinsesi.org\/#\/schema\/person\/9f859689cdf01485597712386e37f5aa"},"breadcrumb":{"@id":"https:\/\/kuzeyinsesi.org\/index.php\/2024\/07\/27\/koder-kttb-is-birliginde-ilk-kadin-uzman-hekim-dr-selma-fehimin-belgeseli-hazirlanacak\/#breadcrumb"},"inLanguage":"tr","potentialAction":[{"@type":"ReadAction","target":["https:\/\/kuzeyinsesi.org\/index.php\/2024\/07\/27\/koder-kttb-is-birliginde-ilk-kadin-uzman-hekim-dr-selma-fehimin-belgeseli-hazirlanacak\/"]}]},{"@type":"ImageObject","inLanguage":"tr","@id":"https:\/\/kuzeyinsesi.org\/index.php\/2024\/07\/27\/koder-kttb-is-birliginde-ilk-kadin-uzman-hekim-dr-selma-fehimin-belgeseli-hazirlanacak\/#primaryimage","url":"https:\/\/kuzeyinsesi.org\/wp-content\/uploads\/2024\/07\/koder-kttb-ortak-belgesel-foto.jpeg","contentUrl":"https:\/\/kuzeyinsesi.org\/wp-content\/uploads\/2024\/07\/koder-kttb-ortak-belgesel-foto.jpeg","width":1170,"height":936},{"@type":"BreadcrumbList","@id":"https:\/\/kuzeyinsesi.org\/index.php\/2024\/07\/27\/koder-kttb-is-birliginde-ilk-kadin-uzman-hekim-dr-selma-fehimin-belgeseli-hazirlanacak\/#breadcrumb","itemListElement":[{"@type":"ListItem","position":1,"name":"Anasayfa","item":"https:\/\/kuzeyinsesi.org\/"},{"@type":"ListItem","position":2,"name":"K\u00d6DER-KTTB i\u015f birli\u011finde ilk kad\u0131n uzman hekim Dr. Selma Fehim\u2019in belgeseli haz\u0131rlanacak"}]},{"@type":"WebSite","@id":"https:\/\/kuzeyinsesi.org\/#website","url":"https:\/\/kuzeyinsesi.org\/","name":"Kuzeyin Sesi","description":"Do\u011fru Haberin Adresi","potentialAction":[{"@type":"SearchAction","target":{"@type":"EntryPoint","urlTemplate":"https:\/\/kuzeyinsesi.org\/?s={search_term_string}"},"query-input":{"@type":"PropertyValueSpecification","valueRequired":true,"valueName":"search_term_string"}}],"inLanguage":"tr"},{"@type":"Person","@id":"https:\/\/kuzeyinsesi.org\/#\/schema\/person\/9f859689cdf01485597712386e37f5aa","name":"Kuzeyin Sesi","image":{"@type":"ImageObject","inLanguage":"tr","@id":"https:\/\/secure.gravatar.com\/avatar\/bab33852abfd8b282518d6ed81826833d77c3c882d9ab608add591ccace47a44?s=96&d=mm&r=g","url":"https:\/\/secure.gravatar.com\/avatar\/bab33852abfd8b282518d6ed81826833d77c3c882d9ab608add591ccace47a44?s=96&d=mm&r=g","contentUrl":"https:\/\/secure.gravatar.com\/avatar\/bab33852abfd8b282518d6ed81826833d77c3c882d9ab608add591ccace47a44?s=96&d=mm&r=g","caption":"Kuzeyin Sesi"},"sameAs":["https:\/\/kuzeyinsesi.org"],"url":"https:\/\/kuzeyinsesi.org\/index.php\/author\/guven\/"}]}},"_links":{"self":[{"href":"https:\/\/kuzeyinsesi.org\/index.php\/wp-json\/wp\/v2\/posts\/7052","targetHints":{"allow":["GET"]}}],"collection":[{"href":"https:\/\/kuzeyinsesi.org\/index.php\/wp-json\/wp\/v2\/posts"}],"about":[{"href":"https:\/\/kuzeyinsesi.org\/index.php\/wp-json\/wp\/v2\/types\/post"}],"author":[{"embeddable":true,"href":"https:\/\/kuzeyinsesi.org\/index.php\/wp-json\/wp\/v2\/users\/1"}],"replies":[{"embeddable":true,"href":"https:\/\/kuzeyinsesi.org\/index.php\/wp-json\/wp\/v2\/comments?post=7052"}],"version-history":[{"count":0,"href":"https:\/\/kuzeyinsesi.org\/index.php\/wp-json\/wp\/v2\/posts\/7052\/revisions"}],"wp:featuredmedia":[{"embeddable":true,"href":"https:\/\/kuzeyinsesi.org\/index.php\/wp-json\/wp\/v2\/media\/7053"}],"wp:attachment":[{"href":"https:\/\/kuzeyinsesi.org\/index.php\/wp-json\/wp\/v2\/media?parent=7052"}],"wp:term":[{"taxonomy":"category","embeddable":true,"href":"https:\/\/kuzeyinsesi.org\/index.php\/wp-json\/wp\/v2\/categories?post=7052"},{"taxonomy":"post_tag","embeddable":true,"href":"https:\/\/kuzeyinsesi.org\/index.php\/wp-json\/wp\/v2\/tags?post=7052"}],"curies":[{"name":"wp","href":"https:\/\/api.w.org\/{rel}","templated":true}]}}