{"id":705,"date":"2024-04-27T14:47:30","date_gmt":"2024-04-27T11:47:30","guid":{"rendered":"https:\/\/kuzeyinsesi.com\/index.php\/2024\/04\/27\/brt-hayvanseverler-dernegi-1inci-genel-kurulunu-yapti\/"},"modified":"2024-04-27T14:47:30","modified_gmt":"2024-04-27T11:47:30","slug":"brt-hayvanseverler-dernegi-1inci-genel-kurulunu-yapti","status":"publish","type":"post","link":"https:\/\/kuzeyinsesi.org\/index.php\/2024\/04\/27\/brt-hayvanseverler-dernegi-1inci-genel-kurulunu-yapti\/","title":{"rendered":"BRT Hayvanseverler Derne\u011fi 1\u2019inci Genel Kurulu\u2019nu yapt\u0131"},"content":{"rendered":"<div>\n<p>BRT Hayvanseverler Derne\u011fi 1\u2019inci Genel Kurulu, K\u0131br\u0131s T\u00fcrk Gazeteciler Birli\u011fi lokalinde yap\u0131ld\u0131.<\/p>\n<p>Genel Kurul\u2019da divan ba\u015fkanl\u0131\u011f\u0131na H\u00fcseyin Erko\u00e7, Yazmanl\u0131klara ise Serda T\u00fczel ve Neslihan Soykan getirildi..<\/p>\n<div class=\"mariselle-image-container center\">\n                                            <\/div>\n<p>Erko\u00e7 konu\u015fmas\u0131nda BRT \u00e7al\u0131\u015fanlar\u0131 olarak olumsuzluklar\u0131 \u00f6nlemek ve BRT\u2019ye b\u0131rak\u0131lan can dostlar\u0131 korumak amac\u0131yla \u00f6rg\u00fctlenildi\u011fini s\u00f6yledi&#8230;<\/p>\n<p>Hayvanlar\u0131n ya\u015fam haklar\u0131na sayg\u0131 g\u00f6stermenin insani bir sorumluluk oldu\u011funa i\u015faret eden Erko\u00e7, hayvan haklar\u0131n\u0131 korumak i\u00e7in \u00e7aba g\u00f6sterilmesi gerekti\u011fine i\u015faret etti&#8230;<\/p>\n<p>Erko\u00e7\u2019un konu\u015fmas\u0131n\u0131n ard\u0131ndan BRT\u2019deki can dostlar\u0131n yer ald\u0131\u011f\u0131 video g\u00f6sterimi yap\u0131ld\u0131.<\/p>\n<p>BRT M\u00fcd\u00fcr\u00fc Meryem \u00d6zkurt da konu\u015fmas\u0131nda, hayvanlar\u0131 sevmenin atalardan gelen bir gelenek oldu\u011funu belirterek, Osmanl\u0131 d\u00f6neminden ba\u015flayarak \u00f6rnekler verdi, Ulu \u00f6nder Mustafa Kemal Atat\u00fcrk\u2019\u00fcn de hayvanlara \u00f6zel bir \u00f6nem verdi\u011fini an\u0131msatt\u0131&#8230;<\/p>\n<p>BRT Ailesi olarak BRT\u2019ye b\u0131rak\u0131lan hayvanlar\u0131 g\u00f6rmezden gelemediklerini belirten \u00d6zkurt, AsBank sponsorlu\u011funda yap\u0131lan program\u0131n \u00e7ok de\u011ferli oldu\u011funu ifade etti.<\/p>\n<p>Kendisinin de kurumdan bir can sahiplendi\u011fini belirten \u00d6zkurt, an\u0131s\u0131n\u0131 anlatt\u0131.<\/p>\n<div class=\"mariselle-image-container center\">\n                <img decoding=\"async\" width=\"1600\" height=\"1200\" class=\"lazy-image\" alt=\"\" sizes=\"(max-width: 1600px) 100vw, 1600px\" src=\"https:\/\/brtk.net\/wp-content\/uploads\/2024\/04\/27\/BRT-HAYSEV-GENEL-KURUL-5.jpeg?ver=f07096f65c817033752fa455a6eefc5e\" srcset=\"https:\/\/brtk.net\/wp-content\/uploads\/2024\/04\/27\/BRT-HAYSEV-GENEL-KURUL-5.jpeg?ver=f07096f65c817033752fa455a6eefc5e 1600w, https:\/\/brtk.net\/wp-content\/uploads\/2024\/04\/27\/BRT-HAYSEV-GENEL-KURUL-5-300x225.jpeg?ver=f07096f65c817033752fa455a6eefc5e 300w, https:\/\/brtk.net\/wp-content\/uploads\/2024\/04\/27\/BRT-HAYSEV-GENEL-KURUL-5-1024x768.jpeg?ver=e9ddee66aabda43493a25442a4c0a2b7 1024w, https:\/\/brtk.net\/wp-content\/uploads\/2024\/04\/27\/BRT-HAYSEV-GENEL-KURUL-5-768x576.jpeg?ver=e9ddee66aabda43493a25442a4c0a2b7 768w, https:\/\/brtk.net\/wp-content\/uploads\/2024\/04\/27\/BRT-HAYSEV-GENEL-KURUL-5-1536x1152.jpeg?ver=66f3b069842bc816ba491df97037423c 1536w\"\/>                            <\/div>\n<p>Lefko\u015fa T\u00fcrk Belediyesi Ba\u015fkan\u0131 Mehmet Harmanc\u0131 da bu olu\u015fumun ger\u00e7ekle\u015fmesinden duydu\u011fu memnuniyeti dile getirdi.<\/p>\n<p>Harmanc\u0131, \u201cHayvanlar\u0131 seven kollayan ciddi bir kitle var, organize olarak gelmeleri hayvanlar\u0131 gelece\u011fi i\u00e7in b\u00fcy\u00fck \u00f6nem ta\u015f\u0131yor\u201d diyerek, Lefko\u015fa bar\u0131na\u011f\u0131nda 400\u2019den fazla k\u00f6pe\u011fe bak\u0131ld\u0131\u011f\u0131n\u0131, pop\u00fclasyon art\u0131\u015f\u0131 nedeniyle ortak bar\u0131naklar\u0131n yap\u0131lmas\u0131 gerekti\u011fini s\u00f6yledi.<\/p>\n<p>Profes\u00f6r Doktor F\u00fcsun Y\u0131ld\u0131z da, haz\u0131rlad\u0131\u011f\u0131 bir eylem plan\u0131 oldu\u011funu ilgilenen olursa payla\u015fmaktan memnun olaca\u011f\u0131n\u0131 belirtti.<\/p>\n<p>\u201cElinize y\u00fcre\u011finize sa\u011fl\u0131k diyen\u201d Y\u0131ld\u0131z, her zaman i\u00e7in katk\u0131ya haz\u0131r oldu\u011funu belirtti.<\/p>\n<p>Programl\u0131 k\u0131s\u0131rla\u015ft\u0131rman\u0131n \u00f6nemine i\u015faret eden Y\u0131ld\u0131z, e\u011fitmin \u00f6nemini de vurguyarak, \u00e7ocuklar\u0131 hayvan sevgisiyle b\u00fcy\u00fctmek gereklili\u011fi dile getirdi&#8230;<\/p>\n<p>Y\u0131ld\u0131z, sokak hayvanlar\u0131n\u0131 sahiplendirmenin de \u00f6nemini aktararak, turizmi de olumsuz etkileyen sokak hayvanlar\u0131n\u0131n her evde beslenmesi ad\u0131na hayvan yemlerinin l\u00fcks t\u00fcketimden \u00e7\u0131kart\u0131lmas\u0131n\u0131 istedi&#8230;<br \/>Y\u0131ld\u0131z, hayvanlar\u0131n i\u015fkence g\u00f6rmesini engelleyecek ceza yasas\u0131n\u0131n da bir an \u00f6nce yasalla\u015fmas\u0131n\u0131 istedi.<\/p>\n<div class=\"mariselle-image-container center\">\n                <img decoding=\"async\" width=\"1200\" height=\"1600\" class=\"lazy-image\" alt=\"\" sizes=\"(max-width: 1200px) 100vw, 1200px\" src=\"https:\/\/brtk.net\/wp-content\/uploads\/2024\/04\/27\/BRT-HAYSEV-GENEL-KURUL-4.jpeg?ver=2b127ddf44dd0c8704d15507e8c055ac\" srcset=\"https:\/\/brtk.net\/wp-content\/uploads\/2024\/04\/27\/BRT-HAYSEV-GENEL-KURUL-4.jpeg?ver=2b127ddf44dd0c8704d15507e8c055ac 1200w, https:\/\/brtk.net\/wp-content\/uploads\/2024\/04\/27\/BRT-HAYSEV-GENEL-KURUL-4-225x300.jpeg?ver=e44e136335196d8f4b31aecb4fc10fca 225w, https:\/\/brtk.net\/wp-content\/uploads\/2024\/04\/27\/BRT-HAYSEV-GENEL-KURUL-4-768x1024.jpeg?ver=e44e136335196d8f4b31aecb4fc10fca 768w, https:\/\/brtk.net\/wp-content\/uploads\/2024\/04\/27\/BRT-HAYSEV-GENEL-KURUL-4-1152x1536.jpeg?ver=943587751c325b909ed069923f748b4d 1152w\"\/>                            <\/div>\n<p>Cumhurba\u015fkan\u0131 Ersin Tatar\u2019\u0131n e\u015fi Sibel Tatar da konu\u015fmas\u0131nda BRT\u2019deki m\u00fccadeleyi ve y\u00fcr\u00fcnen yolu iyi bildi\u011fini ve destek olmaktan mutluluk duydu\u011funu s\u00f6yledi&#8230;<\/p>\n<p>Sokak hayvalar\u0131 ve k\u0131s\u0131rla\u015ft\u0131rma i\u00e7in yajla\u015f\u0131k iki y\u0131ld\u0131r proje y\u00fcr\u00fctt\u00fcklerini anlatan Tatar, bu projelere destek veren derneklerin say\u0131s\u0131ndaki art\u0131\u015f\u0131n sevindirici oldu\u011funu kaydetti.<\/p>\n<p>Sokak hayvanlar\u0131 i\u00e7in i\u015fbirli\u011finin \u00f6nemine dikkat \u00e7eken Tatar, bar\u0131nak, ks\u0131\u0131rla\u015ft\u0131rma ve shiplendirme \u00fczerine \u00e7al\u0131\u015fmak gerekti\u011fini belirtti&#8230;<\/p>\n<p>Tatar, ortak bir bar\u0131nak, ortak k\u0131s\u0131rla\u015ft\u0131rma projesi yap\u0131lmas\u0131 gerekti\u011fini belirterek, sokak hayvanlar\u0131n\u0131n sahiplendirilmesinin \u00f6nemine i\u015faret etti.<\/p>\n<p>Soley R\u00fcstem Schumaher\u2019in deste\u011fi ile \u0130svi\u00e7re&#8217;den gelen ekibin 2 binden fazla sokak hayvan\u0131n\u0131 k\u0131s\u0131rla\u015ft\u0131rd\u0131\u011f\u0131n\u0131, haziran ay\u0131nda yeniden geleceklerini belirten Tatar, ama bunun yeterli olmad\u0131\u011f\u0131n\u0131, devlete de gerekli \u00f6nlemleri alma konusunda g\u00f6rev d\u00fc\u015ft\u00fc\u011f\u00fcn\u00fc s\u00f6yledi.<\/p>\n<div class=\"mariselle-image-container center\">\n                <img decoding=\"async\" width=\"1200\" height=\"1600\" class=\"lazy-image\" alt=\"\" sizes=\"(max-width: 1200px) 100vw, 1200px\" src=\"https:\/\/brtk.net\/wp-content\/uploads\/2024\/04\/27\/BRT-HAYSEV-GENEL-KURUL-3.jpeg?ver=bcc294f16da261496a80a76bb5d5f4da\" srcset=\"https:\/\/brtk.net\/wp-content\/uploads\/2024\/04\/27\/BRT-HAYSEV-GENEL-KURUL-3.jpeg?ver=bcc294f16da261496a80a76bb5d5f4da 1200w, https:\/\/brtk.net\/wp-content\/uploads\/2024\/04\/27\/BRT-HAYSEV-GENEL-KURUL-3-225x300.jpeg?ver=b987fc944f83aba2f3b4de507dc0dd4b 225w, https:\/\/brtk.net\/wp-content\/uploads\/2024\/04\/27\/BRT-HAYSEV-GENEL-KURUL-3-768x1024.jpeg?ver=77c3f7ceec8a56c93bfcde8028ef7dd9 768w, https:\/\/brtk.net\/wp-content\/uploads\/2024\/04\/27\/BRT-HAYSEV-GENEL-KURUL-3-1152x1536.jpeg?ver=083c6c63f69c3c63b02bb5dcecc58c62 1152w\"\/>                            <\/div>\n<p>Dernek ad\u0131na konu\u015fan \u00d6zten B\u00fcy\u00fckalsancak ise s\u00fcrecin bu g\u00fcnlere nas\u0131l geldi\u011fini anlatarak, i\u015fbirli\u011fi ve g\u00f6n\u00fcl birli\u011fiyle \u00e7\u0131k\u0131lan bu yolda g\u00fcn ge\u00e7tik\u00e7e daha \u00e7ok cana ula\u015f\u0131ld\u0131\u011f\u0131n\u0131 s\u00f6yledi&#8230;<\/p>\n<p>B\u00fcy\u00fckalsancak, hayvanseverler olarak \u00f6nce Sibel Tatar olmak \u00fczere t\u00fcm destek verenlere te\u015fekk\u00fcr etti, y\u00fcr\u00fct\u00fclen m\u00fccadeleyi an\u0131msatt\u0131&#8230;<\/p>\n<p>Genel Kurul\u2019da daha sonra y\u00f6netim, denetleme ve disiplin kurullar\u0131n\u0131n se\u00e7imine ge\u00e7ildi&#8230;<\/p>\n<p>Y\u00f6netim kurulunda, \u00d6zten B\u00fcy\u00fckalsancak, Do\u011fu\u015f Bozkurt, Varg\u0131n Balc\u0131, S\u00fcl\u00fcn Hasl\u0131el ve G\u00fcl\u00e7in \u00d6zalk\u0131m yer al\u0131rken, \u0130lknur \u00c7akmak, Kubilay Tanr\u0131ver ve S\u00fcsen \u015eekero\u011flu yedek \u00fcye oldu&#8230;<\/p>\n<p>Denetleme Kurulu, \u00c7i\u011fdem Cabacaba, Havva \u00c7oban, Aziz Karaaziz ve yedek \u00fcye Emine Hoca; Disiplin Kurulu ise Salahi \u00d6zg\u00fc\u00e7er, Damla Soyalp ve \u0130smet Oyal\u2019dan olu\u015ftu&#8230;<\/p>\n<\/p><\/div>\n<p><script async\n                    defer\n                    crossorigin=\"anonymous\"\n                    src=\"https:\/\/connect.facebook.net\/tr_TR\/sdk.js#xfbml=1&#038;version=v3.3\"\n            ><\/script><\/p>\n","protected":false},"excerpt":{"rendered":"<p>BRT Hayvanseverler Derne\u011fi 1\u2019inci Genel Kurulu, K\u0131br\u0131s T\u00fcrk Gazeteciler Birli\u011fi lokalinde yap\u0131ld\u0131. Genel Kurul\u2019da divan ba\u015fkanl\u0131\u011f\u0131na H\u00fcseyin Erko\u00e7, Yazmanl\u0131klara ise Serda T\u00fczel ve Neslihan Soykan getirildi.. Erko\u00e7 konu\u015fmas\u0131nda BRT \u00e7al\u0131\u015fanlar\u0131 olarak olumsuzluklar\u0131 \u00f6nlemek ve BRT\u2019ye b\u0131rak\u0131lan can dostlar\u0131 korumak amac\u0131yla \u00f6rg\u00fctlenildi\u011fini s\u00f6yledi&#8230; Hayvanlar\u0131n ya\u015fam haklar\u0131na sayg\u0131 g\u00f6stermenin insani bir sorumluluk oldu\u011funa i\u015faret eden Erko\u00e7, hayvan [&hellip;]<\/p>\n","protected":false},"author":1,"featured_media":706,"comment_status":"open","ping_status":"open","sticky":false,"template":"","format":"standard","meta":{"jnews-multi-image_gallery":[],"jnews_single_post":[],"jnews_primary_category":[],"jnews_social_meta":[],"jnews_override_counter":[],"footnotes":""},"categories":[1],"tags":[],"class_list":["post-705","post","type-post","status-publish","format-standard","has-post-thumbnail","hentry","category-kibris"],"yoast_head":"<!-- This site is optimized with the Yoast SEO plugin v27.4 - https:\/\/yoast.com\/product\/yoast-seo-wordpress\/ -->\n<title>BRT Hayvanseverler Derne\u011fi 1\u2019inci Genel Kurulu\u2019nu yapt\u0131 - Kuzeyin Sesi<\/title>\n<meta name=\"robots\" content=\"index, follow, max-snippet:-1, max-image-preview:large, max-video-preview:-1\" \/>\n<link rel=\"canonical\" href=\"https:\/\/kuzeyinsesi.org\/index.php\/2024\/04\/27\/brt-hayvanseverler-dernegi-1inci-genel-kurulunu-yapti\/\" \/>\n<meta property=\"og:locale\" content=\"tr_TR\" \/>\n<meta property=\"og:type\" content=\"article\" \/>\n<meta property=\"og:title\" content=\"BRT Hayvanseverler Derne\u011fi 1\u2019inci Genel Kurulu\u2019nu yapt\u0131 - Kuzeyin Sesi\" \/>\n<meta property=\"og:description\" content=\"BRT Hayvanseverler Derne\u011fi 1\u2019inci Genel Kurulu, K\u0131br\u0131s T\u00fcrk Gazeteciler Birli\u011fi lokalinde yap\u0131ld\u0131. Genel Kurul\u2019da divan ba\u015fkanl\u0131\u011f\u0131na H\u00fcseyin Erko\u00e7, Yazmanl\u0131klara ise Serda T\u00fczel ve Neslihan Soykan getirildi.. Erko\u00e7 konu\u015fmas\u0131nda BRT \u00e7al\u0131\u015fanlar\u0131 olarak olumsuzluklar\u0131 \u00f6nlemek ve BRT\u2019ye b\u0131rak\u0131lan can dostlar\u0131 korumak amac\u0131yla \u00f6rg\u00fctlenildi\u011fini s\u00f6yledi&#8230; Hayvanlar\u0131n ya\u015fam haklar\u0131na sayg\u0131 g\u00f6stermenin insani bir sorumluluk oldu\u011funa i\u015faret eden Erko\u00e7, hayvan [&hellip;]\" \/>\n<meta property=\"og:url\" content=\"https:\/\/kuzeyinsesi.org\/index.php\/2024\/04\/27\/brt-hayvanseverler-dernegi-1inci-genel-kurulunu-yapti\/\" \/>\n<meta property=\"og:site_name\" content=\"Kuzeyin Sesi\" \/>\n<meta property=\"article:publisher\" content=\"https:\/\/www.facebook.com\/kuzeyinsesii\" \/>\n<meta property=\"article:published_time\" content=\"2024-04-27T11:47:30+00:00\" \/>\n<meta property=\"og:image\" content=\"https:\/\/kuzeyinsesi.org\/wp-content\/uploads\/2024\/04\/BRT-HAYSEV-GENEL-KURUL-1.jpeg\" \/>\n\t<meta property=\"og:image:width\" content=\"1600\" \/>\n\t<meta property=\"og:image:height\" content=\"1200\" \/>\n\t<meta property=\"og:image:type\" content=\"image\/jpeg\" \/>\n<meta name=\"author\" content=\"Kuzeyin Sesi\" \/>\n<meta name=\"twitter:card\" content=\"summary_large_image\" \/>\n<meta name=\"twitter:creator\" content=\"@kuzeyinsesii\" \/>\n<meta name=\"twitter:site\" content=\"@kuzeyinsesii\" \/>\n<meta name=\"twitter:label1\" content=\"Yazan:\" \/>\n\t<meta name=\"twitter:data1\" content=\"Kuzeyin Sesi\" \/>\n\t<meta name=\"twitter:label2\" content=\"Tahmini okuma s\u00fcresi\" \/>\n\t<meta name=\"twitter:data2\" content=\"4 dakika\" \/>\n<script type=\"application\/ld+json\" class=\"yoast-schema-graph\">{\"@context\":\"https:\\\/\\\/schema.org\",\"@graph\":[{\"@type\":\"Article\",\"@id\":\"https:\\\/\\\/kuzeyinsesi.org\\\/index.php\\\/2024\\\/04\\\/27\\\/brt-hayvanseverler-dernegi-1inci-genel-kurulunu-yapti\\\/#article\",\"isPartOf\":{\"@id\":\"https:\\\/\\\/kuzeyinsesi.org\\\/index.php\\\/2024\\\/04\\\/27\\\/brt-hayvanseverler-dernegi-1inci-genel-kurulunu-yapti\\\/\"},\"author\":{\"name\":\"Kuzeyin Sesi\",\"@id\":\"https:\\\/\\\/kuzeyinsesi.org\\\/#\\\/schema\\\/person\\\/9f859689cdf01485597712386e37f5aa\"},\"headline\":\"BRT Hayvanseverler Derne\u011fi 1\u2019inci Genel Kurulu\u2019nu yapt\u0131\",\"datePublished\":\"2024-04-27T11:47:30+00:00\",\"mainEntityOfPage\":{\"@id\":\"https:\\\/\\\/kuzeyinsesi.org\\\/index.php\\\/2024\\\/04\\\/27\\\/brt-hayvanseverler-dernegi-1inci-genel-kurulunu-yapti\\\/\"},\"wordCount\":736,\"commentCount\":0,\"image\":{\"@id\":\"https:\\\/\\\/kuzeyinsesi.org\\\/index.php\\\/2024\\\/04\\\/27\\\/brt-hayvanseverler-dernegi-1inci-genel-kurulunu-yapti\\\/#primaryimage\"},\"thumbnailUrl\":\"https:\\\/\\\/kuzeyinsesi.org\\\/wp-content\\\/uploads\\\/2024\\\/04\\\/BRT-HAYSEV-GENEL-KURUL-1.jpeg\",\"articleSection\":[\"K\u0131br\u0131s\"],\"inLanguage\":\"tr\",\"potentialAction\":[{\"@type\":\"CommentAction\",\"name\":\"Comment\",\"target\":[\"https:\\\/\\\/kuzeyinsesi.org\\\/index.php\\\/2024\\\/04\\\/27\\\/brt-hayvanseverler-dernegi-1inci-genel-kurulunu-yapti\\\/#respond\"]}]},{\"@type\":\"WebPage\",\"@id\":\"https:\\\/\\\/kuzeyinsesi.org\\\/index.php\\\/2024\\\/04\\\/27\\\/brt-hayvanseverler-dernegi-1inci-genel-kurulunu-yapti\\\/\",\"url\":\"https:\\\/\\\/kuzeyinsesi.org\\\/index.php\\\/2024\\\/04\\\/27\\\/brt-hayvanseverler-dernegi-1inci-genel-kurulunu-yapti\\\/\",\"name\":\"BRT Hayvanseverler Derne\u011fi 1\u2019inci Genel Kurulu\u2019nu yapt\u0131 - Kuzeyin Sesi\",\"isPartOf\":{\"@id\":\"https:\\\/\\\/kuzeyinsesi.org\\\/#website\"},\"primaryImageOfPage\":{\"@id\":\"https:\\\/\\\/kuzeyinsesi.org\\\/index.php\\\/2024\\\/04\\\/27\\\/brt-hayvanseverler-dernegi-1inci-genel-kurulunu-yapti\\\/#primaryimage\"},\"image\":{\"@id\":\"https:\\\/\\\/kuzeyinsesi.org\\\/index.php\\\/2024\\\/04\\\/27\\\/brt-hayvanseverler-dernegi-1inci-genel-kurulunu-yapti\\\/#primaryimage\"},\"thumbnailUrl\":\"https:\\\/\\\/kuzeyinsesi.org\\\/wp-content\\\/uploads\\\/2024\\\/04\\\/BRT-HAYSEV-GENEL-KURUL-1.jpeg\",\"datePublished\":\"2024-04-27T11:47:30+00:00\",\"author\":{\"@id\":\"https:\\\/\\\/kuzeyinsesi.org\\\/#\\\/schema\\\/person\\\/9f859689cdf01485597712386e37f5aa\"},\"breadcrumb\":{\"@id\":\"https:\\\/\\\/kuzeyinsesi.org\\\/index.php\\\/2024\\\/04\\\/27\\\/brt-hayvanseverler-dernegi-1inci-genel-kurulunu-yapti\\\/#breadcrumb\"},\"inLanguage\":\"tr\",\"potentialAction\":[{\"@type\":\"ReadAction\",\"target\":[\"https:\\\/\\\/kuzeyinsesi.org\\\/index.php\\\/2024\\\/04\\\/27\\\/brt-hayvanseverler-dernegi-1inci-genel-kurulunu-yapti\\\/\"]}]},{\"@type\":\"ImageObject\",\"inLanguage\":\"tr\",\"@id\":\"https:\\\/\\\/kuzeyinsesi.org\\\/index.php\\\/2024\\\/04\\\/27\\\/brt-hayvanseverler-dernegi-1inci-genel-kurulunu-yapti\\\/#primaryimage\",\"url\":\"https:\\\/\\\/kuzeyinsesi.org\\\/wp-content\\\/uploads\\\/2024\\\/04\\\/BRT-HAYSEV-GENEL-KURUL-1.jpeg\",\"contentUrl\":\"https:\\\/\\\/kuzeyinsesi.org\\\/wp-content\\\/uploads\\\/2024\\\/04\\\/BRT-HAYSEV-GENEL-KURUL-1.jpeg\",\"width\":1600,\"height\":1200},{\"@type\":\"BreadcrumbList\",\"@id\":\"https:\\\/\\\/kuzeyinsesi.org\\\/index.php\\\/2024\\\/04\\\/27\\\/brt-hayvanseverler-dernegi-1inci-genel-kurulunu-yapti\\\/#breadcrumb\",\"itemListElement\":[{\"@type\":\"ListItem\",\"position\":1,\"name\":\"Anasayfa\",\"item\":\"https:\\\/\\\/kuzeyinsesi.org\\\/\"},{\"@type\":\"ListItem\",\"position\":2,\"name\":\"BRT Hayvanseverler Derne\u011fi 1\u2019inci Genel Kurulu\u2019nu yapt\u0131\"}]},{\"@type\":\"WebSite\",\"@id\":\"https:\\\/\\\/kuzeyinsesi.org\\\/#website\",\"url\":\"https:\\\/\\\/kuzeyinsesi.org\\\/\",\"name\":\"Kuzeyin Sesi\",\"description\":\"Do\u011fru Haberin Adresi\",\"potentialAction\":[{\"@type\":\"SearchAction\",\"target\":{\"@type\":\"EntryPoint\",\"urlTemplate\":\"https:\\\/\\\/kuzeyinsesi.org\\\/?s={search_term_string}\"},\"query-input\":{\"@type\":\"PropertyValueSpecification\",\"valueRequired\":true,\"valueName\":\"search_term_string\"}}],\"inLanguage\":\"tr\"},{\"@type\":\"Person\",\"@id\":\"https:\\\/\\\/kuzeyinsesi.org\\\/#\\\/schema\\\/person\\\/9f859689cdf01485597712386e37f5aa\",\"name\":\"Kuzeyin Sesi\",\"image\":{\"@type\":\"ImageObject\",\"inLanguage\":\"tr\",\"@id\":\"https:\\\/\\\/secure.gravatar.com\\\/avatar\\\/bab33852abfd8b282518d6ed81826833d77c3c882d9ab608add591ccace47a44?s=96&d=mm&r=g\",\"url\":\"https:\\\/\\\/secure.gravatar.com\\\/avatar\\\/bab33852abfd8b282518d6ed81826833d77c3c882d9ab608add591ccace47a44?s=96&d=mm&r=g\",\"contentUrl\":\"https:\\\/\\\/secure.gravatar.com\\\/avatar\\\/bab33852abfd8b282518d6ed81826833d77c3c882d9ab608add591ccace47a44?s=96&d=mm&r=g\",\"caption\":\"Kuzeyin Sesi\"},\"sameAs\":[\"https:\\\/\\\/kuzeyinsesi.org\"],\"url\":\"https:\\\/\\\/kuzeyinsesi.org\\\/index.php\\\/author\\\/guven\\\/\"}]}<\/script>\n<!-- \/ Yoast SEO plugin. -->","yoast_head_json":{"title":"BRT Hayvanseverler Derne\u011fi 1\u2019inci Genel Kurulu\u2019nu yapt\u0131 - Kuzeyin Sesi","robots":{"index":"index","follow":"follow","max-snippet":"max-snippet:-1","max-image-preview":"max-image-preview:large","max-video-preview":"max-video-preview:-1"},"canonical":"https:\/\/kuzeyinsesi.org\/index.php\/2024\/04\/27\/brt-hayvanseverler-dernegi-1inci-genel-kurulunu-yapti\/","og_locale":"tr_TR","og_type":"article","og_title":"BRT Hayvanseverler Derne\u011fi 1\u2019inci Genel Kurulu\u2019nu yapt\u0131 - Kuzeyin Sesi","og_description":"BRT Hayvanseverler Derne\u011fi 1\u2019inci Genel Kurulu, K\u0131br\u0131s T\u00fcrk Gazeteciler Birli\u011fi lokalinde yap\u0131ld\u0131. Genel Kurul\u2019da divan ba\u015fkanl\u0131\u011f\u0131na H\u00fcseyin Erko\u00e7, Yazmanl\u0131klara ise Serda T\u00fczel ve Neslihan Soykan getirildi.. Erko\u00e7 konu\u015fmas\u0131nda BRT \u00e7al\u0131\u015fanlar\u0131 olarak olumsuzluklar\u0131 \u00f6nlemek ve BRT\u2019ye b\u0131rak\u0131lan can dostlar\u0131 korumak amac\u0131yla \u00f6rg\u00fctlenildi\u011fini s\u00f6yledi&#8230; Hayvanlar\u0131n ya\u015fam haklar\u0131na sayg\u0131 g\u00f6stermenin insani bir sorumluluk oldu\u011funa i\u015faret eden Erko\u00e7, hayvan [&hellip;]","og_url":"https:\/\/kuzeyinsesi.org\/index.php\/2024\/04\/27\/brt-hayvanseverler-dernegi-1inci-genel-kurulunu-yapti\/","og_site_name":"Kuzeyin Sesi","article_publisher":"https:\/\/www.facebook.com\/kuzeyinsesii","article_published_time":"2024-04-27T11:47:30+00:00","og_image":[{"width":1600,"height":1200,"url":"https:\/\/kuzeyinsesi.org\/wp-content\/uploads\/2024\/04\/BRT-HAYSEV-GENEL-KURUL-1.jpeg","type":"image\/jpeg"}],"author":"Kuzeyin Sesi","twitter_card":"summary_large_image","twitter_creator":"@kuzeyinsesii","twitter_site":"@kuzeyinsesii","twitter_misc":{"Yazan:":"Kuzeyin Sesi","Tahmini okuma s\u00fcresi":"4 dakika"},"schema":{"@context":"https:\/\/schema.org","@graph":[{"@type":"Article","@id":"https:\/\/kuzeyinsesi.org\/index.php\/2024\/04\/27\/brt-hayvanseverler-dernegi-1inci-genel-kurulunu-yapti\/#article","isPartOf":{"@id":"https:\/\/kuzeyinsesi.org\/index.php\/2024\/04\/27\/brt-hayvanseverler-dernegi-1inci-genel-kurulunu-yapti\/"},"author":{"name":"Kuzeyin Sesi","@id":"https:\/\/kuzeyinsesi.org\/#\/schema\/person\/9f859689cdf01485597712386e37f5aa"},"headline":"BRT Hayvanseverler Derne\u011fi 1\u2019inci Genel Kurulu\u2019nu yapt\u0131","datePublished":"2024-04-27T11:47:30+00:00","mainEntityOfPage":{"@id":"https:\/\/kuzeyinsesi.org\/index.php\/2024\/04\/27\/brt-hayvanseverler-dernegi-1inci-genel-kurulunu-yapti\/"},"wordCount":736,"commentCount":0,"image":{"@id":"https:\/\/kuzeyinsesi.org\/index.php\/2024\/04\/27\/brt-hayvanseverler-dernegi-1inci-genel-kurulunu-yapti\/#primaryimage"},"thumbnailUrl":"https:\/\/kuzeyinsesi.org\/wp-content\/uploads\/2024\/04\/BRT-HAYSEV-GENEL-KURUL-1.jpeg","articleSection":["K\u0131br\u0131s"],"inLanguage":"tr","potentialAction":[{"@type":"CommentAction","name":"Comment","target":["https:\/\/kuzeyinsesi.org\/index.php\/2024\/04\/27\/brt-hayvanseverler-dernegi-1inci-genel-kurulunu-yapti\/#respond"]}]},{"@type":"WebPage","@id":"https:\/\/kuzeyinsesi.org\/index.php\/2024\/04\/27\/brt-hayvanseverler-dernegi-1inci-genel-kurulunu-yapti\/","url":"https:\/\/kuzeyinsesi.org\/index.php\/2024\/04\/27\/brt-hayvanseverler-dernegi-1inci-genel-kurulunu-yapti\/","name":"BRT Hayvanseverler Derne\u011fi 1\u2019inci Genel Kurulu\u2019nu yapt\u0131 - Kuzeyin Sesi","isPartOf":{"@id":"https:\/\/kuzeyinsesi.org\/#website"},"primaryImageOfPage":{"@id":"https:\/\/kuzeyinsesi.org\/index.php\/2024\/04\/27\/brt-hayvanseverler-dernegi-1inci-genel-kurulunu-yapti\/#primaryimage"},"image":{"@id":"https:\/\/kuzeyinsesi.org\/index.php\/2024\/04\/27\/brt-hayvanseverler-dernegi-1inci-genel-kurulunu-yapti\/#primaryimage"},"thumbnailUrl":"https:\/\/kuzeyinsesi.org\/wp-content\/uploads\/2024\/04\/BRT-HAYSEV-GENEL-KURUL-1.jpeg","datePublished":"2024-04-27T11:47:30+00:00","author":{"@id":"https:\/\/kuzeyinsesi.org\/#\/schema\/person\/9f859689cdf01485597712386e37f5aa"},"breadcrumb":{"@id":"https:\/\/kuzeyinsesi.org\/index.php\/2024\/04\/27\/brt-hayvanseverler-dernegi-1inci-genel-kurulunu-yapti\/#breadcrumb"},"inLanguage":"tr","potentialAction":[{"@type":"ReadAction","target":["https:\/\/kuzeyinsesi.org\/index.php\/2024\/04\/27\/brt-hayvanseverler-dernegi-1inci-genel-kurulunu-yapti\/"]}]},{"@type":"ImageObject","inLanguage":"tr","@id":"https:\/\/kuzeyinsesi.org\/index.php\/2024\/04\/27\/brt-hayvanseverler-dernegi-1inci-genel-kurulunu-yapti\/#primaryimage","url":"https:\/\/kuzeyinsesi.org\/wp-content\/uploads\/2024\/04\/BRT-HAYSEV-GENEL-KURUL-1.jpeg","contentUrl":"https:\/\/kuzeyinsesi.org\/wp-content\/uploads\/2024\/04\/BRT-HAYSEV-GENEL-KURUL-1.jpeg","width":1600,"height":1200},{"@type":"BreadcrumbList","@id":"https:\/\/kuzeyinsesi.org\/index.php\/2024\/04\/27\/brt-hayvanseverler-dernegi-1inci-genel-kurulunu-yapti\/#breadcrumb","itemListElement":[{"@type":"ListItem","position":1,"name":"Anasayfa","item":"https:\/\/kuzeyinsesi.org\/"},{"@type":"ListItem","position":2,"name":"BRT Hayvanseverler Derne\u011fi 1\u2019inci Genel Kurulu\u2019nu yapt\u0131"}]},{"@type":"WebSite","@id":"https:\/\/kuzeyinsesi.org\/#website","url":"https:\/\/kuzeyinsesi.org\/","name":"Kuzeyin Sesi","description":"Do\u011fru Haberin Adresi","potentialAction":[{"@type":"SearchAction","target":{"@type":"EntryPoint","urlTemplate":"https:\/\/kuzeyinsesi.org\/?s={search_term_string}"},"query-input":{"@type":"PropertyValueSpecification","valueRequired":true,"valueName":"search_term_string"}}],"inLanguage":"tr"},{"@type":"Person","@id":"https:\/\/kuzeyinsesi.org\/#\/schema\/person\/9f859689cdf01485597712386e37f5aa","name":"Kuzeyin Sesi","image":{"@type":"ImageObject","inLanguage":"tr","@id":"https:\/\/secure.gravatar.com\/avatar\/bab33852abfd8b282518d6ed81826833d77c3c882d9ab608add591ccace47a44?s=96&d=mm&r=g","url":"https:\/\/secure.gravatar.com\/avatar\/bab33852abfd8b282518d6ed81826833d77c3c882d9ab608add591ccace47a44?s=96&d=mm&r=g","contentUrl":"https:\/\/secure.gravatar.com\/avatar\/bab33852abfd8b282518d6ed81826833d77c3c882d9ab608add591ccace47a44?s=96&d=mm&r=g","caption":"Kuzeyin Sesi"},"sameAs":["https:\/\/kuzeyinsesi.org"],"url":"https:\/\/kuzeyinsesi.org\/index.php\/author\/guven\/"}]}},"_links":{"self":[{"href":"https:\/\/kuzeyinsesi.org\/index.php\/wp-json\/wp\/v2\/posts\/705","targetHints":{"allow":["GET"]}}],"collection":[{"href":"https:\/\/kuzeyinsesi.org\/index.php\/wp-json\/wp\/v2\/posts"}],"about":[{"href":"https:\/\/kuzeyinsesi.org\/index.php\/wp-json\/wp\/v2\/types\/post"}],"author":[{"embeddable":true,"href":"https:\/\/kuzeyinsesi.org\/index.php\/wp-json\/wp\/v2\/users\/1"}],"replies":[{"embeddable":true,"href":"https:\/\/kuzeyinsesi.org\/index.php\/wp-json\/wp\/v2\/comments?post=705"}],"version-history":[{"count":0,"href":"https:\/\/kuzeyinsesi.org\/index.php\/wp-json\/wp\/v2\/posts\/705\/revisions"}],"wp:featuredmedia":[{"embeddable":true,"href":"https:\/\/kuzeyinsesi.org\/index.php\/wp-json\/wp\/v2\/media\/706"}],"wp:attachment":[{"href":"https:\/\/kuzeyinsesi.org\/index.php\/wp-json\/wp\/v2\/media?parent=705"}],"wp:term":[{"taxonomy":"category","embeddable":true,"href":"https:\/\/kuzeyinsesi.org\/index.php\/wp-json\/wp\/v2\/categories?post=705"},{"taxonomy":"post_tag","embeddable":true,"href":"https:\/\/kuzeyinsesi.org\/index.php\/wp-json\/wp\/v2\/tags?post=705"}],"curies":[{"name":"wp","href":"https:\/\/api.w.org\/{rel}","templated":true}]}}