{"id":7004,"date":"2024-07-26T14:50:08","date_gmt":"2024-07-26T11:50:08","guid":{"rendered":"https:\/\/kuzeyinsesi.org\/index.php\/2024\/07\/26\/folk-der-yalovada-solene-katildi\/"},"modified":"2024-07-26T14:50:08","modified_gmt":"2024-07-26T11:50:08","slug":"folk-der-yalovada-solene-katildi","status":"publish","type":"post","link":"https:\/\/kuzeyinsesi.org\/index.php\/2024\/07\/26\/folk-der-yalovada-solene-katildi\/","title":{"rendered":"Folk-Der Yalova\u2019da \u015f\u00f6lene kat\u0131ld\u0131"},"content":{"rendered":"<div>\n<div class=\"mariselle-image-container center\">\n                                            <\/div>\n<p> Lefko\u015fa Folklor Derne\u011fi (Folk-Der) Dillirga Grubu, Yalova\u2019da yap\u0131lan 27. T\u00fcrk Boylar\u0131 K\u00fclt\u00fcr \u015e\u00f6leni\u2019ne kat\u0131ld\u0131.<\/p>\n<p>Dernek Ba\u015fkan\u0131 Hatice K\u0131ray\u2019\u0131n a\u00e7\u0131klamas\u0131na g\u00f6re, dernek gen\u00e7 ekibi \u015f\u00f6lende, bir\u00e7ok \u00fclkeden dans\u00e7\u0131larla arkada\u015fl\u0131klar kurup, K\u0131br\u0131s k\u00fclt\u00fcr\u00fcn\u00fc tan\u0131tt\u0131 ve halk danslar\u0131 g\u00f6sterisi sundu.<\/p>\n<div class=\"mariselle-image-container center\">\n                <img decoding=\"async\" width=\"1080\" height=\"621\" class=\"lazy-image\" alt=\"\" sizes=\"(max-width: 1080px) 100vw, 1080px\" src=\"https:\/\/brtk.net\/wp-content\/uploads\/2024\/07\/26\/slsksk.jpeg?ver=ac2343159c360b068308d26eedd4c122\" srcset=\"https:\/\/brtk.net\/wp-content\/uploads\/2024\/07\/26\/slsksk.jpeg?ver=ac2343159c360b068308d26eedd4c122 1080w, https:\/\/brtk.net\/wp-content\/uploads\/2024\/07\/26\/slsksk-300x173.jpeg?ver=18998d1bffe5618faa8e59b5ecc9c0da 300w, https:\/\/brtk.net\/wp-content\/uploads\/2024\/07\/26\/slsksk-1024x589.jpeg?ver=18998d1bffe5618faa8e59b5ecc9c0da 1024w, https:\/\/brtk.net\/wp-content\/uploads\/2024\/07\/26\/slsksk-768x442.jpeg?ver=18998d1bffe5618faa8e59b5ecc9c0da 768w\"\/>                            <\/div>\n<p>Festivale Azerbaycan, Bosna Hersek, Kabardeyler, Kuzey Makedonya, Romanya, Kuzey Osetya (Alanya), Sancak, Yakutistan, G\u00fcney Osetya (Alanya), \u0130ran T\u00fcrkleri, K\u0131rg\u0131zistan, Irak T\u00fcrkmenleri ve Gagauzya kat\u0131ld\u0131.<\/p>\n<\/p><\/div>\n<p><script async\n                    defer\n                    crossorigin=\"anonymous\"\n                    src=\"https:\/\/connect.facebook.net\/tr_TR\/sdk.js#xfbml=1&#038;version=v3.3\"\n            ><\/script><\/p>\n","protected":false},"excerpt":{"rendered":"<p>Lefko\u015fa Folklor Derne\u011fi (Folk-Der) Dillirga Grubu, Yalova\u2019da yap\u0131lan 27. T\u00fcrk Boylar\u0131 K\u00fclt\u00fcr \u015e\u00f6leni\u2019ne kat\u0131ld\u0131. Dernek Ba\u015fkan\u0131 Hatice K\u0131ray\u2019\u0131n a\u00e7\u0131klamas\u0131na g\u00f6re, dernek gen\u00e7 ekibi \u015f\u00f6lende, bir\u00e7ok \u00fclkeden dans\u00e7\u0131larla arkada\u015fl\u0131klar kurup, K\u0131br\u0131s k\u00fclt\u00fcr\u00fcn\u00fc tan\u0131tt\u0131 ve halk danslar\u0131 g\u00f6sterisi sundu. Festivale Azerbaycan, Bosna Hersek, Kabardeyler, Kuzey Makedonya, Romanya, Kuzey Osetya (Alanya), Sancak, Yakutistan, G\u00fcney Osetya (Alanya), \u0130ran T\u00fcrkleri, [&hellip;]<\/p>\n","protected":false},"author":1,"featured_media":7005,"comment_status":"open","ping_status":"open","sticky":false,"template":"","format":"standard","meta":{"jnews-multi-image_gallery":[],"jnews_single_post":[],"jnews_primary_category":[],"jnews_social_meta":[],"jnews_override_counter":[],"footnotes":""},"categories":[6],"tags":[],"class_list":["post-7004","post","type-post","status-publish","format-standard","has-post-thumbnail","hentry","category-yasam"],"yoast_head":"<!-- This site is optimized with the Yoast SEO plugin v27.5 - https:\/\/yoast.com\/product\/yoast-seo-wordpress\/ -->\n<title>Folk-Der Yalova\u2019da \u015f\u00f6lene kat\u0131ld\u0131 - Kuzeyin Sesi<\/title>\n<meta name=\"robots\" content=\"index, follow, max-snippet:-1, max-image-preview:large, max-video-preview:-1\" \/>\n<link rel=\"canonical\" href=\"https:\/\/kuzeyinsesi.org\/index.php\/2024\/07\/26\/folk-der-yalovada-solene-katildi\/\" \/>\n<meta property=\"og:locale\" content=\"tr_TR\" \/>\n<meta property=\"og:type\" content=\"article\" \/>\n<meta property=\"og:title\" content=\"Folk-Der Yalova\u2019da \u015f\u00f6lene kat\u0131ld\u0131 - Kuzeyin Sesi\" \/>\n<meta property=\"og:description\" content=\"Lefko\u015fa Folklor Derne\u011fi (Folk-Der) Dillirga Grubu, Yalova\u2019da yap\u0131lan 27. T\u00fcrk Boylar\u0131 K\u00fclt\u00fcr \u015e\u00f6leni\u2019ne kat\u0131ld\u0131. Dernek Ba\u015fkan\u0131 Hatice K\u0131ray\u2019\u0131n a\u00e7\u0131klamas\u0131na g\u00f6re, dernek gen\u00e7 ekibi \u015f\u00f6lende, bir\u00e7ok \u00fclkeden dans\u00e7\u0131larla arkada\u015fl\u0131klar kurup, K\u0131br\u0131s k\u00fclt\u00fcr\u00fcn\u00fc tan\u0131tt\u0131 ve halk danslar\u0131 g\u00f6sterisi sundu. Festivale Azerbaycan, Bosna Hersek, Kabardeyler, Kuzey Makedonya, Romanya, Kuzey Osetya (Alanya), Sancak, Yakutistan, G\u00fcney Osetya (Alanya), \u0130ran T\u00fcrkleri, [&hellip;]\" \/>\n<meta property=\"og:url\" content=\"https:\/\/kuzeyinsesi.org\/index.php\/2024\/07\/26\/folk-der-yalovada-solene-katildi\/\" \/>\n<meta property=\"og:site_name\" content=\"Kuzeyin Sesi\" \/>\n<meta property=\"article:publisher\" content=\"https:\/\/www.facebook.com\/kuzeyinsesii\" \/>\n<meta property=\"article:published_time\" content=\"2024-07-26T11:50:08+00:00\" \/>\n<meta property=\"og:image\" content=\"https:\/\/brtk.net\/wp-content\/uploads\/2024\/07\/26\/asskdsak.jpeg?ver=746f8c6674ffa4bbb64a773881fdeb0b\" \/>\n<meta name=\"author\" content=\"Kuzeyin Sesi\" \/>\n<meta name=\"twitter:card\" content=\"summary_large_image\" \/>\n<meta name=\"twitter:creator\" content=\"@kuzeyinsesii\" \/>\n<meta name=\"twitter:site\" content=\"@kuzeyinsesii\" \/>\n<meta name=\"twitter:label1\" content=\"Yazan:\" \/>\n\t<meta name=\"twitter:data1\" content=\"Kuzeyin Sesi\" \/>\n<script type=\"application\/ld+json\" class=\"yoast-schema-graph\">{\"@context\":\"https:\\\/\\\/schema.org\",\"@graph\":[{\"@type\":\"Article\",\"@id\":\"https:\\\/\\\/kuzeyinsesi.org\\\/index.php\\\/2024\\\/07\\\/26\\\/folk-der-yalovada-solene-katildi\\\/#article\",\"isPartOf\":{\"@id\":\"https:\\\/\\\/kuzeyinsesi.org\\\/index.php\\\/2024\\\/07\\\/26\\\/folk-der-yalovada-solene-katildi\\\/\"},\"author\":{\"name\":\"Kuzeyin Sesi\",\"@id\":\"https:\\\/\\\/kuzeyinsesi.org\\\/#\\\/schema\\\/person\\\/9f859689cdf01485597712386e37f5aa\"},\"headline\":\"Folk-Der Yalova\u2019da \u015f\u00f6lene kat\u0131ld\u0131\",\"datePublished\":\"2024-07-26T11:50:08+00:00\",\"mainEntityOfPage\":{\"@id\":\"https:\\\/\\\/kuzeyinsesi.org\\\/index.php\\\/2024\\\/07\\\/26\\\/folk-der-yalovada-solene-katildi\\\/\"},\"wordCount\":98,\"commentCount\":0,\"image\":{\"@id\":\"https:\\\/\\\/kuzeyinsesi.org\\\/index.php\\\/2024\\\/07\\\/26\\\/folk-der-yalovada-solene-katildi\\\/#primaryimage\"},\"thumbnailUrl\":\"https:\\\/\\\/kuzeyinsesi.org\\\/wp-content\\\/uploads\\\/2024\\\/07\\\/asskdsak.jpeg\",\"articleSection\":[\"Ya\u015fam\"],\"inLanguage\":\"tr\",\"potentialAction\":[{\"@type\":\"CommentAction\",\"name\":\"Comment\",\"target\":[\"https:\\\/\\\/kuzeyinsesi.org\\\/index.php\\\/2024\\\/07\\\/26\\\/folk-der-yalovada-solene-katildi\\\/#respond\"]}]},{\"@type\":\"WebPage\",\"@id\":\"https:\\\/\\\/kuzeyinsesi.org\\\/index.php\\\/2024\\\/07\\\/26\\\/folk-der-yalovada-solene-katildi\\\/\",\"url\":\"https:\\\/\\\/kuzeyinsesi.org\\\/index.php\\\/2024\\\/07\\\/26\\\/folk-der-yalovada-solene-katildi\\\/\",\"name\":\"Folk-Der Yalova\u2019da \u015f\u00f6lene kat\u0131ld\u0131 - Kuzeyin Sesi\",\"isPartOf\":{\"@id\":\"https:\\\/\\\/kuzeyinsesi.org\\\/#website\"},\"primaryImageOfPage\":{\"@id\":\"https:\\\/\\\/kuzeyinsesi.org\\\/index.php\\\/2024\\\/07\\\/26\\\/folk-der-yalovada-solene-katildi\\\/#primaryimage\"},\"image\":{\"@id\":\"https:\\\/\\\/kuzeyinsesi.org\\\/index.php\\\/2024\\\/07\\\/26\\\/folk-der-yalovada-solene-katildi\\\/#primaryimage\"},\"thumbnailUrl\":\"https:\\\/\\\/kuzeyinsesi.org\\\/wp-content\\\/uploads\\\/2024\\\/07\\\/asskdsak.jpeg\",\"datePublished\":\"2024-07-26T11:50:08+00:00\",\"author\":{\"@id\":\"https:\\\/\\\/kuzeyinsesi.org\\\/#\\\/schema\\\/person\\\/9f859689cdf01485597712386e37f5aa\"},\"breadcrumb\":{\"@id\":\"https:\\\/\\\/kuzeyinsesi.org\\\/index.php\\\/2024\\\/07\\\/26\\\/folk-der-yalovada-solene-katildi\\\/#breadcrumb\"},\"inLanguage\":\"tr\",\"potentialAction\":[{\"@type\":\"ReadAction\",\"target\":[\"https:\\\/\\\/kuzeyinsesi.org\\\/index.php\\\/2024\\\/07\\\/26\\\/folk-der-yalovada-solene-katildi\\\/\"]}]},{\"@type\":\"ImageObject\",\"inLanguage\":\"tr\",\"@id\":\"https:\\\/\\\/kuzeyinsesi.org\\\/index.php\\\/2024\\\/07\\\/26\\\/folk-der-yalovada-solene-katildi\\\/#primaryimage\",\"url\":\"https:\\\/\\\/kuzeyinsesi.org\\\/wp-content\\\/uploads\\\/2024\\\/07\\\/asskdsak.jpeg\",\"contentUrl\":\"https:\\\/\\\/kuzeyinsesi.org\\\/wp-content\\\/uploads\\\/2024\\\/07\\\/asskdsak.jpeg\",\"width\":2047,\"height\":1123},{\"@type\":\"BreadcrumbList\",\"@id\":\"https:\\\/\\\/kuzeyinsesi.org\\\/index.php\\\/2024\\\/07\\\/26\\\/folk-der-yalovada-solene-katildi\\\/#breadcrumb\",\"itemListElement\":[{\"@type\":\"ListItem\",\"position\":1,\"name\":\"Anasayfa\",\"item\":\"https:\\\/\\\/kuzeyinsesi.org\\\/\"},{\"@type\":\"ListItem\",\"position\":2,\"name\":\"Folk-Der Yalova\u2019da \u015f\u00f6lene kat\u0131ld\u0131\"}]},{\"@type\":\"WebSite\",\"@id\":\"https:\\\/\\\/kuzeyinsesi.org\\\/#website\",\"url\":\"https:\\\/\\\/kuzeyinsesi.org\\\/\",\"name\":\"Kuzeyin Sesi\",\"description\":\"Do\u011fru Haberin Adresi\",\"potentialAction\":[{\"@type\":\"SearchAction\",\"target\":{\"@type\":\"EntryPoint\",\"urlTemplate\":\"https:\\\/\\\/kuzeyinsesi.org\\\/?s={search_term_string}\"},\"query-input\":{\"@type\":\"PropertyValueSpecification\",\"valueRequired\":true,\"valueName\":\"search_term_string\"}}],\"inLanguage\":\"tr\"},{\"@type\":\"Person\",\"@id\":\"https:\\\/\\\/kuzeyinsesi.org\\\/#\\\/schema\\\/person\\\/9f859689cdf01485597712386e37f5aa\",\"name\":\"Kuzeyin Sesi\",\"image\":{\"@type\":\"ImageObject\",\"inLanguage\":\"tr\",\"@id\":\"https:\\\/\\\/secure.gravatar.com\\\/avatar\\\/bab33852abfd8b282518d6ed81826833d77c3c882d9ab608add591ccace47a44?s=96&d=mm&r=g\",\"url\":\"https:\\\/\\\/secure.gravatar.com\\\/avatar\\\/bab33852abfd8b282518d6ed81826833d77c3c882d9ab608add591ccace47a44?s=96&d=mm&r=g\",\"contentUrl\":\"https:\\\/\\\/secure.gravatar.com\\\/avatar\\\/bab33852abfd8b282518d6ed81826833d77c3c882d9ab608add591ccace47a44?s=96&d=mm&r=g\",\"caption\":\"Kuzeyin Sesi\"},\"sameAs\":[\"https:\\\/\\\/kuzeyinsesi.org\"],\"url\":\"https:\\\/\\\/kuzeyinsesi.org\\\/index.php\\\/author\\\/guven\\\/\"}]}<\/script>\n<!-- \/ Yoast SEO plugin. -->","yoast_head_json":{"title":"Folk-Der Yalova\u2019da \u015f\u00f6lene kat\u0131ld\u0131 - Kuzeyin Sesi","robots":{"index":"index","follow":"follow","max-snippet":"max-snippet:-1","max-image-preview":"max-image-preview:large","max-video-preview":"max-video-preview:-1"},"canonical":"https:\/\/kuzeyinsesi.org\/index.php\/2024\/07\/26\/folk-der-yalovada-solene-katildi\/","og_locale":"tr_TR","og_type":"article","og_title":"Folk-Der Yalova\u2019da \u015f\u00f6lene kat\u0131ld\u0131 - Kuzeyin Sesi","og_description":"Lefko\u015fa Folklor Derne\u011fi (Folk-Der) Dillirga Grubu, Yalova\u2019da yap\u0131lan 27. T\u00fcrk Boylar\u0131 K\u00fclt\u00fcr \u015e\u00f6leni\u2019ne kat\u0131ld\u0131. Dernek Ba\u015fkan\u0131 Hatice K\u0131ray\u2019\u0131n a\u00e7\u0131klamas\u0131na g\u00f6re, dernek gen\u00e7 ekibi \u015f\u00f6lende, bir\u00e7ok \u00fclkeden dans\u00e7\u0131larla arkada\u015fl\u0131klar kurup, K\u0131br\u0131s k\u00fclt\u00fcr\u00fcn\u00fc tan\u0131tt\u0131 ve halk danslar\u0131 g\u00f6sterisi sundu. Festivale Azerbaycan, Bosna Hersek, Kabardeyler, Kuzey Makedonya, Romanya, Kuzey Osetya (Alanya), Sancak, Yakutistan, G\u00fcney Osetya (Alanya), \u0130ran T\u00fcrkleri, [&hellip;]","og_url":"https:\/\/kuzeyinsesi.org\/index.php\/2024\/07\/26\/folk-der-yalovada-solene-katildi\/","og_site_name":"Kuzeyin Sesi","article_publisher":"https:\/\/www.facebook.com\/kuzeyinsesii","article_published_time":"2024-07-26T11:50:08+00:00","og_image":[{"url":"https:\/\/brtk.net\/wp-content\/uploads\/2024\/07\/26\/asskdsak.jpeg?ver=746f8c6674ffa4bbb64a773881fdeb0b","type":"","width":"","height":""}],"author":"Kuzeyin Sesi","twitter_card":"summary_large_image","twitter_creator":"@kuzeyinsesii","twitter_site":"@kuzeyinsesii","twitter_misc":{"Yazan:":"Kuzeyin Sesi"},"schema":{"@context":"https:\/\/schema.org","@graph":[{"@type":"Article","@id":"https:\/\/kuzeyinsesi.org\/index.php\/2024\/07\/26\/folk-der-yalovada-solene-katildi\/#article","isPartOf":{"@id":"https:\/\/kuzeyinsesi.org\/index.php\/2024\/07\/26\/folk-der-yalovada-solene-katildi\/"},"author":{"name":"Kuzeyin Sesi","@id":"https:\/\/kuzeyinsesi.org\/#\/schema\/person\/9f859689cdf01485597712386e37f5aa"},"headline":"Folk-Der Yalova\u2019da \u015f\u00f6lene kat\u0131ld\u0131","datePublished":"2024-07-26T11:50:08+00:00","mainEntityOfPage":{"@id":"https:\/\/kuzeyinsesi.org\/index.php\/2024\/07\/26\/folk-der-yalovada-solene-katildi\/"},"wordCount":98,"commentCount":0,"image":{"@id":"https:\/\/kuzeyinsesi.org\/index.php\/2024\/07\/26\/folk-der-yalovada-solene-katildi\/#primaryimage"},"thumbnailUrl":"https:\/\/kuzeyinsesi.org\/wp-content\/uploads\/2024\/07\/asskdsak.jpeg","articleSection":["Ya\u015fam"],"inLanguage":"tr","potentialAction":[{"@type":"CommentAction","name":"Comment","target":["https:\/\/kuzeyinsesi.org\/index.php\/2024\/07\/26\/folk-der-yalovada-solene-katildi\/#respond"]}]},{"@type":"WebPage","@id":"https:\/\/kuzeyinsesi.org\/index.php\/2024\/07\/26\/folk-der-yalovada-solene-katildi\/","url":"https:\/\/kuzeyinsesi.org\/index.php\/2024\/07\/26\/folk-der-yalovada-solene-katildi\/","name":"Folk-Der Yalova\u2019da \u015f\u00f6lene kat\u0131ld\u0131 - Kuzeyin Sesi","isPartOf":{"@id":"https:\/\/kuzeyinsesi.org\/#website"},"primaryImageOfPage":{"@id":"https:\/\/kuzeyinsesi.org\/index.php\/2024\/07\/26\/folk-der-yalovada-solene-katildi\/#primaryimage"},"image":{"@id":"https:\/\/kuzeyinsesi.org\/index.php\/2024\/07\/26\/folk-der-yalovada-solene-katildi\/#primaryimage"},"thumbnailUrl":"https:\/\/kuzeyinsesi.org\/wp-content\/uploads\/2024\/07\/asskdsak.jpeg","datePublished":"2024-07-26T11:50:08+00:00","author":{"@id":"https:\/\/kuzeyinsesi.org\/#\/schema\/person\/9f859689cdf01485597712386e37f5aa"},"breadcrumb":{"@id":"https:\/\/kuzeyinsesi.org\/index.php\/2024\/07\/26\/folk-der-yalovada-solene-katildi\/#breadcrumb"},"inLanguage":"tr","potentialAction":[{"@type":"ReadAction","target":["https:\/\/kuzeyinsesi.org\/index.php\/2024\/07\/26\/folk-der-yalovada-solene-katildi\/"]}]},{"@type":"ImageObject","inLanguage":"tr","@id":"https:\/\/kuzeyinsesi.org\/index.php\/2024\/07\/26\/folk-der-yalovada-solene-katildi\/#primaryimage","url":"https:\/\/kuzeyinsesi.org\/wp-content\/uploads\/2024\/07\/asskdsak.jpeg","contentUrl":"https:\/\/kuzeyinsesi.org\/wp-content\/uploads\/2024\/07\/asskdsak.jpeg","width":2047,"height":1123},{"@type":"BreadcrumbList","@id":"https:\/\/kuzeyinsesi.org\/index.php\/2024\/07\/26\/folk-der-yalovada-solene-katildi\/#breadcrumb","itemListElement":[{"@type":"ListItem","position":1,"name":"Anasayfa","item":"https:\/\/kuzeyinsesi.org\/"},{"@type":"ListItem","position":2,"name":"Folk-Der Yalova\u2019da \u015f\u00f6lene kat\u0131ld\u0131"}]},{"@type":"WebSite","@id":"https:\/\/kuzeyinsesi.org\/#website","url":"https:\/\/kuzeyinsesi.org\/","name":"Kuzeyin Sesi","description":"Do\u011fru Haberin Adresi","potentialAction":[{"@type":"SearchAction","target":{"@type":"EntryPoint","urlTemplate":"https:\/\/kuzeyinsesi.org\/?s={search_term_string}"},"query-input":{"@type":"PropertyValueSpecification","valueRequired":true,"valueName":"search_term_string"}}],"inLanguage":"tr"},{"@type":"Person","@id":"https:\/\/kuzeyinsesi.org\/#\/schema\/person\/9f859689cdf01485597712386e37f5aa","name":"Kuzeyin Sesi","image":{"@type":"ImageObject","inLanguage":"tr","@id":"https:\/\/secure.gravatar.com\/avatar\/bab33852abfd8b282518d6ed81826833d77c3c882d9ab608add591ccace47a44?s=96&d=mm&r=g","url":"https:\/\/secure.gravatar.com\/avatar\/bab33852abfd8b282518d6ed81826833d77c3c882d9ab608add591ccace47a44?s=96&d=mm&r=g","contentUrl":"https:\/\/secure.gravatar.com\/avatar\/bab33852abfd8b282518d6ed81826833d77c3c882d9ab608add591ccace47a44?s=96&d=mm&r=g","caption":"Kuzeyin Sesi"},"sameAs":["https:\/\/kuzeyinsesi.org"],"url":"https:\/\/kuzeyinsesi.org\/index.php\/author\/guven\/"}]}},"_links":{"self":[{"href":"https:\/\/kuzeyinsesi.org\/index.php\/wp-json\/wp\/v2\/posts\/7004","targetHints":{"allow":["GET"]}}],"collection":[{"href":"https:\/\/kuzeyinsesi.org\/index.php\/wp-json\/wp\/v2\/posts"}],"about":[{"href":"https:\/\/kuzeyinsesi.org\/index.php\/wp-json\/wp\/v2\/types\/post"}],"author":[{"embeddable":true,"href":"https:\/\/kuzeyinsesi.org\/index.php\/wp-json\/wp\/v2\/users\/1"}],"replies":[{"embeddable":true,"href":"https:\/\/kuzeyinsesi.org\/index.php\/wp-json\/wp\/v2\/comments?post=7004"}],"version-history":[{"count":0,"href":"https:\/\/kuzeyinsesi.org\/index.php\/wp-json\/wp\/v2\/posts\/7004\/revisions"}],"wp:featuredmedia":[{"embeddable":true,"href":"https:\/\/kuzeyinsesi.org\/index.php\/wp-json\/wp\/v2\/media\/7005"}],"wp:attachment":[{"href":"https:\/\/kuzeyinsesi.org\/index.php\/wp-json\/wp\/v2\/media?parent=7004"}],"wp:term":[{"taxonomy":"category","embeddable":true,"href":"https:\/\/kuzeyinsesi.org\/index.php\/wp-json\/wp\/v2\/categories?post=7004"},{"taxonomy":"post_tag","embeddable":true,"href":"https:\/\/kuzeyinsesi.org\/index.php\/wp-json\/wp\/v2\/tags?post=7004"}],"curies":[{"name":"wp","href":"https:\/\/api.w.org\/{rel}","templated":true}]}}