{"id":6976,"date":"2024-07-25T20:23:46","date_gmt":"2024-07-25T17:23:46","guid":{"rendered":"https:\/\/kuzeyinsesi.org\/index.php\/2024\/07\/25\/genclik-merkezi-birligi-saraybosna-folklor-festivaline-katildi\/"},"modified":"2024-07-25T20:23:46","modified_gmt":"2024-07-25T17:23:46","slug":"genclik-merkezi-birligi-saraybosna-folklor-festivaline-katildi","status":"publish","type":"post","link":"https:\/\/kuzeyinsesi.org\/index.php\/2024\/07\/25\/genclik-merkezi-birligi-saraybosna-folklor-festivaline-katildi\/","title":{"rendered":"Gen\u00e7lik Merkezi Birli\u011fi, Saraybosna Folklor Festivali\u2019ne kat\u0131ld\u0131"},"content":{"rendered":"<div>\n<div class=\"mariselle-image-container center\">\n                                            <\/div>\n<p>Gen\u00e7lik Merkezi Birli\u011fi, 450\u2019nin \u00fczerinde kat\u0131l\u0131mc\u0131n\u0131n sahne ald\u0131\u011f\u0131 Saraybosna Folklor Festivali\u2019nde \u00fclkeyi temsil etti.<\/p>\n<p>Gen\u00e7lik Merkezi Birli\u011fi\u2019nin a\u00e7\u0131klamas\u0131na g\u00f6re, ilk kez 2022 y\u0131l\u0131nda d\u00fczenlenen festival, bu y\u0131l 18-21 Temmuz tarihleri aras\u0131nda yap\u0131ld\u0131.<\/p>\n<p>K\u00fclt\u00fcr ve Sanat Toplulu\u011fu Lola taraf\u0131ndan d\u00fczenlenen ve \u00fc\u00e7 g\u00fcn boyunca \u015fehrin \u00fc\u00e7 farkl\u0131 noktas\u0131nda yer alan Festivalde, Gen\u00e7lik Merkezi Birli\u011fi ekibi, e\u011fitmenleri \u00c7isem Yetkiner, Diren\u00e7 \u00d6zkan ve Vecihe M\u00fcderris \u00f6nderli\u011finde g\u00f6steriler sundu.<\/p>\n<p>Ekip, Festival kapsam\u0131nda Saraybosna Belediye Ba\u015fkan\u0131 Benjamina Kari\u0107, Saraybosna Kantonu Bilim, Y\u00fcksek\u00f6\u011fretim ve Gen\u00e7lik Bakan\u0131 Bakan Adna Mesihovi\u00e7, Novo Saraybosna Belediyesi Belediye E\u011fitim, K\u00fclt\u00fcr ve Spordan Sorumlu Amiri Emina Rovcanin\u2019e ziyaretlerde de bulundu.<\/p>\n<p>Festivalde, \u201cBayan ve Bay Festival\u201d sosyal medya be\u011feni yar\u0131\u015fmas\u0131 da yap\u0131ld\u0131. Yar\u0131\u015fmaya, Gen\u00e7lik Merkezi Birli\u011fi ekibinden kad\u0131n kategorisine \u00d6nel Koru\u015fan, erkek kategorisine ise Poyraz Ceylan kat\u0131l\u0131rken, Poyraz Ceylan erkeklerde en y\u00fcksek be\u011feniyi toplayarak \u201cBay Festival\u201d \u00fcnvan\u0131na lay\u0131k g\u00f6r\u00fcld\u00fc.<\/p>\n<\/p><\/div>\n<p><script async\n                    defer\n                    crossorigin=\"anonymous\"\n                    src=\"https:\/\/connect.facebook.net\/tr_TR\/sdk.js#xfbml=1&#038;version=v3.3\"\n            ><\/script><\/p>\n","protected":false},"excerpt":{"rendered":"<p>Gen\u00e7lik Merkezi Birli\u011fi, 450\u2019nin \u00fczerinde kat\u0131l\u0131mc\u0131n\u0131n sahne ald\u0131\u011f\u0131 Saraybosna Folklor Festivali\u2019nde \u00fclkeyi temsil etti. Gen\u00e7lik Merkezi Birli\u011fi\u2019nin a\u00e7\u0131klamas\u0131na g\u00f6re, ilk kez 2022 y\u0131l\u0131nda d\u00fczenlenen festival, bu y\u0131l 18-21 Temmuz tarihleri aras\u0131nda yap\u0131ld\u0131. K\u00fclt\u00fcr ve Sanat Toplulu\u011fu Lola taraf\u0131ndan d\u00fczenlenen ve \u00fc\u00e7 g\u00fcn boyunca \u015fehrin \u00fc\u00e7 farkl\u0131 noktas\u0131nda yer alan Festivalde, Gen\u00e7lik Merkezi Birli\u011fi ekibi, e\u011fitmenleri [&hellip;]<\/p>\n","protected":false},"author":1,"featured_media":6977,"comment_status":"open","ping_status":"open","sticky":false,"template":"","format":"standard","meta":{"jnews-multi-image_gallery":[],"jnews_single_post":[],"jnews_primary_category":[],"jnews_social_meta":[],"jnews_override_counter":[],"footnotes":""},"categories":[6],"tags":[],"class_list":["post-6976","post","type-post","status-publish","format-standard","has-post-thumbnail","hentry","category-yasam"],"yoast_head":"<!-- This site is optimized with the Yoast SEO plugin v27.5 - https:\/\/yoast.com\/product\/yoast-seo-wordpress\/ -->\n<title>Gen\u00e7lik Merkezi Birli\u011fi, Saraybosna Folklor Festivali\u2019ne kat\u0131ld\u0131 - Kuzeyin Sesi<\/title>\n<meta name=\"robots\" content=\"index, follow, max-snippet:-1, max-image-preview:large, max-video-preview:-1\" \/>\n<link rel=\"canonical\" href=\"https:\/\/kuzeyinsesi.org\/index.php\/2024\/07\/25\/genclik-merkezi-birligi-saraybosna-folklor-festivaline-katildi\/\" \/>\n<meta property=\"og:locale\" content=\"tr_TR\" \/>\n<meta property=\"og:type\" content=\"article\" \/>\n<meta property=\"og:title\" content=\"Gen\u00e7lik Merkezi Birli\u011fi, Saraybosna Folklor Festivali\u2019ne kat\u0131ld\u0131 - Kuzeyin Sesi\" \/>\n<meta property=\"og:description\" content=\"Gen\u00e7lik Merkezi Birli\u011fi, 450\u2019nin \u00fczerinde kat\u0131l\u0131mc\u0131n\u0131n sahne ald\u0131\u011f\u0131 Saraybosna Folklor Festivali\u2019nde \u00fclkeyi temsil etti. Gen\u00e7lik Merkezi Birli\u011fi\u2019nin a\u00e7\u0131klamas\u0131na g\u00f6re, ilk kez 2022 y\u0131l\u0131nda d\u00fczenlenen festival, bu y\u0131l 18-21 Temmuz tarihleri aras\u0131nda yap\u0131ld\u0131. K\u00fclt\u00fcr ve Sanat Toplulu\u011fu Lola taraf\u0131ndan d\u00fczenlenen ve \u00fc\u00e7 g\u00fcn boyunca \u015fehrin \u00fc\u00e7 farkl\u0131 noktas\u0131nda yer alan Festivalde, Gen\u00e7lik Merkezi Birli\u011fi ekibi, e\u011fitmenleri [&hellip;]\" \/>\n<meta property=\"og:url\" content=\"https:\/\/kuzeyinsesi.org\/index.php\/2024\/07\/25\/genclik-merkezi-birligi-saraybosna-folklor-festivaline-katildi\/\" \/>\n<meta property=\"og:site_name\" content=\"Kuzeyin Sesi\" \/>\n<meta property=\"article:publisher\" content=\"https:\/\/www.facebook.com\/kuzeyinsesii\" \/>\n<meta property=\"article:published_time\" content=\"2024-07-25T17:23:46+00:00\" \/>\n<meta property=\"og:image\" content=\"https:\/\/brtk.net\/wp-content\/uploads\/2024\/07\/25\/genclik-merkezi-.jpeg?ver=02ea4f8b0354bc62454536f9add8627d\" \/>\n<meta name=\"author\" content=\"Kuzeyin Sesi\" \/>\n<meta name=\"twitter:card\" content=\"summary_large_image\" \/>\n<meta name=\"twitter:creator\" content=\"@kuzeyinsesii\" \/>\n<meta name=\"twitter:site\" content=\"@kuzeyinsesii\" \/>\n<meta name=\"twitter:label1\" content=\"Yazan:\" \/>\n\t<meta name=\"twitter:data1\" content=\"Kuzeyin Sesi\" \/>\n\t<meta name=\"twitter:label2\" content=\"Tahmini okuma s\u00fcresi\" \/>\n\t<meta name=\"twitter:data2\" content=\"1 dakika\" \/>\n<script type=\"application\/ld+json\" class=\"yoast-schema-graph\">{\"@context\":\"https:\\\/\\\/schema.org\",\"@graph\":[{\"@type\":\"Article\",\"@id\":\"https:\\\/\\\/kuzeyinsesi.org\\\/index.php\\\/2024\\\/07\\\/25\\\/genclik-merkezi-birligi-saraybosna-folklor-festivaline-katildi\\\/#article\",\"isPartOf\":{\"@id\":\"https:\\\/\\\/kuzeyinsesi.org\\\/index.php\\\/2024\\\/07\\\/25\\\/genclik-merkezi-birligi-saraybosna-folklor-festivaline-katildi\\\/\"},\"author\":{\"name\":\"Kuzeyin Sesi\",\"@id\":\"https:\\\/\\\/kuzeyinsesi.org\\\/#\\\/schema\\\/person\\\/9f859689cdf01485597712386e37f5aa\"},\"headline\":\"Gen\u00e7lik Merkezi Birli\u011fi, Saraybosna Folklor Festivali\u2019ne kat\u0131ld\u0131\",\"datePublished\":\"2024-07-25T17:23:46+00:00\",\"mainEntityOfPage\":{\"@id\":\"https:\\\/\\\/kuzeyinsesi.org\\\/index.php\\\/2024\\\/07\\\/25\\\/genclik-merkezi-birligi-saraybosna-folklor-festivaline-katildi\\\/\"},\"wordCount\":201,\"commentCount\":0,\"image\":{\"@id\":\"https:\\\/\\\/kuzeyinsesi.org\\\/index.php\\\/2024\\\/07\\\/25\\\/genclik-merkezi-birligi-saraybosna-folklor-festivaline-katildi\\\/#primaryimage\"},\"thumbnailUrl\":\"https:\\\/\\\/kuzeyinsesi.org\\\/wp-content\\\/uploads\\\/2024\\\/07\\\/genclik-merkezi-.jpeg\",\"articleSection\":[\"Ya\u015fam\"],\"inLanguage\":\"tr\",\"potentialAction\":[{\"@type\":\"CommentAction\",\"name\":\"Comment\",\"target\":[\"https:\\\/\\\/kuzeyinsesi.org\\\/index.php\\\/2024\\\/07\\\/25\\\/genclik-merkezi-birligi-saraybosna-folklor-festivaline-katildi\\\/#respond\"]}]},{\"@type\":\"WebPage\",\"@id\":\"https:\\\/\\\/kuzeyinsesi.org\\\/index.php\\\/2024\\\/07\\\/25\\\/genclik-merkezi-birligi-saraybosna-folklor-festivaline-katildi\\\/\",\"url\":\"https:\\\/\\\/kuzeyinsesi.org\\\/index.php\\\/2024\\\/07\\\/25\\\/genclik-merkezi-birligi-saraybosna-folklor-festivaline-katildi\\\/\",\"name\":\"Gen\u00e7lik Merkezi Birli\u011fi, Saraybosna Folklor Festivali\u2019ne kat\u0131ld\u0131 - Kuzeyin Sesi\",\"isPartOf\":{\"@id\":\"https:\\\/\\\/kuzeyinsesi.org\\\/#website\"},\"primaryImageOfPage\":{\"@id\":\"https:\\\/\\\/kuzeyinsesi.org\\\/index.php\\\/2024\\\/07\\\/25\\\/genclik-merkezi-birligi-saraybosna-folklor-festivaline-katildi\\\/#primaryimage\"},\"image\":{\"@id\":\"https:\\\/\\\/kuzeyinsesi.org\\\/index.php\\\/2024\\\/07\\\/25\\\/genclik-merkezi-birligi-saraybosna-folklor-festivaline-katildi\\\/#primaryimage\"},\"thumbnailUrl\":\"https:\\\/\\\/kuzeyinsesi.org\\\/wp-content\\\/uploads\\\/2024\\\/07\\\/genclik-merkezi-.jpeg\",\"datePublished\":\"2024-07-25T17:23:46+00:00\",\"author\":{\"@id\":\"https:\\\/\\\/kuzeyinsesi.org\\\/#\\\/schema\\\/person\\\/9f859689cdf01485597712386e37f5aa\"},\"breadcrumb\":{\"@id\":\"https:\\\/\\\/kuzeyinsesi.org\\\/index.php\\\/2024\\\/07\\\/25\\\/genclik-merkezi-birligi-saraybosna-folklor-festivaline-katildi\\\/#breadcrumb\"},\"inLanguage\":\"tr\",\"potentialAction\":[{\"@type\":\"ReadAction\",\"target\":[\"https:\\\/\\\/kuzeyinsesi.org\\\/index.php\\\/2024\\\/07\\\/25\\\/genclik-merkezi-birligi-saraybosna-folklor-festivaline-katildi\\\/\"]}]},{\"@type\":\"ImageObject\",\"inLanguage\":\"tr\",\"@id\":\"https:\\\/\\\/kuzeyinsesi.org\\\/index.php\\\/2024\\\/07\\\/25\\\/genclik-merkezi-birligi-saraybosna-folklor-festivaline-katildi\\\/#primaryimage\",\"url\":\"https:\\\/\\\/kuzeyinsesi.org\\\/wp-content\\\/uploads\\\/2024\\\/07\\\/genclik-merkezi-.jpeg\",\"contentUrl\":\"https:\\\/\\\/kuzeyinsesi.org\\\/wp-content\\\/uploads\\\/2024\\\/07\\\/genclik-merkezi-.jpeg\",\"width\":1292,\"height\":861},{\"@type\":\"BreadcrumbList\",\"@id\":\"https:\\\/\\\/kuzeyinsesi.org\\\/index.php\\\/2024\\\/07\\\/25\\\/genclik-merkezi-birligi-saraybosna-folklor-festivaline-katildi\\\/#breadcrumb\",\"itemListElement\":[{\"@type\":\"ListItem\",\"position\":1,\"name\":\"Anasayfa\",\"item\":\"https:\\\/\\\/kuzeyinsesi.org\\\/\"},{\"@type\":\"ListItem\",\"position\":2,\"name\":\"Gen\u00e7lik Merkezi Birli\u011fi, Saraybosna Folklor Festivali\u2019ne kat\u0131ld\u0131\"}]},{\"@type\":\"WebSite\",\"@id\":\"https:\\\/\\\/kuzeyinsesi.org\\\/#website\",\"url\":\"https:\\\/\\\/kuzeyinsesi.org\\\/\",\"name\":\"Kuzeyin Sesi\",\"description\":\"Do\u011fru Haberin Adresi\",\"potentialAction\":[{\"@type\":\"SearchAction\",\"target\":{\"@type\":\"EntryPoint\",\"urlTemplate\":\"https:\\\/\\\/kuzeyinsesi.org\\\/?s={search_term_string}\"},\"query-input\":{\"@type\":\"PropertyValueSpecification\",\"valueRequired\":true,\"valueName\":\"search_term_string\"}}],\"inLanguage\":\"tr\"},{\"@type\":\"Person\",\"@id\":\"https:\\\/\\\/kuzeyinsesi.org\\\/#\\\/schema\\\/person\\\/9f859689cdf01485597712386e37f5aa\",\"name\":\"Kuzeyin Sesi\",\"image\":{\"@type\":\"ImageObject\",\"inLanguage\":\"tr\",\"@id\":\"https:\\\/\\\/secure.gravatar.com\\\/avatar\\\/bab33852abfd8b282518d6ed81826833d77c3c882d9ab608add591ccace47a44?s=96&d=mm&r=g\",\"url\":\"https:\\\/\\\/secure.gravatar.com\\\/avatar\\\/bab33852abfd8b282518d6ed81826833d77c3c882d9ab608add591ccace47a44?s=96&d=mm&r=g\",\"contentUrl\":\"https:\\\/\\\/secure.gravatar.com\\\/avatar\\\/bab33852abfd8b282518d6ed81826833d77c3c882d9ab608add591ccace47a44?s=96&d=mm&r=g\",\"caption\":\"Kuzeyin Sesi\"},\"sameAs\":[\"https:\\\/\\\/kuzeyinsesi.org\"],\"url\":\"https:\\\/\\\/kuzeyinsesi.org\\\/index.php\\\/author\\\/guven\\\/\"}]}<\/script>\n<!-- \/ Yoast SEO plugin. -->","yoast_head_json":{"title":"Gen\u00e7lik Merkezi Birli\u011fi, Saraybosna Folklor Festivali\u2019ne kat\u0131ld\u0131 - Kuzeyin Sesi","robots":{"index":"index","follow":"follow","max-snippet":"max-snippet:-1","max-image-preview":"max-image-preview:large","max-video-preview":"max-video-preview:-1"},"canonical":"https:\/\/kuzeyinsesi.org\/index.php\/2024\/07\/25\/genclik-merkezi-birligi-saraybosna-folklor-festivaline-katildi\/","og_locale":"tr_TR","og_type":"article","og_title":"Gen\u00e7lik Merkezi Birli\u011fi, Saraybosna Folklor Festivali\u2019ne kat\u0131ld\u0131 - Kuzeyin Sesi","og_description":"Gen\u00e7lik Merkezi Birli\u011fi, 450\u2019nin \u00fczerinde kat\u0131l\u0131mc\u0131n\u0131n sahne ald\u0131\u011f\u0131 Saraybosna Folklor Festivali\u2019nde \u00fclkeyi temsil etti. Gen\u00e7lik Merkezi Birli\u011fi\u2019nin a\u00e7\u0131klamas\u0131na g\u00f6re, ilk kez 2022 y\u0131l\u0131nda d\u00fczenlenen festival, bu y\u0131l 18-21 Temmuz tarihleri aras\u0131nda yap\u0131ld\u0131. K\u00fclt\u00fcr ve Sanat Toplulu\u011fu Lola taraf\u0131ndan d\u00fczenlenen ve \u00fc\u00e7 g\u00fcn boyunca \u015fehrin \u00fc\u00e7 farkl\u0131 noktas\u0131nda yer alan Festivalde, Gen\u00e7lik Merkezi Birli\u011fi ekibi, e\u011fitmenleri [&hellip;]","og_url":"https:\/\/kuzeyinsesi.org\/index.php\/2024\/07\/25\/genclik-merkezi-birligi-saraybosna-folklor-festivaline-katildi\/","og_site_name":"Kuzeyin Sesi","article_publisher":"https:\/\/www.facebook.com\/kuzeyinsesii","article_published_time":"2024-07-25T17:23:46+00:00","og_image":[{"url":"https:\/\/brtk.net\/wp-content\/uploads\/2024\/07\/25\/genclik-merkezi-.jpeg?ver=02ea4f8b0354bc62454536f9add8627d","type":"","width":"","height":""}],"author":"Kuzeyin Sesi","twitter_card":"summary_large_image","twitter_creator":"@kuzeyinsesii","twitter_site":"@kuzeyinsesii","twitter_misc":{"Yazan:":"Kuzeyin Sesi","Tahmini okuma s\u00fcresi":"1 dakika"},"schema":{"@context":"https:\/\/schema.org","@graph":[{"@type":"Article","@id":"https:\/\/kuzeyinsesi.org\/index.php\/2024\/07\/25\/genclik-merkezi-birligi-saraybosna-folklor-festivaline-katildi\/#article","isPartOf":{"@id":"https:\/\/kuzeyinsesi.org\/index.php\/2024\/07\/25\/genclik-merkezi-birligi-saraybosna-folklor-festivaline-katildi\/"},"author":{"name":"Kuzeyin Sesi","@id":"https:\/\/kuzeyinsesi.org\/#\/schema\/person\/9f859689cdf01485597712386e37f5aa"},"headline":"Gen\u00e7lik Merkezi Birli\u011fi, Saraybosna Folklor Festivali\u2019ne kat\u0131ld\u0131","datePublished":"2024-07-25T17:23:46+00:00","mainEntityOfPage":{"@id":"https:\/\/kuzeyinsesi.org\/index.php\/2024\/07\/25\/genclik-merkezi-birligi-saraybosna-folklor-festivaline-katildi\/"},"wordCount":201,"commentCount":0,"image":{"@id":"https:\/\/kuzeyinsesi.org\/index.php\/2024\/07\/25\/genclik-merkezi-birligi-saraybosna-folklor-festivaline-katildi\/#primaryimage"},"thumbnailUrl":"https:\/\/kuzeyinsesi.org\/wp-content\/uploads\/2024\/07\/genclik-merkezi-.jpeg","articleSection":["Ya\u015fam"],"inLanguage":"tr","potentialAction":[{"@type":"CommentAction","name":"Comment","target":["https:\/\/kuzeyinsesi.org\/index.php\/2024\/07\/25\/genclik-merkezi-birligi-saraybosna-folklor-festivaline-katildi\/#respond"]}]},{"@type":"WebPage","@id":"https:\/\/kuzeyinsesi.org\/index.php\/2024\/07\/25\/genclik-merkezi-birligi-saraybosna-folklor-festivaline-katildi\/","url":"https:\/\/kuzeyinsesi.org\/index.php\/2024\/07\/25\/genclik-merkezi-birligi-saraybosna-folklor-festivaline-katildi\/","name":"Gen\u00e7lik Merkezi Birli\u011fi, Saraybosna Folklor Festivali\u2019ne kat\u0131ld\u0131 - Kuzeyin Sesi","isPartOf":{"@id":"https:\/\/kuzeyinsesi.org\/#website"},"primaryImageOfPage":{"@id":"https:\/\/kuzeyinsesi.org\/index.php\/2024\/07\/25\/genclik-merkezi-birligi-saraybosna-folklor-festivaline-katildi\/#primaryimage"},"image":{"@id":"https:\/\/kuzeyinsesi.org\/index.php\/2024\/07\/25\/genclik-merkezi-birligi-saraybosna-folklor-festivaline-katildi\/#primaryimage"},"thumbnailUrl":"https:\/\/kuzeyinsesi.org\/wp-content\/uploads\/2024\/07\/genclik-merkezi-.jpeg","datePublished":"2024-07-25T17:23:46+00:00","author":{"@id":"https:\/\/kuzeyinsesi.org\/#\/schema\/person\/9f859689cdf01485597712386e37f5aa"},"breadcrumb":{"@id":"https:\/\/kuzeyinsesi.org\/index.php\/2024\/07\/25\/genclik-merkezi-birligi-saraybosna-folklor-festivaline-katildi\/#breadcrumb"},"inLanguage":"tr","potentialAction":[{"@type":"ReadAction","target":["https:\/\/kuzeyinsesi.org\/index.php\/2024\/07\/25\/genclik-merkezi-birligi-saraybosna-folklor-festivaline-katildi\/"]}]},{"@type":"ImageObject","inLanguage":"tr","@id":"https:\/\/kuzeyinsesi.org\/index.php\/2024\/07\/25\/genclik-merkezi-birligi-saraybosna-folklor-festivaline-katildi\/#primaryimage","url":"https:\/\/kuzeyinsesi.org\/wp-content\/uploads\/2024\/07\/genclik-merkezi-.jpeg","contentUrl":"https:\/\/kuzeyinsesi.org\/wp-content\/uploads\/2024\/07\/genclik-merkezi-.jpeg","width":1292,"height":861},{"@type":"BreadcrumbList","@id":"https:\/\/kuzeyinsesi.org\/index.php\/2024\/07\/25\/genclik-merkezi-birligi-saraybosna-folklor-festivaline-katildi\/#breadcrumb","itemListElement":[{"@type":"ListItem","position":1,"name":"Anasayfa","item":"https:\/\/kuzeyinsesi.org\/"},{"@type":"ListItem","position":2,"name":"Gen\u00e7lik Merkezi Birli\u011fi, Saraybosna Folklor Festivali\u2019ne kat\u0131ld\u0131"}]},{"@type":"WebSite","@id":"https:\/\/kuzeyinsesi.org\/#website","url":"https:\/\/kuzeyinsesi.org\/","name":"Kuzeyin Sesi","description":"Do\u011fru Haberin Adresi","potentialAction":[{"@type":"SearchAction","target":{"@type":"EntryPoint","urlTemplate":"https:\/\/kuzeyinsesi.org\/?s={search_term_string}"},"query-input":{"@type":"PropertyValueSpecification","valueRequired":true,"valueName":"search_term_string"}}],"inLanguage":"tr"},{"@type":"Person","@id":"https:\/\/kuzeyinsesi.org\/#\/schema\/person\/9f859689cdf01485597712386e37f5aa","name":"Kuzeyin Sesi","image":{"@type":"ImageObject","inLanguage":"tr","@id":"https:\/\/secure.gravatar.com\/avatar\/bab33852abfd8b282518d6ed81826833d77c3c882d9ab608add591ccace47a44?s=96&d=mm&r=g","url":"https:\/\/secure.gravatar.com\/avatar\/bab33852abfd8b282518d6ed81826833d77c3c882d9ab608add591ccace47a44?s=96&d=mm&r=g","contentUrl":"https:\/\/secure.gravatar.com\/avatar\/bab33852abfd8b282518d6ed81826833d77c3c882d9ab608add591ccace47a44?s=96&d=mm&r=g","caption":"Kuzeyin Sesi"},"sameAs":["https:\/\/kuzeyinsesi.org"],"url":"https:\/\/kuzeyinsesi.org\/index.php\/author\/guven\/"}]}},"_links":{"self":[{"href":"https:\/\/kuzeyinsesi.org\/index.php\/wp-json\/wp\/v2\/posts\/6976","targetHints":{"allow":["GET"]}}],"collection":[{"href":"https:\/\/kuzeyinsesi.org\/index.php\/wp-json\/wp\/v2\/posts"}],"about":[{"href":"https:\/\/kuzeyinsesi.org\/index.php\/wp-json\/wp\/v2\/types\/post"}],"author":[{"embeddable":true,"href":"https:\/\/kuzeyinsesi.org\/index.php\/wp-json\/wp\/v2\/users\/1"}],"replies":[{"embeddable":true,"href":"https:\/\/kuzeyinsesi.org\/index.php\/wp-json\/wp\/v2\/comments?post=6976"}],"version-history":[{"count":0,"href":"https:\/\/kuzeyinsesi.org\/index.php\/wp-json\/wp\/v2\/posts\/6976\/revisions"}],"wp:featuredmedia":[{"embeddable":true,"href":"https:\/\/kuzeyinsesi.org\/index.php\/wp-json\/wp\/v2\/media\/6977"}],"wp:attachment":[{"href":"https:\/\/kuzeyinsesi.org\/index.php\/wp-json\/wp\/v2\/media?parent=6976"}],"wp:term":[{"taxonomy":"category","embeddable":true,"href":"https:\/\/kuzeyinsesi.org\/index.php\/wp-json\/wp\/v2\/categories?post=6976"},{"taxonomy":"post_tag","embeddable":true,"href":"https:\/\/kuzeyinsesi.org\/index.php\/wp-json\/wp\/v2\/tags?post=6976"}],"curies":[{"name":"wp","href":"https:\/\/api.w.org\/{rel}","templated":true}]}}