{"id":6972,"date":"2024-07-25T19:21:00","date_gmt":"2024-07-25T16:21:00","guid":{"rendered":"https:\/\/kuzeyinsesi.org\/index.php\/2024\/07\/25\/kibris-baris-harekatinin-50-yilina-binaen-iki-ciltlik-oyku-antolojisi-okurlarla-bulustu\/"},"modified":"2024-07-25T19:21:00","modified_gmt":"2024-07-25T16:21:00","slug":"kibris-baris-harekatinin-50-yilina-binaen-iki-ciltlik-oyku-antolojisi-okurlarla-bulustu","status":"publish","type":"post","link":"https:\/\/kuzeyinsesi.org\/index.php\/2024\/07\/25\/kibris-baris-harekatinin-50-yilina-binaen-iki-ciltlik-oyku-antolojisi-okurlarla-bulustu\/","title":{"rendered":"K\u0131br\u0131s Bar\u0131\u015f Harekat\u0131n\u0131n 50. y\u0131l\u0131na binaen iki ciltlik \u00f6yk\u00fc antolojisi okurlarla bulu\u015ftu"},"content":{"rendered":"<div>\n<div class=\"mariselle-image-container center\">\n                                            <\/div>\n<p>K\u0131br\u0131s\u2019\u0131 ele alan ve Bar\u0131\u015f Harekat\u0131n\u0131n 50. y\u0131l\u0131na binaen haz\u0131rlanan iki ciltlik \u00f6yk\u00fc antolojisi okurlarla bulu\u015ftu.<\/p>\n<p>Mahalle Mektebi dergisinden yap\u0131lan a\u00e7\u0131klamaya g\u00f6re, Lefko\u015fa Yunus Emre Enstit\u00fcs\u00fcn\u00fcn ev sahipli\u011finde K\u0131br\u0131s Vak\u0131flar \u0130daresi ve K\u0131br\u0131s Damla Derne\u011fi i\u015f birli\u011fi ile y\u00fcr\u00fct\u00fclen projede Mahalle Mektebi dergisi yazarlar\u0131, \u00fc\u00e7 y\u0131l s\u00fcren yazarl\u0131k at\u00f6lyesi ger\u00e7ekle\u015ftirdi.<\/p>\n<p>Uzun soluklu \u00e7al\u0131\u015fmalar\u0131n ve i\u015f birliklerin sonucunda \u201c74-Ye\u015fil Ada\u2019ya\u201d isimli antoloji Abdullah Kasay ve Tu\u011fba Ya\u015far taraf\u0131ndan, \u201c74-\u00c7a\u011fda\u015f K\u0131br\u0131s T\u00fcrk \u00d6yk\u00fcleri\u201d ise Prof. Dr. O\u011fuz Karakartal, Enes Y\u0131ld\u0131r\u0131m ve Tu\u011fba Ya\u015far taraf\u0131ndan yay\u0131na haz\u0131rland\u0131.<\/p>\n<p>Lefko\u015fa B\u00fcy\u00fckel\u00e7ili\u011fi\u2019nin himayelerinde, Lefko\u015fa YEE, Gen\u00e7lik ve Spor Bakanl\u0131\u011f\u0131 ile K\u0131br\u0131s Vak\u0131flar \u0130daresinin deste\u011fiyle \u00e7\u0131kan antoloji, Loras Yay\u0131nlar\u0131 taraf\u0131ndan yay\u0131mland\u0131.<\/p>\n<p>Antoloji i\u00e7erisinde at\u00f6lye kapsam\u0131nda ders veren isimlerden, Yunus Emre Enstit\u00fcs\u00fcn\u00fcn \u201cK\u0131br\u0131s 1974\u201d temal\u0131 \u00f6yk\u00fc yar\u0131\u015fmas\u0131nda dereceye giren \u00f6yk\u00fclerden ve K\u0131br\u0131s T\u00fcrk yazarlar\u0131n\u0131n eserlerinden bir derleme olu\u015fturuldu.<\/p>\n<p>\u2013 At\u00f6lye hakk\u0131nda<\/p>\n<p>K\u0131br\u0131s\u2019\u0131n hikayesini anlatmak, gen\u00e7lerin edebiyatla bulu\u015fmas\u0131n\u0131 sa\u011flamak, bilgi ve becerilerini geli\u015ftirerek k\u00fclt\u00fcrel birikimlerini art\u0131rmak hedefiyle yola \u00e7\u0131kan at\u00f6lyeye Abdullah Harmanc\u0131, Ali G\u00fcney, Abdullah Kasay, Mehmet Kahraman, Sad\u0131k Yals\u0131zu\u00e7anlar, \u00d6zlem G\u00f6kta\u015f, Ali Necip Erdo\u011fan, Orhan Gazi G\u00f6k\u00e7e, Abdullah \u0130pek, Muammer Ulut\u00fcrk, Burhan Yemi\u015f, Ulvi Kubilay D\u00fcndar, Fatih Cihat B\u00fcy\u00fckmatur, Zeynep Sayman ve \u00d6mer Korkmaz\u2019\u0131n aras\u0131nda oldu\u011fu alan\u0131nda uzman isimler konuk oldu.<\/p>\n<p>Program kapsam\u0131nda gen\u00e7ler, \u015fiirden sinemaya, g\u00f6rsel okuryazarl\u0131ktan nitelikli bilim yay\u0131nc\u0131l\u0131\u011f\u0131na geni\u015f bir yelpazede tasarlanan at\u00f6lyelere kat\u0131ld\u0131.<\/p>\n<p>Gen\u00e7lerin yazma yolculu\u011funa rehber olarak katk\u0131 sa\u011flayan usta isimler, gen\u00e7lere teorik ve uygulamal\u0131 e\u011fitimler verdi. Programda ayr\u0131ca \u00f6yk\u00fc yar\u0131\u015fmalar\u0131, yazar bulu\u015fmalar\u0131 ve s\u00f6yle\u015filer ger\u00e7ekle\u015ftirildi.<\/p>\n<p>A\u00e7\u0131klamada g\u00f6r\u00fc\u015flerine yer verilen at\u00f6lye koordinat\u00f6r\u00fc Tu\u011fba Ya\u015far, yazarl\u0131k at\u00f6lyelerinin katk\u0131s\u0131na dair \u201cT\u00fcrkiye ve Kuzey K\u0131br\u0131s T\u00fcrk edebiyat\u0131 aras\u0131nda bir kesi\u015fme yarat\u0131yor. T\u00fcrkiye\u2019den gelen yazarlar, buradaki yerel edebiyat unsurlar\u0131n\u0131 tan\u0131yarak \u00fclkelerine d\u00f6n\u00fcyorlar ve burada edindikleri bilgileri kendi eserlerine yans\u0131t\u0131yorlar. Ayr\u0131ca her y\u0131l d\u00fczenledi\u011fimiz Lefkara Edebiyat \u015e\u00f6leni ile her iki \u00fclkenin edebiyat\u00e7\u0131lar\u0131 bir araya gelerek bilgi ve deneyimlerini payla\u015f\u0131yorlar.\u201d ifadelerini kulland\u0131.<\/p>\n<p>Loras Yay\u0131nlar\u0131 yay\u0131n y\u00f6netmeni Ulvi Kubilay D\u00fcndar ise \u015funlar\u0131 kaydetti:<\/p>\n<p>\u201cK\u0131br\u0131s T\u00fcrk edebiyat\u0131na katk\u0131 sa\u011flayacak b\u00f6yle nitelikli bir projede yer alman\u0131n insan\u0131 sevindiren, g\u00f6z\u00fcn\u00fc dolduran bir yan\u0131 var. Harekat\u0131n 50\u2019inci y\u0131l\u0131na \u00f6zel olarak iki ciltlik bir antolojinin \u00e7\u0131kmas\u0131n\u0131 \u00e7ok \u00f6nemsiyorum ama bu programlar ile gen\u00e7lerimiz farkl\u0131 alanlardan nice isimle bulu\u015ftu. Ali G\u00fcney\u2019den inovasyon, k\u00fclt\u00fcr end\u00fcstrileri ve yay\u0131nc\u0131l\u0131k \u00f6zelinde bir ders al\u0131rken, Abdullah Harmanc\u0131 gibi bir k\u0131ymetli bir ustadan da edebiyat\u0131, kurmacay\u0131, yazarl\u0131\u011f\u0131 dinlediler. Bu bulu\u015fmalar\u0131, kesi\u015fimleri \u00e7ok \u00f6nemsiyoruz.\u201d<\/p>\n<\/p><\/div>\n<p><script async\n                    defer\n                    crossorigin=\"anonymous\"\n                    src=\"https:\/\/connect.facebook.net\/tr_TR\/sdk.js#xfbml=1&#038;version=v3.3\"\n            ><\/script><\/p>\n","protected":false},"excerpt":{"rendered":"<p>K\u0131br\u0131s\u2019\u0131 ele alan ve Bar\u0131\u015f Harekat\u0131n\u0131n 50. y\u0131l\u0131na binaen haz\u0131rlanan iki ciltlik \u00f6yk\u00fc antolojisi okurlarla bulu\u015ftu. Mahalle Mektebi dergisinden yap\u0131lan a\u00e7\u0131klamaya g\u00f6re, Lefko\u015fa Yunus Emre Enstit\u00fcs\u00fcn\u00fcn ev sahipli\u011finde K\u0131br\u0131s Vak\u0131flar \u0130daresi ve K\u0131br\u0131s Damla Derne\u011fi i\u015f birli\u011fi ile y\u00fcr\u00fct\u00fclen projede Mahalle Mektebi dergisi yazarlar\u0131, \u00fc\u00e7 y\u0131l s\u00fcren yazarl\u0131k at\u00f6lyesi ger\u00e7ekle\u015ftirdi. Uzun soluklu \u00e7al\u0131\u015fmalar\u0131n ve i\u015f [&hellip;]<\/p>\n","protected":false},"author":1,"featured_media":6973,"comment_status":"open","ping_status":"open","sticky":false,"template":"","format":"standard","meta":{"jnews-multi-image_gallery":[],"jnews_single_post":[],"jnews_primary_category":[],"jnews_social_meta":[],"jnews_override_counter":[],"footnotes":""},"categories":[6],"tags":[],"class_list":["post-6972","post","type-post","status-publish","format-standard","has-post-thumbnail","hentry","category-yasam"],"yoast_head":"<!-- This site is optimized with the Yoast SEO plugin v27.5 - https:\/\/yoast.com\/product\/yoast-seo-wordpress\/ -->\n<title>K\u0131br\u0131s Bar\u0131\u015f Harekat\u0131n\u0131n 50. y\u0131l\u0131na binaen iki ciltlik \u00f6yk\u00fc antolojisi okurlarla bulu\u015ftu - Kuzeyin Sesi<\/title>\n<meta name=\"robots\" content=\"index, follow, max-snippet:-1, max-image-preview:large, max-video-preview:-1\" \/>\n<link rel=\"canonical\" href=\"https:\/\/kuzeyinsesi.org\/index.php\/2024\/07\/25\/kibris-baris-harekatinin-50-yilina-binaen-iki-ciltlik-oyku-antolojisi-okurlarla-bulustu\/\" \/>\n<meta property=\"og:locale\" content=\"tr_TR\" \/>\n<meta property=\"og:type\" content=\"article\" \/>\n<meta property=\"og:title\" content=\"K\u0131br\u0131s Bar\u0131\u015f Harekat\u0131n\u0131n 50. y\u0131l\u0131na binaen iki ciltlik \u00f6yk\u00fc antolojisi okurlarla bulu\u015ftu - Kuzeyin Sesi\" \/>\n<meta property=\"og:description\" content=\"K\u0131br\u0131s\u2019\u0131 ele alan ve Bar\u0131\u015f Harekat\u0131n\u0131n 50. y\u0131l\u0131na binaen haz\u0131rlanan iki ciltlik \u00f6yk\u00fc antolojisi okurlarla bulu\u015ftu. Mahalle Mektebi dergisinden yap\u0131lan a\u00e7\u0131klamaya g\u00f6re, Lefko\u015fa Yunus Emre Enstit\u00fcs\u00fcn\u00fcn ev sahipli\u011finde K\u0131br\u0131s Vak\u0131flar \u0130daresi ve K\u0131br\u0131s Damla Derne\u011fi i\u015f birli\u011fi ile y\u00fcr\u00fct\u00fclen projede Mahalle Mektebi dergisi yazarlar\u0131, \u00fc\u00e7 y\u0131l s\u00fcren yazarl\u0131k at\u00f6lyesi ger\u00e7ekle\u015ftirdi. Uzun soluklu \u00e7al\u0131\u015fmalar\u0131n ve i\u015f [&hellip;]\" \/>\n<meta property=\"og:url\" content=\"https:\/\/kuzeyinsesi.org\/index.php\/2024\/07\/25\/kibris-baris-harekatinin-50-yilina-binaen-iki-ciltlik-oyku-antolojisi-okurlarla-bulustu\/\" \/>\n<meta property=\"og:site_name\" content=\"Kuzeyin Sesi\" \/>\n<meta property=\"article:publisher\" content=\"https:\/\/www.facebook.com\/kuzeyinsesii\" \/>\n<meta property=\"article:published_time\" content=\"2024-07-25T16:21:00+00:00\" \/>\n<meta property=\"og:image\" content=\"https:\/\/brtk.net\/wp-content\/uploads\/2024\/07\/25\/ekran-goruntusu-2024-07-25-155937.png?ver=0f5a0e621bee26fca5c70ee3044e7ff0\" \/>\n<meta name=\"author\" content=\"Kuzeyin Sesi\" \/>\n<meta name=\"twitter:card\" content=\"summary_large_image\" \/>\n<meta name=\"twitter:creator\" content=\"@kuzeyinsesii\" \/>\n<meta name=\"twitter:site\" content=\"@kuzeyinsesii\" \/>\n<meta name=\"twitter:label1\" content=\"Yazan:\" \/>\n\t<meta name=\"twitter:data1\" content=\"Kuzeyin Sesi\" \/>\n\t<meta name=\"twitter:label2\" content=\"Tahmini okuma s\u00fcresi\" \/>\n\t<meta name=\"twitter:data2\" content=\"3 dakika\" \/>\n<script type=\"application\/ld+json\" class=\"yoast-schema-graph\">{\"@context\":\"https:\\\/\\\/schema.org\",\"@graph\":[{\"@type\":\"Article\",\"@id\":\"https:\\\/\\\/kuzeyinsesi.org\\\/index.php\\\/2024\\\/07\\\/25\\\/kibris-baris-harekatinin-50-yilina-binaen-iki-ciltlik-oyku-antolojisi-okurlarla-bulustu\\\/#article\",\"isPartOf\":{\"@id\":\"https:\\\/\\\/kuzeyinsesi.org\\\/index.php\\\/2024\\\/07\\\/25\\\/kibris-baris-harekatinin-50-yilina-binaen-iki-ciltlik-oyku-antolojisi-okurlarla-bulustu\\\/\"},\"author\":{\"name\":\"Kuzeyin Sesi\",\"@id\":\"https:\\\/\\\/kuzeyinsesi.org\\\/#\\\/schema\\\/person\\\/9f859689cdf01485597712386e37f5aa\"},\"headline\":\"K\u0131br\u0131s Bar\u0131\u015f Harekat\u0131n\u0131n 50. y\u0131l\u0131na binaen iki ciltlik \u00f6yk\u00fc antolojisi okurlarla bulu\u015ftu\",\"datePublished\":\"2024-07-25T16:21:00+00:00\",\"mainEntityOfPage\":{\"@id\":\"https:\\\/\\\/kuzeyinsesi.org\\\/index.php\\\/2024\\\/07\\\/25\\\/kibris-baris-harekatinin-50-yilina-binaen-iki-ciltlik-oyku-antolojisi-okurlarla-bulustu\\\/\"},\"wordCount\":585,\"commentCount\":0,\"image\":{\"@id\":\"https:\\\/\\\/kuzeyinsesi.org\\\/index.php\\\/2024\\\/07\\\/25\\\/kibris-baris-harekatinin-50-yilina-binaen-iki-ciltlik-oyku-antolojisi-okurlarla-bulustu\\\/#primaryimage\"},\"thumbnailUrl\":\"https:\\\/\\\/kuzeyinsesi.org\\\/wp-content\\\/uploads\\\/2024\\\/07\\\/ekran-goruntusu-2024-07-25-155937.png\",\"articleSection\":[\"Ya\u015fam\"],\"inLanguage\":\"tr\",\"potentialAction\":[{\"@type\":\"CommentAction\",\"name\":\"Comment\",\"target\":[\"https:\\\/\\\/kuzeyinsesi.org\\\/index.php\\\/2024\\\/07\\\/25\\\/kibris-baris-harekatinin-50-yilina-binaen-iki-ciltlik-oyku-antolojisi-okurlarla-bulustu\\\/#respond\"]}]},{\"@type\":\"WebPage\",\"@id\":\"https:\\\/\\\/kuzeyinsesi.org\\\/index.php\\\/2024\\\/07\\\/25\\\/kibris-baris-harekatinin-50-yilina-binaen-iki-ciltlik-oyku-antolojisi-okurlarla-bulustu\\\/\",\"url\":\"https:\\\/\\\/kuzeyinsesi.org\\\/index.php\\\/2024\\\/07\\\/25\\\/kibris-baris-harekatinin-50-yilina-binaen-iki-ciltlik-oyku-antolojisi-okurlarla-bulustu\\\/\",\"name\":\"K\u0131br\u0131s Bar\u0131\u015f Harekat\u0131n\u0131n 50. y\u0131l\u0131na binaen iki ciltlik \u00f6yk\u00fc antolojisi okurlarla bulu\u015ftu - Kuzeyin Sesi\",\"isPartOf\":{\"@id\":\"https:\\\/\\\/kuzeyinsesi.org\\\/#website\"},\"primaryImageOfPage\":{\"@id\":\"https:\\\/\\\/kuzeyinsesi.org\\\/index.php\\\/2024\\\/07\\\/25\\\/kibris-baris-harekatinin-50-yilina-binaen-iki-ciltlik-oyku-antolojisi-okurlarla-bulustu\\\/#primaryimage\"},\"image\":{\"@id\":\"https:\\\/\\\/kuzeyinsesi.org\\\/index.php\\\/2024\\\/07\\\/25\\\/kibris-baris-harekatinin-50-yilina-binaen-iki-ciltlik-oyku-antolojisi-okurlarla-bulustu\\\/#primaryimage\"},\"thumbnailUrl\":\"https:\\\/\\\/kuzeyinsesi.org\\\/wp-content\\\/uploads\\\/2024\\\/07\\\/ekran-goruntusu-2024-07-25-155937.png\",\"datePublished\":\"2024-07-25T16:21:00+00:00\",\"author\":{\"@id\":\"https:\\\/\\\/kuzeyinsesi.org\\\/#\\\/schema\\\/person\\\/9f859689cdf01485597712386e37f5aa\"},\"breadcrumb\":{\"@id\":\"https:\\\/\\\/kuzeyinsesi.org\\\/index.php\\\/2024\\\/07\\\/25\\\/kibris-baris-harekatinin-50-yilina-binaen-iki-ciltlik-oyku-antolojisi-okurlarla-bulustu\\\/#breadcrumb\"},\"inLanguage\":\"tr\",\"potentialAction\":[{\"@type\":\"ReadAction\",\"target\":[\"https:\\\/\\\/kuzeyinsesi.org\\\/index.php\\\/2024\\\/07\\\/25\\\/kibris-baris-harekatinin-50-yilina-binaen-iki-ciltlik-oyku-antolojisi-okurlarla-bulustu\\\/\"]}]},{\"@type\":\"ImageObject\",\"inLanguage\":\"tr\",\"@id\":\"https:\\\/\\\/kuzeyinsesi.org\\\/index.php\\\/2024\\\/07\\\/25\\\/kibris-baris-harekatinin-50-yilina-binaen-iki-ciltlik-oyku-antolojisi-okurlarla-bulustu\\\/#primaryimage\",\"url\":\"https:\\\/\\\/kuzeyinsesi.org\\\/wp-content\\\/uploads\\\/2024\\\/07\\\/ekran-goruntusu-2024-07-25-155937.png\",\"contentUrl\":\"https:\\\/\\\/kuzeyinsesi.org\\\/wp-content\\\/uploads\\\/2024\\\/07\\\/ekran-goruntusu-2024-07-25-155937.png\",\"width\":505,\"height\":349},{\"@type\":\"BreadcrumbList\",\"@id\":\"https:\\\/\\\/kuzeyinsesi.org\\\/index.php\\\/2024\\\/07\\\/25\\\/kibris-baris-harekatinin-50-yilina-binaen-iki-ciltlik-oyku-antolojisi-okurlarla-bulustu\\\/#breadcrumb\",\"itemListElement\":[{\"@type\":\"ListItem\",\"position\":1,\"name\":\"Anasayfa\",\"item\":\"https:\\\/\\\/kuzeyinsesi.org\\\/\"},{\"@type\":\"ListItem\",\"position\":2,\"name\":\"K\u0131br\u0131s Bar\u0131\u015f Harekat\u0131n\u0131n 50. y\u0131l\u0131na binaen iki ciltlik \u00f6yk\u00fc antolojisi okurlarla bulu\u015ftu\"}]},{\"@type\":\"WebSite\",\"@id\":\"https:\\\/\\\/kuzeyinsesi.org\\\/#website\",\"url\":\"https:\\\/\\\/kuzeyinsesi.org\\\/\",\"name\":\"Kuzeyin Sesi\",\"description\":\"Do\u011fru Haberin Adresi\",\"potentialAction\":[{\"@type\":\"SearchAction\",\"target\":{\"@type\":\"EntryPoint\",\"urlTemplate\":\"https:\\\/\\\/kuzeyinsesi.org\\\/?s={search_term_string}\"},\"query-input\":{\"@type\":\"PropertyValueSpecification\",\"valueRequired\":true,\"valueName\":\"search_term_string\"}}],\"inLanguage\":\"tr\"},{\"@type\":\"Person\",\"@id\":\"https:\\\/\\\/kuzeyinsesi.org\\\/#\\\/schema\\\/person\\\/9f859689cdf01485597712386e37f5aa\",\"name\":\"Kuzeyin Sesi\",\"image\":{\"@type\":\"ImageObject\",\"inLanguage\":\"tr\",\"@id\":\"https:\\\/\\\/secure.gravatar.com\\\/avatar\\\/bab33852abfd8b282518d6ed81826833d77c3c882d9ab608add591ccace47a44?s=96&d=mm&r=g\",\"url\":\"https:\\\/\\\/secure.gravatar.com\\\/avatar\\\/bab33852abfd8b282518d6ed81826833d77c3c882d9ab608add591ccace47a44?s=96&d=mm&r=g\",\"contentUrl\":\"https:\\\/\\\/secure.gravatar.com\\\/avatar\\\/bab33852abfd8b282518d6ed81826833d77c3c882d9ab608add591ccace47a44?s=96&d=mm&r=g\",\"caption\":\"Kuzeyin Sesi\"},\"sameAs\":[\"https:\\\/\\\/kuzeyinsesi.org\"],\"url\":\"https:\\\/\\\/kuzeyinsesi.org\\\/index.php\\\/author\\\/guven\\\/\"}]}<\/script>\n<!-- \/ Yoast SEO plugin. -->","yoast_head_json":{"title":"K\u0131br\u0131s Bar\u0131\u015f Harekat\u0131n\u0131n 50. y\u0131l\u0131na binaen iki ciltlik \u00f6yk\u00fc antolojisi okurlarla bulu\u015ftu - Kuzeyin Sesi","robots":{"index":"index","follow":"follow","max-snippet":"max-snippet:-1","max-image-preview":"max-image-preview:large","max-video-preview":"max-video-preview:-1"},"canonical":"https:\/\/kuzeyinsesi.org\/index.php\/2024\/07\/25\/kibris-baris-harekatinin-50-yilina-binaen-iki-ciltlik-oyku-antolojisi-okurlarla-bulustu\/","og_locale":"tr_TR","og_type":"article","og_title":"K\u0131br\u0131s Bar\u0131\u015f Harekat\u0131n\u0131n 50. y\u0131l\u0131na binaen iki ciltlik \u00f6yk\u00fc antolojisi okurlarla bulu\u015ftu - Kuzeyin Sesi","og_description":"K\u0131br\u0131s\u2019\u0131 ele alan ve Bar\u0131\u015f Harekat\u0131n\u0131n 50. y\u0131l\u0131na binaen haz\u0131rlanan iki ciltlik \u00f6yk\u00fc antolojisi okurlarla bulu\u015ftu. Mahalle Mektebi dergisinden yap\u0131lan a\u00e7\u0131klamaya g\u00f6re, Lefko\u015fa Yunus Emre Enstit\u00fcs\u00fcn\u00fcn ev sahipli\u011finde K\u0131br\u0131s Vak\u0131flar \u0130daresi ve K\u0131br\u0131s Damla Derne\u011fi i\u015f birli\u011fi ile y\u00fcr\u00fct\u00fclen projede Mahalle Mektebi dergisi yazarlar\u0131, \u00fc\u00e7 y\u0131l s\u00fcren yazarl\u0131k at\u00f6lyesi ger\u00e7ekle\u015ftirdi. Uzun soluklu \u00e7al\u0131\u015fmalar\u0131n ve i\u015f [&hellip;]","og_url":"https:\/\/kuzeyinsesi.org\/index.php\/2024\/07\/25\/kibris-baris-harekatinin-50-yilina-binaen-iki-ciltlik-oyku-antolojisi-okurlarla-bulustu\/","og_site_name":"Kuzeyin Sesi","article_publisher":"https:\/\/www.facebook.com\/kuzeyinsesii","article_published_time":"2024-07-25T16:21:00+00:00","og_image":[{"url":"https:\/\/brtk.net\/wp-content\/uploads\/2024\/07\/25\/ekran-goruntusu-2024-07-25-155937.png?ver=0f5a0e621bee26fca5c70ee3044e7ff0","type":"","width":"","height":""}],"author":"Kuzeyin Sesi","twitter_card":"summary_large_image","twitter_creator":"@kuzeyinsesii","twitter_site":"@kuzeyinsesii","twitter_misc":{"Yazan:":"Kuzeyin Sesi","Tahmini okuma s\u00fcresi":"3 dakika"},"schema":{"@context":"https:\/\/schema.org","@graph":[{"@type":"Article","@id":"https:\/\/kuzeyinsesi.org\/index.php\/2024\/07\/25\/kibris-baris-harekatinin-50-yilina-binaen-iki-ciltlik-oyku-antolojisi-okurlarla-bulustu\/#article","isPartOf":{"@id":"https:\/\/kuzeyinsesi.org\/index.php\/2024\/07\/25\/kibris-baris-harekatinin-50-yilina-binaen-iki-ciltlik-oyku-antolojisi-okurlarla-bulustu\/"},"author":{"name":"Kuzeyin Sesi","@id":"https:\/\/kuzeyinsesi.org\/#\/schema\/person\/9f859689cdf01485597712386e37f5aa"},"headline":"K\u0131br\u0131s Bar\u0131\u015f Harekat\u0131n\u0131n 50. y\u0131l\u0131na binaen iki ciltlik \u00f6yk\u00fc antolojisi okurlarla bulu\u015ftu","datePublished":"2024-07-25T16:21:00+00:00","mainEntityOfPage":{"@id":"https:\/\/kuzeyinsesi.org\/index.php\/2024\/07\/25\/kibris-baris-harekatinin-50-yilina-binaen-iki-ciltlik-oyku-antolojisi-okurlarla-bulustu\/"},"wordCount":585,"commentCount":0,"image":{"@id":"https:\/\/kuzeyinsesi.org\/index.php\/2024\/07\/25\/kibris-baris-harekatinin-50-yilina-binaen-iki-ciltlik-oyku-antolojisi-okurlarla-bulustu\/#primaryimage"},"thumbnailUrl":"https:\/\/kuzeyinsesi.org\/wp-content\/uploads\/2024\/07\/ekran-goruntusu-2024-07-25-155937.png","articleSection":["Ya\u015fam"],"inLanguage":"tr","potentialAction":[{"@type":"CommentAction","name":"Comment","target":["https:\/\/kuzeyinsesi.org\/index.php\/2024\/07\/25\/kibris-baris-harekatinin-50-yilina-binaen-iki-ciltlik-oyku-antolojisi-okurlarla-bulustu\/#respond"]}]},{"@type":"WebPage","@id":"https:\/\/kuzeyinsesi.org\/index.php\/2024\/07\/25\/kibris-baris-harekatinin-50-yilina-binaen-iki-ciltlik-oyku-antolojisi-okurlarla-bulustu\/","url":"https:\/\/kuzeyinsesi.org\/index.php\/2024\/07\/25\/kibris-baris-harekatinin-50-yilina-binaen-iki-ciltlik-oyku-antolojisi-okurlarla-bulustu\/","name":"K\u0131br\u0131s Bar\u0131\u015f Harekat\u0131n\u0131n 50. y\u0131l\u0131na binaen iki ciltlik \u00f6yk\u00fc antolojisi okurlarla bulu\u015ftu - Kuzeyin Sesi","isPartOf":{"@id":"https:\/\/kuzeyinsesi.org\/#website"},"primaryImageOfPage":{"@id":"https:\/\/kuzeyinsesi.org\/index.php\/2024\/07\/25\/kibris-baris-harekatinin-50-yilina-binaen-iki-ciltlik-oyku-antolojisi-okurlarla-bulustu\/#primaryimage"},"image":{"@id":"https:\/\/kuzeyinsesi.org\/index.php\/2024\/07\/25\/kibris-baris-harekatinin-50-yilina-binaen-iki-ciltlik-oyku-antolojisi-okurlarla-bulustu\/#primaryimage"},"thumbnailUrl":"https:\/\/kuzeyinsesi.org\/wp-content\/uploads\/2024\/07\/ekran-goruntusu-2024-07-25-155937.png","datePublished":"2024-07-25T16:21:00+00:00","author":{"@id":"https:\/\/kuzeyinsesi.org\/#\/schema\/person\/9f859689cdf01485597712386e37f5aa"},"breadcrumb":{"@id":"https:\/\/kuzeyinsesi.org\/index.php\/2024\/07\/25\/kibris-baris-harekatinin-50-yilina-binaen-iki-ciltlik-oyku-antolojisi-okurlarla-bulustu\/#breadcrumb"},"inLanguage":"tr","potentialAction":[{"@type":"ReadAction","target":["https:\/\/kuzeyinsesi.org\/index.php\/2024\/07\/25\/kibris-baris-harekatinin-50-yilina-binaen-iki-ciltlik-oyku-antolojisi-okurlarla-bulustu\/"]}]},{"@type":"ImageObject","inLanguage":"tr","@id":"https:\/\/kuzeyinsesi.org\/index.php\/2024\/07\/25\/kibris-baris-harekatinin-50-yilina-binaen-iki-ciltlik-oyku-antolojisi-okurlarla-bulustu\/#primaryimage","url":"https:\/\/kuzeyinsesi.org\/wp-content\/uploads\/2024\/07\/ekran-goruntusu-2024-07-25-155937.png","contentUrl":"https:\/\/kuzeyinsesi.org\/wp-content\/uploads\/2024\/07\/ekran-goruntusu-2024-07-25-155937.png","width":505,"height":349},{"@type":"BreadcrumbList","@id":"https:\/\/kuzeyinsesi.org\/index.php\/2024\/07\/25\/kibris-baris-harekatinin-50-yilina-binaen-iki-ciltlik-oyku-antolojisi-okurlarla-bulustu\/#breadcrumb","itemListElement":[{"@type":"ListItem","position":1,"name":"Anasayfa","item":"https:\/\/kuzeyinsesi.org\/"},{"@type":"ListItem","position":2,"name":"K\u0131br\u0131s Bar\u0131\u015f Harekat\u0131n\u0131n 50. y\u0131l\u0131na binaen iki ciltlik \u00f6yk\u00fc antolojisi okurlarla bulu\u015ftu"}]},{"@type":"WebSite","@id":"https:\/\/kuzeyinsesi.org\/#website","url":"https:\/\/kuzeyinsesi.org\/","name":"Kuzeyin Sesi","description":"Do\u011fru Haberin Adresi","potentialAction":[{"@type":"SearchAction","target":{"@type":"EntryPoint","urlTemplate":"https:\/\/kuzeyinsesi.org\/?s={search_term_string}"},"query-input":{"@type":"PropertyValueSpecification","valueRequired":true,"valueName":"search_term_string"}}],"inLanguage":"tr"},{"@type":"Person","@id":"https:\/\/kuzeyinsesi.org\/#\/schema\/person\/9f859689cdf01485597712386e37f5aa","name":"Kuzeyin Sesi","image":{"@type":"ImageObject","inLanguage":"tr","@id":"https:\/\/secure.gravatar.com\/avatar\/bab33852abfd8b282518d6ed81826833d77c3c882d9ab608add591ccace47a44?s=96&d=mm&r=g","url":"https:\/\/secure.gravatar.com\/avatar\/bab33852abfd8b282518d6ed81826833d77c3c882d9ab608add591ccace47a44?s=96&d=mm&r=g","contentUrl":"https:\/\/secure.gravatar.com\/avatar\/bab33852abfd8b282518d6ed81826833d77c3c882d9ab608add591ccace47a44?s=96&d=mm&r=g","caption":"Kuzeyin Sesi"},"sameAs":["https:\/\/kuzeyinsesi.org"],"url":"https:\/\/kuzeyinsesi.org\/index.php\/author\/guven\/"}]}},"_links":{"self":[{"href":"https:\/\/kuzeyinsesi.org\/index.php\/wp-json\/wp\/v2\/posts\/6972","targetHints":{"allow":["GET"]}}],"collection":[{"href":"https:\/\/kuzeyinsesi.org\/index.php\/wp-json\/wp\/v2\/posts"}],"about":[{"href":"https:\/\/kuzeyinsesi.org\/index.php\/wp-json\/wp\/v2\/types\/post"}],"author":[{"embeddable":true,"href":"https:\/\/kuzeyinsesi.org\/index.php\/wp-json\/wp\/v2\/users\/1"}],"replies":[{"embeddable":true,"href":"https:\/\/kuzeyinsesi.org\/index.php\/wp-json\/wp\/v2\/comments?post=6972"}],"version-history":[{"count":0,"href":"https:\/\/kuzeyinsesi.org\/index.php\/wp-json\/wp\/v2\/posts\/6972\/revisions"}],"wp:featuredmedia":[{"embeddable":true,"href":"https:\/\/kuzeyinsesi.org\/index.php\/wp-json\/wp\/v2\/media\/6973"}],"wp:attachment":[{"href":"https:\/\/kuzeyinsesi.org\/index.php\/wp-json\/wp\/v2\/media?parent=6972"}],"wp:term":[{"taxonomy":"category","embeddable":true,"href":"https:\/\/kuzeyinsesi.org\/index.php\/wp-json\/wp\/v2\/categories?post=6972"},{"taxonomy":"post_tag","embeddable":true,"href":"https:\/\/kuzeyinsesi.org\/index.php\/wp-json\/wp\/v2\/tags?post=6972"}],"curies":[{"name":"wp","href":"https:\/\/api.w.org\/{rel}","templated":true}]}}