{"id":6960,"date":"2024-07-25T16:16:59","date_gmt":"2024-07-25T13:16:59","guid":{"rendered":"https:\/\/kuzeyinsesi.org\/index.php\/2024\/07\/25\/dau-guzel-sanatlar-egitimi-bolumu-korosu-kibris-turk-baris-kuvvetleri-marsinin-seslendirilmesinde-yer-aldi\/"},"modified":"2024-07-25T16:16:59","modified_gmt":"2024-07-25T13:16:59","slug":"dau-guzel-sanatlar-egitimi-bolumu-korosu-kibris-turk-baris-kuvvetleri-marsinin-seslendirilmesinde-yer-aldi","status":"publish","type":"post","link":"https:\/\/kuzeyinsesi.org\/index.php\/2024\/07\/25\/dau-guzel-sanatlar-egitimi-bolumu-korosu-kibris-turk-baris-kuvvetleri-marsinin-seslendirilmesinde-yer-aldi\/","title":{"rendered":"DA\u00dc G\u00fczel Sanatlar E\u011fitimi B\u00f6l\u00fcm\u00fc Korosu, \u201cK\u0131br\u0131s T\u00fcrk Bar\u0131\u015f Kuvvetleri Mar\u015f\u0131\u201dn\u0131n seslendirilmesinde yer ald\u0131"},"content":{"rendered":"<div>\n<div class=\"mariselle-image-container center\">\n                                            <\/div>\n<p>Do\u011fu Akdeniz \u00dcniversitesi (DA\u00dc) E\u011fitim Fak\u00fcltesi, G\u00fczel Sanatlar E\u011fitimi B\u00f6l\u00fcm\u00fc M\u00fczik \u00d6\u011fretmenli\u011fi Program\u0131 Korosu, K\u0131br\u0131s T\u00fcrk Bar\u0131\u015f Kuvvetleri B\u00f6lge Komutanl\u0131\u011f\u0131 taraf\u0131ndan K\u0131br\u0131s Bar\u0131\u015f Harekat\u0131\u2019n\u0131n 50. y\u0131l\u0131 nedeniyle haz\u0131rlanan \u201cK\u0131br\u0131s T\u00fcrk Bar\u0131\u015f Kuvvetleri Mar\u015f\u0131\u201dn\u0131n seslendirilmesinde yer ald\u0131.<\/p>\n<p>DA\u00dc Halkla \u0130li\u015fkiler ve Medya M\u00fcd\u00fcrl\u00fc\u011f\u00fc\u2019nden yap\u0131lan a\u00e7\u0131klamaya g\u00f6re, s\u00f6z ve m\u00fczi\u011fi Bando Binba\u015f\u0131 Hakan \u00d6zgen\u2019e ait olan mar\u015f, G\u00fcvenlik Kuvvetleri Bando Komutanl\u0131\u011f\u0131 ve DA\u00dc E\u011fitim Fak\u00fcltesi, G\u00fczel Sanatlar E\u011fitimi B\u00f6l\u00fcm\u00fc M\u00fczik \u00d6\u011fretmenli\u011fi Program\u0131 Korosu taraf\u0131ndan seslendirildi. Mar\u015f\u0131n kayd\u0131 ise DA\u00dc Rauf Raif Denkta\u015f K\u00fclt\u00fcr ve Kongre Saray\u0131\u2019nda (RRDKS) yap\u0131ld\u0131.<\/p>\n<p>\u201cK\u0131br\u0131s T\u00fcrk Bar\u0131\u015f Kuvvetleri Mar\u015f\u0131\u201dn\u0131n seslendirilmesi s\u0131ras\u0131nda bando \u015fefi olarak Bando Binba\u015f\u0131 Hakan \u00d6zgen g\u00f6rev al\u0131rken, koro \u015fefli\u011fi g\u00f6revini DA\u00dc E\u011fitim Fak\u00fcltesi, G\u00fczel Sanatlar E\u011fitimi B\u00f6l\u00fcm\u00fc M\u00fczik \u00d6\u011fretmenli\u011fi Program\u0131 \u00d6\u011fretim G\u00f6revlisi Erkan Da\u011fl\u0131 \u00fcstlendi.<\/p>\n<\/p><\/div>\n<p><script async\n                    defer\n                    crossorigin=\"anonymous\"\n                    src=\"https:\/\/connect.facebook.net\/tr_TR\/sdk.js#xfbml=1&#038;version=v3.3\"\n            ><\/script><\/p>\n","protected":false},"excerpt":{"rendered":"<p>Do\u011fu Akdeniz \u00dcniversitesi (DA\u00dc) E\u011fitim Fak\u00fcltesi, G\u00fczel Sanatlar E\u011fitimi B\u00f6l\u00fcm\u00fc M\u00fczik \u00d6\u011fretmenli\u011fi Program\u0131 Korosu, K\u0131br\u0131s T\u00fcrk Bar\u0131\u015f Kuvvetleri B\u00f6lge Komutanl\u0131\u011f\u0131 taraf\u0131ndan K\u0131br\u0131s Bar\u0131\u015f Harekat\u0131\u2019n\u0131n 50. y\u0131l\u0131 nedeniyle haz\u0131rlanan \u201cK\u0131br\u0131s T\u00fcrk Bar\u0131\u015f Kuvvetleri Mar\u015f\u0131\u201dn\u0131n seslendirilmesinde yer ald\u0131. DA\u00dc Halkla \u0130li\u015fkiler ve Medya M\u00fcd\u00fcrl\u00fc\u011f\u00fc\u2019nden yap\u0131lan a\u00e7\u0131klamaya g\u00f6re, s\u00f6z ve m\u00fczi\u011fi Bando Binba\u015f\u0131 Hakan \u00d6zgen\u2019e ait olan mar\u015f, [&hellip;]<\/p>\n","protected":false},"author":1,"featured_media":6961,"comment_status":"open","ping_status":"open","sticky":false,"template":"","format":"standard","meta":{"jnews-multi-image_gallery":[],"jnews_single_post":[],"jnews_primary_category":[],"jnews_social_meta":[],"jnews_override_counter":[],"footnotes":""},"categories":[6],"tags":[],"class_list":["post-6960","post","type-post","status-publish","format-standard","has-post-thumbnail","hentry","category-yasam"],"yoast_head":"<!-- This site is optimized with the Yoast SEO plugin v27.5 - https:\/\/yoast.com\/product\/yoast-seo-wordpress\/ -->\n<title>DA\u00dc G\u00fczel Sanatlar E\u011fitimi B\u00f6l\u00fcm\u00fc Korosu, \u201cK\u0131br\u0131s T\u00fcrk Bar\u0131\u015f Kuvvetleri Mar\u015f\u0131\u201dn\u0131n seslendirilmesinde yer ald\u0131 - Kuzeyin Sesi<\/title>\n<meta name=\"robots\" content=\"index, follow, max-snippet:-1, max-image-preview:large, max-video-preview:-1\" \/>\n<link rel=\"canonical\" href=\"https:\/\/kuzeyinsesi.org\/index.php\/2024\/07\/25\/dau-guzel-sanatlar-egitimi-bolumu-korosu-kibris-turk-baris-kuvvetleri-marsinin-seslendirilmesinde-yer-aldi\/\" \/>\n<meta property=\"og:locale\" content=\"tr_TR\" \/>\n<meta property=\"og:type\" content=\"article\" \/>\n<meta property=\"og:title\" content=\"DA\u00dc G\u00fczel Sanatlar E\u011fitimi B\u00f6l\u00fcm\u00fc Korosu, \u201cK\u0131br\u0131s T\u00fcrk Bar\u0131\u015f Kuvvetleri Mar\u015f\u0131\u201dn\u0131n seslendirilmesinde yer ald\u0131 - Kuzeyin Sesi\" \/>\n<meta property=\"og:description\" content=\"Do\u011fu Akdeniz \u00dcniversitesi (DA\u00dc) E\u011fitim Fak\u00fcltesi, G\u00fczel Sanatlar E\u011fitimi B\u00f6l\u00fcm\u00fc M\u00fczik \u00d6\u011fretmenli\u011fi Program\u0131 Korosu, K\u0131br\u0131s T\u00fcrk Bar\u0131\u015f Kuvvetleri B\u00f6lge Komutanl\u0131\u011f\u0131 taraf\u0131ndan K\u0131br\u0131s Bar\u0131\u015f Harekat\u0131\u2019n\u0131n 50. y\u0131l\u0131 nedeniyle haz\u0131rlanan \u201cK\u0131br\u0131s T\u00fcrk Bar\u0131\u015f Kuvvetleri Mar\u015f\u0131\u201dn\u0131n seslendirilmesinde yer ald\u0131. DA\u00dc Halkla \u0130li\u015fkiler ve Medya M\u00fcd\u00fcrl\u00fc\u011f\u00fc\u2019nden yap\u0131lan a\u00e7\u0131klamaya g\u00f6re, s\u00f6z ve m\u00fczi\u011fi Bando Binba\u015f\u0131 Hakan \u00d6zgen\u2019e ait olan mar\u015f, [&hellip;]\" \/>\n<meta property=\"og:url\" content=\"https:\/\/kuzeyinsesi.org\/index.php\/2024\/07\/25\/dau-guzel-sanatlar-egitimi-bolumu-korosu-kibris-turk-baris-kuvvetleri-marsinin-seslendirilmesinde-yer-aldi\/\" \/>\n<meta property=\"og:site_name\" content=\"Kuzeyin Sesi\" \/>\n<meta property=\"article:publisher\" content=\"https:\/\/www.facebook.com\/kuzeyinsesii\" \/>\n<meta property=\"article:published_time\" content=\"2024-07-25T13:16:59+00:00\" \/>\n<meta property=\"og:image\" content=\"https:\/\/brtk.net\/wp-content\/uploads\/2024\/07\/25\/dau-bando-koro-foto.jpg?ver=96f86325210dedd6f959f46c56b6a176\" \/>\n<meta name=\"author\" content=\"Kuzeyin Sesi\" \/>\n<meta name=\"twitter:card\" content=\"summary_large_image\" \/>\n<meta name=\"twitter:creator\" content=\"@kuzeyinsesii\" \/>\n<meta name=\"twitter:site\" content=\"@kuzeyinsesii\" \/>\n<meta name=\"twitter:label1\" content=\"Yazan:\" \/>\n\t<meta name=\"twitter:data1\" content=\"Kuzeyin Sesi\" \/>\n\t<meta name=\"twitter:label2\" content=\"Tahmini okuma s\u00fcresi\" \/>\n\t<meta name=\"twitter:data2\" content=\"1 dakika\" \/>\n<script type=\"application\/ld+json\" class=\"yoast-schema-graph\">{\"@context\":\"https:\\\/\\\/schema.org\",\"@graph\":[{\"@type\":\"Article\",\"@id\":\"https:\\\/\\\/kuzeyinsesi.org\\\/index.php\\\/2024\\\/07\\\/25\\\/dau-guzel-sanatlar-egitimi-bolumu-korosu-kibris-turk-baris-kuvvetleri-marsinin-seslendirilmesinde-yer-aldi\\\/#article\",\"isPartOf\":{\"@id\":\"https:\\\/\\\/kuzeyinsesi.org\\\/index.php\\\/2024\\\/07\\\/25\\\/dau-guzel-sanatlar-egitimi-bolumu-korosu-kibris-turk-baris-kuvvetleri-marsinin-seslendirilmesinde-yer-aldi\\\/\"},\"author\":{\"name\":\"Kuzeyin Sesi\",\"@id\":\"https:\\\/\\\/kuzeyinsesi.org\\\/#\\\/schema\\\/person\\\/9f859689cdf01485597712386e37f5aa\"},\"headline\":\"DA\u00dc G\u00fczel Sanatlar E\u011fitimi B\u00f6l\u00fcm\u00fc Korosu, \u201cK\u0131br\u0131s T\u00fcrk Bar\u0131\u015f Kuvvetleri Mar\u015f\u0131\u201dn\u0131n seslendirilmesinde yer ald\u0131\",\"datePublished\":\"2024-07-25T13:16:59+00:00\",\"mainEntityOfPage\":{\"@id\":\"https:\\\/\\\/kuzeyinsesi.org\\\/index.php\\\/2024\\\/07\\\/25\\\/dau-guzel-sanatlar-egitimi-bolumu-korosu-kibris-turk-baris-kuvvetleri-marsinin-seslendirilmesinde-yer-aldi\\\/\"},\"wordCount\":214,\"commentCount\":0,\"image\":{\"@id\":\"https:\\\/\\\/kuzeyinsesi.org\\\/index.php\\\/2024\\\/07\\\/25\\\/dau-guzel-sanatlar-egitimi-bolumu-korosu-kibris-turk-baris-kuvvetleri-marsinin-seslendirilmesinde-yer-aldi\\\/#primaryimage\"},\"thumbnailUrl\":\"https:\\\/\\\/kuzeyinsesi.org\\\/wp-content\\\/uploads\\\/2024\\\/07\\\/dau-bando-koro-foto.jpg\",\"articleSection\":[\"Ya\u015fam\"],\"inLanguage\":\"tr\",\"potentialAction\":[{\"@type\":\"CommentAction\",\"name\":\"Comment\",\"target\":[\"https:\\\/\\\/kuzeyinsesi.org\\\/index.php\\\/2024\\\/07\\\/25\\\/dau-guzel-sanatlar-egitimi-bolumu-korosu-kibris-turk-baris-kuvvetleri-marsinin-seslendirilmesinde-yer-aldi\\\/#respond\"]}]},{\"@type\":\"WebPage\",\"@id\":\"https:\\\/\\\/kuzeyinsesi.org\\\/index.php\\\/2024\\\/07\\\/25\\\/dau-guzel-sanatlar-egitimi-bolumu-korosu-kibris-turk-baris-kuvvetleri-marsinin-seslendirilmesinde-yer-aldi\\\/\",\"url\":\"https:\\\/\\\/kuzeyinsesi.org\\\/index.php\\\/2024\\\/07\\\/25\\\/dau-guzel-sanatlar-egitimi-bolumu-korosu-kibris-turk-baris-kuvvetleri-marsinin-seslendirilmesinde-yer-aldi\\\/\",\"name\":\"DA\u00dc G\u00fczel Sanatlar E\u011fitimi B\u00f6l\u00fcm\u00fc Korosu, \u201cK\u0131br\u0131s T\u00fcrk Bar\u0131\u015f Kuvvetleri Mar\u015f\u0131\u201dn\u0131n seslendirilmesinde yer ald\u0131 - Kuzeyin Sesi\",\"isPartOf\":{\"@id\":\"https:\\\/\\\/kuzeyinsesi.org\\\/#website\"},\"primaryImageOfPage\":{\"@id\":\"https:\\\/\\\/kuzeyinsesi.org\\\/index.php\\\/2024\\\/07\\\/25\\\/dau-guzel-sanatlar-egitimi-bolumu-korosu-kibris-turk-baris-kuvvetleri-marsinin-seslendirilmesinde-yer-aldi\\\/#primaryimage\"},\"image\":{\"@id\":\"https:\\\/\\\/kuzeyinsesi.org\\\/index.php\\\/2024\\\/07\\\/25\\\/dau-guzel-sanatlar-egitimi-bolumu-korosu-kibris-turk-baris-kuvvetleri-marsinin-seslendirilmesinde-yer-aldi\\\/#primaryimage\"},\"thumbnailUrl\":\"https:\\\/\\\/kuzeyinsesi.org\\\/wp-content\\\/uploads\\\/2024\\\/07\\\/dau-bando-koro-foto.jpg\",\"datePublished\":\"2024-07-25T13:16:59+00:00\",\"author\":{\"@id\":\"https:\\\/\\\/kuzeyinsesi.org\\\/#\\\/schema\\\/person\\\/9f859689cdf01485597712386e37f5aa\"},\"breadcrumb\":{\"@id\":\"https:\\\/\\\/kuzeyinsesi.org\\\/index.php\\\/2024\\\/07\\\/25\\\/dau-guzel-sanatlar-egitimi-bolumu-korosu-kibris-turk-baris-kuvvetleri-marsinin-seslendirilmesinde-yer-aldi\\\/#breadcrumb\"},\"inLanguage\":\"tr\",\"potentialAction\":[{\"@type\":\"ReadAction\",\"target\":[\"https:\\\/\\\/kuzeyinsesi.org\\\/index.php\\\/2024\\\/07\\\/25\\\/dau-guzel-sanatlar-egitimi-bolumu-korosu-kibris-turk-baris-kuvvetleri-marsinin-seslendirilmesinde-yer-aldi\\\/\"]}]},{\"@type\":\"ImageObject\",\"inLanguage\":\"tr\",\"@id\":\"https:\\\/\\\/kuzeyinsesi.org\\\/index.php\\\/2024\\\/07\\\/25\\\/dau-guzel-sanatlar-egitimi-bolumu-korosu-kibris-turk-baris-kuvvetleri-marsinin-seslendirilmesinde-yer-aldi\\\/#primaryimage\",\"url\":\"https:\\\/\\\/kuzeyinsesi.org\\\/wp-content\\\/uploads\\\/2024\\\/07\\\/dau-bando-koro-foto.jpg\",\"contentUrl\":\"https:\\\/\\\/kuzeyinsesi.org\\\/wp-content\\\/uploads\\\/2024\\\/07\\\/dau-bando-koro-foto.jpg\",\"width\":1165,\"height\":647},{\"@type\":\"BreadcrumbList\",\"@id\":\"https:\\\/\\\/kuzeyinsesi.org\\\/index.php\\\/2024\\\/07\\\/25\\\/dau-guzel-sanatlar-egitimi-bolumu-korosu-kibris-turk-baris-kuvvetleri-marsinin-seslendirilmesinde-yer-aldi\\\/#breadcrumb\",\"itemListElement\":[{\"@type\":\"ListItem\",\"position\":1,\"name\":\"Anasayfa\",\"item\":\"https:\\\/\\\/kuzeyinsesi.org\\\/\"},{\"@type\":\"ListItem\",\"position\":2,\"name\":\"DA\u00dc G\u00fczel Sanatlar E\u011fitimi B\u00f6l\u00fcm\u00fc Korosu, \u201cK\u0131br\u0131s T\u00fcrk Bar\u0131\u015f Kuvvetleri Mar\u015f\u0131\u201dn\u0131n seslendirilmesinde yer ald\u0131\"}]},{\"@type\":\"WebSite\",\"@id\":\"https:\\\/\\\/kuzeyinsesi.org\\\/#website\",\"url\":\"https:\\\/\\\/kuzeyinsesi.org\\\/\",\"name\":\"Kuzeyin Sesi\",\"description\":\"Do\u011fru Haberin Adresi\",\"potentialAction\":[{\"@type\":\"SearchAction\",\"target\":{\"@type\":\"EntryPoint\",\"urlTemplate\":\"https:\\\/\\\/kuzeyinsesi.org\\\/?s={search_term_string}\"},\"query-input\":{\"@type\":\"PropertyValueSpecification\",\"valueRequired\":true,\"valueName\":\"search_term_string\"}}],\"inLanguage\":\"tr\"},{\"@type\":\"Person\",\"@id\":\"https:\\\/\\\/kuzeyinsesi.org\\\/#\\\/schema\\\/person\\\/9f859689cdf01485597712386e37f5aa\",\"name\":\"Kuzeyin Sesi\",\"image\":{\"@type\":\"ImageObject\",\"inLanguage\":\"tr\",\"@id\":\"https:\\\/\\\/secure.gravatar.com\\\/avatar\\\/bab33852abfd8b282518d6ed81826833d77c3c882d9ab608add591ccace47a44?s=96&d=mm&r=g\",\"url\":\"https:\\\/\\\/secure.gravatar.com\\\/avatar\\\/bab33852abfd8b282518d6ed81826833d77c3c882d9ab608add591ccace47a44?s=96&d=mm&r=g\",\"contentUrl\":\"https:\\\/\\\/secure.gravatar.com\\\/avatar\\\/bab33852abfd8b282518d6ed81826833d77c3c882d9ab608add591ccace47a44?s=96&d=mm&r=g\",\"caption\":\"Kuzeyin Sesi\"},\"sameAs\":[\"https:\\\/\\\/kuzeyinsesi.org\"],\"url\":\"https:\\\/\\\/kuzeyinsesi.org\\\/index.php\\\/author\\\/guven\\\/\"}]}<\/script>\n<!-- \/ Yoast SEO plugin. -->","yoast_head_json":{"title":"DA\u00dc G\u00fczel Sanatlar E\u011fitimi B\u00f6l\u00fcm\u00fc Korosu, \u201cK\u0131br\u0131s T\u00fcrk Bar\u0131\u015f Kuvvetleri Mar\u015f\u0131\u201dn\u0131n seslendirilmesinde yer ald\u0131 - Kuzeyin Sesi","robots":{"index":"index","follow":"follow","max-snippet":"max-snippet:-1","max-image-preview":"max-image-preview:large","max-video-preview":"max-video-preview:-1"},"canonical":"https:\/\/kuzeyinsesi.org\/index.php\/2024\/07\/25\/dau-guzel-sanatlar-egitimi-bolumu-korosu-kibris-turk-baris-kuvvetleri-marsinin-seslendirilmesinde-yer-aldi\/","og_locale":"tr_TR","og_type":"article","og_title":"DA\u00dc G\u00fczel Sanatlar E\u011fitimi B\u00f6l\u00fcm\u00fc Korosu, \u201cK\u0131br\u0131s T\u00fcrk Bar\u0131\u015f Kuvvetleri Mar\u015f\u0131\u201dn\u0131n seslendirilmesinde yer ald\u0131 - Kuzeyin Sesi","og_description":"Do\u011fu Akdeniz \u00dcniversitesi (DA\u00dc) E\u011fitim Fak\u00fcltesi, G\u00fczel Sanatlar E\u011fitimi B\u00f6l\u00fcm\u00fc M\u00fczik \u00d6\u011fretmenli\u011fi Program\u0131 Korosu, K\u0131br\u0131s T\u00fcrk Bar\u0131\u015f Kuvvetleri B\u00f6lge Komutanl\u0131\u011f\u0131 taraf\u0131ndan K\u0131br\u0131s Bar\u0131\u015f Harekat\u0131\u2019n\u0131n 50. y\u0131l\u0131 nedeniyle haz\u0131rlanan \u201cK\u0131br\u0131s T\u00fcrk Bar\u0131\u015f Kuvvetleri Mar\u015f\u0131\u201dn\u0131n seslendirilmesinde yer ald\u0131. DA\u00dc Halkla \u0130li\u015fkiler ve Medya M\u00fcd\u00fcrl\u00fc\u011f\u00fc\u2019nden yap\u0131lan a\u00e7\u0131klamaya g\u00f6re, s\u00f6z ve m\u00fczi\u011fi Bando Binba\u015f\u0131 Hakan \u00d6zgen\u2019e ait olan mar\u015f, [&hellip;]","og_url":"https:\/\/kuzeyinsesi.org\/index.php\/2024\/07\/25\/dau-guzel-sanatlar-egitimi-bolumu-korosu-kibris-turk-baris-kuvvetleri-marsinin-seslendirilmesinde-yer-aldi\/","og_site_name":"Kuzeyin Sesi","article_publisher":"https:\/\/www.facebook.com\/kuzeyinsesii","article_published_time":"2024-07-25T13:16:59+00:00","og_image":[{"url":"https:\/\/brtk.net\/wp-content\/uploads\/2024\/07\/25\/dau-bando-koro-foto.jpg?ver=96f86325210dedd6f959f46c56b6a176","type":"","width":"","height":""}],"author":"Kuzeyin Sesi","twitter_card":"summary_large_image","twitter_creator":"@kuzeyinsesii","twitter_site":"@kuzeyinsesii","twitter_misc":{"Yazan:":"Kuzeyin Sesi","Tahmini okuma s\u00fcresi":"1 dakika"},"schema":{"@context":"https:\/\/schema.org","@graph":[{"@type":"Article","@id":"https:\/\/kuzeyinsesi.org\/index.php\/2024\/07\/25\/dau-guzel-sanatlar-egitimi-bolumu-korosu-kibris-turk-baris-kuvvetleri-marsinin-seslendirilmesinde-yer-aldi\/#article","isPartOf":{"@id":"https:\/\/kuzeyinsesi.org\/index.php\/2024\/07\/25\/dau-guzel-sanatlar-egitimi-bolumu-korosu-kibris-turk-baris-kuvvetleri-marsinin-seslendirilmesinde-yer-aldi\/"},"author":{"name":"Kuzeyin Sesi","@id":"https:\/\/kuzeyinsesi.org\/#\/schema\/person\/9f859689cdf01485597712386e37f5aa"},"headline":"DA\u00dc G\u00fczel Sanatlar E\u011fitimi B\u00f6l\u00fcm\u00fc Korosu, \u201cK\u0131br\u0131s T\u00fcrk Bar\u0131\u015f Kuvvetleri Mar\u015f\u0131\u201dn\u0131n seslendirilmesinde yer ald\u0131","datePublished":"2024-07-25T13:16:59+00:00","mainEntityOfPage":{"@id":"https:\/\/kuzeyinsesi.org\/index.php\/2024\/07\/25\/dau-guzel-sanatlar-egitimi-bolumu-korosu-kibris-turk-baris-kuvvetleri-marsinin-seslendirilmesinde-yer-aldi\/"},"wordCount":214,"commentCount":0,"image":{"@id":"https:\/\/kuzeyinsesi.org\/index.php\/2024\/07\/25\/dau-guzel-sanatlar-egitimi-bolumu-korosu-kibris-turk-baris-kuvvetleri-marsinin-seslendirilmesinde-yer-aldi\/#primaryimage"},"thumbnailUrl":"https:\/\/kuzeyinsesi.org\/wp-content\/uploads\/2024\/07\/dau-bando-koro-foto.jpg","articleSection":["Ya\u015fam"],"inLanguage":"tr","potentialAction":[{"@type":"CommentAction","name":"Comment","target":["https:\/\/kuzeyinsesi.org\/index.php\/2024\/07\/25\/dau-guzel-sanatlar-egitimi-bolumu-korosu-kibris-turk-baris-kuvvetleri-marsinin-seslendirilmesinde-yer-aldi\/#respond"]}]},{"@type":"WebPage","@id":"https:\/\/kuzeyinsesi.org\/index.php\/2024\/07\/25\/dau-guzel-sanatlar-egitimi-bolumu-korosu-kibris-turk-baris-kuvvetleri-marsinin-seslendirilmesinde-yer-aldi\/","url":"https:\/\/kuzeyinsesi.org\/index.php\/2024\/07\/25\/dau-guzel-sanatlar-egitimi-bolumu-korosu-kibris-turk-baris-kuvvetleri-marsinin-seslendirilmesinde-yer-aldi\/","name":"DA\u00dc G\u00fczel Sanatlar E\u011fitimi B\u00f6l\u00fcm\u00fc Korosu, \u201cK\u0131br\u0131s T\u00fcrk Bar\u0131\u015f Kuvvetleri Mar\u015f\u0131\u201dn\u0131n seslendirilmesinde yer ald\u0131 - Kuzeyin Sesi","isPartOf":{"@id":"https:\/\/kuzeyinsesi.org\/#website"},"primaryImageOfPage":{"@id":"https:\/\/kuzeyinsesi.org\/index.php\/2024\/07\/25\/dau-guzel-sanatlar-egitimi-bolumu-korosu-kibris-turk-baris-kuvvetleri-marsinin-seslendirilmesinde-yer-aldi\/#primaryimage"},"image":{"@id":"https:\/\/kuzeyinsesi.org\/index.php\/2024\/07\/25\/dau-guzel-sanatlar-egitimi-bolumu-korosu-kibris-turk-baris-kuvvetleri-marsinin-seslendirilmesinde-yer-aldi\/#primaryimage"},"thumbnailUrl":"https:\/\/kuzeyinsesi.org\/wp-content\/uploads\/2024\/07\/dau-bando-koro-foto.jpg","datePublished":"2024-07-25T13:16:59+00:00","author":{"@id":"https:\/\/kuzeyinsesi.org\/#\/schema\/person\/9f859689cdf01485597712386e37f5aa"},"breadcrumb":{"@id":"https:\/\/kuzeyinsesi.org\/index.php\/2024\/07\/25\/dau-guzel-sanatlar-egitimi-bolumu-korosu-kibris-turk-baris-kuvvetleri-marsinin-seslendirilmesinde-yer-aldi\/#breadcrumb"},"inLanguage":"tr","potentialAction":[{"@type":"ReadAction","target":["https:\/\/kuzeyinsesi.org\/index.php\/2024\/07\/25\/dau-guzel-sanatlar-egitimi-bolumu-korosu-kibris-turk-baris-kuvvetleri-marsinin-seslendirilmesinde-yer-aldi\/"]}]},{"@type":"ImageObject","inLanguage":"tr","@id":"https:\/\/kuzeyinsesi.org\/index.php\/2024\/07\/25\/dau-guzel-sanatlar-egitimi-bolumu-korosu-kibris-turk-baris-kuvvetleri-marsinin-seslendirilmesinde-yer-aldi\/#primaryimage","url":"https:\/\/kuzeyinsesi.org\/wp-content\/uploads\/2024\/07\/dau-bando-koro-foto.jpg","contentUrl":"https:\/\/kuzeyinsesi.org\/wp-content\/uploads\/2024\/07\/dau-bando-koro-foto.jpg","width":1165,"height":647},{"@type":"BreadcrumbList","@id":"https:\/\/kuzeyinsesi.org\/index.php\/2024\/07\/25\/dau-guzel-sanatlar-egitimi-bolumu-korosu-kibris-turk-baris-kuvvetleri-marsinin-seslendirilmesinde-yer-aldi\/#breadcrumb","itemListElement":[{"@type":"ListItem","position":1,"name":"Anasayfa","item":"https:\/\/kuzeyinsesi.org\/"},{"@type":"ListItem","position":2,"name":"DA\u00dc G\u00fczel Sanatlar E\u011fitimi B\u00f6l\u00fcm\u00fc Korosu, \u201cK\u0131br\u0131s T\u00fcrk Bar\u0131\u015f Kuvvetleri Mar\u015f\u0131\u201dn\u0131n seslendirilmesinde yer ald\u0131"}]},{"@type":"WebSite","@id":"https:\/\/kuzeyinsesi.org\/#website","url":"https:\/\/kuzeyinsesi.org\/","name":"Kuzeyin Sesi","description":"Do\u011fru Haberin Adresi","potentialAction":[{"@type":"SearchAction","target":{"@type":"EntryPoint","urlTemplate":"https:\/\/kuzeyinsesi.org\/?s={search_term_string}"},"query-input":{"@type":"PropertyValueSpecification","valueRequired":true,"valueName":"search_term_string"}}],"inLanguage":"tr"},{"@type":"Person","@id":"https:\/\/kuzeyinsesi.org\/#\/schema\/person\/9f859689cdf01485597712386e37f5aa","name":"Kuzeyin Sesi","image":{"@type":"ImageObject","inLanguage":"tr","@id":"https:\/\/secure.gravatar.com\/avatar\/bab33852abfd8b282518d6ed81826833d77c3c882d9ab608add591ccace47a44?s=96&d=mm&r=g","url":"https:\/\/secure.gravatar.com\/avatar\/bab33852abfd8b282518d6ed81826833d77c3c882d9ab608add591ccace47a44?s=96&d=mm&r=g","contentUrl":"https:\/\/secure.gravatar.com\/avatar\/bab33852abfd8b282518d6ed81826833d77c3c882d9ab608add591ccace47a44?s=96&d=mm&r=g","caption":"Kuzeyin Sesi"},"sameAs":["https:\/\/kuzeyinsesi.org"],"url":"https:\/\/kuzeyinsesi.org\/index.php\/author\/guven\/"}]}},"_links":{"self":[{"href":"https:\/\/kuzeyinsesi.org\/index.php\/wp-json\/wp\/v2\/posts\/6960","targetHints":{"allow":["GET"]}}],"collection":[{"href":"https:\/\/kuzeyinsesi.org\/index.php\/wp-json\/wp\/v2\/posts"}],"about":[{"href":"https:\/\/kuzeyinsesi.org\/index.php\/wp-json\/wp\/v2\/types\/post"}],"author":[{"embeddable":true,"href":"https:\/\/kuzeyinsesi.org\/index.php\/wp-json\/wp\/v2\/users\/1"}],"replies":[{"embeddable":true,"href":"https:\/\/kuzeyinsesi.org\/index.php\/wp-json\/wp\/v2\/comments?post=6960"}],"version-history":[{"count":0,"href":"https:\/\/kuzeyinsesi.org\/index.php\/wp-json\/wp\/v2\/posts\/6960\/revisions"}],"wp:featuredmedia":[{"embeddable":true,"href":"https:\/\/kuzeyinsesi.org\/index.php\/wp-json\/wp\/v2\/media\/6961"}],"wp:attachment":[{"href":"https:\/\/kuzeyinsesi.org\/index.php\/wp-json\/wp\/v2\/media?parent=6960"}],"wp:term":[{"taxonomy":"category","embeddable":true,"href":"https:\/\/kuzeyinsesi.org\/index.php\/wp-json\/wp\/v2\/categories?post=6960"},{"taxonomy":"post_tag","embeddable":true,"href":"https:\/\/kuzeyinsesi.org\/index.php\/wp-json\/wp\/v2\/tags?post=6960"}],"curies":[{"name":"wp","href":"https:\/\/api.w.org\/{rel}","templated":true}]}}