{"id":695,"date":"2024-04-27T12:34:11","date_gmt":"2024-04-27T09:34:11","guid":{"rendered":"https:\/\/kuzeyinsesi.com\/index.php\/2024\/04\/27\/dau-iletisim-fakultesi-yuksek-lisans-programi-ilk-5te-yer-aldi\/"},"modified":"2024-04-27T12:34:11","modified_gmt":"2024-04-27T09:34:11","slug":"dau-iletisim-fakultesi-yuksek-lisans-programi-ilk-5te-yer-aldi","status":"publish","type":"post","link":"https:\/\/kuzeyinsesi.org\/index.php\/2024\/04\/27\/dau-iletisim-fakultesi-yuksek-lisans-programi-ilk-5te-yer-aldi\/","title":{"rendered":"\u201cDA\u00dc \u0130leti\u015fim Fak\u00fcltesi Y\u00fcksek Lisans Program\u0131 ilk 5\u2019te yer ald\u0131\u201d"},"content":{"rendered":"<div>\n<div class=\"mariselle-image-container center\">\n                                            <\/div>\n<p>\u00a0<\/p>\n<p>Do\u011fu Akdeniz \u00dcniversitesi (DA\u00dc), DA\u00dc \u0130leti\u015fim Fak\u00fcltesi\u2019nin; \u201cEduniversal\u201d taraf\u0131ndan a\u00e7\u0131klanan \u201cEn \u0130yi Y\u00fcksek Lisans 2024\u201d s\u0131ralamas\u0131nda Avrasya ve Ortado\u011fu b\u00f6lgesinde 5. s\u0131rada yer ald\u0131\u011f\u0131n\u0131 bildirdi.  <\/p>\n<p>DA\u00dc\u2019den yap\u0131lan a\u00e7\u0131klamaya g\u00f6re, D\u00fcnya genelinde 153 \u00fclkeyi kapsayan, 9 co\u011frafi b\u00f6lge i\u00e7in uluslararas\u0131 alanda y\u00fcksek kriterleriyle s\u0131ralamalar sunan \u201cEduniversal\u2019\u0131n (EDUNIVERSAL BEST MASTERS &amp; Mbas RANKING 2024 (best-masters.com)\u201d, bu y\u0131l 56 farkl\u0131 \u00e7al\u0131\u015fma alan\u0131nda 20 binden fazla y\u00fcksek lisans e\u011fitim program\u0131n\u0131 de\u011ferlendirdi\u011fi belirtildi. <\/p>\n<p>Buna g\u00f6re; d\u00fcnya genelinde 5 bin 820 \u00fcst d\u00fczey e\u011fitim program\u0131 listeledi. S\u00f6z konusu listede 5. s\u0131rada yer almay\u0131 ba\u015faran DA\u00dc \u0130leti\u015fim Fak\u00fcltesi ge\u00e7en y\u0131la g\u00f6re ilerleme kaydederek, 2 basamak y\u00fckseldi.<\/p>\n<p>-Prof. Dr. Ersoy: \u201cAkademik kalitemiz tescillendi\u201d<\/p>\n<p>DA\u00dc \u0130leti\u015fim Fak\u00fcltesi Dekan\u0131 Prof. Dr. Metin Ersoy, \u0130leti\u015fim ve Medya \u00c7al\u0131\u015fmalar\u0131 Y\u00fcksek Lisans Program\u0131yla, uluslararas\u0131 alanda elde etmi\u015f olduklar\u0131 ba\u015far\u0131n\u0131n \u00f6nemini vurgulayarak, Eduniversal\u2019\u0131n k\u00fcresel d\u00fczeyde e\u011fitim kalitesine y\u00f6nelik s\u0131ralamalar sunan k\u00f6kl\u00fc bir kurulu\u015f oldu\u011funun alt\u0131n\u0131 \u00e7izdi. <\/p>\n<p>Prof. Dr. Ersoy, \u201cD\u00fcnyaca \u00fcnl\u00fc b\u00f6ylesi prestijli ve kaliteli bir kurumun, e\u011fitim program\u0131m\u0131z\u0131 de\u011ferlendirmesi ve ilk be\u015fe girmemiz bizleri gururland\u0131rd\u0131. \u0130leti\u015fim ve Medya \u00c7al\u0131\u015fmalar\u0131 y\u00fcksek lisans program\u0131m\u0131z\u0131n akademik kalitesinin bir kez daha tescillendi\u011fi bu sonu\u00e7tan dolay\u0131, katk\u0131 koyan akademik personelimizi tebrik ederim.\u201d ifadelerini kulland\u0131. <\/p>\n<p>S\u00f6z konusu s\u0131ralama ile ilgili ayr\u0131nt\u0131l\u0131 bilgiye Master Corporate Communication Ranking master Corporate Communication in Eurasia &amp; Middle East (best-masters.com) internet adresinden ula\u015f\u0131labilir.<\/p>\n<\/p><\/div>\n<p><script async\n                    defer\n                    crossorigin=\"anonymous\"\n                    src=\"https:\/\/connect.facebook.net\/tr_TR\/sdk.js#xfbml=1&#038;version=v3.3\"\n            ><\/script><\/p>\n","protected":false},"excerpt":{"rendered":"<p>\u00a0 Do\u011fu Akdeniz \u00dcniversitesi (DA\u00dc), DA\u00dc \u0130leti\u015fim Fak\u00fcltesi\u2019nin; \u201cEduniversal\u201d taraf\u0131ndan a\u00e7\u0131klanan \u201cEn \u0130yi Y\u00fcksek Lisans 2024\u201d s\u0131ralamas\u0131nda Avrasya ve Ortado\u011fu b\u00f6lgesinde 5. s\u0131rada yer ald\u0131\u011f\u0131n\u0131 bildirdi. DA\u00dc\u2019den yap\u0131lan a\u00e7\u0131klamaya g\u00f6re, D\u00fcnya genelinde 153 \u00fclkeyi kapsayan, 9 co\u011frafi b\u00f6lge i\u00e7in uluslararas\u0131 alanda y\u00fcksek kriterleriyle s\u0131ralamalar sunan \u201cEduniversal\u2019\u0131n (EDUNIVERSAL BEST MASTERS &amp; Mbas RANKING 2024 (best-masters.com)\u201d, bu [&hellip;]<\/p>\n","protected":false},"author":1,"featured_media":696,"comment_status":"open","ping_status":"open","sticky":false,"template":"","format":"standard","meta":{"jnews-multi-image_gallery":[],"jnews_single_post":[],"jnews_primary_category":[],"jnews_social_meta":[],"jnews_override_counter":[],"footnotes":""},"categories":[1],"tags":[],"class_list":["post-695","post","type-post","status-publish","format-standard","has-post-thumbnail","hentry","category-kibris"],"yoast_head":"<!-- This site is optimized with the Yoast SEO plugin v27.4 - https:\/\/yoast.com\/product\/yoast-seo-wordpress\/ -->\n<title>\u201cDA\u00dc \u0130leti\u015fim Fak\u00fcltesi Y\u00fcksek Lisans Program\u0131 ilk 5\u2019te yer ald\u0131\u201d - Kuzeyin Sesi<\/title>\n<meta name=\"robots\" content=\"index, follow, max-snippet:-1, max-image-preview:large, max-video-preview:-1\" \/>\n<link rel=\"canonical\" href=\"https:\/\/kuzeyinsesi.org\/index.php\/2024\/04\/27\/dau-iletisim-fakultesi-yuksek-lisans-programi-ilk-5te-yer-aldi\/\" \/>\n<meta property=\"og:locale\" content=\"tr_TR\" \/>\n<meta property=\"og:type\" content=\"article\" \/>\n<meta property=\"og:title\" content=\"\u201cDA\u00dc \u0130leti\u015fim Fak\u00fcltesi Y\u00fcksek Lisans Program\u0131 ilk 5\u2019te yer ald\u0131\u201d - Kuzeyin Sesi\" \/>\n<meta property=\"og:description\" content=\"\u00a0 Do\u011fu Akdeniz \u00dcniversitesi (DA\u00dc), DA\u00dc \u0130leti\u015fim Fak\u00fcltesi\u2019nin; \u201cEduniversal\u201d taraf\u0131ndan a\u00e7\u0131klanan \u201cEn \u0130yi Y\u00fcksek Lisans 2024\u201d s\u0131ralamas\u0131nda Avrasya ve Ortado\u011fu b\u00f6lgesinde 5. s\u0131rada yer ald\u0131\u011f\u0131n\u0131 bildirdi. DA\u00dc\u2019den yap\u0131lan a\u00e7\u0131klamaya g\u00f6re, D\u00fcnya genelinde 153 \u00fclkeyi kapsayan, 9 co\u011frafi b\u00f6lge i\u00e7in uluslararas\u0131 alanda y\u00fcksek kriterleriyle s\u0131ralamalar sunan \u201cEduniversal\u2019\u0131n (EDUNIVERSAL BEST MASTERS &amp; Mbas RANKING 2024 (best-masters.com)\u201d, bu [&hellip;]\" \/>\n<meta property=\"og:url\" content=\"https:\/\/kuzeyinsesi.org\/index.php\/2024\/04\/27\/dau-iletisim-fakultesi-yuksek-lisans-programi-ilk-5te-yer-aldi\/\" \/>\n<meta property=\"og:site_name\" content=\"Kuzeyin Sesi\" \/>\n<meta property=\"article:publisher\" content=\"https:\/\/www.facebook.com\/kuzeyinsesii\" \/>\n<meta property=\"article:published_time\" content=\"2024-04-27T09:34:11+00:00\" \/>\n<meta property=\"og:image\" content=\"https:\/\/kuzeyinsesi.org\/wp-content\/uploads\/2024\/04\/dau14.jpg\" \/>\n\t<meta property=\"og:image:width\" content=\"512\" \/>\n\t<meta property=\"og:image:height\" content=\"272\" \/>\n\t<meta property=\"og:image:type\" content=\"image\/jpeg\" \/>\n<meta name=\"author\" content=\"Kuzeyin Sesi\" \/>\n<meta name=\"twitter:card\" content=\"summary_large_image\" \/>\n<meta name=\"twitter:creator\" content=\"@kuzeyinsesii\" \/>\n<meta name=\"twitter:site\" content=\"@kuzeyinsesii\" \/>\n<meta name=\"twitter:label1\" content=\"Yazan:\" \/>\n\t<meta name=\"twitter:data1\" content=\"Kuzeyin Sesi\" \/>\n\t<meta name=\"twitter:label2\" content=\"Tahmini okuma s\u00fcresi\" \/>\n\t<meta name=\"twitter:data2\" content=\"1 dakika\" \/>\n<script type=\"application\/ld+json\" class=\"yoast-schema-graph\">{\"@context\":\"https:\\\/\\\/schema.org\",\"@graph\":[{\"@type\":\"Article\",\"@id\":\"https:\\\/\\\/kuzeyinsesi.org\\\/index.php\\\/2024\\\/04\\\/27\\\/dau-iletisim-fakultesi-yuksek-lisans-programi-ilk-5te-yer-aldi\\\/#article\",\"isPartOf\":{\"@id\":\"https:\\\/\\\/kuzeyinsesi.org\\\/index.php\\\/2024\\\/04\\\/27\\\/dau-iletisim-fakultesi-yuksek-lisans-programi-ilk-5te-yer-aldi\\\/\"},\"author\":{\"name\":\"Kuzeyin Sesi\",\"@id\":\"https:\\\/\\\/kuzeyinsesi.org\\\/#\\\/schema\\\/person\\\/9f859689cdf01485597712386e37f5aa\"},\"headline\":\"\u201cDA\u00dc \u0130leti\u015fim Fak\u00fcltesi Y\u00fcksek Lisans Program\u0131 ilk 5\u2019te yer ald\u0131\u201d\",\"datePublished\":\"2024-04-27T09:34:11+00:00\",\"mainEntityOfPage\":{\"@id\":\"https:\\\/\\\/kuzeyinsesi.org\\\/index.php\\\/2024\\\/04\\\/27\\\/dau-iletisim-fakultesi-yuksek-lisans-programi-ilk-5te-yer-aldi\\\/\"},\"wordCount\":297,\"commentCount\":0,\"image\":{\"@id\":\"https:\\\/\\\/kuzeyinsesi.org\\\/index.php\\\/2024\\\/04\\\/27\\\/dau-iletisim-fakultesi-yuksek-lisans-programi-ilk-5te-yer-aldi\\\/#primaryimage\"},\"thumbnailUrl\":\"https:\\\/\\\/kuzeyinsesi.org\\\/wp-content\\\/uploads\\\/2024\\\/04\\\/dau14.jpg\",\"articleSection\":[\"K\u0131br\u0131s\"],\"inLanguage\":\"tr\",\"potentialAction\":[{\"@type\":\"CommentAction\",\"name\":\"Comment\",\"target\":[\"https:\\\/\\\/kuzeyinsesi.org\\\/index.php\\\/2024\\\/04\\\/27\\\/dau-iletisim-fakultesi-yuksek-lisans-programi-ilk-5te-yer-aldi\\\/#respond\"]}]},{\"@type\":\"WebPage\",\"@id\":\"https:\\\/\\\/kuzeyinsesi.org\\\/index.php\\\/2024\\\/04\\\/27\\\/dau-iletisim-fakultesi-yuksek-lisans-programi-ilk-5te-yer-aldi\\\/\",\"url\":\"https:\\\/\\\/kuzeyinsesi.org\\\/index.php\\\/2024\\\/04\\\/27\\\/dau-iletisim-fakultesi-yuksek-lisans-programi-ilk-5te-yer-aldi\\\/\",\"name\":\"\u201cDA\u00dc \u0130leti\u015fim Fak\u00fcltesi Y\u00fcksek Lisans Program\u0131 ilk 5\u2019te yer ald\u0131\u201d - Kuzeyin Sesi\",\"isPartOf\":{\"@id\":\"https:\\\/\\\/kuzeyinsesi.org\\\/#website\"},\"primaryImageOfPage\":{\"@id\":\"https:\\\/\\\/kuzeyinsesi.org\\\/index.php\\\/2024\\\/04\\\/27\\\/dau-iletisim-fakultesi-yuksek-lisans-programi-ilk-5te-yer-aldi\\\/#primaryimage\"},\"image\":{\"@id\":\"https:\\\/\\\/kuzeyinsesi.org\\\/index.php\\\/2024\\\/04\\\/27\\\/dau-iletisim-fakultesi-yuksek-lisans-programi-ilk-5te-yer-aldi\\\/#primaryimage\"},\"thumbnailUrl\":\"https:\\\/\\\/kuzeyinsesi.org\\\/wp-content\\\/uploads\\\/2024\\\/04\\\/dau14.jpg\",\"datePublished\":\"2024-04-27T09:34:11+00:00\",\"author\":{\"@id\":\"https:\\\/\\\/kuzeyinsesi.org\\\/#\\\/schema\\\/person\\\/9f859689cdf01485597712386e37f5aa\"},\"breadcrumb\":{\"@id\":\"https:\\\/\\\/kuzeyinsesi.org\\\/index.php\\\/2024\\\/04\\\/27\\\/dau-iletisim-fakultesi-yuksek-lisans-programi-ilk-5te-yer-aldi\\\/#breadcrumb\"},\"inLanguage\":\"tr\",\"potentialAction\":[{\"@type\":\"ReadAction\",\"target\":[\"https:\\\/\\\/kuzeyinsesi.org\\\/index.php\\\/2024\\\/04\\\/27\\\/dau-iletisim-fakultesi-yuksek-lisans-programi-ilk-5te-yer-aldi\\\/\"]}]},{\"@type\":\"ImageObject\",\"inLanguage\":\"tr\",\"@id\":\"https:\\\/\\\/kuzeyinsesi.org\\\/index.php\\\/2024\\\/04\\\/27\\\/dau-iletisim-fakultesi-yuksek-lisans-programi-ilk-5te-yer-aldi\\\/#primaryimage\",\"url\":\"https:\\\/\\\/kuzeyinsesi.org\\\/wp-content\\\/uploads\\\/2024\\\/04\\\/dau14.jpg\",\"contentUrl\":\"https:\\\/\\\/kuzeyinsesi.org\\\/wp-content\\\/uploads\\\/2024\\\/04\\\/dau14.jpg\",\"width\":512,\"height\":272},{\"@type\":\"BreadcrumbList\",\"@id\":\"https:\\\/\\\/kuzeyinsesi.org\\\/index.php\\\/2024\\\/04\\\/27\\\/dau-iletisim-fakultesi-yuksek-lisans-programi-ilk-5te-yer-aldi\\\/#breadcrumb\",\"itemListElement\":[{\"@type\":\"ListItem\",\"position\":1,\"name\":\"Anasayfa\",\"item\":\"https:\\\/\\\/kuzeyinsesi.org\\\/\"},{\"@type\":\"ListItem\",\"position\":2,\"name\":\"\u201cDA\u00dc \u0130leti\u015fim Fak\u00fcltesi Y\u00fcksek Lisans Program\u0131 ilk 5\u2019te yer ald\u0131\u201d\"}]},{\"@type\":\"WebSite\",\"@id\":\"https:\\\/\\\/kuzeyinsesi.org\\\/#website\",\"url\":\"https:\\\/\\\/kuzeyinsesi.org\\\/\",\"name\":\"Kuzeyin Sesi\",\"description\":\"Do\u011fru Haberin Adresi\",\"potentialAction\":[{\"@type\":\"SearchAction\",\"target\":{\"@type\":\"EntryPoint\",\"urlTemplate\":\"https:\\\/\\\/kuzeyinsesi.org\\\/?s={search_term_string}\"},\"query-input\":{\"@type\":\"PropertyValueSpecification\",\"valueRequired\":true,\"valueName\":\"search_term_string\"}}],\"inLanguage\":\"tr\"},{\"@type\":\"Person\",\"@id\":\"https:\\\/\\\/kuzeyinsesi.org\\\/#\\\/schema\\\/person\\\/9f859689cdf01485597712386e37f5aa\",\"name\":\"Kuzeyin Sesi\",\"image\":{\"@type\":\"ImageObject\",\"inLanguage\":\"tr\",\"@id\":\"https:\\\/\\\/secure.gravatar.com\\\/avatar\\\/bab33852abfd8b282518d6ed81826833d77c3c882d9ab608add591ccace47a44?s=96&d=mm&r=g\",\"url\":\"https:\\\/\\\/secure.gravatar.com\\\/avatar\\\/bab33852abfd8b282518d6ed81826833d77c3c882d9ab608add591ccace47a44?s=96&d=mm&r=g\",\"contentUrl\":\"https:\\\/\\\/secure.gravatar.com\\\/avatar\\\/bab33852abfd8b282518d6ed81826833d77c3c882d9ab608add591ccace47a44?s=96&d=mm&r=g\",\"caption\":\"Kuzeyin Sesi\"},\"sameAs\":[\"https:\\\/\\\/kuzeyinsesi.org\"],\"url\":\"https:\\\/\\\/kuzeyinsesi.org\\\/index.php\\\/author\\\/guven\\\/\"}]}<\/script>\n<!-- \/ Yoast SEO plugin. -->","yoast_head_json":{"title":"\u201cDA\u00dc \u0130leti\u015fim Fak\u00fcltesi Y\u00fcksek Lisans Program\u0131 ilk 5\u2019te yer ald\u0131\u201d - Kuzeyin Sesi","robots":{"index":"index","follow":"follow","max-snippet":"max-snippet:-1","max-image-preview":"max-image-preview:large","max-video-preview":"max-video-preview:-1"},"canonical":"https:\/\/kuzeyinsesi.org\/index.php\/2024\/04\/27\/dau-iletisim-fakultesi-yuksek-lisans-programi-ilk-5te-yer-aldi\/","og_locale":"tr_TR","og_type":"article","og_title":"\u201cDA\u00dc \u0130leti\u015fim Fak\u00fcltesi Y\u00fcksek Lisans Program\u0131 ilk 5\u2019te yer ald\u0131\u201d - Kuzeyin Sesi","og_description":"\u00a0 Do\u011fu Akdeniz \u00dcniversitesi (DA\u00dc), DA\u00dc \u0130leti\u015fim Fak\u00fcltesi\u2019nin; \u201cEduniversal\u201d taraf\u0131ndan a\u00e7\u0131klanan \u201cEn \u0130yi Y\u00fcksek Lisans 2024\u201d s\u0131ralamas\u0131nda Avrasya ve Ortado\u011fu b\u00f6lgesinde 5. s\u0131rada yer ald\u0131\u011f\u0131n\u0131 bildirdi. DA\u00dc\u2019den yap\u0131lan a\u00e7\u0131klamaya g\u00f6re, D\u00fcnya genelinde 153 \u00fclkeyi kapsayan, 9 co\u011frafi b\u00f6lge i\u00e7in uluslararas\u0131 alanda y\u00fcksek kriterleriyle s\u0131ralamalar sunan \u201cEduniversal\u2019\u0131n (EDUNIVERSAL BEST MASTERS &amp; Mbas RANKING 2024 (best-masters.com)\u201d, bu [&hellip;]","og_url":"https:\/\/kuzeyinsesi.org\/index.php\/2024\/04\/27\/dau-iletisim-fakultesi-yuksek-lisans-programi-ilk-5te-yer-aldi\/","og_site_name":"Kuzeyin Sesi","article_publisher":"https:\/\/www.facebook.com\/kuzeyinsesii","article_published_time":"2024-04-27T09:34:11+00:00","og_image":[{"width":512,"height":272,"url":"https:\/\/kuzeyinsesi.org\/wp-content\/uploads\/2024\/04\/dau14.jpg","type":"image\/jpeg"}],"author":"Kuzeyin Sesi","twitter_card":"summary_large_image","twitter_creator":"@kuzeyinsesii","twitter_site":"@kuzeyinsesii","twitter_misc":{"Yazan:":"Kuzeyin Sesi","Tahmini okuma s\u00fcresi":"1 dakika"},"schema":{"@context":"https:\/\/schema.org","@graph":[{"@type":"Article","@id":"https:\/\/kuzeyinsesi.org\/index.php\/2024\/04\/27\/dau-iletisim-fakultesi-yuksek-lisans-programi-ilk-5te-yer-aldi\/#article","isPartOf":{"@id":"https:\/\/kuzeyinsesi.org\/index.php\/2024\/04\/27\/dau-iletisim-fakultesi-yuksek-lisans-programi-ilk-5te-yer-aldi\/"},"author":{"name":"Kuzeyin Sesi","@id":"https:\/\/kuzeyinsesi.org\/#\/schema\/person\/9f859689cdf01485597712386e37f5aa"},"headline":"\u201cDA\u00dc \u0130leti\u015fim Fak\u00fcltesi Y\u00fcksek Lisans Program\u0131 ilk 5\u2019te yer ald\u0131\u201d","datePublished":"2024-04-27T09:34:11+00:00","mainEntityOfPage":{"@id":"https:\/\/kuzeyinsesi.org\/index.php\/2024\/04\/27\/dau-iletisim-fakultesi-yuksek-lisans-programi-ilk-5te-yer-aldi\/"},"wordCount":297,"commentCount":0,"image":{"@id":"https:\/\/kuzeyinsesi.org\/index.php\/2024\/04\/27\/dau-iletisim-fakultesi-yuksek-lisans-programi-ilk-5te-yer-aldi\/#primaryimage"},"thumbnailUrl":"https:\/\/kuzeyinsesi.org\/wp-content\/uploads\/2024\/04\/dau14.jpg","articleSection":["K\u0131br\u0131s"],"inLanguage":"tr","potentialAction":[{"@type":"CommentAction","name":"Comment","target":["https:\/\/kuzeyinsesi.org\/index.php\/2024\/04\/27\/dau-iletisim-fakultesi-yuksek-lisans-programi-ilk-5te-yer-aldi\/#respond"]}]},{"@type":"WebPage","@id":"https:\/\/kuzeyinsesi.org\/index.php\/2024\/04\/27\/dau-iletisim-fakultesi-yuksek-lisans-programi-ilk-5te-yer-aldi\/","url":"https:\/\/kuzeyinsesi.org\/index.php\/2024\/04\/27\/dau-iletisim-fakultesi-yuksek-lisans-programi-ilk-5te-yer-aldi\/","name":"\u201cDA\u00dc \u0130leti\u015fim Fak\u00fcltesi Y\u00fcksek Lisans Program\u0131 ilk 5\u2019te yer ald\u0131\u201d - Kuzeyin Sesi","isPartOf":{"@id":"https:\/\/kuzeyinsesi.org\/#website"},"primaryImageOfPage":{"@id":"https:\/\/kuzeyinsesi.org\/index.php\/2024\/04\/27\/dau-iletisim-fakultesi-yuksek-lisans-programi-ilk-5te-yer-aldi\/#primaryimage"},"image":{"@id":"https:\/\/kuzeyinsesi.org\/index.php\/2024\/04\/27\/dau-iletisim-fakultesi-yuksek-lisans-programi-ilk-5te-yer-aldi\/#primaryimage"},"thumbnailUrl":"https:\/\/kuzeyinsesi.org\/wp-content\/uploads\/2024\/04\/dau14.jpg","datePublished":"2024-04-27T09:34:11+00:00","author":{"@id":"https:\/\/kuzeyinsesi.org\/#\/schema\/person\/9f859689cdf01485597712386e37f5aa"},"breadcrumb":{"@id":"https:\/\/kuzeyinsesi.org\/index.php\/2024\/04\/27\/dau-iletisim-fakultesi-yuksek-lisans-programi-ilk-5te-yer-aldi\/#breadcrumb"},"inLanguage":"tr","potentialAction":[{"@type":"ReadAction","target":["https:\/\/kuzeyinsesi.org\/index.php\/2024\/04\/27\/dau-iletisim-fakultesi-yuksek-lisans-programi-ilk-5te-yer-aldi\/"]}]},{"@type":"ImageObject","inLanguage":"tr","@id":"https:\/\/kuzeyinsesi.org\/index.php\/2024\/04\/27\/dau-iletisim-fakultesi-yuksek-lisans-programi-ilk-5te-yer-aldi\/#primaryimage","url":"https:\/\/kuzeyinsesi.org\/wp-content\/uploads\/2024\/04\/dau14.jpg","contentUrl":"https:\/\/kuzeyinsesi.org\/wp-content\/uploads\/2024\/04\/dau14.jpg","width":512,"height":272},{"@type":"BreadcrumbList","@id":"https:\/\/kuzeyinsesi.org\/index.php\/2024\/04\/27\/dau-iletisim-fakultesi-yuksek-lisans-programi-ilk-5te-yer-aldi\/#breadcrumb","itemListElement":[{"@type":"ListItem","position":1,"name":"Anasayfa","item":"https:\/\/kuzeyinsesi.org\/"},{"@type":"ListItem","position":2,"name":"\u201cDA\u00dc \u0130leti\u015fim Fak\u00fcltesi Y\u00fcksek Lisans Program\u0131 ilk 5\u2019te yer ald\u0131\u201d"}]},{"@type":"WebSite","@id":"https:\/\/kuzeyinsesi.org\/#website","url":"https:\/\/kuzeyinsesi.org\/","name":"Kuzeyin Sesi","description":"Do\u011fru Haberin Adresi","potentialAction":[{"@type":"SearchAction","target":{"@type":"EntryPoint","urlTemplate":"https:\/\/kuzeyinsesi.org\/?s={search_term_string}"},"query-input":{"@type":"PropertyValueSpecification","valueRequired":true,"valueName":"search_term_string"}}],"inLanguage":"tr"},{"@type":"Person","@id":"https:\/\/kuzeyinsesi.org\/#\/schema\/person\/9f859689cdf01485597712386e37f5aa","name":"Kuzeyin Sesi","image":{"@type":"ImageObject","inLanguage":"tr","@id":"https:\/\/secure.gravatar.com\/avatar\/bab33852abfd8b282518d6ed81826833d77c3c882d9ab608add591ccace47a44?s=96&d=mm&r=g","url":"https:\/\/secure.gravatar.com\/avatar\/bab33852abfd8b282518d6ed81826833d77c3c882d9ab608add591ccace47a44?s=96&d=mm&r=g","contentUrl":"https:\/\/secure.gravatar.com\/avatar\/bab33852abfd8b282518d6ed81826833d77c3c882d9ab608add591ccace47a44?s=96&d=mm&r=g","caption":"Kuzeyin Sesi"},"sameAs":["https:\/\/kuzeyinsesi.org"],"url":"https:\/\/kuzeyinsesi.org\/index.php\/author\/guven\/"}]}},"_links":{"self":[{"href":"https:\/\/kuzeyinsesi.org\/index.php\/wp-json\/wp\/v2\/posts\/695","targetHints":{"allow":["GET"]}}],"collection":[{"href":"https:\/\/kuzeyinsesi.org\/index.php\/wp-json\/wp\/v2\/posts"}],"about":[{"href":"https:\/\/kuzeyinsesi.org\/index.php\/wp-json\/wp\/v2\/types\/post"}],"author":[{"embeddable":true,"href":"https:\/\/kuzeyinsesi.org\/index.php\/wp-json\/wp\/v2\/users\/1"}],"replies":[{"embeddable":true,"href":"https:\/\/kuzeyinsesi.org\/index.php\/wp-json\/wp\/v2\/comments?post=695"}],"version-history":[{"count":0,"href":"https:\/\/kuzeyinsesi.org\/index.php\/wp-json\/wp\/v2\/posts\/695\/revisions"}],"wp:featuredmedia":[{"embeddable":true,"href":"https:\/\/kuzeyinsesi.org\/index.php\/wp-json\/wp\/v2\/media\/696"}],"wp:attachment":[{"href":"https:\/\/kuzeyinsesi.org\/index.php\/wp-json\/wp\/v2\/media?parent=695"}],"wp:term":[{"taxonomy":"category","embeddable":true,"href":"https:\/\/kuzeyinsesi.org\/index.php\/wp-json\/wp\/v2\/categories?post=695"},{"taxonomy":"post_tag","embeddable":true,"href":"https:\/\/kuzeyinsesi.org\/index.php\/wp-json\/wp\/v2\/tags?post=695"}],"curies":[{"name":"wp","href":"https:\/\/api.w.org\/{rel}","templated":true}]}}