{"id":6912,"date":"2024-07-24T19:25:59","date_gmt":"2024-07-24T16:25:59","guid":{"rendered":"https:\/\/kuzeyinsesi.org\/index.php\/2024\/07\/24\/3-uluslararasi-guzelyurt-sanat-bulusmasi-basladi\/"},"modified":"2024-07-24T19:25:59","modified_gmt":"2024-07-24T16:25:59","slug":"3-uluslararasi-guzelyurt-sanat-bulusmasi-basladi","status":"publish","type":"post","link":"https:\/\/kuzeyinsesi.org\/index.php\/2024\/07\/24\/3-uluslararasi-guzelyurt-sanat-bulusmasi-basladi\/","title":{"rendered":"3. Uluslararas\u0131 G\u00fczelyurt Sanat Bulu\u015fmas\u0131 ba\u015flad\u0131"},"content":{"rendered":"<div>\n<div class=\"mariselle-image-container center\">\n                                            <\/div>\n<p>G\u00fczelyurt Belediyesi\u2019nin bu y\u0131l \u00fc\u00e7\u00fcnc\u00fcs\u00fcn\u00fc d\u00fczenledi\u011fi Uluslararas\u0131 G\u00fczelyurt Sanat Bulu\u015fmas\u0131 ba\u015flad\u0131.<\/p>\n<p>G\u00fczelyurt Belediyesi\u2019nden yap\u0131lan a\u00e7\u0131klamaya g\u00f6re, 28 Temmuz\u2019a kadar devam edecek Sanat Bulu\u015fmas\u0131 kapsam\u0131nda T\u00fcrkiye ve yurt d\u0131\u015f\u0131ndan gelen sanat\u00e7\u0131lar \u00e7e\u015fitli eserler \u00fcretecek. Bir hafta boyunca AKM\u2019de yap\u0131lacak \u00e7al\u0131\u015ftay kapsam\u0131nda yap\u0131lacak eserler, cumartesi g\u00fcn\u00fc 18.00\u2019de G\u00fczelyurt Sergi Salonu\u2019nda yap\u0131lacak a\u00e7\u0131l\u0131\u015fla sanatseverlerin be\u011fenisine sunulacak.<\/p>\n<p>Arif Albayrak ve Mustafa Cihangir\u2018in k\u00fcrat\u00f6rl\u00fc\u011f\u00fcnde ve Hascen Do\u011fan Esenyel\u2019in koordinat\u00f6rl\u00fc\u011f\u00fcnde organize edilen Sanat Bulu\u015fmas\u0131\u2019nda yerli sanat\u00e7\u0131lar\u0131n yan\u0131nda T\u00fcrkiye, \u0130ran, Rusya ve Kazakistan\u2019dan sanat\u00e7\u0131lar yer al\u0131yor.<\/p>\n<p>\u00a0<\/p>\n<div class=\"mariselle-image-container center\">\n                <img decoding=\"async\" width=\"2048\" height=\"1536\" class=\"lazy-image\" alt=\"\" sizes=\"(max-width: 2048px) 100vw, 2048px\" src=\"https:\/\/brtk.net\/wp-content\/uploads\/2024\/07\/22\/sbbb.jpg?ver=701fd339c46132419ea330c444a2243a\" srcset=\"https:\/\/brtk.net\/wp-content\/uploads\/2024\/07\/22\/sbbb.jpg?ver=701fd339c46132419ea330c444a2243a 2048w, https:\/\/brtk.net\/wp-content\/uploads\/2024\/07\/22\/sbbb-300x225.jpg?ver=4d82f5f9fdb52bba8d6c2e3469ec86ae 300w, https:\/\/brtk.net\/wp-content\/uploads\/2024\/07\/22\/sbbb-1024x768.jpg?ver=4d82f5f9fdb52bba8d6c2e3469ec86ae 1024w, https:\/\/brtk.net\/wp-content\/uploads\/2024\/07\/22\/sbbb-768x576.jpg?ver=4d82f5f9fdb52bba8d6c2e3469ec86ae 768w, https:\/\/brtk.net\/wp-content\/uploads\/2024\/07\/22\/sbbb-1536x1152.jpg?ver=e5b95efe840f1139143eb7d33b65b321 1536w\"\/>                            <\/div>\n<p>G\u00fczelyurt Belediye Ba\u015fkan\u0131 Mahmut \u00d6z\u00e7\u0131nar bug\u00fcn AKM\u2019de sanat\u00e7\u0131lar\u0131n yer ald\u0131\u011f\u0131 \u00e7al\u0131\u015ftay\u0131 ziyaret ederek, sanata, sanat\u00e7\u0131ya ve k\u00fclt\u00fcr alan\u0131na destek vermek amac\u0131yla G\u00fczelyurt Belediyesi\u2019nin bu t\u00fcr organizasyonlara b\u00fcy\u00fck \u00f6nem verdi\u011fini kaydetti.<\/p>\n<p>K\u00fcrat\u00f6r Arif Albayrak da G\u00fczelyurt Belediyesi\u2019nin organize etti\u011fi Uluslararas\u0131 Sanat Bulu\u015fmas\u0131\u2019n\u0131n bir marka haline geldi\u011fine dikkat \u00e7ekerek, G\u00fczelyurt\u2019un k\u00fclt\u00fcr beldesi olma yolunda h\u0131zla ilerledi\u011fini kaydetti.<\/p>\n<p>G\u00fczelyurt Belediyesi\u2019nin organize etti\u011fi Sanat Bulu\u015fmas\u0131\u2019nda sunulan imkanlar bak\u0131m\u0131ndan t\u00fcm sanat\u00e7\u0131lar\u0131n b\u00fcy\u00fck uyum i\u00e7erisinde \u00e7al\u0131\u015ft\u0131klar\u0131n\u0131 vurgulayan Albayrak, kat\u0131l\u0131mc\u0131lara te\u015fekk\u00fcr etti.<\/p>\n<\/p><\/div>\n<p><script async\n                    defer\n                    crossorigin=\"anonymous\"\n                    src=\"https:\/\/connect.facebook.net\/tr_TR\/sdk.js#xfbml=1&#038;version=v3.3\"\n            ><\/script><\/p>\n","protected":false},"excerpt":{"rendered":"<p>G\u00fczelyurt Belediyesi\u2019nin bu y\u0131l \u00fc\u00e7\u00fcnc\u00fcs\u00fcn\u00fc d\u00fczenledi\u011fi Uluslararas\u0131 G\u00fczelyurt Sanat Bulu\u015fmas\u0131 ba\u015flad\u0131. G\u00fczelyurt Belediyesi\u2019nden yap\u0131lan a\u00e7\u0131klamaya g\u00f6re, 28 Temmuz\u2019a kadar devam edecek Sanat Bulu\u015fmas\u0131 kapsam\u0131nda T\u00fcrkiye ve yurt d\u0131\u015f\u0131ndan gelen sanat\u00e7\u0131lar \u00e7e\u015fitli eserler \u00fcretecek. Bir hafta boyunca AKM\u2019de yap\u0131lacak \u00e7al\u0131\u015ftay kapsam\u0131nda yap\u0131lacak eserler, cumartesi g\u00fcn\u00fc 18.00\u2019de G\u00fczelyurt Sergi Salonu\u2019nda yap\u0131lacak a\u00e7\u0131l\u0131\u015fla sanatseverlerin be\u011fenisine sunulacak. Arif Albayrak [&hellip;]<\/p>\n","protected":false},"author":1,"featured_media":6913,"comment_status":"open","ping_status":"open","sticky":false,"template":"","format":"standard","meta":{"jnews-multi-image_gallery":[],"jnews_single_post":[],"jnews_primary_category":[],"jnews_social_meta":[],"jnews_override_counter":[],"footnotes":""},"categories":[6],"tags":[],"class_list":["post-6912","post","type-post","status-publish","format-standard","has-post-thumbnail","hentry","category-yasam"],"yoast_head":"<!-- This site is optimized with the Yoast SEO plugin v27.5 - https:\/\/yoast.com\/product\/yoast-seo-wordpress\/ -->\n<title>3. Uluslararas\u0131 G\u00fczelyurt Sanat Bulu\u015fmas\u0131 ba\u015flad\u0131 - Kuzeyin Sesi<\/title>\n<meta name=\"robots\" content=\"index, follow, max-snippet:-1, max-image-preview:large, max-video-preview:-1\" \/>\n<link rel=\"canonical\" href=\"https:\/\/kuzeyinsesi.org\/index.php\/2024\/07\/24\/3-uluslararasi-guzelyurt-sanat-bulusmasi-basladi\/\" \/>\n<meta property=\"og:locale\" content=\"tr_TR\" \/>\n<meta property=\"og:type\" content=\"article\" \/>\n<meta property=\"og:title\" content=\"3. Uluslararas\u0131 G\u00fczelyurt Sanat Bulu\u015fmas\u0131 ba\u015flad\u0131 - Kuzeyin Sesi\" \/>\n<meta property=\"og:description\" content=\"G\u00fczelyurt Belediyesi\u2019nin bu y\u0131l \u00fc\u00e7\u00fcnc\u00fcs\u00fcn\u00fc d\u00fczenledi\u011fi Uluslararas\u0131 G\u00fczelyurt Sanat Bulu\u015fmas\u0131 ba\u015flad\u0131. G\u00fczelyurt Belediyesi\u2019nden yap\u0131lan a\u00e7\u0131klamaya g\u00f6re, 28 Temmuz\u2019a kadar devam edecek Sanat Bulu\u015fmas\u0131 kapsam\u0131nda T\u00fcrkiye ve yurt d\u0131\u015f\u0131ndan gelen sanat\u00e7\u0131lar \u00e7e\u015fitli eserler \u00fcretecek. Bir hafta boyunca AKM\u2019de yap\u0131lacak \u00e7al\u0131\u015ftay kapsam\u0131nda yap\u0131lacak eserler, cumartesi g\u00fcn\u00fc 18.00\u2019de G\u00fczelyurt Sergi Salonu\u2019nda yap\u0131lacak a\u00e7\u0131l\u0131\u015fla sanatseverlerin be\u011fenisine sunulacak. Arif Albayrak [&hellip;]\" \/>\n<meta property=\"og:url\" content=\"https:\/\/kuzeyinsesi.org\/index.php\/2024\/07\/24\/3-uluslararasi-guzelyurt-sanat-bulusmasi-basladi\/\" \/>\n<meta property=\"og:site_name\" content=\"Kuzeyin Sesi\" \/>\n<meta property=\"article:publisher\" content=\"https:\/\/www.facebook.com\/kuzeyinsesii\" \/>\n<meta property=\"article:published_time\" content=\"2024-07-24T16:25:59+00:00\" \/>\n<meta property=\"og:image\" content=\"https:\/\/brtk.net\/wp-content\/uploads\/2024\/07\/22\/3-sanat-bulusmasi5-scaled.jpg?ver=0b2fcac1756f0d9eaaeff93c1e736926\" \/>\n<meta name=\"author\" content=\"Kuzeyin Sesi\" \/>\n<meta name=\"twitter:card\" content=\"summary_large_image\" \/>\n<meta name=\"twitter:creator\" content=\"@kuzeyinsesii\" \/>\n<meta name=\"twitter:site\" content=\"@kuzeyinsesii\" \/>\n<meta name=\"twitter:label1\" content=\"Yazan:\" \/>\n\t<meta name=\"twitter:data1\" content=\"Kuzeyin Sesi\" \/>\n\t<meta name=\"twitter:label2\" content=\"Tahmini okuma s\u00fcresi\" \/>\n\t<meta name=\"twitter:data2\" content=\"1 dakika\" \/>\n<script type=\"application\/ld+json\" class=\"yoast-schema-graph\">{\"@context\":\"https:\\\/\\\/schema.org\",\"@graph\":[{\"@type\":\"Article\",\"@id\":\"https:\\\/\\\/kuzeyinsesi.org\\\/index.php\\\/2024\\\/07\\\/24\\\/3-uluslararasi-guzelyurt-sanat-bulusmasi-basladi\\\/#article\",\"isPartOf\":{\"@id\":\"https:\\\/\\\/kuzeyinsesi.org\\\/index.php\\\/2024\\\/07\\\/24\\\/3-uluslararasi-guzelyurt-sanat-bulusmasi-basladi\\\/\"},\"author\":{\"name\":\"Kuzeyin Sesi\",\"@id\":\"https:\\\/\\\/kuzeyinsesi.org\\\/#\\\/schema\\\/person\\\/9f859689cdf01485597712386e37f5aa\"},\"headline\":\"3. Uluslararas\u0131 G\u00fczelyurt Sanat Bulu\u015fmas\u0131 ba\u015flad\u0131\",\"datePublished\":\"2024-07-24T16:25:59+00:00\",\"mainEntityOfPage\":{\"@id\":\"https:\\\/\\\/kuzeyinsesi.org\\\/index.php\\\/2024\\\/07\\\/24\\\/3-uluslararasi-guzelyurt-sanat-bulusmasi-basladi\\\/\"},\"wordCount\":267,\"commentCount\":0,\"image\":{\"@id\":\"https:\\\/\\\/kuzeyinsesi.org\\\/index.php\\\/2024\\\/07\\\/24\\\/3-uluslararasi-guzelyurt-sanat-bulusmasi-basladi\\\/#primaryimage\"},\"thumbnailUrl\":\"https:\\\/\\\/kuzeyinsesi.org\\\/wp-content\\\/uploads\\\/2024\\\/07\\\/sbbb.jpg\",\"articleSection\":[\"Ya\u015fam\"],\"inLanguage\":\"tr\",\"potentialAction\":[{\"@type\":\"CommentAction\",\"name\":\"Comment\",\"target\":[\"https:\\\/\\\/kuzeyinsesi.org\\\/index.php\\\/2024\\\/07\\\/24\\\/3-uluslararasi-guzelyurt-sanat-bulusmasi-basladi\\\/#respond\"]}]},{\"@type\":\"WebPage\",\"@id\":\"https:\\\/\\\/kuzeyinsesi.org\\\/index.php\\\/2024\\\/07\\\/24\\\/3-uluslararasi-guzelyurt-sanat-bulusmasi-basladi\\\/\",\"url\":\"https:\\\/\\\/kuzeyinsesi.org\\\/index.php\\\/2024\\\/07\\\/24\\\/3-uluslararasi-guzelyurt-sanat-bulusmasi-basladi\\\/\",\"name\":\"3. Uluslararas\u0131 G\u00fczelyurt Sanat Bulu\u015fmas\u0131 ba\u015flad\u0131 - Kuzeyin Sesi\",\"isPartOf\":{\"@id\":\"https:\\\/\\\/kuzeyinsesi.org\\\/#website\"},\"primaryImageOfPage\":{\"@id\":\"https:\\\/\\\/kuzeyinsesi.org\\\/index.php\\\/2024\\\/07\\\/24\\\/3-uluslararasi-guzelyurt-sanat-bulusmasi-basladi\\\/#primaryimage\"},\"image\":{\"@id\":\"https:\\\/\\\/kuzeyinsesi.org\\\/index.php\\\/2024\\\/07\\\/24\\\/3-uluslararasi-guzelyurt-sanat-bulusmasi-basladi\\\/#primaryimage\"},\"thumbnailUrl\":\"https:\\\/\\\/kuzeyinsesi.org\\\/wp-content\\\/uploads\\\/2024\\\/07\\\/sbbb.jpg\",\"datePublished\":\"2024-07-24T16:25:59+00:00\",\"author\":{\"@id\":\"https:\\\/\\\/kuzeyinsesi.org\\\/#\\\/schema\\\/person\\\/9f859689cdf01485597712386e37f5aa\"},\"breadcrumb\":{\"@id\":\"https:\\\/\\\/kuzeyinsesi.org\\\/index.php\\\/2024\\\/07\\\/24\\\/3-uluslararasi-guzelyurt-sanat-bulusmasi-basladi\\\/#breadcrumb\"},\"inLanguage\":\"tr\",\"potentialAction\":[{\"@type\":\"ReadAction\",\"target\":[\"https:\\\/\\\/kuzeyinsesi.org\\\/index.php\\\/2024\\\/07\\\/24\\\/3-uluslararasi-guzelyurt-sanat-bulusmasi-basladi\\\/\"]}]},{\"@type\":\"ImageObject\",\"inLanguage\":\"tr\",\"@id\":\"https:\\\/\\\/kuzeyinsesi.org\\\/index.php\\\/2024\\\/07\\\/24\\\/3-uluslararasi-guzelyurt-sanat-bulusmasi-basladi\\\/#primaryimage\",\"url\":\"https:\\\/\\\/kuzeyinsesi.org\\\/wp-content\\\/uploads\\\/2024\\\/07\\\/sbbb.jpg\",\"contentUrl\":\"https:\\\/\\\/kuzeyinsesi.org\\\/wp-content\\\/uploads\\\/2024\\\/07\\\/sbbb.jpg\",\"width\":2048,\"height\":1536},{\"@type\":\"BreadcrumbList\",\"@id\":\"https:\\\/\\\/kuzeyinsesi.org\\\/index.php\\\/2024\\\/07\\\/24\\\/3-uluslararasi-guzelyurt-sanat-bulusmasi-basladi\\\/#breadcrumb\",\"itemListElement\":[{\"@type\":\"ListItem\",\"position\":1,\"name\":\"Anasayfa\",\"item\":\"https:\\\/\\\/kuzeyinsesi.org\\\/\"},{\"@type\":\"ListItem\",\"position\":2,\"name\":\"3. Uluslararas\u0131 G\u00fczelyurt Sanat Bulu\u015fmas\u0131 ba\u015flad\u0131\"}]},{\"@type\":\"WebSite\",\"@id\":\"https:\\\/\\\/kuzeyinsesi.org\\\/#website\",\"url\":\"https:\\\/\\\/kuzeyinsesi.org\\\/\",\"name\":\"Kuzeyin Sesi\",\"description\":\"Do\u011fru Haberin Adresi\",\"potentialAction\":[{\"@type\":\"SearchAction\",\"target\":{\"@type\":\"EntryPoint\",\"urlTemplate\":\"https:\\\/\\\/kuzeyinsesi.org\\\/?s={search_term_string}\"},\"query-input\":{\"@type\":\"PropertyValueSpecification\",\"valueRequired\":true,\"valueName\":\"search_term_string\"}}],\"inLanguage\":\"tr\"},{\"@type\":\"Person\",\"@id\":\"https:\\\/\\\/kuzeyinsesi.org\\\/#\\\/schema\\\/person\\\/9f859689cdf01485597712386e37f5aa\",\"name\":\"Kuzeyin Sesi\",\"image\":{\"@type\":\"ImageObject\",\"inLanguage\":\"tr\",\"@id\":\"https:\\\/\\\/secure.gravatar.com\\\/avatar\\\/bab33852abfd8b282518d6ed81826833d77c3c882d9ab608add591ccace47a44?s=96&d=mm&r=g\",\"url\":\"https:\\\/\\\/secure.gravatar.com\\\/avatar\\\/bab33852abfd8b282518d6ed81826833d77c3c882d9ab608add591ccace47a44?s=96&d=mm&r=g\",\"contentUrl\":\"https:\\\/\\\/secure.gravatar.com\\\/avatar\\\/bab33852abfd8b282518d6ed81826833d77c3c882d9ab608add591ccace47a44?s=96&d=mm&r=g\",\"caption\":\"Kuzeyin Sesi\"},\"sameAs\":[\"https:\\\/\\\/kuzeyinsesi.org\"],\"url\":\"https:\\\/\\\/kuzeyinsesi.org\\\/index.php\\\/author\\\/guven\\\/\"}]}<\/script>\n<!-- \/ Yoast SEO plugin. -->","yoast_head_json":{"title":"3. Uluslararas\u0131 G\u00fczelyurt Sanat Bulu\u015fmas\u0131 ba\u015flad\u0131 - Kuzeyin Sesi","robots":{"index":"index","follow":"follow","max-snippet":"max-snippet:-1","max-image-preview":"max-image-preview:large","max-video-preview":"max-video-preview:-1"},"canonical":"https:\/\/kuzeyinsesi.org\/index.php\/2024\/07\/24\/3-uluslararasi-guzelyurt-sanat-bulusmasi-basladi\/","og_locale":"tr_TR","og_type":"article","og_title":"3. Uluslararas\u0131 G\u00fczelyurt Sanat Bulu\u015fmas\u0131 ba\u015flad\u0131 - Kuzeyin Sesi","og_description":"G\u00fczelyurt Belediyesi\u2019nin bu y\u0131l \u00fc\u00e7\u00fcnc\u00fcs\u00fcn\u00fc d\u00fczenledi\u011fi Uluslararas\u0131 G\u00fczelyurt Sanat Bulu\u015fmas\u0131 ba\u015flad\u0131. G\u00fczelyurt Belediyesi\u2019nden yap\u0131lan a\u00e7\u0131klamaya g\u00f6re, 28 Temmuz\u2019a kadar devam edecek Sanat Bulu\u015fmas\u0131 kapsam\u0131nda T\u00fcrkiye ve yurt d\u0131\u015f\u0131ndan gelen sanat\u00e7\u0131lar \u00e7e\u015fitli eserler \u00fcretecek. Bir hafta boyunca AKM\u2019de yap\u0131lacak \u00e7al\u0131\u015ftay kapsam\u0131nda yap\u0131lacak eserler, cumartesi g\u00fcn\u00fc 18.00\u2019de G\u00fczelyurt Sergi Salonu\u2019nda yap\u0131lacak a\u00e7\u0131l\u0131\u015fla sanatseverlerin be\u011fenisine sunulacak. Arif Albayrak [&hellip;]","og_url":"https:\/\/kuzeyinsesi.org\/index.php\/2024\/07\/24\/3-uluslararasi-guzelyurt-sanat-bulusmasi-basladi\/","og_site_name":"Kuzeyin Sesi","article_publisher":"https:\/\/www.facebook.com\/kuzeyinsesii","article_published_time":"2024-07-24T16:25:59+00:00","og_image":[{"url":"https:\/\/brtk.net\/wp-content\/uploads\/2024\/07\/22\/3-sanat-bulusmasi5-scaled.jpg?ver=0b2fcac1756f0d9eaaeff93c1e736926","type":"","width":"","height":""}],"author":"Kuzeyin Sesi","twitter_card":"summary_large_image","twitter_creator":"@kuzeyinsesii","twitter_site":"@kuzeyinsesii","twitter_misc":{"Yazan:":"Kuzeyin Sesi","Tahmini okuma s\u00fcresi":"1 dakika"},"schema":{"@context":"https:\/\/schema.org","@graph":[{"@type":"Article","@id":"https:\/\/kuzeyinsesi.org\/index.php\/2024\/07\/24\/3-uluslararasi-guzelyurt-sanat-bulusmasi-basladi\/#article","isPartOf":{"@id":"https:\/\/kuzeyinsesi.org\/index.php\/2024\/07\/24\/3-uluslararasi-guzelyurt-sanat-bulusmasi-basladi\/"},"author":{"name":"Kuzeyin Sesi","@id":"https:\/\/kuzeyinsesi.org\/#\/schema\/person\/9f859689cdf01485597712386e37f5aa"},"headline":"3. Uluslararas\u0131 G\u00fczelyurt Sanat Bulu\u015fmas\u0131 ba\u015flad\u0131","datePublished":"2024-07-24T16:25:59+00:00","mainEntityOfPage":{"@id":"https:\/\/kuzeyinsesi.org\/index.php\/2024\/07\/24\/3-uluslararasi-guzelyurt-sanat-bulusmasi-basladi\/"},"wordCount":267,"commentCount":0,"image":{"@id":"https:\/\/kuzeyinsesi.org\/index.php\/2024\/07\/24\/3-uluslararasi-guzelyurt-sanat-bulusmasi-basladi\/#primaryimage"},"thumbnailUrl":"https:\/\/kuzeyinsesi.org\/wp-content\/uploads\/2024\/07\/sbbb.jpg","articleSection":["Ya\u015fam"],"inLanguage":"tr","potentialAction":[{"@type":"CommentAction","name":"Comment","target":["https:\/\/kuzeyinsesi.org\/index.php\/2024\/07\/24\/3-uluslararasi-guzelyurt-sanat-bulusmasi-basladi\/#respond"]}]},{"@type":"WebPage","@id":"https:\/\/kuzeyinsesi.org\/index.php\/2024\/07\/24\/3-uluslararasi-guzelyurt-sanat-bulusmasi-basladi\/","url":"https:\/\/kuzeyinsesi.org\/index.php\/2024\/07\/24\/3-uluslararasi-guzelyurt-sanat-bulusmasi-basladi\/","name":"3. Uluslararas\u0131 G\u00fczelyurt Sanat Bulu\u015fmas\u0131 ba\u015flad\u0131 - Kuzeyin Sesi","isPartOf":{"@id":"https:\/\/kuzeyinsesi.org\/#website"},"primaryImageOfPage":{"@id":"https:\/\/kuzeyinsesi.org\/index.php\/2024\/07\/24\/3-uluslararasi-guzelyurt-sanat-bulusmasi-basladi\/#primaryimage"},"image":{"@id":"https:\/\/kuzeyinsesi.org\/index.php\/2024\/07\/24\/3-uluslararasi-guzelyurt-sanat-bulusmasi-basladi\/#primaryimage"},"thumbnailUrl":"https:\/\/kuzeyinsesi.org\/wp-content\/uploads\/2024\/07\/sbbb.jpg","datePublished":"2024-07-24T16:25:59+00:00","author":{"@id":"https:\/\/kuzeyinsesi.org\/#\/schema\/person\/9f859689cdf01485597712386e37f5aa"},"breadcrumb":{"@id":"https:\/\/kuzeyinsesi.org\/index.php\/2024\/07\/24\/3-uluslararasi-guzelyurt-sanat-bulusmasi-basladi\/#breadcrumb"},"inLanguage":"tr","potentialAction":[{"@type":"ReadAction","target":["https:\/\/kuzeyinsesi.org\/index.php\/2024\/07\/24\/3-uluslararasi-guzelyurt-sanat-bulusmasi-basladi\/"]}]},{"@type":"ImageObject","inLanguage":"tr","@id":"https:\/\/kuzeyinsesi.org\/index.php\/2024\/07\/24\/3-uluslararasi-guzelyurt-sanat-bulusmasi-basladi\/#primaryimage","url":"https:\/\/kuzeyinsesi.org\/wp-content\/uploads\/2024\/07\/sbbb.jpg","contentUrl":"https:\/\/kuzeyinsesi.org\/wp-content\/uploads\/2024\/07\/sbbb.jpg","width":2048,"height":1536},{"@type":"BreadcrumbList","@id":"https:\/\/kuzeyinsesi.org\/index.php\/2024\/07\/24\/3-uluslararasi-guzelyurt-sanat-bulusmasi-basladi\/#breadcrumb","itemListElement":[{"@type":"ListItem","position":1,"name":"Anasayfa","item":"https:\/\/kuzeyinsesi.org\/"},{"@type":"ListItem","position":2,"name":"3. Uluslararas\u0131 G\u00fczelyurt Sanat Bulu\u015fmas\u0131 ba\u015flad\u0131"}]},{"@type":"WebSite","@id":"https:\/\/kuzeyinsesi.org\/#website","url":"https:\/\/kuzeyinsesi.org\/","name":"Kuzeyin Sesi","description":"Do\u011fru Haberin Adresi","potentialAction":[{"@type":"SearchAction","target":{"@type":"EntryPoint","urlTemplate":"https:\/\/kuzeyinsesi.org\/?s={search_term_string}"},"query-input":{"@type":"PropertyValueSpecification","valueRequired":true,"valueName":"search_term_string"}}],"inLanguage":"tr"},{"@type":"Person","@id":"https:\/\/kuzeyinsesi.org\/#\/schema\/person\/9f859689cdf01485597712386e37f5aa","name":"Kuzeyin Sesi","image":{"@type":"ImageObject","inLanguage":"tr","@id":"https:\/\/secure.gravatar.com\/avatar\/bab33852abfd8b282518d6ed81826833d77c3c882d9ab608add591ccace47a44?s=96&d=mm&r=g","url":"https:\/\/secure.gravatar.com\/avatar\/bab33852abfd8b282518d6ed81826833d77c3c882d9ab608add591ccace47a44?s=96&d=mm&r=g","contentUrl":"https:\/\/secure.gravatar.com\/avatar\/bab33852abfd8b282518d6ed81826833d77c3c882d9ab608add591ccace47a44?s=96&d=mm&r=g","caption":"Kuzeyin Sesi"},"sameAs":["https:\/\/kuzeyinsesi.org"],"url":"https:\/\/kuzeyinsesi.org\/index.php\/author\/guven\/"}]}},"_links":{"self":[{"href":"https:\/\/kuzeyinsesi.org\/index.php\/wp-json\/wp\/v2\/posts\/6912","targetHints":{"allow":["GET"]}}],"collection":[{"href":"https:\/\/kuzeyinsesi.org\/index.php\/wp-json\/wp\/v2\/posts"}],"about":[{"href":"https:\/\/kuzeyinsesi.org\/index.php\/wp-json\/wp\/v2\/types\/post"}],"author":[{"embeddable":true,"href":"https:\/\/kuzeyinsesi.org\/index.php\/wp-json\/wp\/v2\/users\/1"}],"replies":[{"embeddable":true,"href":"https:\/\/kuzeyinsesi.org\/index.php\/wp-json\/wp\/v2\/comments?post=6912"}],"version-history":[{"count":0,"href":"https:\/\/kuzeyinsesi.org\/index.php\/wp-json\/wp\/v2\/posts\/6912\/revisions"}],"wp:featuredmedia":[{"embeddable":true,"href":"https:\/\/kuzeyinsesi.org\/index.php\/wp-json\/wp\/v2\/media\/6913"}],"wp:attachment":[{"href":"https:\/\/kuzeyinsesi.org\/index.php\/wp-json\/wp\/v2\/media?parent=6912"}],"wp:term":[{"taxonomy":"category","embeddable":true,"href":"https:\/\/kuzeyinsesi.org\/index.php\/wp-json\/wp\/v2\/categories?post=6912"},{"taxonomy":"post_tag","embeddable":true,"href":"https:\/\/kuzeyinsesi.org\/index.php\/wp-json\/wp\/v2\/tags?post=6912"}],"curies":[{"name":"wp","href":"https:\/\/api.w.org\/{rel}","templated":true}]}}