{"id":6910,"date":"2024-07-24T18:23:21","date_gmt":"2024-07-24T15:23:21","guid":{"rendered":"https:\/\/kuzeyinsesi.org\/index.php\/2024\/07\/24\/kuir-baris-uzlas-projesi-basladi\/"},"modified":"2024-07-24T18:23:21","modified_gmt":"2024-07-24T15:23:21","slug":"kuir-baris-uzlas-projesi-basladi","status":"publish","type":"post","link":"https:\/\/kuzeyinsesi.org\/index.php\/2024\/07\/24\/kuir-baris-uzlas-projesi-basladi\/","title":{"rendered":"\u201cKuir Bar\u0131\u015f \/ Uzla\u015f\u201d projesi ba\u015flad\u0131"},"content":{"rendered":"<div>\n<div class=\"mariselle-image-container center\">\n                                            <\/div>\n<p>Yenilik\u00e7i sanat temelli etkinliklerle toplumsal cinsiyet e\u015fitli\u011fini ve LGBT\u0130+ haklar\u0131n\u0131n g\u00f6r\u00fcn\u00fcr k\u0131lmay\u0131 ama\u00e7layan \u201cKuir Bar\u0131\u015f \/ Uzla\u015f\u201d projesi kapsamda yar\u0131n Ma\u011fusa\u2019da \u201c\u00c7izim ve hikaye biriktirme\u201d at\u00f6lyesi yap\u0131l\u0131yor.<\/p>\n<p>Avrupa Birli\u011fi taraf\u0131ndan BCASA Projesi\u2019nin k\u00fc\u00e7\u00fck hibeler program\u0131 kapsam\u0131nda finanse edilen,  g\u00f6rsel sanat\u00e7\u0131 Nurtane Karagil i\u015f birli\u011finde Kuir K\u0131br\u0131s Derne\u011fi taraf\u0131ndan y\u00fcr\u00fct\u00fclen projede kuir anlat\u0131lar\u0131, duvar resimleri ve billboard kampanyas\u0131 olu\u015fturulacak.<\/p>\n<p>Kuir K\u0131br\u0131s Derne\u011fi\u2019nden verilen bilgiye g\u00f6re, Ma\u011fusa Kale Pasaj\u2019da yar\u0131n yap\u0131lacak \u201c\u00c7izim ve hikaye biriktirme\u201d at\u00f6lyesi saat 19.00\u2019da ba\u015flayacak.<\/p>\n<p>Proje ve etkinliklerle ilgili bilgiye [email\u00a0protected] adresinden ula\u015fabilecek.<\/p>\n<\/p><\/div>\n<p><script async\n                    defer\n                    crossorigin=\"anonymous\"\n                    src=\"https:\/\/connect.facebook.net\/tr_TR\/sdk.js#xfbml=1&#038;version=v3.3\"\n            ><\/script><\/p>\n","protected":false},"excerpt":{"rendered":"<p>Yenilik\u00e7i sanat temelli etkinliklerle toplumsal cinsiyet e\u015fitli\u011fini ve LGBT\u0130+ haklar\u0131n\u0131n g\u00f6r\u00fcn\u00fcr k\u0131lmay\u0131 ama\u00e7layan \u201cKuir Bar\u0131\u015f \/ Uzla\u015f\u201d projesi kapsamda yar\u0131n Ma\u011fusa\u2019da \u201c\u00c7izim ve hikaye biriktirme\u201d at\u00f6lyesi yap\u0131l\u0131yor. Avrupa Birli\u011fi taraf\u0131ndan BCASA Projesi\u2019nin k\u00fc\u00e7\u00fck hibeler program\u0131 kapsam\u0131nda finanse edilen, g\u00f6rsel sanat\u00e7\u0131 Nurtane Karagil i\u015f birli\u011finde Kuir K\u0131br\u0131s Derne\u011fi taraf\u0131ndan y\u00fcr\u00fct\u00fclen projede kuir anlat\u0131lar\u0131, duvar resimleri ve [&hellip;]<\/p>\n","protected":false},"author":1,"featured_media":6911,"comment_status":"open","ping_status":"open","sticky":false,"template":"","format":"standard","meta":{"jnews-multi-image_gallery":[],"jnews_single_post":[],"jnews_primary_category":[],"jnews_social_meta":[],"jnews_override_counter":[],"footnotes":""},"categories":[6],"tags":[],"class_list":["post-6910","post","type-post","status-publish","format-standard","has-post-thumbnail","hentry","category-yasam"],"yoast_head":"<!-- This site is optimized with the Yoast SEO plugin v27.5 - https:\/\/yoast.com\/product\/yoast-seo-wordpress\/ -->\n<title>\u201cKuir Bar\u0131\u015f \/ Uzla\u015f\u201d projesi ba\u015flad\u0131 - Kuzeyin Sesi<\/title>\n<meta name=\"robots\" content=\"index, follow, max-snippet:-1, max-image-preview:large, max-video-preview:-1\" \/>\n<link rel=\"canonical\" href=\"https:\/\/kuzeyinsesi.org\/index.php\/2024\/07\/24\/kuir-baris-uzlas-projesi-basladi\/\" \/>\n<meta property=\"og:locale\" content=\"tr_TR\" \/>\n<meta property=\"og:type\" content=\"article\" \/>\n<meta property=\"og:title\" content=\"\u201cKuir Bar\u0131\u015f \/ Uzla\u015f\u201d projesi ba\u015flad\u0131 - Kuzeyin Sesi\" \/>\n<meta property=\"og:description\" content=\"Yenilik\u00e7i sanat temelli etkinliklerle toplumsal cinsiyet e\u015fitli\u011fini ve LGBT\u0130+ haklar\u0131n\u0131n g\u00f6r\u00fcn\u00fcr k\u0131lmay\u0131 ama\u00e7layan \u201cKuir Bar\u0131\u015f \/ Uzla\u015f\u201d projesi kapsamda yar\u0131n Ma\u011fusa\u2019da \u201c\u00c7izim ve hikaye biriktirme\u201d at\u00f6lyesi yap\u0131l\u0131yor. Avrupa Birli\u011fi taraf\u0131ndan BCASA Projesi\u2019nin k\u00fc\u00e7\u00fck hibeler program\u0131 kapsam\u0131nda finanse edilen, g\u00f6rsel sanat\u00e7\u0131 Nurtane Karagil i\u015f birli\u011finde Kuir K\u0131br\u0131s Derne\u011fi taraf\u0131ndan y\u00fcr\u00fct\u00fclen projede kuir anlat\u0131lar\u0131, duvar resimleri ve [&hellip;]\" \/>\n<meta property=\"og:url\" content=\"https:\/\/kuzeyinsesi.org\/index.php\/2024\/07\/24\/kuir-baris-uzlas-projesi-basladi\/\" \/>\n<meta property=\"og:site_name\" content=\"Kuzeyin Sesi\" \/>\n<meta property=\"article:publisher\" content=\"https:\/\/www.facebook.com\/kuzeyinsesii\" \/>\n<meta property=\"article:published_time\" content=\"2024-07-24T15:23:21+00:00\" \/>\n<meta property=\"og:image\" content=\"https:\/\/brtk.net\/wp-content\/uploads\/2024\/07\/23\/asdada.png?ver=36ce0abe6542cd7fb9ca85eaf31272bd\" \/>\n<meta name=\"author\" content=\"Kuzeyin Sesi\" \/>\n<meta name=\"twitter:card\" content=\"summary_large_image\" \/>\n<meta name=\"twitter:creator\" content=\"@kuzeyinsesii\" \/>\n<meta name=\"twitter:site\" content=\"@kuzeyinsesii\" \/>\n<meta name=\"twitter:label1\" content=\"Yazan:\" \/>\n\t<meta name=\"twitter:data1\" content=\"Kuzeyin Sesi\" \/>\n\t<meta name=\"twitter:label2\" content=\"Tahmini okuma s\u00fcresi\" \/>\n\t<meta name=\"twitter:data2\" content=\"1 dakika\" \/>\n<script type=\"application\/ld+json\" class=\"yoast-schema-graph\">{\"@context\":\"https:\\\/\\\/schema.org\",\"@graph\":[{\"@type\":\"Article\",\"@id\":\"https:\\\/\\\/kuzeyinsesi.org\\\/index.php\\\/2024\\\/07\\\/24\\\/kuir-baris-uzlas-projesi-basladi\\\/#article\",\"isPartOf\":{\"@id\":\"https:\\\/\\\/kuzeyinsesi.org\\\/index.php\\\/2024\\\/07\\\/24\\\/kuir-baris-uzlas-projesi-basladi\\\/\"},\"author\":{\"name\":\"Kuzeyin Sesi\",\"@id\":\"https:\\\/\\\/kuzeyinsesi.org\\\/#\\\/schema\\\/person\\\/9f859689cdf01485597712386e37f5aa\"},\"headline\":\"\u201cKuir Bar\u0131\u015f \\\/ Uzla\u015f\u201d projesi ba\u015flad\u0131\",\"datePublished\":\"2024-07-24T15:23:21+00:00\",\"mainEntityOfPage\":{\"@id\":\"https:\\\/\\\/kuzeyinsesi.org\\\/index.php\\\/2024\\\/07\\\/24\\\/kuir-baris-uzlas-projesi-basladi\\\/\"},\"wordCount\":135,\"commentCount\":0,\"image\":{\"@id\":\"https:\\\/\\\/kuzeyinsesi.org\\\/index.php\\\/2024\\\/07\\\/24\\\/kuir-baris-uzlas-projesi-basladi\\\/#primaryimage\"},\"thumbnailUrl\":\"https:\\\/\\\/kuzeyinsesi.org\\\/wp-content\\\/uploads\\\/2024\\\/07\\\/asdada.png\",\"articleSection\":[\"Ya\u015fam\"],\"inLanguage\":\"tr\",\"potentialAction\":[{\"@type\":\"CommentAction\",\"name\":\"Comment\",\"target\":[\"https:\\\/\\\/kuzeyinsesi.org\\\/index.php\\\/2024\\\/07\\\/24\\\/kuir-baris-uzlas-projesi-basladi\\\/#respond\"]}]},{\"@type\":\"WebPage\",\"@id\":\"https:\\\/\\\/kuzeyinsesi.org\\\/index.php\\\/2024\\\/07\\\/24\\\/kuir-baris-uzlas-projesi-basladi\\\/\",\"url\":\"https:\\\/\\\/kuzeyinsesi.org\\\/index.php\\\/2024\\\/07\\\/24\\\/kuir-baris-uzlas-projesi-basladi\\\/\",\"name\":\"\u201cKuir Bar\u0131\u015f \\\/ Uzla\u015f\u201d projesi ba\u015flad\u0131 - Kuzeyin Sesi\",\"isPartOf\":{\"@id\":\"https:\\\/\\\/kuzeyinsesi.org\\\/#website\"},\"primaryImageOfPage\":{\"@id\":\"https:\\\/\\\/kuzeyinsesi.org\\\/index.php\\\/2024\\\/07\\\/24\\\/kuir-baris-uzlas-projesi-basladi\\\/#primaryimage\"},\"image\":{\"@id\":\"https:\\\/\\\/kuzeyinsesi.org\\\/index.php\\\/2024\\\/07\\\/24\\\/kuir-baris-uzlas-projesi-basladi\\\/#primaryimage\"},\"thumbnailUrl\":\"https:\\\/\\\/kuzeyinsesi.org\\\/wp-content\\\/uploads\\\/2024\\\/07\\\/asdada.png\",\"datePublished\":\"2024-07-24T15:23:21+00:00\",\"author\":{\"@id\":\"https:\\\/\\\/kuzeyinsesi.org\\\/#\\\/schema\\\/person\\\/9f859689cdf01485597712386e37f5aa\"},\"breadcrumb\":{\"@id\":\"https:\\\/\\\/kuzeyinsesi.org\\\/index.php\\\/2024\\\/07\\\/24\\\/kuir-baris-uzlas-projesi-basladi\\\/#breadcrumb\"},\"inLanguage\":\"tr\",\"potentialAction\":[{\"@type\":\"ReadAction\",\"target\":[\"https:\\\/\\\/kuzeyinsesi.org\\\/index.php\\\/2024\\\/07\\\/24\\\/kuir-baris-uzlas-projesi-basladi\\\/\"]}]},{\"@type\":\"ImageObject\",\"inLanguage\":\"tr\",\"@id\":\"https:\\\/\\\/kuzeyinsesi.org\\\/index.php\\\/2024\\\/07\\\/24\\\/kuir-baris-uzlas-projesi-basladi\\\/#primaryimage\",\"url\":\"https:\\\/\\\/kuzeyinsesi.org\\\/wp-content\\\/uploads\\\/2024\\\/07\\\/asdada.png\",\"contentUrl\":\"https:\\\/\\\/kuzeyinsesi.org\\\/wp-content\\\/uploads\\\/2024\\\/07\\\/asdada.png\",\"width\":1414,\"height\":774},{\"@type\":\"BreadcrumbList\",\"@id\":\"https:\\\/\\\/kuzeyinsesi.org\\\/index.php\\\/2024\\\/07\\\/24\\\/kuir-baris-uzlas-projesi-basladi\\\/#breadcrumb\",\"itemListElement\":[{\"@type\":\"ListItem\",\"position\":1,\"name\":\"Anasayfa\",\"item\":\"https:\\\/\\\/kuzeyinsesi.org\\\/\"},{\"@type\":\"ListItem\",\"position\":2,\"name\":\"\u201cKuir Bar\u0131\u015f \\\/ Uzla\u015f\u201d projesi ba\u015flad\u0131\"}]},{\"@type\":\"WebSite\",\"@id\":\"https:\\\/\\\/kuzeyinsesi.org\\\/#website\",\"url\":\"https:\\\/\\\/kuzeyinsesi.org\\\/\",\"name\":\"Kuzeyin Sesi\",\"description\":\"Do\u011fru Haberin Adresi\",\"potentialAction\":[{\"@type\":\"SearchAction\",\"target\":{\"@type\":\"EntryPoint\",\"urlTemplate\":\"https:\\\/\\\/kuzeyinsesi.org\\\/?s={search_term_string}\"},\"query-input\":{\"@type\":\"PropertyValueSpecification\",\"valueRequired\":true,\"valueName\":\"search_term_string\"}}],\"inLanguage\":\"tr\"},{\"@type\":\"Person\",\"@id\":\"https:\\\/\\\/kuzeyinsesi.org\\\/#\\\/schema\\\/person\\\/9f859689cdf01485597712386e37f5aa\",\"name\":\"Kuzeyin Sesi\",\"image\":{\"@type\":\"ImageObject\",\"inLanguage\":\"tr\",\"@id\":\"https:\\\/\\\/secure.gravatar.com\\\/avatar\\\/bab33852abfd8b282518d6ed81826833d77c3c882d9ab608add591ccace47a44?s=96&d=mm&r=g\",\"url\":\"https:\\\/\\\/secure.gravatar.com\\\/avatar\\\/bab33852abfd8b282518d6ed81826833d77c3c882d9ab608add591ccace47a44?s=96&d=mm&r=g\",\"contentUrl\":\"https:\\\/\\\/secure.gravatar.com\\\/avatar\\\/bab33852abfd8b282518d6ed81826833d77c3c882d9ab608add591ccace47a44?s=96&d=mm&r=g\",\"caption\":\"Kuzeyin Sesi\"},\"sameAs\":[\"https:\\\/\\\/kuzeyinsesi.org\"],\"url\":\"https:\\\/\\\/kuzeyinsesi.org\\\/index.php\\\/author\\\/guven\\\/\"}]}<\/script>\n<!-- \/ Yoast SEO plugin. -->","yoast_head_json":{"title":"\u201cKuir Bar\u0131\u015f \/ Uzla\u015f\u201d projesi ba\u015flad\u0131 - Kuzeyin Sesi","robots":{"index":"index","follow":"follow","max-snippet":"max-snippet:-1","max-image-preview":"max-image-preview:large","max-video-preview":"max-video-preview:-1"},"canonical":"https:\/\/kuzeyinsesi.org\/index.php\/2024\/07\/24\/kuir-baris-uzlas-projesi-basladi\/","og_locale":"tr_TR","og_type":"article","og_title":"\u201cKuir Bar\u0131\u015f \/ Uzla\u015f\u201d projesi ba\u015flad\u0131 - Kuzeyin Sesi","og_description":"Yenilik\u00e7i sanat temelli etkinliklerle toplumsal cinsiyet e\u015fitli\u011fini ve LGBT\u0130+ haklar\u0131n\u0131n g\u00f6r\u00fcn\u00fcr k\u0131lmay\u0131 ama\u00e7layan \u201cKuir Bar\u0131\u015f \/ Uzla\u015f\u201d projesi kapsamda yar\u0131n Ma\u011fusa\u2019da \u201c\u00c7izim ve hikaye biriktirme\u201d at\u00f6lyesi yap\u0131l\u0131yor. Avrupa Birli\u011fi taraf\u0131ndan BCASA Projesi\u2019nin k\u00fc\u00e7\u00fck hibeler program\u0131 kapsam\u0131nda finanse edilen, g\u00f6rsel sanat\u00e7\u0131 Nurtane Karagil i\u015f birli\u011finde Kuir K\u0131br\u0131s Derne\u011fi taraf\u0131ndan y\u00fcr\u00fct\u00fclen projede kuir anlat\u0131lar\u0131, duvar resimleri ve [&hellip;]","og_url":"https:\/\/kuzeyinsesi.org\/index.php\/2024\/07\/24\/kuir-baris-uzlas-projesi-basladi\/","og_site_name":"Kuzeyin Sesi","article_publisher":"https:\/\/www.facebook.com\/kuzeyinsesii","article_published_time":"2024-07-24T15:23:21+00:00","og_image":[{"url":"https:\/\/brtk.net\/wp-content\/uploads\/2024\/07\/23\/asdada.png?ver=36ce0abe6542cd7fb9ca85eaf31272bd","type":"","width":"","height":""}],"author":"Kuzeyin Sesi","twitter_card":"summary_large_image","twitter_creator":"@kuzeyinsesii","twitter_site":"@kuzeyinsesii","twitter_misc":{"Yazan:":"Kuzeyin Sesi","Tahmini okuma s\u00fcresi":"1 dakika"},"schema":{"@context":"https:\/\/schema.org","@graph":[{"@type":"Article","@id":"https:\/\/kuzeyinsesi.org\/index.php\/2024\/07\/24\/kuir-baris-uzlas-projesi-basladi\/#article","isPartOf":{"@id":"https:\/\/kuzeyinsesi.org\/index.php\/2024\/07\/24\/kuir-baris-uzlas-projesi-basladi\/"},"author":{"name":"Kuzeyin Sesi","@id":"https:\/\/kuzeyinsesi.org\/#\/schema\/person\/9f859689cdf01485597712386e37f5aa"},"headline":"\u201cKuir Bar\u0131\u015f \/ Uzla\u015f\u201d projesi ba\u015flad\u0131","datePublished":"2024-07-24T15:23:21+00:00","mainEntityOfPage":{"@id":"https:\/\/kuzeyinsesi.org\/index.php\/2024\/07\/24\/kuir-baris-uzlas-projesi-basladi\/"},"wordCount":135,"commentCount":0,"image":{"@id":"https:\/\/kuzeyinsesi.org\/index.php\/2024\/07\/24\/kuir-baris-uzlas-projesi-basladi\/#primaryimage"},"thumbnailUrl":"https:\/\/kuzeyinsesi.org\/wp-content\/uploads\/2024\/07\/asdada.png","articleSection":["Ya\u015fam"],"inLanguage":"tr","potentialAction":[{"@type":"CommentAction","name":"Comment","target":["https:\/\/kuzeyinsesi.org\/index.php\/2024\/07\/24\/kuir-baris-uzlas-projesi-basladi\/#respond"]}]},{"@type":"WebPage","@id":"https:\/\/kuzeyinsesi.org\/index.php\/2024\/07\/24\/kuir-baris-uzlas-projesi-basladi\/","url":"https:\/\/kuzeyinsesi.org\/index.php\/2024\/07\/24\/kuir-baris-uzlas-projesi-basladi\/","name":"\u201cKuir Bar\u0131\u015f \/ Uzla\u015f\u201d projesi ba\u015flad\u0131 - Kuzeyin Sesi","isPartOf":{"@id":"https:\/\/kuzeyinsesi.org\/#website"},"primaryImageOfPage":{"@id":"https:\/\/kuzeyinsesi.org\/index.php\/2024\/07\/24\/kuir-baris-uzlas-projesi-basladi\/#primaryimage"},"image":{"@id":"https:\/\/kuzeyinsesi.org\/index.php\/2024\/07\/24\/kuir-baris-uzlas-projesi-basladi\/#primaryimage"},"thumbnailUrl":"https:\/\/kuzeyinsesi.org\/wp-content\/uploads\/2024\/07\/asdada.png","datePublished":"2024-07-24T15:23:21+00:00","author":{"@id":"https:\/\/kuzeyinsesi.org\/#\/schema\/person\/9f859689cdf01485597712386e37f5aa"},"breadcrumb":{"@id":"https:\/\/kuzeyinsesi.org\/index.php\/2024\/07\/24\/kuir-baris-uzlas-projesi-basladi\/#breadcrumb"},"inLanguage":"tr","potentialAction":[{"@type":"ReadAction","target":["https:\/\/kuzeyinsesi.org\/index.php\/2024\/07\/24\/kuir-baris-uzlas-projesi-basladi\/"]}]},{"@type":"ImageObject","inLanguage":"tr","@id":"https:\/\/kuzeyinsesi.org\/index.php\/2024\/07\/24\/kuir-baris-uzlas-projesi-basladi\/#primaryimage","url":"https:\/\/kuzeyinsesi.org\/wp-content\/uploads\/2024\/07\/asdada.png","contentUrl":"https:\/\/kuzeyinsesi.org\/wp-content\/uploads\/2024\/07\/asdada.png","width":1414,"height":774},{"@type":"BreadcrumbList","@id":"https:\/\/kuzeyinsesi.org\/index.php\/2024\/07\/24\/kuir-baris-uzlas-projesi-basladi\/#breadcrumb","itemListElement":[{"@type":"ListItem","position":1,"name":"Anasayfa","item":"https:\/\/kuzeyinsesi.org\/"},{"@type":"ListItem","position":2,"name":"\u201cKuir Bar\u0131\u015f \/ Uzla\u015f\u201d projesi ba\u015flad\u0131"}]},{"@type":"WebSite","@id":"https:\/\/kuzeyinsesi.org\/#website","url":"https:\/\/kuzeyinsesi.org\/","name":"Kuzeyin Sesi","description":"Do\u011fru Haberin Adresi","potentialAction":[{"@type":"SearchAction","target":{"@type":"EntryPoint","urlTemplate":"https:\/\/kuzeyinsesi.org\/?s={search_term_string}"},"query-input":{"@type":"PropertyValueSpecification","valueRequired":true,"valueName":"search_term_string"}}],"inLanguage":"tr"},{"@type":"Person","@id":"https:\/\/kuzeyinsesi.org\/#\/schema\/person\/9f859689cdf01485597712386e37f5aa","name":"Kuzeyin Sesi","image":{"@type":"ImageObject","inLanguage":"tr","@id":"https:\/\/secure.gravatar.com\/avatar\/bab33852abfd8b282518d6ed81826833d77c3c882d9ab608add591ccace47a44?s=96&d=mm&r=g","url":"https:\/\/secure.gravatar.com\/avatar\/bab33852abfd8b282518d6ed81826833d77c3c882d9ab608add591ccace47a44?s=96&d=mm&r=g","contentUrl":"https:\/\/secure.gravatar.com\/avatar\/bab33852abfd8b282518d6ed81826833d77c3c882d9ab608add591ccace47a44?s=96&d=mm&r=g","caption":"Kuzeyin Sesi"},"sameAs":["https:\/\/kuzeyinsesi.org"],"url":"https:\/\/kuzeyinsesi.org\/index.php\/author\/guven\/"}]}},"_links":{"self":[{"href":"https:\/\/kuzeyinsesi.org\/index.php\/wp-json\/wp\/v2\/posts\/6910","targetHints":{"allow":["GET"]}}],"collection":[{"href":"https:\/\/kuzeyinsesi.org\/index.php\/wp-json\/wp\/v2\/posts"}],"about":[{"href":"https:\/\/kuzeyinsesi.org\/index.php\/wp-json\/wp\/v2\/types\/post"}],"author":[{"embeddable":true,"href":"https:\/\/kuzeyinsesi.org\/index.php\/wp-json\/wp\/v2\/users\/1"}],"replies":[{"embeddable":true,"href":"https:\/\/kuzeyinsesi.org\/index.php\/wp-json\/wp\/v2\/comments?post=6910"}],"version-history":[{"count":0,"href":"https:\/\/kuzeyinsesi.org\/index.php\/wp-json\/wp\/v2\/posts\/6910\/revisions"}],"wp:featuredmedia":[{"embeddable":true,"href":"https:\/\/kuzeyinsesi.org\/index.php\/wp-json\/wp\/v2\/media\/6911"}],"wp:attachment":[{"href":"https:\/\/kuzeyinsesi.org\/index.php\/wp-json\/wp\/v2\/media?parent=6910"}],"wp:term":[{"taxonomy":"category","embeddable":true,"href":"https:\/\/kuzeyinsesi.org\/index.php\/wp-json\/wp\/v2\/categories?post=6910"},{"taxonomy":"post_tag","embeddable":true,"href":"https:\/\/kuzeyinsesi.org\/index.php\/wp-json\/wp\/v2\/tags?post=6910"}],"curies":[{"name":"wp","href":"https:\/\/api.w.org\/{rel}","templated":true}]}}