{"id":6908,"date":"2024-07-24T17:20:38","date_gmt":"2024-07-24T14:20:38","guid":{"rendered":"https:\/\/kuzeyinsesi.org\/index.php\/2024\/07\/24\/guzel-sanatlar-temmuz-sergisi-persembe-gunu-acilacak\/"},"modified":"2024-07-24T17:20:38","modified_gmt":"2024-07-24T14:20:38","slug":"guzel-sanatlar-temmuz-sergisi-persembe-gunu-acilacak","status":"publish","type":"post","link":"https:\/\/kuzeyinsesi.org\/index.php\/2024\/07\/24\/guzel-sanatlar-temmuz-sergisi-persembe-gunu-acilacak\/","title":{"rendered":"G\u00fczel Sanatlar Temmuz Sergisi per\u015fembe g\u00fcn\u00fc a\u00e7\u0131lacak"},"content":{"rendered":"<div>\n<div class=\"mariselle-image-container center\">\n                                            <\/div>\n<p> Yak\u0131n Do\u011fu \u00dcniversitesi (YD\u00dc) G\u00fczel Sanatlar Fak\u00fcltesi\u2019nin \u201cG\u00fczel Sanatlar Temmuz Sergisi\u201d per\u015fembe g\u00fcn\u00fc a\u00e7\u0131lacak.<\/p>\n<p>YD\u00dc Atat\u00fcrk K\u00fclt\u00fcr ve Kongre Merkezi Sergi Salonu\u2019nda yer alacak serginin a\u00e7\u0131l\u0131\u015f\u0131n\u0131 Cumhurba\u015fkan\u0131 Ersin Tatar\u2018\u0131n yapmas\u0131 bekleniyor. <\/p>\n<p>YD\u00dc\u2019den yap\u0131lan a\u00e7\u0131klamaya g\u00f6re, per\u015fembe g\u00fcn\u00fc saat 17.00\u2019de a\u00e7\u0131lacak sergide, resim, heykel, seramik ve bask\u0131 resim eserleri yer alacak. Sergi, 20 Eyl\u00fcl tarihine kadar 08.00-17.00 saatleri aras\u0131nda \u00fccretsiz olarak ziyaret edilebilecek.<\/p>\n<\/p><\/div>\n<p><script async\n                    defer\n                    crossorigin=\"anonymous\"\n                    src=\"https:\/\/connect.facebook.net\/tr_TR\/sdk.js#xfbml=1&#038;version=v3.3\"\n            ><\/script><\/p>\n","protected":false},"excerpt":{"rendered":"<p>Yak\u0131n Do\u011fu \u00dcniversitesi (YD\u00dc) G\u00fczel Sanatlar Fak\u00fcltesi\u2019nin \u201cG\u00fczel Sanatlar Temmuz Sergisi\u201d per\u015fembe g\u00fcn\u00fc a\u00e7\u0131lacak. YD\u00dc Atat\u00fcrk K\u00fclt\u00fcr ve Kongre Merkezi Sergi Salonu\u2019nda yer alacak serginin a\u00e7\u0131l\u0131\u015f\u0131n\u0131 Cumhurba\u015fkan\u0131 Ersin Tatar\u2018\u0131n yapmas\u0131 bekleniyor. YD\u00dc\u2019den yap\u0131lan a\u00e7\u0131klamaya g\u00f6re, per\u015fembe g\u00fcn\u00fc saat 17.00\u2019de a\u00e7\u0131lacak sergide, resim, heykel, seramik ve bask\u0131 resim eserleri yer alacak. Sergi, 20 Eyl\u00fcl tarihine kadar [&hellip;]<\/p>\n","protected":false},"author":1,"featured_media":6909,"comment_status":"open","ping_status":"open","sticky":false,"template":"","format":"standard","meta":{"jnews-multi-image_gallery":[],"jnews_single_post":[],"jnews_primary_category":[],"jnews_social_meta":[],"jnews_override_counter":[],"footnotes":""},"categories":[6],"tags":[],"class_list":["post-6908","post","type-post","status-publish","format-standard","has-post-thumbnail","hentry","category-yasam"],"yoast_head":"<!-- This site is optimized with the Yoast SEO plugin v27.5 - https:\/\/yoast.com\/product\/yoast-seo-wordpress\/ -->\n<title>G\u00fczel Sanatlar Temmuz Sergisi per\u015fembe g\u00fcn\u00fc a\u00e7\u0131lacak - Kuzeyin Sesi<\/title>\n<meta name=\"robots\" content=\"index, follow, max-snippet:-1, max-image-preview:large, max-video-preview:-1\" \/>\n<link rel=\"canonical\" href=\"https:\/\/kuzeyinsesi.org\/index.php\/2024\/07\/24\/guzel-sanatlar-temmuz-sergisi-persembe-gunu-acilacak\/\" \/>\n<meta property=\"og:locale\" content=\"tr_TR\" \/>\n<meta property=\"og:type\" content=\"article\" \/>\n<meta property=\"og:title\" content=\"G\u00fczel Sanatlar Temmuz Sergisi per\u015fembe g\u00fcn\u00fc a\u00e7\u0131lacak - Kuzeyin Sesi\" \/>\n<meta property=\"og:description\" content=\"Yak\u0131n Do\u011fu \u00dcniversitesi (YD\u00dc) G\u00fczel Sanatlar Fak\u00fcltesi\u2019nin \u201cG\u00fczel Sanatlar Temmuz Sergisi\u201d per\u015fembe g\u00fcn\u00fc a\u00e7\u0131lacak. YD\u00dc Atat\u00fcrk K\u00fclt\u00fcr ve Kongre Merkezi Sergi Salonu\u2019nda yer alacak serginin a\u00e7\u0131l\u0131\u015f\u0131n\u0131 Cumhurba\u015fkan\u0131 Ersin Tatar\u2018\u0131n yapmas\u0131 bekleniyor. YD\u00dc\u2019den yap\u0131lan a\u00e7\u0131klamaya g\u00f6re, per\u015fembe g\u00fcn\u00fc saat 17.00\u2019de a\u00e7\u0131lacak sergide, resim, heykel, seramik ve bask\u0131 resim eserleri yer alacak. Sergi, 20 Eyl\u00fcl tarihine kadar [&hellip;]\" \/>\n<meta property=\"og:url\" content=\"https:\/\/kuzeyinsesi.org\/index.php\/2024\/07\/24\/guzel-sanatlar-temmuz-sergisi-persembe-gunu-acilacak\/\" \/>\n<meta property=\"og:site_name\" content=\"Kuzeyin Sesi\" \/>\n<meta property=\"article:publisher\" content=\"https:\/\/www.facebook.com\/kuzeyinsesii\" \/>\n<meta property=\"article:published_time\" content=\"2024-07-24T14:20:38+00:00\" \/>\n<meta property=\"og:image\" content=\"https:\/\/brtk.net\/wp-content\/uploads\/2024\/07\/23\/assdasksadka.jpg?ver=0b740272cff7e12a9d30214233b3aad2\" \/>\n<meta name=\"author\" content=\"Kuzeyin Sesi\" \/>\n<meta name=\"twitter:card\" content=\"summary_large_image\" \/>\n<meta name=\"twitter:creator\" content=\"@kuzeyinsesii\" \/>\n<meta name=\"twitter:site\" content=\"@kuzeyinsesii\" \/>\n<meta name=\"twitter:label1\" content=\"Yazan:\" \/>\n\t<meta name=\"twitter:data1\" content=\"Kuzeyin Sesi\" \/>\n<script type=\"application\/ld+json\" class=\"yoast-schema-graph\">{\"@context\":\"https:\\\/\\\/schema.org\",\"@graph\":[{\"@type\":\"Article\",\"@id\":\"https:\\\/\\\/kuzeyinsesi.org\\\/index.php\\\/2024\\\/07\\\/24\\\/guzel-sanatlar-temmuz-sergisi-persembe-gunu-acilacak\\\/#article\",\"isPartOf\":{\"@id\":\"https:\\\/\\\/kuzeyinsesi.org\\\/index.php\\\/2024\\\/07\\\/24\\\/guzel-sanatlar-temmuz-sergisi-persembe-gunu-acilacak\\\/\"},\"author\":{\"name\":\"Kuzeyin Sesi\",\"@id\":\"https:\\\/\\\/kuzeyinsesi.org\\\/#\\\/schema\\\/person\\\/9f859689cdf01485597712386e37f5aa\"},\"headline\":\"G\u00fczel Sanatlar Temmuz Sergisi per\u015fembe g\u00fcn\u00fc a\u00e7\u0131lacak\",\"datePublished\":\"2024-07-24T14:20:38+00:00\",\"mainEntityOfPage\":{\"@id\":\"https:\\\/\\\/kuzeyinsesi.org\\\/index.php\\\/2024\\\/07\\\/24\\\/guzel-sanatlar-temmuz-sergisi-persembe-gunu-acilacak\\\/\"},\"wordCount\":98,\"commentCount\":0,\"image\":{\"@id\":\"https:\\\/\\\/kuzeyinsesi.org\\\/index.php\\\/2024\\\/07\\\/24\\\/guzel-sanatlar-temmuz-sergisi-persembe-gunu-acilacak\\\/#primaryimage\"},\"thumbnailUrl\":\"https:\\\/\\\/kuzeyinsesi.org\\\/wp-content\\\/uploads\\\/2024\\\/07\\\/assdasksadka.jpg\",\"articleSection\":[\"Ya\u015fam\"],\"inLanguage\":\"tr\",\"potentialAction\":[{\"@type\":\"CommentAction\",\"name\":\"Comment\",\"target\":[\"https:\\\/\\\/kuzeyinsesi.org\\\/index.php\\\/2024\\\/07\\\/24\\\/guzel-sanatlar-temmuz-sergisi-persembe-gunu-acilacak\\\/#respond\"]}]},{\"@type\":\"WebPage\",\"@id\":\"https:\\\/\\\/kuzeyinsesi.org\\\/index.php\\\/2024\\\/07\\\/24\\\/guzel-sanatlar-temmuz-sergisi-persembe-gunu-acilacak\\\/\",\"url\":\"https:\\\/\\\/kuzeyinsesi.org\\\/index.php\\\/2024\\\/07\\\/24\\\/guzel-sanatlar-temmuz-sergisi-persembe-gunu-acilacak\\\/\",\"name\":\"G\u00fczel Sanatlar Temmuz Sergisi per\u015fembe g\u00fcn\u00fc a\u00e7\u0131lacak - Kuzeyin Sesi\",\"isPartOf\":{\"@id\":\"https:\\\/\\\/kuzeyinsesi.org\\\/#website\"},\"primaryImageOfPage\":{\"@id\":\"https:\\\/\\\/kuzeyinsesi.org\\\/index.php\\\/2024\\\/07\\\/24\\\/guzel-sanatlar-temmuz-sergisi-persembe-gunu-acilacak\\\/#primaryimage\"},\"image\":{\"@id\":\"https:\\\/\\\/kuzeyinsesi.org\\\/index.php\\\/2024\\\/07\\\/24\\\/guzel-sanatlar-temmuz-sergisi-persembe-gunu-acilacak\\\/#primaryimage\"},\"thumbnailUrl\":\"https:\\\/\\\/kuzeyinsesi.org\\\/wp-content\\\/uploads\\\/2024\\\/07\\\/assdasksadka.jpg\",\"datePublished\":\"2024-07-24T14:20:38+00:00\",\"author\":{\"@id\":\"https:\\\/\\\/kuzeyinsesi.org\\\/#\\\/schema\\\/person\\\/9f859689cdf01485597712386e37f5aa\"},\"breadcrumb\":{\"@id\":\"https:\\\/\\\/kuzeyinsesi.org\\\/index.php\\\/2024\\\/07\\\/24\\\/guzel-sanatlar-temmuz-sergisi-persembe-gunu-acilacak\\\/#breadcrumb\"},\"inLanguage\":\"tr\",\"potentialAction\":[{\"@type\":\"ReadAction\",\"target\":[\"https:\\\/\\\/kuzeyinsesi.org\\\/index.php\\\/2024\\\/07\\\/24\\\/guzel-sanatlar-temmuz-sergisi-persembe-gunu-acilacak\\\/\"]}]},{\"@type\":\"ImageObject\",\"inLanguage\":\"tr\",\"@id\":\"https:\\\/\\\/kuzeyinsesi.org\\\/index.php\\\/2024\\\/07\\\/24\\\/guzel-sanatlar-temmuz-sergisi-persembe-gunu-acilacak\\\/#primaryimage\",\"url\":\"https:\\\/\\\/kuzeyinsesi.org\\\/wp-content\\\/uploads\\\/2024\\\/07\\\/assdasksadka.jpg\",\"contentUrl\":\"https:\\\/\\\/kuzeyinsesi.org\\\/wp-content\\\/uploads\\\/2024\\\/07\\\/assdasksadka.jpg\",\"width\":1243,\"height\":563},{\"@type\":\"BreadcrumbList\",\"@id\":\"https:\\\/\\\/kuzeyinsesi.org\\\/index.php\\\/2024\\\/07\\\/24\\\/guzel-sanatlar-temmuz-sergisi-persembe-gunu-acilacak\\\/#breadcrumb\",\"itemListElement\":[{\"@type\":\"ListItem\",\"position\":1,\"name\":\"Anasayfa\",\"item\":\"https:\\\/\\\/kuzeyinsesi.org\\\/\"},{\"@type\":\"ListItem\",\"position\":2,\"name\":\"G\u00fczel Sanatlar Temmuz Sergisi per\u015fembe g\u00fcn\u00fc a\u00e7\u0131lacak\"}]},{\"@type\":\"WebSite\",\"@id\":\"https:\\\/\\\/kuzeyinsesi.org\\\/#website\",\"url\":\"https:\\\/\\\/kuzeyinsesi.org\\\/\",\"name\":\"Kuzeyin Sesi\",\"description\":\"Do\u011fru Haberin Adresi\",\"potentialAction\":[{\"@type\":\"SearchAction\",\"target\":{\"@type\":\"EntryPoint\",\"urlTemplate\":\"https:\\\/\\\/kuzeyinsesi.org\\\/?s={search_term_string}\"},\"query-input\":{\"@type\":\"PropertyValueSpecification\",\"valueRequired\":true,\"valueName\":\"search_term_string\"}}],\"inLanguage\":\"tr\"},{\"@type\":\"Person\",\"@id\":\"https:\\\/\\\/kuzeyinsesi.org\\\/#\\\/schema\\\/person\\\/9f859689cdf01485597712386e37f5aa\",\"name\":\"Kuzeyin Sesi\",\"image\":{\"@type\":\"ImageObject\",\"inLanguage\":\"tr\",\"@id\":\"https:\\\/\\\/secure.gravatar.com\\\/avatar\\\/bab33852abfd8b282518d6ed81826833d77c3c882d9ab608add591ccace47a44?s=96&d=mm&r=g\",\"url\":\"https:\\\/\\\/secure.gravatar.com\\\/avatar\\\/bab33852abfd8b282518d6ed81826833d77c3c882d9ab608add591ccace47a44?s=96&d=mm&r=g\",\"contentUrl\":\"https:\\\/\\\/secure.gravatar.com\\\/avatar\\\/bab33852abfd8b282518d6ed81826833d77c3c882d9ab608add591ccace47a44?s=96&d=mm&r=g\",\"caption\":\"Kuzeyin Sesi\"},\"sameAs\":[\"https:\\\/\\\/kuzeyinsesi.org\"],\"url\":\"https:\\\/\\\/kuzeyinsesi.org\\\/index.php\\\/author\\\/guven\\\/\"}]}<\/script>\n<!-- \/ Yoast SEO plugin. -->","yoast_head_json":{"title":"G\u00fczel Sanatlar Temmuz Sergisi per\u015fembe g\u00fcn\u00fc a\u00e7\u0131lacak - Kuzeyin Sesi","robots":{"index":"index","follow":"follow","max-snippet":"max-snippet:-1","max-image-preview":"max-image-preview:large","max-video-preview":"max-video-preview:-1"},"canonical":"https:\/\/kuzeyinsesi.org\/index.php\/2024\/07\/24\/guzel-sanatlar-temmuz-sergisi-persembe-gunu-acilacak\/","og_locale":"tr_TR","og_type":"article","og_title":"G\u00fczel Sanatlar Temmuz Sergisi per\u015fembe g\u00fcn\u00fc a\u00e7\u0131lacak - Kuzeyin Sesi","og_description":"Yak\u0131n Do\u011fu \u00dcniversitesi (YD\u00dc) G\u00fczel Sanatlar Fak\u00fcltesi\u2019nin \u201cG\u00fczel Sanatlar Temmuz Sergisi\u201d per\u015fembe g\u00fcn\u00fc a\u00e7\u0131lacak. YD\u00dc Atat\u00fcrk K\u00fclt\u00fcr ve Kongre Merkezi Sergi Salonu\u2019nda yer alacak serginin a\u00e7\u0131l\u0131\u015f\u0131n\u0131 Cumhurba\u015fkan\u0131 Ersin Tatar\u2018\u0131n yapmas\u0131 bekleniyor. YD\u00dc\u2019den yap\u0131lan a\u00e7\u0131klamaya g\u00f6re, per\u015fembe g\u00fcn\u00fc saat 17.00\u2019de a\u00e7\u0131lacak sergide, resim, heykel, seramik ve bask\u0131 resim eserleri yer alacak. Sergi, 20 Eyl\u00fcl tarihine kadar [&hellip;]","og_url":"https:\/\/kuzeyinsesi.org\/index.php\/2024\/07\/24\/guzel-sanatlar-temmuz-sergisi-persembe-gunu-acilacak\/","og_site_name":"Kuzeyin Sesi","article_publisher":"https:\/\/www.facebook.com\/kuzeyinsesii","article_published_time":"2024-07-24T14:20:38+00:00","og_image":[{"url":"https:\/\/brtk.net\/wp-content\/uploads\/2024\/07\/23\/assdasksadka.jpg?ver=0b740272cff7e12a9d30214233b3aad2","type":"","width":"","height":""}],"author":"Kuzeyin Sesi","twitter_card":"summary_large_image","twitter_creator":"@kuzeyinsesii","twitter_site":"@kuzeyinsesii","twitter_misc":{"Yazan:":"Kuzeyin Sesi"},"schema":{"@context":"https:\/\/schema.org","@graph":[{"@type":"Article","@id":"https:\/\/kuzeyinsesi.org\/index.php\/2024\/07\/24\/guzel-sanatlar-temmuz-sergisi-persembe-gunu-acilacak\/#article","isPartOf":{"@id":"https:\/\/kuzeyinsesi.org\/index.php\/2024\/07\/24\/guzel-sanatlar-temmuz-sergisi-persembe-gunu-acilacak\/"},"author":{"name":"Kuzeyin Sesi","@id":"https:\/\/kuzeyinsesi.org\/#\/schema\/person\/9f859689cdf01485597712386e37f5aa"},"headline":"G\u00fczel Sanatlar Temmuz Sergisi per\u015fembe g\u00fcn\u00fc a\u00e7\u0131lacak","datePublished":"2024-07-24T14:20:38+00:00","mainEntityOfPage":{"@id":"https:\/\/kuzeyinsesi.org\/index.php\/2024\/07\/24\/guzel-sanatlar-temmuz-sergisi-persembe-gunu-acilacak\/"},"wordCount":98,"commentCount":0,"image":{"@id":"https:\/\/kuzeyinsesi.org\/index.php\/2024\/07\/24\/guzel-sanatlar-temmuz-sergisi-persembe-gunu-acilacak\/#primaryimage"},"thumbnailUrl":"https:\/\/kuzeyinsesi.org\/wp-content\/uploads\/2024\/07\/assdasksadka.jpg","articleSection":["Ya\u015fam"],"inLanguage":"tr","potentialAction":[{"@type":"CommentAction","name":"Comment","target":["https:\/\/kuzeyinsesi.org\/index.php\/2024\/07\/24\/guzel-sanatlar-temmuz-sergisi-persembe-gunu-acilacak\/#respond"]}]},{"@type":"WebPage","@id":"https:\/\/kuzeyinsesi.org\/index.php\/2024\/07\/24\/guzel-sanatlar-temmuz-sergisi-persembe-gunu-acilacak\/","url":"https:\/\/kuzeyinsesi.org\/index.php\/2024\/07\/24\/guzel-sanatlar-temmuz-sergisi-persembe-gunu-acilacak\/","name":"G\u00fczel Sanatlar Temmuz Sergisi per\u015fembe g\u00fcn\u00fc a\u00e7\u0131lacak - Kuzeyin Sesi","isPartOf":{"@id":"https:\/\/kuzeyinsesi.org\/#website"},"primaryImageOfPage":{"@id":"https:\/\/kuzeyinsesi.org\/index.php\/2024\/07\/24\/guzel-sanatlar-temmuz-sergisi-persembe-gunu-acilacak\/#primaryimage"},"image":{"@id":"https:\/\/kuzeyinsesi.org\/index.php\/2024\/07\/24\/guzel-sanatlar-temmuz-sergisi-persembe-gunu-acilacak\/#primaryimage"},"thumbnailUrl":"https:\/\/kuzeyinsesi.org\/wp-content\/uploads\/2024\/07\/assdasksadka.jpg","datePublished":"2024-07-24T14:20:38+00:00","author":{"@id":"https:\/\/kuzeyinsesi.org\/#\/schema\/person\/9f859689cdf01485597712386e37f5aa"},"breadcrumb":{"@id":"https:\/\/kuzeyinsesi.org\/index.php\/2024\/07\/24\/guzel-sanatlar-temmuz-sergisi-persembe-gunu-acilacak\/#breadcrumb"},"inLanguage":"tr","potentialAction":[{"@type":"ReadAction","target":["https:\/\/kuzeyinsesi.org\/index.php\/2024\/07\/24\/guzel-sanatlar-temmuz-sergisi-persembe-gunu-acilacak\/"]}]},{"@type":"ImageObject","inLanguage":"tr","@id":"https:\/\/kuzeyinsesi.org\/index.php\/2024\/07\/24\/guzel-sanatlar-temmuz-sergisi-persembe-gunu-acilacak\/#primaryimage","url":"https:\/\/kuzeyinsesi.org\/wp-content\/uploads\/2024\/07\/assdasksadka.jpg","contentUrl":"https:\/\/kuzeyinsesi.org\/wp-content\/uploads\/2024\/07\/assdasksadka.jpg","width":1243,"height":563},{"@type":"BreadcrumbList","@id":"https:\/\/kuzeyinsesi.org\/index.php\/2024\/07\/24\/guzel-sanatlar-temmuz-sergisi-persembe-gunu-acilacak\/#breadcrumb","itemListElement":[{"@type":"ListItem","position":1,"name":"Anasayfa","item":"https:\/\/kuzeyinsesi.org\/"},{"@type":"ListItem","position":2,"name":"G\u00fczel Sanatlar Temmuz Sergisi per\u015fembe g\u00fcn\u00fc a\u00e7\u0131lacak"}]},{"@type":"WebSite","@id":"https:\/\/kuzeyinsesi.org\/#website","url":"https:\/\/kuzeyinsesi.org\/","name":"Kuzeyin Sesi","description":"Do\u011fru Haberin Adresi","potentialAction":[{"@type":"SearchAction","target":{"@type":"EntryPoint","urlTemplate":"https:\/\/kuzeyinsesi.org\/?s={search_term_string}"},"query-input":{"@type":"PropertyValueSpecification","valueRequired":true,"valueName":"search_term_string"}}],"inLanguage":"tr"},{"@type":"Person","@id":"https:\/\/kuzeyinsesi.org\/#\/schema\/person\/9f859689cdf01485597712386e37f5aa","name":"Kuzeyin Sesi","image":{"@type":"ImageObject","inLanguage":"tr","@id":"https:\/\/secure.gravatar.com\/avatar\/bab33852abfd8b282518d6ed81826833d77c3c882d9ab608add591ccace47a44?s=96&d=mm&r=g","url":"https:\/\/secure.gravatar.com\/avatar\/bab33852abfd8b282518d6ed81826833d77c3c882d9ab608add591ccace47a44?s=96&d=mm&r=g","contentUrl":"https:\/\/secure.gravatar.com\/avatar\/bab33852abfd8b282518d6ed81826833d77c3c882d9ab608add591ccace47a44?s=96&d=mm&r=g","caption":"Kuzeyin Sesi"},"sameAs":["https:\/\/kuzeyinsesi.org"],"url":"https:\/\/kuzeyinsesi.org\/index.php\/author\/guven\/"}]}},"_links":{"self":[{"href":"https:\/\/kuzeyinsesi.org\/index.php\/wp-json\/wp\/v2\/posts\/6908","targetHints":{"allow":["GET"]}}],"collection":[{"href":"https:\/\/kuzeyinsesi.org\/index.php\/wp-json\/wp\/v2\/posts"}],"about":[{"href":"https:\/\/kuzeyinsesi.org\/index.php\/wp-json\/wp\/v2\/types\/post"}],"author":[{"embeddable":true,"href":"https:\/\/kuzeyinsesi.org\/index.php\/wp-json\/wp\/v2\/users\/1"}],"replies":[{"embeddable":true,"href":"https:\/\/kuzeyinsesi.org\/index.php\/wp-json\/wp\/v2\/comments?post=6908"}],"version-history":[{"count":0,"href":"https:\/\/kuzeyinsesi.org\/index.php\/wp-json\/wp\/v2\/posts\/6908\/revisions"}],"wp:featuredmedia":[{"embeddable":true,"href":"https:\/\/kuzeyinsesi.org\/index.php\/wp-json\/wp\/v2\/media\/6909"}],"wp:attachment":[{"href":"https:\/\/kuzeyinsesi.org\/index.php\/wp-json\/wp\/v2\/media?parent=6908"}],"wp:term":[{"taxonomy":"category","embeddable":true,"href":"https:\/\/kuzeyinsesi.org\/index.php\/wp-json\/wp\/v2\/categories?post=6908"},{"taxonomy":"post_tag","embeddable":true,"href":"https:\/\/kuzeyinsesi.org\/index.php\/wp-json\/wp\/v2\/tags?post=6908"}],"curies":[{"name":"wp","href":"https:\/\/api.w.org\/{rel}","templated":true}]}}