{"id":6894,"date":"2024-07-24T15:17:22","date_gmt":"2024-07-24T12:17:22","guid":{"rendered":"https:\/\/kuzeyinsesi.org\/index.php\/2024\/07\/24\/3-uluslararasi-guzelyurt-sanat-bulusmasi-kapsaminda-bugun-iki-ayri-serginin-acilisi-yapildi\/"},"modified":"2024-07-24T15:17:22","modified_gmt":"2024-07-24T12:17:22","slug":"3-uluslararasi-guzelyurt-sanat-bulusmasi-kapsaminda-bugun-iki-ayri-serginin-acilisi-yapildi","status":"publish","type":"post","link":"https:\/\/kuzeyinsesi.org\/index.php\/2024\/07\/24\/3-uluslararasi-guzelyurt-sanat-bulusmasi-kapsaminda-bugun-iki-ayri-serginin-acilisi-yapildi\/","title":{"rendered":"3. Uluslararas\u0131 G\u00fczelyurt Sanat Bulu\u015fmas\u0131 kapsam\u0131nda bug\u00fcn iki ayr\u0131 serginin a\u00e7\u0131l\u0131\u015f\u0131 yap\u0131ld\u0131"},"content":{"rendered":"<div>\n<div class=\"mariselle-image-container none\">\n                                            <\/div>\n<p>G\u00fczelyurt Belediyesi\u2019nin bu y\u0131l \u00fc\u00e7\u00fcnc\u00fcs\u00fcn\u00fc d\u00fczenledi\u011fi 3. Uluslararas\u0131 G\u00fczelyurt Sanat Bulu\u015fmas\u0131 kapsam\u0131nda bug\u00fcn iki ayr\u0131 serginin a\u00e7\u0131l\u0131\u015f\u0131 yap\u0131ld\u0131.<\/p>\n<p>Sanat Bulu\u015fmas\u0131na \u0130ran\u2019dan kat\u0131lan Akbar Akbari ve Hanie Jafari\u2019nin \u00f6\u011frencilerinin eserlerinin yer ald\u0131\u011f\u0131 \u201cA\u015fk\u0131n ve Sanat\u0131n Yolunda\u201d isimli sulu boya sergisi ile Do\u00e7. Dr. M\u00fccahit Bora\u2019n\u0131n \u201cZamans\u0131z Mek\u00e2nlar\u201d isimli resim ve heykel sergisi, G\u00fczelyurt Belediyesi sergi salonunda a\u00e7\u0131ld\u0131.<\/p>\n<p>Sergilerin a\u00e7\u0131l\u0131\u015f\u0131na G\u00fczelyurt Belediye Ba\u015fkan\u0131 Mahmut \u00d6z\u00e7\u0131nar, k\u00fcrat\u00f6r Dr. \u00a0Arif Albayrak, Mustafa Cihangir, yerli ve yabanc\u0131 sanat\u00e7\u0131larla, sanatseverler kat\u0131ld\u0131.<\/p>\n<p>G\u00fczelyurt Belediyesi\u2019nden verilen bilgiye g\u00f6re, G\u00fczelyurt Belediye Ba\u015fkan\u0131 Mahmut \u00d6z\u00e7\u0131nar a\u00e7\u0131l\u0131\u015fta yapt\u0131\u011f\u0131 konu\u015fmada, 3. Uluslararas\u0131 G\u00fczelyurt Sanat Bulu\u015fmas\u0131 kapsam\u0131nda yurt d\u0131\u015f\u0131ndan kat\u0131lan sanat\u00e7\u0131lar\u0131n eserlerinin de sergide yer almas\u0131n\u0131n organizasyona ayr\u0131 bir zenginlik katt\u0131\u011f\u0131na dikkat \u00e7ekti.<\/p>\n<p>\u00d6z\u00e7\u0131nar, \u201cSanat Bulu\u015fmas\u0131\u201d kapsam\u0131nda yap\u0131lacak \u00e7al\u0131\u015ftaydan \u00e7\u0131kacak eserlerin ise 27 Temmuz Cumartesi saat 18.00\u2019de G\u00fczelyurt Sergi Salonu\u2019nda yap\u0131lacak a\u00e7\u0131l\u0131\u015fla sergilenece\u011fini s\u00f6yledi.<\/p>\n<p>K\u00fcrat\u00f6r Arif Albayrak da g\u00fczel bir salonda de\u011ferli eserlerin sergilenmesinden duydu\u011fu memnuniyeti ifade ederek, Mahmut \u00d6z\u00e7\u0131nar ve sanat\u00e7\u0131lara te\u015fekk\u00fcr etti.<\/p>\n<p>G\u00fczelyurt Belediyesi sergi salonunda yer alan her iki sergi de 26 Temmuz\u2019a kadar 10.00-12.00 ve 13.00- 18.00 saatleri aras\u0131nda ziyaret edilebilecek.<\/p>\n<\/p><\/div>\n<p><script async\n                    defer\n                    crossorigin=\"anonymous\"\n                    src=\"https:\/\/connect.facebook.net\/tr_TR\/sdk.js#xfbml=1&#038;version=v3.3\"\n            ><\/script><\/p>\n","protected":false},"excerpt":{"rendered":"<p>G\u00fczelyurt Belediyesi\u2019nin bu y\u0131l \u00fc\u00e7\u00fcnc\u00fcs\u00fcn\u00fc d\u00fczenledi\u011fi 3. Uluslararas\u0131 G\u00fczelyurt Sanat Bulu\u015fmas\u0131 kapsam\u0131nda bug\u00fcn iki ayr\u0131 serginin a\u00e7\u0131l\u0131\u015f\u0131 yap\u0131ld\u0131. Sanat Bulu\u015fmas\u0131na \u0130ran\u2019dan kat\u0131lan Akbar Akbari ve Hanie Jafari\u2019nin \u00f6\u011frencilerinin eserlerinin yer ald\u0131\u011f\u0131 \u201cA\u015fk\u0131n ve Sanat\u0131n Yolunda\u201d isimli sulu boya sergisi ile Do\u00e7. Dr. M\u00fccahit Bora\u2019n\u0131n \u201cZamans\u0131z Mek\u00e2nlar\u201d isimli resim ve heykel sergisi, G\u00fczelyurt Belediyesi sergi salonunda [&hellip;]<\/p>\n","protected":false},"author":1,"featured_media":6895,"comment_status":"open","ping_status":"open","sticky":false,"template":"","format":"standard","meta":{"jnews-multi-image_gallery":[],"jnews_single_post":[],"jnews_primary_category":[],"jnews_social_meta":[],"jnews_override_counter":[],"footnotes":""},"categories":[6],"tags":[],"class_list":["post-6894","post","type-post","status-publish","format-standard","has-post-thumbnail","hentry","category-yasam"],"yoast_head":"<!-- This site is optimized with the Yoast SEO plugin v27.5 - https:\/\/yoast.com\/product\/yoast-seo-wordpress\/ -->\n<title>3. Uluslararas\u0131 G\u00fczelyurt Sanat Bulu\u015fmas\u0131 kapsam\u0131nda bug\u00fcn iki ayr\u0131 serginin a\u00e7\u0131l\u0131\u015f\u0131 yap\u0131ld\u0131 - Kuzeyin Sesi<\/title>\n<meta name=\"robots\" content=\"index, follow, max-snippet:-1, max-image-preview:large, max-video-preview:-1\" \/>\n<link rel=\"canonical\" href=\"https:\/\/kuzeyinsesi.org\/index.php\/2024\/07\/24\/3-uluslararasi-guzelyurt-sanat-bulusmasi-kapsaminda-bugun-iki-ayri-serginin-acilisi-yapildi\/\" \/>\n<meta property=\"og:locale\" content=\"tr_TR\" \/>\n<meta property=\"og:type\" content=\"article\" \/>\n<meta property=\"og:title\" content=\"3. Uluslararas\u0131 G\u00fczelyurt Sanat Bulu\u015fmas\u0131 kapsam\u0131nda bug\u00fcn iki ayr\u0131 serginin a\u00e7\u0131l\u0131\u015f\u0131 yap\u0131ld\u0131 - Kuzeyin Sesi\" \/>\n<meta property=\"og:description\" content=\"G\u00fczelyurt Belediyesi\u2019nin bu y\u0131l \u00fc\u00e7\u00fcnc\u00fcs\u00fcn\u00fc d\u00fczenledi\u011fi 3. Uluslararas\u0131 G\u00fczelyurt Sanat Bulu\u015fmas\u0131 kapsam\u0131nda bug\u00fcn iki ayr\u0131 serginin a\u00e7\u0131l\u0131\u015f\u0131 yap\u0131ld\u0131. Sanat Bulu\u015fmas\u0131na \u0130ran\u2019dan kat\u0131lan Akbar Akbari ve Hanie Jafari\u2019nin \u00f6\u011frencilerinin eserlerinin yer ald\u0131\u011f\u0131 \u201cA\u015fk\u0131n ve Sanat\u0131n Yolunda\u201d isimli sulu boya sergisi ile Do\u00e7. Dr. M\u00fccahit Bora\u2019n\u0131n \u201cZamans\u0131z Mek\u00e2nlar\u201d isimli resim ve heykel sergisi, G\u00fczelyurt Belediyesi sergi salonunda [&hellip;]\" \/>\n<meta property=\"og:url\" content=\"https:\/\/kuzeyinsesi.org\/index.php\/2024\/07\/24\/3-uluslararasi-guzelyurt-sanat-bulusmasi-kapsaminda-bugun-iki-ayri-serginin-acilisi-yapildi\/\" \/>\n<meta property=\"og:site_name\" content=\"Kuzeyin Sesi\" \/>\n<meta property=\"article:publisher\" content=\"https:\/\/www.facebook.com\/kuzeyinsesii\" \/>\n<meta property=\"article:published_time\" content=\"2024-07-24T12:17:22+00:00\" \/>\n<meta property=\"og:image\" content=\"https:\/\/brtk.net\/wp-content\/uploads\/2024\/07\/23\/guzelyurt-belediyesi-sergi-3-.jpg?ver=724a2179f4d675a1d35f98cb8b3b6d40\" \/>\n<meta name=\"author\" content=\"Kuzeyin Sesi\" \/>\n<meta name=\"twitter:card\" content=\"summary_large_image\" \/>\n<meta name=\"twitter:creator\" content=\"@kuzeyinsesii\" \/>\n<meta name=\"twitter:site\" content=\"@kuzeyinsesii\" \/>\n<meta name=\"twitter:label1\" content=\"Yazan:\" \/>\n\t<meta name=\"twitter:data1\" content=\"Kuzeyin Sesi\" \/>\n\t<meta name=\"twitter:label2\" content=\"Tahmini okuma s\u00fcresi\" \/>\n\t<meta name=\"twitter:data2\" content=\"1 dakika\" \/>\n<script type=\"application\/ld+json\" class=\"yoast-schema-graph\">{\"@context\":\"https:\\\/\\\/schema.org\",\"@graph\":[{\"@type\":\"Article\",\"@id\":\"https:\\\/\\\/kuzeyinsesi.org\\\/index.php\\\/2024\\\/07\\\/24\\\/3-uluslararasi-guzelyurt-sanat-bulusmasi-kapsaminda-bugun-iki-ayri-serginin-acilisi-yapildi\\\/#article\",\"isPartOf\":{\"@id\":\"https:\\\/\\\/kuzeyinsesi.org\\\/index.php\\\/2024\\\/07\\\/24\\\/3-uluslararasi-guzelyurt-sanat-bulusmasi-kapsaminda-bugun-iki-ayri-serginin-acilisi-yapildi\\\/\"},\"author\":{\"name\":\"Kuzeyin Sesi\",\"@id\":\"https:\\\/\\\/kuzeyinsesi.org\\\/#\\\/schema\\\/person\\\/9f859689cdf01485597712386e37f5aa\"},\"headline\":\"3. Uluslararas\u0131 G\u00fczelyurt Sanat Bulu\u015fmas\u0131 kapsam\u0131nda bug\u00fcn iki ayr\u0131 serginin a\u00e7\u0131l\u0131\u015f\u0131 yap\u0131ld\u0131\",\"datePublished\":\"2024-07-24T12:17:22+00:00\",\"mainEntityOfPage\":{\"@id\":\"https:\\\/\\\/kuzeyinsesi.org\\\/index.php\\\/2024\\\/07\\\/24\\\/3-uluslararasi-guzelyurt-sanat-bulusmasi-kapsaminda-bugun-iki-ayri-serginin-acilisi-yapildi\\\/\"},\"wordCount\":264,\"commentCount\":0,\"image\":{\"@id\":\"https:\\\/\\\/kuzeyinsesi.org\\\/index.php\\\/2024\\\/07\\\/24\\\/3-uluslararasi-guzelyurt-sanat-bulusmasi-kapsaminda-bugun-iki-ayri-serginin-acilisi-yapildi\\\/#primaryimage\"},\"thumbnailUrl\":\"https:\\\/\\\/kuzeyinsesi.org\\\/wp-content\\\/uploads\\\/2024\\\/07\\\/guzelyurt-belediyesi-sergi-3-.jpg\",\"articleSection\":[\"Ya\u015fam\"],\"inLanguage\":\"tr\",\"potentialAction\":[{\"@type\":\"CommentAction\",\"name\":\"Comment\",\"target\":[\"https:\\\/\\\/kuzeyinsesi.org\\\/index.php\\\/2024\\\/07\\\/24\\\/3-uluslararasi-guzelyurt-sanat-bulusmasi-kapsaminda-bugun-iki-ayri-serginin-acilisi-yapildi\\\/#respond\"]}]},{\"@type\":\"WebPage\",\"@id\":\"https:\\\/\\\/kuzeyinsesi.org\\\/index.php\\\/2024\\\/07\\\/24\\\/3-uluslararasi-guzelyurt-sanat-bulusmasi-kapsaminda-bugun-iki-ayri-serginin-acilisi-yapildi\\\/\",\"url\":\"https:\\\/\\\/kuzeyinsesi.org\\\/index.php\\\/2024\\\/07\\\/24\\\/3-uluslararasi-guzelyurt-sanat-bulusmasi-kapsaminda-bugun-iki-ayri-serginin-acilisi-yapildi\\\/\",\"name\":\"3. Uluslararas\u0131 G\u00fczelyurt Sanat Bulu\u015fmas\u0131 kapsam\u0131nda bug\u00fcn iki ayr\u0131 serginin a\u00e7\u0131l\u0131\u015f\u0131 yap\u0131ld\u0131 - Kuzeyin Sesi\",\"isPartOf\":{\"@id\":\"https:\\\/\\\/kuzeyinsesi.org\\\/#website\"},\"primaryImageOfPage\":{\"@id\":\"https:\\\/\\\/kuzeyinsesi.org\\\/index.php\\\/2024\\\/07\\\/24\\\/3-uluslararasi-guzelyurt-sanat-bulusmasi-kapsaminda-bugun-iki-ayri-serginin-acilisi-yapildi\\\/#primaryimage\"},\"image\":{\"@id\":\"https:\\\/\\\/kuzeyinsesi.org\\\/index.php\\\/2024\\\/07\\\/24\\\/3-uluslararasi-guzelyurt-sanat-bulusmasi-kapsaminda-bugun-iki-ayri-serginin-acilisi-yapildi\\\/#primaryimage\"},\"thumbnailUrl\":\"https:\\\/\\\/kuzeyinsesi.org\\\/wp-content\\\/uploads\\\/2024\\\/07\\\/guzelyurt-belediyesi-sergi-3-.jpg\",\"datePublished\":\"2024-07-24T12:17:22+00:00\",\"author\":{\"@id\":\"https:\\\/\\\/kuzeyinsesi.org\\\/#\\\/schema\\\/person\\\/9f859689cdf01485597712386e37f5aa\"},\"breadcrumb\":{\"@id\":\"https:\\\/\\\/kuzeyinsesi.org\\\/index.php\\\/2024\\\/07\\\/24\\\/3-uluslararasi-guzelyurt-sanat-bulusmasi-kapsaminda-bugun-iki-ayri-serginin-acilisi-yapildi\\\/#breadcrumb\"},\"inLanguage\":\"tr\",\"potentialAction\":[{\"@type\":\"ReadAction\",\"target\":[\"https:\\\/\\\/kuzeyinsesi.org\\\/index.php\\\/2024\\\/07\\\/24\\\/3-uluslararasi-guzelyurt-sanat-bulusmasi-kapsaminda-bugun-iki-ayri-serginin-acilisi-yapildi\\\/\"]}]},{\"@type\":\"ImageObject\",\"inLanguage\":\"tr\",\"@id\":\"https:\\\/\\\/kuzeyinsesi.org\\\/index.php\\\/2024\\\/07\\\/24\\\/3-uluslararasi-guzelyurt-sanat-bulusmasi-kapsaminda-bugun-iki-ayri-serginin-acilisi-yapildi\\\/#primaryimage\",\"url\":\"https:\\\/\\\/kuzeyinsesi.org\\\/wp-content\\\/uploads\\\/2024\\\/07\\\/guzelyurt-belediyesi-sergi-3-.jpg\",\"contentUrl\":\"https:\\\/\\\/kuzeyinsesi.org\\\/wp-content\\\/uploads\\\/2024\\\/07\\\/guzelyurt-belediyesi-sergi-3-.jpg\",\"width\":930,\"height\":463},{\"@type\":\"BreadcrumbList\",\"@id\":\"https:\\\/\\\/kuzeyinsesi.org\\\/index.php\\\/2024\\\/07\\\/24\\\/3-uluslararasi-guzelyurt-sanat-bulusmasi-kapsaminda-bugun-iki-ayri-serginin-acilisi-yapildi\\\/#breadcrumb\",\"itemListElement\":[{\"@type\":\"ListItem\",\"position\":1,\"name\":\"Anasayfa\",\"item\":\"https:\\\/\\\/kuzeyinsesi.org\\\/\"},{\"@type\":\"ListItem\",\"position\":2,\"name\":\"3. Uluslararas\u0131 G\u00fczelyurt Sanat Bulu\u015fmas\u0131 kapsam\u0131nda bug\u00fcn iki ayr\u0131 serginin a\u00e7\u0131l\u0131\u015f\u0131 yap\u0131ld\u0131\"}]},{\"@type\":\"WebSite\",\"@id\":\"https:\\\/\\\/kuzeyinsesi.org\\\/#website\",\"url\":\"https:\\\/\\\/kuzeyinsesi.org\\\/\",\"name\":\"Kuzeyin Sesi\",\"description\":\"Do\u011fru Haberin Adresi\",\"potentialAction\":[{\"@type\":\"SearchAction\",\"target\":{\"@type\":\"EntryPoint\",\"urlTemplate\":\"https:\\\/\\\/kuzeyinsesi.org\\\/?s={search_term_string}\"},\"query-input\":{\"@type\":\"PropertyValueSpecification\",\"valueRequired\":true,\"valueName\":\"search_term_string\"}}],\"inLanguage\":\"tr\"},{\"@type\":\"Person\",\"@id\":\"https:\\\/\\\/kuzeyinsesi.org\\\/#\\\/schema\\\/person\\\/9f859689cdf01485597712386e37f5aa\",\"name\":\"Kuzeyin Sesi\",\"image\":{\"@type\":\"ImageObject\",\"inLanguage\":\"tr\",\"@id\":\"https:\\\/\\\/secure.gravatar.com\\\/avatar\\\/bab33852abfd8b282518d6ed81826833d77c3c882d9ab608add591ccace47a44?s=96&d=mm&r=g\",\"url\":\"https:\\\/\\\/secure.gravatar.com\\\/avatar\\\/bab33852abfd8b282518d6ed81826833d77c3c882d9ab608add591ccace47a44?s=96&d=mm&r=g\",\"contentUrl\":\"https:\\\/\\\/secure.gravatar.com\\\/avatar\\\/bab33852abfd8b282518d6ed81826833d77c3c882d9ab608add591ccace47a44?s=96&d=mm&r=g\",\"caption\":\"Kuzeyin Sesi\"},\"sameAs\":[\"https:\\\/\\\/kuzeyinsesi.org\"],\"url\":\"https:\\\/\\\/kuzeyinsesi.org\\\/index.php\\\/author\\\/guven\\\/\"}]}<\/script>\n<!-- \/ Yoast SEO plugin. -->","yoast_head_json":{"title":"3. Uluslararas\u0131 G\u00fczelyurt Sanat Bulu\u015fmas\u0131 kapsam\u0131nda bug\u00fcn iki ayr\u0131 serginin a\u00e7\u0131l\u0131\u015f\u0131 yap\u0131ld\u0131 - Kuzeyin Sesi","robots":{"index":"index","follow":"follow","max-snippet":"max-snippet:-1","max-image-preview":"max-image-preview:large","max-video-preview":"max-video-preview:-1"},"canonical":"https:\/\/kuzeyinsesi.org\/index.php\/2024\/07\/24\/3-uluslararasi-guzelyurt-sanat-bulusmasi-kapsaminda-bugun-iki-ayri-serginin-acilisi-yapildi\/","og_locale":"tr_TR","og_type":"article","og_title":"3. Uluslararas\u0131 G\u00fczelyurt Sanat Bulu\u015fmas\u0131 kapsam\u0131nda bug\u00fcn iki ayr\u0131 serginin a\u00e7\u0131l\u0131\u015f\u0131 yap\u0131ld\u0131 - Kuzeyin Sesi","og_description":"G\u00fczelyurt Belediyesi\u2019nin bu y\u0131l \u00fc\u00e7\u00fcnc\u00fcs\u00fcn\u00fc d\u00fczenledi\u011fi 3. Uluslararas\u0131 G\u00fczelyurt Sanat Bulu\u015fmas\u0131 kapsam\u0131nda bug\u00fcn iki ayr\u0131 serginin a\u00e7\u0131l\u0131\u015f\u0131 yap\u0131ld\u0131. Sanat Bulu\u015fmas\u0131na \u0130ran\u2019dan kat\u0131lan Akbar Akbari ve Hanie Jafari\u2019nin \u00f6\u011frencilerinin eserlerinin yer ald\u0131\u011f\u0131 \u201cA\u015fk\u0131n ve Sanat\u0131n Yolunda\u201d isimli sulu boya sergisi ile Do\u00e7. Dr. M\u00fccahit Bora\u2019n\u0131n \u201cZamans\u0131z Mek\u00e2nlar\u201d isimli resim ve heykel sergisi, G\u00fczelyurt Belediyesi sergi salonunda [&hellip;]","og_url":"https:\/\/kuzeyinsesi.org\/index.php\/2024\/07\/24\/3-uluslararasi-guzelyurt-sanat-bulusmasi-kapsaminda-bugun-iki-ayri-serginin-acilisi-yapildi\/","og_site_name":"Kuzeyin Sesi","article_publisher":"https:\/\/www.facebook.com\/kuzeyinsesii","article_published_time":"2024-07-24T12:17:22+00:00","og_image":[{"url":"https:\/\/brtk.net\/wp-content\/uploads\/2024\/07\/23\/guzelyurt-belediyesi-sergi-3-.jpg?ver=724a2179f4d675a1d35f98cb8b3b6d40","type":"","width":"","height":""}],"author":"Kuzeyin Sesi","twitter_card":"summary_large_image","twitter_creator":"@kuzeyinsesii","twitter_site":"@kuzeyinsesii","twitter_misc":{"Yazan:":"Kuzeyin Sesi","Tahmini okuma s\u00fcresi":"1 dakika"},"schema":{"@context":"https:\/\/schema.org","@graph":[{"@type":"Article","@id":"https:\/\/kuzeyinsesi.org\/index.php\/2024\/07\/24\/3-uluslararasi-guzelyurt-sanat-bulusmasi-kapsaminda-bugun-iki-ayri-serginin-acilisi-yapildi\/#article","isPartOf":{"@id":"https:\/\/kuzeyinsesi.org\/index.php\/2024\/07\/24\/3-uluslararasi-guzelyurt-sanat-bulusmasi-kapsaminda-bugun-iki-ayri-serginin-acilisi-yapildi\/"},"author":{"name":"Kuzeyin Sesi","@id":"https:\/\/kuzeyinsesi.org\/#\/schema\/person\/9f859689cdf01485597712386e37f5aa"},"headline":"3. Uluslararas\u0131 G\u00fczelyurt Sanat Bulu\u015fmas\u0131 kapsam\u0131nda bug\u00fcn iki ayr\u0131 serginin a\u00e7\u0131l\u0131\u015f\u0131 yap\u0131ld\u0131","datePublished":"2024-07-24T12:17:22+00:00","mainEntityOfPage":{"@id":"https:\/\/kuzeyinsesi.org\/index.php\/2024\/07\/24\/3-uluslararasi-guzelyurt-sanat-bulusmasi-kapsaminda-bugun-iki-ayri-serginin-acilisi-yapildi\/"},"wordCount":264,"commentCount":0,"image":{"@id":"https:\/\/kuzeyinsesi.org\/index.php\/2024\/07\/24\/3-uluslararasi-guzelyurt-sanat-bulusmasi-kapsaminda-bugun-iki-ayri-serginin-acilisi-yapildi\/#primaryimage"},"thumbnailUrl":"https:\/\/kuzeyinsesi.org\/wp-content\/uploads\/2024\/07\/guzelyurt-belediyesi-sergi-3-.jpg","articleSection":["Ya\u015fam"],"inLanguage":"tr","potentialAction":[{"@type":"CommentAction","name":"Comment","target":["https:\/\/kuzeyinsesi.org\/index.php\/2024\/07\/24\/3-uluslararasi-guzelyurt-sanat-bulusmasi-kapsaminda-bugun-iki-ayri-serginin-acilisi-yapildi\/#respond"]}]},{"@type":"WebPage","@id":"https:\/\/kuzeyinsesi.org\/index.php\/2024\/07\/24\/3-uluslararasi-guzelyurt-sanat-bulusmasi-kapsaminda-bugun-iki-ayri-serginin-acilisi-yapildi\/","url":"https:\/\/kuzeyinsesi.org\/index.php\/2024\/07\/24\/3-uluslararasi-guzelyurt-sanat-bulusmasi-kapsaminda-bugun-iki-ayri-serginin-acilisi-yapildi\/","name":"3. Uluslararas\u0131 G\u00fczelyurt Sanat Bulu\u015fmas\u0131 kapsam\u0131nda bug\u00fcn iki ayr\u0131 serginin a\u00e7\u0131l\u0131\u015f\u0131 yap\u0131ld\u0131 - Kuzeyin Sesi","isPartOf":{"@id":"https:\/\/kuzeyinsesi.org\/#website"},"primaryImageOfPage":{"@id":"https:\/\/kuzeyinsesi.org\/index.php\/2024\/07\/24\/3-uluslararasi-guzelyurt-sanat-bulusmasi-kapsaminda-bugun-iki-ayri-serginin-acilisi-yapildi\/#primaryimage"},"image":{"@id":"https:\/\/kuzeyinsesi.org\/index.php\/2024\/07\/24\/3-uluslararasi-guzelyurt-sanat-bulusmasi-kapsaminda-bugun-iki-ayri-serginin-acilisi-yapildi\/#primaryimage"},"thumbnailUrl":"https:\/\/kuzeyinsesi.org\/wp-content\/uploads\/2024\/07\/guzelyurt-belediyesi-sergi-3-.jpg","datePublished":"2024-07-24T12:17:22+00:00","author":{"@id":"https:\/\/kuzeyinsesi.org\/#\/schema\/person\/9f859689cdf01485597712386e37f5aa"},"breadcrumb":{"@id":"https:\/\/kuzeyinsesi.org\/index.php\/2024\/07\/24\/3-uluslararasi-guzelyurt-sanat-bulusmasi-kapsaminda-bugun-iki-ayri-serginin-acilisi-yapildi\/#breadcrumb"},"inLanguage":"tr","potentialAction":[{"@type":"ReadAction","target":["https:\/\/kuzeyinsesi.org\/index.php\/2024\/07\/24\/3-uluslararasi-guzelyurt-sanat-bulusmasi-kapsaminda-bugun-iki-ayri-serginin-acilisi-yapildi\/"]}]},{"@type":"ImageObject","inLanguage":"tr","@id":"https:\/\/kuzeyinsesi.org\/index.php\/2024\/07\/24\/3-uluslararasi-guzelyurt-sanat-bulusmasi-kapsaminda-bugun-iki-ayri-serginin-acilisi-yapildi\/#primaryimage","url":"https:\/\/kuzeyinsesi.org\/wp-content\/uploads\/2024\/07\/guzelyurt-belediyesi-sergi-3-.jpg","contentUrl":"https:\/\/kuzeyinsesi.org\/wp-content\/uploads\/2024\/07\/guzelyurt-belediyesi-sergi-3-.jpg","width":930,"height":463},{"@type":"BreadcrumbList","@id":"https:\/\/kuzeyinsesi.org\/index.php\/2024\/07\/24\/3-uluslararasi-guzelyurt-sanat-bulusmasi-kapsaminda-bugun-iki-ayri-serginin-acilisi-yapildi\/#breadcrumb","itemListElement":[{"@type":"ListItem","position":1,"name":"Anasayfa","item":"https:\/\/kuzeyinsesi.org\/"},{"@type":"ListItem","position":2,"name":"3. Uluslararas\u0131 G\u00fczelyurt Sanat Bulu\u015fmas\u0131 kapsam\u0131nda bug\u00fcn iki ayr\u0131 serginin a\u00e7\u0131l\u0131\u015f\u0131 yap\u0131ld\u0131"}]},{"@type":"WebSite","@id":"https:\/\/kuzeyinsesi.org\/#website","url":"https:\/\/kuzeyinsesi.org\/","name":"Kuzeyin Sesi","description":"Do\u011fru Haberin Adresi","potentialAction":[{"@type":"SearchAction","target":{"@type":"EntryPoint","urlTemplate":"https:\/\/kuzeyinsesi.org\/?s={search_term_string}"},"query-input":{"@type":"PropertyValueSpecification","valueRequired":true,"valueName":"search_term_string"}}],"inLanguage":"tr"},{"@type":"Person","@id":"https:\/\/kuzeyinsesi.org\/#\/schema\/person\/9f859689cdf01485597712386e37f5aa","name":"Kuzeyin Sesi","image":{"@type":"ImageObject","inLanguage":"tr","@id":"https:\/\/secure.gravatar.com\/avatar\/bab33852abfd8b282518d6ed81826833d77c3c882d9ab608add591ccace47a44?s=96&d=mm&r=g","url":"https:\/\/secure.gravatar.com\/avatar\/bab33852abfd8b282518d6ed81826833d77c3c882d9ab608add591ccace47a44?s=96&d=mm&r=g","contentUrl":"https:\/\/secure.gravatar.com\/avatar\/bab33852abfd8b282518d6ed81826833d77c3c882d9ab608add591ccace47a44?s=96&d=mm&r=g","caption":"Kuzeyin Sesi"},"sameAs":["https:\/\/kuzeyinsesi.org"],"url":"https:\/\/kuzeyinsesi.org\/index.php\/author\/guven\/"}]}},"_links":{"self":[{"href":"https:\/\/kuzeyinsesi.org\/index.php\/wp-json\/wp\/v2\/posts\/6894","targetHints":{"allow":["GET"]}}],"collection":[{"href":"https:\/\/kuzeyinsesi.org\/index.php\/wp-json\/wp\/v2\/posts"}],"about":[{"href":"https:\/\/kuzeyinsesi.org\/index.php\/wp-json\/wp\/v2\/types\/post"}],"author":[{"embeddable":true,"href":"https:\/\/kuzeyinsesi.org\/index.php\/wp-json\/wp\/v2\/users\/1"}],"replies":[{"embeddable":true,"href":"https:\/\/kuzeyinsesi.org\/index.php\/wp-json\/wp\/v2\/comments?post=6894"}],"version-history":[{"count":0,"href":"https:\/\/kuzeyinsesi.org\/index.php\/wp-json\/wp\/v2\/posts\/6894\/revisions"}],"wp:featuredmedia":[{"embeddable":true,"href":"https:\/\/kuzeyinsesi.org\/index.php\/wp-json\/wp\/v2\/media\/6895"}],"wp:attachment":[{"href":"https:\/\/kuzeyinsesi.org\/index.php\/wp-json\/wp\/v2\/media?parent=6894"}],"wp:term":[{"taxonomy":"category","embeddable":true,"href":"https:\/\/kuzeyinsesi.org\/index.php\/wp-json\/wp\/v2\/categories?post=6894"},{"taxonomy":"post_tag","embeddable":true,"href":"https:\/\/kuzeyinsesi.org\/index.php\/wp-json\/wp\/v2\/tags?post=6894"}],"curies":[{"name":"wp","href":"https:\/\/api.w.org\/{rel}","templated":true}]}}