{"id":689,"date":"2024-04-27T12:09:18","date_gmt":"2024-04-27T09:09:18","guid":{"rendered":"https:\/\/kuzeyinsesi.com\/index.php\/2024\/04\/27\/timsah-atesi-seyirciyle-bulustu\/"},"modified":"2024-04-27T12:09:18","modified_gmt":"2024-04-27T09:09:18","slug":"timsah-atesi-seyirciyle-bulustu","status":"publish","type":"post","link":"https:\/\/kuzeyinsesi.org\/index.php\/2024\/04\/27\/timsah-atesi-seyirciyle-bulustu\/","title":{"rendered":"\u201cTimsah Ate\u015fi\u201d seyirciyle bulu\u015ftu"},"content":{"rendered":"<div>\n<div class=\"mariselle-image-container center\">\n                                            <\/div>\n<p>Ba\u015frollerini Hazar Erg\u00fc\u00e7l\u00fc, Funda Eryi\u011fit ve Hidayet Erdin\u00e7\u2019in payla\u015ft\u0131\u011f\u0131 \u201cTimsah Ate\u015fi\u201d adl\u0131 tiyatro oyunu ilk g\u00f6sterimini ger\u00e7ekle\u015ftirdi.<\/p>\n<p>Girne Belediyesinden verilen bilgiye g\u00f6re, bug\u00fcn yeniden sahnelenecek oyun, Girne Belediyesi ve Birinci Global\u2019in i\u015fbirli\u011fiyle, Kamac\u0131o\u011flu Grup, \u00d6zmerhan Grup, Rocks Hotel, Uptown Hotel ve Girne American \u00dcniversitesi\u2019nin destekleriyle sahneleniyor. Oyun, Girne Amerikan \u00dcniversitesi Spectrum Salonu\u2019nda saat 20.00\u2019de perde a\u00e7acak.  <\/p>\n<p>Girne Belediyesi Sosyal \u0130\u015fler \u015eube Amirli\u011fi\u2019nden verilen bilgiye g\u00f6re de, oyundan elde edilen gelirin bir k\u0131sm\u0131 \u015eampiyon Melekleri Ya\u015fatma Derne\u011fi\u2019ne, bir k\u0131sm\u0131 ise Girne Belediyesi Hayvan Bar\u0131na\u011f\u0131 ve Rehabilitasyon Merkezi\u2019ne ba\u011f\u0131\u015flanacak. <\/p>\n<p>Oyunun biletleri www.kibrisbiletcim.com adresinden online olarak al\u0131nabilecek. <\/p>\n<p>-Oyunun konusu<\/p>\n<p>Meghan Tyler\u2019in kaleme ald\u0131\u011f\u0131, Mehmet Ergen\u2019in y\u00f6netti\u011fi ve Zeynep Anacan\u2019\u0131n \u00e7evirdi\u011fi oyunun oyuncu kadrosu, Hazar Erg\u00fc\u00e7l\u00fc, Funda Eryi\u011fit, Okan Demirok ve Hidayet Erdin\u00e7 gibi usta isimlerden olu\u015fuyor. Timsah Ate\u015fi, z\u0131t kutuplarda ya\u015fayan iki k\u0131z karde\u015fin babalar\u0131yla olan \u00e7alkant\u0131l\u0131 hikayesini konu al\u0131yor. \u0130zleyicileri duygusal bir yolculu\u011fa \u00e7\u0131karacak olan oyun, aile ba\u011flar\u0131n\u0131n derinliklerine iniyor.<\/p>\n<\/p><\/div>\n<p><script async\n                    defer\n                    crossorigin=\"anonymous\"\n                    src=\"https:\/\/connect.facebook.net\/tr_TR\/sdk.js#xfbml=1&#038;version=v3.3\"\n            ><\/script><\/p>\n","protected":false},"excerpt":{"rendered":"<p>Ba\u015frollerini Hazar Erg\u00fc\u00e7l\u00fc, Funda Eryi\u011fit ve Hidayet Erdin\u00e7\u2019in payla\u015ft\u0131\u011f\u0131 \u201cTimsah Ate\u015fi\u201d adl\u0131 tiyatro oyunu ilk g\u00f6sterimini ger\u00e7ekle\u015ftirdi. Girne Belediyesinden verilen bilgiye g\u00f6re, bug\u00fcn yeniden sahnelenecek oyun, Girne Belediyesi ve Birinci Global\u2019in i\u015fbirli\u011fiyle, Kamac\u0131o\u011flu Grup, \u00d6zmerhan Grup, Rocks Hotel, Uptown Hotel ve Girne American \u00dcniversitesi\u2019nin destekleriyle sahneleniyor. Oyun, Girne Amerikan \u00dcniversitesi Spectrum Salonu\u2019nda saat 20.00\u2019de perde [&hellip;]<\/p>\n","protected":false},"author":1,"featured_media":690,"comment_status":"open","ping_status":"open","sticky":false,"template":"","format":"standard","meta":{"jnews-multi-image_gallery":[],"jnews_single_post":[],"jnews_primary_category":[],"jnews_social_meta":[],"jnews_override_counter":[],"footnotes":""},"categories":[6],"tags":[],"class_list":["post-689","post","type-post","status-publish","format-standard","has-post-thumbnail","hentry","category-yasam"],"yoast_head":"<!-- This site is optimized with the Yoast SEO plugin v27.5 - https:\/\/yoast.com\/product\/yoast-seo-wordpress\/ -->\n<title>\u201cTimsah Ate\u015fi\u201d seyirciyle bulu\u015ftu - Kuzeyin Sesi<\/title>\n<meta name=\"robots\" content=\"index, follow, max-snippet:-1, max-image-preview:large, max-video-preview:-1\" \/>\n<link rel=\"canonical\" href=\"https:\/\/kuzeyinsesi.org\/index.php\/2024\/04\/27\/timsah-atesi-seyirciyle-bulustu\/\" \/>\n<meta property=\"og:locale\" content=\"tr_TR\" \/>\n<meta property=\"og:type\" content=\"article\" \/>\n<meta property=\"og:title\" content=\"\u201cTimsah Ate\u015fi\u201d seyirciyle bulu\u015ftu - Kuzeyin Sesi\" \/>\n<meta property=\"og:description\" content=\"Ba\u015frollerini Hazar Erg\u00fc\u00e7l\u00fc, Funda Eryi\u011fit ve Hidayet Erdin\u00e7\u2019in payla\u015ft\u0131\u011f\u0131 \u201cTimsah Ate\u015fi\u201d adl\u0131 tiyatro oyunu ilk g\u00f6sterimini ger\u00e7ekle\u015ftirdi. Girne Belediyesinden verilen bilgiye g\u00f6re, bug\u00fcn yeniden sahnelenecek oyun, Girne Belediyesi ve Birinci Global\u2019in i\u015fbirli\u011fiyle, Kamac\u0131o\u011flu Grup, \u00d6zmerhan Grup, Rocks Hotel, Uptown Hotel ve Girne American \u00dcniversitesi\u2019nin destekleriyle sahneleniyor. Oyun, Girne Amerikan \u00dcniversitesi Spectrum Salonu\u2019nda saat 20.00\u2019de perde [&hellip;]\" \/>\n<meta property=\"og:url\" content=\"https:\/\/kuzeyinsesi.org\/index.php\/2024\/04\/27\/timsah-atesi-seyirciyle-bulustu\/\" \/>\n<meta property=\"og:site_name\" content=\"Kuzeyin Sesi\" \/>\n<meta property=\"article:publisher\" content=\"https:\/\/www.facebook.com\/kuzeyinsesii\" \/>\n<meta property=\"article:published_time\" content=\"2024-04-27T09:09:18+00:00\" \/>\n<meta property=\"og:image\" content=\"https:\/\/kuzeyinsesi.org\/wp-content\/uploads\/2024\/04\/timsahhhh.png\" \/>\n\t<meta property=\"og:image:width\" content=\"1193\" \/>\n\t<meta property=\"og:image:height\" content=\"544\" \/>\n\t<meta property=\"og:image:type\" content=\"image\/png\" \/>\n<meta name=\"author\" content=\"Kuzeyin Sesi\" \/>\n<meta name=\"twitter:card\" content=\"summary_large_image\" \/>\n<meta name=\"twitter:creator\" content=\"@kuzeyinsesii\" \/>\n<meta name=\"twitter:site\" content=\"@kuzeyinsesii\" \/>\n<meta name=\"twitter:label1\" content=\"Yazan:\" \/>\n\t<meta name=\"twitter:data1\" content=\"Kuzeyin Sesi\" \/>\n\t<meta name=\"twitter:label2\" content=\"Tahmini okuma s\u00fcresi\" \/>\n\t<meta name=\"twitter:data2\" content=\"1 dakika\" \/>\n<script type=\"application\/ld+json\" class=\"yoast-schema-graph\">{\"@context\":\"https:\\\/\\\/schema.org\",\"@graph\":[{\"@type\":\"Article\",\"@id\":\"https:\\\/\\\/kuzeyinsesi.org\\\/index.php\\\/2024\\\/04\\\/27\\\/timsah-atesi-seyirciyle-bulustu\\\/#article\",\"isPartOf\":{\"@id\":\"https:\\\/\\\/kuzeyinsesi.org\\\/index.php\\\/2024\\\/04\\\/27\\\/timsah-atesi-seyirciyle-bulustu\\\/\"},\"author\":{\"name\":\"Kuzeyin Sesi\",\"@id\":\"https:\\\/\\\/kuzeyinsesi.org\\\/#\\\/schema\\\/person\\\/9f859689cdf01485597712386e37f5aa\"},\"headline\":\"\u201cTimsah Ate\u015fi\u201d seyirciyle bulu\u015ftu\",\"datePublished\":\"2024-04-27T09:09:18+00:00\",\"mainEntityOfPage\":{\"@id\":\"https:\\\/\\\/kuzeyinsesi.org\\\/index.php\\\/2024\\\/04\\\/27\\\/timsah-atesi-seyirciyle-bulustu\\\/\"},\"wordCount\":208,\"commentCount\":0,\"image\":{\"@id\":\"https:\\\/\\\/kuzeyinsesi.org\\\/index.php\\\/2024\\\/04\\\/27\\\/timsah-atesi-seyirciyle-bulustu\\\/#primaryimage\"},\"thumbnailUrl\":\"https:\\\/\\\/kuzeyinsesi.org\\\/wp-content\\\/uploads\\\/2024\\\/04\\\/timsahhhh.png\",\"articleSection\":[\"Ya\u015fam\"],\"inLanguage\":\"tr\",\"potentialAction\":[{\"@type\":\"CommentAction\",\"name\":\"Comment\",\"target\":[\"https:\\\/\\\/kuzeyinsesi.org\\\/index.php\\\/2024\\\/04\\\/27\\\/timsah-atesi-seyirciyle-bulustu\\\/#respond\"]}]},{\"@type\":\"WebPage\",\"@id\":\"https:\\\/\\\/kuzeyinsesi.org\\\/index.php\\\/2024\\\/04\\\/27\\\/timsah-atesi-seyirciyle-bulustu\\\/\",\"url\":\"https:\\\/\\\/kuzeyinsesi.org\\\/index.php\\\/2024\\\/04\\\/27\\\/timsah-atesi-seyirciyle-bulustu\\\/\",\"name\":\"\u201cTimsah Ate\u015fi\u201d seyirciyle bulu\u015ftu - Kuzeyin Sesi\",\"isPartOf\":{\"@id\":\"https:\\\/\\\/kuzeyinsesi.org\\\/#website\"},\"primaryImageOfPage\":{\"@id\":\"https:\\\/\\\/kuzeyinsesi.org\\\/index.php\\\/2024\\\/04\\\/27\\\/timsah-atesi-seyirciyle-bulustu\\\/#primaryimage\"},\"image\":{\"@id\":\"https:\\\/\\\/kuzeyinsesi.org\\\/index.php\\\/2024\\\/04\\\/27\\\/timsah-atesi-seyirciyle-bulustu\\\/#primaryimage\"},\"thumbnailUrl\":\"https:\\\/\\\/kuzeyinsesi.org\\\/wp-content\\\/uploads\\\/2024\\\/04\\\/timsahhhh.png\",\"datePublished\":\"2024-04-27T09:09:18+00:00\",\"author\":{\"@id\":\"https:\\\/\\\/kuzeyinsesi.org\\\/#\\\/schema\\\/person\\\/9f859689cdf01485597712386e37f5aa\"},\"breadcrumb\":{\"@id\":\"https:\\\/\\\/kuzeyinsesi.org\\\/index.php\\\/2024\\\/04\\\/27\\\/timsah-atesi-seyirciyle-bulustu\\\/#breadcrumb\"},\"inLanguage\":\"tr\",\"potentialAction\":[{\"@type\":\"ReadAction\",\"target\":[\"https:\\\/\\\/kuzeyinsesi.org\\\/index.php\\\/2024\\\/04\\\/27\\\/timsah-atesi-seyirciyle-bulustu\\\/\"]}]},{\"@type\":\"ImageObject\",\"inLanguage\":\"tr\",\"@id\":\"https:\\\/\\\/kuzeyinsesi.org\\\/index.php\\\/2024\\\/04\\\/27\\\/timsah-atesi-seyirciyle-bulustu\\\/#primaryimage\",\"url\":\"https:\\\/\\\/kuzeyinsesi.org\\\/wp-content\\\/uploads\\\/2024\\\/04\\\/timsahhhh.png\",\"contentUrl\":\"https:\\\/\\\/kuzeyinsesi.org\\\/wp-content\\\/uploads\\\/2024\\\/04\\\/timsahhhh.png\",\"width\":1193,\"height\":544},{\"@type\":\"BreadcrumbList\",\"@id\":\"https:\\\/\\\/kuzeyinsesi.org\\\/index.php\\\/2024\\\/04\\\/27\\\/timsah-atesi-seyirciyle-bulustu\\\/#breadcrumb\",\"itemListElement\":[{\"@type\":\"ListItem\",\"position\":1,\"name\":\"Anasayfa\",\"item\":\"https:\\\/\\\/kuzeyinsesi.org\\\/\"},{\"@type\":\"ListItem\",\"position\":2,\"name\":\"\u201cTimsah Ate\u015fi\u201d seyirciyle bulu\u015ftu\"}]},{\"@type\":\"WebSite\",\"@id\":\"https:\\\/\\\/kuzeyinsesi.org\\\/#website\",\"url\":\"https:\\\/\\\/kuzeyinsesi.org\\\/\",\"name\":\"Kuzeyin Sesi\",\"description\":\"Do\u011fru Haberin Adresi\",\"potentialAction\":[{\"@type\":\"SearchAction\",\"target\":{\"@type\":\"EntryPoint\",\"urlTemplate\":\"https:\\\/\\\/kuzeyinsesi.org\\\/?s={search_term_string}\"},\"query-input\":{\"@type\":\"PropertyValueSpecification\",\"valueRequired\":true,\"valueName\":\"search_term_string\"}}],\"inLanguage\":\"tr\"},{\"@type\":\"Person\",\"@id\":\"https:\\\/\\\/kuzeyinsesi.org\\\/#\\\/schema\\\/person\\\/9f859689cdf01485597712386e37f5aa\",\"name\":\"Kuzeyin Sesi\",\"image\":{\"@type\":\"ImageObject\",\"inLanguage\":\"tr\",\"@id\":\"https:\\\/\\\/secure.gravatar.com\\\/avatar\\\/bab33852abfd8b282518d6ed81826833d77c3c882d9ab608add591ccace47a44?s=96&d=mm&r=g\",\"url\":\"https:\\\/\\\/secure.gravatar.com\\\/avatar\\\/bab33852abfd8b282518d6ed81826833d77c3c882d9ab608add591ccace47a44?s=96&d=mm&r=g\",\"contentUrl\":\"https:\\\/\\\/secure.gravatar.com\\\/avatar\\\/bab33852abfd8b282518d6ed81826833d77c3c882d9ab608add591ccace47a44?s=96&d=mm&r=g\",\"caption\":\"Kuzeyin Sesi\"},\"sameAs\":[\"https:\\\/\\\/kuzeyinsesi.org\"],\"url\":\"https:\\\/\\\/kuzeyinsesi.org\\\/index.php\\\/author\\\/guven\\\/\"}]}<\/script>\n<!-- \/ Yoast SEO plugin. -->","yoast_head_json":{"title":"\u201cTimsah Ate\u015fi\u201d seyirciyle bulu\u015ftu - Kuzeyin Sesi","robots":{"index":"index","follow":"follow","max-snippet":"max-snippet:-1","max-image-preview":"max-image-preview:large","max-video-preview":"max-video-preview:-1"},"canonical":"https:\/\/kuzeyinsesi.org\/index.php\/2024\/04\/27\/timsah-atesi-seyirciyle-bulustu\/","og_locale":"tr_TR","og_type":"article","og_title":"\u201cTimsah Ate\u015fi\u201d seyirciyle bulu\u015ftu - Kuzeyin Sesi","og_description":"Ba\u015frollerini Hazar Erg\u00fc\u00e7l\u00fc, Funda Eryi\u011fit ve Hidayet Erdin\u00e7\u2019in payla\u015ft\u0131\u011f\u0131 \u201cTimsah Ate\u015fi\u201d adl\u0131 tiyatro oyunu ilk g\u00f6sterimini ger\u00e7ekle\u015ftirdi. Girne Belediyesinden verilen bilgiye g\u00f6re, bug\u00fcn yeniden sahnelenecek oyun, Girne Belediyesi ve Birinci Global\u2019in i\u015fbirli\u011fiyle, Kamac\u0131o\u011flu Grup, \u00d6zmerhan Grup, Rocks Hotel, Uptown Hotel ve Girne American \u00dcniversitesi\u2019nin destekleriyle sahneleniyor. Oyun, Girne Amerikan \u00dcniversitesi Spectrum Salonu\u2019nda saat 20.00\u2019de perde [&hellip;]","og_url":"https:\/\/kuzeyinsesi.org\/index.php\/2024\/04\/27\/timsah-atesi-seyirciyle-bulustu\/","og_site_name":"Kuzeyin Sesi","article_publisher":"https:\/\/www.facebook.com\/kuzeyinsesii","article_published_time":"2024-04-27T09:09:18+00:00","og_image":[{"width":1193,"height":544,"url":"https:\/\/kuzeyinsesi.org\/wp-content\/uploads\/2024\/04\/timsahhhh.png","type":"image\/png"}],"author":"Kuzeyin Sesi","twitter_card":"summary_large_image","twitter_creator":"@kuzeyinsesii","twitter_site":"@kuzeyinsesii","twitter_misc":{"Yazan:":"Kuzeyin Sesi","Tahmini okuma s\u00fcresi":"1 dakika"},"schema":{"@context":"https:\/\/schema.org","@graph":[{"@type":"Article","@id":"https:\/\/kuzeyinsesi.org\/index.php\/2024\/04\/27\/timsah-atesi-seyirciyle-bulustu\/#article","isPartOf":{"@id":"https:\/\/kuzeyinsesi.org\/index.php\/2024\/04\/27\/timsah-atesi-seyirciyle-bulustu\/"},"author":{"name":"Kuzeyin Sesi","@id":"https:\/\/kuzeyinsesi.org\/#\/schema\/person\/9f859689cdf01485597712386e37f5aa"},"headline":"\u201cTimsah Ate\u015fi\u201d seyirciyle bulu\u015ftu","datePublished":"2024-04-27T09:09:18+00:00","mainEntityOfPage":{"@id":"https:\/\/kuzeyinsesi.org\/index.php\/2024\/04\/27\/timsah-atesi-seyirciyle-bulustu\/"},"wordCount":208,"commentCount":0,"image":{"@id":"https:\/\/kuzeyinsesi.org\/index.php\/2024\/04\/27\/timsah-atesi-seyirciyle-bulustu\/#primaryimage"},"thumbnailUrl":"https:\/\/kuzeyinsesi.org\/wp-content\/uploads\/2024\/04\/timsahhhh.png","articleSection":["Ya\u015fam"],"inLanguage":"tr","potentialAction":[{"@type":"CommentAction","name":"Comment","target":["https:\/\/kuzeyinsesi.org\/index.php\/2024\/04\/27\/timsah-atesi-seyirciyle-bulustu\/#respond"]}]},{"@type":"WebPage","@id":"https:\/\/kuzeyinsesi.org\/index.php\/2024\/04\/27\/timsah-atesi-seyirciyle-bulustu\/","url":"https:\/\/kuzeyinsesi.org\/index.php\/2024\/04\/27\/timsah-atesi-seyirciyle-bulustu\/","name":"\u201cTimsah Ate\u015fi\u201d seyirciyle bulu\u015ftu - Kuzeyin Sesi","isPartOf":{"@id":"https:\/\/kuzeyinsesi.org\/#website"},"primaryImageOfPage":{"@id":"https:\/\/kuzeyinsesi.org\/index.php\/2024\/04\/27\/timsah-atesi-seyirciyle-bulustu\/#primaryimage"},"image":{"@id":"https:\/\/kuzeyinsesi.org\/index.php\/2024\/04\/27\/timsah-atesi-seyirciyle-bulustu\/#primaryimage"},"thumbnailUrl":"https:\/\/kuzeyinsesi.org\/wp-content\/uploads\/2024\/04\/timsahhhh.png","datePublished":"2024-04-27T09:09:18+00:00","author":{"@id":"https:\/\/kuzeyinsesi.org\/#\/schema\/person\/9f859689cdf01485597712386e37f5aa"},"breadcrumb":{"@id":"https:\/\/kuzeyinsesi.org\/index.php\/2024\/04\/27\/timsah-atesi-seyirciyle-bulustu\/#breadcrumb"},"inLanguage":"tr","potentialAction":[{"@type":"ReadAction","target":["https:\/\/kuzeyinsesi.org\/index.php\/2024\/04\/27\/timsah-atesi-seyirciyle-bulustu\/"]}]},{"@type":"ImageObject","inLanguage":"tr","@id":"https:\/\/kuzeyinsesi.org\/index.php\/2024\/04\/27\/timsah-atesi-seyirciyle-bulustu\/#primaryimage","url":"https:\/\/kuzeyinsesi.org\/wp-content\/uploads\/2024\/04\/timsahhhh.png","contentUrl":"https:\/\/kuzeyinsesi.org\/wp-content\/uploads\/2024\/04\/timsahhhh.png","width":1193,"height":544},{"@type":"BreadcrumbList","@id":"https:\/\/kuzeyinsesi.org\/index.php\/2024\/04\/27\/timsah-atesi-seyirciyle-bulustu\/#breadcrumb","itemListElement":[{"@type":"ListItem","position":1,"name":"Anasayfa","item":"https:\/\/kuzeyinsesi.org\/"},{"@type":"ListItem","position":2,"name":"\u201cTimsah Ate\u015fi\u201d seyirciyle bulu\u015ftu"}]},{"@type":"WebSite","@id":"https:\/\/kuzeyinsesi.org\/#website","url":"https:\/\/kuzeyinsesi.org\/","name":"Kuzeyin Sesi","description":"Do\u011fru Haberin Adresi","potentialAction":[{"@type":"SearchAction","target":{"@type":"EntryPoint","urlTemplate":"https:\/\/kuzeyinsesi.org\/?s={search_term_string}"},"query-input":{"@type":"PropertyValueSpecification","valueRequired":true,"valueName":"search_term_string"}}],"inLanguage":"tr"},{"@type":"Person","@id":"https:\/\/kuzeyinsesi.org\/#\/schema\/person\/9f859689cdf01485597712386e37f5aa","name":"Kuzeyin Sesi","image":{"@type":"ImageObject","inLanguage":"tr","@id":"https:\/\/secure.gravatar.com\/avatar\/bab33852abfd8b282518d6ed81826833d77c3c882d9ab608add591ccace47a44?s=96&d=mm&r=g","url":"https:\/\/secure.gravatar.com\/avatar\/bab33852abfd8b282518d6ed81826833d77c3c882d9ab608add591ccace47a44?s=96&d=mm&r=g","contentUrl":"https:\/\/secure.gravatar.com\/avatar\/bab33852abfd8b282518d6ed81826833d77c3c882d9ab608add591ccace47a44?s=96&d=mm&r=g","caption":"Kuzeyin Sesi"},"sameAs":["https:\/\/kuzeyinsesi.org"],"url":"https:\/\/kuzeyinsesi.org\/index.php\/author\/guven\/"}]}},"_links":{"self":[{"href":"https:\/\/kuzeyinsesi.org\/index.php\/wp-json\/wp\/v2\/posts\/689","targetHints":{"allow":["GET"]}}],"collection":[{"href":"https:\/\/kuzeyinsesi.org\/index.php\/wp-json\/wp\/v2\/posts"}],"about":[{"href":"https:\/\/kuzeyinsesi.org\/index.php\/wp-json\/wp\/v2\/types\/post"}],"author":[{"embeddable":true,"href":"https:\/\/kuzeyinsesi.org\/index.php\/wp-json\/wp\/v2\/users\/1"}],"replies":[{"embeddable":true,"href":"https:\/\/kuzeyinsesi.org\/index.php\/wp-json\/wp\/v2\/comments?post=689"}],"version-history":[{"count":0,"href":"https:\/\/kuzeyinsesi.org\/index.php\/wp-json\/wp\/v2\/posts\/689\/revisions"}],"wp:featuredmedia":[{"embeddable":true,"href":"https:\/\/kuzeyinsesi.org\/index.php\/wp-json\/wp\/v2\/media\/690"}],"wp:attachment":[{"href":"https:\/\/kuzeyinsesi.org\/index.php\/wp-json\/wp\/v2\/media?parent=689"}],"wp:term":[{"taxonomy":"category","embeddable":true,"href":"https:\/\/kuzeyinsesi.org\/index.php\/wp-json\/wp\/v2\/categories?post=689"},{"taxonomy":"post_tag","embeddable":true,"href":"https:\/\/kuzeyinsesi.org\/index.php\/wp-json\/wp\/v2\/tags?post=689"}],"curies":[{"name":"wp","href":"https:\/\/api.w.org\/{rel}","templated":true}]}}