{"id":6880,"date":"2024-07-24T13:13:09","date_gmt":"2024-07-24T10:13:09","guid":{"rendered":"https:\/\/kuzeyinsesi.org\/index.php\/2024\/07\/24\/uluslararasi-karikatur-yarismasi-sonuclandi-buyuk-odul-iranin\/"},"modified":"2024-07-24T13:13:09","modified_gmt":"2024-07-24T10:13:09","slug":"uluslararasi-karikatur-yarismasi-sonuclandi-buyuk-odul-iranin","status":"publish","type":"post","link":"https:\/\/kuzeyinsesi.org\/index.php\/2024\/07\/24\/uluslararasi-karikatur-yarismasi-sonuclandi-buyuk-odul-iranin\/","title":{"rendered":"Uluslararas\u0131 Karikat\u00fcr Yar\u0131\u015fmas\u0131 sonu\u00e7land\u0131\u2026 B\u00fcy\u00fck \u00f6d\u00fcl \u0130ran\u2019\u0131n"},"content":{"rendered":"<div>\n<div class=\"mariselle-image-container none\">\n                                            <\/div>\n<p>Girne Belediyesi ile K\u0131br\u0131s T\u00fcrk Karikat\u00fcrc\u00fcler Derne\u011fi i\u015f birli\u011finde bu y\u0131l 23\u2019\u00fcnc\u00fcs\u00fc d\u00fczenlenen Uluslararas\u0131 Zeytin Festivali- Zeytin Mizah \u015eenli\u011fi 2024 kapsam\u0131nda ger\u00e7ekle\u015ftirilen 13\u2019\u00fcnc\u00fc Uluslararas\u0131 Karikat\u00fcr Yar\u0131\u015fmas\u0131 sonu\u00e7land\u0131. B\u00fcy\u00fck \u00f6d\u00fcl \u0130ran\u2019a gitti.<\/p>\n<p>Girne Belediyesi\u2019nden verilen bilgiye g\u00f6re, 40 \u00fclkeden 149 karikat\u00fcrc\u00fcn\u00fcn 543 eserle kat\u0131ld\u0131\u011f\u0131 13. Uluslararas\u0131 Karikat\u00fcr Yar\u0131\u015fmas\u0131\u2019nda b\u00fcy\u00fck \u00f6d\u00fcl\u00fc (Zeytin Konulu B\u00f6l\u00fcm) \u0130ran\u2019dan Saeed Sadeghi kazand\u0131. Saeed Sadeghi, 30 bin TL ve Alt\u0131n Zeytin heykelinin de sahibi oldu.<\/p>\n<p>Zeytin konulu b\u00f6l\u00fcmde dereceye girenler \u015f\u00f6yle:<\/p>\n<p>\u201cBirincilik \u00d6d\u00fcl\u00fc;\u00a0Doru Axinte\u00a0(Romanya) 15.000 TL ve Alt\u0131n Zeytin Heykeli, \u0130kincilik \u00d6d\u00fcl\u00fc; Firuz Kutal (Norve\u00e7) G\u00fcm\u00fc\u015f Zeytin Heykeli, \u00dc\u00e7\u00fcnc\u00fcl\u00fck \u00d6d\u00fcl\u00fc;\u00a0 Oleksiy Kustovsky (Ukrayna) Bronz Zeytin Heykeli.<\/p>\n<p>Serbest konulu b\u00f6l\u00fcmde dereceye girenler ise \u015fu \u015fekilde:<\/p>\n<p>\u201cBirincilik \u00d6d\u00fcl\u00fc: Ivailo Tsvetkov (Bulgaristan) 15.000 TL ve Alt\u0131n Zeytin Heykeli, \u0130kincilik \u00d6d\u00fcl\u00fc; Mete A\u011fao\u011flu (T\u00fcrkiye) G\u00fcm\u00fc\u015f Zeytin Heykeli, \u00dc\u00e7\u00fcnc\u00fcl\u00fck \u00d6d\u00fcl\u00fc; Slobodan Butir (H\u0131rvatistan) Bronz Zeytin Heykeli.<\/p>\n<p>Zeytin konulu b\u00f6l\u00fcm\u00fcn \u00f6zel \u00f6d\u00fcllerini kazananlarsa \u015f\u00f6yle:<\/p>\n<p>\u201cNikola Ojdanic (S\u0131rbistan),\u00a0Slawomir Makal (Polonya),\u00a0Pavel Talas\u00a0(\u00c7ek),\u00a0Mikhail Zlatkovsky (Rusya), Nikola Listes (H\u0131rvatistan), Christakis Skoufaris (K\u0131br\u0131s), Mark Winter (Birle\u015fik Krall\u0131k), Muammer Kotba\u015f (T\u00fcrkiye), Hassan Omidi (\u0130ran), Mustafa Kurmal\u0131 (T\u00fcrkiye), \u0130smail Kar (T\u00fcrkiye), Eray \u00d6zbek (T\u00fcrkiye), Ayhan Alkan (Birle\u015fik Krall\u0131k), Boboc Mihai Gabriel (Romanya), Vladimir Kazanevsky (Ukrayna), Mustafa Y\u0131ld\u0131z (T\u00fcrkiye), Bossens Philippe (Bel\u00e7ika), M\u00fcmin Bayram (T\u00fcrkiye), K\u0131br\u0131s T\u00fcrk Karikat\u00fcrc\u00fcler Derne\u011fi Ba\u015far\u0131 \u00d6d\u00fcl\u00fc: Buse \u00c7elikdal (Kuzey K\u0131br\u0131s)\u201d<\/p>\n<p>Serbest konulu b\u00f6l\u00fcm\u00fcn \u00f6zel \u00f6d\u00fcllerini alanlar \u015fu \u015fekilde:<\/p>\n<p>\u201cM\u00fcmin Bayram (T\u00fcrkiye), Valerii Momot (Ukrayna), Oleg Gutsol (Ukrayna), Saeed Sadeghi (\u0130ran), Oleksiy Kustovsky (Ukrayna), Boris Erenburg (\u0130srail).<\/p>\n<p>-Sergi Ekim\u2019de<\/p>\n<p>Uluslararas\u0131 Karikat\u00fcr Yar\u0131\u015fmas\u0131\u2019nda \u00f6d\u00fcl kazanan eserler, ekim ay\u0131nda Zeytinlik k\u00f6y\u00fcnde d\u00fczenlenecek Uluslararas\u0131 Zeytin Festivali\u2019nde sergilenecek.<\/p>\n<\/p><\/div>\n<p><script async\n                    defer\n                    crossorigin=\"anonymous\"\n                    src=\"https:\/\/connect.facebook.net\/tr_TR\/sdk.js#xfbml=1&#038;version=v3.3\"\n            ><\/script><\/p>\n","protected":false},"excerpt":{"rendered":"<p>Girne Belediyesi ile K\u0131br\u0131s T\u00fcrk Karikat\u00fcrc\u00fcler Derne\u011fi i\u015f birli\u011finde bu y\u0131l 23\u2019\u00fcnc\u00fcs\u00fc d\u00fczenlenen Uluslararas\u0131 Zeytin Festivali- Zeytin Mizah \u015eenli\u011fi 2024 kapsam\u0131nda ger\u00e7ekle\u015ftirilen 13\u2019\u00fcnc\u00fc Uluslararas\u0131 Karikat\u00fcr Yar\u0131\u015fmas\u0131 sonu\u00e7land\u0131. B\u00fcy\u00fck \u00f6d\u00fcl \u0130ran\u2019a gitti. Girne Belediyesi\u2019nden verilen bilgiye g\u00f6re, 40 \u00fclkeden 149 karikat\u00fcrc\u00fcn\u00fcn 543 eserle kat\u0131ld\u0131\u011f\u0131 13. Uluslararas\u0131 Karikat\u00fcr Yar\u0131\u015fmas\u0131\u2019nda b\u00fcy\u00fck \u00f6d\u00fcl\u00fc (Zeytin Konulu B\u00f6l\u00fcm) \u0130ran\u2019dan Saeed Sadeghi [&hellip;]<\/p>\n","protected":false},"author":1,"featured_media":6881,"comment_status":"open","ping_status":"open","sticky":false,"template":"","format":"standard","meta":{"jnews-multi-image_gallery":[],"jnews_single_post":[],"jnews_primary_category":[],"jnews_social_meta":[],"jnews_override_counter":[],"footnotes":""},"categories":[6],"tags":[],"class_list":["post-6880","post","type-post","status-publish","format-standard","has-post-thumbnail","hentry","category-yasam"],"yoast_head":"<!-- This site is optimized with the Yoast SEO plugin v27.5 - https:\/\/yoast.com\/product\/yoast-seo-wordpress\/ -->\n<title>Uluslararas\u0131 Karikat\u00fcr Yar\u0131\u015fmas\u0131 sonu\u00e7land\u0131\u2026 B\u00fcy\u00fck \u00f6d\u00fcl \u0130ran\u2019\u0131n - Kuzeyin Sesi<\/title>\n<meta name=\"robots\" content=\"index, follow, max-snippet:-1, max-image-preview:large, max-video-preview:-1\" \/>\n<link rel=\"canonical\" href=\"https:\/\/kuzeyinsesi.org\/index.php\/2024\/07\/24\/uluslararasi-karikatur-yarismasi-sonuclandi-buyuk-odul-iranin\/\" \/>\n<meta property=\"og:locale\" content=\"tr_TR\" \/>\n<meta property=\"og:type\" content=\"article\" \/>\n<meta property=\"og:title\" content=\"Uluslararas\u0131 Karikat\u00fcr Yar\u0131\u015fmas\u0131 sonu\u00e7land\u0131\u2026 B\u00fcy\u00fck \u00f6d\u00fcl \u0130ran\u2019\u0131n - Kuzeyin Sesi\" \/>\n<meta property=\"og:description\" content=\"Girne Belediyesi ile K\u0131br\u0131s T\u00fcrk Karikat\u00fcrc\u00fcler Derne\u011fi i\u015f birli\u011finde bu y\u0131l 23\u2019\u00fcnc\u00fcs\u00fc d\u00fczenlenen Uluslararas\u0131 Zeytin Festivali- Zeytin Mizah \u015eenli\u011fi 2024 kapsam\u0131nda ger\u00e7ekle\u015ftirilen 13\u2019\u00fcnc\u00fc Uluslararas\u0131 Karikat\u00fcr Yar\u0131\u015fmas\u0131 sonu\u00e7land\u0131. B\u00fcy\u00fck \u00f6d\u00fcl \u0130ran\u2019a gitti. Girne Belediyesi\u2019nden verilen bilgiye g\u00f6re, 40 \u00fclkeden 149 karikat\u00fcrc\u00fcn\u00fcn 543 eserle kat\u0131ld\u0131\u011f\u0131 13. Uluslararas\u0131 Karikat\u00fcr Yar\u0131\u015fmas\u0131\u2019nda b\u00fcy\u00fck \u00f6d\u00fcl\u00fc (Zeytin Konulu B\u00f6l\u00fcm) \u0130ran\u2019dan Saeed Sadeghi [&hellip;]\" \/>\n<meta property=\"og:url\" content=\"https:\/\/kuzeyinsesi.org\/index.php\/2024\/07\/24\/uluslararasi-karikatur-yarismasi-sonuclandi-buyuk-odul-iranin\/\" \/>\n<meta property=\"og:site_name\" content=\"Kuzeyin Sesi\" \/>\n<meta property=\"article:publisher\" content=\"https:\/\/www.facebook.com\/kuzeyinsesii\" \/>\n<meta property=\"article:published_time\" content=\"2024-07-24T10:13:09+00:00\" \/>\n<meta property=\"og:image\" content=\"https:\/\/brtk.net\/wp-content\/uploads\/2024\/07\/23\/13-zeytin-uluslararasi-karikatur-yarismasi-3-.jpg?ver=edaf21bfc98e4b4857202b1d709781e9\" \/>\n<meta name=\"author\" content=\"Kuzeyin Sesi\" \/>\n<meta name=\"twitter:card\" content=\"summary_large_image\" \/>\n<meta name=\"twitter:creator\" content=\"@kuzeyinsesii\" \/>\n<meta name=\"twitter:site\" content=\"@kuzeyinsesii\" \/>\n<meta name=\"twitter:label1\" content=\"Yazan:\" \/>\n\t<meta name=\"twitter:data1\" content=\"Kuzeyin Sesi\" \/>\n\t<meta name=\"twitter:label2\" content=\"Tahmini okuma s\u00fcresi\" \/>\n\t<meta name=\"twitter:data2\" content=\"2 dakika\" \/>\n<script type=\"application\/ld+json\" class=\"yoast-schema-graph\">{\"@context\":\"https:\\\/\\\/schema.org\",\"@graph\":[{\"@type\":\"Article\",\"@id\":\"https:\\\/\\\/kuzeyinsesi.org\\\/index.php\\\/2024\\\/07\\\/24\\\/uluslararasi-karikatur-yarismasi-sonuclandi-buyuk-odul-iranin\\\/#article\",\"isPartOf\":{\"@id\":\"https:\\\/\\\/kuzeyinsesi.org\\\/index.php\\\/2024\\\/07\\\/24\\\/uluslararasi-karikatur-yarismasi-sonuclandi-buyuk-odul-iranin\\\/\"},\"author\":{\"name\":\"Kuzeyin Sesi\",\"@id\":\"https:\\\/\\\/kuzeyinsesi.org\\\/#\\\/schema\\\/person\\\/9f859689cdf01485597712386e37f5aa\"},\"headline\":\"Uluslararas\u0131 Karikat\u00fcr Yar\u0131\u015fmas\u0131 sonu\u00e7land\u0131\u2026 B\u00fcy\u00fck \u00f6d\u00fcl \u0130ran\u2019\u0131n\",\"datePublished\":\"2024-07-24T10:13:09+00:00\",\"mainEntityOfPage\":{\"@id\":\"https:\\\/\\\/kuzeyinsesi.org\\\/index.php\\\/2024\\\/07\\\/24\\\/uluslararasi-karikatur-yarismasi-sonuclandi-buyuk-odul-iranin\\\/\"},\"wordCount\":366,\"commentCount\":0,\"image\":{\"@id\":\"https:\\\/\\\/kuzeyinsesi.org\\\/index.php\\\/2024\\\/07\\\/24\\\/uluslararasi-karikatur-yarismasi-sonuclandi-buyuk-odul-iranin\\\/#primaryimage\"},\"thumbnailUrl\":\"https:\\\/\\\/kuzeyinsesi.org\\\/wp-content\\\/uploads\\\/2024\\\/07\\\/13-zeytin-uluslararasi-karikatur-yarismasi-3-.jpg\",\"articleSection\":[\"Ya\u015fam\"],\"inLanguage\":\"tr\",\"potentialAction\":[{\"@type\":\"CommentAction\",\"name\":\"Comment\",\"target\":[\"https:\\\/\\\/kuzeyinsesi.org\\\/index.php\\\/2024\\\/07\\\/24\\\/uluslararasi-karikatur-yarismasi-sonuclandi-buyuk-odul-iranin\\\/#respond\"]}]},{\"@type\":\"WebPage\",\"@id\":\"https:\\\/\\\/kuzeyinsesi.org\\\/index.php\\\/2024\\\/07\\\/24\\\/uluslararasi-karikatur-yarismasi-sonuclandi-buyuk-odul-iranin\\\/\",\"url\":\"https:\\\/\\\/kuzeyinsesi.org\\\/index.php\\\/2024\\\/07\\\/24\\\/uluslararasi-karikatur-yarismasi-sonuclandi-buyuk-odul-iranin\\\/\",\"name\":\"Uluslararas\u0131 Karikat\u00fcr Yar\u0131\u015fmas\u0131 sonu\u00e7land\u0131\u2026 B\u00fcy\u00fck \u00f6d\u00fcl \u0130ran\u2019\u0131n - Kuzeyin Sesi\",\"isPartOf\":{\"@id\":\"https:\\\/\\\/kuzeyinsesi.org\\\/#website\"},\"primaryImageOfPage\":{\"@id\":\"https:\\\/\\\/kuzeyinsesi.org\\\/index.php\\\/2024\\\/07\\\/24\\\/uluslararasi-karikatur-yarismasi-sonuclandi-buyuk-odul-iranin\\\/#primaryimage\"},\"image\":{\"@id\":\"https:\\\/\\\/kuzeyinsesi.org\\\/index.php\\\/2024\\\/07\\\/24\\\/uluslararasi-karikatur-yarismasi-sonuclandi-buyuk-odul-iranin\\\/#primaryimage\"},\"thumbnailUrl\":\"https:\\\/\\\/kuzeyinsesi.org\\\/wp-content\\\/uploads\\\/2024\\\/07\\\/13-zeytin-uluslararasi-karikatur-yarismasi-3-.jpg\",\"datePublished\":\"2024-07-24T10:13:09+00:00\",\"author\":{\"@id\":\"https:\\\/\\\/kuzeyinsesi.org\\\/#\\\/schema\\\/person\\\/9f859689cdf01485597712386e37f5aa\"},\"breadcrumb\":{\"@id\":\"https:\\\/\\\/kuzeyinsesi.org\\\/index.php\\\/2024\\\/07\\\/24\\\/uluslararasi-karikatur-yarismasi-sonuclandi-buyuk-odul-iranin\\\/#breadcrumb\"},\"inLanguage\":\"tr\",\"potentialAction\":[{\"@type\":\"ReadAction\",\"target\":[\"https:\\\/\\\/kuzeyinsesi.org\\\/index.php\\\/2024\\\/07\\\/24\\\/uluslararasi-karikatur-yarismasi-sonuclandi-buyuk-odul-iranin\\\/\"]}]},{\"@type\":\"ImageObject\",\"inLanguage\":\"tr\",\"@id\":\"https:\\\/\\\/kuzeyinsesi.org\\\/index.php\\\/2024\\\/07\\\/24\\\/uluslararasi-karikatur-yarismasi-sonuclandi-buyuk-odul-iranin\\\/#primaryimage\",\"url\":\"https:\\\/\\\/kuzeyinsesi.org\\\/wp-content\\\/uploads\\\/2024\\\/07\\\/13-zeytin-uluslararasi-karikatur-yarismasi-3-.jpg\",\"contentUrl\":\"https:\\\/\\\/kuzeyinsesi.org\\\/wp-content\\\/uploads\\\/2024\\\/07\\\/13-zeytin-uluslararasi-karikatur-yarismasi-3-.jpg\",\"width\":930,\"height\":484},{\"@type\":\"BreadcrumbList\",\"@id\":\"https:\\\/\\\/kuzeyinsesi.org\\\/index.php\\\/2024\\\/07\\\/24\\\/uluslararasi-karikatur-yarismasi-sonuclandi-buyuk-odul-iranin\\\/#breadcrumb\",\"itemListElement\":[{\"@type\":\"ListItem\",\"position\":1,\"name\":\"Anasayfa\",\"item\":\"https:\\\/\\\/kuzeyinsesi.org\\\/\"},{\"@type\":\"ListItem\",\"position\":2,\"name\":\"Uluslararas\u0131 Karikat\u00fcr Yar\u0131\u015fmas\u0131 sonu\u00e7land\u0131\u2026 B\u00fcy\u00fck \u00f6d\u00fcl \u0130ran\u2019\u0131n\"}]},{\"@type\":\"WebSite\",\"@id\":\"https:\\\/\\\/kuzeyinsesi.org\\\/#website\",\"url\":\"https:\\\/\\\/kuzeyinsesi.org\\\/\",\"name\":\"Kuzeyin Sesi\",\"description\":\"Do\u011fru Haberin Adresi\",\"potentialAction\":[{\"@type\":\"SearchAction\",\"target\":{\"@type\":\"EntryPoint\",\"urlTemplate\":\"https:\\\/\\\/kuzeyinsesi.org\\\/?s={search_term_string}\"},\"query-input\":{\"@type\":\"PropertyValueSpecification\",\"valueRequired\":true,\"valueName\":\"search_term_string\"}}],\"inLanguage\":\"tr\"},{\"@type\":\"Person\",\"@id\":\"https:\\\/\\\/kuzeyinsesi.org\\\/#\\\/schema\\\/person\\\/9f859689cdf01485597712386e37f5aa\",\"name\":\"Kuzeyin Sesi\",\"image\":{\"@type\":\"ImageObject\",\"inLanguage\":\"tr\",\"@id\":\"https:\\\/\\\/secure.gravatar.com\\\/avatar\\\/bab33852abfd8b282518d6ed81826833d77c3c882d9ab608add591ccace47a44?s=96&d=mm&r=g\",\"url\":\"https:\\\/\\\/secure.gravatar.com\\\/avatar\\\/bab33852abfd8b282518d6ed81826833d77c3c882d9ab608add591ccace47a44?s=96&d=mm&r=g\",\"contentUrl\":\"https:\\\/\\\/secure.gravatar.com\\\/avatar\\\/bab33852abfd8b282518d6ed81826833d77c3c882d9ab608add591ccace47a44?s=96&d=mm&r=g\",\"caption\":\"Kuzeyin Sesi\"},\"sameAs\":[\"https:\\\/\\\/kuzeyinsesi.org\"],\"url\":\"https:\\\/\\\/kuzeyinsesi.org\\\/index.php\\\/author\\\/guven\\\/\"}]}<\/script>\n<!-- \/ Yoast SEO plugin. -->","yoast_head_json":{"title":"Uluslararas\u0131 Karikat\u00fcr Yar\u0131\u015fmas\u0131 sonu\u00e7land\u0131\u2026 B\u00fcy\u00fck \u00f6d\u00fcl \u0130ran\u2019\u0131n - Kuzeyin Sesi","robots":{"index":"index","follow":"follow","max-snippet":"max-snippet:-1","max-image-preview":"max-image-preview:large","max-video-preview":"max-video-preview:-1"},"canonical":"https:\/\/kuzeyinsesi.org\/index.php\/2024\/07\/24\/uluslararasi-karikatur-yarismasi-sonuclandi-buyuk-odul-iranin\/","og_locale":"tr_TR","og_type":"article","og_title":"Uluslararas\u0131 Karikat\u00fcr Yar\u0131\u015fmas\u0131 sonu\u00e7land\u0131\u2026 B\u00fcy\u00fck \u00f6d\u00fcl \u0130ran\u2019\u0131n - Kuzeyin Sesi","og_description":"Girne Belediyesi ile K\u0131br\u0131s T\u00fcrk Karikat\u00fcrc\u00fcler Derne\u011fi i\u015f birli\u011finde bu y\u0131l 23\u2019\u00fcnc\u00fcs\u00fc d\u00fczenlenen Uluslararas\u0131 Zeytin Festivali- Zeytin Mizah \u015eenli\u011fi 2024 kapsam\u0131nda ger\u00e7ekle\u015ftirilen 13\u2019\u00fcnc\u00fc Uluslararas\u0131 Karikat\u00fcr Yar\u0131\u015fmas\u0131 sonu\u00e7land\u0131. B\u00fcy\u00fck \u00f6d\u00fcl \u0130ran\u2019a gitti. Girne Belediyesi\u2019nden verilen bilgiye g\u00f6re, 40 \u00fclkeden 149 karikat\u00fcrc\u00fcn\u00fcn 543 eserle kat\u0131ld\u0131\u011f\u0131 13. Uluslararas\u0131 Karikat\u00fcr Yar\u0131\u015fmas\u0131\u2019nda b\u00fcy\u00fck \u00f6d\u00fcl\u00fc (Zeytin Konulu B\u00f6l\u00fcm) \u0130ran\u2019dan Saeed Sadeghi [&hellip;]","og_url":"https:\/\/kuzeyinsesi.org\/index.php\/2024\/07\/24\/uluslararasi-karikatur-yarismasi-sonuclandi-buyuk-odul-iranin\/","og_site_name":"Kuzeyin Sesi","article_publisher":"https:\/\/www.facebook.com\/kuzeyinsesii","article_published_time":"2024-07-24T10:13:09+00:00","og_image":[{"url":"https:\/\/brtk.net\/wp-content\/uploads\/2024\/07\/23\/13-zeytin-uluslararasi-karikatur-yarismasi-3-.jpg?ver=edaf21bfc98e4b4857202b1d709781e9","type":"","width":"","height":""}],"author":"Kuzeyin Sesi","twitter_card":"summary_large_image","twitter_creator":"@kuzeyinsesii","twitter_site":"@kuzeyinsesii","twitter_misc":{"Yazan:":"Kuzeyin Sesi","Tahmini okuma s\u00fcresi":"2 dakika"},"schema":{"@context":"https:\/\/schema.org","@graph":[{"@type":"Article","@id":"https:\/\/kuzeyinsesi.org\/index.php\/2024\/07\/24\/uluslararasi-karikatur-yarismasi-sonuclandi-buyuk-odul-iranin\/#article","isPartOf":{"@id":"https:\/\/kuzeyinsesi.org\/index.php\/2024\/07\/24\/uluslararasi-karikatur-yarismasi-sonuclandi-buyuk-odul-iranin\/"},"author":{"name":"Kuzeyin Sesi","@id":"https:\/\/kuzeyinsesi.org\/#\/schema\/person\/9f859689cdf01485597712386e37f5aa"},"headline":"Uluslararas\u0131 Karikat\u00fcr Yar\u0131\u015fmas\u0131 sonu\u00e7land\u0131\u2026 B\u00fcy\u00fck \u00f6d\u00fcl \u0130ran\u2019\u0131n","datePublished":"2024-07-24T10:13:09+00:00","mainEntityOfPage":{"@id":"https:\/\/kuzeyinsesi.org\/index.php\/2024\/07\/24\/uluslararasi-karikatur-yarismasi-sonuclandi-buyuk-odul-iranin\/"},"wordCount":366,"commentCount":0,"image":{"@id":"https:\/\/kuzeyinsesi.org\/index.php\/2024\/07\/24\/uluslararasi-karikatur-yarismasi-sonuclandi-buyuk-odul-iranin\/#primaryimage"},"thumbnailUrl":"https:\/\/kuzeyinsesi.org\/wp-content\/uploads\/2024\/07\/13-zeytin-uluslararasi-karikatur-yarismasi-3-.jpg","articleSection":["Ya\u015fam"],"inLanguage":"tr","potentialAction":[{"@type":"CommentAction","name":"Comment","target":["https:\/\/kuzeyinsesi.org\/index.php\/2024\/07\/24\/uluslararasi-karikatur-yarismasi-sonuclandi-buyuk-odul-iranin\/#respond"]}]},{"@type":"WebPage","@id":"https:\/\/kuzeyinsesi.org\/index.php\/2024\/07\/24\/uluslararasi-karikatur-yarismasi-sonuclandi-buyuk-odul-iranin\/","url":"https:\/\/kuzeyinsesi.org\/index.php\/2024\/07\/24\/uluslararasi-karikatur-yarismasi-sonuclandi-buyuk-odul-iranin\/","name":"Uluslararas\u0131 Karikat\u00fcr Yar\u0131\u015fmas\u0131 sonu\u00e7land\u0131\u2026 B\u00fcy\u00fck \u00f6d\u00fcl \u0130ran\u2019\u0131n - Kuzeyin Sesi","isPartOf":{"@id":"https:\/\/kuzeyinsesi.org\/#website"},"primaryImageOfPage":{"@id":"https:\/\/kuzeyinsesi.org\/index.php\/2024\/07\/24\/uluslararasi-karikatur-yarismasi-sonuclandi-buyuk-odul-iranin\/#primaryimage"},"image":{"@id":"https:\/\/kuzeyinsesi.org\/index.php\/2024\/07\/24\/uluslararasi-karikatur-yarismasi-sonuclandi-buyuk-odul-iranin\/#primaryimage"},"thumbnailUrl":"https:\/\/kuzeyinsesi.org\/wp-content\/uploads\/2024\/07\/13-zeytin-uluslararasi-karikatur-yarismasi-3-.jpg","datePublished":"2024-07-24T10:13:09+00:00","author":{"@id":"https:\/\/kuzeyinsesi.org\/#\/schema\/person\/9f859689cdf01485597712386e37f5aa"},"breadcrumb":{"@id":"https:\/\/kuzeyinsesi.org\/index.php\/2024\/07\/24\/uluslararasi-karikatur-yarismasi-sonuclandi-buyuk-odul-iranin\/#breadcrumb"},"inLanguage":"tr","potentialAction":[{"@type":"ReadAction","target":["https:\/\/kuzeyinsesi.org\/index.php\/2024\/07\/24\/uluslararasi-karikatur-yarismasi-sonuclandi-buyuk-odul-iranin\/"]}]},{"@type":"ImageObject","inLanguage":"tr","@id":"https:\/\/kuzeyinsesi.org\/index.php\/2024\/07\/24\/uluslararasi-karikatur-yarismasi-sonuclandi-buyuk-odul-iranin\/#primaryimage","url":"https:\/\/kuzeyinsesi.org\/wp-content\/uploads\/2024\/07\/13-zeytin-uluslararasi-karikatur-yarismasi-3-.jpg","contentUrl":"https:\/\/kuzeyinsesi.org\/wp-content\/uploads\/2024\/07\/13-zeytin-uluslararasi-karikatur-yarismasi-3-.jpg","width":930,"height":484},{"@type":"BreadcrumbList","@id":"https:\/\/kuzeyinsesi.org\/index.php\/2024\/07\/24\/uluslararasi-karikatur-yarismasi-sonuclandi-buyuk-odul-iranin\/#breadcrumb","itemListElement":[{"@type":"ListItem","position":1,"name":"Anasayfa","item":"https:\/\/kuzeyinsesi.org\/"},{"@type":"ListItem","position":2,"name":"Uluslararas\u0131 Karikat\u00fcr Yar\u0131\u015fmas\u0131 sonu\u00e7land\u0131\u2026 B\u00fcy\u00fck \u00f6d\u00fcl \u0130ran\u2019\u0131n"}]},{"@type":"WebSite","@id":"https:\/\/kuzeyinsesi.org\/#website","url":"https:\/\/kuzeyinsesi.org\/","name":"Kuzeyin Sesi","description":"Do\u011fru Haberin Adresi","potentialAction":[{"@type":"SearchAction","target":{"@type":"EntryPoint","urlTemplate":"https:\/\/kuzeyinsesi.org\/?s={search_term_string}"},"query-input":{"@type":"PropertyValueSpecification","valueRequired":true,"valueName":"search_term_string"}}],"inLanguage":"tr"},{"@type":"Person","@id":"https:\/\/kuzeyinsesi.org\/#\/schema\/person\/9f859689cdf01485597712386e37f5aa","name":"Kuzeyin Sesi","image":{"@type":"ImageObject","inLanguage":"tr","@id":"https:\/\/secure.gravatar.com\/avatar\/bab33852abfd8b282518d6ed81826833d77c3c882d9ab608add591ccace47a44?s=96&d=mm&r=g","url":"https:\/\/secure.gravatar.com\/avatar\/bab33852abfd8b282518d6ed81826833d77c3c882d9ab608add591ccace47a44?s=96&d=mm&r=g","contentUrl":"https:\/\/secure.gravatar.com\/avatar\/bab33852abfd8b282518d6ed81826833d77c3c882d9ab608add591ccace47a44?s=96&d=mm&r=g","caption":"Kuzeyin Sesi"},"sameAs":["https:\/\/kuzeyinsesi.org"],"url":"https:\/\/kuzeyinsesi.org\/index.php\/author\/guven\/"}]}},"_links":{"self":[{"href":"https:\/\/kuzeyinsesi.org\/index.php\/wp-json\/wp\/v2\/posts\/6880","targetHints":{"allow":["GET"]}}],"collection":[{"href":"https:\/\/kuzeyinsesi.org\/index.php\/wp-json\/wp\/v2\/posts"}],"about":[{"href":"https:\/\/kuzeyinsesi.org\/index.php\/wp-json\/wp\/v2\/types\/post"}],"author":[{"embeddable":true,"href":"https:\/\/kuzeyinsesi.org\/index.php\/wp-json\/wp\/v2\/users\/1"}],"replies":[{"embeddable":true,"href":"https:\/\/kuzeyinsesi.org\/index.php\/wp-json\/wp\/v2\/comments?post=6880"}],"version-history":[{"count":0,"href":"https:\/\/kuzeyinsesi.org\/index.php\/wp-json\/wp\/v2\/posts\/6880\/revisions"}],"wp:featuredmedia":[{"embeddable":true,"href":"https:\/\/kuzeyinsesi.org\/index.php\/wp-json\/wp\/v2\/media\/6881"}],"wp:attachment":[{"href":"https:\/\/kuzeyinsesi.org\/index.php\/wp-json\/wp\/v2\/media?parent=6880"}],"wp:term":[{"taxonomy":"category","embeddable":true,"href":"https:\/\/kuzeyinsesi.org\/index.php\/wp-json\/wp\/v2\/categories?post=6880"},{"taxonomy":"post_tag","embeddable":true,"href":"https:\/\/kuzeyinsesi.org\/index.php\/wp-json\/wp\/v2\/tags?post=6880"}],"curies":[{"name":"wp","href":"https:\/\/api.w.org\/{rel}","templated":true}]}}