{"id":6870,"date":"2024-07-24T12:05:30","date_gmt":"2024-07-24T09:05:30","guid":{"rendered":"https:\/\/kuzeyinsesi.org\/index.php\/2024\/07\/24\/catalkoy-esentepe-belediyesinden-sinema-gunleri-etkinligi\/"},"modified":"2024-07-24T12:05:30","modified_gmt":"2024-07-24T09:05:30","slug":"catalkoy-esentepe-belediyesinden-sinema-gunleri-etkinligi","status":"publish","type":"post","link":"https:\/\/kuzeyinsesi.org\/index.php\/2024\/07\/24\/catalkoy-esentepe-belediyesinden-sinema-gunleri-etkinligi\/","title":{"rendered":"\u00c7atalk\u00f6y Esentepe Belediyesi\u2019nden sinema g\u00fcnleri etkinli\u011fi"},"content":{"rendered":"<div>\n<div class=\"mariselle-image-container none\">\n                                            <\/div>\n<p>\u00c7atalk\u00f6y Esentepe Belediyesi \u00e7ocuklar i\u00e7in sinema g\u00fcnleri etkinli\u011fi d\u00fczenledi.<\/p>\n<p>Belediyeden verilen bilgiye g\u00f6re, Esentepe\u2019deki Atat\u00fcrk Park\u0131\u2019nda ba\u015flayan sinema geceleri, Bah\u00e7eli \u00c7ocuk Park\u0131, Hz. \u00d6mer T\u00fcrbesi Rekreasyon Alan\u0131, Karaa\u011fa\u00e7 \u00c7ocuk Park\u0131 ve Arapk\u00f6y\u2019de devam edecek.<\/p>\n<p>Konuyla ilgili a\u00e7\u0131klama yapan \u00c7atalk\u00f6y Esentepe Belediyesi Ba\u015fkan\u0131 Ceyhun K\u0131rok,\u00a0\u00e7ocuklara y\u00f6nelik bu t\u00fcr etkinlikleri art\u0131rarak devam ettireceklerini belirtti.<\/p>\n<p>Belediye, ge\u00e7ti\u011fimiz haftalarda Esentepe Plaj\u0131\u2019nda hentbol turnuvas\u0131 da d\u00fczenlenmi\u015fti.<\/p>\n<\/p><\/div>\n<p><script async\n                    defer\n                    crossorigin=\"anonymous\"\n                    src=\"https:\/\/connect.facebook.net\/tr_TR\/sdk.js#xfbml=1&#038;version=v3.3\"\n            ><\/script><\/p>\n","protected":false},"excerpt":{"rendered":"<p>\u00c7atalk\u00f6y Esentepe Belediyesi \u00e7ocuklar i\u00e7in sinema g\u00fcnleri etkinli\u011fi d\u00fczenledi. Belediyeden verilen bilgiye g\u00f6re, Esentepe\u2019deki Atat\u00fcrk Park\u0131\u2019nda ba\u015flayan sinema geceleri, Bah\u00e7eli \u00c7ocuk Park\u0131, Hz. \u00d6mer T\u00fcrbesi Rekreasyon Alan\u0131, Karaa\u011fa\u00e7 \u00c7ocuk Park\u0131 ve Arapk\u00f6y\u2019de devam edecek. Konuyla ilgili a\u00e7\u0131klama yapan \u00c7atalk\u00f6y Esentepe Belediyesi Ba\u015fkan\u0131 Ceyhun K\u0131rok,\u00a0\u00e7ocuklara y\u00f6nelik bu t\u00fcr etkinlikleri art\u0131rarak devam ettireceklerini belirtti. Belediye, ge\u00e7ti\u011fimiz haftalarda [&hellip;]<\/p>\n","protected":false},"author":1,"featured_media":6872,"comment_status":"open","ping_status":"open","sticky":false,"template":"","format":"standard","meta":{"jnews-multi-image_gallery":[],"jnews_single_post":[],"jnews_primary_category":[],"jnews_social_meta":[],"jnews_override_counter":[],"footnotes":""},"categories":[6],"tags":[],"class_list":["post-6870","post","type-post","status-publish","format-standard","has-post-thumbnail","hentry","category-yasam"],"yoast_head":"<!-- This site is optimized with the Yoast SEO plugin v27.5 - https:\/\/yoast.com\/product\/yoast-seo-wordpress\/ -->\n<title>\u00c7atalk\u00f6y Esentepe Belediyesi\u2019nden sinema g\u00fcnleri etkinli\u011fi - Kuzeyin Sesi<\/title>\n<meta name=\"robots\" content=\"index, follow, max-snippet:-1, max-image-preview:large, max-video-preview:-1\" \/>\n<link rel=\"canonical\" href=\"https:\/\/kuzeyinsesi.org\/index.php\/2024\/07\/24\/catalkoy-esentepe-belediyesinden-sinema-gunleri-etkinligi\/\" \/>\n<meta property=\"og:locale\" content=\"tr_TR\" \/>\n<meta property=\"og:type\" content=\"article\" \/>\n<meta property=\"og:title\" content=\"\u00c7atalk\u00f6y Esentepe Belediyesi\u2019nden sinema g\u00fcnleri etkinli\u011fi - Kuzeyin Sesi\" \/>\n<meta property=\"og:description\" content=\"\u00c7atalk\u00f6y Esentepe Belediyesi \u00e7ocuklar i\u00e7in sinema g\u00fcnleri etkinli\u011fi d\u00fczenledi. Belediyeden verilen bilgiye g\u00f6re, Esentepe\u2019deki Atat\u00fcrk Park\u0131\u2019nda ba\u015flayan sinema geceleri, Bah\u00e7eli \u00c7ocuk Park\u0131, Hz. \u00d6mer T\u00fcrbesi Rekreasyon Alan\u0131, Karaa\u011fa\u00e7 \u00c7ocuk Park\u0131 ve Arapk\u00f6y\u2019de devam edecek. Konuyla ilgili a\u00e7\u0131klama yapan \u00c7atalk\u00f6y Esentepe Belediyesi Ba\u015fkan\u0131 Ceyhun K\u0131rok,\u00a0\u00e7ocuklara y\u00f6nelik bu t\u00fcr etkinlikleri art\u0131rarak devam ettireceklerini belirtti. Belediye, ge\u00e7ti\u011fimiz haftalarda [&hellip;]\" \/>\n<meta property=\"og:url\" content=\"https:\/\/kuzeyinsesi.org\/index.php\/2024\/07\/24\/catalkoy-esentepe-belediyesinden-sinema-gunleri-etkinligi\/\" \/>\n<meta property=\"og:site_name\" content=\"Kuzeyin Sesi\" \/>\n<meta property=\"article:publisher\" content=\"https:\/\/www.facebook.com\/kuzeyinsesii\" \/>\n<meta property=\"article:published_time\" content=\"2024-07-24T09:05:30+00:00\" \/>\n<meta property=\"og:image\" content=\"https:\/\/brtk.net\/wp-content\/uploads\/2024\/07\/23\/catalkoy-esentepe-sinema-gunleri-2-.jpg?ver=21a85215dcbb0579a352f64c9de89733\" \/>\n<meta name=\"author\" content=\"Kuzeyin Sesi\" \/>\n<meta name=\"twitter:card\" content=\"summary_large_image\" \/>\n<meta name=\"twitter:creator\" content=\"@kuzeyinsesii\" \/>\n<meta name=\"twitter:site\" content=\"@kuzeyinsesii\" \/>\n<meta name=\"twitter:label1\" content=\"Yazan:\" \/>\n\t<meta name=\"twitter:data1\" content=\"Kuzeyin Sesi\" \/>\n<script type=\"application\/ld+json\" class=\"yoast-schema-graph\">{\"@context\":\"https:\\\/\\\/schema.org\",\"@graph\":[{\"@type\":\"Article\",\"@id\":\"https:\\\/\\\/kuzeyinsesi.org\\\/index.php\\\/2024\\\/07\\\/24\\\/catalkoy-esentepe-belediyesinden-sinema-gunleri-etkinligi\\\/#article\",\"isPartOf\":{\"@id\":\"https:\\\/\\\/kuzeyinsesi.org\\\/index.php\\\/2024\\\/07\\\/24\\\/catalkoy-esentepe-belediyesinden-sinema-gunleri-etkinligi\\\/\"},\"author\":{\"name\":\"Kuzeyin Sesi\",\"@id\":\"https:\\\/\\\/kuzeyinsesi.org\\\/#\\\/schema\\\/person\\\/9f859689cdf01485597712386e37f5aa\"},\"headline\":\"\u00c7atalk\u00f6y Esentepe Belediyesi\u2019nden sinema g\u00fcnleri etkinli\u011fi\",\"datePublished\":\"2024-07-24T09:05:30+00:00\",\"mainEntityOfPage\":{\"@id\":\"https:\\\/\\\/kuzeyinsesi.org\\\/index.php\\\/2024\\\/07\\\/24\\\/catalkoy-esentepe-belediyesinden-sinema-gunleri-etkinligi\\\/\"},\"wordCount\":99,\"commentCount\":0,\"image\":{\"@id\":\"https:\\\/\\\/kuzeyinsesi.org\\\/index.php\\\/2024\\\/07\\\/24\\\/catalkoy-esentepe-belediyesinden-sinema-gunleri-etkinligi\\\/#primaryimage\"},\"thumbnailUrl\":\"https:\\\/\\\/kuzeyinsesi.org\\\/wp-content\\\/uploads\\\/2024\\\/07\\\/catalkoy-esentepe-sinema-gunleri-2-.jpg\",\"articleSection\":[\"Ya\u015fam\"],\"inLanguage\":\"tr\",\"potentialAction\":[{\"@type\":\"CommentAction\",\"name\":\"Comment\",\"target\":[\"https:\\\/\\\/kuzeyinsesi.org\\\/index.php\\\/2024\\\/07\\\/24\\\/catalkoy-esentepe-belediyesinden-sinema-gunleri-etkinligi\\\/#respond\"]}]},{\"@type\":\"WebPage\",\"@id\":\"https:\\\/\\\/kuzeyinsesi.org\\\/index.php\\\/2024\\\/07\\\/24\\\/catalkoy-esentepe-belediyesinden-sinema-gunleri-etkinligi\\\/\",\"url\":\"https:\\\/\\\/kuzeyinsesi.org\\\/index.php\\\/2024\\\/07\\\/24\\\/catalkoy-esentepe-belediyesinden-sinema-gunleri-etkinligi\\\/\",\"name\":\"\u00c7atalk\u00f6y Esentepe Belediyesi\u2019nden sinema g\u00fcnleri etkinli\u011fi - Kuzeyin Sesi\",\"isPartOf\":{\"@id\":\"https:\\\/\\\/kuzeyinsesi.org\\\/#website\"},\"primaryImageOfPage\":{\"@id\":\"https:\\\/\\\/kuzeyinsesi.org\\\/index.php\\\/2024\\\/07\\\/24\\\/catalkoy-esentepe-belediyesinden-sinema-gunleri-etkinligi\\\/#primaryimage\"},\"image\":{\"@id\":\"https:\\\/\\\/kuzeyinsesi.org\\\/index.php\\\/2024\\\/07\\\/24\\\/catalkoy-esentepe-belediyesinden-sinema-gunleri-etkinligi\\\/#primaryimage\"},\"thumbnailUrl\":\"https:\\\/\\\/kuzeyinsesi.org\\\/wp-content\\\/uploads\\\/2024\\\/07\\\/catalkoy-esentepe-sinema-gunleri-2-.jpg\",\"datePublished\":\"2024-07-24T09:05:30+00:00\",\"author\":{\"@id\":\"https:\\\/\\\/kuzeyinsesi.org\\\/#\\\/schema\\\/person\\\/9f859689cdf01485597712386e37f5aa\"},\"breadcrumb\":{\"@id\":\"https:\\\/\\\/kuzeyinsesi.org\\\/index.php\\\/2024\\\/07\\\/24\\\/catalkoy-esentepe-belediyesinden-sinema-gunleri-etkinligi\\\/#breadcrumb\"},\"inLanguage\":\"tr\",\"potentialAction\":[{\"@type\":\"ReadAction\",\"target\":[\"https:\\\/\\\/kuzeyinsesi.org\\\/index.php\\\/2024\\\/07\\\/24\\\/catalkoy-esentepe-belediyesinden-sinema-gunleri-etkinligi\\\/\"]}]},{\"@type\":\"ImageObject\",\"inLanguage\":\"tr\",\"@id\":\"https:\\\/\\\/kuzeyinsesi.org\\\/index.php\\\/2024\\\/07\\\/24\\\/catalkoy-esentepe-belediyesinden-sinema-gunleri-etkinligi\\\/#primaryimage\",\"url\":\"https:\\\/\\\/kuzeyinsesi.org\\\/wp-content\\\/uploads\\\/2024\\\/07\\\/catalkoy-esentepe-sinema-gunleri-2-.jpg\",\"contentUrl\":\"https:\\\/\\\/kuzeyinsesi.org\\\/wp-content\\\/uploads\\\/2024\\\/07\\\/catalkoy-esentepe-sinema-gunleri-2-.jpg\",\"width\":929,\"height\":518},{\"@type\":\"BreadcrumbList\",\"@id\":\"https:\\\/\\\/kuzeyinsesi.org\\\/index.php\\\/2024\\\/07\\\/24\\\/catalkoy-esentepe-belediyesinden-sinema-gunleri-etkinligi\\\/#breadcrumb\",\"itemListElement\":[{\"@type\":\"ListItem\",\"position\":1,\"name\":\"Anasayfa\",\"item\":\"https:\\\/\\\/kuzeyinsesi.org\\\/\"},{\"@type\":\"ListItem\",\"position\":2,\"name\":\"\u00c7atalk\u00f6y Esentepe Belediyesi\u2019nden sinema g\u00fcnleri etkinli\u011fi\"}]},{\"@type\":\"WebSite\",\"@id\":\"https:\\\/\\\/kuzeyinsesi.org\\\/#website\",\"url\":\"https:\\\/\\\/kuzeyinsesi.org\\\/\",\"name\":\"Kuzeyin Sesi\",\"description\":\"Do\u011fru Haberin Adresi\",\"potentialAction\":[{\"@type\":\"SearchAction\",\"target\":{\"@type\":\"EntryPoint\",\"urlTemplate\":\"https:\\\/\\\/kuzeyinsesi.org\\\/?s={search_term_string}\"},\"query-input\":{\"@type\":\"PropertyValueSpecification\",\"valueRequired\":true,\"valueName\":\"search_term_string\"}}],\"inLanguage\":\"tr\"},{\"@type\":\"Person\",\"@id\":\"https:\\\/\\\/kuzeyinsesi.org\\\/#\\\/schema\\\/person\\\/9f859689cdf01485597712386e37f5aa\",\"name\":\"Kuzeyin Sesi\",\"image\":{\"@type\":\"ImageObject\",\"inLanguage\":\"tr\",\"@id\":\"https:\\\/\\\/secure.gravatar.com\\\/avatar\\\/bab33852abfd8b282518d6ed81826833d77c3c882d9ab608add591ccace47a44?s=96&d=mm&r=g\",\"url\":\"https:\\\/\\\/secure.gravatar.com\\\/avatar\\\/bab33852abfd8b282518d6ed81826833d77c3c882d9ab608add591ccace47a44?s=96&d=mm&r=g\",\"contentUrl\":\"https:\\\/\\\/secure.gravatar.com\\\/avatar\\\/bab33852abfd8b282518d6ed81826833d77c3c882d9ab608add591ccace47a44?s=96&d=mm&r=g\",\"caption\":\"Kuzeyin Sesi\"},\"sameAs\":[\"https:\\\/\\\/kuzeyinsesi.org\"],\"url\":\"https:\\\/\\\/kuzeyinsesi.org\\\/index.php\\\/author\\\/guven\\\/\"}]}<\/script>\n<!-- \/ Yoast SEO plugin. -->","yoast_head_json":{"title":"\u00c7atalk\u00f6y Esentepe Belediyesi\u2019nden sinema g\u00fcnleri etkinli\u011fi - Kuzeyin Sesi","robots":{"index":"index","follow":"follow","max-snippet":"max-snippet:-1","max-image-preview":"max-image-preview:large","max-video-preview":"max-video-preview:-1"},"canonical":"https:\/\/kuzeyinsesi.org\/index.php\/2024\/07\/24\/catalkoy-esentepe-belediyesinden-sinema-gunleri-etkinligi\/","og_locale":"tr_TR","og_type":"article","og_title":"\u00c7atalk\u00f6y Esentepe Belediyesi\u2019nden sinema g\u00fcnleri etkinli\u011fi - Kuzeyin Sesi","og_description":"\u00c7atalk\u00f6y Esentepe Belediyesi \u00e7ocuklar i\u00e7in sinema g\u00fcnleri etkinli\u011fi d\u00fczenledi. Belediyeden verilen bilgiye g\u00f6re, Esentepe\u2019deki Atat\u00fcrk Park\u0131\u2019nda ba\u015flayan sinema geceleri, Bah\u00e7eli \u00c7ocuk Park\u0131, Hz. \u00d6mer T\u00fcrbesi Rekreasyon Alan\u0131, Karaa\u011fa\u00e7 \u00c7ocuk Park\u0131 ve Arapk\u00f6y\u2019de devam edecek. Konuyla ilgili a\u00e7\u0131klama yapan \u00c7atalk\u00f6y Esentepe Belediyesi Ba\u015fkan\u0131 Ceyhun K\u0131rok,\u00a0\u00e7ocuklara y\u00f6nelik bu t\u00fcr etkinlikleri art\u0131rarak devam ettireceklerini belirtti. Belediye, ge\u00e7ti\u011fimiz haftalarda [&hellip;]","og_url":"https:\/\/kuzeyinsesi.org\/index.php\/2024\/07\/24\/catalkoy-esentepe-belediyesinden-sinema-gunleri-etkinligi\/","og_site_name":"Kuzeyin Sesi","article_publisher":"https:\/\/www.facebook.com\/kuzeyinsesii","article_published_time":"2024-07-24T09:05:30+00:00","og_image":[{"url":"https:\/\/brtk.net\/wp-content\/uploads\/2024\/07\/23\/catalkoy-esentepe-sinema-gunleri-2-.jpg?ver=21a85215dcbb0579a352f64c9de89733","type":"","width":"","height":""}],"author":"Kuzeyin Sesi","twitter_card":"summary_large_image","twitter_creator":"@kuzeyinsesii","twitter_site":"@kuzeyinsesii","twitter_misc":{"Yazan:":"Kuzeyin Sesi"},"schema":{"@context":"https:\/\/schema.org","@graph":[{"@type":"Article","@id":"https:\/\/kuzeyinsesi.org\/index.php\/2024\/07\/24\/catalkoy-esentepe-belediyesinden-sinema-gunleri-etkinligi\/#article","isPartOf":{"@id":"https:\/\/kuzeyinsesi.org\/index.php\/2024\/07\/24\/catalkoy-esentepe-belediyesinden-sinema-gunleri-etkinligi\/"},"author":{"name":"Kuzeyin Sesi","@id":"https:\/\/kuzeyinsesi.org\/#\/schema\/person\/9f859689cdf01485597712386e37f5aa"},"headline":"\u00c7atalk\u00f6y Esentepe Belediyesi\u2019nden sinema g\u00fcnleri etkinli\u011fi","datePublished":"2024-07-24T09:05:30+00:00","mainEntityOfPage":{"@id":"https:\/\/kuzeyinsesi.org\/index.php\/2024\/07\/24\/catalkoy-esentepe-belediyesinden-sinema-gunleri-etkinligi\/"},"wordCount":99,"commentCount":0,"image":{"@id":"https:\/\/kuzeyinsesi.org\/index.php\/2024\/07\/24\/catalkoy-esentepe-belediyesinden-sinema-gunleri-etkinligi\/#primaryimage"},"thumbnailUrl":"https:\/\/kuzeyinsesi.org\/wp-content\/uploads\/2024\/07\/catalkoy-esentepe-sinema-gunleri-2-.jpg","articleSection":["Ya\u015fam"],"inLanguage":"tr","potentialAction":[{"@type":"CommentAction","name":"Comment","target":["https:\/\/kuzeyinsesi.org\/index.php\/2024\/07\/24\/catalkoy-esentepe-belediyesinden-sinema-gunleri-etkinligi\/#respond"]}]},{"@type":"WebPage","@id":"https:\/\/kuzeyinsesi.org\/index.php\/2024\/07\/24\/catalkoy-esentepe-belediyesinden-sinema-gunleri-etkinligi\/","url":"https:\/\/kuzeyinsesi.org\/index.php\/2024\/07\/24\/catalkoy-esentepe-belediyesinden-sinema-gunleri-etkinligi\/","name":"\u00c7atalk\u00f6y Esentepe Belediyesi\u2019nden sinema g\u00fcnleri etkinli\u011fi - Kuzeyin Sesi","isPartOf":{"@id":"https:\/\/kuzeyinsesi.org\/#website"},"primaryImageOfPage":{"@id":"https:\/\/kuzeyinsesi.org\/index.php\/2024\/07\/24\/catalkoy-esentepe-belediyesinden-sinema-gunleri-etkinligi\/#primaryimage"},"image":{"@id":"https:\/\/kuzeyinsesi.org\/index.php\/2024\/07\/24\/catalkoy-esentepe-belediyesinden-sinema-gunleri-etkinligi\/#primaryimage"},"thumbnailUrl":"https:\/\/kuzeyinsesi.org\/wp-content\/uploads\/2024\/07\/catalkoy-esentepe-sinema-gunleri-2-.jpg","datePublished":"2024-07-24T09:05:30+00:00","author":{"@id":"https:\/\/kuzeyinsesi.org\/#\/schema\/person\/9f859689cdf01485597712386e37f5aa"},"breadcrumb":{"@id":"https:\/\/kuzeyinsesi.org\/index.php\/2024\/07\/24\/catalkoy-esentepe-belediyesinden-sinema-gunleri-etkinligi\/#breadcrumb"},"inLanguage":"tr","potentialAction":[{"@type":"ReadAction","target":["https:\/\/kuzeyinsesi.org\/index.php\/2024\/07\/24\/catalkoy-esentepe-belediyesinden-sinema-gunleri-etkinligi\/"]}]},{"@type":"ImageObject","inLanguage":"tr","@id":"https:\/\/kuzeyinsesi.org\/index.php\/2024\/07\/24\/catalkoy-esentepe-belediyesinden-sinema-gunleri-etkinligi\/#primaryimage","url":"https:\/\/kuzeyinsesi.org\/wp-content\/uploads\/2024\/07\/catalkoy-esentepe-sinema-gunleri-2-.jpg","contentUrl":"https:\/\/kuzeyinsesi.org\/wp-content\/uploads\/2024\/07\/catalkoy-esentepe-sinema-gunleri-2-.jpg","width":929,"height":518},{"@type":"BreadcrumbList","@id":"https:\/\/kuzeyinsesi.org\/index.php\/2024\/07\/24\/catalkoy-esentepe-belediyesinden-sinema-gunleri-etkinligi\/#breadcrumb","itemListElement":[{"@type":"ListItem","position":1,"name":"Anasayfa","item":"https:\/\/kuzeyinsesi.org\/"},{"@type":"ListItem","position":2,"name":"\u00c7atalk\u00f6y Esentepe Belediyesi\u2019nden sinema g\u00fcnleri etkinli\u011fi"}]},{"@type":"WebSite","@id":"https:\/\/kuzeyinsesi.org\/#website","url":"https:\/\/kuzeyinsesi.org\/","name":"Kuzeyin Sesi","description":"Do\u011fru Haberin Adresi","potentialAction":[{"@type":"SearchAction","target":{"@type":"EntryPoint","urlTemplate":"https:\/\/kuzeyinsesi.org\/?s={search_term_string}"},"query-input":{"@type":"PropertyValueSpecification","valueRequired":true,"valueName":"search_term_string"}}],"inLanguage":"tr"},{"@type":"Person","@id":"https:\/\/kuzeyinsesi.org\/#\/schema\/person\/9f859689cdf01485597712386e37f5aa","name":"Kuzeyin Sesi","image":{"@type":"ImageObject","inLanguage":"tr","@id":"https:\/\/secure.gravatar.com\/avatar\/bab33852abfd8b282518d6ed81826833d77c3c882d9ab608add591ccace47a44?s=96&d=mm&r=g","url":"https:\/\/secure.gravatar.com\/avatar\/bab33852abfd8b282518d6ed81826833d77c3c882d9ab608add591ccace47a44?s=96&d=mm&r=g","contentUrl":"https:\/\/secure.gravatar.com\/avatar\/bab33852abfd8b282518d6ed81826833d77c3c882d9ab608add591ccace47a44?s=96&d=mm&r=g","caption":"Kuzeyin Sesi"},"sameAs":["https:\/\/kuzeyinsesi.org"],"url":"https:\/\/kuzeyinsesi.org\/index.php\/author\/guven\/"}]}},"_links":{"self":[{"href":"https:\/\/kuzeyinsesi.org\/index.php\/wp-json\/wp\/v2\/posts\/6870","targetHints":{"allow":["GET"]}}],"collection":[{"href":"https:\/\/kuzeyinsesi.org\/index.php\/wp-json\/wp\/v2\/posts"}],"about":[{"href":"https:\/\/kuzeyinsesi.org\/index.php\/wp-json\/wp\/v2\/types\/post"}],"author":[{"embeddable":true,"href":"https:\/\/kuzeyinsesi.org\/index.php\/wp-json\/wp\/v2\/users\/1"}],"replies":[{"embeddable":true,"href":"https:\/\/kuzeyinsesi.org\/index.php\/wp-json\/wp\/v2\/comments?post=6870"}],"version-history":[{"count":0,"href":"https:\/\/kuzeyinsesi.org\/index.php\/wp-json\/wp\/v2\/posts\/6870\/revisions"}],"wp:featuredmedia":[{"embeddable":true,"href":"https:\/\/kuzeyinsesi.org\/index.php\/wp-json\/wp\/v2\/media\/6872"}],"wp:attachment":[{"href":"https:\/\/kuzeyinsesi.org\/index.php\/wp-json\/wp\/v2\/media?parent=6870"}],"wp:term":[{"taxonomy":"category","embeddable":true,"href":"https:\/\/kuzeyinsesi.org\/index.php\/wp-json\/wp\/v2\/categories?post=6870"},{"taxonomy":"post_tag","embeddable":true,"href":"https:\/\/kuzeyinsesi.org\/index.php\/wp-json\/wp\/v2\/tags?post=6870"}],"curies":[{"name":"wp","href":"https:\/\/api.w.org\/{rel}","templated":true}]}}