{"id":6693,"date":"2024-07-19T12:58:21","date_gmt":"2024-07-19T09:58:21","guid":{"rendered":"https:\/\/kuzeyinsesi.org\/index.php\/2024\/07\/19\/folklorama-2024-muzikali-gazimagusada-sahnelendi\/"},"modified":"2024-07-19T12:58:21","modified_gmt":"2024-07-19T09:58:21","slug":"folklorama-2024-muzikali-gazimagusada-sahnelendi","status":"publish","type":"post","link":"https:\/\/kuzeyinsesi.org\/index.php\/2024\/07\/19\/folklorama-2024-muzikali-gazimagusada-sahnelendi\/","title":{"rendered":"\u2018Folklorama 2024 M\u00fczikali\u2019 Gazima\u011fusa\u2019da sahnelendi"},"content":{"rendered":"<div>\n<div class=\"mariselle-image-container center\">\n                                            <\/div>\n<p>20 Temmuz etkinlikleri kapsam\u0131nda \u2018Folklorama 2024 M\u00fczikali\u2019, T\u00fcrkiye\u2019nin Lefko\u015fa B\u00fcy\u00fckel\u00e7ili\u011fi himayelerinde, T\u00fcrkiye Devlet Opera ve Balesi Genel M\u00fcd\u00fcrl\u00fc\u011f\u00fc\u2019n\u00fcn \u0130zmir Devlet Opera ve Balesi ile Ba\u015fbakan Yard\u0131mc\u0131l\u0131\u011f\u0131 Turizm K\u00fclt\u00fcr Gen\u00e7lik ve \u00c7evre Bakanl\u0131\u011f\u0131\u2019na ba\u011fl\u0131 Devlet Opera ve Bale Koordinasyon Merkezi i\u015fbirli\u011fiyle Gazima\u011fusa\u2019da sahnelendi. <\/p>\n<p>Cumhuriyet Meclisi Ba\u015fkan\u0131 Zorlu T\u00f6re ve T\u00fcrkiye\u2019nin Lefko\u015fa B\u00fcy\u00fckel\u00e7isi Metin Feyzio\u011flu\u2019nun yan\u0131s\u0131ra \u00e7ok say\u0131da sanatseverin b\u00fcy\u00fck be\u011feniyle izledi\u011fi etkinlikte, T\u00fcrk co\u011frafyas\u0131n\u0131n bilinen t\u00fcrk\u00fcleri ve zengin folklorik dokusu, sanat\u0131n evrenselli\u011fiyle harmanlanarak sahneye ta\u015f\u0131nd\u0131.<\/p>\n<\/p><\/div>\n<p><script async\n                    defer\n                    crossorigin=\"anonymous\"\n                    src=\"https:\/\/connect.facebook.net\/tr_TR\/sdk.js#xfbml=1&#038;version=v3.3\"\n            ><\/script><\/p>\n","protected":false},"excerpt":{"rendered":"<p>20 Temmuz etkinlikleri kapsam\u0131nda \u2018Folklorama 2024 M\u00fczikali\u2019, T\u00fcrkiye\u2019nin Lefko\u015fa B\u00fcy\u00fckel\u00e7ili\u011fi himayelerinde, T\u00fcrkiye Devlet Opera ve Balesi Genel M\u00fcd\u00fcrl\u00fc\u011f\u00fc\u2019n\u00fcn \u0130zmir Devlet Opera ve Balesi ile Ba\u015fbakan Yard\u0131mc\u0131l\u0131\u011f\u0131 Turizm K\u00fclt\u00fcr Gen\u00e7lik ve \u00c7evre Bakanl\u0131\u011f\u0131\u2019na ba\u011fl\u0131 Devlet Opera ve Bale Koordinasyon Merkezi i\u015fbirli\u011fiyle Gazima\u011fusa\u2019da sahnelendi. Cumhuriyet Meclisi Ba\u015fkan\u0131 Zorlu T\u00f6re ve T\u00fcrkiye\u2019nin Lefko\u015fa B\u00fcy\u00fckel\u00e7isi Metin Feyzio\u011flu\u2019nun yan\u0131s\u0131ra \u00e7ok [&hellip;]<\/p>\n","protected":false},"author":1,"featured_media":6694,"comment_status":"open","ping_status":"open","sticky":false,"template":"","format":"standard","meta":{"jnews-multi-image_gallery":[],"jnews_single_post":[],"jnews_primary_category":[],"jnews_social_meta":[],"jnews_override_counter":[],"footnotes":""},"categories":[6],"tags":[],"class_list":["post-6693","post","type-post","status-publish","format-standard","has-post-thumbnail","hentry","category-yasam"],"yoast_head":"<!-- This site is optimized with the Yoast SEO plugin v27.5 - https:\/\/yoast.com\/product\/yoast-seo-wordpress\/ -->\n<title>\u2018Folklorama 2024 M\u00fczikali\u2019 Gazima\u011fusa\u2019da sahnelendi - Kuzeyin Sesi<\/title>\n<meta name=\"robots\" content=\"index, follow, max-snippet:-1, max-image-preview:large, max-video-preview:-1\" \/>\n<link rel=\"canonical\" href=\"https:\/\/kuzeyinsesi.org\/index.php\/2024\/07\/19\/folklorama-2024-muzikali-gazimagusada-sahnelendi\/\" \/>\n<meta property=\"og:locale\" content=\"tr_TR\" \/>\n<meta property=\"og:type\" content=\"article\" \/>\n<meta property=\"og:title\" content=\"\u2018Folklorama 2024 M\u00fczikali\u2019 Gazima\u011fusa\u2019da sahnelendi - Kuzeyin Sesi\" \/>\n<meta property=\"og:description\" content=\"20 Temmuz etkinlikleri kapsam\u0131nda \u2018Folklorama 2024 M\u00fczikali\u2019, T\u00fcrkiye\u2019nin Lefko\u015fa B\u00fcy\u00fckel\u00e7ili\u011fi himayelerinde, T\u00fcrkiye Devlet Opera ve Balesi Genel M\u00fcd\u00fcrl\u00fc\u011f\u00fc\u2019n\u00fcn \u0130zmir Devlet Opera ve Balesi ile Ba\u015fbakan Yard\u0131mc\u0131l\u0131\u011f\u0131 Turizm K\u00fclt\u00fcr Gen\u00e7lik ve \u00c7evre Bakanl\u0131\u011f\u0131\u2019na ba\u011fl\u0131 Devlet Opera ve Bale Koordinasyon Merkezi i\u015fbirli\u011fiyle Gazima\u011fusa\u2019da sahnelendi. Cumhuriyet Meclisi Ba\u015fkan\u0131 Zorlu T\u00f6re ve T\u00fcrkiye\u2019nin Lefko\u015fa B\u00fcy\u00fckel\u00e7isi Metin Feyzio\u011flu\u2019nun yan\u0131s\u0131ra \u00e7ok [&hellip;]\" \/>\n<meta property=\"og:url\" content=\"https:\/\/kuzeyinsesi.org\/index.php\/2024\/07\/19\/folklorama-2024-muzikali-gazimagusada-sahnelendi\/\" \/>\n<meta property=\"og:site_name\" content=\"Kuzeyin Sesi\" \/>\n<meta property=\"article:publisher\" content=\"https:\/\/www.facebook.com\/kuzeyinsesii\" \/>\n<meta property=\"article:published_time\" content=\"2024-07-19T09:58:21+00:00\" \/>\n<meta property=\"og:image\" content=\"https:\/\/brtk.net\/wp-content\/uploads\/2024\/07\/18\/InShot_20240718_225509289-scaled.jpg?ver=11117bca49d1dd83ba0831c56a2d5b0f\" \/>\n<meta name=\"author\" content=\"Kuzeyin Sesi\" \/>\n<meta name=\"twitter:card\" content=\"summary_large_image\" \/>\n<meta name=\"twitter:creator\" content=\"@kuzeyinsesii\" \/>\n<meta name=\"twitter:site\" content=\"@kuzeyinsesii\" \/>\n<meta name=\"twitter:label1\" content=\"Yazan:\" \/>\n\t<meta name=\"twitter:data1\" content=\"Kuzeyin Sesi\" \/>\n\t<meta name=\"twitter:label2\" content=\"Tahmini okuma s\u00fcresi\" \/>\n\t<meta name=\"twitter:data2\" content=\"1 dakika\" \/>\n<script type=\"application\/ld+json\" class=\"yoast-schema-graph\">{\"@context\":\"https:\\\/\\\/schema.org\",\"@graph\":[{\"@type\":\"Article\",\"@id\":\"https:\\\/\\\/kuzeyinsesi.org\\\/index.php\\\/2024\\\/07\\\/19\\\/folklorama-2024-muzikali-gazimagusada-sahnelendi\\\/#article\",\"isPartOf\":{\"@id\":\"https:\\\/\\\/kuzeyinsesi.org\\\/index.php\\\/2024\\\/07\\\/19\\\/folklorama-2024-muzikali-gazimagusada-sahnelendi\\\/\"},\"author\":{\"name\":\"Kuzeyin Sesi\",\"@id\":\"https:\\\/\\\/kuzeyinsesi.org\\\/#\\\/schema\\\/person\\\/9f859689cdf01485597712386e37f5aa\"},\"headline\":\"\u2018Folklorama 2024 M\u00fczikali\u2019 Gazima\u011fusa\u2019da sahnelendi\",\"datePublished\":\"2024-07-19T09:58:21+00:00\",\"mainEntityOfPage\":{\"@id\":\"https:\\\/\\\/kuzeyinsesi.org\\\/index.php\\\/2024\\\/07\\\/19\\\/folklorama-2024-muzikali-gazimagusada-sahnelendi\\\/\"},\"wordCount\":131,\"commentCount\":0,\"image\":{\"@id\":\"https:\\\/\\\/kuzeyinsesi.org\\\/index.php\\\/2024\\\/07\\\/19\\\/folklorama-2024-muzikali-gazimagusada-sahnelendi\\\/#primaryimage\"},\"thumbnailUrl\":\"https:\\\/\\\/kuzeyinsesi.org\\\/wp-content\\\/uploads\\\/2024\\\/07\\\/InShot_20240718_225509289-scaled.jpg\",\"articleSection\":[\"Ya\u015fam\"],\"inLanguage\":\"tr\",\"potentialAction\":[{\"@type\":\"CommentAction\",\"name\":\"Comment\",\"target\":[\"https:\\\/\\\/kuzeyinsesi.org\\\/index.php\\\/2024\\\/07\\\/19\\\/folklorama-2024-muzikali-gazimagusada-sahnelendi\\\/#respond\"]}]},{\"@type\":\"WebPage\",\"@id\":\"https:\\\/\\\/kuzeyinsesi.org\\\/index.php\\\/2024\\\/07\\\/19\\\/folklorama-2024-muzikali-gazimagusada-sahnelendi\\\/\",\"url\":\"https:\\\/\\\/kuzeyinsesi.org\\\/index.php\\\/2024\\\/07\\\/19\\\/folklorama-2024-muzikali-gazimagusada-sahnelendi\\\/\",\"name\":\"\u2018Folklorama 2024 M\u00fczikali\u2019 Gazima\u011fusa\u2019da sahnelendi - Kuzeyin Sesi\",\"isPartOf\":{\"@id\":\"https:\\\/\\\/kuzeyinsesi.org\\\/#website\"},\"primaryImageOfPage\":{\"@id\":\"https:\\\/\\\/kuzeyinsesi.org\\\/index.php\\\/2024\\\/07\\\/19\\\/folklorama-2024-muzikali-gazimagusada-sahnelendi\\\/#primaryimage\"},\"image\":{\"@id\":\"https:\\\/\\\/kuzeyinsesi.org\\\/index.php\\\/2024\\\/07\\\/19\\\/folklorama-2024-muzikali-gazimagusada-sahnelendi\\\/#primaryimage\"},\"thumbnailUrl\":\"https:\\\/\\\/kuzeyinsesi.org\\\/wp-content\\\/uploads\\\/2024\\\/07\\\/InShot_20240718_225509289-scaled.jpg\",\"datePublished\":\"2024-07-19T09:58:21+00:00\",\"author\":{\"@id\":\"https:\\\/\\\/kuzeyinsesi.org\\\/#\\\/schema\\\/person\\\/9f859689cdf01485597712386e37f5aa\"},\"breadcrumb\":{\"@id\":\"https:\\\/\\\/kuzeyinsesi.org\\\/index.php\\\/2024\\\/07\\\/19\\\/folklorama-2024-muzikali-gazimagusada-sahnelendi\\\/#breadcrumb\"},\"inLanguage\":\"tr\",\"potentialAction\":[{\"@type\":\"ReadAction\",\"target\":[\"https:\\\/\\\/kuzeyinsesi.org\\\/index.php\\\/2024\\\/07\\\/19\\\/folklorama-2024-muzikali-gazimagusada-sahnelendi\\\/\"]}]},{\"@type\":\"ImageObject\",\"inLanguage\":\"tr\",\"@id\":\"https:\\\/\\\/kuzeyinsesi.org\\\/index.php\\\/2024\\\/07\\\/19\\\/folklorama-2024-muzikali-gazimagusada-sahnelendi\\\/#primaryimage\",\"url\":\"https:\\\/\\\/kuzeyinsesi.org\\\/wp-content\\\/uploads\\\/2024\\\/07\\\/InShot_20240718_225509289-scaled.jpg\",\"contentUrl\":\"https:\\\/\\\/kuzeyinsesi.org\\\/wp-content\\\/uploads\\\/2024\\\/07\\\/InShot_20240718_225509289-scaled.jpg\",\"width\":2560,\"height\":1439},{\"@type\":\"BreadcrumbList\",\"@id\":\"https:\\\/\\\/kuzeyinsesi.org\\\/index.php\\\/2024\\\/07\\\/19\\\/folklorama-2024-muzikali-gazimagusada-sahnelendi\\\/#breadcrumb\",\"itemListElement\":[{\"@type\":\"ListItem\",\"position\":1,\"name\":\"Anasayfa\",\"item\":\"https:\\\/\\\/kuzeyinsesi.org\\\/\"},{\"@type\":\"ListItem\",\"position\":2,\"name\":\"\u2018Folklorama 2024 M\u00fczikali\u2019 Gazima\u011fusa\u2019da sahnelendi\"}]},{\"@type\":\"WebSite\",\"@id\":\"https:\\\/\\\/kuzeyinsesi.org\\\/#website\",\"url\":\"https:\\\/\\\/kuzeyinsesi.org\\\/\",\"name\":\"Kuzeyin Sesi\",\"description\":\"Do\u011fru Haberin Adresi\",\"potentialAction\":[{\"@type\":\"SearchAction\",\"target\":{\"@type\":\"EntryPoint\",\"urlTemplate\":\"https:\\\/\\\/kuzeyinsesi.org\\\/?s={search_term_string}\"},\"query-input\":{\"@type\":\"PropertyValueSpecification\",\"valueRequired\":true,\"valueName\":\"search_term_string\"}}],\"inLanguage\":\"tr\"},{\"@type\":\"Person\",\"@id\":\"https:\\\/\\\/kuzeyinsesi.org\\\/#\\\/schema\\\/person\\\/9f859689cdf01485597712386e37f5aa\",\"name\":\"Kuzeyin Sesi\",\"image\":{\"@type\":\"ImageObject\",\"inLanguage\":\"tr\",\"@id\":\"https:\\\/\\\/secure.gravatar.com\\\/avatar\\\/bab33852abfd8b282518d6ed81826833d77c3c882d9ab608add591ccace47a44?s=96&d=mm&r=g\",\"url\":\"https:\\\/\\\/secure.gravatar.com\\\/avatar\\\/bab33852abfd8b282518d6ed81826833d77c3c882d9ab608add591ccace47a44?s=96&d=mm&r=g\",\"contentUrl\":\"https:\\\/\\\/secure.gravatar.com\\\/avatar\\\/bab33852abfd8b282518d6ed81826833d77c3c882d9ab608add591ccace47a44?s=96&d=mm&r=g\",\"caption\":\"Kuzeyin Sesi\"},\"sameAs\":[\"https:\\\/\\\/kuzeyinsesi.org\"],\"url\":\"https:\\\/\\\/kuzeyinsesi.org\\\/index.php\\\/author\\\/guven\\\/\"}]}<\/script>\n<!-- \/ Yoast SEO plugin. -->","yoast_head_json":{"title":"\u2018Folklorama 2024 M\u00fczikali\u2019 Gazima\u011fusa\u2019da sahnelendi - Kuzeyin Sesi","robots":{"index":"index","follow":"follow","max-snippet":"max-snippet:-1","max-image-preview":"max-image-preview:large","max-video-preview":"max-video-preview:-1"},"canonical":"https:\/\/kuzeyinsesi.org\/index.php\/2024\/07\/19\/folklorama-2024-muzikali-gazimagusada-sahnelendi\/","og_locale":"tr_TR","og_type":"article","og_title":"\u2018Folklorama 2024 M\u00fczikali\u2019 Gazima\u011fusa\u2019da sahnelendi - Kuzeyin Sesi","og_description":"20 Temmuz etkinlikleri kapsam\u0131nda \u2018Folklorama 2024 M\u00fczikali\u2019, T\u00fcrkiye\u2019nin Lefko\u015fa B\u00fcy\u00fckel\u00e7ili\u011fi himayelerinde, T\u00fcrkiye Devlet Opera ve Balesi Genel M\u00fcd\u00fcrl\u00fc\u011f\u00fc\u2019n\u00fcn \u0130zmir Devlet Opera ve Balesi ile Ba\u015fbakan Yard\u0131mc\u0131l\u0131\u011f\u0131 Turizm K\u00fclt\u00fcr Gen\u00e7lik ve \u00c7evre Bakanl\u0131\u011f\u0131\u2019na ba\u011fl\u0131 Devlet Opera ve Bale Koordinasyon Merkezi i\u015fbirli\u011fiyle Gazima\u011fusa\u2019da sahnelendi. Cumhuriyet Meclisi Ba\u015fkan\u0131 Zorlu T\u00f6re ve T\u00fcrkiye\u2019nin Lefko\u015fa B\u00fcy\u00fckel\u00e7isi Metin Feyzio\u011flu\u2019nun yan\u0131s\u0131ra \u00e7ok [&hellip;]","og_url":"https:\/\/kuzeyinsesi.org\/index.php\/2024\/07\/19\/folklorama-2024-muzikali-gazimagusada-sahnelendi\/","og_site_name":"Kuzeyin Sesi","article_publisher":"https:\/\/www.facebook.com\/kuzeyinsesii","article_published_time":"2024-07-19T09:58:21+00:00","og_image":[{"url":"https:\/\/brtk.net\/wp-content\/uploads\/2024\/07\/18\/InShot_20240718_225509289-scaled.jpg?ver=11117bca49d1dd83ba0831c56a2d5b0f","type":"","width":"","height":""}],"author":"Kuzeyin Sesi","twitter_card":"summary_large_image","twitter_creator":"@kuzeyinsesii","twitter_site":"@kuzeyinsesii","twitter_misc":{"Yazan:":"Kuzeyin Sesi","Tahmini okuma s\u00fcresi":"1 dakika"},"schema":{"@context":"https:\/\/schema.org","@graph":[{"@type":"Article","@id":"https:\/\/kuzeyinsesi.org\/index.php\/2024\/07\/19\/folklorama-2024-muzikali-gazimagusada-sahnelendi\/#article","isPartOf":{"@id":"https:\/\/kuzeyinsesi.org\/index.php\/2024\/07\/19\/folklorama-2024-muzikali-gazimagusada-sahnelendi\/"},"author":{"name":"Kuzeyin Sesi","@id":"https:\/\/kuzeyinsesi.org\/#\/schema\/person\/9f859689cdf01485597712386e37f5aa"},"headline":"\u2018Folklorama 2024 M\u00fczikali\u2019 Gazima\u011fusa\u2019da sahnelendi","datePublished":"2024-07-19T09:58:21+00:00","mainEntityOfPage":{"@id":"https:\/\/kuzeyinsesi.org\/index.php\/2024\/07\/19\/folklorama-2024-muzikali-gazimagusada-sahnelendi\/"},"wordCount":131,"commentCount":0,"image":{"@id":"https:\/\/kuzeyinsesi.org\/index.php\/2024\/07\/19\/folklorama-2024-muzikali-gazimagusada-sahnelendi\/#primaryimage"},"thumbnailUrl":"https:\/\/kuzeyinsesi.org\/wp-content\/uploads\/2024\/07\/InShot_20240718_225509289-scaled.jpg","articleSection":["Ya\u015fam"],"inLanguage":"tr","potentialAction":[{"@type":"CommentAction","name":"Comment","target":["https:\/\/kuzeyinsesi.org\/index.php\/2024\/07\/19\/folklorama-2024-muzikali-gazimagusada-sahnelendi\/#respond"]}]},{"@type":"WebPage","@id":"https:\/\/kuzeyinsesi.org\/index.php\/2024\/07\/19\/folklorama-2024-muzikali-gazimagusada-sahnelendi\/","url":"https:\/\/kuzeyinsesi.org\/index.php\/2024\/07\/19\/folklorama-2024-muzikali-gazimagusada-sahnelendi\/","name":"\u2018Folklorama 2024 M\u00fczikali\u2019 Gazima\u011fusa\u2019da sahnelendi - Kuzeyin Sesi","isPartOf":{"@id":"https:\/\/kuzeyinsesi.org\/#website"},"primaryImageOfPage":{"@id":"https:\/\/kuzeyinsesi.org\/index.php\/2024\/07\/19\/folklorama-2024-muzikali-gazimagusada-sahnelendi\/#primaryimage"},"image":{"@id":"https:\/\/kuzeyinsesi.org\/index.php\/2024\/07\/19\/folklorama-2024-muzikali-gazimagusada-sahnelendi\/#primaryimage"},"thumbnailUrl":"https:\/\/kuzeyinsesi.org\/wp-content\/uploads\/2024\/07\/InShot_20240718_225509289-scaled.jpg","datePublished":"2024-07-19T09:58:21+00:00","author":{"@id":"https:\/\/kuzeyinsesi.org\/#\/schema\/person\/9f859689cdf01485597712386e37f5aa"},"breadcrumb":{"@id":"https:\/\/kuzeyinsesi.org\/index.php\/2024\/07\/19\/folklorama-2024-muzikali-gazimagusada-sahnelendi\/#breadcrumb"},"inLanguage":"tr","potentialAction":[{"@type":"ReadAction","target":["https:\/\/kuzeyinsesi.org\/index.php\/2024\/07\/19\/folklorama-2024-muzikali-gazimagusada-sahnelendi\/"]}]},{"@type":"ImageObject","inLanguage":"tr","@id":"https:\/\/kuzeyinsesi.org\/index.php\/2024\/07\/19\/folklorama-2024-muzikali-gazimagusada-sahnelendi\/#primaryimage","url":"https:\/\/kuzeyinsesi.org\/wp-content\/uploads\/2024\/07\/InShot_20240718_225509289-scaled.jpg","contentUrl":"https:\/\/kuzeyinsesi.org\/wp-content\/uploads\/2024\/07\/InShot_20240718_225509289-scaled.jpg","width":2560,"height":1439},{"@type":"BreadcrumbList","@id":"https:\/\/kuzeyinsesi.org\/index.php\/2024\/07\/19\/folklorama-2024-muzikali-gazimagusada-sahnelendi\/#breadcrumb","itemListElement":[{"@type":"ListItem","position":1,"name":"Anasayfa","item":"https:\/\/kuzeyinsesi.org\/"},{"@type":"ListItem","position":2,"name":"\u2018Folklorama 2024 M\u00fczikali\u2019 Gazima\u011fusa\u2019da sahnelendi"}]},{"@type":"WebSite","@id":"https:\/\/kuzeyinsesi.org\/#website","url":"https:\/\/kuzeyinsesi.org\/","name":"Kuzeyin Sesi","description":"Do\u011fru Haberin Adresi","potentialAction":[{"@type":"SearchAction","target":{"@type":"EntryPoint","urlTemplate":"https:\/\/kuzeyinsesi.org\/?s={search_term_string}"},"query-input":{"@type":"PropertyValueSpecification","valueRequired":true,"valueName":"search_term_string"}}],"inLanguage":"tr"},{"@type":"Person","@id":"https:\/\/kuzeyinsesi.org\/#\/schema\/person\/9f859689cdf01485597712386e37f5aa","name":"Kuzeyin Sesi","image":{"@type":"ImageObject","inLanguage":"tr","@id":"https:\/\/secure.gravatar.com\/avatar\/bab33852abfd8b282518d6ed81826833d77c3c882d9ab608add591ccace47a44?s=96&d=mm&r=g","url":"https:\/\/secure.gravatar.com\/avatar\/bab33852abfd8b282518d6ed81826833d77c3c882d9ab608add591ccace47a44?s=96&d=mm&r=g","contentUrl":"https:\/\/secure.gravatar.com\/avatar\/bab33852abfd8b282518d6ed81826833d77c3c882d9ab608add591ccace47a44?s=96&d=mm&r=g","caption":"Kuzeyin Sesi"},"sameAs":["https:\/\/kuzeyinsesi.org"],"url":"https:\/\/kuzeyinsesi.org\/index.php\/author\/guven\/"}]}},"_links":{"self":[{"href":"https:\/\/kuzeyinsesi.org\/index.php\/wp-json\/wp\/v2\/posts\/6693","targetHints":{"allow":["GET"]}}],"collection":[{"href":"https:\/\/kuzeyinsesi.org\/index.php\/wp-json\/wp\/v2\/posts"}],"about":[{"href":"https:\/\/kuzeyinsesi.org\/index.php\/wp-json\/wp\/v2\/types\/post"}],"author":[{"embeddable":true,"href":"https:\/\/kuzeyinsesi.org\/index.php\/wp-json\/wp\/v2\/users\/1"}],"replies":[{"embeddable":true,"href":"https:\/\/kuzeyinsesi.org\/index.php\/wp-json\/wp\/v2\/comments?post=6693"}],"version-history":[{"count":0,"href":"https:\/\/kuzeyinsesi.org\/index.php\/wp-json\/wp\/v2\/posts\/6693\/revisions"}],"wp:featuredmedia":[{"embeddable":true,"href":"https:\/\/kuzeyinsesi.org\/index.php\/wp-json\/wp\/v2\/media\/6694"}],"wp:attachment":[{"href":"https:\/\/kuzeyinsesi.org\/index.php\/wp-json\/wp\/v2\/media?parent=6693"}],"wp:term":[{"taxonomy":"category","embeddable":true,"href":"https:\/\/kuzeyinsesi.org\/index.php\/wp-json\/wp\/v2\/categories?post=6693"},{"taxonomy":"post_tag","embeddable":true,"href":"https:\/\/kuzeyinsesi.org\/index.php\/wp-json\/wp\/v2\/tags?post=6693"}],"curies":[{"name":"wp","href":"https:\/\/api.w.org\/{rel}","templated":true}]}}