{"id":6596,"date":"2024-07-18T15:03:37","date_gmt":"2024-07-18T12:03:37","guid":{"rendered":"https:\/\/kuzeyinsesi.org\/index.php\/2024\/07\/18\/daude-20-temmuz-baris-ve-ozgurluk-bayrami-fotograf-sergisi-duzenleniyor\/"},"modified":"2024-07-18T15:03:37","modified_gmt":"2024-07-18T12:03:37","slug":"daude-20-temmuz-baris-ve-ozgurluk-bayrami-fotograf-sergisi-duzenleniyor","status":"publish","type":"post","link":"https:\/\/kuzeyinsesi.org\/index.php\/2024\/07\/18\/daude-20-temmuz-baris-ve-ozgurluk-bayrami-fotograf-sergisi-duzenleniyor\/","title":{"rendered":"DA\u00dc\u2019de 20 Temmuz Bar\u0131\u015f ve \u00d6zg\u00fcrl\u00fck Bayram\u0131 foto\u011fraf sergisi d\u00fczenleniyor"},"content":{"rendered":"<div>\n<div class=\"mariselle-image-container center\">\n                                            <\/div>\n<p>Do\u011fu Akdeniz \u00dcniversitesi (DA\u00dc) Rekt\u00f6rl\u00fc\u011f\u00fc himayelerinde, DA\u00dc Atat\u00fcrk Ara\u015ft\u0131rma ve Uygulama Merkezi (DA\u00dc-ATAUM) ile DA\u00dc \u0130leti\u015fim Fak\u00fcltesi i\u015f birli\u011finde, T\u00fcrk Ajans\u0131 K\u0131br\u0131s (TAK) ve Enformasyon Dairesi katk\u0131lar\u0131yla 20 Temmuz Bar\u0131\u015f ve \u00d6zg\u00fcrl\u00fck Bayram\u0131 foto\u011fraf sergisi d\u00fczenleniyor.<\/p>\n<p>DA\u00dc\u2019den yap\u0131lan yaz\u0131l\u0131 a\u00e7\u0131klamaya g\u00f6re, Rauf Raif Denkta\u015f K\u00fclt\u00fcr ve Kongre Saray\u0131\u2019nda organize edilecek olan serginin a\u00e7\u0131l\u0131\u015f\u0131 22 Temmuz Pazartesi g\u00fcn\u00fc saat 10.30\u2019da ger\u00e7ekle\u015ftirilecek.<\/p>\n<p>20 Temmuz Bar\u0131\u015f ve \u00d6zg\u00fcrl\u00fck Bayram\u0131 kutlamalar\u0131n\u0131n 50. y\u0131l\u0131n\u0131n ya\u015fand\u0131\u011f\u0131 bu y\u0131la \u00f6zel d\u00fczenlenen sergide, 1974-2023 aras\u0131nda ger\u00e7ekle\u015ftirilen 20 Temmuz etkinliklerinden derlenen 100\u2019e yak\u0131n foto\u011fraf yer al\u0131yor.<\/p>\n<p>T\u00fcrk Ajans\u0131 K\u0131br\u0131s (TAK) ve Enformasyon Dairesi\u2019nin foto\u011fraf\u00e7\u0131lar\u0131n\u0131n foto\u011fraflar\u0131 aras\u0131ndan \u00f6zenle se\u00e7ilen ve b\u00fcy\u00fck k\u0131sm\u0131 daha \u00f6nce sergilenmemi\u015f foto\u011fraflardan olu\u015fan sergi, 1974 y\u0131l\u0131ndan itibaren taranan ar\u015fivlerden elde edilen foto\u011fraflarla g\u00f6r\u00fclmeye de\u011fer tarihi anlar sunuyor.<\/p>\n<p>Bir ay s\u00fcreyle hafta i\u00e7in mesai saatleri i\u00e7erisinde, \u00fccretsiz  gezilebilecek sergi 22 A\u011fustos tarihinde son bulacak.<\/p>\n<\/p><\/div>\n<p><script async\n                    defer\n                    crossorigin=\"anonymous\"\n                    src=\"https:\/\/connect.facebook.net\/tr_TR\/sdk.js#xfbml=1&#038;version=v3.3\"\n            ><\/script><\/p>\n","protected":false},"excerpt":{"rendered":"<p>Do\u011fu Akdeniz \u00dcniversitesi (DA\u00dc) Rekt\u00f6rl\u00fc\u011f\u00fc himayelerinde, DA\u00dc Atat\u00fcrk Ara\u015ft\u0131rma ve Uygulama Merkezi (DA\u00dc-ATAUM) ile DA\u00dc \u0130leti\u015fim Fak\u00fcltesi i\u015f birli\u011finde, T\u00fcrk Ajans\u0131 K\u0131br\u0131s (TAK) ve Enformasyon Dairesi katk\u0131lar\u0131yla 20 Temmuz Bar\u0131\u015f ve \u00d6zg\u00fcrl\u00fck Bayram\u0131 foto\u011fraf sergisi d\u00fczenleniyor. DA\u00dc\u2019den yap\u0131lan yaz\u0131l\u0131 a\u00e7\u0131klamaya g\u00f6re, Rauf Raif Denkta\u015f K\u00fclt\u00fcr ve Kongre Saray\u0131\u2019nda organize edilecek olan serginin a\u00e7\u0131l\u0131\u015f\u0131 22 Temmuz [&hellip;]<\/p>\n","protected":false},"author":1,"featured_media":6597,"comment_status":"open","ping_status":"open","sticky":false,"template":"","format":"standard","meta":{"jnews-multi-image_gallery":[],"jnews_single_post":[],"jnews_primary_category":[],"jnews_social_meta":[],"jnews_override_counter":[],"footnotes":""},"categories":[6],"tags":[],"class_list":["post-6596","post","type-post","status-publish","format-standard","has-post-thumbnail","hentry","category-yasam"],"yoast_head":"<!-- This site is optimized with the Yoast SEO plugin v27.5 - https:\/\/yoast.com\/product\/yoast-seo-wordpress\/ -->\n<title>DA\u00dc\u2019de 20 Temmuz Bar\u0131\u015f ve \u00d6zg\u00fcrl\u00fck Bayram\u0131 foto\u011fraf sergisi d\u00fczenleniyor - Kuzeyin Sesi<\/title>\n<meta name=\"robots\" content=\"index, follow, max-snippet:-1, max-image-preview:large, max-video-preview:-1\" \/>\n<link rel=\"canonical\" href=\"https:\/\/kuzeyinsesi.org\/index.php\/2024\/07\/18\/daude-20-temmuz-baris-ve-ozgurluk-bayrami-fotograf-sergisi-duzenleniyor\/\" \/>\n<meta property=\"og:locale\" content=\"tr_TR\" \/>\n<meta property=\"og:type\" content=\"article\" \/>\n<meta property=\"og:title\" content=\"DA\u00dc\u2019de 20 Temmuz Bar\u0131\u015f ve \u00d6zg\u00fcrl\u00fck Bayram\u0131 foto\u011fraf sergisi d\u00fczenleniyor - Kuzeyin Sesi\" \/>\n<meta property=\"og:description\" content=\"Do\u011fu Akdeniz \u00dcniversitesi (DA\u00dc) Rekt\u00f6rl\u00fc\u011f\u00fc himayelerinde, DA\u00dc Atat\u00fcrk Ara\u015ft\u0131rma ve Uygulama Merkezi (DA\u00dc-ATAUM) ile DA\u00dc \u0130leti\u015fim Fak\u00fcltesi i\u015f birli\u011finde, T\u00fcrk Ajans\u0131 K\u0131br\u0131s (TAK) ve Enformasyon Dairesi katk\u0131lar\u0131yla 20 Temmuz Bar\u0131\u015f ve \u00d6zg\u00fcrl\u00fck Bayram\u0131 foto\u011fraf sergisi d\u00fczenleniyor. DA\u00dc\u2019den yap\u0131lan yaz\u0131l\u0131 a\u00e7\u0131klamaya g\u00f6re, Rauf Raif Denkta\u015f K\u00fclt\u00fcr ve Kongre Saray\u0131\u2019nda organize edilecek olan serginin a\u00e7\u0131l\u0131\u015f\u0131 22 Temmuz [&hellip;]\" \/>\n<meta property=\"og:url\" content=\"https:\/\/kuzeyinsesi.org\/index.php\/2024\/07\/18\/daude-20-temmuz-baris-ve-ozgurluk-bayrami-fotograf-sergisi-duzenleniyor\/\" \/>\n<meta property=\"og:site_name\" content=\"Kuzeyin Sesi\" \/>\n<meta property=\"article:publisher\" content=\"https:\/\/www.facebook.com\/kuzeyinsesii\" \/>\n<meta property=\"article:published_time\" content=\"2024-07-18T12:03:37+00:00\" \/>\n<meta property=\"og:image\" content=\"https:\/\/brtk.net\/wp-content\/uploads\/2024\/07\/18\/20sergi.jpg?ver=cb794a5a8bfdd964eeb15158d7c2f8ee\" \/>\n<meta name=\"author\" content=\"Kuzeyin Sesi\" \/>\n<meta name=\"twitter:card\" content=\"summary_large_image\" \/>\n<meta name=\"twitter:creator\" content=\"@kuzeyinsesii\" \/>\n<meta name=\"twitter:site\" content=\"@kuzeyinsesii\" \/>\n<meta name=\"twitter:label1\" content=\"Yazan:\" \/>\n\t<meta name=\"twitter:data1\" content=\"Kuzeyin Sesi\" \/>\n\t<meta name=\"twitter:label2\" content=\"Tahmini okuma s\u00fcresi\" \/>\n\t<meta name=\"twitter:data2\" content=\"1 dakika\" \/>\n<script type=\"application\/ld+json\" class=\"yoast-schema-graph\">{\"@context\":\"https:\\\/\\\/schema.org\",\"@graph\":[{\"@type\":\"Article\",\"@id\":\"https:\\\/\\\/kuzeyinsesi.org\\\/index.php\\\/2024\\\/07\\\/18\\\/daude-20-temmuz-baris-ve-ozgurluk-bayrami-fotograf-sergisi-duzenleniyor\\\/#article\",\"isPartOf\":{\"@id\":\"https:\\\/\\\/kuzeyinsesi.org\\\/index.php\\\/2024\\\/07\\\/18\\\/daude-20-temmuz-baris-ve-ozgurluk-bayrami-fotograf-sergisi-duzenleniyor\\\/\"},\"author\":{\"name\":\"Kuzeyin Sesi\",\"@id\":\"https:\\\/\\\/kuzeyinsesi.org\\\/#\\\/schema\\\/person\\\/9f859689cdf01485597712386e37f5aa\"},\"headline\":\"DA\u00dc\u2019de 20 Temmuz Bar\u0131\u015f ve \u00d6zg\u00fcrl\u00fck Bayram\u0131 foto\u011fraf sergisi d\u00fczenleniyor\",\"datePublished\":\"2024-07-18T12:03:37+00:00\",\"mainEntityOfPage\":{\"@id\":\"https:\\\/\\\/kuzeyinsesi.org\\\/index.php\\\/2024\\\/07\\\/18\\\/daude-20-temmuz-baris-ve-ozgurluk-bayrami-fotograf-sergisi-duzenleniyor\\\/\"},\"wordCount\":217,\"commentCount\":0,\"image\":{\"@id\":\"https:\\\/\\\/kuzeyinsesi.org\\\/index.php\\\/2024\\\/07\\\/18\\\/daude-20-temmuz-baris-ve-ozgurluk-bayrami-fotograf-sergisi-duzenleniyor\\\/#primaryimage\"},\"thumbnailUrl\":\"https:\\\/\\\/kuzeyinsesi.org\\\/wp-content\\\/uploads\\\/2024\\\/07\\\/20sergi.jpg\",\"articleSection\":[\"Ya\u015fam\"],\"inLanguage\":\"tr\",\"potentialAction\":[{\"@type\":\"CommentAction\",\"name\":\"Comment\",\"target\":[\"https:\\\/\\\/kuzeyinsesi.org\\\/index.php\\\/2024\\\/07\\\/18\\\/daude-20-temmuz-baris-ve-ozgurluk-bayrami-fotograf-sergisi-duzenleniyor\\\/#respond\"]}]},{\"@type\":\"WebPage\",\"@id\":\"https:\\\/\\\/kuzeyinsesi.org\\\/index.php\\\/2024\\\/07\\\/18\\\/daude-20-temmuz-baris-ve-ozgurluk-bayrami-fotograf-sergisi-duzenleniyor\\\/\",\"url\":\"https:\\\/\\\/kuzeyinsesi.org\\\/index.php\\\/2024\\\/07\\\/18\\\/daude-20-temmuz-baris-ve-ozgurluk-bayrami-fotograf-sergisi-duzenleniyor\\\/\",\"name\":\"DA\u00dc\u2019de 20 Temmuz Bar\u0131\u015f ve \u00d6zg\u00fcrl\u00fck Bayram\u0131 foto\u011fraf sergisi d\u00fczenleniyor - Kuzeyin Sesi\",\"isPartOf\":{\"@id\":\"https:\\\/\\\/kuzeyinsesi.org\\\/#website\"},\"primaryImageOfPage\":{\"@id\":\"https:\\\/\\\/kuzeyinsesi.org\\\/index.php\\\/2024\\\/07\\\/18\\\/daude-20-temmuz-baris-ve-ozgurluk-bayrami-fotograf-sergisi-duzenleniyor\\\/#primaryimage\"},\"image\":{\"@id\":\"https:\\\/\\\/kuzeyinsesi.org\\\/index.php\\\/2024\\\/07\\\/18\\\/daude-20-temmuz-baris-ve-ozgurluk-bayrami-fotograf-sergisi-duzenleniyor\\\/#primaryimage\"},\"thumbnailUrl\":\"https:\\\/\\\/kuzeyinsesi.org\\\/wp-content\\\/uploads\\\/2024\\\/07\\\/20sergi.jpg\",\"datePublished\":\"2024-07-18T12:03:37+00:00\",\"author\":{\"@id\":\"https:\\\/\\\/kuzeyinsesi.org\\\/#\\\/schema\\\/person\\\/9f859689cdf01485597712386e37f5aa\"},\"breadcrumb\":{\"@id\":\"https:\\\/\\\/kuzeyinsesi.org\\\/index.php\\\/2024\\\/07\\\/18\\\/daude-20-temmuz-baris-ve-ozgurluk-bayrami-fotograf-sergisi-duzenleniyor\\\/#breadcrumb\"},\"inLanguage\":\"tr\",\"potentialAction\":[{\"@type\":\"ReadAction\",\"target\":[\"https:\\\/\\\/kuzeyinsesi.org\\\/index.php\\\/2024\\\/07\\\/18\\\/daude-20-temmuz-baris-ve-ozgurluk-bayrami-fotograf-sergisi-duzenleniyor\\\/\"]}]},{\"@type\":\"ImageObject\",\"inLanguage\":\"tr\",\"@id\":\"https:\\\/\\\/kuzeyinsesi.org\\\/index.php\\\/2024\\\/07\\\/18\\\/daude-20-temmuz-baris-ve-ozgurluk-bayrami-fotograf-sergisi-duzenleniyor\\\/#primaryimage\",\"url\":\"https:\\\/\\\/kuzeyinsesi.org\\\/wp-content\\\/uploads\\\/2024\\\/07\\\/20sergi.jpg\",\"contentUrl\":\"https:\\\/\\\/kuzeyinsesi.org\\\/wp-content\\\/uploads\\\/2024\\\/07\\\/20sergi.jpg\",\"width\":1099,\"height\":533},{\"@type\":\"BreadcrumbList\",\"@id\":\"https:\\\/\\\/kuzeyinsesi.org\\\/index.php\\\/2024\\\/07\\\/18\\\/daude-20-temmuz-baris-ve-ozgurluk-bayrami-fotograf-sergisi-duzenleniyor\\\/#breadcrumb\",\"itemListElement\":[{\"@type\":\"ListItem\",\"position\":1,\"name\":\"Anasayfa\",\"item\":\"https:\\\/\\\/kuzeyinsesi.org\\\/\"},{\"@type\":\"ListItem\",\"position\":2,\"name\":\"DA\u00dc\u2019de 20 Temmuz Bar\u0131\u015f ve \u00d6zg\u00fcrl\u00fck Bayram\u0131 foto\u011fraf sergisi d\u00fczenleniyor\"}]},{\"@type\":\"WebSite\",\"@id\":\"https:\\\/\\\/kuzeyinsesi.org\\\/#website\",\"url\":\"https:\\\/\\\/kuzeyinsesi.org\\\/\",\"name\":\"Kuzeyin Sesi\",\"description\":\"Do\u011fru Haberin Adresi\",\"potentialAction\":[{\"@type\":\"SearchAction\",\"target\":{\"@type\":\"EntryPoint\",\"urlTemplate\":\"https:\\\/\\\/kuzeyinsesi.org\\\/?s={search_term_string}\"},\"query-input\":{\"@type\":\"PropertyValueSpecification\",\"valueRequired\":true,\"valueName\":\"search_term_string\"}}],\"inLanguage\":\"tr\"},{\"@type\":\"Person\",\"@id\":\"https:\\\/\\\/kuzeyinsesi.org\\\/#\\\/schema\\\/person\\\/9f859689cdf01485597712386e37f5aa\",\"name\":\"Kuzeyin Sesi\",\"image\":{\"@type\":\"ImageObject\",\"inLanguage\":\"tr\",\"@id\":\"https:\\\/\\\/secure.gravatar.com\\\/avatar\\\/bab33852abfd8b282518d6ed81826833d77c3c882d9ab608add591ccace47a44?s=96&d=mm&r=g\",\"url\":\"https:\\\/\\\/secure.gravatar.com\\\/avatar\\\/bab33852abfd8b282518d6ed81826833d77c3c882d9ab608add591ccace47a44?s=96&d=mm&r=g\",\"contentUrl\":\"https:\\\/\\\/secure.gravatar.com\\\/avatar\\\/bab33852abfd8b282518d6ed81826833d77c3c882d9ab608add591ccace47a44?s=96&d=mm&r=g\",\"caption\":\"Kuzeyin Sesi\"},\"sameAs\":[\"https:\\\/\\\/kuzeyinsesi.org\"],\"url\":\"https:\\\/\\\/kuzeyinsesi.org\\\/index.php\\\/author\\\/guven\\\/\"}]}<\/script>\n<!-- \/ Yoast SEO plugin. -->","yoast_head_json":{"title":"DA\u00dc\u2019de 20 Temmuz Bar\u0131\u015f ve \u00d6zg\u00fcrl\u00fck Bayram\u0131 foto\u011fraf sergisi d\u00fczenleniyor - Kuzeyin Sesi","robots":{"index":"index","follow":"follow","max-snippet":"max-snippet:-1","max-image-preview":"max-image-preview:large","max-video-preview":"max-video-preview:-1"},"canonical":"https:\/\/kuzeyinsesi.org\/index.php\/2024\/07\/18\/daude-20-temmuz-baris-ve-ozgurluk-bayrami-fotograf-sergisi-duzenleniyor\/","og_locale":"tr_TR","og_type":"article","og_title":"DA\u00dc\u2019de 20 Temmuz Bar\u0131\u015f ve \u00d6zg\u00fcrl\u00fck Bayram\u0131 foto\u011fraf sergisi d\u00fczenleniyor - Kuzeyin Sesi","og_description":"Do\u011fu Akdeniz \u00dcniversitesi (DA\u00dc) Rekt\u00f6rl\u00fc\u011f\u00fc himayelerinde, DA\u00dc Atat\u00fcrk Ara\u015ft\u0131rma ve Uygulama Merkezi (DA\u00dc-ATAUM) ile DA\u00dc \u0130leti\u015fim Fak\u00fcltesi i\u015f birli\u011finde, T\u00fcrk Ajans\u0131 K\u0131br\u0131s (TAK) ve Enformasyon Dairesi katk\u0131lar\u0131yla 20 Temmuz Bar\u0131\u015f ve \u00d6zg\u00fcrl\u00fck Bayram\u0131 foto\u011fraf sergisi d\u00fczenleniyor. DA\u00dc\u2019den yap\u0131lan yaz\u0131l\u0131 a\u00e7\u0131klamaya g\u00f6re, Rauf Raif Denkta\u015f K\u00fclt\u00fcr ve Kongre Saray\u0131\u2019nda organize edilecek olan serginin a\u00e7\u0131l\u0131\u015f\u0131 22 Temmuz [&hellip;]","og_url":"https:\/\/kuzeyinsesi.org\/index.php\/2024\/07\/18\/daude-20-temmuz-baris-ve-ozgurluk-bayrami-fotograf-sergisi-duzenleniyor\/","og_site_name":"Kuzeyin Sesi","article_publisher":"https:\/\/www.facebook.com\/kuzeyinsesii","article_published_time":"2024-07-18T12:03:37+00:00","og_image":[{"url":"https:\/\/brtk.net\/wp-content\/uploads\/2024\/07\/18\/20sergi.jpg?ver=cb794a5a8bfdd964eeb15158d7c2f8ee","type":"","width":"","height":""}],"author":"Kuzeyin Sesi","twitter_card":"summary_large_image","twitter_creator":"@kuzeyinsesii","twitter_site":"@kuzeyinsesii","twitter_misc":{"Yazan:":"Kuzeyin Sesi","Tahmini okuma s\u00fcresi":"1 dakika"},"schema":{"@context":"https:\/\/schema.org","@graph":[{"@type":"Article","@id":"https:\/\/kuzeyinsesi.org\/index.php\/2024\/07\/18\/daude-20-temmuz-baris-ve-ozgurluk-bayrami-fotograf-sergisi-duzenleniyor\/#article","isPartOf":{"@id":"https:\/\/kuzeyinsesi.org\/index.php\/2024\/07\/18\/daude-20-temmuz-baris-ve-ozgurluk-bayrami-fotograf-sergisi-duzenleniyor\/"},"author":{"name":"Kuzeyin Sesi","@id":"https:\/\/kuzeyinsesi.org\/#\/schema\/person\/9f859689cdf01485597712386e37f5aa"},"headline":"DA\u00dc\u2019de 20 Temmuz Bar\u0131\u015f ve \u00d6zg\u00fcrl\u00fck Bayram\u0131 foto\u011fraf sergisi d\u00fczenleniyor","datePublished":"2024-07-18T12:03:37+00:00","mainEntityOfPage":{"@id":"https:\/\/kuzeyinsesi.org\/index.php\/2024\/07\/18\/daude-20-temmuz-baris-ve-ozgurluk-bayrami-fotograf-sergisi-duzenleniyor\/"},"wordCount":217,"commentCount":0,"image":{"@id":"https:\/\/kuzeyinsesi.org\/index.php\/2024\/07\/18\/daude-20-temmuz-baris-ve-ozgurluk-bayrami-fotograf-sergisi-duzenleniyor\/#primaryimage"},"thumbnailUrl":"https:\/\/kuzeyinsesi.org\/wp-content\/uploads\/2024\/07\/20sergi.jpg","articleSection":["Ya\u015fam"],"inLanguage":"tr","potentialAction":[{"@type":"CommentAction","name":"Comment","target":["https:\/\/kuzeyinsesi.org\/index.php\/2024\/07\/18\/daude-20-temmuz-baris-ve-ozgurluk-bayrami-fotograf-sergisi-duzenleniyor\/#respond"]}]},{"@type":"WebPage","@id":"https:\/\/kuzeyinsesi.org\/index.php\/2024\/07\/18\/daude-20-temmuz-baris-ve-ozgurluk-bayrami-fotograf-sergisi-duzenleniyor\/","url":"https:\/\/kuzeyinsesi.org\/index.php\/2024\/07\/18\/daude-20-temmuz-baris-ve-ozgurluk-bayrami-fotograf-sergisi-duzenleniyor\/","name":"DA\u00dc\u2019de 20 Temmuz Bar\u0131\u015f ve \u00d6zg\u00fcrl\u00fck Bayram\u0131 foto\u011fraf sergisi d\u00fczenleniyor - Kuzeyin Sesi","isPartOf":{"@id":"https:\/\/kuzeyinsesi.org\/#website"},"primaryImageOfPage":{"@id":"https:\/\/kuzeyinsesi.org\/index.php\/2024\/07\/18\/daude-20-temmuz-baris-ve-ozgurluk-bayrami-fotograf-sergisi-duzenleniyor\/#primaryimage"},"image":{"@id":"https:\/\/kuzeyinsesi.org\/index.php\/2024\/07\/18\/daude-20-temmuz-baris-ve-ozgurluk-bayrami-fotograf-sergisi-duzenleniyor\/#primaryimage"},"thumbnailUrl":"https:\/\/kuzeyinsesi.org\/wp-content\/uploads\/2024\/07\/20sergi.jpg","datePublished":"2024-07-18T12:03:37+00:00","author":{"@id":"https:\/\/kuzeyinsesi.org\/#\/schema\/person\/9f859689cdf01485597712386e37f5aa"},"breadcrumb":{"@id":"https:\/\/kuzeyinsesi.org\/index.php\/2024\/07\/18\/daude-20-temmuz-baris-ve-ozgurluk-bayrami-fotograf-sergisi-duzenleniyor\/#breadcrumb"},"inLanguage":"tr","potentialAction":[{"@type":"ReadAction","target":["https:\/\/kuzeyinsesi.org\/index.php\/2024\/07\/18\/daude-20-temmuz-baris-ve-ozgurluk-bayrami-fotograf-sergisi-duzenleniyor\/"]}]},{"@type":"ImageObject","inLanguage":"tr","@id":"https:\/\/kuzeyinsesi.org\/index.php\/2024\/07\/18\/daude-20-temmuz-baris-ve-ozgurluk-bayrami-fotograf-sergisi-duzenleniyor\/#primaryimage","url":"https:\/\/kuzeyinsesi.org\/wp-content\/uploads\/2024\/07\/20sergi.jpg","contentUrl":"https:\/\/kuzeyinsesi.org\/wp-content\/uploads\/2024\/07\/20sergi.jpg","width":1099,"height":533},{"@type":"BreadcrumbList","@id":"https:\/\/kuzeyinsesi.org\/index.php\/2024\/07\/18\/daude-20-temmuz-baris-ve-ozgurluk-bayrami-fotograf-sergisi-duzenleniyor\/#breadcrumb","itemListElement":[{"@type":"ListItem","position":1,"name":"Anasayfa","item":"https:\/\/kuzeyinsesi.org\/"},{"@type":"ListItem","position":2,"name":"DA\u00dc\u2019de 20 Temmuz Bar\u0131\u015f ve \u00d6zg\u00fcrl\u00fck Bayram\u0131 foto\u011fraf sergisi d\u00fczenleniyor"}]},{"@type":"WebSite","@id":"https:\/\/kuzeyinsesi.org\/#website","url":"https:\/\/kuzeyinsesi.org\/","name":"Kuzeyin Sesi","description":"Do\u011fru Haberin Adresi","potentialAction":[{"@type":"SearchAction","target":{"@type":"EntryPoint","urlTemplate":"https:\/\/kuzeyinsesi.org\/?s={search_term_string}"},"query-input":{"@type":"PropertyValueSpecification","valueRequired":true,"valueName":"search_term_string"}}],"inLanguage":"tr"},{"@type":"Person","@id":"https:\/\/kuzeyinsesi.org\/#\/schema\/person\/9f859689cdf01485597712386e37f5aa","name":"Kuzeyin Sesi","image":{"@type":"ImageObject","inLanguage":"tr","@id":"https:\/\/secure.gravatar.com\/avatar\/bab33852abfd8b282518d6ed81826833d77c3c882d9ab608add591ccace47a44?s=96&d=mm&r=g","url":"https:\/\/secure.gravatar.com\/avatar\/bab33852abfd8b282518d6ed81826833d77c3c882d9ab608add591ccace47a44?s=96&d=mm&r=g","contentUrl":"https:\/\/secure.gravatar.com\/avatar\/bab33852abfd8b282518d6ed81826833d77c3c882d9ab608add591ccace47a44?s=96&d=mm&r=g","caption":"Kuzeyin Sesi"},"sameAs":["https:\/\/kuzeyinsesi.org"],"url":"https:\/\/kuzeyinsesi.org\/index.php\/author\/guven\/"}]}},"_links":{"self":[{"href":"https:\/\/kuzeyinsesi.org\/index.php\/wp-json\/wp\/v2\/posts\/6596","targetHints":{"allow":["GET"]}}],"collection":[{"href":"https:\/\/kuzeyinsesi.org\/index.php\/wp-json\/wp\/v2\/posts"}],"about":[{"href":"https:\/\/kuzeyinsesi.org\/index.php\/wp-json\/wp\/v2\/types\/post"}],"author":[{"embeddable":true,"href":"https:\/\/kuzeyinsesi.org\/index.php\/wp-json\/wp\/v2\/users\/1"}],"replies":[{"embeddable":true,"href":"https:\/\/kuzeyinsesi.org\/index.php\/wp-json\/wp\/v2\/comments?post=6596"}],"version-history":[{"count":0,"href":"https:\/\/kuzeyinsesi.org\/index.php\/wp-json\/wp\/v2\/posts\/6596\/revisions"}],"wp:featuredmedia":[{"embeddable":true,"href":"https:\/\/kuzeyinsesi.org\/index.php\/wp-json\/wp\/v2\/media\/6597"}],"wp:attachment":[{"href":"https:\/\/kuzeyinsesi.org\/index.php\/wp-json\/wp\/v2\/media?parent=6596"}],"wp:term":[{"taxonomy":"category","embeddable":true,"href":"https:\/\/kuzeyinsesi.org\/index.php\/wp-json\/wp\/v2\/categories?post=6596"},{"taxonomy":"post_tag","embeddable":true,"href":"https:\/\/kuzeyinsesi.org\/index.php\/wp-json\/wp\/v2\/tags?post=6596"}],"curies":[{"name":"wp","href":"https:\/\/api.w.org\/{rel}","templated":true}]}}