{"id":6549,"date":"2024-07-18T10:58:38","date_gmt":"2024-07-18T07:58:38","guid":{"rendered":"https:\/\/kuzeyinsesi.org\/index.php\/2024\/07\/18\/sol-anahtari-sarkilari-dijital-platformlarda-yerini-almaya-basladi\/"},"modified":"2024-07-18T10:58:38","modified_gmt":"2024-07-18T07:58:38","slug":"sol-anahtari-sarkilari-dijital-platformlarda-yerini-almaya-basladi","status":"publish","type":"post","link":"https:\/\/kuzeyinsesi.org\/index.php\/2024\/07\/18\/sol-anahtari-sarkilari-dijital-platformlarda-yerini-almaya-basladi\/","title":{"rendered":"Sol Anahtar\u0131 \u015fark\u0131lar\u0131 dijital platformlarda yerini almaya ba\u015flad\u0131"},"content":{"rendered":"<div>\n<div class=\"mariselle-image-container center\">\n                                            <\/div>\n<p>Baraka K\u00fclt\u00fcr Merkezi M\u00fczik grubu Sol Anahtar\u0131\u2019n\u0131n ilk alb\u00fcm\u00fc \u201cBa\u015fka Bir \u015eark\u0131\u201d t\u00fcm dijital m\u00fczik platformlar\u0131nda yay\u0131nlanmaya ba\u015flad\u0131.<\/p>\n<p>Baraka K\u00fclt\u00fcr Merkezi\u2019nden yap\u0131lan a\u00e7\u0131klamada, Sol Anahtar\u0131\u2019n\u0131n bug\u00fcne kadar yay\u0131nlam\u0131\u015f oldu\u011fu \u00fc\u00e7 adet alb\u00fcm\u00fc ve tekli kay\u0131tlar\u0131n\u0131n yer ald\u0131\u011f\u0131 projelerin dijital platformlara y\u00fcklenmesi \u00e7al\u0131\u015fmalar\u0131nda sona gelindi\u011fi kaydedildi. <\/p>\n<p>Grubun geriye kalan  \u015fark\u0131lar\u0131n\u0131n da yak\u0131n bir zamanda \u201cSpotify\u201d, \u201cApple Music\u201d, \u201cYoutube Music\u201d, \u201cDeezer\u201d, \u201cAmazon Music\u201d, \u201cSoundcloud\u201d gibi platformlardan dinlenebilece\u011fi belirtilen a\u00e7\u0131klamada, a\u015fa\u011f\u0131daki linkten baz\u0131lar\u0131na ula\u015f\u0131labilece\u011fi ifade edildi:<\/p>\n<p>\u201chttps:\/\/push.fm\/fl\/iakiftak\u201d<\/p>\n<\/p><\/div>\n<p><script async\n                    defer\n                    crossorigin=\"anonymous\"\n                    src=\"https:\/\/connect.facebook.net\/tr_TR\/sdk.js#xfbml=1&#038;version=v3.3\"\n            ><\/script><\/p>\n","protected":false},"excerpt":{"rendered":"<p>Baraka K\u00fclt\u00fcr Merkezi M\u00fczik grubu Sol Anahtar\u0131\u2019n\u0131n ilk alb\u00fcm\u00fc \u201cBa\u015fka Bir \u015eark\u0131\u201d t\u00fcm dijital m\u00fczik platformlar\u0131nda yay\u0131nlanmaya ba\u015flad\u0131. Baraka K\u00fclt\u00fcr Merkezi\u2019nden yap\u0131lan a\u00e7\u0131klamada, Sol Anahtar\u0131\u2019n\u0131n bug\u00fcne kadar yay\u0131nlam\u0131\u015f oldu\u011fu \u00fc\u00e7 adet alb\u00fcm\u00fc ve tekli kay\u0131tlar\u0131n\u0131n yer ald\u0131\u011f\u0131 projelerin dijital platformlara y\u00fcklenmesi \u00e7al\u0131\u015fmalar\u0131nda sona gelindi\u011fi kaydedildi. Grubun geriye kalan \u015fark\u0131lar\u0131n\u0131n da yak\u0131n bir zamanda \u201cSpotify\u201d, \u201cApple [&hellip;]<\/p>\n","protected":false},"author":1,"featured_media":6550,"comment_status":"open","ping_status":"open","sticky":false,"template":"","format":"standard","meta":{"jnews-multi-image_gallery":[],"jnews_single_post":[],"jnews_primary_category":[],"jnews_social_meta":[],"jnews_override_counter":[],"footnotes":""},"categories":[6],"tags":[],"class_list":["post-6549","post","type-post","status-publish","format-standard","has-post-thumbnail","hentry","category-yasam"],"yoast_head":"<!-- This site is optimized with the Yoast SEO plugin v27.5 - https:\/\/yoast.com\/product\/yoast-seo-wordpress\/ -->\n<title>Sol Anahtar\u0131 \u015fark\u0131lar\u0131 dijital platformlarda yerini almaya ba\u015flad\u0131 - Kuzeyin Sesi<\/title>\n<meta name=\"robots\" content=\"index, follow, max-snippet:-1, max-image-preview:large, max-video-preview:-1\" \/>\n<link rel=\"canonical\" href=\"https:\/\/kuzeyinsesi.org\/index.php\/2024\/07\/18\/sol-anahtari-sarkilari-dijital-platformlarda-yerini-almaya-basladi\/\" \/>\n<meta property=\"og:locale\" content=\"tr_TR\" \/>\n<meta property=\"og:type\" content=\"article\" \/>\n<meta property=\"og:title\" content=\"Sol Anahtar\u0131 \u015fark\u0131lar\u0131 dijital platformlarda yerini almaya ba\u015flad\u0131 - Kuzeyin Sesi\" \/>\n<meta property=\"og:description\" content=\"Baraka K\u00fclt\u00fcr Merkezi M\u00fczik grubu Sol Anahtar\u0131\u2019n\u0131n ilk alb\u00fcm\u00fc \u201cBa\u015fka Bir \u015eark\u0131\u201d t\u00fcm dijital m\u00fczik platformlar\u0131nda yay\u0131nlanmaya ba\u015flad\u0131. Baraka K\u00fclt\u00fcr Merkezi\u2019nden yap\u0131lan a\u00e7\u0131klamada, Sol Anahtar\u0131\u2019n\u0131n bug\u00fcne kadar yay\u0131nlam\u0131\u015f oldu\u011fu \u00fc\u00e7 adet alb\u00fcm\u00fc ve tekli kay\u0131tlar\u0131n\u0131n yer ald\u0131\u011f\u0131 projelerin dijital platformlara y\u00fcklenmesi \u00e7al\u0131\u015fmalar\u0131nda sona gelindi\u011fi kaydedildi. Grubun geriye kalan \u015fark\u0131lar\u0131n\u0131n da yak\u0131n bir zamanda \u201cSpotify\u201d, \u201cApple [&hellip;]\" \/>\n<meta property=\"og:url\" content=\"https:\/\/kuzeyinsesi.org\/index.php\/2024\/07\/18\/sol-anahtari-sarkilari-dijital-platformlarda-yerini-almaya-basladi\/\" \/>\n<meta property=\"og:site_name\" content=\"Kuzeyin Sesi\" \/>\n<meta property=\"article:publisher\" content=\"https:\/\/www.facebook.com\/kuzeyinsesii\" \/>\n<meta property=\"article:published_time\" content=\"2024-07-18T07:58:38+00:00\" \/>\n<meta property=\"og:image\" content=\"https:\/\/brtk.net\/wp-content\/uploads\/2024\/07\/18\/89.jpeg?ver=e83f7ee05d0d1803279f30c46ae9b665\" \/>\n<meta name=\"author\" content=\"Kuzeyin Sesi\" \/>\n<meta name=\"twitter:card\" content=\"summary_large_image\" \/>\n<meta name=\"twitter:creator\" content=\"@kuzeyinsesii\" \/>\n<meta name=\"twitter:site\" content=\"@kuzeyinsesii\" \/>\n<meta name=\"twitter:label1\" content=\"Yazan:\" \/>\n\t<meta name=\"twitter:data1\" content=\"Kuzeyin Sesi\" \/>\n\t<meta name=\"twitter:label2\" content=\"Tahmini okuma s\u00fcresi\" \/>\n\t<meta name=\"twitter:data2\" content=\"1 dakika\" \/>\n<script type=\"application\/ld+json\" class=\"yoast-schema-graph\">{\"@context\":\"https:\\\/\\\/schema.org\",\"@graph\":[{\"@type\":\"Article\",\"@id\":\"https:\\\/\\\/kuzeyinsesi.org\\\/index.php\\\/2024\\\/07\\\/18\\\/sol-anahtari-sarkilari-dijital-platformlarda-yerini-almaya-basladi\\\/#article\",\"isPartOf\":{\"@id\":\"https:\\\/\\\/kuzeyinsesi.org\\\/index.php\\\/2024\\\/07\\\/18\\\/sol-anahtari-sarkilari-dijital-platformlarda-yerini-almaya-basladi\\\/\"},\"author\":{\"name\":\"Kuzeyin Sesi\",\"@id\":\"https:\\\/\\\/kuzeyinsesi.org\\\/#\\\/schema\\\/person\\\/9f859689cdf01485597712386e37f5aa\"},\"headline\":\"Sol Anahtar\u0131 \u015fark\u0131lar\u0131 dijital platformlarda yerini almaya ba\u015flad\u0131\",\"datePublished\":\"2024-07-18T07:58:38+00:00\",\"mainEntityOfPage\":{\"@id\":\"https:\\\/\\\/kuzeyinsesi.org\\\/index.php\\\/2024\\\/07\\\/18\\\/sol-anahtari-sarkilari-dijital-platformlarda-yerini-almaya-basladi\\\/\"},\"wordCount\":129,\"commentCount\":0,\"image\":{\"@id\":\"https:\\\/\\\/kuzeyinsesi.org\\\/index.php\\\/2024\\\/07\\\/18\\\/sol-anahtari-sarkilari-dijital-platformlarda-yerini-almaya-basladi\\\/#primaryimage\"},\"thumbnailUrl\":\"https:\\\/\\\/kuzeyinsesi.org\\\/wp-content\\\/uploads\\\/2024\\\/07\\\/89.jpeg\",\"articleSection\":[\"Ya\u015fam\"],\"inLanguage\":\"tr\",\"potentialAction\":[{\"@type\":\"CommentAction\",\"name\":\"Comment\",\"target\":[\"https:\\\/\\\/kuzeyinsesi.org\\\/index.php\\\/2024\\\/07\\\/18\\\/sol-anahtari-sarkilari-dijital-platformlarda-yerini-almaya-basladi\\\/#respond\"]}]},{\"@type\":\"WebPage\",\"@id\":\"https:\\\/\\\/kuzeyinsesi.org\\\/index.php\\\/2024\\\/07\\\/18\\\/sol-anahtari-sarkilari-dijital-platformlarda-yerini-almaya-basladi\\\/\",\"url\":\"https:\\\/\\\/kuzeyinsesi.org\\\/index.php\\\/2024\\\/07\\\/18\\\/sol-anahtari-sarkilari-dijital-platformlarda-yerini-almaya-basladi\\\/\",\"name\":\"Sol Anahtar\u0131 \u015fark\u0131lar\u0131 dijital platformlarda yerini almaya ba\u015flad\u0131 - Kuzeyin Sesi\",\"isPartOf\":{\"@id\":\"https:\\\/\\\/kuzeyinsesi.org\\\/#website\"},\"primaryImageOfPage\":{\"@id\":\"https:\\\/\\\/kuzeyinsesi.org\\\/index.php\\\/2024\\\/07\\\/18\\\/sol-anahtari-sarkilari-dijital-platformlarda-yerini-almaya-basladi\\\/#primaryimage\"},\"image\":{\"@id\":\"https:\\\/\\\/kuzeyinsesi.org\\\/index.php\\\/2024\\\/07\\\/18\\\/sol-anahtari-sarkilari-dijital-platformlarda-yerini-almaya-basladi\\\/#primaryimage\"},\"thumbnailUrl\":\"https:\\\/\\\/kuzeyinsesi.org\\\/wp-content\\\/uploads\\\/2024\\\/07\\\/89.jpeg\",\"datePublished\":\"2024-07-18T07:58:38+00:00\",\"author\":{\"@id\":\"https:\\\/\\\/kuzeyinsesi.org\\\/#\\\/schema\\\/person\\\/9f859689cdf01485597712386e37f5aa\"},\"breadcrumb\":{\"@id\":\"https:\\\/\\\/kuzeyinsesi.org\\\/index.php\\\/2024\\\/07\\\/18\\\/sol-anahtari-sarkilari-dijital-platformlarda-yerini-almaya-basladi\\\/#breadcrumb\"},\"inLanguage\":\"tr\",\"potentialAction\":[{\"@type\":\"ReadAction\",\"target\":[\"https:\\\/\\\/kuzeyinsesi.org\\\/index.php\\\/2024\\\/07\\\/18\\\/sol-anahtari-sarkilari-dijital-platformlarda-yerini-almaya-basladi\\\/\"]}]},{\"@type\":\"ImageObject\",\"inLanguage\":\"tr\",\"@id\":\"https:\\\/\\\/kuzeyinsesi.org\\\/index.php\\\/2024\\\/07\\\/18\\\/sol-anahtari-sarkilari-dijital-platformlarda-yerini-almaya-basladi\\\/#primaryimage\",\"url\":\"https:\\\/\\\/kuzeyinsesi.org\\\/wp-content\\\/uploads\\\/2024\\\/07\\\/89.jpeg\",\"contentUrl\":\"https:\\\/\\\/kuzeyinsesi.org\\\/wp-content\\\/uploads\\\/2024\\\/07\\\/89.jpeg\",\"width\":1080,\"height\":532},{\"@type\":\"BreadcrumbList\",\"@id\":\"https:\\\/\\\/kuzeyinsesi.org\\\/index.php\\\/2024\\\/07\\\/18\\\/sol-anahtari-sarkilari-dijital-platformlarda-yerini-almaya-basladi\\\/#breadcrumb\",\"itemListElement\":[{\"@type\":\"ListItem\",\"position\":1,\"name\":\"Anasayfa\",\"item\":\"https:\\\/\\\/kuzeyinsesi.org\\\/\"},{\"@type\":\"ListItem\",\"position\":2,\"name\":\"Sol Anahtar\u0131 \u015fark\u0131lar\u0131 dijital platformlarda yerini almaya ba\u015flad\u0131\"}]},{\"@type\":\"WebSite\",\"@id\":\"https:\\\/\\\/kuzeyinsesi.org\\\/#website\",\"url\":\"https:\\\/\\\/kuzeyinsesi.org\\\/\",\"name\":\"Kuzeyin Sesi\",\"description\":\"Do\u011fru Haberin Adresi\",\"potentialAction\":[{\"@type\":\"SearchAction\",\"target\":{\"@type\":\"EntryPoint\",\"urlTemplate\":\"https:\\\/\\\/kuzeyinsesi.org\\\/?s={search_term_string}\"},\"query-input\":{\"@type\":\"PropertyValueSpecification\",\"valueRequired\":true,\"valueName\":\"search_term_string\"}}],\"inLanguage\":\"tr\"},{\"@type\":\"Person\",\"@id\":\"https:\\\/\\\/kuzeyinsesi.org\\\/#\\\/schema\\\/person\\\/9f859689cdf01485597712386e37f5aa\",\"name\":\"Kuzeyin Sesi\",\"image\":{\"@type\":\"ImageObject\",\"inLanguage\":\"tr\",\"@id\":\"https:\\\/\\\/secure.gravatar.com\\\/avatar\\\/bab33852abfd8b282518d6ed81826833d77c3c882d9ab608add591ccace47a44?s=96&d=mm&r=g\",\"url\":\"https:\\\/\\\/secure.gravatar.com\\\/avatar\\\/bab33852abfd8b282518d6ed81826833d77c3c882d9ab608add591ccace47a44?s=96&d=mm&r=g\",\"contentUrl\":\"https:\\\/\\\/secure.gravatar.com\\\/avatar\\\/bab33852abfd8b282518d6ed81826833d77c3c882d9ab608add591ccace47a44?s=96&d=mm&r=g\",\"caption\":\"Kuzeyin Sesi\"},\"sameAs\":[\"https:\\\/\\\/kuzeyinsesi.org\"],\"url\":\"https:\\\/\\\/kuzeyinsesi.org\\\/index.php\\\/author\\\/guven\\\/\"}]}<\/script>\n<!-- \/ Yoast SEO plugin. -->","yoast_head_json":{"title":"Sol Anahtar\u0131 \u015fark\u0131lar\u0131 dijital platformlarda yerini almaya ba\u015flad\u0131 - Kuzeyin Sesi","robots":{"index":"index","follow":"follow","max-snippet":"max-snippet:-1","max-image-preview":"max-image-preview:large","max-video-preview":"max-video-preview:-1"},"canonical":"https:\/\/kuzeyinsesi.org\/index.php\/2024\/07\/18\/sol-anahtari-sarkilari-dijital-platformlarda-yerini-almaya-basladi\/","og_locale":"tr_TR","og_type":"article","og_title":"Sol Anahtar\u0131 \u015fark\u0131lar\u0131 dijital platformlarda yerini almaya ba\u015flad\u0131 - Kuzeyin Sesi","og_description":"Baraka K\u00fclt\u00fcr Merkezi M\u00fczik grubu Sol Anahtar\u0131\u2019n\u0131n ilk alb\u00fcm\u00fc \u201cBa\u015fka Bir \u015eark\u0131\u201d t\u00fcm dijital m\u00fczik platformlar\u0131nda yay\u0131nlanmaya ba\u015flad\u0131. Baraka K\u00fclt\u00fcr Merkezi\u2019nden yap\u0131lan a\u00e7\u0131klamada, Sol Anahtar\u0131\u2019n\u0131n bug\u00fcne kadar yay\u0131nlam\u0131\u015f oldu\u011fu \u00fc\u00e7 adet alb\u00fcm\u00fc ve tekli kay\u0131tlar\u0131n\u0131n yer ald\u0131\u011f\u0131 projelerin dijital platformlara y\u00fcklenmesi \u00e7al\u0131\u015fmalar\u0131nda sona gelindi\u011fi kaydedildi. Grubun geriye kalan \u015fark\u0131lar\u0131n\u0131n da yak\u0131n bir zamanda \u201cSpotify\u201d, \u201cApple [&hellip;]","og_url":"https:\/\/kuzeyinsesi.org\/index.php\/2024\/07\/18\/sol-anahtari-sarkilari-dijital-platformlarda-yerini-almaya-basladi\/","og_site_name":"Kuzeyin Sesi","article_publisher":"https:\/\/www.facebook.com\/kuzeyinsesii","article_published_time":"2024-07-18T07:58:38+00:00","og_image":[{"url":"https:\/\/brtk.net\/wp-content\/uploads\/2024\/07\/18\/89.jpeg?ver=e83f7ee05d0d1803279f30c46ae9b665","type":"","width":"","height":""}],"author":"Kuzeyin Sesi","twitter_card":"summary_large_image","twitter_creator":"@kuzeyinsesii","twitter_site":"@kuzeyinsesii","twitter_misc":{"Yazan:":"Kuzeyin Sesi","Tahmini okuma s\u00fcresi":"1 dakika"},"schema":{"@context":"https:\/\/schema.org","@graph":[{"@type":"Article","@id":"https:\/\/kuzeyinsesi.org\/index.php\/2024\/07\/18\/sol-anahtari-sarkilari-dijital-platformlarda-yerini-almaya-basladi\/#article","isPartOf":{"@id":"https:\/\/kuzeyinsesi.org\/index.php\/2024\/07\/18\/sol-anahtari-sarkilari-dijital-platformlarda-yerini-almaya-basladi\/"},"author":{"name":"Kuzeyin Sesi","@id":"https:\/\/kuzeyinsesi.org\/#\/schema\/person\/9f859689cdf01485597712386e37f5aa"},"headline":"Sol Anahtar\u0131 \u015fark\u0131lar\u0131 dijital platformlarda yerini almaya ba\u015flad\u0131","datePublished":"2024-07-18T07:58:38+00:00","mainEntityOfPage":{"@id":"https:\/\/kuzeyinsesi.org\/index.php\/2024\/07\/18\/sol-anahtari-sarkilari-dijital-platformlarda-yerini-almaya-basladi\/"},"wordCount":129,"commentCount":0,"image":{"@id":"https:\/\/kuzeyinsesi.org\/index.php\/2024\/07\/18\/sol-anahtari-sarkilari-dijital-platformlarda-yerini-almaya-basladi\/#primaryimage"},"thumbnailUrl":"https:\/\/kuzeyinsesi.org\/wp-content\/uploads\/2024\/07\/89.jpeg","articleSection":["Ya\u015fam"],"inLanguage":"tr","potentialAction":[{"@type":"CommentAction","name":"Comment","target":["https:\/\/kuzeyinsesi.org\/index.php\/2024\/07\/18\/sol-anahtari-sarkilari-dijital-platformlarda-yerini-almaya-basladi\/#respond"]}]},{"@type":"WebPage","@id":"https:\/\/kuzeyinsesi.org\/index.php\/2024\/07\/18\/sol-anahtari-sarkilari-dijital-platformlarda-yerini-almaya-basladi\/","url":"https:\/\/kuzeyinsesi.org\/index.php\/2024\/07\/18\/sol-anahtari-sarkilari-dijital-platformlarda-yerini-almaya-basladi\/","name":"Sol Anahtar\u0131 \u015fark\u0131lar\u0131 dijital platformlarda yerini almaya ba\u015flad\u0131 - Kuzeyin Sesi","isPartOf":{"@id":"https:\/\/kuzeyinsesi.org\/#website"},"primaryImageOfPage":{"@id":"https:\/\/kuzeyinsesi.org\/index.php\/2024\/07\/18\/sol-anahtari-sarkilari-dijital-platformlarda-yerini-almaya-basladi\/#primaryimage"},"image":{"@id":"https:\/\/kuzeyinsesi.org\/index.php\/2024\/07\/18\/sol-anahtari-sarkilari-dijital-platformlarda-yerini-almaya-basladi\/#primaryimage"},"thumbnailUrl":"https:\/\/kuzeyinsesi.org\/wp-content\/uploads\/2024\/07\/89.jpeg","datePublished":"2024-07-18T07:58:38+00:00","author":{"@id":"https:\/\/kuzeyinsesi.org\/#\/schema\/person\/9f859689cdf01485597712386e37f5aa"},"breadcrumb":{"@id":"https:\/\/kuzeyinsesi.org\/index.php\/2024\/07\/18\/sol-anahtari-sarkilari-dijital-platformlarda-yerini-almaya-basladi\/#breadcrumb"},"inLanguage":"tr","potentialAction":[{"@type":"ReadAction","target":["https:\/\/kuzeyinsesi.org\/index.php\/2024\/07\/18\/sol-anahtari-sarkilari-dijital-platformlarda-yerini-almaya-basladi\/"]}]},{"@type":"ImageObject","inLanguage":"tr","@id":"https:\/\/kuzeyinsesi.org\/index.php\/2024\/07\/18\/sol-anahtari-sarkilari-dijital-platformlarda-yerini-almaya-basladi\/#primaryimage","url":"https:\/\/kuzeyinsesi.org\/wp-content\/uploads\/2024\/07\/89.jpeg","contentUrl":"https:\/\/kuzeyinsesi.org\/wp-content\/uploads\/2024\/07\/89.jpeg","width":1080,"height":532},{"@type":"BreadcrumbList","@id":"https:\/\/kuzeyinsesi.org\/index.php\/2024\/07\/18\/sol-anahtari-sarkilari-dijital-platformlarda-yerini-almaya-basladi\/#breadcrumb","itemListElement":[{"@type":"ListItem","position":1,"name":"Anasayfa","item":"https:\/\/kuzeyinsesi.org\/"},{"@type":"ListItem","position":2,"name":"Sol Anahtar\u0131 \u015fark\u0131lar\u0131 dijital platformlarda yerini almaya ba\u015flad\u0131"}]},{"@type":"WebSite","@id":"https:\/\/kuzeyinsesi.org\/#website","url":"https:\/\/kuzeyinsesi.org\/","name":"Kuzeyin Sesi","description":"Do\u011fru Haberin Adresi","potentialAction":[{"@type":"SearchAction","target":{"@type":"EntryPoint","urlTemplate":"https:\/\/kuzeyinsesi.org\/?s={search_term_string}"},"query-input":{"@type":"PropertyValueSpecification","valueRequired":true,"valueName":"search_term_string"}}],"inLanguage":"tr"},{"@type":"Person","@id":"https:\/\/kuzeyinsesi.org\/#\/schema\/person\/9f859689cdf01485597712386e37f5aa","name":"Kuzeyin Sesi","image":{"@type":"ImageObject","inLanguage":"tr","@id":"https:\/\/secure.gravatar.com\/avatar\/bab33852abfd8b282518d6ed81826833d77c3c882d9ab608add591ccace47a44?s=96&d=mm&r=g","url":"https:\/\/secure.gravatar.com\/avatar\/bab33852abfd8b282518d6ed81826833d77c3c882d9ab608add591ccace47a44?s=96&d=mm&r=g","contentUrl":"https:\/\/secure.gravatar.com\/avatar\/bab33852abfd8b282518d6ed81826833d77c3c882d9ab608add591ccace47a44?s=96&d=mm&r=g","caption":"Kuzeyin Sesi"},"sameAs":["https:\/\/kuzeyinsesi.org"],"url":"https:\/\/kuzeyinsesi.org\/index.php\/author\/guven\/"}]}},"_links":{"self":[{"href":"https:\/\/kuzeyinsesi.org\/index.php\/wp-json\/wp\/v2\/posts\/6549","targetHints":{"allow":["GET"]}}],"collection":[{"href":"https:\/\/kuzeyinsesi.org\/index.php\/wp-json\/wp\/v2\/posts"}],"about":[{"href":"https:\/\/kuzeyinsesi.org\/index.php\/wp-json\/wp\/v2\/types\/post"}],"author":[{"embeddable":true,"href":"https:\/\/kuzeyinsesi.org\/index.php\/wp-json\/wp\/v2\/users\/1"}],"replies":[{"embeddable":true,"href":"https:\/\/kuzeyinsesi.org\/index.php\/wp-json\/wp\/v2\/comments?post=6549"}],"version-history":[{"count":0,"href":"https:\/\/kuzeyinsesi.org\/index.php\/wp-json\/wp\/v2\/posts\/6549\/revisions"}],"wp:featuredmedia":[{"embeddable":true,"href":"https:\/\/kuzeyinsesi.org\/index.php\/wp-json\/wp\/v2\/media\/6550"}],"wp:attachment":[{"href":"https:\/\/kuzeyinsesi.org\/index.php\/wp-json\/wp\/v2\/media?parent=6549"}],"wp:term":[{"taxonomy":"category","embeddable":true,"href":"https:\/\/kuzeyinsesi.org\/index.php\/wp-json\/wp\/v2\/categories?post=6549"},{"taxonomy":"post_tag","embeddable":true,"href":"https:\/\/kuzeyinsesi.org\/index.php\/wp-json\/wp\/v2\/tags?post=6549"}],"curies":[{"name":"wp","href":"https:\/\/api.w.org\/{rel}","templated":true}]}}