{"id":6517,"date":"2024-07-17T14:18:39","date_gmt":"2024-07-17T11:18:39","guid":{"rendered":"https:\/\/kuzeyinsesi.org\/index.php\/2024\/07\/17\/bulent-gunkutun-kitabi-24-temmuzda-tanitilacak-ayni-gun-sergisi-de-acilacak\/"},"modified":"2024-07-17T14:18:39","modified_gmt":"2024-07-17T11:18:39","slug":"bulent-gunkutun-kitabi-24-temmuzda-tanitilacak-ayni-gun-sergisi-de-acilacak","status":"publish","type":"post","link":"https:\/\/kuzeyinsesi.org\/index.php\/2024\/07\/17\/bulent-gunkutun-kitabi-24-temmuzda-tanitilacak-ayni-gun-sergisi-de-acilacak\/","title":{"rendered":"B\u00fclent G\u00fcnkut\u2019un kitab\u0131 24 Temmuz\u2019da tan\u0131t\u0131lacak, ayn\u0131 g\u00fcn sergisi de a\u00e7\u0131lacak"},"content":{"rendered":"<div>\n<div class=\"mariselle-image-container none\">\n                                            <\/div>\n<p>\u00a0B\u00fclent G\u00fcnkut\u2019un 70 y\u0131ll\u0131k ya\u015fam\u0131n\u0131 konu alan kitab\u0131 24 Temmuz\u2019da tan\u0131t\u0131lacak, foto\u011fraf sergisi de ayn\u0131 g\u00fcn a\u00e7\u0131lacak.<\/p>\n<p>\u201cB\u00fclent G\u00fcnkut 70\u201d\u00a0kitab\u0131n\u0131n tan\u0131t\u0131m etkinli\u011fiyle imza g\u00fcn\u00fc ve\u00a0\u201c70 Foto\u011fraf Karesi ile B\u00fclent G\u00fcnkut\u201d sergisinin a\u00e7\u0131l\u0131\u015f\u0131 saat 20.00\u2019de\u00a0Lefko\u015fa Atat\u00fcrk K\u00fclt\u00fcr Merkezi\u2019nde (AKM) yap\u0131lacak<\/p>\n<p>G\u00fcnkut, konuyla ilgili yaz\u0131l\u0131 a\u00e7\u0131klamas\u0131nda geliri Kanser Hastalar\u0131na Yard\u0131m Derne\u011fi\u2019ne ba\u011f\u0131\u015flanacak kitab\u0131n\u00a0\u00a0imza g\u00fcn\u00fcnden sonra Deniz Plaza \u015fubelerinden veya\u00a0\u00a0I\u015f\u0131k Kitabevi\u2019nden temin edilebilece\u011fini kaydetti.<\/p>\n<\/p><\/div>\n<p><script async\n                    defer\n                    crossorigin=\"anonymous\"\n                    src=\"https:\/\/connect.facebook.net\/tr_TR\/sdk.js#xfbml=1&#038;version=v3.3\"\n            ><\/script><\/p>\n","protected":false},"excerpt":{"rendered":"<p>\u00a0B\u00fclent G\u00fcnkut\u2019un 70 y\u0131ll\u0131k ya\u015fam\u0131n\u0131 konu alan kitab\u0131 24 Temmuz\u2019da tan\u0131t\u0131lacak, foto\u011fraf sergisi de ayn\u0131 g\u00fcn a\u00e7\u0131lacak. \u201cB\u00fclent G\u00fcnkut 70\u201d\u00a0kitab\u0131n\u0131n tan\u0131t\u0131m etkinli\u011fiyle imza g\u00fcn\u00fc ve\u00a0\u201c70 Foto\u011fraf Karesi ile B\u00fclent G\u00fcnkut\u201d sergisinin a\u00e7\u0131l\u0131\u015f\u0131 saat 20.00\u2019de\u00a0Lefko\u015fa Atat\u00fcrk K\u00fclt\u00fcr Merkezi\u2019nde (AKM) yap\u0131lacak G\u00fcnkut, konuyla ilgili yaz\u0131l\u0131 a\u00e7\u0131klamas\u0131nda geliri Kanser Hastalar\u0131na Yard\u0131m Derne\u011fi\u2019ne ba\u011f\u0131\u015flanacak kitab\u0131n\u00a0\u00a0imza g\u00fcn\u00fcnden sonra Deniz Plaza [&hellip;]<\/p>\n","protected":false},"author":1,"featured_media":6518,"comment_status":"open","ping_status":"open","sticky":false,"template":"","format":"standard","meta":{"jnews-multi-image_gallery":[],"jnews_single_post":[],"jnews_primary_category":[],"jnews_social_meta":[],"jnews_override_counter":[],"footnotes":""},"categories":[6],"tags":[],"class_list":["post-6517","post","type-post","status-publish","format-standard","has-post-thumbnail","hentry","category-yasam"],"yoast_head":"<!-- This site is optimized with the Yoast SEO plugin v27.5 - https:\/\/yoast.com\/product\/yoast-seo-wordpress\/ -->\n<title>B\u00fclent G\u00fcnkut\u2019un kitab\u0131 24 Temmuz\u2019da tan\u0131t\u0131lacak, ayn\u0131 g\u00fcn sergisi de a\u00e7\u0131lacak - Kuzeyin Sesi<\/title>\n<meta name=\"robots\" content=\"index, follow, max-snippet:-1, max-image-preview:large, max-video-preview:-1\" \/>\n<link rel=\"canonical\" href=\"https:\/\/kuzeyinsesi.org\/index.php\/2024\/07\/17\/bulent-gunkutun-kitabi-24-temmuzda-tanitilacak-ayni-gun-sergisi-de-acilacak\/\" \/>\n<meta property=\"og:locale\" content=\"tr_TR\" \/>\n<meta property=\"og:type\" content=\"article\" \/>\n<meta property=\"og:title\" content=\"B\u00fclent G\u00fcnkut\u2019un kitab\u0131 24 Temmuz\u2019da tan\u0131t\u0131lacak, ayn\u0131 g\u00fcn sergisi de a\u00e7\u0131lacak - Kuzeyin Sesi\" \/>\n<meta property=\"og:description\" content=\"\u00a0B\u00fclent G\u00fcnkut\u2019un 70 y\u0131ll\u0131k ya\u015fam\u0131n\u0131 konu alan kitab\u0131 24 Temmuz\u2019da tan\u0131t\u0131lacak, foto\u011fraf sergisi de ayn\u0131 g\u00fcn a\u00e7\u0131lacak. \u201cB\u00fclent G\u00fcnkut 70\u201d\u00a0kitab\u0131n\u0131n tan\u0131t\u0131m etkinli\u011fiyle imza g\u00fcn\u00fc ve\u00a0\u201c70 Foto\u011fraf Karesi ile B\u00fclent G\u00fcnkut\u201d sergisinin a\u00e7\u0131l\u0131\u015f\u0131 saat 20.00\u2019de\u00a0Lefko\u015fa Atat\u00fcrk K\u00fclt\u00fcr Merkezi\u2019nde (AKM) yap\u0131lacak G\u00fcnkut, konuyla ilgili yaz\u0131l\u0131 a\u00e7\u0131klamas\u0131nda geliri Kanser Hastalar\u0131na Yard\u0131m Derne\u011fi\u2019ne ba\u011f\u0131\u015flanacak kitab\u0131n\u00a0\u00a0imza g\u00fcn\u00fcnden sonra Deniz Plaza [&hellip;]\" \/>\n<meta property=\"og:url\" content=\"https:\/\/kuzeyinsesi.org\/index.php\/2024\/07\/17\/bulent-gunkutun-kitabi-24-temmuzda-tanitilacak-ayni-gun-sergisi-de-acilacak\/\" \/>\n<meta property=\"og:site_name\" content=\"Kuzeyin Sesi\" \/>\n<meta property=\"article:publisher\" content=\"https:\/\/www.facebook.com\/kuzeyinsesii\" \/>\n<meta property=\"article:published_time\" content=\"2024-07-17T11:18:39+00:00\" \/>\n<meta property=\"og:image\" content=\"https:\/\/brtk.net\/wp-content\/uploads\/2024\/07\/17\/bulent-gunkut-70-11.jpg?ver=6944fb3bd16654629eab86ebbbd5c218\" \/>\n<meta name=\"author\" content=\"Kuzeyin Sesi\" \/>\n<meta name=\"twitter:card\" content=\"summary_large_image\" \/>\n<meta name=\"twitter:creator\" content=\"@kuzeyinsesii\" \/>\n<meta name=\"twitter:site\" content=\"@kuzeyinsesii\" \/>\n<meta name=\"twitter:label1\" content=\"Yazan:\" \/>\n\t<meta name=\"twitter:data1\" content=\"Kuzeyin Sesi\" \/>\n\t<meta name=\"twitter:label2\" content=\"Tahmini okuma s\u00fcresi\" \/>\n\t<meta name=\"twitter:data2\" content=\"1 dakika\" \/>\n<script type=\"application\/ld+json\" class=\"yoast-schema-graph\">{\"@context\":\"https:\\\/\\\/schema.org\",\"@graph\":[{\"@type\":\"Article\",\"@id\":\"https:\\\/\\\/kuzeyinsesi.org\\\/index.php\\\/2024\\\/07\\\/17\\\/bulent-gunkutun-kitabi-24-temmuzda-tanitilacak-ayni-gun-sergisi-de-acilacak\\\/#article\",\"isPartOf\":{\"@id\":\"https:\\\/\\\/kuzeyinsesi.org\\\/index.php\\\/2024\\\/07\\\/17\\\/bulent-gunkutun-kitabi-24-temmuzda-tanitilacak-ayni-gun-sergisi-de-acilacak\\\/\"},\"author\":{\"name\":\"Kuzeyin Sesi\",\"@id\":\"https:\\\/\\\/kuzeyinsesi.org\\\/#\\\/schema\\\/person\\\/9f859689cdf01485597712386e37f5aa\"},\"headline\":\"B\u00fclent G\u00fcnkut\u2019un kitab\u0131 24 Temmuz\u2019da tan\u0131t\u0131lacak, ayn\u0131 g\u00fcn sergisi de a\u00e7\u0131lacak\",\"datePublished\":\"2024-07-17T11:18:39+00:00\",\"mainEntityOfPage\":{\"@id\":\"https:\\\/\\\/kuzeyinsesi.org\\\/index.php\\\/2024\\\/07\\\/17\\\/bulent-gunkutun-kitabi-24-temmuzda-tanitilacak-ayni-gun-sergisi-de-acilacak\\\/\"},\"wordCount\":126,\"commentCount\":0,\"image\":{\"@id\":\"https:\\\/\\\/kuzeyinsesi.org\\\/index.php\\\/2024\\\/07\\\/17\\\/bulent-gunkutun-kitabi-24-temmuzda-tanitilacak-ayni-gun-sergisi-de-acilacak\\\/#primaryimage\"},\"thumbnailUrl\":\"https:\\\/\\\/kuzeyinsesi.org\\\/wp-content\\\/uploads\\\/2024\\\/07\\\/bulent-gunkut-70-11.jpg\",\"articleSection\":[\"Ya\u015fam\"],\"inLanguage\":\"tr\",\"potentialAction\":[{\"@type\":\"CommentAction\",\"name\":\"Comment\",\"target\":[\"https:\\\/\\\/kuzeyinsesi.org\\\/index.php\\\/2024\\\/07\\\/17\\\/bulent-gunkutun-kitabi-24-temmuzda-tanitilacak-ayni-gun-sergisi-de-acilacak\\\/#respond\"]}]},{\"@type\":\"WebPage\",\"@id\":\"https:\\\/\\\/kuzeyinsesi.org\\\/index.php\\\/2024\\\/07\\\/17\\\/bulent-gunkutun-kitabi-24-temmuzda-tanitilacak-ayni-gun-sergisi-de-acilacak\\\/\",\"url\":\"https:\\\/\\\/kuzeyinsesi.org\\\/index.php\\\/2024\\\/07\\\/17\\\/bulent-gunkutun-kitabi-24-temmuzda-tanitilacak-ayni-gun-sergisi-de-acilacak\\\/\",\"name\":\"B\u00fclent G\u00fcnkut\u2019un kitab\u0131 24 Temmuz\u2019da tan\u0131t\u0131lacak, ayn\u0131 g\u00fcn sergisi de a\u00e7\u0131lacak - Kuzeyin Sesi\",\"isPartOf\":{\"@id\":\"https:\\\/\\\/kuzeyinsesi.org\\\/#website\"},\"primaryImageOfPage\":{\"@id\":\"https:\\\/\\\/kuzeyinsesi.org\\\/index.php\\\/2024\\\/07\\\/17\\\/bulent-gunkutun-kitabi-24-temmuzda-tanitilacak-ayni-gun-sergisi-de-acilacak\\\/#primaryimage\"},\"image\":{\"@id\":\"https:\\\/\\\/kuzeyinsesi.org\\\/index.php\\\/2024\\\/07\\\/17\\\/bulent-gunkutun-kitabi-24-temmuzda-tanitilacak-ayni-gun-sergisi-de-acilacak\\\/#primaryimage\"},\"thumbnailUrl\":\"https:\\\/\\\/kuzeyinsesi.org\\\/wp-content\\\/uploads\\\/2024\\\/07\\\/bulent-gunkut-70-11.jpg\",\"datePublished\":\"2024-07-17T11:18:39+00:00\",\"author\":{\"@id\":\"https:\\\/\\\/kuzeyinsesi.org\\\/#\\\/schema\\\/person\\\/9f859689cdf01485597712386e37f5aa\"},\"breadcrumb\":{\"@id\":\"https:\\\/\\\/kuzeyinsesi.org\\\/index.php\\\/2024\\\/07\\\/17\\\/bulent-gunkutun-kitabi-24-temmuzda-tanitilacak-ayni-gun-sergisi-de-acilacak\\\/#breadcrumb\"},\"inLanguage\":\"tr\",\"potentialAction\":[{\"@type\":\"ReadAction\",\"target\":[\"https:\\\/\\\/kuzeyinsesi.org\\\/index.php\\\/2024\\\/07\\\/17\\\/bulent-gunkutun-kitabi-24-temmuzda-tanitilacak-ayni-gun-sergisi-de-acilacak\\\/\"]}]},{\"@type\":\"ImageObject\",\"inLanguage\":\"tr\",\"@id\":\"https:\\\/\\\/kuzeyinsesi.org\\\/index.php\\\/2024\\\/07\\\/17\\\/bulent-gunkutun-kitabi-24-temmuzda-tanitilacak-ayni-gun-sergisi-de-acilacak\\\/#primaryimage\",\"url\":\"https:\\\/\\\/kuzeyinsesi.org\\\/wp-content\\\/uploads\\\/2024\\\/07\\\/bulent-gunkut-70-11.jpg\",\"contentUrl\":\"https:\\\/\\\/kuzeyinsesi.org\\\/wp-content\\\/uploads\\\/2024\\\/07\\\/bulent-gunkut-70-11.jpg\",\"width\":929,\"height\":554},{\"@type\":\"BreadcrumbList\",\"@id\":\"https:\\\/\\\/kuzeyinsesi.org\\\/index.php\\\/2024\\\/07\\\/17\\\/bulent-gunkutun-kitabi-24-temmuzda-tanitilacak-ayni-gun-sergisi-de-acilacak\\\/#breadcrumb\",\"itemListElement\":[{\"@type\":\"ListItem\",\"position\":1,\"name\":\"Anasayfa\",\"item\":\"https:\\\/\\\/kuzeyinsesi.org\\\/\"},{\"@type\":\"ListItem\",\"position\":2,\"name\":\"B\u00fclent G\u00fcnkut\u2019un kitab\u0131 24 Temmuz\u2019da tan\u0131t\u0131lacak, ayn\u0131 g\u00fcn sergisi de a\u00e7\u0131lacak\"}]},{\"@type\":\"WebSite\",\"@id\":\"https:\\\/\\\/kuzeyinsesi.org\\\/#website\",\"url\":\"https:\\\/\\\/kuzeyinsesi.org\\\/\",\"name\":\"Kuzeyin Sesi\",\"description\":\"Do\u011fru Haberin Adresi\",\"potentialAction\":[{\"@type\":\"SearchAction\",\"target\":{\"@type\":\"EntryPoint\",\"urlTemplate\":\"https:\\\/\\\/kuzeyinsesi.org\\\/?s={search_term_string}\"},\"query-input\":{\"@type\":\"PropertyValueSpecification\",\"valueRequired\":true,\"valueName\":\"search_term_string\"}}],\"inLanguage\":\"tr\"},{\"@type\":\"Person\",\"@id\":\"https:\\\/\\\/kuzeyinsesi.org\\\/#\\\/schema\\\/person\\\/9f859689cdf01485597712386e37f5aa\",\"name\":\"Kuzeyin Sesi\",\"image\":{\"@type\":\"ImageObject\",\"inLanguage\":\"tr\",\"@id\":\"https:\\\/\\\/secure.gravatar.com\\\/avatar\\\/bab33852abfd8b282518d6ed81826833d77c3c882d9ab608add591ccace47a44?s=96&d=mm&r=g\",\"url\":\"https:\\\/\\\/secure.gravatar.com\\\/avatar\\\/bab33852abfd8b282518d6ed81826833d77c3c882d9ab608add591ccace47a44?s=96&d=mm&r=g\",\"contentUrl\":\"https:\\\/\\\/secure.gravatar.com\\\/avatar\\\/bab33852abfd8b282518d6ed81826833d77c3c882d9ab608add591ccace47a44?s=96&d=mm&r=g\",\"caption\":\"Kuzeyin Sesi\"},\"sameAs\":[\"https:\\\/\\\/kuzeyinsesi.org\"],\"url\":\"https:\\\/\\\/kuzeyinsesi.org\\\/index.php\\\/author\\\/guven\\\/\"}]}<\/script>\n<!-- \/ Yoast SEO plugin. -->","yoast_head_json":{"title":"B\u00fclent G\u00fcnkut\u2019un kitab\u0131 24 Temmuz\u2019da tan\u0131t\u0131lacak, ayn\u0131 g\u00fcn sergisi de a\u00e7\u0131lacak - Kuzeyin Sesi","robots":{"index":"index","follow":"follow","max-snippet":"max-snippet:-1","max-image-preview":"max-image-preview:large","max-video-preview":"max-video-preview:-1"},"canonical":"https:\/\/kuzeyinsesi.org\/index.php\/2024\/07\/17\/bulent-gunkutun-kitabi-24-temmuzda-tanitilacak-ayni-gun-sergisi-de-acilacak\/","og_locale":"tr_TR","og_type":"article","og_title":"B\u00fclent G\u00fcnkut\u2019un kitab\u0131 24 Temmuz\u2019da tan\u0131t\u0131lacak, ayn\u0131 g\u00fcn sergisi de a\u00e7\u0131lacak - Kuzeyin Sesi","og_description":"\u00a0B\u00fclent G\u00fcnkut\u2019un 70 y\u0131ll\u0131k ya\u015fam\u0131n\u0131 konu alan kitab\u0131 24 Temmuz\u2019da tan\u0131t\u0131lacak, foto\u011fraf sergisi de ayn\u0131 g\u00fcn a\u00e7\u0131lacak. \u201cB\u00fclent G\u00fcnkut 70\u201d\u00a0kitab\u0131n\u0131n tan\u0131t\u0131m etkinli\u011fiyle imza g\u00fcn\u00fc ve\u00a0\u201c70 Foto\u011fraf Karesi ile B\u00fclent G\u00fcnkut\u201d sergisinin a\u00e7\u0131l\u0131\u015f\u0131 saat 20.00\u2019de\u00a0Lefko\u015fa Atat\u00fcrk K\u00fclt\u00fcr Merkezi\u2019nde (AKM) yap\u0131lacak G\u00fcnkut, konuyla ilgili yaz\u0131l\u0131 a\u00e7\u0131klamas\u0131nda geliri Kanser Hastalar\u0131na Yard\u0131m Derne\u011fi\u2019ne ba\u011f\u0131\u015flanacak kitab\u0131n\u00a0\u00a0imza g\u00fcn\u00fcnden sonra Deniz Plaza [&hellip;]","og_url":"https:\/\/kuzeyinsesi.org\/index.php\/2024\/07\/17\/bulent-gunkutun-kitabi-24-temmuzda-tanitilacak-ayni-gun-sergisi-de-acilacak\/","og_site_name":"Kuzeyin Sesi","article_publisher":"https:\/\/www.facebook.com\/kuzeyinsesii","article_published_time":"2024-07-17T11:18:39+00:00","og_image":[{"url":"https:\/\/brtk.net\/wp-content\/uploads\/2024\/07\/17\/bulent-gunkut-70-11.jpg?ver=6944fb3bd16654629eab86ebbbd5c218","type":"","width":"","height":""}],"author":"Kuzeyin Sesi","twitter_card":"summary_large_image","twitter_creator":"@kuzeyinsesii","twitter_site":"@kuzeyinsesii","twitter_misc":{"Yazan:":"Kuzeyin Sesi","Tahmini okuma s\u00fcresi":"1 dakika"},"schema":{"@context":"https:\/\/schema.org","@graph":[{"@type":"Article","@id":"https:\/\/kuzeyinsesi.org\/index.php\/2024\/07\/17\/bulent-gunkutun-kitabi-24-temmuzda-tanitilacak-ayni-gun-sergisi-de-acilacak\/#article","isPartOf":{"@id":"https:\/\/kuzeyinsesi.org\/index.php\/2024\/07\/17\/bulent-gunkutun-kitabi-24-temmuzda-tanitilacak-ayni-gun-sergisi-de-acilacak\/"},"author":{"name":"Kuzeyin Sesi","@id":"https:\/\/kuzeyinsesi.org\/#\/schema\/person\/9f859689cdf01485597712386e37f5aa"},"headline":"B\u00fclent G\u00fcnkut\u2019un kitab\u0131 24 Temmuz\u2019da tan\u0131t\u0131lacak, ayn\u0131 g\u00fcn sergisi de a\u00e7\u0131lacak","datePublished":"2024-07-17T11:18:39+00:00","mainEntityOfPage":{"@id":"https:\/\/kuzeyinsesi.org\/index.php\/2024\/07\/17\/bulent-gunkutun-kitabi-24-temmuzda-tanitilacak-ayni-gun-sergisi-de-acilacak\/"},"wordCount":126,"commentCount":0,"image":{"@id":"https:\/\/kuzeyinsesi.org\/index.php\/2024\/07\/17\/bulent-gunkutun-kitabi-24-temmuzda-tanitilacak-ayni-gun-sergisi-de-acilacak\/#primaryimage"},"thumbnailUrl":"https:\/\/kuzeyinsesi.org\/wp-content\/uploads\/2024\/07\/bulent-gunkut-70-11.jpg","articleSection":["Ya\u015fam"],"inLanguage":"tr","potentialAction":[{"@type":"CommentAction","name":"Comment","target":["https:\/\/kuzeyinsesi.org\/index.php\/2024\/07\/17\/bulent-gunkutun-kitabi-24-temmuzda-tanitilacak-ayni-gun-sergisi-de-acilacak\/#respond"]}]},{"@type":"WebPage","@id":"https:\/\/kuzeyinsesi.org\/index.php\/2024\/07\/17\/bulent-gunkutun-kitabi-24-temmuzda-tanitilacak-ayni-gun-sergisi-de-acilacak\/","url":"https:\/\/kuzeyinsesi.org\/index.php\/2024\/07\/17\/bulent-gunkutun-kitabi-24-temmuzda-tanitilacak-ayni-gun-sergisi-de-acilacak\/","name":"B\u00fclent G\u00fcnkut\u2019un kitab\u0131 24 Temmuz\u2019da tan\u0131t\u0131lacak, ayn\u0131 g\u00fcn sergisi de a\u00e7\u0131lacak - Kuzeyin Sesi","isPartOf":{"@id":"https:\/\/kuzeyinsesi.org\/#website"},"primaryImageOfPage":{"@id":"https:\/\/kuzeyinsesi.org\/index.php\/2024\/07\/17\/bulent-gunkutun-kitabi-24-temmuzda-tanitilacak-ayni-gun-sergisi-de-acilacak\/#primaryimage"},"image":{"@id":"https:\/\/kuzeyinsesi.org\/index.php\/2024\/07\/17\/bulent-gunkutun-kitabi-24-temmuzda-tanitilacak-ayni-gun-sergisi-de-acilacak\/#primaryimage"},"thumbnailUrl":"https:\/\/kuzeyinsesi.org\/wp-content\/uploads\/2024\/07\/bulent-gunkut-70-11.jpg","datePublished":"2024-07-17T11:18:39+00:00","author":{"@id":"https:\/\/kuzeyinsesi.org\/#\/schema\/person\/9f859689cdf01485597712386e37f5aa"},"breadcrumb":{"@id":"https:\/\/kuzeyinsesi.org\/index.php\/2024\/07\/17\/bulent-gunkutun-kitabi-24-temmuzda-tanitilacak-ayni-gun-sergisi-de-acilacak\/#breadcrumb"},"inLanguage":"tr","potentialAction":[{"@type":"ReadAction","target":["https:\/\/kuzeyinsesi.org\/index.php\/2024\/07\/17\/bulent-gunkutun-kitabi-24-temmuzda-tanitilacak-ayni-gun-sergisi-de-acilacak\/"]}]},{"@type":"ImageObject","inLanguage":"tr","@id":"https:\/\/kuzeyinsesi.org\/index.php\/2024\/07\/17\/bulent-gunkutun-kitabi-24-temmuzda-tanitilacak-ayni-gun-sergisi-de-acilacak\/#primaryimage","url":"https:\/\/kuzeyinsesi.org\/wp-content\/uploads\/2024\/07\/bulent-gunkut-70-11.jpg","contentUrl":"https:\/\/kuzeyinsesi.org\/wp-content\/uploads\/2024\/07\/bulent-gunkut-70-11.jpg","width":929,"height":554},{"@type":"BreadcrumbList","@id":"https:\/\/kuzeyinsesi.org\/index.php\/2024\/07\/17\/bulent-gunkutun-kitabi-24-temmuzda-tanitilacak-ayni-gun-sergisi-de-acilacak\/#breadcrumb","itemListElement":[{"@type":"ListItem","position":1,"name":"Anasayfa","item":"https:\/\/kuzeyinsesi.org\/"},{"@type":"ListItem","position":2,"name":"B\u00fclent G\u00fcnkut\u2019un kitab\u0131 24 Temmuz\u2019da tan\u0131t\u0131lacak, ayn\u0131 g\u00fcn sergisi de a\u00e7\u0131lacak"}]},{"@type":"WebSite","@id":"https:\/\/kuzeyinsesi.org\/#website","url":"https:\/\/kuzeyinsesi.org\/","name":"Kuzeyin Sesi","description":"Do\u011fru Haberin Adresi","potentialAction":[{"@type":"SearchAction","target":{"@type":"EntryPoint","urlTemplate":"https:\/\/kuzeyinsesi.org\/?s={search_term_string}"},"query-input":{"@type":"PropertyValueSpecification","valueRequired":true,"valueName":"search_term_string"}}],"inLanguage":"tr"},{"@type":"Person","@id":"https:\/\/kuzeyinsesi.org\/#\/schema\/person\/9f859689cdf01485597712386e37f5aa","name":"Kuzeyin Sesi","image":{"@type":"ImageObject","inLanguage":"tr","@id":"https:\/\/secure.gravatar.com\/avatar\/bab33852abfd8b282518d6ed81826833d77c3c882d9ab608add591ccace47a44?s=96&d=mm&r=g","url":"https:\/\/secure.gravatar.com\/avatar\/bab33852abfd8b282518d6ed81826833d77c3c882d9ab608add591ccace47a44?s=96&d=mm&r=g","contentUrl":"https:\/\/secure.gravatar.com\/avatar\/bab33852abfd8b282518d6ed81826833d77c3c882d9ab608add591ccace47a44?s=96&d=mm&r=g","caption":"Kuzeyin Sesi"},"sameAs":["https:\/\/kuzeyinsesi.org"],"url":"https:\/\/kuzeyinsesi.org\/index.php\/author\/guven\/"}]}},"_links":{"self":[{"href":"https:\/\/kuzeyinsesi.org\/index.php\/wp-json\/wp\/v2\/posts\/6517","targetHints":{"allow":["GET"]}}],"collection":[{"href":"https:\/\/kuzeyinsesi.org\/index.php\/wp-json\/wp\/v2\/posts"}],"about":[{"href":"https:\/\/kuzeyinsesi.org\/index.php\/wp-json\/wp\/v2\/types\/post"}],"author":[{"embeddable":true,"href":"https:\/\/kuzeyinsesi.org\/index.php\/wp-json\/wp\/v2\/users\/1"}],"replies":[{"embeddable":true,"href":"https:\/\/kuzeyinsesi.org\/index.php\/wp-json\/wp\/v2\/comments?post=6517"}],"version-history":[{"count":0,"href":"https:\/\/kuzeyinsesi.org\/index.php\/wp-json\/wp\/v2\/posts\/6517\/revisions"}],"wp:featuredmedia":[{"embeddable":true,"href":"https:\/\/kuzeyinsesi.org\/index.php\/wp-json\/wp\/v2\/media\/6518"}],"wp:attachment":[{"href":"https:\/\/kuzeyinsesi.org\/index.php\/wp-json\/wp\/v2\/media?parent=6517"}],"wp:term":[{"taxonomy":"category","embeddable":true,"href":"https:\/\/kuzeyinsesi.org\/index.php\/wp-json\/wp\/v2\/categories?post=6517"},{"taxonomy":"post_tag","embeddable":true,"href":"https:\/\/kuzeyinsesi.org\/index.php\/wp-json\/wp\/v2\/tags?post=6517"}],"curies":[{"name":"wp","href":"https:\/\/api.w.org\/{rel}","templated":true}]}}