{"id":6509,"date":"2024-07-17T13:16:31","date_gmt":"2024-07-17T10:16:31","guid":{"rendered":"https:\/\/kuzeyinsesi.org\/index.php\/2024\/07\/17\/kibrisin-klasik-bisikletleri-sergisi-ercan-havalimaninda-acildi\/"},"modified":"2024-07-17T13:16:31","modified_gmt":"2024-07-17T10:16:31","slug":"kibrisin-klasik-bisikletleri-sergisi-ercan-havalimaninda-acildi","status":"publish","type":"post","link":"https:\/\/kuzeyinsesi.org\/index.php\/2024\/07\/17\/kibrisin-klasik-bisikletleri-sergisi-ercan-havalimaninda-acildi\/","title":{"rendered":"\u201cK\u0131br\u0131s\u2019\u0131n Klasik Bisikletleri\u201d sergisi Ercan Havaliman\u0131\u2019nda a\u00e7\u0131ld\u0131"},"content":{"rendered":"<div>\n<div class=\"mariselle-image-container none\">\n                                            <\/div>\n<p>Dr. Kenan Arifo\u011flu\u2019nun \u201cK\u0131br\u0131s\u2019\u0131n Klasik Bisikletleri\u201d koleksiyonundaki bisikletlerden olu\u015fan \u201cK\u0131br\u0131s\u2019\u0131n Klasik Bisikletleri\u201d sergisi Ercan Havaliman\u0131\u2019nda a\u00e7\u0131ld\u0131.<\/p>\n<p>T&amp;T Havaliman\u0131 \u0130\u015fletmecili\u011fi\u2019nden yap\u0131lan a\u00e7\u0131klamaya g\u00f6re giden yolcu pasaport kontrol\u00fc sonras\u0131 alan\u0131nda yer alan sergi, 30 Temmuz tarihine kadar ziyaret\u00e7ilere a\u00e7\u0131k olacak.<\/p>\n<p>A\u00e7\u0131klamaya g\u00f6re Dr. Kenan Arifo\u011flu, serginin hem kendisi hem de K\u0131br\u0131s\u2019ta bisikletin yayg\u0131n bir ula\u015f\u0131m arac\u0131 olarak kullan\u0131lm\u0131\u015f oldu\u011funu g\u00f6stermek a\u00e7\u0131s\u0131ndan \u00f6nemli oldu\u011funu s\u00f6yledi. Arifo\u011flu\u2019nun koleksiyonundaki 53 bisikletinden 17\u2019sinin yer ald\u0131\u011f\u0131 sergi hakk\u0131nda konu\u015fan T&amp;T Havaliman\u0131 \u0130\u015fletmecili\u011fi Genel M\u00fcd\u00fcr\u00fc Serhat \u00d6z\u00e7elik, \u201cK\u0131br\u0131s\u2019ta herkesin bisikletlerle bir an\u0131s\u0131 mevcuttur. Yolcular\u0131m\u0131za K\u0131br\u0131s\u2019\u0131n eski hat\u0131ralar\u0131n\u0131 bu kez bisiklet nostaljileri ile ya\u015fatmak istedik\u201d dedi.<\/p>\n<\/p><\/div>\n<p><script async\n                    defer\n                    crossorigin=\"anonymous\"\n                    src=\"https:\/\/connect.facebook.net\/tr_TR\/sdk.js#xfbml=1&#038;version=v3.3\"\n            ><\/script><\/p>\n","protected":false},"excerpt":{"rendered":"<p>Dr. Kenan Arifo\u011flu\u2019nun \u201cK\u0131br\u0131s\u2019\u0131n Klasik Bisikletleri\u201d koleksiyonundaki bisikletlerden olu\u015fan \u201cK\u0131br\u0131s\u2019\u0131n Klasik Bisikletleri\u201d sergisi Ercan Havaliman\u0131\u2019nda a\u00e7\u0131ld\u0131. T&amp;T Havaliman\u0131 \u0130\u015fletmecili\u011fi\u2019nden yap\u0131lan a\u00e7\u0131klamaya g\u00f6re giden yolcu pasaport kontrol\u00fc sonras\u0131 alan\u0131nda yer alan sergi, 30 Temmuz tarihine kadar ziyaret\u00e7ilere a\u00e7\u0131k olacak. A\u00e7\u0131klamaya g\u00f6re Dr. Kenan Arifo\u011flu, serginin hem kendisi hem de K\u0131br\u0131s\u2019ta bisikletin yayg\u0131n bir ula\u015f\u0131m arac\u0131 olarak [&hellip;]<\/p>\n","protected":false},"author":1,"featured_media":6510,"comment_status":"open","ping_status":"open","sticky":false,"template":"","format":"standard","meta":{"jnews-multi-image_gallery":[],"jnews_single_post":[],"jnews_primary_category":[],"jnews_social_meta":[],"jnews_override_counter":[],"footnotes":""},"categories":[6],"tags":[],"class_list":["post-6509","post","type-post","status-publish","format-standard","has-post-thumbnail","hentry","category-yasam"],"yoast_head":"<!-- This site is optimized with the Yoast SEO plugin v27.5 - https:\/\/yoast.com\/product\/yoast-seo-wordpress\/ -->\n<title>\u201cK\u0131br\u0131s\u2019\u0131n Klasik Bisikletleri\u201d sergisi Ercan Havaliman\u0131\u2019nda a\u00e7\u0131ld\u0131 - Kuzeyin Sesi<\/title>\n<meta name=\"robots\" content=\"index, follow, max-snippet:-1, max-image-preview:large, max-video-preview:-1\" \/>\n<link rel=\"canonical\" href=\"https:\/\/kuzeyinsesi.org\/index.php\/2024\/07\/17\/kibrisin-klasik-bisikletleri-sergisi-ercan-havalimaninda-acildi\/\" \/>\n<meta property=\"og:locale\" content=\"tr_TR\" \/>\n<meta property=\"og:type\" content=\"article\" \/>\n<meta property=\"og:title\" content=\"\u201cK\u0131br\u0131s\u2019\u0131n Klasik Bisikletleri\u201d sergisi Ercan Havaliman\u0131\u2019nda a\u00e7\u0131ld\u0131 - Kuzeyin Sesi\" \/>\n<meta property=\"og:description\" content=\"Dr. Kenan Arifo\u011flu\u2019nun \u201cK\u0131br\u0131s\u2019\u0131n Klasik Bisikletleri\u201d koleksiyonundaki bisikletlerden olu\u015fan \u201cK\u0131br\u0131s\u2019\u0131n Klasik Bisikletleri\u201d sergisi Ercan Havaliman\u0131\u2019nda a\u00e7\u0131ld\u0131. T&amp;T Havaliman\u0131 \u0130\u015fletmecili\u011fi\u2019nden yap\u0131lan a\u00e7\u0131klamaya g\u00f6re giden yolcu pasaport kontrol\u00fc sonras\u0131 alan\u0131nda yer alan sergi, 30 Temmuz tarihine kadar ziyaret\u00e7ilere a\u00e7\u0131k olacak. A\u00e7\u0131klamaya g\u00f6re Dr. Kenan Arifo\u011flu, serginin hem kendisi hem de K\u0131br\u0131s\u2019ta bisikletin yayg\u0131n bir ula\u015f\u0131m arac\u0131 olarak [&hellip;]\" \/>\n<meta property=\"og:url\" content=\"https:\/\/kuzeyinsesi.org\/index.php\/2024\/07\/17\/kibrisin-klasik-bisikletleri-sergisi-ercan-havalimaninda-acildi\/\" \/>\n<meta property=\"og:site_name\" content=\"Kuzeyin Sesi\" \/>\n<meta property=\"article:publisher\" content=\"https:\/\/www.facebook.com\/kuzeyinsesii\" \/>\n<meta property=\"article:published_time\" content=\"2024-07-17T10:16:31+00:00\" \/>\n<meta property=\"og:image\" content=\"https:\/\/brtk.net\/wp-content\/uploads\/2024\/07\/17\/kibrisin-klasik-bisikletleri-sergi2.jpeg?ver=6ad2166946da1ef3fd6d31046060fbff\" \/>\n<meta name=\"author\" content=\"Kuzeyin Sesi\" \/>\n<meta name=\"twitter:card\" content=\"summary_large_image\" \/>\n<meta name=\"twitter:creator\" content=\"@kuzeyinsesii\" \/>\n<meta name=\"twitter:site\" content=\"@kuzeyinsesii\" \/>\n<meta name=\"twitter:label1\" content=\"Yazan:\" \/>\n\t<meta name=\"twitter:data1\" content=\"Kuzeyin Sesi\" \/>\n\t<meta name=\"twitter:label2\" content=\"Tahmini okuma s\u00fcresi\" \/>\n\t<meta name=\"twitter:data2\" content=\"1 dakika\" \/>\n<script type=\"application\/ld+json\" class=\"yoast-schema-graph\">{\"@context\":\"https:\\\/\\\/schema.org\",\"@graph\":[{\"@type\":\"Article\",\"@id\":\"https:\\\/\\\/kuzeyinsesi.org\\\/index.php\\\/2024\\\/07\\\/17\\\/kibrisin-klasik-bisikletleri-sergisi-ercan-havalimaninda-acildi\\\/#article\",\"isPartOf\":{\"@id\":\"https:\\\/\\\/kuzeyinsesi.org\\\/index.php\\\/2024\\\/07\\\/17\\\/kibrisin-klasik-bisikletleri-sergisi-ercan-havalimaninda-acildi\\\/\"},\"author\":{\"name\":\"Kuzeyin Sesi\",\"@id\":\"https:\\\/\\\/kuzeyinsesi.org\\\/#\\\/schema\\\/person\\\/9f859689cdf01485597712386e37f5aa\"},\"headline\":\"\u201cK\u0131br\u0131s\u2019\u0131n Klasik Bisikletleri\u201d sergisi Ercan Havaliman\u0131\u2019nda a\u00e7\u0131ld\u0131\",\"datePublished\":\"2024-07-17T10:16:31+00:00\",\"mainEntityOfPage\":{\"@id\":\"https:\\\/\\\/kuzeyinsesi.org\\\/index.php\\\/2024\\\/07\\\/17\\\/kibrisin-klasik-bisikletleri-sergisi-ercan-havalimaninda-acildi\\\/\"},\"wordCount\":165,\"commentCount\":0,\"image\":{\"@id\":\"https:\\\/\\\/kuzeyinsesi.org\\\/index.php\\\/2024\\\/07\\\/17\\\/kibrisin-klasik-bisikletleri-sergisi-ercan-havalimaninda-acildi\\\/#primaryimage\"},\"thumbnailUrl\":\"https:\\\/\\\/kuzeyinsesi.org\\\/wp-content\\\/uploads\\\/2024\\\/07\\\/kibrisin-klasik-bisikletleri-sergi2.jpeg\",\"articleSection\":[\"Ya\u015fam\"],\"inLanguage\":\"tr\",\"potentialAction\":[{\"@type\":\"CommentAction\",\"name\":\"Comment\",\"target\":[\"https:\\\/\\\/kuzeyinsesi.org\\\/index.php\\\/2024\\\/07\\\/17\\\/kibrisin-klasik-bisikletleri-sergisi-ercan-havalimaninda-acildi\\\/#respond\"]}]},{\"@type\":\"WebPage\",\"@id\":\"https:\\\/\\\/kuzeyinsesi.org\\\/index.php\\\/2024\\\/07\\\/17\\\/kibrisin-klasik-bisikletleri-sergisi-ercan-havalimaninda-acildi\\\/\",\"url\":\"https:\\\/\\\/kuzeyinsesi.org\\\/index.php\\\/2024\\\/07\\\/17\\\/kibrisin-klasik-bisikletleri-sergisi-ercan-havalimaninda-acildi\\\/\",\"name\":\"\u201cK\u0131br\u0131s\u2019\u0131n Klasik Bisikletleri\u201d sergisi Ercan Havaliman\u0131\u2019nda a\u00e7\u0131ld\u0131 - Kuzeyin Sesi\",\"isPartOf\":{\"@id\":\"https:\\\/\\\/kuzeyinsesi.org\\\/#website\"},\"primaryImageOfPage\":{\"@id\":\"https:\\\/\\\/kuzeyinsesi.org\\\/index.php\\\/2024\\\/07\\\/17\\\/kibrisin-klasik-bisikletleri-sergisi-ercan-havalimaninda-acildi\\\/#primaryimage\"},\"image\":{\"@id\":\"https:\\\/\\\/kuzeyinsesi.org\\\/index.php\\\/2024\\\/07\\\/17\\\/kibrisin-klasik-bisikletleri-sergisi-ercan-havalimaninda-acildi\\\/#primaryimage\"},\"thumbnailUrl\":\"https:\\\/\\\/kuzeyinsesi.org\\\/wp-content\\\/uploads\\\/2024\\\/07\\\/kibrisin-klasik-bisikletleri-sergi2.jpeg\",\"datePublished\":\"2024-07-17T10:16:31+00:00\",\"author\":{\"@id\":\"https:\\\/\\\/kuzeyinsesi.org\\\/#\\\/schema\\\/person\\\/9f859689cdf01485597712386e37f5aa\"},\"breadcrumb\":{\"@id\":\"https:\\\/\\\/kuzeyinsesi.org\\\/index.php\\\/2024\\\/07\\\/17\\\/kibrisin-klasik-bisikletleri-sergisi-ercan-havalimaninda-acildi\\\/#breadcrumb\"},\"inLanguage\":\"tr\",\"potentialAction\":[{\"@type\":\"ReadAction\",\"target\":[\"https:\\\/\\\/kuzeyinsesi.org\\\/index.php\\\/2024\\\/07\\\/17\\\/kibrisin-klasik-bisikletleri-sergisi-ercan-havalimaninda-acildi\\\/\"]}]},{\"@type\":\"ImageObject\",\"inLanguage\":\"tr\",\"@id\":\"https:\\\/\\\/kuzeyinsesi.org\\\/index.php\\\/2024\\\/07\\\/17\\\/kibrisin-klasik-bisikletleri-sergisi-ercan-havalimaninda-acildi\\\/#primaryimage\",\"url\":\"https:\\\/\\\/kuzeyinsesi.org\\\/wp-content\\\/uploads\\\/2024\\\/07\\\/kibrisin-klasik-bisikletleri-sergi2.jpeg\",\"contentUrl\":\"https:\\\/\\\/kuzeyinsesi.org\\\/wp-content\\\/uploads\\\/2024\\\/07\\\/kibrisin-klasik-bisikletleri-sergi2.jpeg\",\"width\":927,\"height\":464},{\"@type\":\"BreadcrumbList\",\"@id\":\"https:\\\/\\\/kuzeyinsesi.org\\\/index.php\\\/2024\\\/07\\\/17\\\/kibrisin-klasik-bisikletleri-sergisi-ercan-havalimaninda-acildi\\\/#breadcrumb\",\"itemListElement\":[{\"@type\":\"ListItem\",\"position\":1,\"name\":\"Anasayfa\",\"item\":\"https:\\\/\\\/kuzeyinsesi.org\\\/\"},{\"@type\":\"ListItem\",\"position\":2,\"name\":\"\u201cK\u0131br\u0131s\u2019\u0131n Klasik Bisikletleri\u201d sergisi Ercan Havaliman\u0131\u2019nda a\u00e7\u0131ld\u0131\"}]},{\"@type\":\"WebSite\",\"@id\":\"https:\\\/\\\/kuzeyinsesi.org\\\/#website\",\"url\":\"https:\\\/\\\/kuzeyinsesi.org\\\/\",\"name\":\"Kuzeyin Sesi\",\"description\":\"Do\u011fru Haberin Adresi\",\"potentialAction\":[{\"@type\":\"SearchAction\",\"target\":{\"@type\":\"EntryPoint\",\"urlTemplate\":\"https:\\\/\\\/kuzeyinsesi.org\\\/?s={search_term_string}\"},\"query-input\":{\"@type\":\"PropertyValueSpecification\",\"valueRequired\":true,\"valueName\":\"search_term_string\"}}],\"inLanguage\":\"tr\"},{\"@type\":\"Person\",\"@id\":\"https:\\\/\\\/kuzeyinsesi.org\\\/#\\\/schema\\\/person\\\/9f859689cdf01485597712386e37f5aa\",\"name\":\"Kuzeyin Sesi\",\"image\":{\"@type\":\"ImageObject\",\"inLanguage\":\"tr\",\"@id\":\"https:\\\/\\\/secure.gravatar.com\\\/avatar\\\/bab33852abfd8b282518d6ed81826833d77c3c882d9ab608add591ccace47a44?s=96&d=mm&r=g\",\"url\":\"https:\\\/\\\/secure.gravatar.com\\\/avatar\\\/bab33852abfd8b282518d6ed81826833d77c3c882d9ab608add591ccace47a44?s=96&d=mm&r=g\",\"contentUrl\":\"https:\\\/\\\/secure.gravatar.com\\\/avatar\\\/bab33852abfd8b282518d6ed81826833d77c3c882d9ab608add591ccace47a44?s=96&d=mm&r=g\",\"caption\":\"Kuzeyin Sesi\"},\"sameAs\":[\"https:\\\/\\\/kuzeyinsesi.org\"],\"url\":\"https:\\\/\\\/kuzeyinsesi.org\\\/index.php\\\/author\\\/guven\\\/\"}]}<\/script>\n<!-- \/ Yoast SEO plugin. -->","yoast_head_json":{"title":"\u201cK\u0131br\u0131s\u2019\u0131n Klasik Bisikletleri\u201d sergisi Ercan Havaliman\u0131\u2019nda a\u00e7\u0131ld\u0131 - Kuzeyin Sesi","robots":{"index":"index","follow":"follow","max-snippet":"max-snippet:-1","max-image-preview":"max-image-preview:large","max-video-preview":"max-video-preview:-1"},"canonical":"https:\/\/kuzeyinsesi.org\/index.php\/2024\/07\/17\/kibrisin-klasik-bisikletleri-sergisi-ercan-havalimaninda-acildi\/","og_locale":"tr_TR","og_type":"article","og_title":"\u201cK\u0131br\u0131s\u2019\u0131n Klasik Bisikletleri\u201d sergisi Ercan Havaliman\u0131\u2019nda a\u00e7\u0131ld\u0131 - Kuzeyin Sesi","og_description":"Dr. Kenan Arifo\u011flu\u2019nun \u201cK\u0131br\u0131s\u2019\u0131n Klasik Bisikletleri\u201d koleksiyonundaki bisikletlerden olu\u015fan \u201cK\u0131br\u0131s\u2019\u0131n Klasik Bisikletleri\u201d sergisi Ercan Havaliman\u0131\u2019nda a\u00e7\u0131ld\u0131. T&amp;T Havaliman\u0131 \u0130\u015fletmecili\u011fi\u2019nden yap\u0131lan a\u00e7\u0131klamaya g\u00f6re giden yolcu pasaport kontrol\u00fc sonras\u0131 alan\u0131nda yer alan sergi, 30 Temmuz tarihine kadar ziyaret\u00e7ilere a\u00e7\u0131k olacak. A\u00e7\u0131klamaya g\u00f6re Dr. Kenan Arifo\u011flu, serginin hem kendisi hem de K\u0131br\u0131s\u2019ta bisikletin yayg\u0131n bir ula\u015f\u0131m arac\u0131 olarak [&hellip;]","og_url":"https:\/\/kuzeyinsesi.org\/index.php\/2024\/07\/17\/kibrisin-klasik-bisikletleri-sergisi-ercan-havalimaninda-acildi\/","og_site_name":"Kuzeyin Sesi","article_publisher":"https:\/\/www.facebook.com\/kuzeyinsesii","article_published_time":"2024-07-17T10:16:31+00:00","og_image":[{"url":"https:\/\/brtk.net\/wp-content\/uploads\/2024\/07\/17\/kibrisin-klasik-bisikletleri-sergi2.jpeg?ver=6ad2166946da1ef3fd6d31046060fbff","type":"","width":"","height":""}],"author":"Kuzeyin Sesi","twitter_card":"summary_large_image","twitter_creator":"@kuzeyinsesii","twitter_site":"@kuzeyinsesii","twitter_misc":{"Yazan:":"Kuzeyin Sesi","Tahmini okuma s\u00fcresi":"1 dakika"},"schema":{"@context":"https:\/\/schema.org","@graph":[{"@type":"Article","@id":"https:\/\/kuzeyinsesi.org\/index.php\/2024\/07\/17\/kibrisin-klasik-bisikletleri-sergisi-ercan-havalimaninda-acildi\/#article","isPartOf":{"@id":"https:\/\/kuzeyinsesi.org\/index.php\/2024\/07\/17\/kibrisin-klasik-bisikletleri-sergisi-ercan-havalimaninda-acildi\/"},"author":{"name":"Kuzeyin Sesi","@id":"https:\/\/kuzeyinsesi.org\/#\/schema\/person\/9f859689cdf01485597712386e37f5aa"},"headline":"\u201cK\u0131br\u0131s\u2019\u0131n Klasik Bisikletleri\u201d sergisi Ercan Havaliman\u0131\u2019nda a\u00e7\u0131ld\u0131","datePublished":"2024-07-17T10:16:31+00:00","mainEntityOfPage":{"@id":"https:\/\/kuzeyinsesi.org\/index.php\/2024\/07\/17\/kibrisin-klasik-bisikletleri-sergisi-ercan-havalimaninda-acildi\/"},"wordCount":165,"commentCount":0,"image":{"@id":"https:\/\/kuzeyinsesi.org\/index.php\/2024\/07\/17\/kibrisin-klasik-bisikletleri-sergisi-ercan-havalimaninda-acildi\/#primaryimage"},"thumbnailUrl":"https:\/\/kuzeyinsesi.org\/wp-content\/uploads\/2024\/07\/kibrisin-klasik-bisikletleri-sergi2.jpeg","articleSection":["Ya\u015fam"],"inLanguage":"tr","potentialAction":[{"@type":"CommentAction","name":"Comment","target":["https:\/\/kuzeyinsesi.org\/index.php\/2024\/07\/17\/kibrisin-klasik-bisikletleri-sergisi-ercan-havalimaninda-acildi\/#respond"]}]},{"@type":"WebPage","@id":"https:\/\/kuzeyinsesi.org\/index.php\/2024\/07\/17\/kibrisin-klasik-bisikletleri-sergisi-ercan-havalimaninda-acildi\/","url":"https:\/\/kuzeyinsesi.org\/index.php\/2024\/07\/17\/kibrisin-klasik-bisikletleri-sergisi-ercan-havalimaninda-acildi\/","name":"\u201cK\u0131br\u0131s\u2019\u0131n Klasik Bisikletleri\u201d sergisi Ercan Havaliman\u0131\u2019nda a\u00e7\u0131ld\u0131 - Kuzeyin Sesi","isPartOf":{"@id":"https:\/\/kuzeyinsesi.org\/#website"},"primaryImageOfPage":{"@id":"https:\/\/kuzeyinsesi.org\/index.php\/2024\/07\/17\/kibrisin-klasik-bisikletleri-sergisi-ercan-havalimaninda-acildi\/#primaryimage"},"image":{"@id":"https:\/\/kuzeyinsesi.org\/index.php\/2024\/07\/17\/kibrisin-klasik-bisikletleri-sergisi-ercan-havalimaninda-acildi\/#primaryimage"},"thumbnailUrl":"https:\/\/kuzeyinsesi.org\/wp-content\/uploads\/2024\/07\/kibrisin-klasik-bisikletleri-sergi2.jpeg","datePublished":"2024-07-17T10:16:31+00:00","author":{"@id":"https:\/\/kuzeyinsesi.org\/#\/schema\/person\/9f859689cdf01485597712386e37f5aa"},"breadcrumb":{"@id":"https:\/\/kuzeyinsesi.org\/index.php\/2024\/07\/17\/kibrisin-klasik-bisikletleri-sergisi-ercan-havalimaninda-acildi\/#breadcrumb"},"inLanguage":"tr","potentialAction":[{"@type":"ReadAction","target":["https:\/\/kuzeyinsesi.org\/index.php\/2024\/07\/17\/kibrisin-klasik-bisikletleri-sergisi-ercan-havalimaninda-acildi\/"]}]},{"@type":"ImageObject","inLanguage":"tr","@id":"https:\/\/kuzeyinsesi.org\/index.php\/2024\/07\/17\/kibrisin-klasik-bisikletleri-sergisi-ercan-havalimaninda-acildi\/#primaryimage","url":"https:\/\/kuzeyinsesi.org\/wp-content\/uploads\/2024\/07\/kibrisin-klasik-bisikletleri-sergi2.jpeg","contentUrl":"https:\/\/kuzeyinsesi.org\/wp-content\/uploads\/2024\/07\/kibrisin-klasik-bisikletleri-sergi2.jpeg","width":927,"height":464},{"@type":"BreadcrumbList","@id":"https:\/\/kuzeyinsesi.org\/index.php\/2024\/07\/17\/kibrisin-klasik-bisikletleri-sergisi-ercan-havalimaninda-acildi\/#breadcrumb","itemListElement":[{"@type":"ListItem","position":1,"name":"Anasayfa","item":"https:\/\/kuzeyinsesi.org\/"},{"@type":"ListItem","position":2,"name":"\u201cK\u0131br\u0131s\u2019\u0131n Klasik Bisikletleri\u201d sergisi Ercan Havaliman\u0131\u2019nda a\u00e7\u0131ld\u0131"}]},{"@type":"WebSite","@id":"https:\/\/kuzeyinsesi.org\/#website","url":"https:\/\/kuzeyinsesi.org\/","name":"Kuzeyin Sesi","description":"Do\u011fru Haberin Adresi","potentialAction":[{"@type":"SearchAction","target":{"@type":"EntryPoint","urlTemplate":"https:\/\/kuzeyinsesi.org\/?s={search_term_string}"},"query-input":{"@type":"PropertyValueSpecification","valueRequired":true,"valueName":"search_term_string"}}],"inLanguage":"tr"},{"@type":"Person","@id":"https:\/\/kuzeyinsesi.org\/#\/schema\/person\/9f859689cdf01485597712386e37f5aa","name":"Kuzeyin Sesi","image":{"@type":"ImageObject","inLanguage":"tr","@id":"https:\/\/secure.gravatar.com\/avatar\/bab33852abfd8b282518d6ed81826833d77c3c882d9ab608add591ccace47a44?s=96&d=mm&r=g","url":"https:\/\/secure.gravatar.com\/avatar\/bab33852abfd8b282518d6ed81826833d77c3c882d9ab608add591ccace47a44?s=96&d=mm&r=g","contentUrl":"https:\/\/secure.gravatar.com\/avatar\/bab33852abfd8b282518d6ed81826833d77c3c882d9ab608add591ccace47a44?s=96&d=mm&r=g","caption":"Kuzeyin Sesi"},"sameAs":["https:\/\/kuzeyinsesi.org"],"url":"https:\/\/kuzeyinsesi.org\/index.php\/author\/guven\/"}]}},"_links":{"self":[{"href":"https:\/\/kuzeyinsesi.org\/index.php\/wp-json\/wp\/v2\/posts\/6509","targetHints":{"allow":["GET"]}}],"collection":[{"href":"https:\/\/kuzeyinsesi.org\/index.php\/wp-json\/wp\/v2\/posts"}],"about":[{"href":"https:\/\/kuzeyinsesi.org\/index.php\/wp-json\/wp\/v2\/types\/post"}],"author":[{"embeddable":true,"href":"https:\/\/kuzeyinsesi.org\/index.php\/wp-json\/wp\/v2\/users\/1"}],"replies":[{"embeddable":true,"href":"https:\/\/kuzeyinsesi.org\/index.php\/wp-json\/wp\/v2\/comments?post=6509"}],"version-history":[{"count":0,"href":"https:\/\/kuzeyinsesi.org\/index.php\/wp-json\/wp\/v2\/posts\/6509\/revisions"}],"wp:featuredmedia":[{"embeddable":true,"href":"https:\/\/kuzeyinsesi.org\/index.php\/wp-json\/wp\/v2\/media\/6510"}],"wp:attachment":[{"href":"https:\/\/kuzeyinsesi.org\/index.php\/wp-json\/wp\/v2\/media?parent=6509"}],"wp:term":[{"taxonomy":"category","embeddable":true,"href":"https:\/\/kuzeyinsesi.org\/index.php\/wp-json\/wp\/v2\/categories?post=6509"},{"taxonomy":"post_tag","embeddable":true,"href":"https:\/\/kuzeyinsesi.org\/index.php\/wp-json\/wp\/v2\/tags?post=6509"}],"curies":[{"name":"wp","href":"https:\/\/api.w.org\/{rel}","templated":true}]}}