{"id":6469,"date":"2024-07-16T19:41:14","date_gmt":"2024-07-16T16:41:14","guid":{"rendered":"https:\/\/kuzeyinsesi.org\/index.php\/2024\/07\/16\/bekir-kara-dogum-gununde-kendi-eseri-ile-anildi\/"},"modified":"2024-07-16T19:41:14","modified_gmt":"2024-07-16T16:41:14","slug":"bekir-kara-dogum-gununde-kendi-eseri-ile-anildi","status":"publish","type":"post","link":"https:\/\/kuzeyinsesi.org\/index.php\/2024\/07\/16\/bekir-kara-dogum-gununde-kendi-eseri-ile-anildi\/","title":{"rendered":"Bekir Kara, do\u011fum g\u00fcn\u00fcnde kendi eseri ile an\u0131ld\u0131"},"content":{"rendered":"<div>\n<div class=\"mariselle-image-container center\">\n                                            <\/div>\n<p>Merhum besteci, yazar ve e\u011fitimci Bekir Kara\u2019ya ait \u201cGirne\u2019nin Liman\u0131\u201d isimli eser, K\u0131br\u0131sl\u0131 T\u00fcrk m\u00fczisyenler taraf\u0131ndan seslendirildi. 2022 y\u0131l\u0131nda kaybetti\u011fimiz Bekir Kara\u2019y\u0131 anmak ad\u0131na yorumlanan \u015fark\u0131, Kara\u2019n\u0131n do\u011fum g\u00fcn\u00fc olan 13 Temmuz\u2019da yay\u0131nland\u0131.<\/p>\n<p> Dervi\u015f \u0130\u015fg\u00fczar, Eril Cambaz ve Serdar Tuksal taraf\u0131ndan seslendirilen \u015fark\u0131n\u0131n yeniden d\u00fczenlenmesinde, Mete Pere, Cahit Kutrafal\u0131, Ahmet G\u00fcvenler, Yusuf \u00c7erkez, Koray Demirci, Mike Nova ve Can Kara katk\u0131 koydu.<\/p>\n<p> Yap\u0131m\u0131n\u0131 Can Kara\u2019n\u0131n \u00fcstlendi\u011fi eserin son hali, Re-Chords Cyprus st\u00fcdyolar\u0131n\u0131n Youtube kanal\u0131 ve t\u00fcm radyolardan dinlenebilecek.<\/p>\n<p>Bayrak Fm M\u00fczik Haber \u0130leti\u015fim<br \/>[email\u00a0protected]<\/p>\n<\/p><\/div>\n<p><script async\n                    defer\n                    crossorigin=\"anonymous\"\n                    src=\"https:\/\/connect.facebook.net\/tr_TR\/sdk.js#xfbml=1&#038;version=v3.3\"\n            ><\/script><\/p>\n","protected":false},"excerpt":{"rendered":"<p>Merhum besteci, yazar ve e\u011fitimci Bekir Kara\u2019ya ait \u201cGirne\u2019nin Liman\u0131\u201d isimli eser, K\u0131br\u0131sl\u0131 T\u00fcrk m\u00fczisyenler taraf\u0131ndan seslendirildi. 2022 y\u0131l\u0131nda kaybetti\u011fimiz Bekir Kara\u2019y\u0131 anmak ad\u0131na yorumlanan \u015fark\u0131, Kara\u2019n\u0131n do\u011fum g\u00fcn\u00fc olan 13 Temmuz\u2019da yay\u0131nland\u0131. Dervi\u015f \u0130\u015fg\u00fczar, Eril Cambaz ve Serdar Tuksal taraf\u0131ndan seslendirilen \u015fark\u0131n\u0131n yeniden d\u00fczenlenmesinde, Mete Pere, Cahit Kutrafal\u0131, Ahmet G\u00fcvenler, Yusuf \u00c7erkez, Koray Demirci, [&hellip;]<\/p>\n","protected":false},"author":1,"featured_media":6470,"comment_status":"open","ping_status":"open","sticky":false,"template":"","format":"standard","meta":{"jnews-multi-image_gallery":[],"jnews_single_post":[],"jnews_primary_category":[],"jnews_social_meta":[],"jnews_override_counter":[],"footnotes":""},"categories":[6],"tags":[],"class_list":["post-6469","post","type-post","status-publish","format-standard","has-post-thumbnail","hentry","category-yasam"],"yoast_head":"<!-- This site is optimized with the Yoast SEO plugin v27.5 - https:\/\/yoast.com\/product\/yoast-seo-wordpress\/ -->\n<title>Bekir Kara, do\u011fum g\u00fcn\u00fcnde kendi eseri ile an\u0131ld\u0131 - Kuzeyin Sesi<\/title>\n<meta name=\"robots\" content=\"index, follow, max-snippet:-1, max-image-preview:large, max-video-preview:-1\" \/>\n<link rel=\"canonical\" href=\"https:\/\/kuzeyinsesi.org\/index.php\/2024\/07\/16\/bekir-kara-dogum-gununde-kendi-eseri-ile-anildi\/\" \/>\n<meta property=\"og:locale\" content=\"tr_TR\" \/>\n<meta property=\"og:type\" content=\"article\" \/>\n<meta property=\"og:title\" content=\"Bekir Kara, do\u011fum g\u00fcn\u00fcnde kendi eseri ile an\u0131ld\u0131 - Kuzeyin Sesi\" \/>\n<meta property=\"og:description\" content=\"Merhum besteci, yazar ve e\u011fitimci Bekir Kara\u2019ya ait \u201cGirne\u2019nin Liman\u0131\u201d isimli eser, K\u0131br\u0131sl\u0131 T\u00fcrk m\u00fczisyenler taraf\u0131ndan seslendirildi. 2022 y\u0131l\u0131nda kaybetti\u011fimiz Bekir Kara\u2019y\u0131 anmak ad\u0131na yorumlanan \u015fark\u0131, Kara\u2019n\u0131n do\u011fum g\u00fcn\u00fc olan 13 Temmuz\u2019da yay\u0131nland\u0131. Dervi\u015f \u0130\u015fg\u00fczar, Eril Cambaz ve Serdar Tuksal taraf\u0131ndan seslendirilen \u015fark\u0131n\u0131n yeniden d\u00fczenlenmesinde, Mete Pere, Cahit Kutrafal\u0131, Ahmet G\u00fcvenler, Yusuf \u00c7erkez, Koray Demirci, [&hellip;]\" \/>\n<meta property=\"og:url\" content=\"https:\/\/kuzeyinsesi.org\/index.php\/2024\/07\/16\/bekir-kara-dogum-gununde-kendi-eseri-ile-anildi\/\" \/>\n<meta property=\"og:site_name\" content=\"Kuzeyin Sesi\" \/>\n<meta property=\"article:publisher\" content=\"https:\/\/www.facebook.com\/kuzeyinsesii\" \/>\n<meta property=\"article:published_time\" content=\"2024-07-16T16:41:14+00:00\" \/>\n<meta property=\"og:image\" content=\"https:\/\/brtk.net\/wp-content\/uploads\/2024\/07\/16\/bekir.jpg?ver=1167d71da87d2cbc7e8c4198f79152a2\" \/>\n<meta name=\"author\" content=\"Kuzeyin Sesi\" \/>\n<meta name=\"twitter:card\" content=\"summary_large_image\" \/>\n<meta name=\"twitter:creator\" content=\"@kuzeyinsesii\" \/>\n<meta name=\"twitter:site\" content=\"@kuzeyinsesii\" \/>\n<meta name=\"twitter:label1\" content=\"Yazan:\" \/>\n\t<meta name=\"twitter:data1\" content=\"Kuzeyin Sesi\" \/>\n\t<meta name=\"twitter:label2\" content=\"Tahmini okuma s\u00fcresi\" \/>\n\t<meta name=\"twitter:data2\" content=\"1 dakika\" \/>\n<script type=\"application\/ld+json\" class=\"yoast-schema-graph\">{\"@context\":\"https:\\\/\\\/schema.org\",\"@graph\":[{\"@type\":\"Article\",\"@id\":\"https:\\\/\\\/kuzeyinsesi.org\\\/index.php\\\/2024\\\/07\\\/16\\\/bekir-kara-dogum-gununde-kendi-eseri-ile-anildi\\\/#article\",\"isPartOf\":{\"@id\":\"https:\\\/\\\/kuzeyinsesi.org\\\/index.php\\\/2024\\\/07\\\/16\\\/bekir-kara-dogum-gununde-kendi-eseri-ile-anildi\\\/\"},\"author\":{\"name\":\"Kuzeyin Sesi\",\"@id\":\"https:\\\/\\\/kuzeyinsesi.org\\\/#\\\/schema\\\/person\\\/9f859689cdf01485597712386e37f5aa\"},\"headline\":\"Bekir Kara, do\u011fum g\u00fcn\u00fcnde kendi eseri ile an\u0131ld\u0131\",\"datePublished\":\"2024-07-16T16:41:14+00:00\",\"mainEntityOfPage\":{\"@id\":\"https:\\\/\\\/kuzeyinsesi.org\\\/index.php\\\/2024\\\/07\\\/16\\\/bekir-kara-dogum-gununde-kendi-eseri-ile-anildi\\\/\"},\"wordCount\":131,\"commentCount\":0,\"image\":{\"@id\":\"https:\\\/\\\/kuzeyinsesi.org\\\/index.php\\\/2024\\\/07\\\/16\\\/bekir-kara-dogum-gununde-kendi-eseri-ile-anildi\\\/#primaryimage\"},\"thumbnailUrl\":\"https:\\\/\\\/kuzeyinsesi.org\\\/wp-content\\\/uploads\\\/2024\\\/07\\\/bekir.jpg\",\"articleSection\":[\"Ya\u015fam\"],\"inLanguage\":\"tr\",\"potentialAction\":[{\"@type\":\"CommentAction\",\"name\":\"Comment\",\"target\":[\"https:\\\/\\\/kuzeyinsesi.org\\\/index.php\\\/2024\\\/07\\\/16\\\/bekir-kara-dogum-gununde-kendi-eseri-ile-anildi\\\/#respond\"]}]},{\"@type\":\"WebPage\",\"@id\":\"https:\\\/\\\/kuzeyinsesi.org\\\/index.php\\\/2024\\\/07\\\/16\\\/bekir-kara-dogum-gununde-kendi-eseri-ile-anildi\\\/\",\"url\":\"https:\\\/\\\/kuzeyinsesi.org\\\/index.php\\\/2024\\\/07\\\/16\\\/bekir-kara-dogum-gununde-kendi-eseri-ile-anildi\\\/\",\"name\":\"Bekir Kara, do\u011fum g\u00fcn\u00fcnde kendi eseri ile an\u0131ld\u0131 - Kuzeyin Sesi\",\"isPartOf\":{\"@id\":\"https:\\\/\\\/kuzeyinsesi.org\\\/#website\"},\"primaryImageOfPage\":{\"@id\":\"https:\\\/\\\/kuzeyinsesi.org\\\/index.php\\\/2024\\\/07\\\/16\\\/bekir-kara-dogum-gununde-kendi-eseri-ile-anildi\\\/#primaryimage\"},\"image\":{\"@id\":\"https:\\\/\\\/kuzeyinsesi.org\\\/index.php\\\/2024\\\/07\\\/16\\\/bekir-kara-dogum-gununde-kendi-eseri-ile-anildi\\\/#primaryimage\"},\"thumbnailUrl\":\"https:\\\/\\\/kuzeyinsesi.org\\\/wp-content\\\/uploads\\\/2024\\\/07\\\/bekir.jpg\",\"datePublished\":\"2024-07-16T16:41:14+00:00\",\"author\":{\"@id\":\"https:\\\/\\\/kuzeyinsesi.org\\\/#\\\/schema\\\/person\\\/9f859689cdf01485597712386e37f5aa\"},\"breadcrumb\":{\"@id\":\"https:\\\/\\\/kuzeyinsesi.org\\\/index.php\\\/2024\\\/07\\\/16\\\/bekir-kara-dogum-gununde-kendi-eseri-ile-anildi\\\/#breadcrumb\"},\"inLanguage\":\"tr\",\"potentialAction\":[{\"@type\":\"ReadAction\",\"target\":[\"https:\\\/\\\/kuzeyinsesi.org\\\/index.php\\\/2024\\\/07\\\/16\\\/bekir-kara-dogum-gununde-kendi-eseri-ile-anildi\\\/\"]}]},{\"@type\":\"ImageObject\",\"inLanguage\":\"tr\",\"@id\":\"https:\\\/\\\/kuzeyinsesi.org\\\/index.php\\\/2024\\\/07\\\/16\\\/bekir-kara-dogum-gununde-kendi-eseri-ile-anildi\\\/#primaryimage\",\"url\":\"https:\\\/\\\/kuzeyinsesi.org\\\/wp-content\\\/uploads\\\/2024\\\/07\\\/bekir.jpg\",\"contentUrl\":\"https:\\\/\\\/kuzeyinsesi.org\\\/wp-content\\\/uploads\\\/2024\\\/07\\\/bekir.jpg\",\"width\":958,\"height\":526},{\"@type\":\"BreadcrumbList\",\"@id\":\"https:\\\/\\\/kuzeyinsesi.org\\\/index.php\\\/2024\\\/07\\\/16\\\/bekir-kara-dogum-gununde-kendi-eseri-ile-anildi\\\/#breadcrumb\",\"itemListElement\":[{\"@type\":\"ListItem\",\"position\":1,\"name\":\"Anasayfa\",\"item\":\"https:\\\/\\\/kuzeyinsesi.org\\\/\"},{\"@type\":\"ListItem\",\"position\":2,\"name\":\"Bekir Kara, do\u011fum g\u00fcn\u00fcnde kendi eseri ile an\u0131ld\u0131\"}]},{\"@type\":\"WebSite\",\"@id\":\"https:\\\/\\\/kuzeyinsesi.org\\\/#website\",\"url\":\"https:\\\/\\\/kuzeyinsesi.org\\\/\",\"name\":\"Kuzeyin Sesi\",\"description\":\"Do\u011fru Haberin Adresi\",\"potentialAction\":[{\"@type\":\"SearchAction\",\"target\":{\"@type\":\"EntryPoint\",\"urlTemplate\":\"https:\\\/\\\/kuzeyinsesi.org\\\/?s={search_term_string}\"},\"query-input\":{\"@type\":\"PropertyValueSpecification\",\"valueRequired\":true,\"valueName\":\"search_term_string\"}}],\"inLanguage\":\"tr\"},{\"@type\":\"Person\",\"@id\":\"https:\\\/\\\/kuzeyinsesi.org\\\/#\\\/schema\\\/person\\\/9f859689cdf01485597712386e37f5aa\",\"name\":\"Kuzeyin Sesi\",\"image\":{\"@type\":\"ImageObject\",\"inLanguage\":\"tr\",\"@id\":\"https:\\\/\\\/secure.gravatar.com\\\/avatar\\\/bab33852abfd8b282518d6ed81826833d77c3c882d9ab608add591ccace47a44?s=96&d=mm&r=g\",\"url\":\"https:\\\/\\\/secure.gravatar.com\\\/avatar\\\/bab33852abfd8b282518d6ed81826833d77c3c882d9ab608add591ccace47a44?s=96&d=mm&r=g\",\"contentUrl\":\"https:\\\/\\\/secure.gravatar.com\\\/avatar\\\/bab33852abfd8b282518d6ed81826833d77c3c882d9ab608add591ccace47a44?s=96&d=mm&r=g\",\"caption\":\"Kuzeyin Sesi\"},\"sameAs\":[\"https:\\\/\\\/kuzeyinsesi.org\"],\"url\":\"https:\\\/\\\/kuzeyinsesi.org\\\/index.php\\\/author\\\/guven\\\/\"}]}<\/script>\n<!-- \/ Yoast SEO plugin. -->","yoast_head_json":{"title":"Bekir Kara, do\u011fum g\u00fcn\u00fcnde kendi eseri ile an\u0131ld\u0131 - Kuzeyin Sesi","robots":{"index":"index","follow":"follow","max-snippet":"max-snippet:-1","max-image-preview":"max-image-preview:large","max-video-preview":"max-video-preview:-1"},"canonical":"https:\/\/kuzeyinsesi.org\/index.php\/2024\/07\/16\/bekir-kara-dogum-gununde-kendi-eseri-ile-anildi\/","og_locale":"tr_TR","og_type":"article","og_title":"Bekir Kara, do\u011fum g\u00fcn\u00fcnde kendi eseri ile an\u0131ld\u0131 - Kuzeyin Sesi","og_description":"Merhum besteci, yazar ve e\u011fitimci Bekir Kara\u2019ya ait \u201cGirne\u2019nin Liman\u0131\u201d isimli eser, K\u0131br\u0131sl\u0131 T\u00fcrk m\u00fczisyenler taraf\u0131ndan seslendirildi. 2022 y\u0131l\u0131nda kaybetti\u011fimiz Bekir Kara\u2019y\u0131 anmak ad\u0131na yorumlanan \u015fark\u0131, Kara\u2019n\u0131n do\u011fum g\u00fcn\u00fc olan 13 Temmuz\u2019da yay\u0131nland\u0131. Dervi\u015f \u0130\u015fg\u00fczar, Eril Cambaz ve Serdar Tuksal taraf\u0131ndan seslendirilen \u015fark\u0131n\u0131n yeniden d\u00fczenlenmesinde, Mete Pere, Cahit Kutrafal\u0131, Ahmet G\u00fcvenler, Yusuf \u00c7erkez, Koray Demirci, [&hellip;]","og_url":"https:\/\/kuzeyinsesi.org\/index.php\/2024\/07\/16\/bekir-kara-dogum-gununde-kendi-eseri-ile-anildi\/","og_site_name":"Kuzeyin Sesi","article_publisher":"https:\/\/www.facebook.com\/kuzeyinsesii","article_published_time":"2024-07-16T16:41:14+00:00","og_image":[{"url":"https:\/\/brtk.net\/wp-content\/uploads\/2024\/07\/16\/bekir.jpg?ver=1167d71da87d2cbc7e8c4198f79152a2","type":"","width":"","height":""}],"author":"Kuzeyin Sesi","twitter_card":"summary_large_image","twitter_creator":"@kuzeyinsesii","twitter_site":"@kuzeyinsesii","twitter_misc":{"Yazan:":"Kuzeyin Sesi","Tahmini okuma s\u00fcresi":"1 dakika"},"schema":{"@context":"https:\/\/schema.org","@graph":[{"@type":"Article","@id":"https:\/\/kuzeyinsesi.org\/index.php\/2024\/07\/16\/bekir-kara-dogum-gununde-kendi-eseri-ile-anildi\/#article","isPartOf":{"@id":"https:\/\/kuzeyinsesi.org\/index.php\/2024\/07\/16\/bekir-kara-dogum-gununde-kendi-eseri-ile-anildi\/"},"author":{"name":"Kuzeyin Sesi","@id":"https:\/\/kuzeyinsesi.org\/#\/schema\/person\/9f859689cdf01485597712386e37f5aa"},"headline":"Bekir Kara, do\u011fum g\u00fcn\u00fcnde kendi eseri ile an\u0131ld\u0131","datePublished":"2024-07-16T16:41:14+00:00","mainEntityOfPage":{"@id":"https:\/\/kuzeyinsesi.org\/index.php\/2024\/07\/16\/bekir-kara-dogum-gununde-kendi-eseri-ile-anildi\/"},"wordCount":131,"commentCount":0,"image":{"@id":"https:\/\/kuzeyinsesi.org\/index.php\/2024\/07\/16\/bekir-kara-dogum-gununde-kendi-eseri-ile-anildi\/#primaryimage"},"thumbnailUrl":"https:\/\/kuzeyinsesi.org\/wp-content\/uploads\/2024\/07\/bekir.jpg","articleSection":["Ya\u015fam"],"inLanguage":"tr","potentialAction":[{"@type":"CommentAction","name":"Comment","target":["https:\/\/kuzeyinsesi.org\/index.php\/2024\/07\/16\/bekir-kara-dogum-gununde-kendi-eseri-ile-anildi\/#respond"]}]},{"@type":"WebPage","@id":"https:\/\/kuzeyinsesi.org\/index.php\/2024\/07\/16\/bekir-kara-dogum-gununde-kendi-eseri-ile-anildi\/","url":"https:\/\/kuzeyinsesi.org\/index.php\/2024\/07\/16\/bekir-kara-dogum-gununde-kendi-eseri-ile-anildi\/","name":"Bekir Kara, do\u011fum g\u00fcn\u00fcnde kendi eseri ile an\u0131ld\u0131 - Kuzeyin Sesi","isPartOf":{"@id":"https:\/\/kuzeyinsesi.org\/#website"},"primaryImageOfPage":{"@id":"https:\/\/kuzeyinsesi.org\/index.php\/2024\/07\/16\/bekir-kara-dogum-gununde-kendi-eseri-ile-anildi\/#primaryimage"},"image":{"@id":"https:\/\/kuzeyinsesi.org\/index.php\/2024\/07\/16\/bekir-kara-dogum-gununde-kendi-eseri-ile-anildi\/#primaryimage"},"thumbnailUrl":"https:\/\/kuzeyinsesi.org\/wp-content\/uploads\/2024\/07\/bekir.jpg","datePublished":"2024-07-16T16:41:14+00:00","author":{"@id":"https:\/\/kuzeyinsesi.org\/#\/schema\/person\/9f859689cdf01485597712386e37f5aa"},"breadcrumb":{"@id":"https:\/\/kuzeyinsesi.org\/index.php\/2024\/07\/16\/bekir-kara-dogum-gununde-kendi-eseri-ile-anildi\/#breadcrumb"},"inLanguage":"tr","potentialAction":[{"@type":"ReadAction","target":["https:\/\/kuzeyinsesi.org\/index.php\/2024\/07\/16\/bekir-kara-dogum-gununde-kendi-eseri-ile-anildi\/"]}]},{"@type":"ImageObject","inLanguage":"tr","@id":"https:\/\/kuzeyinsesi.org\/index.php\/2024\/07\/16\/bekir-kara-dogum-gununde-kendi-eseri-ile-anildi\/#primaryimage","url":"https:\/\/kuzeyinsesi.org\/wp-content\/uploads\/2024\/07\/bekir.jpg","contentUrl":"https:\/\/kuzeyinsesi.org\/wp-content\/uploads\/2024\/07\/bekir.jpg","width":958,"height":526},{"@type":"BreadcrumbList","@id":"https:\/\/kuzeyinsesi.org\/index.php\/2024\/07\/16\/bekir-kara-dogum-gununde-kendi-eseri-ile-anildi\/#breadcrumb","itemListElement":[{"@type":"ListItem","position":1,"name":"Anasayfa","item":"https:\/\/kuzeyinsesi.org\/"},{"@type":"ListItem","position":2,"name":"Bekir Kara, do\u011fum g\u00fcn\u00fcnde kendi eseri ile an\u0131ld\u0131"}]},{"@type":"WebSite","@id":"https:\/\/kuzeyinsesi.org\/#website","url":"https:\/\/kuzeyinsesi.org\/","name":"Kuzeyin Sesi","description":"Do\u011fru Haberin Adresi","potentialAction":[{"@type":"SearchAction","target":{"@type":"EntryPoint","urlTemplate":"https:\/\/kuzeyinsesi.org\/?s={search_term_string}"},"query-input":{"@type":"PropertyValueSpecification","valueRequired":true,"valueName":"search_term_string"}}],"inLanguage":"tr"},{"@type":"Person","@id":"https:\/\/kuzeyinsesi.org\/#\/schema\/person\/9f859689cdf01485597712386e37f5aa","name":"Kuzeyin Sesi","image":{"@type":"ImageObject","inLanguage":"tr","@id":"https:\/\/secure.gravatar.com\/avatar\/bab33852abfd8b282518d6ed81826833d77c3c882d9ab608add591ccace47a44?s=96&d=mm&r=g","url":"https:\/\/secure.gravatar.com\/avatar\/bab33852abfd8b282518d6ed81826833d77c3c882d9ab608add591ccace47a44?s=96&d=mm&r=g","contentUrl":"https:\/\/secure.gravatar.com\/avatar\/bab33852abfd8b282518d6ed81826833d77c3c882d9ab608add591ccace47a44?s=96&d=mm&r=g","caption":"Kuzeyin Sesi"},"sameAs":["https:\/\/kuzeyinsesi.org"],"url":"https:\/\/kuzeyinsesi.org\/index.php\/author\/guven\/"}]}},"_links":{"self":[{"href":"https:\/\/kuzeyinsesi.org\/index.php\/wp-json\/wp\/v2\/posts\/6469","targetHints":{"allow":["GET"]}}],"collection":[{"href":"https:\/\/kuzeyinsesi.org\/index.php\/wp-json\/wp\/v2\/posts"}],"about":[{"href":"https:\/\/kuzeyinsesi.org\/index.php\/wp-json\/wp\/v2\/types\/post"}],"author":[{"embeddable":true,"href":"https:\/\/kuzeyinsesi.org\/index.php\/wp-json\/wp\/v2\/users\/1"}],"replies":[{"embeddable":true,"href":"https:\/\/kuzeyinsesi.org\/index.php\/wp-json\/wp\/v2\/comments?post=6469"}],"version-history":[{"count":0,"href":"https:\/\/kuzeyinsesi.org\/index.php\/wp-json\/wp\/v2\/posts\/6469\/revisions"}],"wp:featuredmedia":[{"embeddable":true,"href":"https:\/\/kuzeyinsesi.org\/index.php\/wp-json\/wp\/v2\/media\/6470"}],"wp:attachment":[{"href":"https:\/\/kuzeyinsesi.org\/index.php\/wp-json\/wp\/v2\/media?parent=6469"}],"wp:term":[{"taxonomy":"category","embeddable":true,"href":"https:\/\/kuzeyinsesi.org\/index.php\/wp-json\/wp\/v2\/categories?post=6469"},{"taxonomy":"post_tag","embeddable":true,"href":"https:\/\/kuzeyinsesi.org\/index.php\/wp-json\/wp\/v2\/tags?post=6469"}],"curies":[{"name":"wp","href":"https:\/\/api.w.org\/{rel}","templated":true}]}}