{"id":6454,"date":"2024-07-16T18:40:05","date_gmt":"2024-07-16T15:40:05","guid":{"rendered":"https:\/\/kuzeyinsesi.org\/index.php\/2024\/07\/16\/basbakan-yardimcisi-ataoglu-50nci-yil-sergisi-hazirliklarini-inceledi\/"},"modified":"2024-07-16T18:40:05","modified_gmt":"2024-07-16T15:40:05","slug":"basbakan-yardimcisi-ataoglu-50nci-yil-sergisi-hazirliklarini-inceledi","status":"publish","type":"post","link":"https:\/\/kuzeyinsesi.org\/index.php\/2024\/07\/16\/basbakan-yardimcisi-ataoglu-50nci-yil-sergisi-hazirliklarini-inceledi\/","title":{"rendered":"Ba\u015fbakan Yard\u0131mc\u0131s\u0131 Atao\u011flu, \u201c50\u2019nci Y\u0131l Sergisi\u201d haz\u0131rl\u0131klar\u0131n\u0131 inceledi"},"content":{"rendered":"<div>\n<div class=\"mariselle-image-container center\">\n                                            <\/div>\n<p>\nBa\u015fbakan Yard\u0131mc\u0131s\u0131, Turizm, K\u00fclt\u00fcr, Gen\u00e7lik ve \u00c7evre Bakan\u0131 Fikri Atao\u011flu, 20 Temmuz kutlamalar\u0131 kapsam\u0131nda a\u00e7\u0131lacak \u201c50\u2019nci Y\u0131l Sergisi\u201d haz\u0131rl\u0131klar\u0131n\u0131 inceledi.<\/p>\n<p>Bakanl\u0131k\u2019tan yap\u0131lan a\u00e7\u0131klamaya g\u00f6re, K\u0131br\u0131s Bar\u0131\u015f Harek\u00e2t\u0131\u2019n\u0131n 50\u2019nci y\u0131l d\u00f6n\u00fcm\u00fcn\u00fcn \u00f6nemini vurgulamak, adaya huzur getiren harek\u00e2t\u0131n ba\u015far\u0131s\u0131n\u0131 geni\u015f kat\u0131l\u0131ml\u0131 bir \u015fekilde kutlamak maksad\u0131yla haz\u0131rlanan sergi 19 Temmuz Cuma g\u00fcn\u00fc saat 14.00\u2019te K\u0131br\u0131s Tarih, K\u00fclt\u00fcr ve Milli M\u00fccadele M\u00fczesi\u2019nde a\u00e7\u0131lacak.<\/p>\n<p>\u201c50\u2019nci Y\u0131l Sergisi\u201d,  T.C. Milli Savunma Bakanl\u0131\u011f\u0131 taraf\u0131ndan Ba\u015fbakan Yard\u0131mc\u0131l\u0131\u011f\u0131, Turizm, K\u00fclt\u00fcr, Gen\u00e7lik ve \u00c7evre Bakanl\u0131\u011f\u0131 ile T.C. Lefko\u015fa B\u00fcy\u00fckel\u00e7ili\u011fi i\u015fbirli\u011finde a\u00e7\u0131lacak.  <\/p>\n<p>20 Temmuz-30 Eyl\u00fcl tarihleri aras\u0131nda ziyaret edilebilecek sergide, T.C. Milli Savunma Bakanl\u0131\u011f\u0131\u2019na ba\u011fl\u0131 askeri m\u00fczelerden ve K\u0131br\u0131s\u2019taki m\u00fczelerden se\u00e7ilen objeler ile MSB G\u00f6rsel Yap\u0131m ve Foto Film Merkezi Komutanl\u0131\u011f\u0131 taraf\u0131ndan haz\u0131rlanan foto\u011fraflar yer alacak.<\/p>\n<p>Sergilenecek objeler aras\u0131nda, \u015eehit Y\u00fczba\u015f\u0131 Cengiz Topel\u2019in, Binba\u015f\u0131 Nihat \u0130lhan\u2019\u0131n katledilen e\u015fi ve \u00e7ocuklar\u0131n\u0131n, kahraman T\u00fcrk Askerleri ile K\u0131br\u0131s T\u00fcrk M\u00fccahitlerinin e\u015fyalar\u0131 da bulunuyor.<\/p>\n<\/p><\/div>\n<p><script async\n                    defer\n                    crossorigin=\"anonymous\"\n                    src=\"https:\/\/connect.facebook.net\/tr_TR\/sdk.js#xfbml=1&#038;version=v3.3\"\n            ><\/script><\/p>\n","protected":false},"excerpt":{"rendered":"<p>Ba\u015fbakan Yard\u0131mc\u0131s\u0131, Turizm, K\u00fclt\u00fcr, Gen\u00e7lik ve \u00c7evre Bakan\u0131 Fikri Atao\u011flu, 20 Temmuz kutlamalar\u0131 kapsam\u0131nda a\u00e7\u0131lacak \u201c50\u2019nci Y\u0131l Sergisi\u201d haz\u0131rl\u0131klar\u0131n\u0131 inceledi. Bakanl\u0131k\u2019tan yap\u0131lan a\u00e7\u0131klamaya g\u00f6re, K\u0131br\u0131s Bar\u0131\u015f Harek\u00e2t\u0131\u2019n\u0131n 50\u2019nci y\u0131l d\u00f6n\u00fcm\u00fcn\u00fcn \u00f6nemini vurgulamak, adaya huzur getiren harek\u00e2t\u0131n ba\u015far\u0131s\u0131n\u0131 geni\u015f kat\u0131l\u0131ml\u0131 bir \u015fekilde kutlamak maksad\u0131yla haz\u0131rlanan sergi 19 Temmuz Cuma g\u00fcn\u00fc saat 14.00\u2019te K\u0131br\u0131s Tarih, K\u00fclt\u00fcr ve [&hellip;]<\/p>\n","protected":false},"author":1,"featured_media":6455,"comment_status":"open","ping_status":"open","sticky":false,"template":"","format":"standard","meta":{"jnews-multi-image_gallery":[],"jnews_single_post":[],"jnews_primary_category":[],"jnews_social_meta":[],"jnews_override_counter":[],"footnotes":""},"categories":[6],"tags":[],"class_list":["post-6454","post","type-post","status-publish","format-standard","has-post-thumbnail","hentry","category-yasam"],"yoast_head":"<!-- This site is optimized with the Yoast SEO plugin v27.5 - https:\/\/yoast.com\/product\/yoast-seo-wordpress\/ -->\n<title>Ba\u015fbakan Yard\u0131mc\u0131s\u0131 Atao\u011flu, \u201c50\u2019nci Y\u0131l Sergisi\u201d haz\u0131rl\u0131klar\u0131n\u0131 inceledi - Kuzeyin Sesi<\/title>\n<meta name=\"robots\" content=\"index, follow, max-snippet:-1, max-image-preview:large, max-video-preview:-1\" \/>\n<link rel=\"canonical\" href=\"https:\/\/kuzeyinsesi.org\/index.php\/2024\/07\/16\/basbakan-yardimcisi-ataoglu-50nci-yil-sergisi-hazirliklarini-inceledi\/\" \/>\n<meta property=\"og:locale\" content=\"tr_TR\" \/>\n<meta property=\"og:type\" content=\"article\" \/>\n<meta property=\"og:title\" content=\"Ba\u015fbakan Yard\u0131mc\u0131s\u0131 Atao\u011flu, \u201c50\u2019nci Y\u0131l Sergisi\u201d haz\u0131rl\u0131klar\u0131n\u0131 inceledi - Kuzeyin Sesi\" \/>\n<meta property=\"og:description\" content=\"Ba\u015fbakan Yard\u0131mc\u0131s\u0131, Turizm, K\u00fclt\u00fcr, Gen\u00e7lik ve \u00c7evre Bakan\u0131 Fikri Atao\u011flu, 20 Temmuz kutlamalar\u0131 kapsam\u0131nda a\u00e7\u0131lacak \u201c50\u2019nci Y\u0131l Sergisi\u201d haz\u0131rl\u0131klar\u0131n\u0131 inceledi. Bakanl\u0131k\u2019tan yap\u0131lan a\u00e7\u0131klamaya g\u00f6re, K\u0131br\u0131s Bar\u0131\u015f Harek\u00e2t\u0131\u2019n\u0131n 50\u2019nci y\u0131l d\u00f6n\u00fcm\u00fcn\u00fcn \u00f6nemini vurgulamak, adaya huzur getiren harek\u00e2t\u0131n ba\u015far\u0131s\u0131n\u0131 geni\u015f kat\u0131l\u0131ml\u0131 bir \u015fekilde kutlamak maksad\u0131yla haz\u0131rlanan sergi 19 Temmuz Cuma g\u00fcn\u00fc saat 14.00\u2019te K\u0131br\u0131s Tarih, K\u00fclt\u00fcr ve [&hellip;]\" \/>\n<meta property=\"og:url\" content=\"https:\/\/kuzeyinsesi.org\/index.php\/2024\/07\/16\/basbakan-yardimcisi-ataoglu-50nci-yil-sergisi-hazirliklarini-inceledi\/\" \/>\n<meta property=\"og:site_name\" content=\"Kuzeyin Sesi\" \/>\n<meta property=\"article:publisher\" content=\"https:\/\/www.facebook.com\/kuzeyinsesii\" \/>\n<meta property=\"article:published_time\" content=\"2024-07-16T15:40:05+00:00\" \/>\n<meta property=\"og:image\" content=\"https:\/\/brtk.net\/wp-content\/uploads\/2024\/07\/16\/50-nci-yil-sergi-hazirliklari5-scaled.jpg?ver=d15e5c8e974740585ee99863424f319c\" \/>\n<meta name=\"author\" content=\"Kuzeyin Sesi\" \/>\n<meta name=\"twitter:card\" content=\"summary_large_image\" \/>\n<meta name=\"twitter:creator\" content=\"@kuzeyinsesii\" \/>\n<meta name=\"twitter:site\" content=\"@kuzeyinsesii\" \/>\n<meta name=\"twitter:label1\" content=\"Yazan:\" \/>\n\t<meta name=\"twitter:data1\" content=\"Kuzeyin Sesi\" \/>\n\t<meta name=\"twitter:label2\" content=\"Tahmini okuma s\u00fcresi\" \/>\n\t<meta name=\"twitter:data2\" content=\"1 dakika\" \/>\n<script type=\"application\/ld+json\" class=\"yoast-schema-graph\">{\"@context\":\"https:\\\/\\\/schema.org\",\"@graph\":[{\"@type\":\"Article\",\"@id\":\"https:\\\/\\\/kuzeyinsesi.org\\\/index.php\\\/2024\\\/07\\\/16\\\/basbakan-yardimcisi-ataoglu-50nci-yil-sergisi-hazirliklarini-inceledi\\\/#article\",\"isPartOf\":{\"@id\":\"https:\\\/\\\/kuzeyinsesi.org\\\/index.php\\\/2024\\\/07\\\/16\\\/basbakan-yardimcisi-ataoglu-50nci-yil-sergisi-hazirliklarini-inceledi\\\/\"},\"author\":{\"name\":\"Kuzeyin Sesi\",\"@id\":\"https:\\\/\\\/kuzeyinsesi.org\\\/#\\\/schema\\\/person\\\/9f859689cdf01485597712386e37f5aa\"},\"headline\":\"Ba\u015fbakan Yard\u0131mc\u0131s\u0131 Atao\u011flu, \u201c50\u2019nci Y\u0131l Sergisi\u201d haz\u0131rl\u0131klar\u0131n\u0131 inceledi\",\"datePublished\":\"2024-07-16T15:40:05+00:00\",\"mainEntityOfPage\":{\"@id\":\"https:\\\/\\\/kuzeyinsesi.org\\\/index.php\\\/2024\\\/07\\\/16\\\/basbakan-yardimcisi-ataoglu-50nci-yil-sergisi-hazirliklarini-inceledi\\\/\"},\"wordCount\":245,\"commentCount\":0,\"image\":{\"@id\":\"https:\\\/\\\/kuzeyinsesi.org\\\/index.php\\\/2024\\\/07\\\/16\\\/basbakan-yardimcisi-ataoglu-50nci-yil-sergisi-hazirliklarini-inceledi\\\/#primaryimage\"},\"thumbnailUrl\":\"https:\\\/\\\/kuzeyinsesi.org\\\/wp-content\\\/uploads\\\/2024\\\/07\\\/50-nci-yil-sergi-hazirliklari5-scaled.jpg\",\"articleSection\":[\"Ya\u015fam\"],\"inLanguage\":\"tr\",\"potentialAction\":[{\"@type\":\"CommentAction\",\"name\":\"Comment\",\"target\":[\"https:\\\/\\\/kuzeyinsesi.org\\\/index.php\\\/2024\\\/07\\\/16\\\/basbakan-yardimcisi-ataoglu-50nci-yil-sergisi-hazirliklarini-inceledi\\\/#respond\"]}]},{\"@type\":\"WebPage\",\"@id\":\"https:\\\/\\\/kuzeyinsesi.org\\\/index.php\\\/2024\\\/07\\\/16\\\/basbakan-yardimcisi-ataoglu-50nci-yil-sergisi-hazirliklarini-inceledi\\\/\",\"url\":\"https:\\\/\\\/kuzeyinsesi.org\\\/index.php\\\/2024\\\/07\\\/16\\\/basbakan-yardimcisi-ataoglu-50nci-yil-sergisi-hazirliklarini-inceledi\\\/\",\"name\":\"Ba\u015fbakan Yard\u0131mc\u0131s\u0131 Atao\u011flu, \u201c50\u2019nci Y\u0131l Sergisi\u201d haz\u0131rl\u0131klar\u0131n\u0131 inceledi - Kuzeyin Sesi\",\"isPartOf\":{\"@id\":\"https:\\\/\\\/kuzeyinsesi.org\\\/#website\"},\"primaryImageOfPage\":{\"@id\":\"https:\\\/\\\/kuzeyinsesi.org\\\/index.php\\\/2024\\\/07\\\/16\\\/basbakan-yardimcisi-ataoglu-50nci-yil-sergisi-hazirliklarini-inceledi\\\/#primaryimage\"},\"image\":{\"@id\":\"https:\\\/\\\/kuzeyinsesi.org\\\/index.php\\\/2024\\\/07\\\/16\\\/basbakan-yardimcisi-ataoglu-50nci-yil-sergisi-hazirliklarini-inceledi\\\/#primaryimage\"},\"thumbnailUrl\":\"https:\\\/\\\/kuzeyinsesi.org\\\/wp-content\\\/uploads\\\/2024\\\/07\\\/50-nci-yil-sergi-hazirliklari5-scaled.jpg\",\"datePublished\":\"2024-07-16T15:40:05+00:00\",\"author\":{\"@id\":\"https:\\\/\\\/kuzeyinsesi.org\\\/#\\\/schema\\\/person\\\/9f859689cdf01485597712386e37f5aa\"},\"breadcrumb\":{\"@id\":\"https:\\\/\\\/kuzeyinsesi.org\\\/index.php\\\/2024\\\/07\\\/16\\\/basbakan-yardimcisi-ataoglu-50nci-yil-sergisi-hazirliklarini-inceledi\\\/#breadcrumb\"},\"inLanguage\":\"tr\",\"potentialAction\":[{\"@type\":\"ReadAction\",\"target\":[\"https:\\\/\\\/kuzeyinsesi.org\\\/index.php\\\/2024\\\/07\\\/16\\\/basbakan-yardimcisi-ataoglu-50nci-yil-sergisi-hazirliklarini-inceledi\\\/\"]}]},{\"@type\":\"ImageObject\",\"inLanguage\":\"tr\",\"@id\":\"https:\\\/\\\/kuzeyinsesi.org\\\/index.php\\\/2024\\\/07\\\/16\\\/basbakan-yardimcisi-ataoglu-50nci-yil-sergisi-hazirliklarini-inceledi\\\/#primaryimage\",\"url\":\"https:\\\/\\\/kuzeyinsesi.org\\\/wp-content\\\/uploads\\\/2024\\\/07\\\/50-nci-yil-sergi-hazirliklari5-scaled.jpg\",\"contentUrl\":\"https:\\\/\\\/kuzeyinsesi.org\\\/wp-content\\\/uploads\\\/2024\\\/07\\\/50-nci-yil-sergi-hazirliklari5-scaled.jpg\",\"width\":2560,\"height\":1920},{\"@type\":\"BreadcrumbList\",\"@id\":\"https:\\\/\\\/kuzeyinsesi.org\\\/index.php\\\/2024\\\/07\\\/16\\\/basbakan-yardimcisi-ataoglu-50nci-yil-sergisi-hazirliklarini-inceledi\\\/#breadcrumb\",\"itemListElement\":[{\"@type\":\"ListItem\",\"position\":1,\"name\":\"Anasayfa\",\"item\":\"https:\\\/\\\/kuzeyinsesi.org\\\/\"},{\"@type\":\"ListItem\",\"position\":2,\"name\":\"Ba\u015fbakan Yard\u0131mc\u0131s\u0131 Atao\u011flu, \u201c50\u2019nci Y\u0131l Sergisi\u201d haz\u0131rl\u0131klar\u0131n\u0131 inceledi\"}]},{\"@type\":\"WebSite\",\"@id\":\"https:\\\/\\\/kuzeyinsesi.org\\\/#website\",\"url\":\"https:\\\/\\\/kuzeyinsesi.org\\\/\",\"name\":\"Kuzeyin Sesi\",\"description\":\"Do\u011fru Haberin Adresi\",\"potentialAction\":[{\"@type\":\"SearchAction\",\"target\":{\"@type\":\"EntryPoint\",\"urlTemplate\":\"https:\\\/\\\/kuzeyinsesi.org\\\/?s={search_term_string}\"},\"query-input\":{\"@type\":\"PropertyValueSpecification\",\"valueRequired\":true,\"valueName\":\"search_term_string\"}}],\"inLanguage\":\"tr\"},{\"@type\":\"Person\",\"@id\":\"https:\\\/\\\/kuzeyinsesi.org\\\/#\\\/schema\\\/person\\\/9f859689cdf01485597712386e37f5aa\",\"name\":\"Kuzeyin Sesi\",\"image\":{\"@type\":\"ImageObject\",\"inLanguage\":\"tr\",\"@id\":\"https:\\\/\\\/secure.gravatar.com\\\/avatar\\\/bab33852abfd8b282518d6ed81826833d77c3c882d9ab608add591ccace47a44?s=96&d=mm&r=g\",\"url\":\"https:\\\/\\\/secure.gravatar.com\\\/avatar\\\/bab33852abfd8b282518d6ed81826833d77c3c882d9ab608add591ccace47a44?s=96&d=mm&r=g\",\"contentUrl\":\"https:\\\/\\\/secure.gravatar.com\\\/avatar\\\/bab33852abfd8b282518d6ed81826833d77c3c882d9ab608add591ccace47a44?s=96&d=mm&r=g\",\"caption\":\"Kuzeyin Sesi\"},\"sameAs\":[\"https:\\\/\\\/kuzeyinsesi.org\"],\"url\":\"https:\\\/\\\/kuzeyinsesi.org\\\/index.php\\\/author\\\/guven\\\/\"}]}<\/script>\n<!-- \/ Yoast SEO plugin. -->","yoast_head_json":{"title":"Ba\u015fbakan Yard\u0131mc\u0131s\u0131 Atao\u011flu, \u201c50\u2019nci Y\u0131l Sergisi\u201d haz\u0131rl\u0131klar\u0131n\u0131 inceledi - Kuzeyin Sesi","robots":{"index":"index","follow":"follow","max-snippet":"max-snippet:-1","max-image-preview":"max-image-preview:large","max-video-preview":"max-video-preview:-1"},"canonical":"https:\/\/kuzeyinsesi.org\/index.php\/2024\/07\/16\/basbakan-yardimcisi-ataoglu-50nci-yil-sergisi-hazirliklarini-inceledi\/","og_locale":"tr_TR","og_type":"article","og_title":"Ba\u015fbakan Yard\u0131mc\u0131s\u0131 Atao\u011flu, \u201c50\u2019nci Y\u0131l Sergisi\u201d haz\u0131rl\u0131klar\u0131n\u0131 inceledi - Kuzeyin Sesi","og_description":"Ba\u015fbakan Yard\u0131mc\u0131s\u0131, Turizm, K\u00fclt\u00fcr, Gen\u00e7lik ve \u00c7evre Bakan\u0131 Fikri Atao\u011flu, 20 Temmuz kutlamalar\u0131 kapsam\u0131nda a\u00e7\u0131lacak \u201c50\u2019nci Y\u0131l Sergisi\u201d haz\u0131rl\u0131klar\u0131n\u0131 inceledi. Bakanl\u0131k\u2019tan yap\u0131lan a\u00e7\u0131klamaya g\u00f6re, K\u0131br\u0131s Bar\u0131\u015f Harek\u00e2t\u0131\u2019n\u0131n 50\u2019nci y\u0131l d\u00f6n\u00fcm\u00fcn\u00fcn \u00f6nemini vurgulamak, adaya huzur getiren harek\u00e2t\u0131n ba\u015far\u0131s\u0131n\u0131 geni\u015f kat\u0131l\u0131ml\u0131 bir \u015fekilde kutlamak maksad\u0131yla haz\u0131rlanan sergi 19 Temmuz Cuma g\u00fcn\u00fc saat 14.00\u2019te K\u0131br\u0131s Tarih, K\u00fclt\u00fcr ve [&hellip;]","og_url":"https:\/\/kuzeyinsesi.org\/index.php\/2024\/07\/16\/basbakan-yardimcisi-ataoglu-50nci-yil-sergisi-hazirliklarini-inceledi\/","og_site_name":"Kuzeyin Sesi","article_publisher":"https:\/\/www.facebook.com\/kuzeyinsesii","article_published_time":"2024-07-16T15:40:05+00:00","og_image":[{"url":"https:\/\/brtk.net\/wp-content\/uploads\/2024\/07\/16\/50-nci-yil-sergi-hazirliklari5-scaled.jpg?ver=d15e5c8e974740585ee99863424f319c","type":"","width":"","height":""}],"author":"Kuzeyin Sesi","twitter_card":"summary_large_image","twitter_creator":"@kuzeyinsesii","twitter_site":"@kuzeyinsesii","twitter_misc":{"Yazan:":"Kuzeyin Sesi","Tahmini okuma s\u00fcresi":"1 dakika"},"schema":{"@context":"https:\/\/schema.org","@graph":[{"@type":"Article","@id":"https:\/\/kuzeyinsesi.org\/index.php\/2024\/07\/16\/basbakan-yardimcisi-ataoglu-50nci-yil-sergisi-hazirliklarini-inceledi\/#article","isPartOf":{"@id":"https:\/\/kuzeyinsesi.org\/index.php\/2024\/07\/16\/basbakan-yardimcisi-ataoglu-50nci-yil-sergisi-hazirliklarini-inceledi\/"},"author":{"name":"Kuzeyin Sesi","@id":"https:\/\/kuzeyinsesi.org\/#\/schema\/person\/9f859689cdf01485597712386e37f5aa"},"headline":"Ba\u015fbakan Yard\u0131mc\u0131s\u0131 Atao\u011flu, \u201c50\u2019nci Y\u0131l Sergisi\u201d haz\u0131rl\u0131klar\u0131n\u0131 inceledi","datePublished":"2024-07-16T15:40:05+00:00","mainEntityOfPage":{"@id":"https:\/\/kuzeyinsesi.org\/index.php\/2024\/07\/16\/basbakan-yardimcisi-ataoglu-50nci-yil-sergisi-hazirliklarini-inceledi\/"},"wordCount":245,"commentCount":0,"image":{"@id":"https:\/\/kuzeyinsesi.org\/index.php\/2024\/07\/16\/basbakan-yardimcisi-ataoglu-50nci-yil-sergisi-hazirliklarini-inceledi\/#primaryimage"},"thumbnailUrl":"https:\/\/kuzeyinsesi.org\/wp-content\/uploads\/2024\/07\/50-nci-yil-sergi-hazirliklari5-scaled.jpg","articleSection":["Ya\u015fam"],"inLanguage":"tr","potentialAction":[{"@type":"CommentAction","name":"Comment","target":["https:\/\/kuzeyinsesi.org\/index.php\/2024\/07\/16\/basbakan-yardimcisi-ataoglu-50nci-yil-sergisi-hazirliklarini-inceledi\/#respond"]}]},{"@type":"WebPage","@id":"https:\/\/kuzeyinsesi.org\/index.php\/2024\/07\/16\/basbakan-yardimcisi-ataoglu-50nci-yil-sergisi-hazirliklarini-inceledi\/","url":"https:\/\/kuzeyinsesi.org\/index.php\/2024\/07\/16\/basbakan-yardimcisi-ataoglu-50nci-yil-sergisi-hazirliklarini-inceledi\/","name":"Ba\u015fbakan Yard\u0131mc\u0131s\u0131 Atao\u011flu, \u201c50\u2019nci Y\u0131l Sergisi\u201d haz\u0131rl\u0131klar\u0131n\u0131 inceledi - Kuzeyin Sesi","isPartOf":{"@id":"https:\/\/kuzeyinsesi.org\/#website"},"primaryImageOfPage":{"@id":"https:\/\/kuzeyinsesi.org\/index.php\/2024\/07\/16\/basbakan-yardimcisi-ataoglu-50nci-yil-sergisi-hazirliklarini-inceledi\/#primaryimage"},"image":{"@id":"https:\/\/kuzeyinsesi.org\/index.php\/2024\/07\/16\/basbakan-yardimcisi-ataoglu-50nci-yil-sergisi-hazirliklarini-inceledi\/#primaryimage"},"thumbnailUrl":"https:\/\/kuzeyinsesi.org\/wp-content\/uploads\/2024\/07\/50-nci-yil-sergi-hazirliklari5-scaled.jpg","datePublished":"2024-07-16T15:40:05+00:00","author":{"@id":"https:\/\/kuzeyinsesi.org\/#\/schema\/person\/9f859689cdf01485597712386e37f5aa"},"breadcrumb":{"@id":"https:\/\/kuzeyinsesi.org\/index.php\/2024\/07\/16\/basbakan-yardimcisi-ataoglu-50nci-yil-sergisi-hazirliklarini-inceledi\/#breadcrumb"},"inLanguage":"tr","potentialAction":[{"@type":"ReadAction","target":["https:\/\/kuzeyinsesi.org\/index.php\/2024\/07\/16\/basbakan-yardimcisi-ataoglu-50nci-yil-sergisi-hazirliklarini-inceledi\/"]}]},{"@type":"ImageObject","inLanguage":"tr","@id":"https:\/\/kuzeyinsesi.org\/index.php\/2024\/07\/16\/basbakan-yardimcisi-ataoglu-50nci-yil-sergisi-hazirliklarini-inceledi\/#primaryimage","url":"https:\/\/kuzeyinsesi.org\/wp-content\/uploads\/2024\/07\/50-nci-yil-sergi-hazirliklari5-scaled.jpg","contentUrl":"https:\/\/kuzeyinsesi.org\/wp-content\/uploads\/2024\/07\/50-nci-yil-sergi-hazirliklari5-scaled.jpg","width":2560,"height":1920},{"@type":"BreadcrumbList","@id":"https:\/\/kuzeyinsesi.org\/index.php\/2024\/07\/16\/basbakan-yardimcisi-ataoglu-50nci-yil-sergisi-hazirliklarini-inceledi\/#breadcrumb","itemListElement":[{"@type":"ListItem","position":1,"name":"Anasayfa","item":"https:\/\/kuzeyinsesi.org\/"},{"@type":"ListItem","position":2,"name":"Ba\u015fbakan Yard\u0131mc\u0131s\u0131 Atao\u011flu, \u201c50\u2019nci Y\u0131l Sergisi\u201d haz\u0131rl\u0131klar\u0131n\u0131 inceledi"}]},{"@type":"WebSite","@id":"https:\/\/kuzeyinsesi.org\/#website","url":"https:\/\/kuzeyinsesi.org\/","name":"Kuzeyin Sesi","description":"Do\u011fru Haberin Adresi","potentialAction":[{"@type":"SearchAction","target":{"@type":"EntryPoint","urlTemplate":"https:\/\/kuzeyinsesi.org\/?s={search_term_string}"},"query-input":{"@type":"PropertyValueSpecification","valueRequired":true,"valueName":"search_term_string"}}],"inLanguage":"tr"},{"@type":"Person","@id":"https:\/\/kuzeyinsesi.org\/#\/schema\/person\/9f859689cdf01485597712386e37f5aa","name":"Kuzeyin Sesi","image":{"@type":"ImageObject","inLanguage":"tr","@id":"https:\/\/secure.gravatar.com\/avatar\/bab33852abfd8b282518d6ed81826833d77c3c882d9ab608add591ccace47a44?s=96&d=mm&r=g","url":"https:\/\/secure.gravatar.com\/avatar\/bab33852abfd8b282518d6ed81826833d77c3c882d9ab608add591ccace47a44?s=96&d=mm&r=g","contentUrl":"https:\/\/secure.gravatar.com\/avatar\/bab33852abfd8b282518d6ed81826833d77c3c882d9ab608add591ccace47a44?s=96&d=mm&r=g","caption":"Kuzeyin Sesi"},"sameAs":["https:\/\/kuzeyinsesi.org"],"url":"https:\/\/kuzeyinsesi.org\/index.php\/author\/guven\/"}]}},"_links":{"self":[{"href":"https:\/\/kuzeyinsesi.org\/index.php\/wp-json\/wp\/v2\/posts\/6454","targetHints":{"allow":["GET"]}}],"collection":[{"href":"https:\/\/kuzeyinsesi.org\/index.php\/wp-json\/wp\/v2\/posts"}],"about":[{"href":"https:\/\/kuzeyinsesi.org\/index.php\/wp-json\/wp\/v2\/types\/post"}],"author":[{"embeddable":true,"href":"https:\/\/kuzeyinsesi.org\/index.php\/wp-json\/wp\/v2\/users\/1"}],"replies":[{"embeddable":true,"href":"https:\/\/kuzeyinsesi.org\/index.php\/wp-json\/wp\/v2\/comments?post=6454"}],"version-history":[{"count":0,"href":"https:\/\/kuzeyinsesi.org\/index.php\/wp-json\/wp\/v2\/posts\/6454\/revisions"}],"wp:featuredmedia":[{"embeddable":true,"href":"https:\/\/kuzeyinsesi.org\/index.php\/wp-json\/wp\/v2\/media\/6455"}],"wp:attachment":[{"href":"https:\/\/kuzeyinsesi.org\/index.php\/wp-json\/wp\/v2\/media?parent=6454"}],"wp:term":[{"taxonomy":"category","embeddable":true,"href":"https:\/\/kuzeyinsesi.org\/index.php\/wp-json\/wp\/v2\/categories?post=6454"},{"taxonomy":"post_tag","embeddable":true,"href":"https:\/\/kuzeyinsesi.org\/index.php\/wp-json\/wp\/v2\/tags?post=6454"}],"curies":[{"name":"wp","href":"https:\/\/api.w.org\/{rel}","templated":true}]}}