{"id":6450,"date":"2024-07-16T17:37:31","date_gmt":"2024-07-16T14:37:31","guid":{"rendered":"https:\/\/kuzeyinsesi.org\/index.php\/2024\/07\/16\/24-uluslararasi-magusa-kultur-sanat-festivali-sona-erdi\/"},"modified":"2024-07-16T17:37:31","modified_gmt":"2024-07-16T14:37:31","slug":"24-uluslararasi-magusa-kultur-sanat-festivali-sona-erdi","status":"publish","type":"post","link":"https:\/\/kuzeyinsesi.org\/index.php\/2024\/07\/16\/24-uluslararasi-magusa-kultur-sanat-festivali-sona-erdi\/","title":{"rendered":"24. Uluslararas\u0131 Ma\u011fusa K\u00fclt\u00fcr Sanat Festivali sona erdi"},"content":{"rendered":"<div>\n<div class=\"mariselle-image-container center\">\n                                            <\/div>\n<p>24. Uluslararas\u0131 Ma\u011fusa K\u00fclt\u00fcr Sanat Festivali, Aaron Vivancos\u2019un Salamis Antik Tiyatro\u2019da sergiledi\u011fi Flamenko dans g\u00f6sterisiyle tamamland\u0131.<\/p>\n<p>Gazima\u011fusa Belediyesi\u2019nin bu y\u0131l 24\u2019\u00fcnc\u00fcs\u00fcn\u00fc d\u00fczenledi\u011fi festivalin final gecesi olan d\u00fcn, Los Vivancos\u2019un efsane dans\u00e7\u0131s\u0131 Aaron Vivancos, prod\u00fckt\u00f6r, koreograf, besteci ve artistik direkt\u00f6rl\u00fc\u011f\u00fcn\u00fc \u00fcstlendi\u011fi \u201cWoman\u201d isimli Flamenko dans g\u00f6sterisini sergiledi.<\/p>\n<p>24. Uluslararas\u0131 Ma\u011fusa K\u00fclt\u00fcr-Sanat Festivali\u2019nin kapan\u0131\u015f\u0131na Cumhuriyet\u00e7i T\u00fcrk Partisi (CTP) Genel Ba\u015fkan\u0131 Tufan Erh\u00fcrman, CTP Genel Sekreteri As\u0131m Akansoy, baz\u0131 milletvekilleri, baz\u0131 belediye meclis \u00fcyeleri ile \u00e7ok say\u0131da sanatsever kat\u0131ld\u0131.<\/p>\n<p>Gazima\u011fusa Belediyesi\u2019nden yap\u0131lan a\u00e7\u0131klamaya g\u00f6re, festival bu y\u0131l alt\u0131n sponsor Ark\u0131n Group, ileti\u015fim sponsoru Kuzey K\u0131br\u0131s Turkcell\u2019in katk\u0131lar\u0131yla hayat buldu.<\/p>\n<p>-Ulu\u00e7ay: \u201c24. Uluslararas\u0131 Ma\u011fusa K\u00fclt\u00fcr-Sanat Festivali KKTC\u2019nin y\u00fcz ak\u0131d\u0131r\u201d<\/p>\n<p>Festivalin kapan\u0131\u015f\u0131nda konu\u015fma yapan Gazima\u011fusa Belediye Ba\u015fkan\u0131 S\u00fcleyman Ulu\u00e7ay, 24\u2019\u00fcnc\u00fc kez d\u00fczenlenen festivalin son etkinli\u011finde, sanatseverlerle bir arada olmaktan mutlu oldu\u011funu ifade etti.<\/p>\n<p>\u00dclkenin ikinci b\u00fcy\u00fck \u015fehri Gazima\u011fusa\u2019n\u0131n bir\u00e7ok \u00f6zelli\u011fiyle bilindi\u011fini, bunlardan birinin de Uluslararas\u0131 Ma\u011fusa K\u00fclt\u00fcr ve Sanat Festivali oldu\u011funu an\u0131msatan Ba\u015fkan Ulu\u00e7ay, festival kapsam\u0131nda \u2018\u2019Richard\u2019\u2019 oyunu ile seyirciyle bulu\u015fan Okan Bay\u00fclgen\u2019in sahnede s\u00f6yledi\u011fi \u201c24. Uluslararas\u0131 Ma\u011fusa K\u00fclt\u00fcr-Sanat Festivali KKTC\u2019nin y\u00fcz ak\u0131d\u0131r\u201d diye konu\u015ftu.<\/p>\n<p>Uluslararas\u0131 Ma\u011fusa K\u00fclt\u00fcr-Sanat Festivali\u2019nin ilk kez 1995 y\u0131l\u0131nda, d\u00f6nemin Belediye Ba\u015fkan\u0131 Oktay Kayalp\u2019\u0131n b\u00fcy\u00fck bir cesaret ve vizyon g\u00f6stererek hayata ge\u00e7irildi\u011fini kaydeden Ulu\u00e7ay, o d\u00f6nemde festival komitesinde Oktay Kayalp, Ayg\u00fcl \u00d6v\u00fcn\u00e7l\u00fc, Mehmet Ulubatl\u0131, \u015eifa \u00c7olako\u011flu, Mahmut Kunter, As\u0131m Akansoy ve Onursal Akdeniz\u2019in yer ald\u0131\u011f\u0131n\u0131 an\u0131msatt\u0131.<\/p>\n<p>Ba\u015fkan Ulu\u00e7ay konu\u015fmas\u0131nda, ba\u015fta festival boyunca kendilerini yaln\u0131z b\u0131rakmayan sanatseverlere te\u015fekk\u00fcr ederken, festivalin d\u00f6rt y\u0131l aradan sonra yeniden hayat bulmas\u0131n\u0131 sa\u011flayan Gazima\u011fusa Belediyesi K\u00fclt\u00fcr \u0130\u015fleri Birimi Amiri Onursal Akdeniz\u2019e, festival s\u00fcresince canla ba\u015fla \u00e7al\u0131\u015fan t\u00fcm belediye personeline, Ba\u015fbakan Yard\u0131mc\u0131s\u0131, Turizm, K\u00fclt\u00fcr, Gen\u00e7lik ve \u00c7evre Bakan\u0131, DP Genel Ba\u015fkan\u0131 Fikri Atao\u011flu, Eski Eserler Dairesi Ma\u011fusa \u015eube Amiri Elif Karaca\u2019ya da te\u015fekk\u00fcrlerini sundu.<\/p>\n<p>-Erh\u00fcrman: \u201cBir kez daha d\u00fcnya ile bulu\u015ftuk pencerelerimizi d\u00fcnyaya a\u00e7t\u0131k\u201d<\/p>\n<p>24. Uluslararas\u0131 Ma\u011fusa K\u00fclt\u00fcr-Sanat Festivali\u2019nin kapan\u0131\u015f\u0131nda konu\u015fma yapan CTP Genel Ba\u015fkan\u0131 Tufan Erh\u00fcrman da, adan\u0131n d\u00f6rt bir yan\u0131ndan festivale gelen sanatseverlere te\u015fekk\u00fcr ederek s\u00f6zlerine ba\u015flad\u0131. Uluslararas\u0131 Ma\u011fusa K\u00fclt\u00fcr-Sanat Festivali\u2019nin s\u0131radan bir festival olmad\u0131\u011f\u0131n\u0131, Ma\u011fusa\u2019dan d\u00fcnyaya a\u00e7\u0131lan pencere oldu\u011funu s\u00f6yleyen Erh\u00fcrman, \u201cD\u00fcnyadan sanat\u00e7\u0131lar\u0131n\u0131 davet edip a\u011f\u0131rlayan bu festivali \u00e7ok \u00f6zlemi\u015ftik. Bir kez daha d\u00fcnya ile bulu\u015ftuk pencerelerimizi d\u00fcnyaya a\u00e7t\u0131k.\u201d dedi.<\/p>\n<\/p><\/div>\n<p><script async\n                    defer\n                    crossorigin=\"anonymous\"\n                    src=\"https:\/\/connect.facebook.net\/tr_TR\/sdk.js#xfbml=1&#038;version=v3.3\"\n            ><\/script><\/p>\n","protected":false},"excerpt":{"rendered":"<p>24. Uluslararas\u0131 Ma\u011fusa K\u00fclt\u00fcr Sanat Festivali, Aaron Vivancos\u2019un Salamis Antik Tiyatro\u2019da sergiledi\u011fi Flamenko dans g\u00f6sterisiyle tamamland\u0131. Gazima\u011fusa Belediyesi\u2019nin bu y\u0131l 24\u2019\u00fcnc\u00fcs\u00fcn\u00fc d\u00fczenledi\u011fi festivalin final gecesi olan d\u00fcn, Los Vivancos\u2019un efsane dans\u00e7\u0131s\u0131 Aaron Vivancos, prod\u00fckt\u00f6r, koreograf, besteci ve artistik direkt\u00f6rl\u00fc\u011f\u00fcn\u00fc \u00fcstlendi\u011fi \u201cWoman\u201d isimli Flamenko dans g\u00f6sterisini sergiledi. 24. Uluslararas\u0131 Ma\u011fusa K\u00fclt\u00fcr-Sanat Festivali\u2019nin kapan\u0131\u015f\u0131na Cumhuriyet\u00e7i T\u00fcrk Partisi [&hellip;]<\/p>\n","protected":false},"author":1,"featured_media":6451,"comment_status":"open","ping_status":"open","sticky":false,"template":"","format":"standard","meta":{"jnews-multi-image_gallery":[],"jnews_single_post":[],"jnews_primary_category":[],"jnews_social_meta":[],"jnews_override_counter":[],"footnotes":""},"categories":[6],"tags":[],"class_list":["post-6450","post","type-post","status-publish","format-standard","has-post-thumbnail","hentry","category-yasam"],"yoast_head":"<!-- This site is optimized with the Yoast SEO plugin v27.5 - https:\/\/yoast.com\/product\/yoast-seo-wordpress\/ -->\n<title>24. Uluslararas\u0131 Ma\u011fusa K\u00fclt\u00fcr Sanat Festivali sona erdi - Kuzeyin Sesi<\/title>\n<meta name=\"robots\" content=\"index, follow, max-snippet:-1, max-image-preview:large, max-video-preview:-1\" \/>\n<link rel=\"canonical\" href=\"https:\/\/kuzeyinsesi.org\/index.php\/2024\/07\/16\/24-uluslararasi-magusa-kultur-sanat-festivali-sona-erdi\/\" \/>\n<meta property=\"og:locale\" content=\"tr_TR\" \/>\n<meta property=\"og:type\" content=\"article\" \/>\n<meta property=\"og:title\" content=\"24. Uluslararas\u0131 Ma\u011fusa K\u00fclt\u00fcr Sanat Festivali sona erdi - Kuzeyin Sesi\" \/>\n<meta property=\"og:description\" content=\"24. Uluslararas\u0131 Ma\u011fusa K\u00fclt\u00fcr Sanat Festivali, Aaron Vivancos\u2019un Salamis Antik Tiyatro\u2019da sergiledi\u011fi Flamenko dans g\u00f6sterisiyle tamamland\u0131. Gazima\u011fusa Belediyesi\u2019nin bu y\u0131l 24\u2019\u00fcnc\u00fcs\u00fcn\u00fc d\u00fczenledi\u011fi festivalin final gecesi olan d\u00fcn, Los Vivancos\u2019un efsane dans\u00e7\u0131s\u0131 Aaron Vivancos, prod\u00fckt\u00f6r, koreograf, besteci ve artistik direkt\u00f6rl\u00fc\u011f\u00fcn\u00fc \u00fcstlendi\u011fi \u201cWoman\u201d isimli Flamenko dans g\u00f6sterisini sergiledi. 24. Uluslararas\u0131 Ma\u011fusa K\u00fclt\u00fcr-Sanat Festivali\u2019nin kapan\u0131\u015f\u0131na Cumhuriyet\u00e7i T\u00fcrk Partisi [&hellip;]\" \/>\n<meta property=\"og:url\" content=\"https:\/\/kuzeyinsesi.org\/index.php\/2024\/07\/16\/24-uluslararasi-magusa-kultur-sanat-festivali-sona-erdi\/\" \/>\n<meta property=\"og:site_name\" content=\"Kuzeyin Sesi\" \/>\n<meta property=\"article:publisher\" content=\"https:\/\/www.facebook.com\/kuzeyinsesii\" \/>\n<meta property=\"article:published_time\" content=\"2024-07-16T14:37:31+00:00\" \/>\n<meta property=\"og:image\" content=\"https:\/\/brtk.net\/wp-content\/uploads\/2024\/07\/16\/gmb-aaron-vivancos-1--scaled.jpg?ver=6b38b232ced76d260d4ea6dd399ff08c\" \/>\n<meta name=\"author\" content=\"Kuzeyin Sesi\" \/>\n<meta name=\"twitter:card\" content=\"summary_large_image\" \/>\n<meta name=\"twitter:creator\" content=\"@kuzeyinsesii\" \/>\n<meta name=\"twitter:site\" content=\"@kuzeyinsesii\" \/>\n<meta name=\"twitter:label1\" content=\"Yazan:\" \/>\n\t<meta name=\"twitter:data1\" content=\"Kuzeyin Sesi\" \/>\n\t<meta name=\"twitter:label2\" content=\"Tahmini okuma s\u00fcresi\" \/>\n\t<meta name=\"twitter:data2\" content=\"3 dakika\" \/>\n<script type=\"application\/ld+json\" class=\"yoast-schema-graph\">{\"@context\":\"https:\\\/\\\/schema.org\",\"@graph\":[{\"@type\":\"Article\",\"@id\":\"https:\\\/\\\/kuzeyinsesi.org\\\/index.php\\\/2024\\\/07\\\/16\\\/24-uluslararasi-magusa-kultur-sanat-festivali-sona-erdi\\\/#article\",\"isPartOf\":{\"@id\":\"https:\\\/\\\/kuzeyinsesi.org\\\/index.php\\\/2024\\\/07\\\/16\\\/24-uluslararasi-magusa-kultur-sanat-festivali-sona-erdi\\\/\"},\"author\":{\"name\":\"Kuzeyin Sesi\",\"@id\":\"https:\\\/\\\/kuzeyinsesi.org\\\/#\\\/schema\\\/person\\\/9f859689cdf01485597712386e37f5aa\"},\"headline\":\"24. Uluslararas\u0131 Ma\u011fusa K\u00fclt\u00fcr Sanat Festivali sona erdi\",\"datePublished\":\"2024-07-16T14:37:31+00:00\",\"mainEntityOfPage\":{\"@id\":\"https:\\\/\\\/kuzeyinsesi.org\\\/index.php\\\/2024\\\/07\\\/16\\\/24-uluslararasi-magusa-kultur-sanat-festivali-sona-erdi\\\/\"},\"wordCount\":545,\"commentCount\":0,\"image\":{\"@id\":\"https:\\\/\\\/kuzeyinsesi.org\\\/index.php\\\/2024\\\/07\\\/16\\\/24-uluslararasi-magusa-kultur-sanat-festivali-sona-erdi\\\/#primaryimage\"},\"thumbnailUrl\":\"https:\\\/\\\/kuzeyinsesi.org\\\/wp-content\\\/uploads\\\/2024\\\/07\\\/gmb-aaron-vivancos-1-scaled.jpg\",\"articleSection\":[\"Ya\u015fam\"],\"inLanguage\":\"tr\",\"potentialAction\":[{\"@type\":\"CommentAction\",\"name\":\"Comment\",\"target\":[\"https:\\\/\\\/kuzeyinsesi.org\\\/index.php\\\/2024\\\/07\\\/16\\\/24-uluslararasi-magusa-kultur-sanat-festivali-sona-erdi\\\/#respond\"]}]},{\"@type\":\"WebPage\",\"@id\":\"https:\\\/\\\/kuzeyinsesi.org\\\/index.php\\\/2024\\\/07\\\/16\\\/24-uluslararasi-magusa-kultur-sanat-festivali-sona-erdi\\\/\",\"url\":\"https:\\\/\\\/kuzeyinsesi.org\\\/index.php\\\/2024\\\/07\\\/16\\\/24-uluslararasi-magusa-kultur-sanat-festivali-sona-erdi\\\/\",\"name\":\"24. Uluslararas\u0131 Ma\u011fusa K\u00fclt\u00fcr Sanat Festivali sona erdi - Kuzeyin Sesi\",\"isPartOf\":{\"@id\":\"https:\\\/\\\/kuzeyinsesi.org\\\/#website\"},\"primaryImageOfPage\":{\"@id\":\"https:\\\/\\\/kuzeyinsesi.org\\\/index.php\\\/2024\\\/07\\\/16\\\/24-uluslararasi-magusa-kultur-sanat-festivali-sona-erdi\\\/#primaryimage\"},\"image\":{\"@id\":\"https:\\\/\\\/kuzeyinsesi.org\\\/index.php\\\/2024\\\/07\\\/16\\\/24-uluslararasi-magusa-kultur-sanat-festivali-sona-erdi\\\/#primaryimage\"},\"thumbnailUrl\":\"https:\\\/\\\/kuzeyinsesi.org\\\/wp-content\\\/uploads\\\/2024\\\/07\\\/gmb-aaron-vivancos-1-scaled.jpg\",\"datePublished\":\"2024-07-16T14:37:31+00:00\",\"author\":{\"@id\":\"https:\\\/\\\/kuzeyinsesi.org\\\/#\\\/schema\\\/person\\\/9f859689cdf01485597712386e37f5aa\"},\"breadcrumb\":{\"@id\":\"https:\\\/\\\/kuzeyinsesi.org\\\/index.php\\\/2024\\\/07\\\/16\\\/24-uluslararasi-magusa-kultur-sanat-festivali-sona-erdi\\\/#breadcrumb\"},\"inLanguage\":\"tr\",\"potentialAction\":[{\"@type\":\"ReadAction\",\"target\":[\"https:\\\/\\\/kuzeyinsesi.org\\\/index.php\\\/2024\\\/07\\\/16\\\/24-uluslararasi-magusa-kultur-sanat-festivali-sona-erdi\\\/\"]}]},{\"@type\":\"ImageObject\",\"inLanguage\":\"tr\",\"@id\":\"https:\\\/\\\/kuzeyinsesi.org\\\/index.php\\\/2024\\\/07\\\/16\\\/24-uluslararasi-magusa-kultur-sanat-festivali-sona-erdi\\\/#primaryimage\",\"url\":\"https:\\\/\\\/kuzeyinsesi.org\\\/wp-content\\\/uploads\\\/2024\\\/07\\\/gmb-aaron-vivancos-1-scaled.jpg\",\"contentUrl\":\"https:\\\/\\\/kuzeyinsesi.org\\\/wp-content\\\/uploads\\\/2024\\\/07\\\/gmb-aaron-vivancos-1-scaled.jpg\",\"width\":2560,\"height\":1920},{\"@type\":\"BreadcrumbList\",\"@id\":\"https:\\\/\\\/kuzeyinsesi.org\\\/index.php\\\/2024\\\/07\\\/16\\\/24-uluslararasi-magusa-kultur-sanat-festivali-sona-erdi\\\/#breadcrumb\",\"itemListElement\":[{\"@type\":\"ListItem\",\"position\":1,\"name\":\"Anasayfa\",\"item\":\"https:\\\/\\\/kuzeyinsesi.org\\\/\"},{\"@type\":\"ListItem\",\"position\":2,\"name\":\"24. Uluslararas\u0131 Ma\u011fusa K\u00fclt\u00fcr Sanat Festivali sona erdi\"}]},{\"@type\":\"WebSite\",\"@id\":\"https:\\\/\\\/kuzeyinsesi.org\\\/#website\",\"url\":\"https:\\\/\\\/kuzeyinsesi.org\\\/\",\"name\":\"Kuzeyin Sesi\",\"description\":\"Do\u011fru Haberin Adresi\",\"potentialAction\":[{\"@type\":\"SearchAction\",\"target\":{\"@type\":\"EntryPoint\",\"urlTemplate\":\"https:\\\/\\\/kuzeyinsesi.org\\\/?s={search_term_string}\"},\"query-input\":{\"@type\":\"PropertyValueSpecification\",\"valueRequired\":true,\"valueName\":\"search_term_string\"}}],\"inLanguage\":\"tr\"},{\"@type\":\"Person\",\"@id\":\"https:\\\/\\\/kuzeyinsesi.org\\\/#\\\/schema\\\/person\\\/9f859689cdf01485597712386e37f5aa\",\"name\":\"Kuzeyin Sesi\",\"image\":{\"@type\":\"ImageObject\",\"inLanguage\":\"tr\",\"@id\":\"https:\\\/\\\/secure.gravatar.com\\\/avatar\\\/bab33852abfd8b282518d6ed81826833d77c3c882d9ab608add591ccace47a44?s=96&d=mm&r=g\",\"url\":\"https:\\\/\\\/secure.gravatar.com\\\/avatar\\\/bab33852abfd8b282518d6ed81826833d77c3c882d9ab608add591ccace47a44?s=96&d=mm&r=g\",\"contentUrl\":\"https:\\\/\\\/secure.gravatar.com\\\/avatar\\\/bab33852abfd8b282518d6ed81826833d77c3c882d9ab608add591ccace47a44?s=96&d=mm&r=g\",\"caption\":\"Kuzeyin Sesi\"},\"sameAs\":[\"https:\\\/\\\/kuzeyinsesi.org\"],\"url\":\"https:\\\/\\\/kuzeyinsesi.org\\\/index.php\\\/author\\\/guven\\\/\"}]}<\/script>\n<!-- \/ Yoast SEO plugin. -->","yoast_head_json":{"title":"24. Uluslararas\u0131 Ma\u011fusa K\u00fclt\u00fcr Sanat Festivali sona erdi - Kuzeyin Sesi","robots":{"index":"index","follow":"follow","max-snippet":"max-snippet:-1","max-image-preview":"max-image-preview:large","max-video-preview":"max-video-preview:-1"},"canonical":"https:\/\/kuzeyinsesi.org\/index.php\/2024\/07\/16\/24-uluslararasi-magusa-kultur-sanat-festivali-sona-erdi\/","og_locale":"tr_TR","og_type":"article","og_title":"24. Uluslararas\u0131 Ma\u011fusa K\u00fclt\u00fcr Sanat Festivali sona erdi - Kuzeyin Sesi","og_description":"24. Uluslararas\u0131 Ma\u011fusa K\u00fclt\u00fcr Sanat Festivali, Aaron Vivancos\u2019un Salamis Antik Tiyatro\u2019da sergiledi\u011fi Flamenko dans g\u00f6sterisiyle tamamland\u0131. Gazima\u011fusa Belediyesi\u2019nin bu y\u0131l 24\u2019\u00fcnc\u00fcs\u00fcn\u00fc d\u00fczenledi\u011fi festivalin final gecesi olan d\u00fcn, Los Vivancos\u2019un efsane dans\u00e7\u0131s\u0131 Aaron Vivancos, prod\u00fckt\u00f6r, koreograf, besteci ve artistik direkt\u00f6rl\u00fc\u011f\u00fcn\u00fc \u00fcstlendi\u011fi \u201cWoman\u201d isimli Flamenko dans g\u00f6sterisini sergiledi. 24. Uluslararas\u0131 Ma\u011fusa K\u00fclt\u00fcr-Sanat Festivali\u2019nin kapan\u0131\u015f\u0131na Cumhuriyet\u00e7i T\u00fcrk Partisi [&hellip;]","og_url":"https:\/\/kuzeyinsesi.org\/index.php\/2024\/07\/16\/24-uluslararasi-magusa-kultur-sanat-festivali-sona-erdi\/","og_site_name":"Kuzeyin Sesi","article_publisher":"https:\/\/www.facebook.com\/kuzeyinsesii","article_published_time":"2024-07-16T14:37:31+00:00","og_image":[{"url":"https:\/\/brtk.net\/wp-content\/uploads\/2024\/07\/16\/gmb-aaron-vivancos-1--scaled.jpg?ver=6b38b232ced76d260d4ea6dd399ff08c","type":"","width":"","height":""}],"author":"Kuzeyin Sesi","twitter_card":"summary_large_image","twitter_creator":"@kuzeyinsesii","twitter_site":"@kuzeyinsesii","twitter_misc":{"Yazan:":"Kuzeyin Sesi","Tahmini okuma s\u00fcresi":"3 dakika"},"schema":{"@context":"https:\/\/schema.org","@graph":[{"@type":"Article","@id":"https:\/\/kuzeyinsesi.org\/index.php\/2024\/07\/16\/24-uluslararasi-magusa-kultur-sanat-festivali-sona-erdi\/#article","isPartOf":{"@id":"https:\/\/kuzeyinsesi.org\/index.php\/2024\/07\/16\/24-uluslararasi-magusa-kultur-sanat-festivali-sona-erdi\/"},"author":{"name":"Kuzeyin Sesi","@id":"https:\/\/kuzeyinsesi.org\/#\/schema\/person\/9f859689cdf01485597712386e37f5aa"},"headline":"24. Uluslararas\u0131 Ma\u011fusa K\u00fclt\u00fcr Sanat Festivali sona erdi","datePublished":"2024-07-16T14:37:31+00:00","mainEntityOfPage":{"@id":"https:\/\/kuzeyinsesi.org\/index.php\/2024\/07\/16\/24-uluslararasi-magusa-kultur-sanat-festivali-sona-erdi\/"},"wordCount":545,"commentCount":0,"image":{"@id":"https:\/\/kuzeyinsesi.org\/index.php\/2024\/07\/16\/24-uluslararasi-magusa-kultur-sanat-festivali-sona-erdi\/#primaryimage"},"thumbnailUrl":"https:\/\/kuzeyinsesi.org\/wp-content\/uploads\/2024\/07\/gmb-aaron-vivancos-1-scaled.jpg","articleSection":["Ya\u015fam"],"inLanguage":"tr","potentialAction":[{"@type":"CommentAction","name":"Comment","target":["https:\/\/kuzeyinsesi.org\/index.php\/2024\/07\/16\/24-uluslararasi-magusa-kultur-sanat-festivali-sona-erdi\/#respond"]}]},{"@type":"WebPage","@id":"https:\/\/kuzeyinsesi.org\/index.php\/2024\/07\/16\/24-uluslararasi-magusa-kultur-sanat-festivali-sona-erdi\/","url":"https:\/\/kuzeyinsesi.org\/index.php\/2024\/07\/16\/24-uluslararasi-magusa-kultur-sanat-festivali-sona-erdi\/","name":"24. Uluslararas\u0131 Ma\u011fusa K\u00fclt\u00fcr Sanat Festivali sona erdi - Kuzeyin Sesi","isPartOf":{"@id":"https:\/\/kuzeyinsesi.org\/#website"},"primaryImageOfPage":{"@id":"https:\/\/kuzeyinsesi.org\/index.php\/2024\/07\/16\/24-uluslararasi-magusa-kultur-sanat-festivali-sona-erdi\/#primaryimage"},"image":{"@id":"https:\/\/kuzeyinsesi.org\/index.php\/2024\/07\/16\/24-uluslararasi-magusa-kultur-sanat-festivali-sona-erdi\/#primaryimage"},"thumbnailUrl":"https:\/\/kuzeyinsesi.org\/wp-content\/uploads\/2024\/07\/gmb-aaron-vivancos-1-scaled.jpg","datePublished":"2024-07-16T14:37:31+00:00","author":{"@id":"https:\/\/kuzeyinsesi.org\/#\/schema\/person\/9f859689cdf01485597712386e37f5aa"},"breadcrumb":{"@id":"https:\/\/kuzeyinsesi.org\/index.php\/2024\/07\/16\/24-uluslararasi-magusa-kultur-sanat-festivali-sona-erdi\/#breadcrumb"},"inLanguage":"tr","potentialAction":[{"@type":"ReadAction","target":["https:\/\/kuzeyinsesi.org\/index.php\/2024\/07\/16\/24-uluslararasi-magusa-kultur-sanat-festivali-sona-erdi\/"]}]},{"@type":"ImageObject","inLanguage":"tr","@id":"https:\/\/kuzeyinsesi.org\/index.php\/2024\/07\/16\/24-uluslararasi-magusa-kultur-sanat-festivali-sona-erdi\/#primaryimage","url":"https:\/\/kuzeyinsesi.org\/wp-content\/uploads\/2024\/07\/gmb-aaron-vivancos-1-scaled.jpg","contentUrl":"https:\/\/kuzeyinsesi.org\/wp-content\/uploads\/2024\/07\/gmb-aaron-vivancos-1-scaled.jpg","width":2560,"height":1920},{"@type":"BreadcrumbList","@id":"https:\/\/kuzeyinsesi.org\/index.php\/2024\/07\/16\/24-uluslararasi-magusa-kultur-sanat-festivali-sona-erdi\/#breadcrumb","itemListElement":[{"@type":"ListItem","position":1,"name":"Anasayfa","item":"https:\/\/kuzeyinsesi.org\/"},{"@type":"ListItem","position":2,"name":"24. Uluslararas\u0131 Ma\u011fusa K\u00fclt\u00fcr Sanat Festivali sona erdi"}]},{"@type":"WebSite","@id":"https:\/\/kuzeyinsesi.org\/#website","url":"https:\/\/kuzeyinsesi.org\/","name":"Kuzeyin Sesi","description":"Do\u011fru Haberin Adresi","potentialAction":[{"@type":"SearchAction","target":{"@type":"EntryPoint","urlTemplate":"https:\/\/kuzeyinsesi.org\/?s={search_term_string}"},"query-input":{"@type":"PropertyValueSpecification","valueRequired":true,"valueName":"search_term_string"}}],"inLanguage":"tr"},{"@type":"Person","@id":"https:\/\/kuzeyinsesi.org\/#\/schema\/person\/9f859689cdf01485597712386e37f5aa","name":"Kuzeyin Sesi","image":{"@type":"ImageObject","inLanguage":"tr","@id":"https:\/\/secure.gravatar.com\/avatar\/bab33852abfd8b282518d6ed81826833d77c3c882d9ab608add591ccace47a44?s=96&d=mm&r=g","url":"https:\/\/secure.gravatar.com\/avatar\/bab33852abfd8b282518d6ed81826833d77c3c882d9ab608add591ccace47a44?s=96&d=mm&r=g","contentUrl":"https:\/\/secure.gravatar.com\/avatar\/bab33852abfd8b282518d6ed81826833d77c3c882d9ab608add591ccace47a44?s=96&d=mm&r=g","caption":"Kuzeyin Sesi"},"sameAs":["https:\/\/kuzeyinsesi.org"],"url":"https:\/\/kuzeyinsesi.org\/index.php\/author\/guven\/"}]}},"_links":{"self":[{"href":"https:\/\/kuzeyinsesi.org\/index.php\/wp-json\/wp\/v2\/posts\/6450","targetHints":{"allow":["GET"]}}],"collection":[{"href":"https:\/\/kuzeyinsesi.org\/index.php\/wp-json\/wp\/v2\/posts"}],"about":[{"href":"https:\/\/kuzeyinsesi.org\/index.php\/wp-json\/wp\/v2\/types\/post"}],"author":[{"embeddable":true,"href":"https:\/\/kuzeyinsesi.org\/index.php\/wp-json\/wp\/v2\/users\/1"}],"replies":[{"embeddable":true,"href":"https:\/\/kuzeyinsesi.org\/index.php\/wp-json\/wp\/v2\/comments?post=6450"}],"version-history":[{"count":0,"href":"https:\/\/kuzeyinsesi.org\/index.php\/wp-json\/wp\/v2\/posts\/6450\/revisions"}],"wp:featuredmedia":[{"embeddable":true,"href":"https:\/\/kuzeyinsesi.org\/index.php\/wp-json\/wp\/v2\/media\/6451"}],"wp:attachment":[{"href":"https:\/\/kuzeyinsesi.org\/index.php\/wp-json\/wp\/v2\/media?parent=6450"}],"wp:term":[{"taxonomy":"category","embeddable":true,"href":"https:\/\/kuzeyinsesi.org\/index.php\/wp-json\/wp\/v2\/categories?post=6450"},{"taxonomy":"post_tag","embeddable":true,"href":"https:\/\/kuzeyinsesi.org\/index.php\/wp-json\/wp\/v2\/tags?post=6450"}],"curies":[{"name":"wp","href":"https:\/\/api.w.org\/{rel}","templated":true}]}}