{"id":6440,"date":"2024-07-16T16:34:19","date_gmt":"2024-07-16T13:34:19","guid":{"rendered":"https:\/\/kuzeyinsesi.org\/index.php\/2024\/07\/16\/folklorama-muzikali-20-temmuz-kutlamalari-kapsaminda-persembe-aksami-sahneleniyor\/"},"modified":"2024-07-16T16:34:19","modified_gmt":"2024-07-16T13:34:19","slug":"folklorama-muzikali-20-temmuz-kutlamalari-kapsaminda-persembe-aksami-sahneleniyor","status":"publish","type":"post","link":"https:\/\/kuzeyinsesi.org\/index.php\/2024\/07\/16\/folklorama-muzikali-20-temmuz-kutlamalari-kapsaminda-persembe-aksami-sahneleniyor\/","title":{"rendered":"\u201cFolklorama\u201d m\u00fczikali 20 Temmuz kutlamalar\u0131 kapsam\u0131nda per\u015fembe ak\u015fam\u0131 sahneleniyor"},"content":{"rendered":"<div>\n<div class=\"mariselle-image-container center\">\n                                            <\/div>\n<p>Folklorama m\u00fczikali, 20 Temmuz Bar\u0131\u015f ve \u00d6zg\u00fcrl\u00fck Bayram\u0131 kutlamalar\u0131 kapsam\u0131nda bu Per\u015fembe saat 20.00\u2019de Gazima\u011fusa Rauf Raif Denkta\u015f K\u00fclt\u00fcr ve Kongre Saray\u0131\u2019nda izleyicilerle bulu\u015facak.<\/p>\n<p>KKTC Devlet Opera ve Bale Koordinasyon Merkezi\u2019nden yap\u0131lan a\u00e7\u0131klamaya g\u00f6re, 20 Temmuz Mutlu Bar\u0131\u015f Harekat\u0131\u2019n\u0131n 50\u2019nci y\u0131l d\u00f6n\u00fcm\u00fc ve Kuzey K\u0131br\u0131s T\u00fcrk Cumhuriyeti Bar\u0131\u015f ve \u00d6zg\u00fcrl\u00fck Bayram\u0131 kutlamalar\u0131 kapsam\u0131nda Gazima\u011fusa\u2019da sahnelenecek Folklorama 2024 m\u00fczikali i\u00e7in haz\u0131rl\u0131klar tamamlanmak \u00fczere.<\/p>\n<p>T\u00fcrkiye Cumhuriyeti Lefko\u015fa B\u00fcy\u00fckel\u00e7ili\u011fi himayelerinde, T\u00fcrkiye Cumhuriyeti K\u00fclt\u00fcr ve Turizm Bakanl\u0131\u011f\u0131\u2019na ba\u011fl\u0131 Devlet Opera ve Balesi Genel M\u00fcd\u00fcrl\u00fc\u011f\u00fc\u2019n\u00fcn \u0130zmir Devlet Opera ve Balesi (\u0130ZM\u0130RDOB) ile Kuzey K\u0131br\u0131s T\u00fcrk Cumhuriyeti Ba\u015fbakan Yard\u0131mc\u0131l\u0131\u011f\u0131 Turizm, K\u00fclt\u00fcr, Gen\u00e7lik ve \u00c7evre Bakanl\u0131\u011f\u0131\u2019na ba\u011fl\u0131 Devlet Opera ve Bale Koordinasyon Merkezi (KKTCDOB) i\u015f birlikleriyle sahnelenecek Folklorama 2024 m\u00fczikali, \u00fccretsiz ve halka a\u00e7\u0131k olarak sahnelenecek.<\/p>\n<p>A\u00e7\u0131klamaya g\u00f6re m\u00fczikal, T\u00fcrk co\u011frafyas\u0131n\u0131n bilindik t\u00fcrk\u00fclerini ve zengin folklorik dokusunu sanat\u0131n evrenselli\u011fiyle harmanlayarak sahneye ta\u015f\u0131yor.<\/p>\n<\/p><\/div>\n<p><script async\n                    defer\n                    crossorigin=\"anonymous\"\n                    src=\"https:\/\/connect.facebook.net\/tr_TR\/sdk.js#xfbml=1&#038;version=v3.3\"\n            ><\/script><\/p>\n","protected":false},"excerpt":{"rendered":"<p>Folklorama m\u00fczikali, 20 Temmuz Bar\u0131\u015f ve \u00d6zg\u00fcrl\u00fck Bayram\u0131 kutlamalar\u0131 kapsam\u0131nda bu Per\u015fembe saat 20.00\u2019de Gazima\u011fusa Rauf Raif Denkta\u015f K\u00fclt\u00fcr ve Kongre Saray\u0131\u2019nda izleyicilerle bulu\u015facak. KKTC Devlet Opera ve Bale Koordinasyon Merkezi\u2019nden yap\u0131lan a\u00e7\u0131klamaya g\u00f6re, 20 Temmuz Mutlu Bar\u0131\u015f Harekat\u0131\u2019n\u0131n 50\u2019nci y\u0131l d\u00f6n\u00fcm\u00fc ve Kuzey K\u0131br\u0131s T\u00fcrk Cumhuriyeti Bar\u0131\u015f ve \u00d6zg\u00fcrl\u00fck Bayram\u0131 kutlamalar\u0131 kapsam\u0131nda Gazima\u011fusa\u2019da sahnelenecek [&hellip;]<\/p>\n","protected":false},"author":1,"featured_media":6441,"comment_status":"open","ping_status":"open","sticky":false,"template":"","format":"standard","meta":{"jnews-multi-image_gallery":[],"jnews_single_post":[],"jnews_primary_category":[],"jnews_social_meta":[],"jnews_override_counter":[],"footnotes":""},"categories":[6],"tags":[],"class_list":["post-6440","post","type-post","status-publish","format-standard","has-post-thumbnail","hentry","category-yasam"],"yoast_head":"<!-- This site is optimized with the Yoast SEO plugin v27.5 - https:\/\/yoast.com\/product\/yoast-seo-wordpress\/ -->\n<title>\u201cFolklorama\u201d m\u00fczikali 20 Temmuz kutlamalar\u0131 kapsam\u0131nda per\u015fembe ak\u015fam\u0131 sahneleniyor - Kuzeyin Sesi<\/title>\n<meta name=\"robots\" content=\"index, follow, max-snippet:-1, max-image-preview:large, max-video-preview:-1\" \/>\n<link rel=\"canonical\" href=\"https:\/\/kuzeyinsesi.org\/index.php\/2024\/07\/16\/folklorama-muzikali-20-temmuz-kutlamalari-kapsaminda-persembe-aksami-sahneleniyor\/\" \/>\n<meta property=\"og:locale\" content=\"tr_TR\" \/>\n<meta property=\"og:type\" content=\"article\" \/>\n<meta property=\"og:title\" content=\"\u201cFolklorama\u201d m\u00fczikali 20 Temmuz kutlamalar\u0131 kapsam\u0131nda per\u015fembe ak\u015fam\u0131 sahneleniyor - Kuzeyin Sesi\" \/>\n<meta property=\"og:description\" content=\"Folklorama m\u00fczikali, 20 Temmuz Bar\u0131\u015f ve \u00d6zg\u00fcrl\u00fck Bayram\u0131 kutlamalar\u0131 kapsam\u0131nda bu Per\u015fembe saat 20.00\u2019de Gazima\u011fusa Rauf Raif Denkta\u015f K\u00fclt\u00fcr ve Kongre Saray\u0131\u2019nda izleyicilerle bulu\u015facak. KKTC Devlet Opera ve Bale Koordinasyon Merkezi\u2019nden yap\u0131lan a\u00e7\u0131klamaya g\u00f6re, 20 Temmuz Mutlu Bar\u0131\u015f Harekat\u0131\u2019n\u0131n 50\u2019nci y\u0131l d\u00f6n\u00fcm\u00fc ve Kuzey K\u0131br\u0131s T\u00fcrk Cumhuriyeti Bar\u0131\u015f ve \u00d6zg\u00fcrl\u00fck Bayram\u0131 kutlamalar\u0131 kapsam\u0131nda Gazima\u011fusa\u2019da sahnelenecek [&hellip;]\" \/>\n<meta property=\"og:url\" content=\"https:\/\/kuzeyinsesi.org\/index.php\/2024\/07\/16\/folklorama-muzikali-20-temmuz-kutlamalari-kapsaminda-persembe-aksami-sahneleniyor\/\" \/>\n<meta property=\"og:site_name\" content=\"Kuzeyin Sesi\" \/>\n<meta property=\"article:publisher\" content=\"https:\/\/www.facebook.com\/kuzeyinsesii\" \/>\n<meta property=\"article:published_time\" content=\"2024-07-16T13:34:19+00:00\" \/>\n<meta property=\"og:image\" content=\"https:\/\/brtk.net\/wp-content\/uploads\/2024\/07\/16\/folklorama-muzikali2-scaled.jpg?ver=042871859d68b64666b0acaa2590152a\" \/>\n<meta name=\"author\" content=\"Kuzeyin Sesi\" \/>\n<meta name=\"twitter:card\" content=\"summary_large_image\" \/>\n<meta name=\"twitter:creator\" content=\"@kuzeyinsesii\" \/>\n<meta name=\"twitter:site\" content=\"@kuzeyinsesii\" \/>\n<meta name=\"twitter:label1\" content=\"Yazan:\" \/>\n\t<meta name=\"twitter:data1\" content=\"Kuzeyin Sesi\" \/>\n\t<meta name=\"twitter:label2\" content=\"Tahmini okuma s\u00fcresi\" \/>\n\t<meta name=\"twitter:data2\" content=\"1 dakika\" \/>\n<script type=\"application\/ld+json\" class=\"yoast-schema-graph\">{\"@context\":\"https:\\\/\\\/schema.org\",\"@graph\":[{\"@type\":\"Article\",\"@id\":\"https:\\\/\\\/kuzeyinsesi.org\\\/index.php\\\/2024\\\/07\\\/16\\\/folklorama-muzikali-20-temmuz-kutlamalari-kapsaminda-persembe-aksami-sahneleniyor\\\/#article\",\"isPartOf\":{\"@id\":\"https:\\\/\\\/kuzeyinsesi.org\\\/index.php\\\/2024\\\/07\\\/16\\\/folklorama-muzikali-20-temmuz-kutlamalari-kapsaminda-persembe-aksami-sahneleniyor\\\/\"},\"author\":{\"name\":\"Kuzeyin Sesi\",\"@id\":\"https:\\\/\\\/kuzeyinsesi.org\\\/#\\\/schema\\\/person\\\/9f859689cdf01485597712386e37f5aa\"},\"headline\":\"\u201cFolklorama\u201d m\u00fczikali 20 Temmuz kutlamalar\u0131 kapsam\u0131nda per\u015fembe ak\u015fam\u0131 sahneleniyor\",\"datePublished\":\"2024-07-16T13:34:19+00:00\",\"mainEntityOfPage\":{\"@id\":\"https:\\\/\\\/kuzeyinsesi.org\\\/index.php\\\/2024\\\/07\\\/16\\\/folklorama-muzikali-20-temmuz-kutlamalari-kapsaminda-persembe-aksami-sahneleniyor\\\/\"},\"wordCount\":215,\"commentCount\":0,\"image\":{\"@id\":\"https:\\\/\\\/kuzeyinsesi.org\\\/index.php\\\/2024\\\/07\\\/16\\\/folklorama-muzikali-20-temmuz-kutlamalari-kapsaminda-persembe-aksami-sahneleniyor\\\/#primaryimage\"},\"thumbnailUrl\":\"https:\\\/\\\/kuzeyinsesi.org\\\/wp-content\\\/uploads\\\/2024\\\/07\\\/folklorama-muzikali2-scaled.jpg\",\"articleSection\":[\"Ya\u015fam\"],\"inLanguage\":\"tr\",\"potentialAction\":[{\"@type\":\"CommentAction\",\"name\":\"Comment\",\"target\":[\"https:\\\/\\\/kuzeyinsesi.org\\\/index.php\\\/2024\\\/07\\\/16\\\/folklorama-muzikali-20-temmuz-kutlamalari-kapsaminda-persembe-aksami-sahneleniyor\\\/#respond\"]}]},{\"@type\":\"WebPage\",\"@id\":\"https:\\\/\\\/kuzeyinsesi.org\\\/index.php\\\/2024\\\/07\\\/16\\\/folklorama-muzikali-20-temmuz-kutlamalari-kapsaminda-persembe-aksami-sahneleniyor\\\/\",\"url\":\"https:\\\/\\\/kuzeyinsesi.org\\\/index.php\\\/2024\\\/07\\\/16\\\/folklorama-muzikali-20-temmuz-kutlamalari-kapsaminda-persembe-aksami-sahneleniyor\\\/\",\"name\":\"\u201cFolklorama\u201d m\u00fczikali 20 Temmuz kutlamalar\u0131 kapsam\u0131nda per\u015fembe ak\u015fam\u0131 sahneleniyor - Kuzeyin Sesi\",\"isPartOf\":{\"@id\":\"https:\\\/\\\/kuzeyinsesi.org\\\/#website\"},\"primaryImageOfPage\":{\"@id\":\"https:\\\/\\\/kuzeyinsesi.org\\\/index.php\\\/2024\\\/07\\\/16\\\/folklorama-muzikali-20-temmuz-kutlamalari-kapsaminda-persembe-aksami-sahneleniyor\\\/#primaryimage\"},\"image\":{\"@id\":\"https:\\\/\\\/kuzeyinsesi.org\\\/index.php\\\/2024\\\/07\\\/16\\\/folklorama-muzikali-20-temmuz-kutlamalari-kapsaminda-persembe-aksami-sahneleniyor\\\/#primaryimage\"},\"thumbnailUrl\":\"https:\\\/\\\/kuzeyinsesi.org\\\/wp-content\\\/uploads\\\/2024\\\/07\\\/folklorama-muzikali2-scaled.jpg\",\"datePublished\":\"2024-07-16T13:34:19+00:00\",\"author\":{\"@id\":\"https:\\\/\\\/kuzeyinsesi.org\\\/#\\\/schema\\\/person\\\/9f859689cdf01485597712386e37f5aa\"},\"breadcrumb\":{\"@id\":\"https:\\\/\\\/kuzeyinsesi.org\\\/index.php\\\/2024\\\/07\\\/16\\\/folklorama-muzikali-20-temmuz-kutlamalari-kapsaminda-persembe-aksami-sahneleniyor\\\/#breadcrumb\"},\"inLanguage\":\"tr\",\"potentialAction\":[{\"@type\":\"ReadAction\",\"target\":[\"https:\\\/\\\/kuzeyinsesi.org\\\/index.php\\\/2024\\\/07\\\/16\\\/folklorama-muzikali-20-temmuz-kutlamalari-kapsaminda-persembe-aksami-sahneleniyor\\\/\"]}]},{\"@type\":\"ImageObject\",\"inLanguage\":\"tr\",\"@id\":\"https:\\\/\\\/kuzeyinsesi.org\\\/index.php\\\/2024\\\/07\\\/16\\\/folklorama-muzikali-20-temmuz-kutlamalari-kapsaminda-persembe-aksami-sahneleniyor\\\/#primaryimage\",\"url\":\"https:\\\/\\\/kuzeyinsesi.org\\\/wp-content\\\/uploads\\\/2024\\\/07\\\/folklorama-muzikali2-scaled.jpg\",\"contentUrl\":\"https:\\\/\\\/kuzeyinsesi.org\\\/wp-content\\\/uploads\\\/2024\\\/07\\\/folklorama-muzikali2-scaled.jpg\",\"width\":2560,\"height\":1586},{\"@type\":\"BreadcrumbList\",\"@id\":\"https:\\\/\\\/kuzeyinsesi.org\\\/index.php\\\/2024\\\/07\\\/16\\\/folklorama-muzikali-20-temmuz-kutlamalari-kapsaminda-persembe-aksami-sahneleniyor\\\/#breadcrumb\",\"itemListElement\":[{\"@type\":\"ListItem\",\"position\":1,\"name\":\"Anasayfa\",\"item\":\"https:\\\/\\\/kuzeyinsesi.org\\\/\"},{\"@type\":\"ListItem\",\"position\":2,\"name\":\"\u201cFolklorama\u201d m\u00fczikali 20 Temmuz kutlamalar\u0131 kapsam\u0131nda per\u015fembe ak\u015fam\u0131 sahneleniyor\"}]},{\"@type\":\"WebSite\",\"@id\":\"https:\\\/\\\/kuzeyinsesi.org\\\/#website\",\"url\":\"https:\\\/\\\/kuzeyinsesi.org\\\/\",\"name\":\"Kuzeyin Sesi\",\"description\":\"Do\u011fru Haberin Adresi\",\"potentialAction\":[{\"@type\":\"SearchAction\",\"target\":{\"@type\":\"EntryPoint\",\"urlTemplate\":\"https:\\\/\\\/kuzeyinsesi.org\\\/?s={search_term_string}\"},\"query-input\":{\"@type\":\"PropertyValueSpecification\",\"valueRequired\":true,\"valueName\":\"search_term_string\"}}],\"inLanguage\":\"tr\"},{\"@type\":\"Person\",\"@id\":\"https:\\\/\\\/kuzeyinsesi.org\\\/#\\\/schema\\\/person\\\/9f859689cdf01485597712386e37f5aa\",\"name\":\"Kuzeyin Sesi\",\"image\":{\"@type\":\"ImageObject\",\"inLanguage\":\"tr\",\"@id\":\"https:\\\/\\\/secure.gravatar.com\\\/avatar\\\/bab33852abfd8b282518d6ed81826833d77c3c882d9ab608add591ccace47a44?s=96&d=mm&r=g\",\"url\":\"https:\\\/\\\/secure.gravatar.com\\\/avatar\\\/bab33852abfd8b282518d6ed81826833d77c3c882d9ab608add591ccace47a44?s=96&d=mm&r=g\",\"contentUrl\":\"https:\\\/\\\/secure.gravatar.com\\\/avatar\\\/bab33852abfd8b282518d6ed81826833d77c3c882d9ab608add591ccace47a44?s=96&d=mm&r=g\",\"caption\":\"Kuzeyin Sesi\"},\"sameAs\":[\"https:\\\/\\\/kuzeyinsesi.org\"],\"url\":\"https:\\\/\\\/kuzeyinsesi.org\\\/index.php\\\/author\\\/guven\\\/\"}]}<\/script>\n<!-- \/ Yoast SEO plugin. -->","yoast_head_json":{"title":"\u201cFolklorama\u201d m\u00fczikali 20 Temmuz kutlamalar\u0131 kapsam\u0131nda per\u015fembe ak\u015fam\u0131 sahneleniyor - Kuzeyin Sesi","robots":{"index":"index","follow":"follow","max-snippet":"max-snippet:-1","max-image-preview":"max-image-preview:large","max-video-preview":"max-video-preview:-1"},"canonical":"https:\/\/kuzeyinsesi.org\/index.php\/2024\/07\/16\/folklorama-muzikali-20-temmuz-kutlamalari-kapsaminda-persembe-aksami-sahneleniyor\/","og_locale":"tr_TR","og_type":"article","og_title":"\u201cFolklorama\u201d m\u00fczikali 20 Temmuz kutlamalar\u0131 kapsam\u0131nda per\u015fembe ak\u015fam\u0131 sahneleniyor - Kuzeyin Sesi","og_description":"Folklorama m\u00fczikali, 20 Temmuz Bar\u0131\u015f ve \u00d6zg\u00fcrl\u00fck Bayram\u0131 kutlamalar\u0131 kapsam\u0131nda bu Per\u015fembe saat 20.00\u2019de Gazima\u011fusa Rauf Raif Denkta\u015f K\u00fclt\u00fcr ve Kongre Saray\u0131\u2019nda izleyicilerle bulu\u015facak. KKTC Devlet Opera ve Bale Koordinasyon Merkezi\u2019nden yap\u0131lan a\u00e7\u0131klamaya g\u00f6re, 20 Temmuz Mutlu Bar\u0131\u015f Harekat\u0131\u2019n\u0131n 50\u2019nci y\u0131l d\u00f6n\u00fcm\u00fc ve Kuzey K\u0131br\u0131s T\u00fcrk Cumhuriyeti Bar\u0131\u015f ve \u00d6zg\u00fcrl\u00fck Bayram\u0131 kutlamalar\u0131 kapsam\u0131nda Gazima\u011fusa\u2019da sahnelenecek [&hellip;]","og_url":"https:\/\/kuzeyinsesi.org\/index.php\/2024\/07\/16\/folklorama-muzikali-20-temmuz-kutlamalari-kapsaminda-persembe-aksami-sahneleniyor\/","og_site_name":"Kuzeyin Sesi","article_publisher":"https:\/\/www.facebook.com\/kuzeyinsesii","article_published_time":"2024-07-16T13:34:19+00:00","og_image":[{"url":"https:\/\/brtk.net\/wp-content\/uploads\/2024\/07\/16\/folklorama-muzikali2-scaled.jpg?ver=042871859d68b64666b0acaa2590152a","type":"","width":"","height":""}],"author":"Kuzeyin Sesi","twitter_card":"summary_large_image","twitter_creator":"@kuzeyinsesii","twitter_site":"@kuzeyinsesii","twitter_misc":{"Yazan:":"Kuzeyin Sesi","Tahmini okuma s\u00fcresi":"1 dakika"},"schema":{"@context":"https:\/\/schema.org","@graph":[{"@type":"Article","@id":"https:\/\/kuzeyinsesi.org\/index.php\/2024\/07\/16\/folklorama-muzikali-20-temmuz-kutlamalari-kapsaminda-persembe-aksami-sahneleniyor\/#article","isPartOf":{"@id":"https:\/\/kuzeyinsesi.org\/index.php\/2024\/07\/16\/folklorama-muzikali-20-temmuz-kutlamalari-kapsaminda-persembe-aksami-sahneleniyor\/"},"author":{"name":"Kuzeyin Sesi","@id":"https:\/\/kuzeyinsesi.org\/#\/schema\/person\/9f859689cdf01485597712386e37f5aa"},"headline":"\u201cFolklorama\u201d m\u00fczikali 20 Temmuz kutlamalar\u0131 kapsam\u0131nda per\u015fembe ak\u015fam\u0131 sahneleniyor","datePublished":"2024-07-16T13:34:19+00:00","mainEntityOfPage":{"@id":"https:\/\/kuzeyinsesi.org\/index.php\/2024\/07\/16\/folklorama-muzikali-20-temmuz-kutlamalari-kapsaminda-persembe-aksami-sahneleniyor\/"},"wordCount":215,"commentCount":0,"image":{"@id":"https:\/\/kuzeyinsesi.org\/index.php\/2024\/07\/16\/folklorama-muzikali-20-temmuz-kutlamalari-kapsaminda-persembe-aksami-sahneleniyor\/#primaryimage"},"thumbnailUrl":"https:\/\/kuzeyinsesi.org\/wp-content\/uploads\/2024\/07\/folklorama-muzikali2-scaled.jpg","articleSection":["Ya\u015fam"],"inLanguage":"tr","potentialAction":[{"@type":"CommentAction","name":"Comment","target":["https:\/\/kuzeyinsesi.org\/index.php\/2024\/07\/16\/folklorama-muzikali-20-temmuz-kutlamalari-kapsaminda-persembe-aksami-sahneleniyor\/#respond"]}]},{"@type":"WebPage","@id":"https:\/\/kuzeyinsesi.org\/index.php\/2024\/07\/16\/folklorama-muzikali-20-temmuz-kutlamalari-kapsaminda-persembe-aksami-sahneleniyor\/","url":"https:\/\/kuzeyinsesi.org\/index.php\/2024\/07\/16\/folklorama-muzikali-20-temmuz-kutlamalari-kapsaminda-persembe-aksami-sahneleniyor\/","name":"\u201cFolklorama\u201d m\u00fczikali 20 Temmuz kutlamalar\u0131 kapsam\u0131nda per\u015fembe ak\u015fam\u0131 sahneleniyor - Kuzeyin Sesi","isPartOf":{"@id":"https:\/\/kuzeyinsesi.org\/#website"},"primaryImageOfPage":{"@id":"https:\/\/kuzeyinsesi.org\/index.php\/2024\/07\/16\/folklorama-muzikali-20-temmuz-kutlamalari-kapsaminda-persembe-aksami-sahneleniyor\/#primaryimage"},"image":{"@id":"https:\/\/kuzeyinsesi.org\/index.php\/2024\/07\/16\/folklorama-muzikali-20-temmuz-kutlamalari-kapsaminda-persembe-aksami-sahneleniyor\/#primaryimage"},"thumbnailUrl":"https:\/\/kuzeyinsesi.org\/wp-content\/uploads\/2024\/07\/folklorama-muzikali2-scaled.jpg","datePublished":"2024-07-16T13:34:19+00:00","author":{"@id":"https:\/\/kuzeyinsesi.org\/#\/schema\/person\/9f859689cdf01485597712386e37f5aa"},"breadcrumb":{"@id":"https:\/\/kuzeyinsesi.org\/index.php\/2024\/07\/16\/folklorama-muzikali-20-temmuz-kutlamalari-kapsaminda-persembe-aksami-sahneleniyor\/#breadcrumb"},"inLanguage":"tr","potentialAction":[{"@type":"ReadAction","target":["https:\/\/kuzeyinsesi.org\/index.php\/2024\/07\/16\/folklorama-muzikali-20-temmuz-kutlamalari-kapsaminda-persembe-aksami-sahneleniyor\/"]}]},{"@type":"ImageObject","inLanguage":"tr","@id":"https:\/\/kuzeyinsesi.org\/index.php\/2024\/07\/16\/folklorama-muzikali-20-temmuz-kutlamalari-kapsaminda-persembe-aksami-sahneleniyor\/#primaryimage","url":"https:\/\/kuzeyinsesi.org\/wp-content\/uploads\/2024\/07\/folklorama-muzikali2-scaled.jpg","contentUrl":"https:\/\/kuzeyinsesi.org\/wp-content\/uploads\/2024\/07\/folklorama-muzikali2-scaled.jpg","width":2560,"height":1586},{"@type":"BreadcrumbList","@id":"https:\/\/kuzeyinsesi.org\/index.php\/2024\/07\/16\/folklorama-muzikali-20-temmuz-kutlamalari-kapsaminda-persembe-aksami-sahneleniyor\/#breadcrumb","itemListElement":[{"@type":"ListItem","position":1,"name":"Anasayfa","item":"https:\/\/kuzeyinsesi.org\/"},{"@type":"ListItem","position":2,"name":"\u201cFolklorama\u201d m\u00fczikali 20 Temmuz kutlamalar\u0131 kapsam\u0131nda per\u015fembe ak\u015fam\u0131 sahneleniyor"}]},{"@type":"WebSite","@id":"https:\/\/kuzeyinsesi.org\/#website","url":"https:\/\/kuzeyinsesi.org\/","name":"Kuzeyin Sesi","description":"Do\u011fru Haberin Adresi","potentialAction":[{"@type":"SearchAction","target":{"@type":"EntryPoint","urlTemplate":"https:\/\/kuzeyinsesi.org\/?s={search_term_string}"},"query-input":{"@type":"PropertyValueSpecification","valueRequired":true,"valueName":"search_term_string"}}],"inLanguage":"tr"},{"@type":"Person","@id":"https:\/\/kuzeyinsesi.org\/#\/schema\/person\/9f859689cdf01485597712386e37f5aa","name":"Kuzeyin Sesi","image":{"@type":"ImageObject","inLanguage":"tr","@id":"https:\/\/secure.gravatar.com\/avatar\/bab33852abfd8b282518d6ed81826833d77c3c882d9ab608add591ccace47a44?s=96&d=mm&r=g","url":"https:\/\/secure.gravatar.com\/avatar\/bab33852abfd8b282518d6ed81826833d77c3c882d9ab608add591ccace47a44?s=96&d=mm&r=g","contentUrl":"https:\/\/secure.gravatar.com\/avatar\/bab33852abfd8b282518d6ed81826833d77c3c882d9ab608add591ccace47a44?s=96&d=mm&r=g","caption":"Kuzeyin Sesi"},"sameAs":["https:\/\/kuzeyinsesi.org"],"url":"https:\/\/kuzeyinsesi.org\/index.php\/author\/guven\/"}]}},"_links":{"self":[{"href":"https:\/\/kuzeyinsesi.org\/index.php\/wp-json\/wp\/v2\/posts\/6440","targetHints":{"allow":["GET"]}}],"collection":[{"href":"https:\/\/kuzeyinsesi.org\/index.php\/wp-json\/wp\/v2\/posts"}],"about":[{"href":"https:\/\/kuzeyinsesi.org\/index.php\/wp-json\/wp\/v2\/types\/post"}],"author":[{"embeddable":true,"href":"https:\/\/kuzeyinsesi.org\/index.php\/wp-json\/wp\/v2\/users\/1"}],"replies":[{"embeddable":true,"href":"https:\/\/kuzeyinsesi.org\/index.php\/wp-json\/wp\/v2\/comments?post=6440"}],"version-history":[{"count":0,"href":"https:\/\/kuzeyinsesi.org\/index.php\/wp-json\/wp\/v2\/posts\/6440\/revisions"}],"wp:featuredmedia":[{"embeddable":true,"href":"https:\/\/kuzeyinsesi.org\/index.php\/wp-json\/wp\/v2\/media\/6441"}],"wp:attachment":[{"href":"https:\/\/kuzeyinsesi.org\/index.php\/wp-json\/wp\/v2\/media?parent=6440"}],"wp:term":[{"taxonomy":"category","embeddable":true,"href":"https:\/\/kuzeyinsesi.org\/index.php\/wp-json\/wp\/v2\/categories?post=6440"},{"taxonomy":"post_tag","embeddable":true,"href":"https:\/\/kuzeyinsesi.org\/index.php\/wp-json\/wp\/v2\/tags?post=6440"}],"curies":[{"name":"wp","href":"https:\/\/api.w.org\/{rel}","templated":true}]}}