{"id":6420,"date":"2024-07-15T20:33:53","date_gmt":"2024-07-15T17:33:53","guid":{"rendered":"https:\/\/kuzeyinsesi.org\/index.php\/2024\/07\/15\/dau-yayinevinden-gazimagusa-belediyesi-sonay-adem-kutuphanesi-ve-magusa-kent-muzesi-dernegine-hediye\/"},"modified":"2024-07-15T20:33:53","modified_gmt":"2024-07-15T17:33:53","slug":"dau-yayinevinden-gazimagusa-belediyesi-sonay-adem-kutuphanesi-ve-magusa-kent-muzesi-dernegine-hediye","status":"publish","type":"post","link":"https:\/\/kuzeyinsesi.org\/index.php\/2024\/07\/15\/dau-yayinevinden-gazimagusa-belediyesi-sonay-adem-kutuphanesi-ve-magusa-kent-muzesi-dernegine-hediye\/","title":{"rendered":"DA\u00dc Yay\u0131nevi\u2019nden Gazima\u011fusa Belediyesi Sonay Adem K\u00fct\u00fcphanesi ve Ma\u011fusa Kent M\u00fczesi Derne\u011fi\u2019ne hediye"},"content":{"rendered":"<div>\n<div class=\"mariselle-image-container center\">\n                                            <\/div>\n<p>\nDA\u00dc Yay\u0131nevi Y\u00f6netim Kurulu, DA\u00dc Yay\u0131nlar\u0131\u2019ndan bir se\u00e7kiyi, Gazima\u011fusa Belediyesi Sonay Adem K\u00fct\u00fcphanesi\u2019ne ve Ma\u011fusa Kent M\u00fczesi Derne\u011fi\u2019ne hediye etti.<\/p>\n<p>DA\u00fc Halkla \u0130li\u015fkiler ve Medya M\u00fcd\u00fcrl\u00fc\u011f\u00fc\u2019nden yap\u0131lan a\u00e7\u0131klamaya g\u00f6re, DA\u00dc Yay\u0131nevi Y\u00f6netim Kurulu Ba\u015fkan\u0131 Prof. Dr. \u015eebnem Ho\u015fkara ve Y\u00f6netim Kurulu \u00dcyeleri Do\u00e7. Dr. Ceren Gezer ile Dr. Erkan Ark\u0131n, Gazima\u011fusa Belediyesi Sonay Adem K\u00fct\u00fcphanesi ve Ma\u011fusa Kent M\u00fczesi Derne\u011fi\u2019ni ziyaret ederek, DA\u00dc Yay\u0131nlar\u0131\u2019ndan bir se\u00e7kiyi hediye etti.<\/p>\n<\/p><\/div>\n<p><script async\n                    defer\n                    crossorigin=\"anonymous\"\n                    src=\"https:\/\/connect.facebook.net\/tr_TR\/sdk.js#xfbml=1&#038;version=v3.3\"\n            ><\/script><\/p>\n","protected":false},"excerpt":{"rendered":"<p>DA\u00dc Yay\u0131nevi Y\u00f6netim Kurulu, DA\u00dc Yay\u0131nlar\u0131\u2019ndan bir se\u00e7kiyi, Gazima\u011fusa Belediyesi Sonay Adem K\u00fct\u00fcphanesi\u2019ne ve Ma\u011fusa Kent M\u00fczesi Derne\u011fi\u2019ne hediye etti. DA\u00fc Halkla \u0130li\u015fkiler ve Medya M\u00fcd\u00fcrl\u00fc\u011f\u00fc\u2019nden yap\u0131lan a\u00e7\u0131klamaya g\u00f6re, DA\u00dc Yay\u0131nevi Y\u00f6netim Kurulu Ba\u015fkan\u0131 Prof. Dr. \u015eebnem Ho\u015fkara ve Y\u00f6netim Kurulu \u00dcyeleri Do\u00e7. Dr. Ceren Gezer ile Dr. Erkan Ark\u0131n, Gazima\u011fusa Belediyesi Sonay Adem K\u00fct\u00fcphanesi [&hellip;]<\/p>\n","protected":false},"author":1,"featured_media":6421,"comment_status":"open","ping_status":"open","sticky":false,"template":"","format":"standard","meta":{"jnews-multi-image_gallery":[],"jnews_single_post":[],"jnews_primary_category":[],"jnews_social_meta":[],"jnews_override_counter":[],"footnotes":""},"categories":[6],"tags":[],"class_list":["post-6420","post","type-post","status-publish","format-standard","has-post-thumbnail","hentry","category-yasam"],"yoast_head":"<!-- This site is optimized with the Yoast SEO plugin v27.5 - https:\/\/yoast.com\/product\/yoast-seo-wordpress\/ -->\n<title>DA\u00dc Yay\u0131nevi\u2019nden Gazima\u011fusa Belediyesi Sonay Adem K\u00fct\u00fcphanesi ve Ma\u011fusa Kent M\u00fczesi Derne\u011fi\u2019ne hediye - Kuzeyin Sesi<\/title>\n<meta name=\"robots\" content=\"index, follow, max-snippet:-1, max-image-preview:large, max-video-preview:-1\" \/>\n<link rel=\"canonical\" href=\"https:\/\/kuzeyinsesi.org\/index.php\/2024\/07\/15\/dau-yayinevinden-gazimagusa-belediyesi-sonay-adem-kutuphanesi-ve-magusa-kent-muzesi-dernegine-hediye\/\" \/>\n<meta property=\"og:locale\" content=\"tr_TR\" \/>\n<meta property=\"og:type\" content=\"article\" \/>\n<meta property=\"og:title\" content=\"DA\u00dc Yay\u0131nevi\u2019nden Gazima\u011fusa Belediyesi Sonay Adem K\u00fct\u00fcphanesi ve Ma\u011fusa Kent M\u00fczesi Derne\u011fi\u2019ne hediye - Kuzeyin Sesi\" \/>\n<meta property=\"og:description\" content=\"DA\u00dc Yay\u0131nevi Y\u00f6netim Kurulu, DA\u00dc Yay\u0131nlar\u0131\u2019ndan bir se\u00e7kiyi, Gazima\u011fusa Belediyesi Sonay Adem K\u00fct\u00fcphanesi\u2019ne ve Ma\u011fusa Kent M\u00fczesi Derne\u011fi\u2019ne hediye etti. DA\u00fc Halkla \u0130li\u015fkiler ve Medya M\u00fcd\u00fcrl\u00fc\u011f\u00fc\u2019nden yap\u0131lan a\u00e7\u0131klamaya g\u00f6re, DA\u00dc Yay\u0131nevi Y\u00f6netim Kurulu Ba\u015fkan\u0131 Prof. Dr. \u015eebnem Ho\u015fkara ve Y\u00f6netim Kurulu \u00dcyeleri Do\u00e7. Dr. Ceren Gezer ile Dr. Erkan Ark\u0131n, Gazima\u011fusa Belediyesi Sonay Adem K\u00fct\u00fcphanesi [&hellip;]\" \/>\n<meta property=\"og:url\" content=\"https:\/\/kuzeyinsesi.org\/index.php\/2024\/07\/15\/dau-yayinevinden-gazimagusa-belediyesi-sonay-adem-kutuphanesi-ve-magusa-kent-muzesi-dernegine-hediye\/\" \/>\n<meta property=\"og:site_name\" content=\"Kuzeyin Sesi\" \/>\n<meta property=\"article:publisher\" content=\"https:\/\/www.facebook.com\/kuzeyinsesii\" \/>\n<meta property=\"article:published_time\" content=\"2024-07-15T17:33:53+00:00\" \/>\n<meta property=\"og:image\" content=\"https:\/\/brtk.net\/wp-content\/uploads\/2024\/07\/15\/dau-yayinevi-1-.jpg?ver=c2711d37e1c3d2a9673a99a99da1f8a8\" \/>\n<meta name=\"author\" content=\"Kuzeyin Sesi\" \/>\n<meta name=\"twitter:card\" content=\"summary_large_image\" \/>\n<meta name=\"twitter:creator\" content=\"@kuzeyinsesii\" \/>\n<meta name=\"twitter:site\" content=\"@kuzeyinsesii\" \/>\n<meta name=\"twitter:label1\" content=\"Yazan:\" \/>\n\t<meta name=\"twitter:data1\" content=\"Kuzeyin Sesi\" \/>\n\t<meta name=\"twitter:label2\" content=\"Tahmini okuma s\u00fcresi\" \/>\n\t<meta name=\"twitter:data2\" content=\"1 dakika\" \/>\n<script type=\"application\/ld+json\" class=\"yoast-schema-graph\">{\"@context\":\"https:\\\/\\\/schema.org\",\"@graph\":[{\"@type\":\"Article\",\"@id\":\"https:\\\/\\\/kuzeyinsesi.org\\\/index.php\\\/2024\\\/07\\\/15\\\/dau-yayinevinden-gazimagusa-belediyesi-sonay-adem-kutuphanesi-ve-magusa-kent-muzesi-dernegine-hediye\\\/#article\",\"isPartOf\":{\"@id\":\"https:\\\/\\\/kuzeyinsesi.org\\\/index.php\\\/2024\\\/07\\\/15\\\/dau-yayinevinden-gazimagusa-belediyesi-sonay-adem-kutuphanesi-ve-magusa-kent-muzesi-dernegine-hediye\\\/\"},\"author\":{\"name\":\"Kuzeyin Sesi\",\"@id\":\"https:\\\/\\\/kuzeyinsesi.org\\\/#\\\/schema\\\/person\\\/9f859689cdf01485597712386e37f5aa\"},\"headline\":\"DA\u00dc Yay\u0131nevi\u2019nden Gazima\u011fusa Belediyesi Sonay Adem K\u00fct\u00fcphanesi ve Ma\u011fusa Kent M\u00fczesi Derne\u011fi\u2019ne hediye\",\"datePublished\":\"2024-07-15T17:33:53+00:00\",\"mainEntityOfPage\":{\"@id\":\"https:\\\/\\\/kuzeyinsesi.org\\\/index.php\\\/2024\\\/07\\\/15\\\/dau-yayinevinden-gazimagusa-belediyesi-sonay-adem-kutuphanesi-ve-magusa-kent-muzesi-dernegine-hediye\\\/\"},\"wordCount\":126,\"commentCount\":0,\"image\":{\"@id\":\"https:\\\/\\\/kuzeyinsesi.org\\\/index.php\\\/2024\\\/07\\\/15\\\/dau-yayinevinden-gazimagusa-belediyesi-sonay-adem-kutuphanesi-ve-magusa-kent-muzesi-dernegine-hediye\\\/#primaryimage\"},\"thumbnailUrl\":\"https:\\\/\\\/kuzeyinsesi.org\\\/wp-content\\\/uploads\\\/2024\\\/07\\\/dau-yayinevi-1-.jpg\",\"articleSection\":[\"Ya\u015fam\"],\"inLanguage\":\"tr\",\"potentialAction\":[{\"@type\":\"CommentAction\",\"name\":\"Comment\",\"target\":[\"https:\\\/\\\/kuzeyinsesi.org\\\/index.php\\\/2024\\\/07\\\/15\\\/dau-yayinevinden-gazimagusa-belediyesi-sonay-adem-kutuphanesi-ve-magusa-kent-muzesi-dernegine-hediye\\\/#respond\"]}]},{\"@type\":\"WebPage\",\"@id\":\"https:\\\/\\\/kuzeyinsesi.org\\\/index.php\\\/2024\\\/07\\\/15\\\/dau-yayinevinden-gazimagusa-belediyesi-sonay-adem-kutuphanesi-ve-magusa-kent-muzesi-dernegine-hediye\\\/\",\"url\":\"https:\\\/\\\/kuzeyinsesi.org\\\/index.php\\\/2024\\\/07\\\/15\\\/dau-yayinevinden-gazimagusa-belediyesi-sonay-adem-kutuphanesi-ve-magusa-kent-muzesi-dernegine-hediye\\\/\",\"name\":\"DA\u00dc Yay\u0131nevi\u2019nden Gazima\u011fusa Belediyesi Sonay Adem K\u00fct\u00fcphanesi ve Ma\u011fusa Kent M\u00fczesi Derne\u011fi\u2019ne hediye - Kuzeyin Sesi\",\"isPartOf\":{\"@id\":\"https:\\\/\\\/kuzeyinsesi.org\\\/#website\"},\"primaryImageOfPage\":{\"@id\":\"https:\\\/\\\/kuzeyinsesi.org\\\/index.php\\\/2024\\\/07\\\/15\\\/dau-yayinevinden-gazimagusa-belediyesi-sonay-adem-kutuphanesi-ve-magusa-kent-muzesi-dernegine-hediye\\\/#primaryimage\"},\"image\":{\"@id\":\"https:\\\/\\\/kuzeyinsesi.org\\\/index.php\\\/2024\\\/07\\\/15\\\/dau-yayinevinden-gazimagusa-belediyesi-sonay-adem-kutuphanesi-ve-magusa-kent-muzesi-dernegine-hediye\\\/#primaryimage\"},\"thumbnailUrl\":\"https:\\\/\\\/kuzeyinsesi.org\\\/wp-content\\\/uploads\\\/2024\\\/07\\\/dau-yayinevi-1-.jpg\",\"datePublished\":\"2024-07-15T17:33:53+00:00\",\"author\":{\"@id\":\"https:\\\/\\\/kuzeyinsesi.org\\\/#\\\/schema\\\/person\\\/9f859689cdf01485597712386e37f5aa\"},\"breadcrumb\":{\"@id\":\"https:\\\/\\\/kuzeyinsesi.org\\\/index.php\\\/2024\\\/07\\\/15\\\/dau-yayinevinden-gazimagusa-belediyesi-sonay-adem-kutuphanesi-ve-magusa-kent-muzesi-dernegine-hediye\\\/#breadcrumb\"},\"inLanguage\":\"tr\",\"potentialAction\":[{\"@type\":\"ReadAction\",\"target\":[\"https:\\\/\\\/kuzeyinsesi.org\\\/index.php\\\/2024\\\/07\\\/15\\\/dau-yayinevinden-gazimagusa-belediyesi-sonay-adem-kutuphanesi-ve-magusa-kent-muzesi-dernegine-hediye\\\/\"]}]},{\"@type\":\"ImageObject\",\"inLanguage\":\"tr\",\"@id\":\"https:\\\/\\\/kuzeyinsesi.org\\\/index.php\\\/2024\\\/07\\\/15\\\/dau-yayinevinden-gazimagusa-belediyesi-sonay-adem-kutuphanesi-ve-magusa-kent-muzesi-dernegine-hediye\\\/#primaryimage\",\"url\":\"https:\\\/\\\/kuzeyinsesi.org\\\/wp-content\\\/uploads\\\/2024\\\/07\\\/dau-yayinevi-1-.jpg\",\"contentUrl\":\"https:\\\/\\\/kuzeyinsesi.org\\\/wp-content\\\/uploads\\\/2024\\\/07\\\/dau-yayinevi-1-.jpg\",\"width\":1024,\"height\":769},{\"@type\":\"BreadcrumbList\",\"@id\":\"https:\\\/\\\/kuzeyinsesi.org\\\/index.php\\\/2024\\\/07\\\/15\\\/dau-yayinevinden-gazimagusa-belediyesi-sonay-adem-kutuphanesi-ve-magusa-kent-muzesi-dernegine-hediye\\\/#breadcrumb\",\"itemListElement\":[{\"@type\":\"ListItem\",\"position\":1,\"name\":\"Anasayfa\",\"item\":\"https:\\\/\\\/kuzeyinsesi.org\\\/\"},{\"@type\":\"ListItem\",\"position\":2,\"name\":\"DA\u00dc Yay\u0131nevi\u2019nden Gazima\u011fusa Belediyesi Sonay Adem K\u00fct\u00fcphanesi ve Ma\u011fusa Kent M\u00fczesi Derne\u011fi\u2019ne hediye\"}]},{\"@type\":\"WebSite\",\"@id\":\"https:\\\/\\\/kuzeyinsesi.org\\\/#website\",\"url\":\"https:\\\/\\\/kuzeyinsesi.org\\\/\",\"name\":\"Kuzeyin Sesi\",\"description\":\"Do\u011fru Haberin Adresi\",\"potentialAction\":[{\"@type\":\"SearchAction\",\"target\":{\"@type\":\"EntryPoint\",\"urlTemplate\":\"https:\\\/\\\/kuzeyinsesi.org\\\/?s={search_term_string}\"},\"query-input\":{\"@type\":\"PropertyValueSpecification\",\"valueRequired\":true,\"valueName\":\"search_term_string\"}}],\"inLanguage\":\"tr\"},{\"@type\":\"Person\",\"@id\":\"https:\\\/\\\/kuzeyinsesi.org\\\/#\\\/schema\\\/person\\\/9f859689cdf01485597712386e37f5aa\",\"name\":\"Kuzeyin Sesi\",\"image\":{\"@type\":\"ImageObject\",\"inLanguage\":\"tr\",\"@id\":\"https:\\\/\\\/secure.gravatar.com\\\/avatar\\\/bab33852abfd8b282518d6ed81826833d77c3c882d9ab608add591ccace47a44?s=96&d=mm&r=g\",\"url\":\"https:\\\/\\\/secure.gravatar.com\\\/avatar\\\/bab33852abfd8b282518d6ed81826833d77c3c882d9ab608add591ccace47a44?s=96&d=mm&r=g\",\"contentUrl\":\"https:\\\/\\\/secure.gravatar.com\\\/avatar\\\/bab33852abfd8b282518d6ed81826833d77c3c882d9ab608add591ccace47a44?s=96&d=mm&r=g\",\"caption\":\"Kuzeyin Sesi\"},\"sameAs\":[\"https:\\\/\\\/kuzeyinsesi.org\"],\"url\":\"https:\\\/\\\/kuzeyinsesi.org\\\/index.php\\\/author\\\/guven\\\/\"}]}<\/script>\n<!-- \/ Yoast SEO plugin. -->","yoast_head_json":{"title":"DA\u00dc Yay\u0131nevi\u2019nden Gazima\u011fusa Belediyesi Sonay Adem K\u00fct\u00fcphanesi ve Ma\u011fusa Kent M\u00fczesi Derne\u011fi\u2019ne hediye - Kuzeyin Sesi","robots":{"index":"index","follow":"follow","max-snippet":"max-snippet:-1","max-image-preview":"max-image-preview:large","max-video-preview":"max-video-preview:-1"},"canonical":"https:\/\/kuzeyinsesi.org\/index.php\/2024\/07\/15\/dau-yayinevinden-gazimagusa-belediyesi-sonay-adem-kutuphanesi-ve-magusa-kent-muzesi-dernegine-hediye\/","og_locale":"tr_TR","og_type":"article","og_title":"DA\u00dc Yay\u0131nevi\u2019nden Gazima\u011fusa Belediyesi Sonay Adem K\u00fct\u00fcphanesi ve Ma\u011fusa Kent M\u00fczesi Derne\u011fi\u2019ne hediye - Kuzeyin Sesi","og_description":"DA\u00dc Yay\u0131nevi Y\u00f6netim Kurulu, DA\u00dc Yay\u0131nlar\u0131\u2019ndan bir se\u00e7kiyi, Gazima\u011fusa Belediyesi Sonay Adem K\u00fct\u00fcphanesi\u2019ne ve Ma\u011fusa Kent M\u00fczesi Derne\u011fi\u2019ne hediye etti. DA\u00fc Halkla \u0130li\u015fkiler ve Medya M\u00fcd\u00fcrl\u00fc\u011f\u00fc\u2019nden yap\u0131lan a\u00e7\u0131klamaya g\u00f6re, DA\u00dc Yay\u0131nevi Y\u00f6netim Kurulu Ba\u015fkan\u0131 Prof. Dr. \u015eebnem Ho\u015fkara ve Y\u00f6netim Kurulu \u00dcyeleri Do\u00e7. Dr. Ceren Gezer ile Dr. Erkan Ark\u0131n, Gazima\u011fusa Belediyesi Sonay Adem K\u00fct\u00fcphanesi [&hellip;]","og_url":"https:\/\/kuzeyinsesi.org\/index.php\/2024\/07\/15\/dau-yayinevinden-gazimagusa-belediyesi-sonay-adem-kutuphanesi-ve-magusa-kent-muzesi-dernegine-hediye\/","og_site_name":"Kuzeyin Sesi","article_publisher":"https:\/\/www.facebook.com\/kuzeyinsesii","article_published_time":"2024-07-15T17:33:53+00:00","og_image":[{"url":"https:\/\/brtk.net\/wp-content\/uploads\/2024\/07\/15\/dau-yayinevi-1-.jpg?ver=c2711d37e1c3d2a9673a99a99da1f8a8","type":"","width":"","height":""}],"author":"Kuzeyin Sesi","twitter_card":"summary_large_image","twitter_creator":"@kuzeyinsesii","twitter_site":"@kuzeyinsesii","twitter_misc":{"Yazan:":"Kuzeyin Sesi","Tahmini okuma s\u00fcresi":"1 dakika"},"schema":{"@context":"https:\/\/schema.org","@graph":[{"@type":"Article","@id":"https:\/\/kuzeyinsesi.org\/index.php\/2024\/07\/15\/dau-yayinevinden-gazimagusa-belediyesi-sonay-adem-kutuphanesi-ve-magusa-kent-muzesi-dernegine-hediye\/#article","isPartOf":{"@id":"https:\/\/kuzeyinsesi.org\/index.php\/2024\/07\/15\/dau-yayinevinden-gazimagusa-belediyesi-sonay-adem-kutuphanesi-ve-magusa-kent-muzesi-dernegine-hediye\/"},"author":{"name":"Kuzeyin Sesi","@id":"https:\/\/kuzeyinsesi.org\/#\/schema\/person\/9f859689cdf01485597712386e37f5aa"},"headline":"DA\u00dc Yay\u0131nevi\u2019nden Gazima\u011fusa Belediyesi Sonay Adem K\u00fct\u00fcphanesi ve Ma\u011fusa Kent M\u00fczesi Derne\u011fi\u2019ne hediye","datePublished":"2024-07-15T17:33:53+00:00","mainEntityOfPage":{"@id":"https:\/\/kuzeyinsesi.org\/index.php\/2024\/07\/15\/dau-yayinevinden-gazimagusa-belediyesi-sonay-adem-kutuphanesi-ve-magusa-kent-muzesi-dernegine-hediye\/"},"wordCount":126,"commentCount":0,"image":{"@id":"https:\/\/kuzeyinsesi.org\/index.php\/2024\/07\/15\/dau-yayinevinden-gazimagusa-belediyesi-sonay-adem-kutuphanesi-ve-magusa-kent-muzesi-dernegine-hediye\/#primaryimage"},"thumbnailUrl":"https:\/\/kuzeyinsesi.org\/wp-content\/uploads\/2024\/07\/dau-yayinevi-1-.jpg","articleSection":["Ya\u015fam"],"inLanguage":"tr","potentialAction":[{"@type":"CommentAction","name":"Comment","target":["https:\/\/kuzeyinsesi.org\/index.php\/2024\/07\/15\/dau-yayinevinden-gazimagusa-belediyesi-sonay-adem-kutuphanesi-ve-magusa-kent-muzesi-dernegine-hediye\/#respond"]}]},{"@type":"WebPage","@id":"https:\/\/kuzeyinsesi.org\/index.php\/2024\/07\/15\/dau-yayinevinden-gazimagusa-belediyesi-sonay-adem-kutuphanesi-ve-magusa-kent-muzesi-dernegine-hediye\/","url":"https:\/\/kuzeyinsesi.org\/index.php\/2024\/07\/15\/dau-yayinevinden-gazimagusa-belediyesi-sonay-adem-kutuphanesi-ve-magusa-kent-muzesi-dernegine-hediye\/","name":"DA\u00dc Yay\u0131nevi\u2019nden Gazima\u011fusa Belediyesi Sonay Adem K\u00fct\u00fcphanesi ve Ma\u011fusa Kent M\u00fczesi Derne\u011fi\u2019ne hediye - Kuzeyin Sesi","isPartOf":{"@id":"https:\/\/kuzeyinsesi.org\/#website"},"primaryImageOfPage":{"@id":"https:\/\/kuzeyinsesi.org\/index.php\/2024\/07\/15\/dau-yayinevinden-gazimagusa-belediyesi-sonay-adem-kutuphanesi-ve-magusa-kent-muzesi-dernegine-hediye\/#primaryimage"},"image":{"@id":"https:\/\/kuzeyinsesi.org\/index.php\/2024\/07\/15\/dau-yayinevinden-gazimagusa-belediyesi-sonay-adem-kutuphanesi-ve-magusa-kent-muzesi-dernegine-hediye\/#primaryimage"},"thumbnailUrl":"https:\/\/kuzeyinsesi.org\/wp-content\/uploads\/2024\/07\/dau-yayinevi-1-.jpg","datePublished":"2024-07-15T17:33:53+00:00","author":{"@id":"https:\/\/kuzeyinsesi.org\/#\/schema\/person\/9f859689cdf01485597712386e37f5aa"},"breadcrumb":{"@id":"https:\/\/kuzeyinsesi.org\/index.php\/2024\/07\/15\/dau-yayinevinden-gazimagusa-belediyesi-sonay-adem-kutuphanesi-ve-magusa-kent-muzesi-dernegine-hediye\/#breadcrumb"},"inLanguage":"tr","potentialAction":[{"@type":"ReadAction","target":["https:\/\/kuzeyinsesi.org\/index.php\/2024\/07\/15\/dau-yayinevinden-gazimagusa-belediyesi-sonay-adem-kutuphanesi-ve-magusa-kent-muzesi-dernegine-hediye\/"]}]},{"@type":"ImageObject","inLanguage":"tr","@id":"https:\/\/kuzeyinsesi.org\/index.php\/2024\/07\/15\/dau-yayinevinden-gazimagusa-belediyesi-sonay-adem-kutuphanesi-ve-magusa-kent-muzesi-dernegine-hediye\/#primaryimage","url":"https:\/\/kuzeyinsesi.org\/wp-content\/uploads\/2024\/07\/dau-yayinevi-1-.jpg","contentUrl":"https:\/\/kuzeyinsesi.org\/wp-content\/uploads\/2024\/07\/dau-yayinevi-1-.jpg","width":1024,"height":769},{"@type":"BreadcrumbList","@id":"https:\/\/kuzeyinsesi.org\/index.php\/2024\/07\/15\/dau-yayinevinden-gazimagusa-belediyesi-sonay-adem-kutuphanesi-ve-magusa-kent-muzesi-dernegine-hediye\/#breadcrumb","itemListElement":[{"@type":"ListItem","position":1,"name":"Anasayfa","item":"https:\/\/kuzeyinsesi.org\/"},{"@type":"ListItem","position":2,"name":"DA\u00dc Yay\u0131nevi\u2019nden Gazima\u011fusa Belediyesi Sonay Adem K\u00fct\u00fcphanesi ve Ma\u011fusa Kent M\u00fczesi Derne\u011fi\u2019ne hediye"}]},{"@type":"WebSite","@id":"https:\/\/kuzeyinsesi.org\/#website","url":"https:\/\/kuzeyinsesi.org\/","name":"Kuzeyin Sesi","description":"Do\u011fru Haberin Adresi","potentialAction":[{"@type":"SearchAction","target":{"@type":"EntryPoint","urlTemplate":"https:\/\/kuzeyinsesi.org\/?s={search_term_string}"},"query-input":{"@type":"PropertyValueSpecification","valueRequired":true,"valueName":"search_term_string"}}],"inLanguage":"tr"},{"@type":"Person","@id":"https:\/\/kuzeyinsesi.org\/#\/schema\/person\/9f859689cdf01485597712386e37f5aa","name":"Kuzeyin Sesi","image":{"@type":"ImageObject","inLanguage":"tr","@id":"https:\/\/secure.gravatar.com\/avatar\/bab33852abfd8b282518d6ed81826833d77c3c882d9ab608add591ccace47a44?s=96&d=mm&r=g","url":"https:\/\/secure.gravatar.com\/avatar\/bab33852abfd8b282518d6ed81826833d77c3c882d9ab608add591ccace47a44?s=96&d=mm&r=g","contentUrl":"https:\/\/secure.gravatar.com\/avatar\/bab33852abfd8b282518d6ed81826833d77c3c882d9ab608add591ccace47a44?s=96&d=mm&r=g","caption":"Kuzeyin Sesi"},"sameAs":["https:\/\/kuzeyinsesi.org"],"url":"https:\/\/kuzeyinsesi.org\/index.php\/author\/guven\/"}]}},"_links":{"self":[{"href":"https:\/\/kuzeyinsesi.org\/index.php\/wp-json\/wp\/v2\/posts\/6420","targetHints":{"allow":["GET"]}}],"collection":[{"href":"https:\/\/kuzeyinsesi.org\/index.php\/wp-json\/wp\/v2\/posts"}],"about":[{"href":"https:\/\/kuzeyinsesi.org\/index.php\/wp-json\/wp\/v2\/types\/post"}],"author":[{"embeddable":true,"href":"https:\/\/kuzeyinsesi.org\/index.php\/wp-json\/wp\/v2\/users\/1"}],"replies":[{"embeddable":true,"href":"https:\/\/kuzeyinsesi.org\/index.php\/wp-json\/wp\/v2\/comments?post=6420"}],"version-history":[{"count":0,"href":"https:\/\/kuzeyinsesi.org\/index.php\/wp-json\/wp\/v2\/posts\/6420\/revisions"}],"wp:featuredmedia":[{"embeddable":true,"href":"https:\/\/kuzeyinsesi.org\/index.php\/wp-json\/wp\/v2\/media\/6421"}],"wp:attachment":[{"href":"https:\/\/kuzeyinsesi.org\/index.php\/wp-json\/wp\/v2\/media?parent=6420"}],"wp:term":[{"taxonomy":"category","embeddable":true,"href":"https:\/\/kuzeyinsesi.org\/index.php\/wp-json\/wp\/v2\/categories?post=6420"},{"taxonomy":"post_tag","embeddable":true,"href":"https:\/\/kuzeyinsesi.org\/index.php\/wp-json\/wp\/v2\/tags?post=6420"}],"curies":[{"name":"wp","href":"https:\/\/api.w.org\/{rel}","templated":true}]}}